{"id":215658,"date":"2024-08-05T18:45:00","date_gmt":"2024-08-05T18:45:00","guid":{"rendered":"https:\/\/www.webdo.tn\/fr\/blog\/l-ugtt-se-prononcera-bientot-sur-les-elections-presidentielles-annonce-taboubi\/215658\/"},"modified":"2024-08-05T18:45:00","modified_gmt":"2024-08-05T18:45:00","slug":"l-ugtt-se-prononcera-bientot-sur-les-elections-presidentielles-annonce-taboubi","status":"publish","type":"post","link":"https:\/\/www.webdo.tn\/fr\/actualite\/national\/l-ugtt-se-prononcera-bientot-sur-les-elections-presidentielles-annonce-taboubi\/215658\/","title":{"rendered":"L&rsquo;UGTT se prononcera bient\u00f4t sur les \u00e9lections pr\u00e9sidentielles, annonce Taboubi"},"content":{"rendered":"<p>\u00c0 l&rsquo;approche des \u00e9lections pr\u00e9sidentielles tunisiennes, l&rsquo;UGTT s&rsquo;appr\u00eate \u00e0 d\u00e9finir sa position. Son secr\u00e9taire g\u00e9n\u00e9ral, Noureddine Taboubi, annonce que le Conseil National de l&rsquo;Union se r\u00e9unira prochainement pour d\u00e9terminer la stance de l&rsquo;organisation.<\/p>\n<p>Le Secr\u00e9taire G\u00e9n\u00e9ral de l&rsquo;Union G\u00e9n\u00e9rale Tunisienne du Travail (UGTT), Noureddine Taboubi, a d\u00e9clar\u00e9 que \u00ab\u00a0le Conseil National de l&rsquo;Union, qui se tiendra les 5, 6 et 7 septembre prochain, d\u00e9terminera la position de l&rsquo;organisation ouvri\u00e8re concernant les prochaines \u00e9lections pr\u00e9sidentielles en tant que deuxi\u00e8me autorit\u00e9 de d\u00e9cision au sein de l&rsquo;Union, il est ma\u00eetre de lui-m\u00eame\u00a0\u00bb, affirmant que ceux qui parient sur la division au sein de l&rsquo;Union se trompent, rapporte la Tap.<\/p>\n<p>Il a ajout\u00e9 dans une d\u00e9claration m\u00e9diatique lors de sa supervision, ce lundi 05-08-2024 \u00e0 Sfax, de la comm\u00e9moration du 77\u00e8me anniversaire de la bataille du 5 ao\u00fbt 1947, que le prochain Conseil National sera une \u00e9tape importante pour l&rsquo;\u00e9valuation, la rectification et la formulation des contenus pour la vision future de l&rsquo;Union mentionn\u00e9e dans les r\u00e8glements et les d\u00e9clarations \u00e9mises par les institutions de l&rsquo;organisation ouvri\u00e8re, concernant la demande d&rsquo;un dialogue social sinc\u00e8re, honn\u00eate et transparent, le droit au travail syndical, et les droits universels y compris les droits de l&rsquo;homme, la libert\u00e9 d&rsquo;expression et la libert\u00e9 d&rsquo;organisation.<\/p>\n","protected":false},"excerpt":{"rendered":"<p>Le Secr\u00e9taire G\u00e9n\u00e9ral de l&rsquo;UGTT, Noureddine Taboubi, a annonc\u00e9 que le Conseil National de l&rsquo;Union d\u00e9terminera la position de l&rsquo;organisation sur les \u00e9lections pr&#8230;<\/p>\n","protected":false},"author":3203,"featured_media":290915,"comment_status":"open","ping_status":"closed","sticky":false,"template":"","format":"standard","meta":{"footnotes":""},"categories":[44],"tags":[10053,5637,4260,2608,2649],"class_list":["post-215658","post","type-post","status-publish","format-standard","has-post-thumbnail","hentry","category-national","tag-conseil-national","tag-elections-presidentielles","tag-noureddine-taboubi","tag-tunisie","tag-ugtt"],"yoast_head":"<!-- This site is optimized with the Yoast SEO Premium plugin v27.5 (Yoast SEO v27.5) - https:\/\/yoast.com\/product\/yoast-seo-premium-wordpress\/ -->\n<title>L&#039;UGTT se prononcera bient\u00f4t sur les \u00e9lections pr\u00e9sidentielles, annonce Taboubi<\/title>\n<meta name=\"description\" content=\"Le Secr\u00e9taire G\u00e9n\u00e9ral de l&#039;UGTT, Noureddine Taboubi, a annonc\u00e9 que le Conseil National de l&#039;Union d\u00e9terminera la position de l&#039;organisation sur les \u00e9lections pr...\" \/>\n<link rel=\"canonical\" href=\"https:\/\/www.webdo.tn\/fr\/actualite\/national\/l-ugtt-se-prononcera-bientot-sur-les-elections-presidentielles-annonce-taboubi\/215658\/\" \/>\n<meta property=\"og:locale\" content=\"fr_FR\" \/>\n<meta property=\"og:type\" content=\"article\" \/>\n<meta property=\"og:title\" content=\"L&#039;UGTT se prononcera bient\u00f4t sur les \u00e9lections pr\u00e9sidentielles, annonce Taboubi\" \/>\n<meta property=\"og:description\" content=\"Le Secr\u00e9taire G\u00e9n\u00e9ral de l&#039;UGTT, Noureddine Taboubi, a annonc\u00e9 que le Conseil National de l&#039;Union d\u00e9terminera la position de l&#039;organisation sur les \u00e9lections pr...\" \/>\n<meta property=\"og:url\" content=\"https:\/\/www.webdo.tn\/fr\/actualite\/national\/l-ugtt-se-prononcera-bientot-sur-les-elections-presidentielles-annonce-taboubi\/215658\/\" \/>\n<meta property=\"og:site_name\" content=\"webdo\" \/>\n<meta property=\"article:publisher\" content=\"https:\/\/www.facebook.com\/webdotn\" \/>\n<meta property=\"article:published_time\" content=\"2024-08-05T18:45:00+00:00\" \/>\n<meta property=\"og:image\" content=\"https:\/\/www.webdo.tn\/fr\/wp-content\/uploads\/2024\/08\/0cfa9b3ae7a8431636b79b72dd516013.webp\" \/>\n\t<meta property=\"og:image:width\" content=\"750\" \/>\n\t<meta property=\"og:image:height\" content=\"400\" \/>\n\t<meta property=\"og:image:type\" content=\"image\/webp\" \/>\n<meta name=\"author\" content=\"Ramzi Haddad\" \/>\n<meta name=\"twitter:card\" content=\"summary_large_image\" \/>\n<meta name=\"twitter:creator\" content=\"@webdo_tn\" \/>\n<meta name=\"twitter:site\" content=\"@webdo_tn\" \/>\n<meta name=\"twitter:label1\" content=\"\u00c9crit par\" \/>\n\t<meta name=\"twitter:data1\" content=\"Ramzi Haddad\" \/>\n\t<meta name=\"twitter:label2\" content=\"Dur\u00e9e de lecture estim\u00e9e\" \/>\n\t<meta name=\"twitter:data2\" content=\"1 minute\" \/>\n<script type=\"application\/ld+json\" class=\"yoast-schema-graph\">{\"@context\":\"https:\\\/\\\/schema.org\",\"@graph\":[{\"@type\":\"NewsArticle\",\"@id\":\"https:\\\/\\\/www.webdo.tn\\\/fr\\\/actualite\\\/national\\\/l-ugtt-se-prononcera-bientot-sur-les-elections-presidentielles-annonce-taboubi\\\/215658\\\/#article\",\"isPartOf\":{\"@id\":\"https:\\\/\\\/www.webdo.tn\\\/fr\\\/actualite\\\/national\\\/l-ugtt-se-prononcera-bientot-sur-les-elections-presidentielles-annonce-taboubi\\\/215658\\\/\"},\"author\":{\"name\":\"Ramzi Haddad\",\"@id\":\"https:\\\/\\\/www.webdo.tn\\\/fr\\\/#\\\/schema\\\/person\\\/5663044c25eb36d8f88ba5b653f12f8c\"},\"headline\":\"L&rsquo;UGTT se prononcera bient\u00f4t sur les \u00e9lections pr\u00e9sidentielles, annonce Taboubi\",\"datePublished\":\"2024-08-05T18:45:00+00:00\",\"mainEntityOfPage\":{\"@id\":\"https:\\\/\\\/www.webdo.tn\\\/fr\\\/actualite\\\/national\\\/l-ugtt-se-prononcera-bientot-sur-les-elections-presidentielles-annonce-taboubi\\\/215658\\\/\"},\"wordCount\":260,\"commentCount\":0,\"publisher\":{\"@id\":\"https:\\\/\\\/www.webdo.tn\\\/fr\\\/#organization\"},\"image\":{\"@id\":\"https:\\\/\\\/www.webdo.tn\\\/fr\\\/actualite\\\/national\\\/l-ugtt-se-prononcera-bientot-sur-les-elections-presidentielles-annonce-taboubi\\\/215658\\\/#primaryimage\"},\"thumbnailUrl\":\"https:\\\/\\\/www.webdo.tn\\\/fr\\\/wp-content\\\/uploads\\\/2024\\\/08\\\/0cfa9b3ae7a8431636b79b72dd516013.webp\",\"keywords\":[\"'Conseil national'\",\"\u00e9lections pr\u00e9sidentielles\",\"Noureddine Taboubi\",\"Tunisie\",\"UGTT\"],\"articleSection\":[\"National\"],\"inLanguage\":\"fr-FR\"},{\"@type\":\"WebPage\",\"@id\":\"https:\\\/\\\/www.webdo.tn\\\/fr\\\/actualite\\\/national\\\/l-ugtt-se-prononcera-bientot-sur-les-elections-presidentielles-annonce-taboubi\\\/215658\\\/\",\"url\":\"https:\\\/\\\/www.webdo.tn\\\/fr\\\/actualite\\\/national\\\/l-ugtt-se-prononcera-bientot-sur-les-elections-presidentielles-annonce-taboubi\\\/215658\\\/\",\"name\":\"L'UGTT se prononcera bient\u00f4t sur les \u00e9lections pr\u00e9sidentielles, annonce Taboubi\",\"isPartOf\":{\"@id\":\"https:\\\/\\\/www.webdo.tn\\\/fr\\\/#website\"},\"primaryImageOfPage\":{\"@id\":\"https:\\\/\\\/www.webdo.tn\\\/fr\\\/actualite\\\/national\\\/l-ugtt-se-prononcera-bientot-sur-les-elections-presidentielles-annonce-taboubi\\\/215658\\\/#primaryimage\"},\"image\":{\"@id\":\"https:\\\/\\\/www.webdo.tn\\\/fr\\\/actualite\\\/national\\\/l-ugtt-se-prononcera-bientot-sur-les-elections-presidentielles-annonce-taboubi\\\/215658\\\/#primaryimage\"},\"thumbnailUrl\":\"https:\\\/\\\/www.webdo.tn\\\/fr\\\/wp-content\\\/uploads\\\/2024\\\/08\\\/0cfa9b3ae7a8431636b79b72dd516013.webp\",\"datePublished\":\"2024-08-05T18:45:00+00:00\",\"description\":\"Le Secr\u00e9taire G\u00e9n\u00e9ral de l'UGTT, Noureddine Taboubi, a annonc\u00e9 que le Conseil National de l'Union d\u00e9terminera la position de l'organisation sur les \u00e9lections pr...\",\"breadcrumb\":{\"@id\":\"https:\\\/\\\/www.webdo.tn\\\/fr\\\/actualite\\\/national\\\/l-ugtt-se-prononcera-bientot-sur-les-elections-presidentielles-annonce-taboubi\\\/215658\\\/#breadcrumb\"},\"inLanguage\":\"fr-FR\",\"potentialAction\":[{\"@type\":\"ReadAction\",\"target\":[\"https:\\\/\\\/www.webdo.tn\\\/fr\\\/actualite\\\/national\\\/l-ugtt-se-prononcera-bientot-sur-les-elections-presidentielles-annonce-taboubi\\\/215658\\\/\"]}]},{\"@type\":\"ImageObject\",\"inLanguage\":\"fr-FR\",\"@id\":\"https:\\\/\\\/www.webdo.tn\\\/fr\\\/actualite\\\/national\\\/l-ugtt-se-prononcera-bientot-sur-les-elections-presidentielles-annonce-taboubi\\\/215658\\\/#primaryimage\",\"url\":\"https:\\\/\\\/www.webdo.tn\\\/fr\\\/wp-content\\\/uploads\\\/2024\\\/08\\\/0cfa9b3ae7a8431636b79b72dd516013.webp\",\"contentUrl\":\"https:\\\/\\\/www.webdo.tn\\\/fr\\\/wp-content\\\/uploads\\\/2024\\\/08\\\/0cfa9b3ae7a8431636b79b72dd516013.webp\",\"width\":750,\"height\":400,\"caption\":\"L'UGTT se prononcera bient\u00f4t sur les \u00e9lections pr\u00e9sidentielles, annonce Taboubi\"},{\"@type\":\"BreadcrumbList\",\"@id\":\"https:\\\/\\\/www.webdo.tn\\\/fr\\\/actualite\\\/national\\\/l-ugtt-se-prononcera-bientot-sur-les-elections-presidentielles-annonce-taboubi\\\/215658\\\/#breadcrumb\",\"itemListElement\":[{\"@type\":\"ListItem\",\"position\":1,\"name\":\"Accueil\",\"item\":\"https:\\\/\\\/www.webdo.tn\\\/fr\\\/\"},{\"@type\":\"ListItem\",\"position\":2,\"name\":\"L&rsquo;UGTT se prononcera bient\u00f4t sur les \u00e9lections pr\u00e9sidentielles, annonce Taboubi\"}]},{\"@type\":\"WebSite\",\"@id\":\"https:\\\/\\\/www.webdo.tn\\\/fr\\\/#website\",\"url\":\"https:\\\/\\\/www.webdo.tn\\\/fr\\\/\",\"name\":\"webdo\",\"description\":\"Tunisie - News en Tunisie et \u00e0 l&#039;international sur Webdo.tn\",\"publisher\":{\"@id\":\"https:\\\/\\\/www.webdo.tn\\\/fr\\\/#organization\"},\"potentialAction\":[{\"@type\":\"SearchAction\",\"target\":{\"@type\":\"EntryPoint\",\"urlTemplate\":\"https:\\\/\\\/www.webdo.tn\\\/fr\\\/?s={search_term_string}\"},\"query-input\":{\"@type\":\"PropertyValueSpecification\",\"valueRequired\":true,\"valueName\":\"search_term_string\"}}],\"inLanguage\":\"fr-FR\"},{\"@type\":\"Organization\",\"@id\":\"https:\\\/\\\/www.webdo.tn\\\/fr\\\/#organization\",\"name\":\"Webdo\",\"alternateName\":\"Webdo.tn\",\"url\":\"https:\\\/\\\/www.webdo.tn\\\/fr\\\/\",\"logo\":{\"@type\":\"ImageObject\",\"inLanguage\":\"fr-FR\",\"@id\":\"https:\\\/\\\/www.webdo.tn\\\/fr\\\/#\\\/schema\\\/logo\\\/image\\\/\",\"url\":\"https:\\\/\\\/www.webdo.tn\\\/fr\\\/wp-content\\\/uploads\\\/2025\\\/06\\\/Webdo-Tunisie_168377.jpg\",\"contentUrl\":\"https:\\\/\\\/www.webdo.tn\\\/fr\\\/wp-content\\\/uploads\\\/2025\\\/06\\\/Webdo-Tunisie_168377.jpg\",\"width\":301,\"height\":301,\"caption\":\"Webdo\"},\"image\":{\"@id\":\"https:\\\/\\\/www.webdo.tn\\\/fr\\\/#\\\/schema\\\/logo\\\/image\\\/\"},\"sameAs\":[\"https:\\\/\\\/www.facebook.com\\\/webdotn\",\"https:\\\/\\\/x.com\\\/webdo_tn\"],\"description\":\"Webdo est un m\u00e9dia num\u00e9rique tunisien fond\u00e9 en 2010, sp\u00e9cialis\u00e9 dans l\u2019actualit\u00e9 nationale et internationale, l\u2019\u00e9conomie, la soci\u00e9t\u00e9 et les analyses politiques. Le site s\u2019adresse \u00e0 un large public francophone et couvre l\u2019information tunisienne en temps r\u00e9el.\",\"email\":\"redac@webdo.tn\",\"legalName\":\"YNJ SARL\",\"foundingDate\":\"2010-09-06\",\"numberOfEmployees\":{\"@type\":\"QuantitativeValue\",\"minValue\":\"11\",\"maxValue\":\"50\"}},{\"@type\":\"Person\",\"@id\":\"https:\\\/\\\/www.webdo.tn\\\/fr\\\/#\\\/schema\\\/person\\\/5663044c25eb36d8f88ba5b653f12f8c\",\"name\":\"Ramzi Haddad\",\"image\":{\"@type\":\"ImageObject\",\"inLanguage\":\"fr-FR\",\"@id\":\"https:\\\/\\\/www.webdo.tn\\\/fr\\\/wp-content\\\/uploads\\\/2026\\\/04\\\/ramzi-haddad_avatar-96x96.jpg\",\"url\":\"https:\\\/\\\/www.webdo.tn\\\/fr\\\/wp-content\\\/uploads\\\/2026\\\/04\\\/ramzi-haddad_avatar-96x96.jpg\",\"contentUrl\":\"https:\\\/\\\/www.webdo.tn\\\/fr\\\/wp-content\\\/uploads\\\/2026\\\/04\\\/ramzi-haddad_avatar-96x96.jpg\",\"caption\":\"Ramzi Haddad\"},\"description\":\"Signature \u00e9ditoriale de Walid Ben Youssef Ramzi Haddad est le pseudonyme \u00e9ditorial de Walid Ben Youssef, fondateur et g\u00e9rant de Webdo.tn. Cette signature est d\u00e9di\u00e9e \u00e0 la couverture de l'actualit\u00e9 nationale et internationale, ainsi qu'aux analyses des dynamiques num\u00e9riques. Ce profil b\u00e9n\u00e9ficie de l'expertise de Walid Ben Youssef, pionnier du web en Tunisie depuis 2000 et dipl\u00f4m\u00e9 en Math\u00e9matiques pures de l'Universit\u00e9 d'Oregon. \u00c0 travers cette signature, la r\u00e9daction de Webdo garantit une information structur\u00e9e et v\u00e9rifi\u00e9e, fid\u00e8le aux standards journalistiques du m\u00e9dia.\",\"url\":\"https:\\\/\\\/www.webdo.tn\\\/fr\\\/actualite\\\/author\\\/ramzi-haddad\\\/\"}]}<\/script>\n<!-- \/ Yoast SEO Premium plugin. -->","yoast_head_json":{"title":"L'UGTT se prononcera bient\u00f4t sur les \u00e9lections pr\u00e9sidentielles, annonce Taboubi","description":"Le Secr\u00e9taire G\u00e9n\u00e9ral de l'UGTT, Noureddine Taboubi, a annonc\u00e9 que le Conseil National de l'Union d\u00e9terminera la position de l'organisation sur les \u00e9lections pr...","canonical":"https:\/\/www.webdo.tn\/fr\/actualite\/national\/l-ugtt-se-prononcera-bientot-sur-les-elections-presidentielles-annonce-taboubi\/215658\/","og_locale":"fr_FR","og_type":"article","og_title":"L'UGTT se prononcera bient\u00f4t sur les \u00e9lections pr\u00e9sidentielles, annonce Taboubi","og_description":"Le Secr\u00e9taire G\u00e9n\u00e9ral de l'UGTT, Noureddine Taboubi, a annonc\u00e9 que le Conseil National de l'Union d\u00e9terminera la position de l'organisation sur les \u00e9lections pr...","og_url":"https:\/\/www.webdo.tn\/fr\/actualite\/national\/l-ugtt-se-prononcera-bientot-sur-les-elections-presidentielles-annonce-taboubi\/215658\/","og_site_name":"webdo","article_publisher":"https:\/\/www.facebook.com\/webdotn","article_published_time":"2024-08-05T18:45:00+00:00","og_image":[{"width":750,"height":400,"url":"https:\/\/www.webdo.tn\/fr\/wp-content\/uploads\/2024\/08\/0cfa9b3ae7a8431636b79b72dd516013.webp","type":"image\/webp"}],"author":"Ramzi Haddad","twitter_card":"summary_large_image","twitter_creator":"@webdo_tn","twitter_site":"@webdo_tn","twitter_misc":{"\u00c9crit par":"Ramzi Haddad","Dur\u00e9e de lecture estim\u00e9e":"1 minute"},"schema":{"@context":"https:\/\/schema.org","@graph":[{"@type":"NewsArticle","@id":"https:\/\/www.webdo.tn\/fr\/actualite\/national\/l-ugtt-se-prononcera-bientot-sur-les-elections-presidentielles-annonce-taboubi\/215658\/#article","isPartOf":{"@id":"https:\/\/www.webdo.tn\/fr\/actualite\/national\/l-ugtt-se-prononcera-bientot-sur-les-elections-presidentielles-annonce-taboubi\/215658\/"},"author":{"name":"Ramzi Haddad","@id":"https:\/\/www.webdo.tn\/fr\/#\/schema\/person\/5663044c25eb36d8f88ba5b653f12f8c"},"headline":"L&rsquo;UGTT se prononcera bient\u00f4t sur les \u00e9lections pr\u00e9sidentielles, annonce Taboubi","datePublished":"2024-08-05T18:45:00+00:00","mainEntityOfPage":{"@id":"https:\/\/www.webdo.tn\/fr\/actualite\/national\/l-ugtt-se-prononcera-bientot-sur-les-elections-presidentielles-annonce-taboubi\/215658\/"},"wordCount":260,"commentCount":0,"publisher":{"@id":"https:\/\/www.webdo.tn\/fr\/#organization"},"image":{"@id":"https:\/\/www.webdo.tn\/fr\/actualite\/national\/l-ugtt-se-prononcera-bientot-sur-les-elections-presidentielles-annonce-taboubi\/215658\/#primaryimage"},"thumbnailUrl":"https:\/\/www.webdo.tn\/fr\/wp-content\/uploads\/2024\/08\/0cfa9b3ae7a8431636b79b72dd516013.webp","keywords":["'Conseil national'","\u00e9lections pr\u00e9sidentielles","Noureddine Taboubi","Tunisie","UGTT"],"articleSection":["National"],"inLanguage":"fr-FR"},{"@type":"WebPage","@id":"https:\/\/www.webdo.tn\/fr\/actualite\/national\/l-ugtt-se-prononcera-bientot-sur-les-elections-presidentielles-annonce-taboubi\/215658\/","url":"https:\/\/www.webdo.tn\/fr\/actualite\/national\/l-ugtt-se-prononcera-bientot-sur-les-elections-presidentielles-annonce-taboubi\/215658\/","name":"L'UGTT se prononcera bient\u00f4t sur les \u00e9lections pr\u00e9sidentielles, annonce Taboubi","isPartOf":{"@id":"https:\/\/www.webdo.tn\/fr\/#website"},"primaryImageOfPage":{"@id":"https:\/\/www.webdo.tn\/fr\/actualite\/national\/l-ugtt-se-prononcera-bientot-sur-les-elections-presidentielles-annonce-taboubi\/215658\/#primaryimage"},"image":{"@id":"https:\/\/www.webdo.tn\/fr\/actualite\/national\/l-ugtt-se-prononcera-bientot-sur-les-elections-presidentielles-annonce-taboubi\/215658\/#primaryimage"},"thumbnailUrl":"https:\/\/www.webdo.tn\/fr\/wp-content\/uploads\/2024\/08\/0cfa9b3ae7a8431636b79b72dd516013.webp","datePublished":"2024-08-05T18:45:00+00:00","description":"Le Secr\u00e9taire G\u00e9n\u00e9ral de l'UGTT, Noureddine Taboubi, a annonc\u00e9 que le Conseil National de l'Union d\u00e9terminera la position de l'organisation sur les \u00e9lections pr...","breadcrumb":{"@id":"https:\/\/www.webdo.tn\/fr\/actualite\/national\/l-ugtt-se-prononcera-bientot-sur-les-elections-presidentielles-annonce-taboubi\/215658\/#breadcrumb"},"inLanguage":"fr-FR","potentialAction":[{"@type":"ReadAction","target":["https:\/\/www.webdo.tn\/fr\/actualite\/national\/l-ugtt-se-prononcera-bientot-sur-les-elections-presidentielles-annonce-taboubi\/215658\/"]}]},{"@type":"ImageObject","inLanguage":"fr-FR","@id":"https:\/\/www.webdo.tn\/fr\/actualite\/national\/l-ugtt-se-prononcera-bientot-sur-les-elections-presidentielles-annonce-taboubi\/215658\/#primaryimage","url":"https:\/\/www.webdo.tn\/fr\/wp-content\/uploads\/2024\/08\/0cfa9b3ae7a8431636b79b72dd516013.webp","contentUrl":"https:\/\/www.webdo.tn\/fr\/wp-content\/uploads\/2024\/08\/0cfa9b3ae7a8431636b79b72dd516013.webp","width":750,"height":400,"caption":"L'UGTT se prononcera bient\u00f4t sur les \u00e9lections pr\u00e9sidentielles, annonce Taboubi"},{"@type":"BreadcrumbList","@id":"https:\/\/www.webdo.tn\/fr\/actualite\/national\/l-ugtt-se-prononcera-bientot-sur-les-elections-presidentielles-annonce-taboubi\/215658\/#breadcrumb","itemListElement":[{"@type":"ListItem","position":1,"name":"Accueil","item":"https:\/\/www.webdo.tn\/fr\/"},{"@type":"ListItem","position":2,"name":"L&rsquo;UGTT se prononcera bient\u00f4t sur les \u00e9lections pr\u00e9sidentielles, annonce Taboubi"}]},{"@type":"WebSite","@id":"https:\/\/www.webdo.tn\/fr\/#website","url":"https:\/\/www.webdo.tn\/fr\/","name":"webdo","description":"Tunisie - News en Tunisie et \u00e0 l&#039;international sur Webdo.tn","publisher":{"@id":"https:\/\/www.webdo.tn\/fr\/#organization"},"potentialAction":[{"@type":"SearchAction","target":{"@type":"EntryPoint","urlTemplate":"https:\/\/www.webdo.tn\/fr\/?s={search_term_string}"},"query-input":{"@type":"PropertyValueSpecification","valueRequired":true,"valueName":"search_term_string"}}],"inLanguage":"fr-FR"},{"@type":"Organization","@id":"https:\/\/www.webdo.tn\/fr\/#organization","name":"Webdo","alternateName":"Webdo.tn","url":"https:\/\/www.webdo.tn\/fr\/","logo":{"@type":"ImageObject","inLanguage":"fr-FR","@id":"https:\/\/www.webdo.tn\/fr\/#\/schema\/logo\/image\/","url":"https:\/\/www.webdo.tn\/fr\/wp-content\/uploads\/2025\/06\/Webdo-Tunisie_168377.jpg","contentUrl":"https:\/\/www.webdo.tn\/fr\/wp-content\/uploads\/2025\/06\/Webdo-Tunisie_168377.jpg","width":301,"height":301,"caption":"Webdo"},"image":{"@id":"https:\/\/www.webdo.tn\/fr\/#\/schema\/logo\/image\/"},"sameAs":["https:\/\/www.facebook.com\/webdotn","https:\/\/x.com\/webdo_tn"],"description":"Webdo est un m\u00e9dia num\u00e9rique tunisien fond\u00e9 en 2010, sp\u00e9cialis\u00e9 dans l\u2019actualit\u00e9 nationale et internationale, l\u2019\u00e9conomie, la soci\u00e9t\u00e9 et les analyses politiques. Le site s\u2019adresse \u00e0 un large public francophone et couvre l\u2019information tunisienne en temps r\u00e9el.","email":"redac@webdo.tn","legalName":"YNJ SARL","foundingDate":"2010-09-06","numberOfEmployees":{"@type":"QuantitativeValue","minValue":"11","maxValue":"50"}},{"@type":"Person","@id":"https:\/\/www.webdo.tn\/fr\/#\/schema\/person\/5663044c25eb36d8f88ba5b653f12f8c","name":"Ramzi Haddad","image":{"@type":"ImageObject","inLanguage":"fr-FR","@id":"https:\/\/www.webdo.tn\/fr\/wp-content\/uploads\/2026\/04\/ramzi-haddad_avatar-96x96.jpg","url":"https:\/\/www.webdo.tn\/fr\/wp-content\/uploads\/2026\/04\/ramzi-haddad_avatar-96x96.jpg","contentUrl":"https:\/\/www.webdo.tn\/fr\/wp-content\/uploads\/2026\/04\/ramzi-haddad_avatar-96x96.jpg","caption":"Ramzi Haddad"},"description":"Signature \u00e9ditoriale de Walid Ben Youssef Ramzi Haddad est le pseudonyme \u00e9ditorial de Walid Ben Youssef, fondateur et g\u00e9rant de Webdo.tn. Cette signature est d\u00e9di\u00e9e \u00e0 la couverture de l'actualit\u00e9 nationale et internationale, ainsi qu'aux analyses des dynamiques num\u00e9riques. Ce profil b\u00e9n\u00e9ficie de l'expertise de Walid Ben Youssef, pionnier du web en Tunisie depuis 2000 et dipl\u00f4m\u00e9 en Math\u00e9matiques pures de l'Universit\u00e9 d'Oregon. \u00c0 travers cette signature, la r\u00e9daction de Webdo garantit une information structur\u00e9e et v\u00e9rifi\u00e9e, fid\u00e8le aux standards journalistiques du m\u00e9dia.","url":"https:\/\/www.webdo.tn\/fr\/actualite\/author\/ramzi-haddad\/"}]}},"_links":{"self":[{"href":"https:\/\/www.webdo.tn\/fr\/wp-json\/wp\/v2\/posts\/215658","targetHints":{"allow":["GET"]}}],"collection":[{"href":"https:\/\/www.webdo.tn\/fr\/wp-json\/wp\/v2\/posts"}],"about":[{"href":"https:\/\/www.webdo.tn\/fr\/wp-json\/wp\/v2\/types\/post"}],"author":[{"embeddable":true,"href":"https:\/\/www.webdo.tn\/fr\/wp-json\/wp\/v2\/users\/3203"}],"replies":[{"embeddable":true,"href":"https:\/\/www.webdo.tn\/fr\/wp-json\/wp\/v2\/comments?post=215658"}],"version-history":[{"count":0,"href":"https:\/\/www.webdo.tn\/fr\/wp-json\/wp\/v2\/posts\/215658\/revisions"}],"wp:featuredmedia":[{"embeddable":true,"href":"https:\/\/www.webdo.tn\/fr\/wp-json\/wp\/v2\/media\/290915"}],"wp:attachment":[{"href":"https:\/\/www.webdo.tn\/fr\/wp-json\/wp\/v2\/media?parent=215658"}],"wp:term":[{"taxonomy":"category","embeddable":true,"href":"https:\/\/www.webdo.tn\/fr\/wp-json\/wp\/v2\/categories?post=215658"},{"taxonomy":"post_tag","embeddable":true,"href":"https:\/\/www.webdo.tn\/fr\/wp-json\/wp\/v2\/tags?post=215658"}],"curies":[{"name":"wp","href":"https:\/\/api.w.org\/{rel}","templated":true}]}}