{"id":215654,"date":"2024-08-05T13:46:00","date_gmt":"2024-08-05T13:46:00","guid":{"rendered":"https:\/\/www.webdo.tn\/fr\/blog\/abdellatif-mekki-devant-la-justice-selon-le-front-de-salut\/215654\/"},"modified":"2025-05-20T22:35:16","modified_gmt":"2025-05-20T22:35:16","slug":"abdellatif-mekki-devant-la-justice-selon-le-front-de-salut","status":"publish","type":"post","link":"https:\/\/www.webdo.tn\/fr\/actualite\/national\/abdellatif-mekki-devant-la-justice-selon-le-front-de-salut\/215654\/","title":{"rendered":"Abdellatif Mekki devant la justice, selon le Front de Salut"},"content":{"rendered":"<p>Dans un communiqu\u00e9 rendu public ce lundi 5 ao\u00fbt 2024, le Front de salut national a annonc\u00e9 que Abdellatif Mekki, membre de son bureau ex\u00e9cutif et secr\u00e9taire g\u00e9n\u00e9ral du parti \u00ab \u00c2mal w Injaz \u00bb et candidat potentiel \u00e0 la Pr\u00e9sidentielle a \u00e9t\u00e9 convoqu\u00e9 pour compara\u00eetre devant la chambre correctionnelle du tribunal de premi\u00e8re instance de Tunis.<\/p>\n<p>\t\t\t\t\t\t\t\t\tLe Front d\u00e9nonce ce qu\u2019il appelle le \u00ab harc\u00e8lement persistant des candidats potentiels \u00e0 la pr\u00e9sidence par le syst\u00e8me en place \u00bb.\u00a0<\/p>\n<p>Selon ce communiqu\u00e9, Abdellatif Mekki sera auditionn\u00e9 aujourd\u2019hui lundi. Le Front de salut national consid\u00e8re cette convocation comme une tentative d\u00e9lib\u00e9r\u00e9e de l&rsquo;exclure de la course pr\u00e9sidentielle en utilisant des accusations sans fondement.\u00a0<\/p>\n<p>Il a pr\u00e9cis\u00e9 que les poursuites judiciaires sont directement li\u00e9es \u00e0 sa candidature, rappelant \u00e9galement qu&rsquo;Abdellatif Mekki est d\u00e9j\u00e0 soumis \u00e0 une interdiction m\u00e9diatique et de voyage.<\/p>\n<p>Le Front de salut national a r\u00e9affirm\u00e9 son soutien \u00e0 Abdellatif Mekki, appelant les d\u00e9fenseurs des droits humains, les acteurs sociaux et les organisations de d\u00e9fense des libert\u00e9s \u00e0 suivre de pr\u00e8s ce proc\u00e8s et \u00e0 d\u00e9noncer ces pratiques r\u00e9pressives. Il a soulign\u00e9 la d\u00e9t\u00e9rioration du paysage politique et la transformation de l&rsquo;\u00e9lection pr\u00e9sidentielle en une formalit\u00e9 d\u00e9pourvue de comp\u00e9tition libre et \u00e9quitable.<\/p>\n","protected":false},"excerpt":{"rendered":"<p>Le Front d\u00e9nonce ce qu\u2019il appelle le \u00ab harc\u00e8lement persistant des candidats potentiels \u00e0 la pr\u00e9sidence par le syst\u00e8me en place \u00bb.\u00a0<\/p>\n","protected":false},"author":3175,"featured_media":246856,"comment_status":"open","ping_status":"closed","sticky":false,"template":"","format":"standard","meta":{"footnotes":""},"categories":[44],"tags":[5574,5999,2608],"class_list":["post-215654","post","type-post","status-publish","format-standard","has-post-thumbnail","hentry","category-national","tag-abdeltif-mekki","tag-front-de-salut","tag-tunisie"],"yoast_head":"<!-- This site is optimized with the Yoast SEO Premium plugin v27.5 (Yoast SEO v27.5) - https:\/\/yoast.com\/product\/yoast-seo-premium-wordpress\/ -->\n<title>Abdellatif Mekki devant la justice, selon le Front de Salut<\/title>\n<meta name=\"description\" content=\"Le Front d\u00e9nonce ce qu\u2019il appelle le \u00ab harc\u00e8lement persistant des candidats potentiels \u00e0 la pr\u00e9sidence par le syst\u00e8me en place \u00bb.\u00a0\" \/>\n<link rel=\"canonical\" href=\"https:\/\/www.webdo.tn\/fr\/actualite\/national\/abdellatif-mekki-devant-la-justice-selon-le-front-de-salut\/215654\/\" \/>\n<meta property=\"og:locale\" content=\"fr_FR\" \/>\n<meta property=\"og:type\" content=\"article\" \/>\n<meta property=\"og:title\" content=\"Abdellatif Mekki devant la justice, selon le Front de Salut\" \/>\n<meta property=\"og:description\" content=\"Le Front d\u00e9nonce ce qu\u2019il appelle le \u00ab harc\u00e8lement persistant des candidats potentiels \u00e0 la pr\u00e9sidence par le syst\u00e8me en place \u00bb.\u00a0\" \/>\n<meta property=\"og:url\" content=\"https:\/\/www.webdo.tn\/fr\/actualite\/national\/abdellatif-mekki-devant-la-justice-selon-le-front-de-salut\/215654\/\" \/>\n<meta property=\"og:site_name\" content=\"webdo\" \/>\n<meta property=\"article:publisher\" content=\"https:\/\/www.facebook.com\/webdotn\" \/>\n<meta property=\"article:published_time\" content=\"2024-08-05T13:46:00+00:00\" \/>\n<meta property=\"article:modified_time\" content=\"2025-05-20T22:35:16+00:00\" \/>\n<meta property=\"og:image\" content=\"https:\/\/www.webdo.tn\/fr\/wp-content\/uploads\/2024\/08\/24a283df4fbcb81b5a2254f89fde4dc1.webp\" \/>\n\t<meta property=\"og:image:width\" content=\"680\" \/>\n\t<meta property=\"og:image:height\" content=\"363\" \/>\n\t<meta property=\"og:image:type\" content=\"image\/webp\" \/>\n<meta name=\"author\" content=\"CL\" \/>\n<meta name=\"twitter:card\" content=\"summary_large_image\" \/>\n<meta name=\"twitter:creator\" content=\"@webdo_tn\" \/>\n<meta name=\"twitter:site\" content=\"@webdo_tn\" \/>\n<meta name=\"twitter:label1\" content=\"\u00c9crit par\" \/>\n\t<meta name=\"twitter:data1\" content=\"CL\" \/>\n\t<meta name=\"twitter:label2\" content=\"Dur\u00e9e de lecture estim\u00e9e\" \/>\n\t<meta name=\"twitter:data2\" content=\"1 minute\" \/>\n<script type=\"application\/ld+json\" class=\"yoast-schema-graph\">{\"@context\":\"https:\\\/\\\/schema.org\",\"@graph\":[{\"@type\":\"NewsArticle\",\"@id\":\"https:\\\/\\\/www.webdo.tn\\\/fr\\\/actualite\\\/national\\\/abdellatif-mekki-devant-la-justice-selon-le-front-de-salut\\\/215654\\\/#article\",\"isPartOf\":{\"@id\":\"https:\\\/\\\/www.webdo.tn\\\/fr\\\/actualite\\\/national\\\/abdellatif-mekki-devant-la-justice-selon-le-front-de-salut\\\/215654\\\/\"},\"author\":{\"name\":\"CL\",\"@id\":\"https:\\\/\\\/www.webdo.tn\\\/fr\\\/#\\\/schema\\\/person\\\/f35b42a42c5e2511bbd282959d6385cc\"},\"headline\":\"Abdellatif Mekki devant la justice, selon le Front de Salut\",\"datePublished\":\"2024-08-05T13:46:00+00:00\",\"dateModified\":\"2025-05-20T22:35:16+00:00\",\"mainEntityOfPage\":{\"@id\":\"https:\\\/\\\/www.webdo.tn\\\/fr\\\/actualite\\\/national\\\/abdellatif-mekki-devant-la-justice-selon-le-front-de-salut\\\/215654\\\/\"},\"wordCount\":238,\"commentCount\":0,\"publisher\":{\"@id\":\"https:\\\/\\\/www.webdo.tn\\\/fr\\\/#organization\"},\"image\":{\"@id\":\"https:\\\/\\\/www.webdo.tn\\\/fr\\\/actualite\\\/national\\\/abdellatif-mekki-devant-la-justice-selon-le-front-de-salut\\\/215654\\\/#primaryimage\"},\"thumbnailUrl\":\"https:\\\/\\\/www.webdo.tn\\\/fr\\\/wp-content\\\/uploads\\\/2024\\\/08\\\/24a283df4fbcb81b5a2254f89fde4dc1.webp\",\"keywords\":[\"Abdeltif Mekki\",\"Front de salut\",\"Tunisie\"],\"articleSection\":[\"National\"],\"inLanguage\":\"fr-FR\"},{\"@type\":\"WebPage\",\"@id\":\"https:\\\/\\\/www.webdo.tn\\\/fr\\\/actualite\\\/national\\\/abdellatif-mekki-devant-la-justice-selon-le-front-de-salut\\\/215654\\\/\",\"url\":\"https:\\\/\\\/www.webdo.tn\\\/fr\\\/actualite\\\/national\\\/abdellatif-mekki-devant-la-justice-selon-le-front-de-salut\\\/215654\\\/\",\"name\":\"Abdellatif Mekki devant la justice, selon le Front de Salut\",\"isPartOf\":{\"@id\":\"https:\\\/\\\/www.webdo.tn\\\/fr\\\/#website\"},\"primaryImageOfPage\":{\"@id\":\"https:\\\/\\\/www.webdo.tn\\\/fr\\\/actualite\\\/national\\\/abdellatif-mekki-devant-la-justice-selon-le-front-de-salut\\\/215654\\\/#primaryimage\"},\"image\":{\"@id\":\"https:\\\/\\\/www.webdo.tn\\\/fr\\\/actualite\\\/national\\\/abdellatif-mekki-devant-la-justice-selon-le-front-de-salut\\\/215654\\\/#primaryimage\"},\"thumbnailUrl\":\"https:\\\/\\\/www.webdo.tn\\\/fr\\\/wp-content\\\/uploads\\\/2024\\\/08\\\/24a283df4fbcb81b5a2254f89fde4dc1.webp\",\"datePublished\":\"2024-08-05T13:46:00+00:00\",\"dateModified\":\"2025-05-20T22:35:16+00:00\",\"description\":\"Le Front d\u00e9nonce ce qu\u2019il appelle le \u00ab harc\u00e8lement persistant des candidats potentiels \u00e0 la pr\u00e9sidence par le syst\u00e8me en place \u00bb.\u00a0\",\"breadcrumb\":{\"@id\":\"https:\\\/\\\/www.webdo.tn\\\/fr\\\/actualite\\\/national\\\/abdellatif-mekki-devant-la-justice-selon-le-front-de-salut\\\/215654\\\/#breadcrumb\"},\"inLanguage\":\"fr-FR\",\"potentialAction\":[{\"@type\":\"ReadAction\",\"target\":[\"https:\\\/\\\/www.webdo.tn\\\/fr\\\/actualite\\\/national\\\/abdellatif-mekki-devant-la-justice-selon-le-front-de-salut\\\/215654\\\/\"]}]},{\"@type\":\"ImageObject\",\"inLanguage\":\"fr-FR\",\"@id\":\"https:\\\/\\\/www.webdo.tn\\\/fr\\\/actualite\\\/national\\\/abdellatif-mekki-devant-la-justice-selon-le-front-de-salut\\\/215654\\\/#primaryimage\",\"url\":\"https:\\\/\\\/www.webdo.tn\\\/fr\\\/wp-content\\\/uploads\\\/2024\\\/08\\\/24a283df4fbcb81b5a2254f89fde4dc1.webp\",\"contentUrl\":\"https:\\\/\\\/www.webdo.tn\\\/fr\\\/wp-content\\\/uploads\\\/2024\\\/08\\\/24a283df4fbcb81b5a2254f89fde4dc1.webp\",\"width\":680,\"height\":363,\"caption\":\"Abdellatif Mekki devant la justice, selon le Front de Salut\"},{\"@type\":\"BreadcrumbList\",\"@id\":\"https:\\\/\\\/www.webdo.tn\\\/fr\\\/actualite\\\/national\\\/abdellatif-mekki-devant-la-justice-selon-le-front-de-salut\\\/215654\\\/#breadcrumb\",\"itemListElement\":[{\"@type\":\"ListItem\",\"position\":1,\"name\":\"Accueil\",\"item\":\"https:\\\/\\\/www.webdo.tn\\\/fr\\\/\"},{\"@type\":\"ListItem\",\"position\":2,\"name\":\"Abdellatif Mekki devant la justice, selon le Front de Salut\"}]},{\"@type\":\"WebSite\",\"@id\":\"https:\\\/\\\/www.webdo.tn\\\/fr\\\/#website\",\"url\":\"https:\\\/\\\/www.webdo.tn\\\/fr\\\/\",\"name\":\"webdo\",\"description\":\"Tunisie - News en Tunisie et \u00e0 l&#039;international sur Webdo.tn\",\"publisher\":{\"@id\":\"https:\\\/\\\/www.webdo.tn\\\/fr\\\/#organization\"},\"potentialAction\":[{\"@type\":\"SearchAction\",\"target\":{\"@type\":\"EntryPoint\",\"urlTemplate\":\"https:\\\/\\\/www.webdo.tn\\\/fr\\\/?s={search_term_string}\"},\"query-input\":{\"@type\":\"PropertyValueSpecification\",\"valueRequired\":true,\"valueName\":\"search_term_string\"}}],\"inLanguage\":\"fr-FR\"},{\"@type\":\"Organization\",\"@id\":\"https:\\\/\\\/www.webdo.tn\\\/fr\\\/#organization\",\"name\":\"Webdo\",\"alternateName\":\"Webdo.tn\",\"url\":\"https:\\\/\\\/www.webdo.tn\\\/fr\\\/\",\"logo\":{\"@type\":\"ImageObject\",\"inLanguage\":\"fr-FR\",\"@id\":\"https:\\\/\\\/www.webdo.tn\\\/fr\\\/#\\\/schema\\\/logo\\\/image\\\/\",\"url\":\"https:\\\/\\\/www.webdo.tn\\\/fr\\\/wp-content\\\/uploads\\\/2025\\\/06\\\/Webdo-Tunisie_168377.jpg\",\"contentUrl\":\"https:\\\/\\\/www.webdo.tn\\\/fr\\\/wp-content\\\/uploads\\\/2025\\\/06\\\/Webdo-Tunisie_168377.jpg\",\"width\":301,\"height\":301,\"caption\":\"Webdo\"},\"image\":{\"@id\":\"https:\\\/\\\/www.webdo.tn\\\/fr\\\/#\\\/schema\\\/logo\\\/image\\\/\"},\"sameAs\":[\"https:\\\/\\\/www.facebook.com\\\/webdotn\",\"https:\\\/\\\/x.com\\\/webdo_tn\"],\"description\":\"Webdo est un m\u00e9dia num\u00e9rique tunisien fond\u00e9 en 2010, sp\u00e9cialis\u00e9 dans l\u2019actualit\u00e9 nationale et internationale, l\u2019\u00e9conomie, la soci\u00e9t\u00e9 et les analyses politiques. Le site s\u2019adresse \u00e0 un large public francophone et couvre l\u2019information tunisienne en temps r\u00e9el.\",\"email\":\"redac@webdo.tn\",\"legalName\":\"YNJ SARL\",\"foundingDate\":\"2010-09-06\",\"numberOfEmployees\":{\"@type\":\"QuantitativeValue\",\"minValue\":\"11\",\"maxValue\":\"50\"}},{\"@type\":\"Person\",\"@id\":\"https:\\\/\\\/www.webdo.tn\\\/fr\\\/#\\\/schema\\\/person\\\/f35b42a42c5e2511bbd282959d6385cc\",\"name\":\"CL\",\"image\":{\"@type\":\"ImageObject\",\"inLanguage\":\"fr-FR\",\"@id\":\"https:\\\/\\\/secure.gravatar.com\\\/avatar\\\/1447a49909b67aa657c488aec6512e1dd6143a480c1ecfee9b5b5cd74eb3b59e?s=96&d=mm&r=g\",\"url\":\"https:\\\/\\\/secure.gravatar.com\\\/avatar\\\/1447a49909b67aa657c488aec6512e1dd6143a480c1ecfee9b5b5cd74eb3b59e?s=96&d=mm&r=g\",\"contentUrl\":\"https:\\\/\\\/secure.gravatar.com\\\/avatar\\\/1447a49909b67aa657c488aec6512e1dd6143a480c1ecfee9b5b5cd74eb3b59e?s=96&d=mm&r=g\",\"caption\":\"CL\"},\"url\":\"https:\\\/\\\/www.webdo.tn\\\/fr\\\/actualite\\\/author\\\/cl\\\/\"}]}<\/script>\n<!-- \/ Yoast SEO Premium plugin. -->","yoast_head_json":{"title":"Abdellatif Mekki devant la justice, selon le Front de Salut","description":"Le Front d\u00e9nonce ce qu\u2019il appelle le \u00ab harc\u00e8lement persistant des candidats potentiels \u00e0 la pr\u00e9sidence par le syst\u00e8me en place \u00bb.\u00a0","canonical":"https:\/\/www.webdo.tn\/fr\/actualite\/national\/abdellatif-mekki-devant-la-justice-selon-le-front-de-salut\/215654\/","og_locale":"fr_FR","og_type":"article","og_title":"Abdellatif Mekki devant la justice, selon le Front de Salut","og_description":"Le Front d\u00e9nonce ce qu\u2019il appelle le \u00ab harc\u00e8lement persistant des candidats potentiels \u00e0 la pr\u00e9sidence par le syst\u00e8me en place \u00bb.\u00a0","og_url":"https:\/\/www.webdo.tn\/fr\/actualite\/national\/abdellatif-mekki-devant-la-justice-selon-le-front-de-salut\/215654\/","og_site_name":"webdo","article_publisher":"https:\/\/www.facebook.com\/webdotn","article_published_time":"2024-08-05T13:46:00+00:00","article_modified_time":"2025-05-20T22:35:16+00:00","og_image":[{"width":680,"height":363,"url":"https:\/\/www.webdo.tn\/fr\/wp-content\/uploads\/2024\/08\/24a283df4fbcb81b5a2254f89fde4dc1.webp","type":"image\/webp"}],"author":"CL","twitter_card":"summary_large_image","twitter_creator":"@webdo_tn","twitter_site":"@webdo_tn","twitter_misc":{"\u00c9crit par":"CL","Dur\u00e9e de lecture estim\u00e9e":"1 minute"},"schema":{"@context":"https:\/\/schema.org","@graph":[{"@type":"NewsArticle","@id":"https:\/\/www.webdo.tn\/fr\/actualite\/national\/abdellatif-mekki-devant-la-justice-selon-le-front-de-salut\/215654\/#article","isPartOf":{"@id":"https:\/\/www.webdo.tn\/fr\/actualite\/national\/abdellatif-mekki-devant-la-justice-selon-le-front-de-salut\/215654\/"},"author":{"name":"CL","@id":"https:\/\/www.webdo.tn\/fr\/#\/schema\/person\/f35b42a42c5e2511bbd282959d6385cc"},"headline":"Abdellatif Mekki devant la justice, selon le Front de Salut","datePublished":"2024-08-05T13:46:00+00:00","dateModified":"2025-05-20T22:35:16+00:00","mainEntityOfPage":{"@id":"https:\/\/www.webdo.tn\/fr\/actualite\/national\/abdellatif-mekki-devant-la-justice-selon-le-front-de-salut\/215654\/"},"wordCount":238,"commentCount":0,"publisher":{"@id":"https:\/\/www.webdo.tn\/fr\/#organization"},"image":{"@id":"https:\/\/www.webdo.tn\/fr\/actualite\/national\/abdellatif-mekki-devant-la-justice-selon-le-front-de-salut\/215654\/#primaryimage"},"thumbnailUrl":"https:\/\/www.webdo.tn\/fr\/wp-content\/uploads\/2024\/08\/24a283df4fbcb81b5a2254f89fde4dc1.webp","keywords":["Abdeltif Mekki","Front de salut","Tunisie"],"articleSection":["National"],"inLanguage":"fr-FR"},{"@type":"WebPage","@id":"https:\/\/www.webdo.tn\/fr\/actualite\/national\/abdellatif-mekki-devant-la-justice-selon-le-front-de-salut\/215654\/","url":"https:\/\/www.webdo.tn\/fr\/actualite\/national\/abdellatif-mekki-devant-la-justice-selon-le-front-de-salut\/215654\/","name":"Abdellatif Mekki devant la justice, selon le Front de Salut","isPartOf":{"@id":"https:\/\/www.webdo.tn\/fr\/#website"},"primaryImageOfPage":{"@id":"https:\/\/www.webdo.tn\/fr\/actualite\/national\/abdellatif-mekki-devant-la-justice-selon-le-front-de-salut\/215654\/#primaryimage"},"image":{"@id":"https:\/\/www.webdo.tn\/fr\/actualite\/national\/abdellatif-mekki-devant-la-justice-selon-le-front-de-salut\/215654\/#primaryimage"},"thumbnailUrl":"https:\/\/www.webdo.tn\/fr\/wp-content\/uploads\/2024\/08\/24a283df4fbcb81b5a2254f89fde4dc1.webp","datePublished":"2024-08-05T13:46:00+00:00","dateModified":"2025-05-20T22:35:16+00:00","description":"Le Front d\u00e9nonce ce qu\u2019il appelle le \u00ab harc\u00e8lement persistant des candidats potentiels \u00e0 la pr\u00e9sidence par le syst\u00e8me en place \u00bb.\u00a0","breadcrumb":{"@id":"https:\/\/www.webdo.tn\/fr\/actualite\/national\/abdellatif-mekki-devant-la-justice-selon-le-front-de-salut\/215654\/#breadcrumb"},"inLanguage":"fr-FR","potentialAction":[{"@type":"ReadAction","target":["https:\/\/www.webdo.tn\/fr\/actualite\/national\/abdellatif-mekki-devant-la-justice-selon-le-front-de-salut\/215654\/"]}]},{"@type":"ImageObject","inLanguage":"fr-FR","@id":"https:\/\/www.webdo.tn\/fr\/actualite\/national\/abdellatif-mekki-devant-la-justice-selon-le-front-de-salut\/215654\/#primaryimage","url":"https:\/\/www.webdo.tn\/fr\/wp-content\/uploads\/2024\/08\/24a283df4fbcb81b5a2254f89fde4dc1.webp","contentUrl":"https:\/\/www.webdo.tn\/fr\/wp-content\/uploads\/2024\/08\/24a283df4fbcb81b5a2254f89fde4dc1.webp","width":680,"height":363,"caption":"Abdellatif Mekki devant la justice, selon le Front de Salut"},{"@type":"BreadcrumbList","@id":"https:\/\/www.webdo.tn\/fr\/actualite\/national\/abdellatif-mekki-devant-la-justice-selon-le-front-de-salut\/215654\/#breadcrumb","itemListElement":[{"@type":"ListItem","position":1,"name":"Accueil","item":"https:\/\/www.webdo.tn\/fr\/"},{"@type":"ListItem","position":2,"name":"Abdellatif Mekki devant la justice, selon le Front de Salut"}]},{"@type":"WebSite","@id":"https:\/\/www.webdo.tn\/fr\/#website","url":"https:\/\/www.webdo.tn\/fr\/","name":"webdo","description":"Tunisie - News en Tunisie et \u00e0 l&#039;international sur Webdo.tn","publisher":{"@id":"https:\/\/www.webdo.tn\/fr\/#organization"},"potentialAction":[{"@type":"SearchAction","target":{"@type":"EntryPoint","urlTemplate":"https:\/\/www.webdo.tn\/fr\/?s={search_term_string}"},"query-input":{"@type":"PropertyValueSpecification","valueRequired":true,"valueName":"search_term_string"}}],"inLanguage":"fr-FR"},{"@type":"Organization","@id":"https:\/\/www.webdo.tn\/fr\/#organization","name":"Webdo","alternateName":"Webdo.tn","url":"https:\/\/www.webdo.tn\/fr\/","logo":{"@type":"ImageObject","inLanguage":"fr-FR","@id":"https:\/\/www.webdo.tn\/fr\/#\/schema\/logo\/image\/","url":"https:\/\/www.webdo.tn\/fr\/wp-content\/uploads\/2025\/06\/Webdo-Tunisie_168377.jpg","contentUrl":"https:\/\/www.webdo.tn\/fr\/wp-content\/uploads\/2025\/06\/Webdo-Tunisie_168377.jpg","width":301,"height":301,"caption":"Webdo"},"image":{"@id":"https:\/\/www.webdo.tn\/fr\/#\/schema\/logo\/image\/"},"sameAs":["https:\/\/www.facebook.com\/webdotn","https:\/\/x.com\/webdo_tn"],"description":"Webdo est un m\u00e9dia num\u00e9rique tunisien fond\u00e9 en 2010, sp\u00e9cialis\u00e9 dans l\u2019actualit\u00e9 nationale et internationale, l\u2019\u00e9conomie, la soci\u00e9t\u00e9 et les analyses politiques. Le site s\u2019adresse \u00e0 un large public francophone et couvre l\u2019information tunisienne en temps r\u00e9el.","email":"redac@webdo.tn","legalName":"YNJ SARL","foundingDate":"2010-09-06","numberOfEmployees":{"@type":"QuantitativeValue","minValue":"11","maxValue":"50"}},{"@type":"Person","@id":"https:\/\/www.webdo.tn\/fr\/#\/schema\/person\/f35b42a42c5e2511bbd282959d6385cc","name":"CL","image":{"@type":"ImageObject","inLanguage":"fr-FR","@id":"https:\/\/secure.gravatar.com\/avatar\/1447a49909b67aa657c488aec6512e1dd6143a480c1ecfee9b5b5cd74eb3b59e?s=96&d=mm&r=g","url":"https:\/\/secure.gravatar.com\/avatar\/1447a49909b67aa657c488aec6512e1dd6143a480c1ecfee9b5b5cd74eb3b59e?s=96&d=mm&r=g","contentUrl":"https:\/\/secure.gravatar.com\/avatar\/1447a49909b67aa657c488aec6512e1dd6143a480c1ecfee9b5b5cd74eb3b59e?s=96&d=mm&r=g","caption":"CL"},"url":"https:\/\/www.webdo.tn\/fr\/actualite\/author\/cl\/"}]}},"_links":{"self":[{"href":"https:\/\/www.webdo.tn\/fr\/wp-json\/wp\/v2\/posts\/215654","targetHints":{"allow":["GET"]}}],"collection":[{"href":"https:\/\/www.webdo.tn\/fr\/wp-json\/wp\/v2\/posts"}],"about":[{"href":"https:\/\/www.webdo.tn\/fr\/wp-json\/wp\/v2\/types\/post"}],"author":[{"embeddable":true,"href":"https:\/\/www.webdo.tn\/fr\/wp-json\/wp\/v2\/users\/3175"}],"replies":[{"embeddable":true,"href":"https:\/\/www.webdo.tn\/fr\/wp-json\/wp\/v2\/comments?post=215654"}],"version-history":[{"count":0,"href":"https:\/\/www.webdo.tn\/fr\/wp-json\/wp\/v2\/posts\/215654\/revisions"}],"wp:featuredmedia":[{"embeddable":true,"href":"https:\/\/www.webdo.tn\/fr\/wp-json\/wp\/v2\/media\/246856"}],"wp:attachment":[{"href":"https:\/\/www.webdo.tn\/fr\/wp-json\/wp\/v2\/media?parent=215654"}],"wp:term":[{"taxonomy":"category","embeddable":true,"href":"https:\/\/www.webdo.tn\/fr\/wp-json\/wp\/v2\/categories?post=215654"},{"taxonomy":"post_tag","embeddable":true,"href":"https:\/\/www.webdo.tn\/fr\/wp-json\/wp\/v2\/tags?post=215654"}],"curies":[{"name":"wp","href":"https:\/\/api.w.org\/{rel}","templated":true}]}}