{"id":215630,"date":"2024-08-03T08:42:00","date_gmt":"2024-08-03T08:42:00","guid":{"rendered":"https:\/\/www.webdo.tn\/fr\/blog\/tunisie-baisse-sensible-des-temperatures-des-aujourd-hui\/215630\/"},"modified":"2025-05-20T22:35:10","modified_gmt":"2025-05-20T22:35:10","slug":"tunisie-baisse-sensible-des-temperatures-des-aujourd-hui","status":"publish","type":"post","link":"https:\/\/www.webdo.tn\/fr\/actualite\/national\/tunisie-baisse-sensible-des-temperatures-des-aujourd-hui\/215630\/","title":{"rendered":"Tunisie : Baisse sensible des temp\u00e9ratures d\u00e8s aujourd\u2019hui"},"content":{"rendered":"<p>Apr\u00e8s une journ\u00e9e particuli\u00e8rement caniculaires, les temp\u00e9ratures vont baisser d\u2019une mani\u00e8re sensible aujourd\u2019hui samedi.\u00a0<\/p>\n<p>\t\t\t\t\t\t\t\t\tEn effet, les temp\u00e9ratures marqueront une baisse remarquable de 8 \u00e0 10 degr\u00e9s, ce samedi comme confirm\u00e9 par l\u2019ing\u00e9nieur principal \u00e0 l&rsquo;Institut national de la m\u00e9t\u00e9orologie (INM), Abderrazek Rahal.\u00a0<\/p>\n<p>Les zones du Nord seront les plus concern\u00e9es par cette baisse puis elle sera, progressivement, perceptible dans les zones du Centre et du Sud, le dimanche 4 ao\u00fbt et le lundi 5 ao\u00fbt.\u00a0<\/p>\n<p>Et de souligner que la Tunisie a enregistr\u00e9 une hausse importante et provisoire des temp\u00e9ratures au cours de cette p\u00e9riode, dont le pic a oscill\u00e9, vendredi, entre 40 et 47 degr\u00e9s.<\/p>\n","protected":false},"excerpt":{"rendered":"<p>En effet, les temp\u00e9ratures marqueront une baisse remarquable de 8 \u00e0 10 degr\u00e9s, ce samedi comme confirm\u00e9 par l\u2019ing\u00e9nieur principal \u00e0 l&rsquo;Institut national de la m\u00e9&#8230;<\/p>\n","protected":false},"author":3175,"featured_media":246841,"comment_status":"open","ping_status":"closed","sticky":false,"template":"","format":"standard","meta":{"footnotes":""},"categories":[44],"tags":[3319,2670,2672,2608],"class_list":["post-215630","post","type-post","status-publish","format-standard","has-post-thumbnail","hentry","category-national","tag-chaleur","tag-meteo","tag-temperatures","tag-tunisie"],"yoast_head":"<!-- This site is optimized with the Yoast SEO Premium plugin v27.4 (Yoast SEO v27.5) - https:\/\/yoast.com\/product\/yoast-seo-premium-wordpress\/ -->\n<title>Tunisie : Baisse sensible des temp\u00e9ratures d\u00e8s aujourd\u2019hui<\/title>\n<meta name=\"description\" content=\"En effet, les temp\u00e9ratures marqueront une baisse remarquable de 8 \u00e0 10 degr\u00e9s, ce samedi comme confirm\u00e9 par l\u2019ing\u00e9nieur principal \u00e0 l&#039;Institut national de la m\u00e9...\" \/>\n<link rel=\"canonical\" href=\"https:\/\/www.webdo.tn\/fr\/actualite\/national\/tunisie-baisse-sensible-des-temperatures-des-aujourd-hui\/215630\/\" \/>\n<meta property=\"og:locale\" content=\"fr_FR\" \/>\n<meta property=\"og:type\" content=\"article\" \/>\n<meta property=\"og:title\" content=\"Tunisie : Baisse sensible des temp\u00e9ratures d\u00e8s aujourd\u2019hui\" \/>\n<meta property=\"og:description\" content=\"En effet, les temp\u00e9ratures marqueront une baisse remarquable de 8 \u00e0 10 degr\u00e9s, ce samedi comme confirm\u00e9 par l\u2019ing\u00e9nieur principal \u00e0 l&#039;Institut national de la m\u00e9...\" \/>\n<meta property=\"og:url\" content=\"https:\/\/www.webdo.tn\/fr\/actualite\/national\/tunisie-baisse-sensible-des-temperatures-des-aujourd-hui\/215630\/\" \/>\n<meta property=\"og:site_name\" content=\"webdo\" \/>\n<meta property=\"article:publisher\" content=\"https:\/\/www.facebook.com\/webdotn\" \/>\n<meta property=\"article:published_time\" content=\"2024-08-03T08:42:00+00:00\" \/>\n<meta property=\"article:modified_time\" content=\"2025-05-20T22:35:10+00:00\" \/>\n<meta property=\"og:image\" content=\"https:\/\/www.webdo.tn\/fr\/wp-content\/uploads\/2024\/08\/f09ae62c0ffb83d1a41e3ec5f5253872.webp\" \/>\n\t<meta property=\"og:image:width\" content=\"640\" \/>\n\t<meta property=\"og:image:height\" content=\"341\" \/>\n\t<meta property=\"og:image:type\" content=\"image\/webp\" \/>\n<meta name=\"author\" content=\"CL\" \/>\n<meta name=\"twitter:card\" content=\"summary_large_image\" \/>\n<meta name=\"twitter:creator\" content=\"@webdo_tn\" \/>\n<meta name=\"twitter:site\" content=\"@webdo_tn\" \/>\n<meta name=\"twitter:label1\" content=\"\u00c9crit par\" \/>\n\t<meta name=\"twitter:data1\" content=\"CL\" \/>\n\t<meta name=\"twitter:label2\" content=\"Dur\u00e9e de lecture estim\u00e9e\" \/>\n\t<meta name=\"twitter:data2\" content=\"1 minute\" \/>\n<script type=\"application\/ld+json\" class=\"yoast-schema-graph\">{\"@context\":\"https:\\\/\\\/schema.org\",\"@graph\":[{\"@type\":\"NewsArticle\",\"@id\":\"https:\\\/\\\/www.webdo.tn\\\/fr\\\/actualite\\\/national\\\/tunisie-baisse-sensible-des-temperatures-des-aujourd-hui\\\/215630\\\/#article\",\"isPartOf\":{\"@id\":\"https:\\\/\\\/www.webdo.tn\\\/fr\\\/actualite\\\/national\\\/tunisie-baisse-sensible-des-temperatures-des-aujourd-hui\\\/215630\\\/\"},\"author\":{\"name\":\"CL\",\"@id\":\"https:\\\/\\\/www.webdo.tn\\\/fr\\\/#\\\/schema\\\/person\\\/f35b42a42c5e2511bbd282959d6385cc\"},\"headline\":\"Tunisie : Baisse sensible des temp\u00e9ratures d\u00e8s aujourd\u2019hui\",\"datePublished\":\"2024-08-03T08:42:00+00:00\",\"dateModified\":\"2025-05-20T22:35:10+00:00\",\"mainEntityOfPage\":{\"@id\":\"https:\\\/\\\/www.webdo.tn\\\/fr\\\/actualite\\\/national\\\/tunisie-baisse-sensible-des-temperatures-des-aujourd-hui\\\/215630\\\/\"},\"wordCount\":129,\"commentCount\":0,\"publisher\":{\"@id\":\"https:\\\/\\\/www.webdo.tn\\\/fr\\\/#organization\"},\"image\":{\"@id\":\"https:\\\/\\\/www.webdo.tn\\\/fr\\\/actualite\\\/national\\\/tunisie-baisse-sensible-des-temperatures-des-aujourd-hui\\\/215630\\\/#primaryimage\"},\"thumbnailUrl\":\"https:\\\/\\\/www.webdo.tn\\\/fr\\\/wp-content\\\/uploads\\\/2024\\\/08\\\/f09ae62c0ffb83d1a41e3ec5f5253872.webp\",\"keywords\":[\"chaleur\",\"m\u00e9t\u00e9o\",\"temp\u00e9ratures\",\"Tunisie\"],\"articleSection\":[\"National\"],\"inLanguage\":\"fr-FR\"},{\"@type\":\"WebPage\",\"@id\":\"https:\\\/\\\/www.webdo.tn\\\/fr\\\/actualite\\\/national\\\/tunisie-baisse-sensible-des-temperatures-des-aujourd-hui\\\/215630\\\/\",\"url\":\"https:\\\/\\\/www.webdo.tn\\\/fr\\\/actualite\\\/national\\\/tunisie-baisse-sensible-des-temperatures-des-aujourd-hui\\\/215630\\\/\",\"name\":\"Tunisie : Baisse sensible des temp\u00e9ratures d\u00e8s aujourd\u2019hui\",\"isPartOf\":{\"@id\":\"https:\\\/\\\/www.webdo.tn\\\/fr\\\/#website\"},\"primaryImageOfPage\":{\"@id\":\"https:\\\/\\\/www.webdo.tn\\\/fr\\\/actualite\\\/national\\\/tunisie-baisse-sensible-des-temperatures-des-aujourd-hui\\\/215630\\\/#primaryimage\"},\"image\":{\"@id\":\"https:\\\/\\\/www.webdo.tn\\\/fr\\\/actualite\\\/national\\\/tunisie-baisse-sensible-des-temperatures-des-aujourd-hui\\\/215630\\\/#primaryimage\"},\"thumbnailUrl\":\"https:\\\/\\\/www.webdo.tn\\\/fr\\\/wp-content\\\/uploads\\\/2024\\\/08\\\/f09ae62c0ffb83d1a41e3ec5f5253872.webp\",\"datePublished\":\"2024-08-03T08:42:00+00:00\",\"dateModified\":\"2025-05-20T22:35:10+00:00\",\"description\":\"En effet, les temp\u00e9ratures marqueront une baisse remarquable de 8 \u00e0 10 degr\u00e9s, ce samedi comme confirm\u00e9 par l\u2019ing\u00e9nieur principal \u00e0 l'Institut national de la m\u00e9...\",\"breadcrumb\":{\"@id\":\"https:\\\/\\\/www.webdo.tn\\\/fr\\\/actualite\\\/national\\\/tunisie-baisse-sensible-des-temperatures-des-aujourd-hui\\\/215630\\\/#breadcrumb\"},\"inLanguage\":\"fr-FR\",\"potentialAction\":[{\"@type\":\"ReadAction\",\"target\":[\"https:\\\/\\\/www.webdo.tn\\\/fr\\\/actualite\\\/national\\\/tunisie-baisse-sensible-des-temperatures-des-aujourd-hui\\\/215630\\\/\"]}]},{\"@type\":\"ImageObject\",\"inLanguage\":\"fr-FR\",\"@id\":\"https:\\\/\\\/www.webdo.tn\\\/fr\\\/actualite\\\/national\\\/tunisie-baisse-sensible-des-temperatures-des-aujourd-hui\\\/215630\\\/#primaryimage\",\"url\":\"https:\\\/\\\/www.webdo.tn\\\/fr\\\/wp-content\\\/uploads\\\/2024\\\/08\\\/f09ae62c0ffb83d1a41e3ec5f5253872.webp\",\"contentUrl\":\"https:\\\/\\\/www.webdo.tn\\\/fr\\\/wp-content\\\/uploads\\\/2024\\\/08\\\/f09ae62c0ffb83d1a41e3ec5f5253872.webp\",\"width\":640,\"height\":341,\"caption\":\"Tunisie : Baisse sensible des temp\u00e9ratures d\u00e8s aujourd\u2019hui\"},{\"@type\":\"BreadcrumbList\",\"@id\":\"https:\\\/\\\/www.webdo.tn\\\/fr\\\/actualite\\\/national\\\/tunisie-baisse-sensible-des-temperatures-des-aujourd-hui\\\/215630\\\/#breadcrumb\",\"itemListElement\":[{\"@type\":\"ListItem\",\"position\":1,\"name\":\"Accueil\",\"item\":\"https:\\\/\\\/www.webdo.tn\\\/fr\\\/\"},{\"@type\":\"ListItem\",\"position\":2,\"name\":\"Tunisie : Baisse sensible des temp\u00e9ratures d\u00e8s aujourd\u2019hui\"}]},{\"@type\":\"WebSite\",\"@id\":\"https:\\\/\\\/www.webdo.tn\\\/fr\\\/#website\",\"url\":\"https:\\\/\\\/www.webdo.tn\\\/fr\\\/\",\"name\":\"webdo\",\"description\":\"Tunisie - News en Tunisie et \u00e0 l&#039;international sur Webdo.tn\",\"publisher\":{\"@id\":\"https:\\\/\\\/www.webdo.tn\\\/fr\\\/#organization\"},\"potentialAction\":[{\"@type\":\"SearchAction\",\"target\":{\"@type\":\"EntryPoint\",\"urlTemplate\":\"https:\\\/\\\/www.webdo.tn\\\/fr\\\/?s={search_term_string}\"},\"query-input\":{\"@type\":\"PropertyValueSpecification\",\"valueRequired\":true,\"valueName\":\"search_term_string\"}}],\"inLanguage\":\"fr-FR\"},{\"@type\":\"Organization\",\"@id\":\"https:\\\/\\\/www.webdo.tn\\\/fr\\\/#organization\",\"name\":\"Webdo\",\"alternateName\":\"Webdo.tn\",\"url\":\"https:\\\/\\\/www.webdo.tn\\\/fr\\\/\",\"logo\":{\"@type\":\"ImageObject\",\"inLanguage\":\"fr-FR\",\"@id\":\"https:\\\/\\\/www.webdo.tn\\\/fr\\\/#\\\/schema\\\/logo\\\/image\\\/\",\"url\":\"https:\\\/\\\/www.webdo.tn\\\/fr\\\/wp-content\\\/uploads\\\/2025\\\/06\\\/Webdo-Tunisie_168377.jpg\",\"contentUrl\":\"https:\\\/\\\/www.webdo.tn\\\/fr\\\/wp-content\\\/uploads\\\/2025\\\/06\\\/Webdo-Tunisie_168377.jpg\",\"width\":301,\"height\":301,\"caption\":\"Webdo\"},\"image\":{\"@id\":\"https:\\\/\\\/www.webdo.tn\\\/fr\\\/#\\\/schema\\\/logo\\\/image\\\/\"},\"sameAs\":[\"https:\\\/\\\/www.facebook.com\\\/webdotn\",\"https:\\\/\\\/x.com\\\/webdo_tn\"],\"description\":\"Webdo est un m\u00e9dia num\u00e9rique tunisien fond\u00e9 en 2010, sp\u00e9cialis\u00e9 dans l\u2019actualit\u00e9 nationale et internationale, l\u2019\u00e9conomie, la soci\u00e9t\u00e9 et les analyses politiques. Le site s\u2019adresse \u00e0 un large public francophone et couvre l\u2019information tunisienne en temps r\u00e9el.\",\"email\":\"redac@webdo.tn\",\"legalName\":\"YNJ SARL\",\"foundingDate\":\"2010-09-06\",\"numberOfEmployees\":{\"@type\":\"QuantitativeValue\",\"minValue\":\"11\",\"maxValue\":\"50\"}},{\"@type\":\"Person\",\"@id\":\"https:\\\/\\\/www.webdo.tn\\\/fr\\\/#\\\/schema\\\/person\\\/f35b42a42c5e2511bbd282959d6385cc\",\"name\":\"CL\",\"image\":{\"@type\":\"ImageObject\",\"inLanguage\":\"fr-FR\",\"@id\":\"https:\\\/\\\/secure.gravatar.com\\\/avatar\\\/1447a49909b67aa657c488aec6512e1dd6143a480c1ecfee9b5b5cd74eb3b59e?s=96&d=mm&r=g\",\"url\":\"https:\\\/\\\/secure.gravatar.com\\\/avatar\\\/1447a49909b67aa657c488aec6512e1dd6143a480c1ecfee9b5b5cd74eb3b59e?s=96&d=mm&r=g\",\"contentUrl\":\"https:\\\/\\\/secure.gravatar.com\\\/avatar\\\/1447a49909b67aa657c488aec6512e1dd6143a480c1ecfee9b5b5cd74eb3b59e?s=96&d=mm&r=g\",\"caption\":\"CL\"},\"url\":\"https:\\\/\\\/www.webdo.tn\\\/fr\\\/actualite\\\/author\\\/cl\\\/\"}]}<\/script>\n<!-- \/ Yoast SEO Premium plugin. -->","yoast_head_json":{"title":"Tunisie : Baisse sensible des temp\u00e9ratures d\u00e8s aujourd\u2019hui","description":"En effet, les temp\u00e9ratures marqueront une baisse remarquable de 8 \u00e0 10 degr\u00e9s, ce samedi comme confirm\u00e9 par l\u2019ing\u00e9nieur principal \u00e0 l'Institut national de la m\u00e9...","canonical":"https:\/\/www.webdo.tn\/fr\/actualite\/national\/tunisie-baisse-sensible-des-temperatures-des-aujourd-hui\/215630\/","og_locale":"fr_FR","og_type":"article","og_title":"Tunisie : Baisse sensible des temp\u00e9ratures d\u00e8s aujourd\u2019hui","og_description":"En effet, les temp\u00e9ratures marqueront une baisse remarquable de 8 \u00e0 10 degr\u00e9s, ce samedi comme confirm\u00e9 par l\u2019ing\u00e9nieur principal \u00e0 l'Institut national de la m\u00e9...","og_url":"https:\/\/www.webdo.tn\/fr\/actualite\/national\/tunisie-baisse-sensible-des-temperatures-des-aujourd-hui\/215630\/","og_site_name":"webdo","article_publisher":"https:\/\/www.facebook.com\/webdotn","article_published_time":"2024-08-03T08:42:00+00:00","article_modified_time":"2025-05-20T22:35:10+00:00","og_image":[{"width":640,"height":341,"url":"https:\/\/www.webdo.tn\/fr\/wp-content\/uploads\/2024\/08\/f09ae62c0ffb83d1a41e3ec5f5253872.webp","type":"image\/webp"}],"author":"CL","twitter_card":"summary_large_image","twitter_creator":"@webdo_tn","twitter_site":"@webdo_tn","twitter_misc":{"\u00c9crit par":"CL","Dur\u00e9e de lecture estim\u00e9e":"1 minute"},"schema":{"@context":"https:\/\/schema.org","@graph":[{"@type":"NewsArticle","@id":"https:\/\/www.webdo.tn\/fr\/actualite\/national\/tunisie-baisse-sensible-des-temperatures-des-aujourd-hui\/215630\/#article","isPartOf":{"@id":"https:\/\/www.webdo.tn\/fr\/actualite\/national\/tunisie-baisse-sensible-des-temperatures-des-aujourd-hui\/215630\/"},"author":{"name":"CL","@id":"https:\/\/www.webdo.tn\/fr\/#\/schema\/person\/f35b42a42c5e2511bbd282959d6385cc"},"headline":"Tunisie : Baisse sensible des temp\u00e9ratures d\u00e8s aujourd\u2019hui","datePublished":"2024-08-03T08:42:00+00:00","dateModified":"2025-05-20T22:35:10+00:00","mainEntityOfPage":{"@id":"https:\/\/www.webdo.tn\/fr\/actualite\/national\/tunisie-baisse-sensible-des-temperatures-des-aujourd-hui\/215630\/"},"wordCount":129,"commentCount":0,"publisher":{"@id":"https:\/\/www.webdo.tn\/fr\/#organization"},"image":{"@id":"https:\/\/www.webdo.tn\/fr\/actualite\/national\/tunisie-baisse-sensible-des-temperatures-des-aujourd-hui\/215630\/#primaryimage"},"thumbnailUrl":"https:\/\/www.webdo.tn\/fr\/wp-content\/uploads\/2024\/08\/f09ae62c0ffb83d1a41e3ec5f5253872.webp","keywords":["chaleur","m\u00e9t\u00e9o","temp\u00e9ratures","Tunisie"],"articleSection":["National"],"inLanguage":"fr-FR"},{"@type":"WebPage","@id":"https:\/\/www.webdo.tn\/fr\/actualite\/national\/tunisie-baisse-sensible-des-temperatures-des-aujourd-hui\/215630\/","url":"https:\/\/www.webdo.tn\/fr\/actualite\/national\/tunisie-baisse-sensible-des-temperatures-des-aujourd-hui\/215630\/","name":"Tunisie : Baisse sensible des temp\u00e9ratures d\u00e8s aujourd\u2019hui","isPartOf":{"@id":"https:\/\/www.webdo.tn\/fr\/#website"},"primaryImageOfPage":{"@id":"https:\/\/www.webdo.tn\/fr\/actualite\/national\/tunisie-baisse-sensible-des-temperatures-des-aujourd-hui\/215630\/#primaryimage"},"image":{"@id":"https:\/\/www.webdo.tn\/fr\/actualite\/national\/tunisie-baisse-sensible-des-temperatures-des-aujourd-hui\/215630\/#primaryimage"},"thumbnailUrl":"https:\/\/www.webdo.tn\/fr\/wp-content\/uploads\/2024\/08\/f09ae62c0ffb83d1a41e3ec5f5253872.webp","datePublished":"2024-08-03T08:42:00+00:00","dateModified":"2025-05-20T22:35:10+00:00","description":"En effet, les temp\u00e9ratures marqueront une baisse remarquable de 8 \u00e0 10 degr\u00e9s, ce samedi comme confirm\u00e9 par l\u2019ing\u00e9nieur principal \u00e0 l'Institut national de la m\u00e9...","breadcrumb":{"@id":"https:\/\/www.webdo.tn\/fr\/actualite\/national\/tunisie-baisse-sensible-des-temperatures-des-aujourd-hui\/215630\/#breadcrumb"},"inLanguage":"fr-FR","potentialAction":[{"@type":"ReadAction","target":["https:\/\/www.webdo.tn\/fr\/actualite\/national\/tunisie-baisse-sensible-des-temperatures-des-aujourd-hui\/215630\/"]}]},{"@type":"ImageObject","inLanguage":"fr-FR","@id":"https:\/\/www.webdo.tn\/fr\/actualite\/national\/tunisie-baisse-sensible-des-temperatures-des-aujourd-hui\/215630\/#primaryimage","url":"https:\/\/www.webdo.tn\/fr\/wp-content\/uploads\/2024\/08\/f09ae62c0ffb83d1a41e3ec5f5253872.webp","contentUrl":"https:\/\/www.webdo.tn\/fr\/wp-content\/uploads\/2024\/08\/f09ae62c0ffb83d1a41e3ec5f5253872.webp","width":640,"height":341,"caption":"Tunisie : Baisse sensible des temp\u00e9ratures d\u00e8s aujourd\u2019hui"},{"@type":"BreadcrumbList","@id":"https:\/\/www.webdo.tn\/fr\/actualite\/national\/tunisie-baisse-sensible-des-temperatures-des-aujourd-hui\/215630\/#breadcrumb","itemListElement":[{"@type":"ListItem","position":1,"name":"Accueil","item":"https:\/\/www.webdo.tn\/fr\/"},{"@type":"ListItem","position":2,"name":"Tunisie : Baisse sensible des temp\u00e9ratures d\u00e8s aujourd\u2019hui"}]},{"@type":"WebSite","@id":"https:\/\/www.webdo.tn\/fr\/#website","url":"https:\/\/www.webdo.tn\/fr\/","name":"webdo","description":"Tunisie - News en Tunisie et \u00e0 l&#039;international sur Webdo.tn","publisher":{"@id":"https:\/\/www.webdo.tn\/fr\/#organization"},"potentialAction":[{"@type":"SearchAction","target":{"@type":"EntryPoint","urlTemplate":"https:\/\/www.webdo.tn\/fr\/?s={search_term_string}"},"query-input":{"@type":"PropertyValueSpecification","valueRequired":true,"valueName":"search_term_string"}}],"inLanguage":"fr-FR"},{"@type":"Organization","@id":"https:\/\/www.webdo.tn\/fr\/#organization","name":"Webdo","alternateName":"Webdo.tn","url":"https:\/\/www.webdo.tn\/fr\/","logo":{"@type":"ImageObject","inLanguage":"fr-FR","@id":"https:\/\/www.webdo.tn\/fr\/#\/schema\/logo\/image\/","url":"https:\/\/www.webdo.tn\/fr\/wp-content\/uploads\/2025\/06\/Webdo-Tunisie_168377.jpg","contentUrl":"https:\/\/www.webdo.tn\/fr\/wp-content\/uploads\/2025\/06\/Webdo-Tunisie_168377.jpg","width":301,"height":301,"caption":"Webdo"},"image":{"@id":"https:\/\/www.webdo.tn\/fr\/#\/schema\/logo\/image\/"},"sameAs":["https:\/\/www.facebook.com\/webdotn","https:\/\/x.com\/webdo_tn"],"description":"Webdo est un m\u00e9dia num\u00e9rique tunisien fond\u00e9 en 2010, sp\u00e9cialis\u00e9 dans l\u2019actualit\u00e9 nationale et internationale, l\u2019\u00e9conomie, la soci\u00e9t\u00e9 et les analyses politiques. Le site s\u2019adresse \u00e0 un large public francophone et couvre l\u2019information tunisienne en temps r\u00e9el.","email":"redac@webdo.tn","legalName":"YNJ SARL","foundingDate":"2010-09-06","numberOfEmployees":{"@type":"QuantitativeValue","minValue":"11","maxValue":"50"}},{"@type":"Person","@id":"https:\/\/www.webdo.tn\/fr\/#\/schema\/person\/f35b42a42c5e2511bbd282959d6385cc","name":"CL","image":{"@type":"ImageObject","inLanguage":"fr-FR","@id":"https:\/\/secure.gravatar.com\/avatar\/1447a49909b67aa657c488aec6512e1dd6143a480c1ecfee9b5b5cd74eb3b59e?s=96&d=mm&r=g","url":"https:\/\/secure.gravatar.com\/avatar\/1447a49909b67aa657c488aec6512e1dd6143a480c1ecfee9b5b5cd74eb3b59e?s=96&d=mm&r=g","contentUrl":"https:\/\/secure.gravatar.com\/avatar\/1447a49909b67aa657c488aec6512e1dd6143a480c1ecfee9b5b5cd74eb3b59e?s=96&d=mm&r=g","caption":"CL"},"url":"https:\/\/www.webdo.tn\/fr\/actualite\/author\/cl\/"}]}},"_links":{"self":[{"href":"https:\/\/www.webdo.tn\/fr\/wp-json\/wp\/v2\/posts\/215630","targetHints":{"allow":["GET"]}}],"collection":[{"href":"https:\/\/www.webdo.tn\/fr\/wp-json\/wp\/v2\/posts"}],"about":[{"href":"https:\/\/www.webdo.tn\/fr\/wp-json\/wp\/v2\/types\/post"}],"author":[{"embeddable":true,"href":"https:\/\/www.webdo.tn\/fr\/wp-json\/wp\/v2\/users\/3175"}],"replies":[{"embeddable":true,"href":"https:\/\/www.webdo.tn\/fr\/wp-json\/wp\/v2\/comments?post=215630"}],"version-history":[{"count":0,"href":"https:\/\/www.webdo.tn\/fr\/wp-json\/wp\/v2\/posts\/215630\/revisions"}],"wp:featuredmedia":[{"embeddable":true,"href":"https:\/\/www.webdo.tn\/fr\/wp-json\/wp\/v2\/media\/246841"}],"wp:attachment":[{"href":"https:\/\/www.webdo.tn\/fr\/wp-json\/wp\/v2\/media?parent=215630"}],"wp:term":[{"taxonomy":"category","embeddable":true,"href":"https:\/\/www.webdo.tn\/fr\/wp-json\/wp\/v2\/categories?post=215630"},{"taxonomy":"post_tag","embeddable":true,"href":"https:\/\/www.webdo.tn\/fr\/wp-json\/wp\/v2\/tags?post=215630"}],"curies":[{"name":"wp","href":"https:\/\/api.w.org\/{rel}","templated":true}]}}