{"id":215628,"date":"2024-08-02T21:30:00","date_gmt":"2024-08-02T21:30:00","guid":{"rendered":"https:\/\/www.webdo.tn\/fr\/blog\/le-nombre-de-bus-dans-la-region-de-tunis-a-chute-de-1157-a-350-en-dix-ans\/215628\/"},"modified":"2025-05-21T09:04:28","modified_gmt":"2025-05-21T09:04:28","slug":"le-nombre-de-bus-dans-la-region-de-tunis-a-chute-de-1157-a-350-en-dix-ans","status":"publish","type":"post","link":"https:\/\/www.webdo.tn\/fr\/actualite\/national\/le-nombre-de-bus-dans-la-region-de-tunis-a-chute-de-1157-a-350-en-dix-ans\/215628\/","title":{"rendered":"Le nombre de bus dans la r\u00e9gion de Tunis a chut\u00e9 de 1157 \u00e0 350 en dix ans"},"content":{"rendered":"<p>Aujourd\u2019hui, vendredi 2 ao\u00fbt 2024, le pr\u00e9sident de la R\u00e9publique, Ka\u00efs Sa\u00efed, a re\u00e7u au Palais de Carthage Sarra Zaafrani Zenzri, Ministre de l&rsquo;\u00c9quipement, du Logement et charg\u00e9e de la gestion du Minist\u00e8re des Transports. Lors de cette rencontre, le pr\u00e9sident a soulign\u00e9 l\u2019urgence de trouver des solutions imm\u00e9diates pour rem\u00e9dier aux graves dysfonctionnements du transport public.<\/p>\n<p>\t\t\t\t\t\t\t\t\tLe Pr\u00e9sident Sa\u00efed a exprim\u00e9 sa pr\u00e9occupation face \u00e0 la d\u00e9t\u00e9rioration du transport urbain et interurbain, d\u00e9crivant cette situation comme une v\u00e9ritable souffrance quotidienne pour les citoyens. Ce probl\u00e8me, selon lui, d\u00e9coule du d\u00e9sengagement de l&rsquo;\u00c9tat en mati\u00e8re de transport public depuis le d\u00e9but des ann\u00e9es 1990, une tendance qui s\u2019est aggrav\u00e9e au fil des ann\u00e9es. \u00c0 titre d&rsquo;exemple, dans la r\u00e9gion de Tunis, le nombre de bus a chut\u00e9 de 1157 \u00e0 350 en l\u2019espace de dix ans, tandis que les m\u00e9tros se sont largement d\u00e9t\u00e9rior\u00e9s et les trains n&rsquo;ont pas \u00e9t\u00e9 entretenus depuis plus de quarante ans.<\/p>\n<p>Pour pallier cette crise, le pr\u00e9sident a appel\u00e9 \u00e0 l&rsquo;acquisition urgente de nouveaux bus afin de soulager au moins partiellement les passagers et de mettre en place une strat\u00e9gie pour moderniser et am\u00e9liorer le secteur des transports publics. Il a insist\u00e9 sur la n\u00e9cessit\u00e9 de restaurer le service public de transport et de le d\u00e9velopper pour garantir le droit l\u00e9gitime des citoyens \u00e0 un service efficace.<\/p>\n<p>En outre, le pr\u00e9sident Sa\u00efed a \u00e9galement abord\u00e9 la question du logement social. Il a exhort\u00e9 \u00e0 poursuivre la distribution des logements sociaux selon des crit\u00e8res clairs et \u00e9quitables, dans un cadre de totale transparence. Il a mentionn\u00e9 que les op\u00e9rations de distribution r\u00e9alis\u00e9es dans plusieurs r\u00e9gions du pays ont \u00e9t\u00e9 bien accept\u00e9es car elles ont respect\u00e9 les normes \u00e9tablies, contrairement aux pratiques ant\u00e9rieures marqu\u00e9es par le favoritisme ou la corruption.<\/p>\n","protected":false},"excerpt":{"rendered":"<p>Le pr\u00e9sident Ka\u00efs Sa\u00efed appelle \u00e0 des r\u00e9formes urgentes pour le transport public et la distribution \u00e9quitable des logements sociaux lors d&rsquo;une rencontre avec Sa&#8230;<\/p>\n","protected":false},"author":3166,"featured_media":246846,"comment_status":"open","ping_status":"closed","sticky":false,"template":"","format":"standard","meta":{"footnotes":""},"categories":[44],"tags":[2818,2608],"class_list":["post-215628","post","type-post","status-publish","format-standard","has-post-thumbnail","hentry","category-national","tag-transport","tag-tunisie"],"yoast_head":"<!-- This site is optimized with the Yoast SEO Premium plugin v27.4 (Yoast SEO v27.5) - https:\/\/yoast.com\/product\/yoast-seo-premium-wordpress\/ -->\n<title>Le nombre de bus dans la r\u00e9gion de Tunis a chut\u00e9 de 1157 \u00e0 350 en dix ans<\/title>\n<meta name=\"description\" content=\"Le pr\u00e9sident Ka\u00efs Sa\u00efed appelle \u00e0 des r\u00e9formes urgentes pour le transport public et la distribution \u00e9quitable des logements sociaux lors d&#039;une rencontre avec Sa...\" \/>\n<link rel=\"canonical\" href=\"https:\/\/www.webdo.tn\/fr\/actualite\/national\/le-nombre-de-bus-dans-la-region-de-tunis-a-chute-de-1157-a-350-en-dix-ans\/215628\/\" \/>\n<meta property=\"og:locale\" content=\"fr_FR\" \/>\n<meta property=\"og:type\" content=\"article\" \/>\n<meta property=\"og:title\" content=\"Le nombre de bus dans la r\u00e9gion de Tunis a chut\u00e9 de 1157 \u00e0 350 en dix ans\" \/>\n<meta property=\"og:description\" content=\"Le pr\u00e9sident Ka\u00efs Sa\u00efed appelle \u00e0 des r\u00e9formes urgentes pour le transport public et la distribution \u00e9quitable des logements sociaux lors d&#039;une rencontre avec Sa...\" \/>\n<meta property=\"og:url\" content=\"https:\/\/www.webdo.tn\/fr\/actualite\/national\/le-nombre-de-bus-dans-la-region-de-tunis-a-chute-de-1157-a-350-en-dix-ans\/215628\/\" \/>\n<meta property=\"og:site_name\" content=\"webdo\" \/>\n<meta property=\"article:publisher\" content=\"https:\/\/www.facebook.com\/webdotn\" \/>\n<meta property=\"article:published_time\" content=\"2024-08-02T21:30:00+00:00\" \/>\n<meta property=\"article:modified_time\" content=\"2025-05-21T09:04:28+00:00\" \/>\n<meta property=\"og:image\" content=\"https:\/\/www.webdo.tn\/fr\/wp-content\/uploads\/2024\/08\/8a1bde02f80b477e934c6f954f4d49cd.webp\" \/>\n\t<meta property=\"og:image:width\" content=\"750\" \/>\n\t<meta property=\"og:image:height\" content=\"400\" \/>\n\t<meta property=\"og:image:type\" content=\"image\/webp\" \/>\n<meta name=\"author\" content=\"AZ\" \/>\n<meta name=\"twitter:card\" content=\"summary_large_image\" \/>\n<meta name=\"twitter:creator\" content=\"@webdo_tn\" \/>\n<meta name=\"twitter:site\" content=\"@webdo_tn\" \/>\n<meta name=\"twitter:label1\" content=\"\u00c9crit par\" \/>\n\t<meta name=\"twitter:data1\" content=\"AZ\" \/>\n\t<meta name=\"twitter:label2\" content=\"Dur\u00e9e de lecture estim\u00e9e\" \/>\n\t<meta name=\"twitter:data2\" content=\"2 minutes\" \/>\n<script type=\"application\/ld+json\" class=\"yoast-schema-graph\">{\"@context\":\"https:\\\/\\\/schema.org\",\"@graph\":[{\"@type\":\"NewsArticle\",\"@id\":\"https:\\\/\\\/www.webdo.tn\\\/fr\\\/actualite\\\/national\\\/le-nombre-de-bus-dans-la-region-de-tunis-a-chute-de-1157-a-350-en-dix-ans\\\/215628\\\/#article\",\"isPartOf\":{\"@id\":\"https:\\\/\\\/www.webdo.tn\\\/fr\\\/actualite\\\/national\\\/le-nombre-de-bus-dans-la-region-de-tunis-a-chute-de-1157-a-350-en-dix-ans\\\/215628\\\/\"},\"author\":{\"name\":\"AZ\",\"@id\":\"https:\\\/\\\/www.webdo.tn\\\/fr\\\/#\\\/schema\\\/person\\\/b8a41c04d93287d375510db360906b34\"},\"headline\":\"Le nombre de bus dans la r\u00e9gion de Tunis a chut\u00e9 de 1157 \u00e0 350 en dix ans\",\"datePublished\":\"2024-08-02T21:30:00+00:00\",\"dateModified\":\"2025-05-21T09:04:28+00:00\",\"mainEntityOfPage\":{\"@id\":\"https:\\\/\\\/www.webdo.tn\\\/fr\\\/actualite\\\/national\\\/le-nombre-de-bus-dans-la-region-de-tunis-a-chute-de-1157-a-350-en-dix-ans\\\/215628\\\/\"},\"wordCount\":354,\"commentCount\":0,\"publisher\":{\"@id\":\"https:\\\/\\\/www.webdo.tn\\\/fr\\\/#organization\"},\"image\":{\"@id\":\"https:\\\/\\\/www.webdo.tn\\\/fr\\\/actualite\\\/national\\\/le-nombre-de-bus-dans-la-region-de-tunis-a-chute-de-1157-a-350-en-dix-ans\\\/215628\\\/#primaryimage\"},\"thumbnailUrl\":\"https:\\\/\\\/www.webdo.tn\\\/fr\\\/wp-content\\\/uploads\\\/2024\\\/08\\\/8a1bde02f80b477e934c6f954f4d49cd.webp\",\"keywords\":[\"Transport\",\"Tunisie\"],\"articleSection\":[\"National\"],\"inLanguage\":\"fr-FR\"},{\"@type\":\"WebPage\",\"@id\":\"https:\\\/\\\/www.webdo.tn\\\/fr\\\/actualite\\\/national\\\/le-nombre-de-bus-dans-la-region-de-tunis-a-chute-de-1157-a-350-en-dix-ans\\\/215628\\\/\",\"url\":\"https:\\\/\\\/www.webdo.tn\\\/fr\\\/actualite\\\/national\\\/le-nombre-de-bus-dans-la-region-de-tunis-a-chute-de-1157-a-350-en-dix-ans\\\/215628\\\/\",\"name\":\"Le nombre de bus dans la r\u00e9gion de Tunis a chut\u00e9 de 1157 \u00e0 350 en dix ans\",\"isPartOf\":{\"@id\":\"https:\\\/\\\/www.webdo.tn\\\/fr\\\/#website\"},\"primaryImageOfPage\":{\"@id\":\"https:\\\/\\\/www.webdo.tn\\\/fr\\\/actualite\\\/national\\\/le-nombre-de-bus-dans-la-region-de-tunis-a-chute-de-1157-a-350-en-dix-ans\\\/215628\\\/#primaryimage\"},\"image\":{\"@id\":\"https:\\\/\\\/www.webdo.tn\\\/fr\\\/actualite\\\/national\\\/le-nombre-de-bus-dans-la-region-de-tunis-a-chute-de-1157-a-350-en-dix-ans\\\/215628\\\/#primaryimage\"},\"thumbnailUrl\":\"https:\\\/\\\/www.webdo.tn\\\/fr\\\/wp-content\\\/uploads\\\/2024\\\/08\\\/8a1bde02f80b477e934c6f954f4d49cd.webp\",\"datePublished\":\"2024-08-02T21:30:00+00:00\",\"dateModified\":\"2025-05-21T09:04:28+00:00\",\"description\":\"Le pr\u00e9sident Ka\u00efs Sa\u00efed appelle \u00e0 des r\u00e9formes urgentes pour le transport public et la distribution \u00e9quitable des logements sociaux lors d'une rencontre avec Sa...\",\"breadcrumb\":{\"@id\":\"https:\\\/\\\/www.webdo.tn\\\/fr\\\/actualite\\\/national\\\/le-nombre-de-bus-dans-la-region-de-tunis-a-chute-de-1157-a-350-en-dix-ans\\\/215628\\\/#breadcrumb\"},\"inLanguage\":\"fr-FR\",\"potentialAction\":[{\"@type\":\"ReadAction\",\"target\":[\"https:\\\/\\\/www.webdo.tn\\\/fr\\\/actualite\\\/national\\\/le-nombre-de-bus-dans-la-region-de-tunis-a-chute-de-1157-a-350-en-dix-ans\\\/215628\\\/\"]}]},{\"@type\":\"ImageObject\",\"inLanguage\":\"fr-FR\",\"@id\":\"https:\\\/\\\/www.webdo.tn\\\/fr\\\/actualite\\\/national\\\/le-nombre-de-bus-dans-la-region-de-tunis-a-chute-de-1157-a-350-en-dix-ans\\\/215628\\\/#primaryimage\",\"url\":\"https:\\\/\\\/www.webdo.tn\\\/fr\\\/wp-content\\\/uploads\\\/2024\\\/08\\\/8a1bde02f80b477e934c6f954f4d49cd.webp\",\"contentUrl\":\"https:\\\/\\\/www.webdo.tn\\\/fr\\\/wp-content\\\/uploads\\\/2024\\\/08\\\/8a1bde02f80b477e934c6f954f4d49cd.webp\",\"width\":750,\"height\":400,\"caption\":\"Le nombre de bus dans la r\u00e9gion de Tunis a chut\u00e9 de 1157 \u00e0 350 en dix ans\"},{\"@type\":\"BreadcrumbList\",\"@id\":\"https:\\\/\\\/www.webdo.tn\\\/fr\\\/actualite\\\/national\\\/le-nombre-de-bus-dans-la-region-de-tunis-a-chute-de-1157-a-350-en-dix-ans\\\/215628\\\/#breadcrumb\",\"itemListElement\":[{\"@type\":\"ListItem\",\"position\":1,\"name\":\"Accueil\",\"item\":\"https:\\\/\\\/www.webdo.tn\\\/fr\\\/\"},{\"@type\":\"ListItem\",\"position\":2,\"name\":\"Le nombre de bus dans la r\u00e9gion de Tunis a chut\u00e9 de 1157 \u00e0 350 en dix ans\"}]},{\"@type\":\"WebSite\",\"@id\":\"https:\\\/\\\/www.webdo.tn\\\/fr\\\/#website\",\"url\":\"https:\\\/\\\/www.webdo.tn\\\/fr\\\/\",\"name\":\"webdo\",\"description\":\"Tunisie - News en Tunisie et \u00e0 l&#039;international sur Webdo.tn\",\"publisher\":{\"@id\":\"https:\\\/\\\/www.webdo.tn\\\/fr\\\/#organization\"},\"potentialAction\":[{\"@type\":\"SearchAction\",\"target\":{\"@type\":\"EntryPoint\",\"urlTemplate\":\"https:\\\/\\\/www.webdo.tn\\\/fr\\\/?s={search_term_string}\"},\"query-input\":{\"@type\":\"PropertyValueSpecification\",\"valueRequired\":true,\"valueName\":\"search_term_string\"}}],\"inLanguage\":\"fr-FR\"},{\"@type\":\"Organization\",\"@id\":\"https:\\\/\\\/www.webdo.tn\\\/fr\\\/#organization\",\"name\":\"Webdo\",\"alternateName\":\"Webdo.tn\",\"url\":\"https:\\\/\\\/www.webdo.tn\\\/fr\\\/\",\"logo\":{\"@type\":\"ImageObject\",\"inLanguage\":\"fr-FR\",\"@id\":\"https:\\\/\\\/www.webdo.tn\\\/fr\\\/#\\\/schema\\\/logo\\\/image\\\/\",\"url\":\"https:\\\/\\\/www.webdo.tn\\\/fr\\\/wp-content\\\/uploads\\\/2025\\\/06\\\/Webdo-Tunisie_168377.jpg\",\"contentUrl\":\"https:\\\/\\\/www.webdo.tn\\\/fr\\\/wp-content\\\/uploads\\\/2025\\\/06\\\/Webdo-Tunisie_168377.jpg\",\"width\":301,\"height\":301,\"caption\":\"Webdo\"},\"image\":{\"@id\":\"https:\\\/\\\/www.webdo.tn\\\/fr\\\/#\\\/schema\\\/logo\\\/image\\\/\"},\"sameAs\":[\"https:\\\/\\\/www.facebook.com\\\/webdotn\",\"https:\\\/\\\/x.com\\\/webdo_tn\"],\"description\":\"Webdo est un m\u00e9dia num\u00e9rique tunisien fond\u00e9 en 2010, sp\u00e9cialis\u00e9 dans l\u2019actualit\u00e9 nationale et internationale, l\u2019\u00e9conomie, la soci\u00e9t\u00e9 et les analyses politiques. Le site s\u2019adresse \u00e0 un large public francophone et couvre l\u2019information tunisienne en temps r\u00e9el.\",\"email\":\"redac@webdo.tn\",\"legalName\":\"YNJ SARL\",\"foundingDate\":\"2010-09-06\",\"numberOfEmployees\":{\"@type\":\"QuantitativeValue\",\"minValue\":\"11\",\"maxValue\":\"50\"}},{\"@type\":\"Person\",\"@id\":\"https:\\\/\\\/www.webdo.tn\\\/fr\\\/#\\\/schema\\\/person\\\/b8a41c04d93287d375510db360906b34\",\"name\":\"AZ\",\"image\":{\"@type\":\"ImageObject\",\"inLanguage\":\"fr-FR\",\"@id\":\"https:\\\/\\\/secure.gravatar.com\\\/avatar\\\/492b80bada79439de4201dce15cd41eece6c277cfdf1b53382073c79105c1f89?s=96&d=mm&r=g\",\"url\":\"https:\\\/\\\/secure.gravatar.com\\\/avatar\\\/492b80bada79439de4201dce15cd41eece6c277cfdf1b53382073c79105c1f89?s=96&d=mm&r=g\",\"contentUrl\":\"https:\\\/\\\/secure.gravatar.com\\\/avatar\\\/492b80bada79439de4201dce15cd41eece6c277cfdf1b53382073c79105c1f89?s=96&d=mm&r=g\",\"caption\":\"AZ\"},\"url\":\"https:\\\/\\\/www.webdo.tn\\\/fr\\\/actualite\\\/author\\\/az\\\/\"}]}<\/script>\n<!-- \/ Yoast SEO Premium plugin. -->","yoast_head_json":{"title":"Le nombre de bus dans la r\u00e9gion de Tunis a chut\u00e9 de 1157 \u00e0 350 en dix ans","description":"Le pr\u00e9sident Ka\u00efs Sa\u00efed appelle \u00e0 des r\u00e9formes urgentes pour le transport public et la distribution \u00e9quitable des logements sociaux lors d'une rencontre avec Sa...","canonical":"https:\/\/www.webdo.tn\/fr\/actualite\/national\/le-nombre-de-bus-dans-la-region-de-tunis-a-chute-de-1157-a-350-en-dix-ans\/215628\/","og_locale":"fr_FR","og_type":"article","og_title":"Le nombre de bus dans la r\u00e9gion de Tunis a chut\u00e9 de 1157 \u00e0 350 en dix ans","og_description":"Le pr\u00e9sident Ka\u00efs Sa\u00efed appelle \u00e0 des r\u00e9formes urgentes pour le transport public et la distribution \u00e9quitable des logements sociaux lors d'une rencontre avec Sa...","og_url":"https:\/\/www.webdo.tn\/fr\/actualite\/national\/le-nombre-de-bus-dans-la-region-de-tunis-a-chute-de-1157-a-350-en-dix-ans\/215628\/","og_site_name":"webdo","article_publisher":"https:\/\/www.facebook.com\/webdotn","article_published_time":"2024-08-02T21:30:00+00:00","article_modified_time":"2025-05-21T09:04:28+00:00","og_image":[{"width":750,"height":400,"url":"https:\/\/www.webdo.tn\/fr\/wp-content\/uploads\/2024\/08\/8a1bde02f80b477e934c6f954f4d49cd.webp","type":"image\/webp"}],"author":"AZ","twitter_card":"summary_large_image","twitter_creator":"@webdo_tn","twitter_site":"@webdo_tn","twitter_misc":{"\u00c9crit par":"AZ","Dur\u00e9e de lecture estim\u00e9e":"2 minutes"},"schema":{"@context":"https:\/\/schema.org","@graph":[{"@type":"NewsArticle","@id":"https:\/\/www.webdo.tn\/fr\/actualite\/national\/le-nombre-de-bus-dans-la-region-de-tunis-a-chute-de-1157-a-350-en-dix-ans\/215628\/#article","isPartOf":{"@id":"https:\/\/www.webdo.tn\/fr\/actualite\/national\/le-nombre-de-bus-dans-la-region-de-tunis-a-chute-de-1157-a-350-en-dix-ans\/215628\/"},"author":{"name":"AZ","@id":"https:\/\/www.webdo.tn\/fr\/#\/schema\/person\/b8a41c04d93287d375510db360906b34"},"headline":"Le nombre de bus dans la r\u00e9gion de Tunis a chut\u00e9 de 1157 \u00e0 350 en dix ans","datePublished":"2024-08-02T21:30:00+00:00","dateModified":"2025-05-21T09:04:28+00:00","mainEntityOfPage":{"@id":"https:\/\/www.webdo.tn\/fr\/actualite\/national\/le-nombre-de-bus-dans-la-region-de-tunis-a-chute-de-1157-a-350-en-dix-ans\/215628\/"},"wordCount":354,"commentCount":0,"publisher":{"@id":"https:\/\/www.webdo.tn\/fr\/#organization"},"image":{"@id":"https:\/\/www.webdo.tn\/fr\/actualite\/national\/le-nombre-de-bus-dans-la-region-de-tunis-a-chute-de-1157-a-350-en-dix-ans\/215628\/#primaryimage"},"thumbnailUrl":"https:\/\/www.webdo.tn\/fr\/wp-content\/uploads\/2024\/08\/8a1bde02f80b477e934c6f954f4d49cd.webp","keywords":["Transport","Tunisie"],"articleSection":["National"],"inLanguage":"fr-FR"},{"@type":"WebPage","@id":"https:\/\/www.webdo.tn\/fr\/actualite\/national\/le-nombre-de-bus-dans-la-region-de-tunis-a-chute-de-1157-a-350-en-dix-ans\/215628\/","url":"https:\/\/www.webdo.tn\/fr\/actualite\/national\/le-nombre-de-bus-dans-la-region-de-tunis-a-chute-de-1157-a-350-en-dix-ans\/215628\/","name":"Le nombre de bus dans la r\u00e9gion de Tunis a chut\u00e9 de 1157 \u00e0 350 en dix ans","isPartOf":{"@id":"https:\/\/www.webdo.tn\/fr\/#website"},"primaryImageOfPage":{"@id":"https:\/\/www.webdo.tn\/fr\/actualite\/national\/le-nombre-de-bus-dans-la-region-de-tunis-a-chute-de-1157-a-350-en-dix-ans\/215628\/#primaryimage"},"image":{"@id":"https:\/\/www.webdo.tn\/fr\/actualite\/national\/le-nombre-de-bus-dans-la-region-de-tunis-a-chute-de-1157-a-350-en-dix-ans\/215628\/#primaryimage"},"thumbnailUrl":"https:\/\/www.webdo.tn\/fr\/wp-content\/uploads\/2024\/08\/8a1bde02f80b477e934c6f954f4d49cd.webp","datePublished":"2024-08-02T21:30:00+00:00","dateModified":"2025-05-21T09:04:28+00:00","description":"Le pr\u00e9sident Ka\u00efs Sa\u00efed appelle \u00e0 des r\u00e9formes urgentes pour le transport public et la distribution \u00e9quitable des logements sociaux lors d'une rencontre avec Sa...","breadcrumb":{"@id":"https:\/\/www.webdo.tn\/fr\/actualite\/national\/le-nombre-de-bus-dans-la-region-de-tunis-a-chute-de-1157-a-350-en-dix-ans\/215628\/#breadcrumb"},"inLanguage":"fr-FR","potentialAction":[{"@type":"ReadAction","target":["https:\/\/www.webdo.tn\/fr\/actualite\/national\/le-nombre-de-bus-dans-la-region-de-tunis-a-chute-de-1157-a-350-en-dix-ans\/215628\/"]}]},{"@type":"ImageObject","inLanguage":"fr-FR","@id":"https:\/\/www.webdo.tn\/fr\/actualite\/national\/le-nombre-de-bus-dans-la-region-de-tunis-a-chute-de-1157-a-350-en-dix-ans\/215628\/#primaryimage","url":"https:\/\/www.webdo.tn\/fr\/wp-content\/uploads\/2024\/08\/8a1bde02f80b477e934c6f954f4d49cd.webp","contentUrl":"https:\/\/www.webdo.tn\/fr\/wp-content\/uploads\/2024\/08\/8a1bde02f80b477e934c6f954f4d49cd.webp","width":750,"height":400,"caption":"Le nombre de bus dans la r\u00e9gion de Tunis a chut\u00e9 de 1157 \u00e0 350 en dix ans"},{"@type":"BreadcrumbList","@id":"https:\/\/www.webdo.tn\/fr\/actualite\/national\/le-nombre-de-bus-dans-la-region-de-tunis-a-chute-de-1157-a-350-en-dix-ans\/215628\/#breadcrumb","itemListElement":[{"@type":"ListItem","position":1,"name":"Accueil","item":"https:\/\/www.webdo.tn\/fr\/"},{"@type":"ListItem","position":2,"name":"Le nombre de bus dans la r\u00e9gion de Tunis a chut\u00e9 de 1157 \u00e0 350 en dix ans"}]},{"@type":"WebSite","@id":"https:\/\/www.webdo.tn\/fr\/#website","url":"https:\/\/www.webdo.tn\/fr\/","name":"webdo","description":"Tunisie - News en Tunisie et \u00e0 l&#039;international sur Webdo.tn","publisher":{"@id":"https:\/\/www.webdo.tn\/fr\/#organization"},"potentialAction":[{"@type":"SearchAction","target":{"@type":"EntryPoint","urlTemplate":"https:\/\/www.webdo.tn\/fr\/?s={search_term_string}"},"query-input":{"@type":"PropertyValueSpecification","valueRequired":true,"valueName":"search_term_string"}}],"inLanguage":"fr-FR"},{"@type":"Organization","@id":"https:\/\/www.webdo.tn\/fr\/#organization","name":"Webdo","alternateName":"Webdo.tn","url":"https:\/\/www.webdo.tn\/fr\/","logo":{"@type":"ImageObject","inLanguage":"fr-FR","@id":"https:\/\/www.webdo.tn\/fr\/#\/schema\/logo\/image\/","url":"https:\/\/www.webdo.tn\/fr\/wp-content\/uploads\/2025\/06\/Webdo-Tunisie_168377.jpg","contentUrl":"https:\/\/www.webdo.tn\/fr\/wp-content\/uploads\/2025\/06\/Webdo-Tunisie_168377.jpg","width":301,"height":301,"caption":"Webdo"},"image":{"@id":"https:\/\/www.webdo.tn\/fr\/#\/schema\/logo\/image\/"},"sameAs":["https:\/\/www.facebook.com\/webdotn","https:\/\/x.com\/webdo_tn"],"description":"Webdo est un m\u00e9dia num\u00e9rique tunisien fond\u00e9 en 2010, sp\u00e9cialis\u00e9 dans l\u2019actualit\u00e9 nationale et internationale, l\u2019\u00e9conomie, la soci\u00e9t\u00e9 et les analyses politiques. Le site s\u2019adresse \u00e0 un large public francophone et couvre l\u2019information tunisienne en temps r\u00e9el.","email":"redac@webdo.tn","legalName":"YNJ SARL","foundingDate":"2010-09-06","numberOfEmployees":{"@type":"QuantitativeValue","minValue":"11","maxValue":"50"}},{"@type":"Person","@id":"https:\/\/www.webdo.tn\/fr\/#\/schema\/person\/b8a41c04d93287d375510db360906b34","name":"AZ","image":{"@type":"ImageObject","inLanguage":"fr-FR","@id":"https:\/\/secure.gravatar.com\/avatar\/492b80bada79439de4201dce15cd41eece6c277cfdf1b53382073c79105c1f89?s=96&d=mm&r=g","url":"https:\/\/secure.gravatar.com\/avatar\/492b80bada79439de4201dce15cd41eece6c277cfdf1b53382073c79105c1f89?s=96&d=mm&r=g","contentUrl":"https:\/\/secure.gravatar.com\/avatar\/492b80bada79439de4201dce15cd41eece6c277cfdf1b53382073c79105c1f89?s=96&d=mm&r=g","caption":"AZ"},"url":"https:\/\/www.webdo.tn\/fr\/actualite\/author\/az\/"}]}},"_links":{"self":[{"href":"https:\/\/www.webdo.tn\/fr\/wp-json\/wp\/v2\/posts\/215628","targetHints":{"allow":["GET"]}}],"collection":[{"href":"https:\/\/www.webdo.tn\/fr\/wp-json\/wp\/v2\/posts"}],"about":[{"href":"https:\/\/www.webdo.tn\/fr\/wp-json\/wp\/v2\/types\/post"}],"author":[{"embeddable":true,"href":"https:\/\/www.webdo.tn\/fr\/wp-json\/wp\/v2\/users\/3166"}],"replies":[{"embeddable":true,"href":"https:\/\/www.webdo.tn\/fr\/wp-json\/wp\/v2\/comments?post=215628"}],"version-history":[{"count":0,"href":"https:\/\/www.webdo.tn\/fr\/wp-json\/wp\/v2\/posts\/215628\/revisions"}],"wp:featuredmedia":[{"embeddable":true,"href":"https:\/\/www.webdo.tn\/fr\/wp-json\/wp\/v2\/media\/246846"}],"wp:attachment":[{"href":"https:\/\/www.webdo.tn\/fr\/wp-json\/wp\/v2\/media?parent=215628"}],"wp:term":[{"taxonomy":"category","embeddable":true,"href":"https:\/\/www.webdo.tn\/fr\/wp-json\/wp\/v2\/categories?post=215628"},{"taxonomy":"post_tag","embeddable":true,"href":"https:\/\/www.webdo.tn\/fr\/wp-json\/wp\/v2\/tags?post=215628"}],"curies":[{"name":"wp","href":"https:\/\/api.w.org\/{rel}","templated":true}]}}