{"id":215627,"date":"2024-08-02T21:11:00","date_gmt":"2024-08-02T21:11:00","guid":{"rendered":"https:\/\/www.webdo.tn\/fr\/blog\/kais-saied-l-education-est-le-plus-grand-atout-de-la-tunisie\/215627\/"},"modified":"2025-05-21T09:06:24","modified_gmt":"2025-05-21T09:06:24","slug":"kais-saied-l-education-est-le-plus-grand-atout-de-la-tunisie","status":"publish","type":"post","link":"https:\/\/www.webdo.tn\/fr\/actualite\/national\/kais-saied-l-education-est-le-plus-grand-atout-de-la-tunisie\/215627\/","title":{"rendered":"Ka\u00efs Sa\u00efed : \u00a0\u00bb  L&rsquo;\u00e9ducation est le plus grand atout de la Tunisie\u00a0\u00bb"},"content":{"rendered":"<p>Ce vendredi 2 ao\u00fbt 2024, au palais de Carthage, le Pr\u00e9sident de la R\u00e9publique, Ka\u00efs Sa\u00efed, a r\u00e9it\u00e9r\u00e9 l&rsquo;urgence d&rsquo;une solution d\u00e9finitive pour les enseignants contractuels, les conseillers p\u00e9dagogiques et les agents de laboratoire.<\/p>\n<p>\t\t\t\t\t\t\t\t\tLors de sa rencontre avec Salwa Abbassi, ministre de l&rsquo;\u00c9ducation, Sa\u00efed a soulign\u00e9 la n\u00e9cessit\u00e9 d&rsquo;une r\u00e9forme fond\u00e9e sur des crit\u00e8res transparents pour garantir leurs droits et mettre fin aux situations pr\u00e9caires qui persistent depuis trop longtemps.<\/p>\n<p>Le pr\u00e9sident a not\u00e9 que ces probl\u00e8mes auraient pu \u00eatre r\u00e9solus plus t\u00f4t si des mesures appropri\u00e9es avaient \u00e9t\u00e9 mises en place. Il a \u00e9galement abord\u00e9 la question de l&rsquo;entretien des infrastructures \u00e9ducatives, en pr\u00e9cisant que les fonds n\u00e9cessaires sont disponibles et que la contribution des citoyens \u00e0 la maintenance est envisageable.<\/p>\n<p>\u00c0 l&rsquo;approche de la rentr\u00e9e scolaire, Ka\u00efs Sa\u00efed a insist\u00e9 sur l&rsquo;importance de se pr\u00e9parer d\u00e8s maintenant, notamment en assurant la s\u00e9curit\u00e9 des \u00e9l\u00e8ves, la protection des \u00e9tablissements scolaires et la qualit\u00e9 du transport scolaire. Il a affirm\u00e9 que l&rsquo;\u00e9ducation est le plus grand atout de la Tunisie et que la richesse humaine est sa ressource la plus pr\u00e9cieuse. Selon lui, le syst\u00e8me \u00e9ducatif est le meilleur rempart contre le terrorisme, l&rsquo;ali\u00e9nation et la d\u00e9viation, et il doit \u00eatre accessible \u00e0 tous sur un pied d&rsquo;\u00e9galit\u00e9.<\/p>\n","protected":false},"excerpt":{"rendered":"<p>Ka\u00efs Sa\u00efed a appel\u00e9 \u00e0 une r\u00e9forme compl\u00e8te pour les enseignants, conseillers p\u00e9dagogiques et agents de laboratoire lors de sa r\u00e9union avec la ministre de l&rsquo;\u00c9duc&#8230;<\/p>\n","protected":false},"author":3166,"featured_media":290913,"comment_status":"open","ping_status":"closed","sticky":false,"template":"","format":"standard","meta":{"footnotes":""},"categories":[44],"tags":[2634,2614,2608],"class_list":["post-215627","post","type-post","status-publish","format-standard","has-post-thumbnail","hentry","category-national","tag-education","tag-kais-saied","tag-tunisie"],"yoast_head":"<!-- This site is optimized with the Yoast SEO Premium plugin v27.4 (Yoast SEO v27.5) - https:\/\/yoast.com\/product\/yoast-seo-premium-wordpress\/ -->\n<title>Ka\u00efs Sa\u00efed : L&#039;\u00e9ducation est le plus grand atout de la Tunisie<\/title>\n<meta name=\"description\" content=\"Ka\u00efs Sa\u00efed a appel\u00e9 \u00e0 une r\u00e9forme compl\u00e8te pour les enseignants, conseillers p\u00e9dagogiques et agents de laboratoire lors de sa r\u00e9union avec la ministre de l&#039;\u00c9duc...\" \/>\n<link rel=\"canonical\" href=\"https:\/\/www.webdo.tn\/fr\/actualite\/national\/kais-saied-l-education-est-le-plus-grand-atout-de-la-tunisie\/215627\/\" \/>\n<meta property=\"og:locale\" content=\"fr_FR\" \/>\n<meta property=\"og:type\" content=\"article\" \/>\n<meta property=\"og:title\" content=\"Ka\u00efs Sa\u00efed : &quot; L&#039;\u00e9ducation est le plus grand atout de la Tunisie&quot;\" \/>\n<meta property=\"og:description\" content=\"Ka\u00efs Sa\u00efed a appel\u00e9 \u00e0 une r\u00e9forme compl\u00e8te pour les enseignants, conseillers p\u00e9dagogiques et agents de laboratoire lors de sa r\u00e9union avec la ministre de l&#039;\u00c9duc...\" \/>\n<meta property=\"og:url\" content=\"https:\/\/www.webdo.tn\/fr\/actualite\/national\/kais-saied-l-education-est-le-plus-grand-atout-de-la-tunisie\/215627\/\" \/>\n<meta property=\"og:site_name\" content=\"webdo\" \/>\n<meta property=\"article:publisher\" content=\"https:\/\/www.facebook.com\/webdotn\" \/>\n<meta property=\"article:published_time\" content=\"2024-08-02T21:11:00+00:00\" \/>\n<meta property=\"article:modified_time\" content=\"2025-05-21T09:06:24+00:00\" \/>\n<meta property=\"og:image\" content=\"https:\/\/www.webdo.tn\/fr\/wp-content\/uploads\/2024\/08\/0113bc79f13cf8f38f2880884a0f9dfe.webp\" \/>\n\t<meta property=\"og:image:width\" content=\"750\" \/>\n\t<meta property=\"og:image:height\" content=\"400\" \/>\n\t<meta property=\"og:image:type\" content=\"image\/webp\" \/>\n<meta name=\"author\" content=\"AZ\" \/>\n<meta name=\"twitter:card\" content=\"summary_large_image\" \/>\n<meta name=\"twitter:creator\" content=\"@webdo_tn\" \/>\n<meta name=\"twitter:site\" content=\"@webdo_tn\" \/>\n<meta name=\"twitter:label1\" content=\"\u00c9crit par\" \/>\n\t<meta name=\"twitter:data1\" content=\"AZ\" \/>\n\t<meta name=\"twitter:label2\" content=\"Dur\u00e9e de lecture estim\u00e9e\" \/>\n\t<meta name=\"twitter:data2\" content=\"1 minute\" \/>\n<script type=\"application\/ld+json\" class=\"yoast-schema-graph\">{\"@context\":\"https:\\\/\\\/schema.org\",\"@graph\":[{\"@type\":\"NewsArticle\",\"@id\":\"https:\\\/\\\/www.webdo.tn\\\/fr\\\/actualite\\\/national\\\/kais-saied-l-education-est-le-plus-grand-atout-de-la-tunisie\\\/215627\\\/#article\",\"isPartOf\":{\"@id\":\"https:\\\/\\\/www.webdo.tn\\\/fr\\\/actualite\\\/national\\\/kais-saied-l-education-est-le-plus-grand-atout-de-la-tunisie\\\/215627\\\/\"},\"author\":{\"name\":\"AZ\",\"@id\":\"https:\\\/\\\/www.webdo.tn\\\/fr\\\/#\\\/schema\\\/person\\\/b8a41c04d93287d375510db360906b34\"},\"headline\":\"Ka\u00efs Sa\u00efed : \u00a0\u00bb L&rsquo;\u00e9ducation est le plus grand atout de la Tunisie\u00a0\u00bb\",\"datePublished\":\"2024-08-02T21:11:00+00:00\",\"dateModified\":\"2025-05-21T09:06:24+00:00\",\"mainEntityOfPage\":{\"@id\":\"https:\\\/\\\/www.webdo.tn\\\/fr\\\/actualite\\\/national\\\/kais-saied-l-education-est-le-plus-grand-atout-de-la-tunisie\\\/215627\\\/\"},\"wordCount\":261,\"commentCount\":0,\"publisher\":{\"@id\":\"https:\\\/\\\/www.webdo.tn\\\/fr\\\/#organization\"},\"image\":{\"@id\":\"https:\\\/\\\/www.webdo.tn\\\/fr\\\/actualite\\\/national\\\/kais-saied-l-education-est-le-plus-grand-atout-de-la-tunisie\\\/215627\\\/#primaryimage\"},\"thumbnailUrl\":\"https:\\\/\\\/www.webdo.tn\\\/fr\\\/wp-content\\\/uploads\\\/2024\\\/08\\\/0113bc79f13cf8f38f2880884a0f9dfe.webp\",\"keywords\":[\"\u00e9ducation\",\"Kais Saied\",\"Tunisie\"],\"articleSection\":[\"National\"],\"inLanguage\":\"fr-FR\"},{\"@type\":\"WebPage\",\"@id\":\"https:\\\/\\\/www.webdo.tn\\\/fr\\\/actualite\\\/national\\\/kais-saied-l-education-est-le-plus-grand-atout-de-la-tunisie\\\/215627\\\/\",\"url\":\"https:\\\/\\\/www.webdo.tn\\\/fr\\\/actualite\\\/national\\\/kais-saied-l-education-est-le-plus-grand-atout-de-la-tunisie\\\/215627\\\/\",\"name\":\"Ka\u00efs Sa\u00efed : L'\u00e9ducation est le plus grand atout de la Tunisie\",\"isPartOf\":{\"@id\":\"https:\\\/\\\/www.webdo.tn\\\/fr\\\/#website\"},\"primaryImageOfPage\":{\"@id\":\"https:\\\/\\\/www.webdo.tn\\\/fr\\\/actualite\\\/national\\\/kais-saied-l-education-est-le-plus-grand-atout-de-la-tunisie\\\/215627\\\/#primaryimage\"},\"image\":{\"@id\":\"https:\\\/\\\/www.webdo.tn\\\/fr\\\/actualite\\\/national\\\/kais-saied-l-education-est-le-plus-grand-atout-de-la-tunisie\\\/215627\\\/#primaryimage\"},\"thumbnailUrl\":\"https:\\\/\\\/www.webdo.tn\\\/fr\\\/wp-content\\\/uploads\\\/2024\\\/08\\\/0113bc79f13cf8f38f2880884a0f9dfe.webp\",\"datePublished\":\"2024-08-02T21:11:00+00:00\",\"dateModified\":\"2025-05-21T09:06:24+00:00\",\"description\":\"Ka\u00efs Sa\u00efed a appel\u00e9 \u00e0 une r\u00e9forme compl\u00e8te pour les enseignants, conseillers p\u00e9dagogiques et agents de laboratoire lors de sa r\u00e9union avec la ministre de l'\u00c9duc...\",\"breadcrumb\":{\"@id\":\"https:\\\/\\\/www.webdo.tn\\\/fr\\\/actualite\\\/national\\\/kais-saied-l-education-est-le-plus-grand-atout-de-la-tunisie\\\/215627\\\/#breadcrumb\"},\"inLanguage\":\"fr-FR\",\"potentialAction\":[{\"@type\":\"ReadAction\",\"target\":[\"https:\\\/\\\/www.webdo.tn\\\/fr\\\/actualite\\\/national\\\/kais-saied-l-education-est-le-plus-grand-atout-de-la-tunisie\\\/215627\\\/\"]}]},{\"@type\":\"ImageObject\",\"inLanguage\":\"fr-FR\",\"@id\":\"https:\\\/\\\/www.webdo.tn\\\/fr\\\/actualite\\\/national\\\/kais-saied-l-education-est-le-plus-grand-atout-de-la-tunisie\\\/215627\\\/#primaryimage\",\"url\":\"https:\\\/\\\/www.webdo.tn\\\/fr\\\/wp-content\\\/uploads\\\/2024\\\/08\\\/0113bc79f13cf8f38f2880884a0f9dfe.webp\",\"contentUrl\":\"https:\\\/\\\/www.webdo.tn\\\/fr\\\/wp-content\\\/uploads\\\/2024\\\/08\\\/0113bc79f13cf8f38f2880884a0f9dfe.webp\",\"width\":750,\"height\":400,\"caption\":\"Ka\u00efs Sa\u00efed : \\\" L'\u00e9ducation est le plus grand atout de la Tunisie\\\"\"},{\"@type\":\"BreadcrumbList\",\"@id\":\"https:\\\/\\\/www.webdo.tn\\\/fr\\\/actualite\\\/national\\\/kais-saied-l-education-est-le-plus-grand-atout-de-la-tunisie\\\/215627\\\/#breadcrumb\",\"itemListElement\":[{\"@type\":\"ListItem\",\"position\":1,\"name\":\"Accueil\",\"item\":\"https:\\\/\\\/www.webdo.tn\\\/fr\\\/\"},{\"@type\":\"ListItem\",\"position\":2,\"name\":\"Ka\u00efs Sa\u00efed : \u00a0\u00bb L&rsquo;\u00e9ducation est le plus grand atout de la Tunisie\u00a0\u00bb\"}]},{\"@type\":\"WebSite\",\"@id\":\"https:\\\/\\\/www.webdo.tn\\\/fr\\\/#website\",\"url\":\"https:\\\/\\\/www.webdo.tn\\\/fr\\\/\",\"name\":\"webdo\",\"description\":\"Tunisie - News en Tunisie et \u00e0 l&#039;international sur Webdo.tn\",\"publisher\":{\"@id\":\"https:\\\/\\\/www.webdo.tn\\\/fr\\\/#organization\"},\"potentialAction\":[{\"@type\":\"SearchAction\",\"target\":{\"@type\":\"EntryPoint\",\"urlTemplate\":\"https:\\\/\\\/www.webdo.tn\\\/fr\\\/?s={search_term_string}\"},\"query-input\":{\"@type\":\"PropertyValueSpecification\",\"valueRequired\":true,\"valueName\":\"search_term_string\"}}],\"inLanguage\":\"fr-FR\"},{\"@type\":\"Organization\",\"@id\":\"https:\\\/\\\/www.webdo.tn\\\/fr\\\/#organization\",\"name\":\"Webdo\",\"alternateName\":\"Webdo.tn\",\"url\":\"https:\\\/\\\/www.webdo.tn\\\/fr\\\/\",\"logo\":{\"@type\":\"ImageObject\",\"inLanguage\":\"fr-FR\",\"@id\":\"https:\\\/\\\/www.webdo.tn\\\/fr\\\/#\\\/schema\\\/logo\\\/image\\\/\",\"url\":\"https:\\\/\\\/www.webdo.tn\\\/fr\\\/wp-content\\\/uploads\\\/2025\\\/06\\\/Webdo-Tunisie_168377.jpg\",\"contentUrl\":\"https:\\\/\\\/www.webdo.tn\\\/fr\\\/wp-content\\\/uploads\\\/2025\\\/06\\\/Webdo-Tunisie_168377.jpg\",\"width\":301,\"height\":301,\"caption\":\"Webdo\"},\"image\":{\"@id\":\"https:\\\/\\\/www.webdo.tn\\\/fr\\\/#\\\/schema\\\/logo\\\/image\\\/\"},\"sameAs\":[\"https:\\\/\\\/www.facebook.com\\\/webdotn\",\"https:\\\/\\\/x.com\\\/webdo_tn\"],\"description\":\"Webdo est un m\u00e9dia num\u00e9rique tunisien fond\u00e9 en 2010, sp\u00e9cialis\u00e9 dans l\u2019actualit\u00e9 nationale et internationale, l\u2019\u00e9conomie, la soci\u00e9t\u00e9 et les analyses politiques. Le site s\u2019adresse \u00e0 un large public francophone et couvre l\u2019information tunisienne en temps r\u00e9el.\",\"email\":\"redac@webdo.tn\",\"legalName\":\"YNJ SARL\",\"foundingDate\":\"2010-09-06\",\"numberOfEmployees\":{\"@type\":\"QuantitativeValue\",\"minValue\":\"11\",\"maxValue\":\"50\"}},{\"@type\":\"Person\",\"@id\":\"https:\\\/\\\/www.webdo.tn\\\/fr\\\/#\\\/schema\\\/person\\\/b8a41c04d93287d375510db360906b34\",\"name\":\"AZ\",\"image\":{\"@type\":\"ImageObject\",\"inLanguage\":\"fr-FR\",\"@id\":\"https:\\\/\\\/secure.gravatar.com\\\/avatar\\\/492b80bada79439de4201dce15cd41eece6c277cfdf1b53382073c79105c1f89?s=96&d=mm&r=g\",\"url\":\"https:\\\/\\\/secure.gravatar.com\\\/avatar\\\/492b80bada79439de4201dce15cd41eece6c277cfdf1b53382073c79105c1f89?s=96&d=mm&r=g\",\"contentUrl\":\"https:\\\/\\\/secure.gravatar.com\\\/avatar\\\/492b80bada79439de4201dce15cd41eece6c277cfdf1b53382073c79105c1f89?s=96&d=mm&r=g\",\"caption\":\"AZ\"},\"url\":\"https:\\\/\\\/www.webdo.tn\\\/fr\\\/actualite\\\/author\\\/az\\\/\"}]}<\/script>\n<!-- \/ Yoast SEO Premium plugin. -->","yoast_head_json":{"title":"Ka\u00efs Sa\u00efed : L'\u00e9ducation est le plus grand atout de la Tunisie","description":"Ka\u00efs Sa\u00efed a appel\u00e9 \u00e0 une r\u00e9forme compl\u00e8te pour les enseignants, conseillers p\u00e9dagogiques et agents de laboratoire lors de sa r\u00e9union avec la ministre de l'\u00c9duc...","canonical":"https:\/\/www.webdo.tn\/fr\/actualite\/national\/kais-saied-l-education-est-le-plus-grand-atout-de-la-tunisie\/215627\/","og_locale":"fr_FR","og_type":"article","og_title":"Ka\u00efs Sa\u00efed : \" L'\u00e9ducation est le plus grand atout de la Tunisie\"","og_description":"Ka\u00efs Sa\u00efed a appel\u00e9 \u00e0 une r\u00e9forme compl\u00e8te pour les enseignants, conseillers p\u00e9dagogiques et agents de laboratoire lors de sa r\u00e9union avec la ministre de l'\u00c9duc...","og_url":"https:\/\/www.webdo.tn\/fr\/actualite\/national\/kais-saied-l-education-est-le-plus-grand-atout-de-la-tunisie\/215627\/","og_site_name":"webdo","article_publisher":"https:\/\/www.facebook.com\/webdotn","article_published_time":"2024-08-02T21:11:00+00:00","article_modified_time":"2025-05-21T09:06:24+00:00","og_image":[{"width":750,"height":400,"url":"https:\/\/www.webdo.tn\/fr\/wp-content\/uploads\/2024\/08\/0113bc79f13cf8f38f2880884a0f9dfe.webp","type":"image\/webp"}],"author":"AZ","twitter_card":"summary_large_image","twitter_creator":"@webdo_tn","twitter_site":"@webdo_tn","twitter_misc":{"\u00c9crit par":"AZ","Dur\u00e9e de lecture estim\u00e9e":"1 minute"},"schema":{"@context":"https:\/\/schema.org","@graph":[{"@type":"NewsArticle","@id":"https:\/\/www.webdo.tn\/fr\/actualite\/national\/kais-saied-l-education-est-le-plus-grand-atout-de-la-tunisie\/215627\/#article","isPartOf":{"@id":"https:\/\/www.webdo.tn\/fr\/actualite\/national\/kais-saied-l-education-est-le-plus-grand-atout-de-la-tunisie\/215627\/"},"author":{"name":"AZ","@id":"https:\/\/www.webdo.tn\/fr\/#\/schema\/person\/b8a41c04d93287d375510db360906b34"},"headline":"Ka\u00efs Sa\u00efed : \u00a0\u00bb L&rsquo;\u00e9ducation est le plus grand atout de la Tunisie\u00a0\u00bb","datePublished":"2024-08-02T21:11:00+00:00","dateModified":"2025-05-21T09:06:24+00:00","mainEntityOfPage":{"@id":"https:\/\/www.webdo.tn\/fr\/actualite\/national\/kais-saied-l-education-est-le-plus-grand-atout-de-la-tunisie\/215627\/"},"wordCount":261,"commentCount":0,"publisher":{"@id":"https:\/\/www.webdo.tn\/fr\/#organization"},"image":{"@id":"https:\/\/www.webdo.tn\/fr\/actualite\/national\/kais-saied-l-education-est-le-plus-grand-atout-de-la-tunisie\/215627\/#primaryimage"},"thumbnailUrl":"https:\/\/www.webdo.tn\/fr\/wp-content\/uploads\/2024\/08\/0113bc79f13cf8f38f2880884a0f9dfe.webp","keywords":["\u00e9ducation","Kais Saied","Tunisie"],"articleSection":["National"],"inLanguage":"fr-FR"},{"@type":"WebPage","@id":"https:\/\/www.webdo.tn\/fr\/actualite\/national\/kais-saied-l-education-est-le-plus-grand-atout-de-la-tunisie\/215627\/","url":"https:\/\/www.webdo.tn\/fr\/actualite\/national\/kais-saied-l-education-est-le-plus-grand-atout-de-la-tunisie\/215627\/","name":"Ka\u00efs Sa\u00efed : L'\u00e9ducation est le plus grand atout de la Tunisie","isPartOf":{"@id":"https:\/\/www.webdo.tn\/fr\/#website"},"primaryImageOfPage":{"@id":"https:\/\/www.webdo.tn\/fr\/actualite\/national\/kais-saied-l-education-est-le-plus-grand-atout-de-la-tunisie\/215627\/#primaryimage"},"image":{"@id":"https:\/\/www.webdo.tn\/fr\/actualite\/national\/kais-saied-l-education-est-le-plus-grand-atout-de-la-tunisie\/215627\/#primaryimage"},"thumbnailUrl":"https:\/\/www.webdo.tn\/fr\/wp-content\/uploads\/2024\/08\/0113bc79f13cf8f38f2880884a0f9dfe.webp","datePublished":"2024-08-02T21:11:00+00:00","dateModified":"2025-05-21T09:06:24+00:00","description":"Ka\u00efs Sa\u00efed a appel\u00e9 \u00e0 une r\u00e9forme compl\u00e8te pour les enseignants, conseillers p\u00e9dagogiques et agents de laboratoire lors de sa r\u00e9union avec la ministre de l'\u00c9duc...","breadcrumb":{"@id":"https:\/\/www.webdo.tn\/fr\/actualite\/national\/kais-saied-l-education-est-le-plus-grand-atout-de-la-tunisie\/215627\/#breadcrumb"},"inLanguage":"fr-FR","potentialAction":[{"@type":"ReadAction","target":["https:\/\/www.webdo.tn\/fr\/actualite\/national\/kais-saied-l-education-est-le-plus-grand-atout-de-la-tunisie\/215627\/"]}]},{"@type":"ImageObject","inLanguage":"fr-FR","@id":"https:\/\/www.webdo.tn\/fr\/actualite\/national\/kais-saied-l-education-est-le-plus-grand-atout-de-la-tunisie\/215627\/#primaryimage","url":"https:\/\/www.webdo.tn\/fr\/wp-content\/uploads\/2024\/08\/0113bc79f13cf8f38f2880884a0f9dfe.webp","contentUrl":"https:\/\/www.webdo.tn\/fr\/wp-content\/uploads\/2024\/08\/0113bc79f13cf8f38f2880884a0f9dfe.webp","width":750,"height":400,"caption":"Ka\u00efs Sa\u00efed : \" L'\u00e9ducation est le plus grand atout de la Tunisie\""},{"@type":"BreadcrumbList","@id":"https:\/\/www.webdo.tn\/fr\/actualite\/national\/kais-saied-l-education-est-le-plus-grand-atout-de-la-tunisie\/215627\/#breadcrumb","itemListElement":[{"@type":"ListItem","position":1,"name":"Accueil","item":"https:\/\/www.webdo.tn\/fr\/"},{"@type":"ListItem","position":2,"name":"Ka\u00efs Sa\u00efed : \u00a0\u00bb L&rsquo;\u00e9ducation est le plus grand atout de la Tunisie\u00a0\u00bb"}]},{"@type":"WebSite","@id":"https:\/\/www.webdo.tn\/fr\/#website","url":"https:\/\/www.webdo.tn\/fr\/","name":"webdo","description":"Tunisie - News en Tunisie et \u00e0 l&#039;international sur Webdo.tn","publisher":{"@id":"https:\/\/www.webdo.tn\/fr\/#organization"},"potentialAction":[{"@type":"SearchAction","target":{"@type":"EntryPoint","urlTemplate":"https:\/\/www.webdo.tn\/fr\/?s={search_term_string}"},"query-input":{"@type":"PropertyValueSpecification","valueRequired":true,"valueName":"search_term_string"}}],"inLanguage":"fr-FR"},{"@type":"Organization","@id":"https:\/\/www.webdo.tn\/fr\/#organization","name":"Webdo","alternateName":"Webdo.tn","url":"https:\/\/www.webdo.tn\/fr\/","logo":{"@type":"ImageObject","inLanguage":"fr-FR","@id":"https:\/\/www.webdo.tn\/fr\/#\/schema\/logo\/image\/","url":"https:\/\/www.webdo.tn\/fr\/wp-content\/uploads\/2025\/06\/Webdo-Tunisie_168377.jpg","contentUrl":"https:\/\/www.webdo.tn\/fr\/wp-content\/uploads\/2025\/06\/Webdo-Tunisie_168377.jpg","width":301,"height":301,"caption":"Webdo"},"image":{"@id":"https:\/\/www.webdo.tn\/fr\/#\/schema\/logo\/image\/"},"sameAs":["https:\/\/www.facebook.com\/webdotn","https:\/\/x.com\/webdo_tn"],"description":"Webdo est un m\u00e9dia num\u00e9rique tunisien fond\u00e9 en 2010, sp\u00e9cialis\u00e9 dans l\u2019actualit\u00e9 nationale et internationale, l\u2019\u00e9conomie, la soci\u00e9t\u00e9 et les analyses politiques. Le site s\u2019adresse \u00e0 un large public francophone et couvre l\u2019information tunisienne en temps r\u00e9el.","email":"redac@webdo.tn","legalName":"YNJ SARL","foundingDate":"2010-09-06","numberOfEmployees":{"@type":"QuantitativeValue","minValue":"11","maxValue":"50"}},{"@type":"Person","@id":"https:\/\/www.webdo.tn\/fr\/#\/schema\/person\/b8a41c04d93287d375510db360906b34","name":"AZ","image":{"@type":"ImageObject","inLanguage":"fr-FR","@id":"https:\/\/secure.gravatar.com\/avatar\/492b80bada79439de4201dce15cd41eece6c277cfdf1b53382073c79105c1f89?s=96&d=mm&r=g","url":"https:\/\/secure.gravatar.com\/avatar\/492b80bada79439de4201dce15cd41eece6c277cfdf1b53382073c79105c1f89?s=96&d=mm&r=g","contentUrl":"https:\/\/secure.gravatar.com\/avatar\/492b80bada79439de4201dce15cd41eece6c277cfdf1b53382073c79105c1f89?s=96&d=mm&r=g","caption":"AZ"},"url":"https:\/\/www.webdo.tn\/fr\/actualite\/author\/az\/"}]}},"_links":{"self":[{"href":"https:\/\/www.webdo.tn\/fr\/wp-json\/wp\/v2\/posts\/215627","targetHints":{"allow":["GET"]}}],"collection":[{"href":"https:\/\/www.webdo.tn\/fr\/wp-json\/wp\/v2\/posts"}],"about":[{"href":"https:\/\/www.webdo.tn\/fr\/wp-json\/wp\/v2\/types\/post"}],"author":[{"embeddable":true,"href":"https:\/\/www.webdo.tn\/fr\/wp-json\/wp\/v2\/users\/3166"}],"replies":[{"embeddable":true,"href":"https:\/\/www.webdo.tn\/fr\/wp-json\/wp\/v2\/comments?post=215627"}],"version-history":[{"count":0,"href":"https:\/\/www.webdo.tn\/fr\/wp-json\/wp\/v2\/posts\/215627\/revisions"}],"wp:featuredmedia":[{"embeddable":true,"href":"https:\/\/www.webdo.tn\/fr\/wp-json\/wp\/v2\/media\/290913"}],"wp:attachment":[{"href":"https:\/\/www.webdo.tn\/fr\/wp-json\/wp\/v2\/media?parent=215627"}],"wp:term":[{"taxonomy":"category","embeddable":true,"href":"https:\/\/www.webdo.tn\/fr\/wp-json\/wp\/v2\/categories?post=215627"},{"taxonomy":"post_tag","embeddable":true,"href":"https:\/\/www.webdo.tn\/fr\/wp-json\/wp\/v2\/tags?post=215627"}],"curies":[{"name":"wp","href":"https:\/\/api.w.org\/{rel}","templated":true}]}}