{"id":215622,"date":"2024-08-02T13:51:00","date_gmt":"2024-08-02T13:51:00","guid":{"rendered":"https:\/\/www.webdo.tn\/fr\/blog\/festival-d-el-djem-la-soiree-de-l-amitie-tuniso-autrichienne\/215622\/"},"modified":"2025-05-14T09:52:41","modified_gmt":"2025-05-14T09:52:41","slug":"festival-d-el-djem-la-soiree-de-l-amitie-tuniso-autrichienne","status":"publish","type":"post","link":"https:\/\/www.webdo.tn\/fr\/actualite\/culture\/festival-d-el-djem-la-soiree-de-l-amitie-tuniso-autrichienne\/215622\/","title":{"rendered":"Festival d&rsquo;El Djem : La soir\u00e9e de l&rsquo;amiti\u00e9 tuniso-autrichienne"},"content":{"rendered":"<p>L&rsquo;Orchestre du Bal de l&rsquo;Op\u00e9ra de Vienne se produit samedi 3 ao\u00fbt dans le cadre grandiose de l&rsquo;amphith\u00e9\u00e2tre antique d&rsquo;El Djem. Une soir\u00e9e de la fid\u00e9lit\u00e9 et de l&rsquo;amiti\u00e9 qui lie la Tunisie et l&rsquo;Autriche.\u00a0<\/p>\n<p>\t\t\t\t\t\t\t\t\t\u00a0<\/p>\n<p>Plus qu&rsquo;un r\u00e9cital, le concert annuel de l&rsquo;Orchestre du Bal de l&rsquo;op\u00e9ra de Vienne est le gage d&rsquo;une fid\u00e9lit\u00e9 \u00e0 toute \u00e9preuve, celle de cette formation embl\u00e9matique pour le Festival international de musique symphonique d&rsquo;El Djem.\u00a0<\/p>\n<p>En effet, cela fait quasiment trente ans que cet orchestre se produit \u00e0 chaque \u00e9dition du festival, \u00e9tablissant ainsi un pont de musique entre Vienne et El Djem.\u00a0<\/p>\n<p>Durable, toujours renouvel\u00e9e et attendue, la participation de l&rsquo;Orchestre du bal de l&rsquo;op\u00e9ra de Vienne au festival international de musique symphonique d&rsquo;El Djem est en elle-m\u00eame devenue une institution.<\/p>\n<p>Pour cette trente-huiti\u00e8me \u00e9dition du festival, l&rsquo;Orchestre du bal de l&rsquo;op\u00e9ra de Vienne sera de retour pour un concert exceptionnel qui aura lieu samedi 3 ao\u00fbt \u00e0 l&rsquo;amphith\u00e9\u00e2tre d&rsquo;El Djem, prenant l&rsquo;allure\u00a0d&rsquo;un rendez-vous annuel de l&rsquo;amiti\u00e9 tuniso-autrichienne. Comme chaque ann\u00e9e, l&rsquo;ambassadrice d&rsquo;Autriche, madame Ulla Krauss-Nussbaumer, sera pr\u00e9sente \u00e0 El Djem, confirmant son appui au festival et la continuit\u00e9 de la participation des artistes viennois.\u00a0<\/p>\n<p>Pour le concert de l&rsquo;Orchestre du bal de l&rsquo;op\u00e9ra de Vienne, une logistique des grands jours a \u00e9galement \u00e9t\u00e9 mise en place avec un train sp\u00e9cial entre Tunis et El Djem pour faciliter l&rsquo;affluence d&rsquo;un public fid\u00e8le qui ne manquerait pour rien ce rendez-vous avec la tradition musicale viennoise.<\/p>\n<p>\u00a0<\/p>\n<p>H.B.<\/p>\n","protected":false},"excerpt":{"rendered":"<p>Plus qu&rsquo;un r\u00e9cital, le concert annuel de l&rsquo;Orchestre du Bal de l&rsquo;op\u00e9ra de Vienne est le gage d&rsquo;une fid\u00e9lit\u00e9 \u00e0 toute \u00e9preuve, celle de cette formation embl\u00e9matiq&#8230;<\/p>\n","protected":false},"author":3229,"featured_media":246873,"comment_status":"open","ping_status":"closed","sticky":false,"template":"","format":"standard","meta":{"footnotes":""},"categories":[2594],"tags":[5596,6014,5556],"class_list":["post-215622","post","type-post","status-publish","format-standard","has-post-thumbnail","hentry","category-culture","tag-culture","tag-el-jem","tag-opera"],"yoast_head":"<!-- This site is optimized with the Yoast SEO Premium plugin v27.5 (Yoast SEO v27.5) - https:\/\/yoast.com\/product\/yoast-seo-premium-wordpress\/ -->\n<title>Festival d&#039;El Djem : La soir\u00e9e de l&#039;amiti\u00e9 tuniso-autrichienne<\/title>\n<meta name=\"description\" content=\"Plus qu&#039;un r\u00e9cital, le concert annuel de l&#039;Orchestre du Bal de l&#039;op\u00e9ra de Vienne est le gage d&#039;une fid\u00e9lit\u00e9 \u00e0 toute \u00e9preuve, celle de cette formation embl\u00e9matiq...\" \/>\n<link rel=\"canonical\" href=\"https:\/\/www.webdo.tn\/fr\/actualite\/culture\/festival-d-el-djem-la-soiree-de-l-amitie-tuniso-autrichienne\/215622\/\" \/>\n<meta property=\"og:locale\" content=\"fr_FR\" \/>\n<meta property=\"og:type\" content=\"article\" \/>\n<meta property=\"og:title\" content=\"Festival d&#039;El Djem : La soir\u00e9e de l&#039;amiti\u00e9 tuniso-autrichienne\" \/>\n<meta property=\"og:description\" content=\"Plus qu&#039;un r\u00e9cital, le concert annuel de l&#039;Orchestre du Bal de l&#039;op\u00e9ra de Vienne est le gage d&#039;une fid\u00e9lit\u00e9 \u00e0 toute \u00e9preuve, celle de cette formation embl\u00e9matiq...\" \/>\n<meta property=\"og:url\" content=\"https:\/\/www.webdo.tn\/fr\/actualite\/culture\/festival-d-el-djem-la-soiree-de-l-amitie-tuniso-autrichienne\/215622\/\" \/>\n<meta property=\"og:site_name\" content=\"webdo\" \/>\n<meta property=\"article:publisher\" content=\"https:\/\/www.facebook.com\/webdotn\" \/>\n<meta property=\"article:author\" content=\"https:\/\/www.facebook.com\/hatem.bourial.2025\" \/>\n<meta property=\"article:published_time\" content=\"2024-08-02T13:51:00+00:00\" \/>\n<meta property=\"article:modified_time\" content=\"2025-05-14T09:52:41+00:00\" \/>\n<meta property=\"og:image\" content=\"https:\/\/www.webdo.tn\/fr\/wp-content\/uploads\/2024\/08\/34cee049771b803dd372c76adcf0c30c.webp\" \/>\n\t<meta property=\"og:image:width\" content=\"750\" \/>\n\t<meta property=\"og:image:height\" content=\"400\" \/>\n\t<meta property=\"og:image:type\" content=\"image\/webp\" \/>\n<meta name=\"author\" content=\"Hatem Bourial\" \/>\n<meta name=\"twitter:card\" content=\"summary_large_image\" \/>\n<meta name=\"twitter:creator\" content=\"@webdo_tn\" \/>\n<meta name=\"twitter:site\" content=\"@webdo_tn\" \/>\n<meta name=\"twitter:label1\" content=\"\u00c9crit par\" \/>\n\t<meta name=\"twitter:data1\" content=\"Hatem Bourial\" \/>\n\t<meta name=\"twitter:label2\" content=\"Dur\u00e9e de lecture estim\u00e9e\" \/>\n\t<meta name=\"twitter:data2\" content=\"1 minute\" \/>\n<script type=\"application\/ld+json\" class=\"yoast-schema-graph\">{\"@context\":\"https:\\\/\\\/schema.org\",\"@graph\":[{\"@type\":\"NewsArticle\",\"@id\":\"https:\\\/\\\/www.webdo.tn\\\/fr\\\/actualite\\\/culture\\\/festival-d-el-djem-la-soiree-de-l-amitie-tuniso-autrichienne\\\/215622\\\/#article\",\"isPartOf\":{\"@id\":\"https:\\\/\\\/www.webdo.tn\\\/fr\\\/actualite\\\/culture\\\/festival-d-el-djem-la-soiree-de-l-amitie-tuniso-autrichienne\\\/215622\\\/\"},\"author\":{\"name\":\"Hatem Bourial\",\"@id\":\"https:\\\/\\\/www.webdo.tn\\\/fr\\\/#\\\/schema\\\/person\\\/6bc0beba2cd23aec27cb5df85ca2554f\"},\"headline\":\"Festival d&rsquo;El Djem : La soir\u00e9e de l&rsquo;amiti\u00e9 tuniso-autrichienne\",\"datePublished\":\"2024-08-02T13:51:00+00:00\",\"dateModified\":\"2025-05-14T09:52:41+00:00\",\"mainEntityOfPage\":{\"@id\":\"https:\\\/\\\/www.webdo.tn\\\/fr\\\/actualite\\\/culture\\\/festival-d-el-djem-la-soiree-de-l-amitie-tuniso-autrichienne\\\/215622\\\/\"},\"wordCount\":297,\"commentCount\":0,\"publisher\":{\"@id\":\"https:\\\/\\\/www.webdo.tn\\\/fr\\\/#organization\"},\"image\":{\"@id\":\"https:\\\/\\\/www.webdo.tn\\\/fr\\\/actualite\\\/culture\\\/festival-d-el-djem-la-soiree-de-l-amitie-tuniso-autrichienne\\\/215622\\\/#primaryimage\"},\"thumbnailUrl\":\"https:\\\/\\\/www.webdo.tn\\\/fr\\\/wp-content\\\/uploads\\\/2024\\\/08\\\/34cee049771b803dd372c76adcf0c30c.webp\",\"keywords\":[\"culture\",\"el jem\",\"Op\u00e9ra\"],\"articleSection\":[\"Culture\"],\"inLanguage\":\"fr-FR\"},{\"@type\":\"WebPage\",\"@id\":\"https:\\\/\\\/www.webdo.tn\\\/fr\\\/actualite\\\/culture\\\/festival-d-el-djem-la-soiree-de-l-amitie-tuniso-autrichienne\\\/215622\\\/\",\"url\":\"https:\\\/\\\/www.webdo.tn\\\/fr\\\/actualite\\\/culture\\\/festival-d-el-djem-la-soiree-de-l-amitie-tuniso-autrichienne\\\/215622\\\/\",\"name\":\"Festival d'El Djem : La soir\u00e9e de l'amiti\u00e9 tuniso-autrichienne\",\"isPartOf\":{\"@id\":\"https:\\\/\\\/www.webdo.tn\\\/fr\\\/#website\"},\"primaryImageOfPage\":{\"@id\":\"https:\\\/\\\/www.webdo.tn\\\/fr\\\/actualite\\\/culture\\\/festival-d-el-djem-la-soiree-de-l-amitie-tuniso-autrichienne\\\/215622\\\/#primaryimage\"},\"image\":{\"@id\":\"https:\\\/\\\/www.webdo.tn\\\/fr\\\/actualite\\\/culture\\\/festival-d-el-djem-la-soiree-de-l-amitie-tuniso-autrichienne\\\/215622\\\/#primaryimage\"},\"thumbnailUrl\":\"https:\\\/\\\/www.webdo.tn\\\/fr\\\/wp-content\\\/uploads\\\/2024\\\/08\\\/34cee049771b803dd372c76adcf0c30c.webp\",\"datePublished\":\"2024-08-02T13:51:00+00:00\",\"dateModified\":\"2025-05-14T09:52:41+00:00\",\"description\":\"Plus qu'un r\u00e9cital, le concert annuel de l'Orchestre du Bal de l'op\u00e9ra de Vienne est le gage d'une fid\u00e9lit\u00e9 \u00e0 toute \u00e9preuve, celle de cette formation embl\u00e9matiq...\",\"breadcrumb\":{\"@id\":\"https:\\\/\\\/www.webdo.tn\\\/fr\\\/actualite\\\/culture\\\/festival-d-el-djem-la-soiree-de-l-amitie-tuniso-autrichienne\\\/215622\\\/#breadcrumb\"},\"inLanguage\":\"fr-FR\",\"potentialAction\":[{\"@type\":\"ReadAction\",\"target\":[\"https:\\\/\\\/www.webdo.tn\\\/fr\\\/actualite\\\/culture\\\/festival-d-el-djem-la-soiree-de-l-amitie-tuniso-autrichienne\\\/215622\\\/\"]}]},{\"@type\":\"ImageObject\",\"inLanguage\":\"fr-FR\",\"@id\":\"https:\\\/\\\/www.webdo.tn\\\/fr\\\/actualite\\\/culture\\\/festival-d-el-djem-la-soiree-de-l-amitie-tuniso-autrichienne\\\/215622\\\/#primaryimage\",\"url\":\"https:\\\/\\\/www.webdo.tn\\\/fr\\\/wp-content\\\/uploads\\\/2024\\\/08\\\/34cee049771b803dd372c76adcf0c30c.webp\",\"contentUrl\":\"https:\\\/\\\/www.webdo.tn\\\/fr\\\/wp-content\\\/uploads\\\/2024\\\/08\\\/34cee049771b803dd372c76adcf0c30c.webp\",\"width\":750,\"height\":400,\"caption\":\"Festival d'El Djem : La soir\u00e9e de l'amiti\u00e9 tuniso-autrichienne\"},{\"@type\":\"BreadcrumbList\",\"@id\":\"https:\\\/\\\/www.webdo.tn\\\/fr\\\/actualite\\\/culture\\\/festival-d-el-djem-la-soiree-de-l-amitie-tuniso-autrichienne\\\/215622\\\/#breadcrumb\",\"itemListElement\":[{\"@type\":\"ListItem\",\"position\":1,\"name\":\"Accueil\",\"item\":\"https:\\\/\\\/www.webdo.tn\\\/fr\\\/\"},{\"@type\":\"ListItem\",\"position\":2,\"name\":\"Festival d&rsquo;El Djem : La soir\u00e9e de l&rsquo;amiti\u00e9 tuniso-autrichienne\"}]},{\"@type\":\"WebSite\",\"@id\":\"https:\\\/\\\/www.webdo.tn\\\/fr\\\/#website\",\"url\":\"https:\\\/\\\/www.webdo.tn\\\/fr\\\/\",\"name\":\"webdo\",\"description\":\"Tunisie - News en Tunisie et \u00e0 l&#039;international sur Webdo.tn\",\"publisher\":{\"@id\":\"https:\\\/\\\/www.webdo.tn\\\/fr\\\/#organization\"},\"potentialAction\":[{\"@type\":\"SearchAction\",\"target\":{\"@type\":\"EntryPoint\",\"urlTemplate\":\"https:\\\/\\\/www.webdo.tn\\\/fr\\\/?s={search_term_string}\"},\"query-input\":{\"@type\":\"PropertyValueSpecification\",\"valueRequired\":true,\"valueName\":\"search_term_string\"}}],\"inLanguage\":\"fr-FR\"},{\"@type\":\"Organization\",\"@id\":\"https:\\\/\\\/www.webdo.tn\\\/fr\\\/#organization\",\"name\":\"Webdo\",\"alternateName\":\"Webdo.tn\",\"url\":\"https:\\\/\\\/www.webdo.tn\\\/fr\\\/\",\"logo\":{\"@type\":\"ImageObject\",\"inLanguage\":\"fr-FR\",\"@id\":\"https:\\\/\\\/www.webdo.tn\\\/fr\\\/#\\\/schema\\\/logo\\\/image\\\/\",\"url\":\"https:\\\/\\\/www.webdo.tn\\\/fr\\\/wp-content\\\/uploads\\\/2025\\\/06\\\/Webdo-Tunisie_168377.jpg\",\"contentUrl\":\"https:\\\/\\\/www.webdo.tn\\\/fr\\\/wp-content\\\/uploads\\\/2025\\\/06\\\/Webdo-Tunisie_168377.jpg\",\"width\":301,\"height\":301,\"caption\":\"Webdo\"},\"image\":{\"@id\":\"https:\\\/\\\/www.webdo.tn\\\/fr\\\/#\\\/schema\\\/logo\\\/image\\\/\"},\"sameAs\":[\"https:\\\/\\\/www.facebook.com\\\/webdotn\",\"https:\\\/\\\/x.com\\\/webdo_tn\"],\"description\":\"Webdo est un m\u00e9dia num\u00e9rique tunisien fond\u00e9 en 2010, sp\u00e9cialis\u00e9 dans l\u2019actualit\u00e9 nationale et internationale, l\u2019\u00e9conomie, la soci\u00e9t\u00e9 et les analyses politiques. Le site s\u2019adresse \u00e0 un large public francophone et couvre l\u2019information tunisienne en temps r\u00e9el.\",\"email\":\"redac@webdo.tn\",\"legalName\":\"YNJ SARL\",\"foundingDate\":\"2010-09-06\",\"numberOfEmployees\":{\"@type\":\"QuantitativeValue\",\"minValue\":\"11\",\"maxValue\":\"50\"}},{\"@type\":\"Person\",\"@id\":\"https:\\\/\\\/www.webdo.tn\\\/fr\\\/#\\\/schema\\\/person\\\/6bc0beba2cd23aec27cb5df85ca2554f\",\"name\":\"Hatem Bourial\",\"image\":{\"@type\":\"ImageObject\",\"inLanguage\":\"fr-FR\",\"@id\":\"https:\\\/\\\/www.webdo.tn\\\/fr\\\/wp-content\\\/uploads\\\/2026\\\/04\\\/hatem-bourial_avatar-96x96.jpg\",\"url\":\"https:\\\/\\\/www.webdo.tn\\\/fr\\\/wp-content\\\/uploads\\\/2026\\\/04\\\/hatem-bourial_avatar-96x96.jpg\",\"contentUrl\":\"https:\\\/\\\/www.webdo.tn\\\/fr\\\/wp-content\\\/uploads\\\/2026\\\/04\\\/hatem-bourial_avatar-96x96.jpg\",\"caption\":\"Hatem Bourial\"},\"description\":\"Hatem Bourial est journaliste, \u00e9crivain et chroniqueur tunisien. Actif depuis plusieurs d\u00e9cennies, il s\u2019est impos\u00e9 comme un observateur attentif de la soci\u00e9t\u00e9 tunisienne, m\u00ealant dans ses \u00e9crits m\u00e9moire, culture et analyse du quotidien. Auteur de nombreux ouvrages, il d\u00e9veloppe une \u0153uvre \u00e0 la crois\u00e9e du r\u00e9cit, de la po\u00e9sie et de l\u2019observation sociologique. Parall\u00e8lement \u00e0 ses contributions dans la presse, il intervient r\u00e9guli\u00e8rement \u00e0 la radio et dans des espaces culturels, o\u00f9 il explore les enjeux li\u00e9s au patrimoine, \u00e0 l\u2019identit\u00e9 et aux transformations du monde contemporain. \u00c0 travers ses chroniques, Hatem Bourial propose une lecture sensible et approfondie de l\u2019actualit\u00e9, nourrie par une exp\u00e9rience journalistique et litt\u00e9raire reconnue. \ud83d\udd17 Facebook : https:\\\/\\\/www.facebook.com\\\/hatem.bourial.2025\",\"sameAs\":[\"https:\\\/\\\/www.facebook.com\\\/hatem.bourial.2025\",\"https:\\\/\\\/fr.wikipedia.org\\\/wiki\\\/Fichier:Hatem_Bourial.jpg\"],\"knowsAbout\":[\"Culture & patrimoine tunisien\",\"Chronique soci\u00e9tale\",\"Litt\u00e9rature & m\u00e9moire\",\"Cin\u00e9ma & critique culturelle\",\"Identit\u00e9 & mutations sociales\"],\"knowsLanguage\":[\"Arabe\",\"Fran\u00e7ais\",\"Anglais\",\"Italien\",\"Polonais\"],\"jobTitle\":\"Journaliste, \u00e9crivain et chroniqueur culturel\",\"worksFor\":\"Webdo\",\"url\":\"https:\\\/\\\/www.webdo.tn\\\/fr\\\/actualite\\\/author\\\/hatem-bourial-2\\\/\"}]}<\/script>\n<!-- \/ Yoast SEO Premium plugin. -->","yoast_head_json":{"title":"Festival d'El Djem : La soir\u00e9e de l'amiti\u00e9 tuniso-autrichienne","description":"Plus qu'un r\u00e9cital, le concert annuel de l'Orchestre du Bal de l'op\u00e9ra de Vienne est le gage d'une fid\u00e9lit\u00e9 \u00e0 toute \u00e9preuve, celle de cette formation embl\u00e9matiq...","canonical":"https:\/\/www.webdo.tn\/fr\/actualite\/culture\/festival-d-el-djem-la-soiree-de-l-amitie-tuniso-autrichienne\/215622\/","og_locale":"fr_FR","og_type":"article","og_title":"Festival d'El Djem : La soir\u00e9e de l'amiti\u00e9 tuniso-autrichienne","og_description":"Plus qu'un r\u00e9cital, le concert annuel de l'Orchestre du Bal de l'op\u00e9ra de Vienne est le gage d'une fid\u00e9lit\u00e9 \u00e0 toute \u00e9preuve, celle de cette formation embl\u00e9matiq...","og_url":"https:\/\/www.webdo.tn\/fr\/actualite\/culture\/festival-d-el-djem-la-soiree-de-l-amitie-tuniso-autrichienne\/215622\/","og_site_name":"webdo","article_publisher":"https:\/\/www.facebook.com\/webdotn","article_author":"https:\/\/www.facebook.com\/hatem.bourial.2025","article_published_time":"2024-08-02T13:51:00+00:00","article_modified_time":"2025-05-14T09:52:41+00:00","og_image":[{"width":750,"height":400,"url":"https:\/\/www.webdo.tn\/fr\/wp-content\/uploads\/2024\/08\/34cee049771b803dd372c76adcf0c30c.webp","type":"image\/webp"}],"author":"Hatem Bourial","twitter_card":"summary_large_image","twitter_creator":"@webdo_tn","twitter_site":"@webdo_tn","twitter_misc":{"\u00c9crit par":"Hatem Bourial","Dur\u00e9e de lecture estim\u00e9e":"1 minute"},"schema":{"@context":"https:\/\/schema.org","@graph":[{"@type":"NewsArticle","@id":"https:\/\/www.webdo.tn\/fr\/actualite\/culture\/festival-d-el-djem-la-soiree-de-l-amitie-tuniso-autrichienne\/215622\/#article","isPartOf":{"@id":"https:\/\/www.webdo.tn\/fr\/actualite\/culture\/festival-d-el-djem-la-soiree-de-l-amitie-tuniso-autrichienne\/215622\/"},"author":{"name":"Hatem Bourial","@id":"https:\/\/www.webdo.tn\/fr\/#\/schema\/person\/6bc0beba2cd23aec27cb5df85ca2554f"},"headline":"Festival d&rsquo;El Djem : La soir\u00e9e de l&rsquo;amiti\u00e9 tuniso-autrichienne","datePublished":"2024-08-02T13:51:00+00:00","dateModified":"2025-05-14T09:52:41+00:00","mainEntityOfPage":{"@id":"https:\/\/www.webdo.tn\/fr\/actualite\/culture\/festival-d-el-djem-la-soiree-de-l-amitie-tuniso-autrichienne\/215622\/"},"wordCount":297,"commentCount":0,"publisher":{"@id":"https:\/\/www.webdo.tn\/fr\/#organization"},"image":{"@id":"https:\/\/www.webdo.tn\/fr\/actualite\/culture\/festival-d-el-djem-la-soiree-de-l-amitie-tuniso-autrichienne\/215622\/#primaryimage"},"thumbnailUrl":"https:\/\/www.webdo.tn\/fr\/wp-content\/uploads\/2024\/08\/34cee049771b803dd372c76adcf0c30c.webp","keywords":["culture","el jem","Op\u00e9ra"],"articleSection":["Culture"],"inLanguage":"fr-FR"},{"@type":"WebPage","@id":"https:\/\/www.webdo.tn\/fr\/actualite\/culture\/festival-d-el-djem-la-soiree-de-l-amitie-tuniso-autrichienne\/215622\/","url":"https:\/\/www.webdo.tn\/fr\/actualite\/culture\/festival-d-el-djem-la-soiree-de-l-amitie-tuniso-autrichienne\/215622\/","name":"Festival d'El Djem : La soir\u00e9e de l'amiti\u00e9 tuniso-autrichienne","isPartOf":{"@id":"https:\/\/www.webdo.tn\/fr\/#website"},"primaryImageOfPage":{"@id":"https:\/\/www.webdo.tn\/fr\/actualite\/culture\/festival-d-el-djem-la-soiree-de-l-amitie-tuniso-autrichienne\/215622\/#primaryimage"},"image":{"@id":"https:\/\/www.webdo.tn\/fr\/actualite\/culture\/festival-d-el-djem-la-soiree-de-l-amitie-tuniso-autrichienne\/215622\/#primaryimage"},"thumbnailUrl":"https:\/\/www.webdo.tn\/fr\/wp-content\/uploads\/2024\/08\/34cee049771b803dd372c76adcf0c30c.webp","datePublished":"2024-08-02T13:51:00+00:00","dateModified":"2025-05-14T09:52:41+00:00","description":"Plus qu'un r\u00e9cital, le concert annuel de l'Orchestre du Bal de l'op\u00e9ra de Vienne est le gage d'une fid\u00e9lit\u00e9 \u00e0 toute \u00e9preuve, celle de cette formation embl\u00e9matiq...","breadcrumb":{"@id":"https:\/\/www.webdo.tn\/fr\/actualite\/culture\/festival-d-el-djem-la-soiree-de-l-amitie-tuniso-autrichienne\/215622\/#breadcrumb"},"inLanguage":"fr-FR","potentialAction":[{"@type":"ReadAction","target":["https:\/\/www.webdo.tn\/fr\/actualite\/culture\/festival-d-el-djem-la-soiree-de-l-amitie-tuniso-autrichienne\/215622\/"]}]},{"@type":"ImageObject","inLanguage":"fr-FR","@id":"https:\/\/www.webdo.tn\/fr\/actualite\/culture\/festival-d-el-djem-la-soiree-de-l-amitie-tuniso-autrichienne\/215622\/#primaryimage","url":"https:\/\/www.webdo.tn\/fr\/wp-content\/uploads\/2024\/08\/34cee049771b803dd372c76adcf0c30c.webp","contentUrl":"https:\/\/www.webdo.tn\/fr\/wp-content\/uploads\/2024\/08\/34cee049771b803dd372c76adcf0c30c.webp","width":750,"height":400,"caption":"Festival d'El Djem : La soir\u00e9e de l'amiti\u00e9 tuniso-autrichienne"},{"@type":"BreadcrumbList","@id":"https:\/\/www.webdo.tn\/fr\/actualite\/culture\/festival-d-el-djem-la-soiree-de-l-amitie-tuniso-autrichienne\/215622\/#breadcrumb","itemListElement":[{"@type":"ListItem","position":1,"name":"Accueil","item":"https:\/\/www.webdo.tn\/fr\/"},{"@type":"ListItem","position":2,"name":"Festival d&rsquo;El Djem : La soir\u00e9e de l&rsquo;amiti\u00e9 tuniso-autrichienne"}]},{"@type":"WebSite","@id":"https:\/\/www.webdo.tn\/fr\/#website","url":"https:\/\/www.webdo.tn\/fr\/","name":"webdo","description":"Tunisie - News en Tunisie et \u00e0 l&#039;international sur Webdo.tn","publisher":{"@id":"https:\/\/www.webdo.tn\/fr\/#organization"},"potentialAction":[{"@type":"SearchAction","target":{"@type":"EntryPoint","urlTemplate":"https:\/\/www.webdo.tn\/fr\/?s={search_term_string}"},"query-input":{"@type":"PropertyValueSpecification","valueRequired":true,"valueName":"search_term_string"}}],"inLanguage":"fr-FR"},{"@type":"Organization","@id":"https:\/\/www.webdo.tn\/fr\/#organization","name":"Webdo","alternateName":"Webdo.tn","url":"https:\/\/www.webdo.tn\/fr\/","logo":{"@type":"ImageObject","inLanguage":"fr-FR","@id":"https:\/\/www.webdo.tn\/fr\/#\/schema\/logo\/image\/","url":"https:\/\/www.webdo.tn\/fr\/wp-content\/uploads\/2025\/06\/Webdo-Tunisie_168377.jpg","contentUrl":"https:\/\/www.webdo.tn\/fr\/wp-content\/uploads\/2025\/06\/Webdo-Tunisie_168377.jpg","width":301,"height":301,"caption":"Webdo"},"image":{"@id":"https:\/\/www.webdo.tn\/fr\/#\/schema\/logo\/image\/"},"sameAs":["https:\/\/www.facebook.com\/webdotn","https:\/\/x.com\/webdo_tn"],"description":"Webdo est un m\u00e9dia num\u00e9rique tunisien fond\u00e9 en 2010, sp\u00e9cialis\u00e9 dans l\u2019actualit\u00e9 nationale et internationale, l\u2019\u00e9conomie, la soci\u00e9t\u00e9 et les analyses politiques. Le site s\u2019adresse \u00e0 un large public francophone et couvre l\u2019information tunisienne en temps r\u00e9el.","email":"redac@webdo.tn","legalName":"YNJ SARL","foundingDate":"2010-09-06","numberOfEmployees":{"@type":"QuantitativeValue","minValue":"11","maxValue":"50"}},{"@type":"Person","@id":"https:\/\/www.webdo.tn\/fr\/#\/schema\/person\/6bc0beba2cd23aec27cb5df85ca2554f","name":"Hatem Bourial","image":{"@type":"ImageObject","inLanguage":"fr-FR","@id":"https:\/\/www.webdo.tn\/fr\/wp-content\/uploads\/2026\/04\/hatem-bourial_avatar-96x96.jpg","url":"https:\/\/www.webdo.tn\/fr\/wp-content\/uploads\/2026\/04\/hatem-bourial_avatar-96x96.jpg","contentUrl":"https:\/\/www.webdo.tn\/fr\/wp-content\/uploads\/2026\/04\/hatem-bourial_avatar-96x96.jpg","caption":"Hatem Bourial"},"description":"Hatem Bourial est journaliste, \u00e9crivain et chroniqueur tunisien. Actif depuis plusieurs d\u00e9cennies, il s\u2019est impos\u00e9 comme un observateur attentif de la soci\u00e9t\u00e9 tunisienne, m\u00ealant dans ses \u00e9crits m\u00e9moire, culture et analyse du quotidien. Auteur de nombreux ouvrages, il d\u00e9veloppe une \u0153uvre \u00e0 la crois\u00e9e du r\u00e9cit, de la po\u00e9sie et de l\u2019observation sociologique. Parall\u00e8lement \u00e0 ses contributions dans la presse, il intervient r\u00e9guli\u00e8rement \u00e0 la radio et dans des espaces culturels, o\u00f9 il explore les enjeux li\u00e9s au patrimoine, \u00e0 l\u2019identit\u00e9 et aux transformations du monde contemporain. \u00c0 travers ses chroniques, Hatem Bourial propose une lecture sensible et approfondie de l\u2019actualit\u00e9, nourrie par une exp\u00e9rience journalistique et litt\u00e9raire reconnue. \ud83d\udd17 Facebook : https:\/\/www.facebook.com\/hatem.bourial.2025","sameAs":["https:\/\/www.facebook.com\/hatem.bourial.2025","https:\/\/fr.wikipedia.org\/wiki\/Fichier:Hatem_Bourial.jpg"],"knowsAbout":["Culture & patrimoine tunisien","Chronique soci\u00e9tale","Litt\u00e9rature & m\u00e9moire","Cin\u00e9ma & critique culturelle","Identit\u00e9 & mutations sociales"],"knowsLanguage":["Arabe","Fran\u00e7ais","Anglais","Italien","Polonais"],"jobTitle":"Journaliste, \u00e9crivain et chroniqueur culturel","worksFor":"Webdo","url":"https:\/\/www.webdo.tn\/fr\/actualite\/author\/hatem-bourial-2\/"}]}},"_links":{"self":[{"href":"https:\/\/www.webdo.tn\/fr\/wp-json\/wp\/v2\/posts\/215622","targetHints":{"allow":["GET"]}}],"collection":[{"href":"https:\/\/www.webdo.tn\/fr\/wp-json\/wp\/v2\/posts"}],"about":[{"href":"https:\/\/www.webdo.tn\/fr\/wp-json\/wp\/v2\/types\/post"}],"author":[{"embeddable":true,"href":"https:\/\/www.webdo.tn\/fr\/wp-json\/wp\/v2\/users\/3229"}],"replies":[{"embeddable":true,"href":"https:\/\/www.webdo.tn\/fr\/wp-json\/wp\/v2\/comments?post=215622"}],"version-history":[{"count":0,"href":"https:\/\/www.webdo.tn\/fr\/wp-json\/wp\/v2\/posts\/215622\/revisions"}],"wp:featuredmedia":[{"embeddable":true,"href":"https:\/\/www.webdo.tn\/fr\/wp-json\/wp\/v2\/media\/246873"}],"wp:attachment":[{"href":"https:\/\/www.webdo.tn\/fr\/wp-json\/wp\/v2\/media?parent=215622"}],"wp:term":[{"taxonomy":"category","embeddable":true,"href":"https:\/\/www.webdo.tn\/fr\/wp-json\/wp\/v2\/categories?post=215622"},{"taxonomy":"post_tag","embeddable":true,"href":"https:\/\/www.webdo.tn\/fr\/wp-json\/wp\/v2\/tags?post=215622"}],"curies":[{"name":"wp","href":"https:\/\/api.w.org\/{rel}","templated":true}]}}