{"id":215597,"date":"2024-08-01T10:57:00","date_gmt":"2024-08-01T10:57:00","guid":{"rendered":"https:\/\/www.webdo.tn\/fr\/blog\/tunisie-l-arp-sera-dotee-de-panneaux-photovoltaiques\/215597\/"},"modified":"2025-05-20T22:35:18","modified_gmt":"2025-05-20T22:35:18","slug":"tunisie-l-arp-sera-dotee-de-panneaux-photovoltaiques","status":"publish","type":"post","link":"https:\/\/www.webdo.tn\/fr\/actualite\/national\/tunisie-l-arp-sera-dotee-de-panneaux-photovoltaiques\/215597\/","title":{"rendered":"Tunisie : L\u2019ARP sera dot\u00e9e de panneaux photovolta\u00efques"},"content":{"rendered":"<p>La Commission parlementaire de l&rsquo;industrie, du commerce, des ressources naturelles, de l&rsquo;\u00e9nergie et de l&rsquo;environnement a tenu une s\u00e9ance hier mercredi, consacr\u00e9e \u00e0 la discussion des r\u00e9sultats d&rsquo;un colloque organis\u00e9 par l&rsquo;Union interparlementaire sur les changements climatiques et \u00e0 la pr\u00e9paration d&rsquo;une \u00e9tude sur l&rsquo;efficacit\u00e9 \u00e9nerg\u00e9tique au sein de l&rsquo;Assembl\u00e9e des Repr\u00e9sentants du Peuple, en pr\u00e9sence du Pr\u00e9sident de la commission g\u00e9n\u00e9rale des services communs de l&rsquo;Assembl\u00e9e des Repr\u00e9sentants du Peuple.<\/p>\n<p>L\u2019accent a \u00e9t\u00e9 mis sur l&rsquo;importance de l\u2019adh\u00e9sion de l&rsquo;Assembl\u00e9e des Repr\u00e9sentants du Peuple \u00e0 la diversification des sources d&rsquo;\u00e9nergie dans le cadre de la strat\u00e9gie nationale de transition \u00e9nerg\u00e9tique. Cela a conduit \u00e0 la pr\u00e9paration de l&rsquo;\u00e9tude technique sur l&rsquo;efficacit\u00e9 \u00e9nerg\u00e9tique au sein de l&rsquo;Assembl\u00e9e des Repr\u00e9sentants du Peuple.<\/p>\n<p>Le Pr\u00e9sident de la commission g\u00e9n\u00e9rale des services communs a indiqu\u00e9, dans ce sens, que l&rsquo;administration de l&rsquo;Assembl\u00e9e avait, depuis 2021, programm\u00e9 un projet d&rsquo;installation d&rsquo;une centrale photovolta\u00efque dans le cadre du budget de l&rsquo;Assembl\u00e9e, et qu&rsquo;elle \u00e9tait en train de contracter un bureau d&rsquo;audit \u00e9nerg\u00e9tique pour mettre en \u0153uvre la premi\u00e8re phase du projet en 2024, consistant en un audit complet du si\u00e8ge de l&rsquo;Assembl\u00e9e des Repr\u00e9sentants du Peuple.\u00a0<\/p>\n<p>Cette phase sera suivie de la pr\u00e9paration des \u00e9tudes techniques pour la r\u00e9alisation des travaux d&rsquo;installation de la centrale photovolta\u00efque, en tenant compte des particularit\u00e9s architecturales du Palais du Bardo pour d\u00e9terminer les emplacements des panneaux solaires.\u00a0<br \/>\nEn outre, des projets annexes seront mis en \u0153uvre sur le r\u00e9seau technique afin d&rsquo;am\u00e9liorer l&rsquo;efficacit\u00e9 \u00e9nerg\u00e9tique des b\u00e2timents et des \u00e9quipements de l&rsquo;Assembl\u00e9e.<\/p>\n","protected":false},"excerpt":{"rendered":"<p>L\u2019accent a \u00e9t\u00e9 mis sur l&rsquo;importance de l\u2019adh\u00e9sion de l&rsquo;Assembl\u00e9e des Repr\u00e9sentants du Peuple \u00e0 la diversification des sources d&rsquo;\u00e9nergie dans le cadre de la stra&#8230;<\/p>\n","protected":false},"author":3175,"featured_media":246860,"comment_status":"open","ping_status":"closed","sticky":false,"template":"","format":"standard","meta":{"footnotes":""},"categories":[44],"tags":[6006,6005,2608],"class_list":["post-215597","post","type-post","status-publish","format-standard","has-post-thumbnail","hentry","category-national","tag-assemblee","tag-photovoltaique","tag-tunisie"],"yoast_head":"<!-- This site is optimized with the Yoast SEO Premium plugin v27.5 (Yoast SEO v27.5) - https:\/\/yoast.com\/product\/yoast-seo-premium-wordpress\/ -->\n<title>Tunisie : L\u2019ARP sera dot\u00e9e de panneaux photovolta\u00efques<\/title>\n<meta name=\"description\" content=\"L\u2019accent a \u00e9t\u00e9 mis sur l&#039;importance de l\u2019adh\u00e9sion de l&#039;Assembl\u00e9e des Repr\u00e9sentants du Peuple \u00e0 la diversification des sources d&#039;\u00e9nergie dans le cadre de la stra...\" \/>\n<link rel=\"canonical\" href=\"https:\/\/www.webdo.tn\/fr\/actualite\/national\/tunisie-l-arp-sera-dotee-de-panneaux-photovoltaiques\/215597\/\" \/>\n<meta property=\"og:locale\" content=\"fr_FR\" \/>\n<meta property=\"og:type\" content=\"article\" \/>\n<meta property=\"og:title\" content=\"Tunisie : L\u2019ARP sera dot\u00e9e de panneaux photovolta\u00efques\" \/>\n<meta property=\"og:description\" content=\"L\u2019accent a \u00e9t\u00e9 mis sur l&#039;importance de l\u2019adh\u00e9sion de l&#039;Assembl\u00e9e des Repr\u00e9sentants du Peuple \u00e0 la diversification des sources d&#039;\u00e9nergie dans le cadre de la stra...\" \/>\n<meta property=\"og:url\" content=\"https:\/\/www.webdo.tn\/fr\/actualite\/national\/tunisie-l-arp-sera-dotee-de-panneaux-photovoltaiques\/215597\/\" \/>\n<meta property=\"og:site_name\" content=\"webdo\" \/>\n<meta property=\"article:publisher\" content=\"https:\/\/www.facebook.com\/webdotn\" \/>\n<meta property=\"article:published_time\" content=\"2024-08-01T10:57:00+00:00\" \/>\n<meta property=\"article:modified_time\" content=\"2025-05-20T22:35:18+00:00\" \/>\n<meta property=\"og:image\" content=\"https:\/\/www.webdo.tn\/fr\/wp-content\/uploads\/2024\/08\/fa6a8e54b1f7d49727a079d9a240358d.webp\" \/>\n\t<meta property=\"og:image:width\" content=\"750\" \/>\n\t<meta property=\"og:image:height\" content=\"400\" \/>\n\t<meta property=\"og:image:type\" content=\"image\/webp\" \/>\n<meta name=\"author\" content=\"CL\" \/>\n<meta name=\"twitter:card\" content=\"summary_large_image\" \/>\n<meta name=\"twitter:creator\" content=\"@webdo_tn\" \/>\n<meta name=\"twitter:site\" content=\"@webdo_tn\" \/>\n<meta name=\"twitter:label1\" content=\"\u00c9crit par\" \/>\n\t<meta name=\"twitter:data1\" content=\"CL\" \/>\n\t<meta name=\"twitter:label2\" content=\"Dur\u00e9e de lecture estim\u00e9e\" \/>\n\t<meta name=\"twitter:data2\" content=\"1 minute\" \/>\n<script type=\"application\/ld+json\" class=\"yoast-schema-graph\">{\"@context\":\"https:\\\/\\\/schema.org\",\"@graph\":[{\"@type\":\"NewsArticle\",\"@id\":\"https:\\\/\\\/www.webdo.tn\\\/fr\\\/actualite\\\/national\\\/tunisie-l-arp-sera-dotee-de-panneaux-photovoltaiques\\\/215597\\\/#article\",\"isPartOf\":{\"@id\":\"https:\\\/\\\/www.webdo.tn\\\/fr\\\/actualite\\\/national\\\/tunisie-l-arp-sera-dotee-de-panneaux-photovoltaiques\\\/215597\\\/\"},\"author\":{\"name\":\"CL\",\"@id\":\"https:\\\/\\\/www.webdo.tn\\\/fr\\\/#\\\/schema\\\/person\\\/f35b42a42c5e2511bbd282959d6385cc\"},\"headline\":\"Tunisie : L\u2019ARP sera dot\u00e9e de panneaux photovolta\u00efques\",\"datePublished\":\"2024-08-01T10:57:00+00:00\",\"dateModified\":\"2025-05-20T22:35:18+00:00\",\"mainEntityOfPage\":{\"@id\":\"https:\\\/\\\/www.webdo.tn\\\/fr\\\/actualite\\\/national\\\/tunisie-l-arp-sera-dotee-de-panneaux-photovoltaiques\\\/215597\\\/\"},\"wordCount\":328,\"commentCount\":0,\"publisher\":{\"@id\":\"https:\\\/\\\/www.webdo.tn\\\/fr\\\/#organization\"},\"image\":{\"@id\":\"https:\\\/\\\/www.webdo.tn\\\/fr\\\/actualite\\\/national\\\/tunisie-l-arp-sera-dotee-de-panneaux-photovoltaiques\\\/215597\\\/#primaryimage\"},\"thumbnailUrl\":\"https:\\\/\\\/www.webdo.tn\\\/fr\\\/wp-content\\\/uploads\\\/2024\\\/08\\\/fa6a8e54b1f7d49727a079d9a240358d.webp\",\"keywords\":[\"assembl\u00e9e\",\"photovolta\u00efque\",\"Tunisie\"],\"articleSection\":[\"National\"],\"inLanguage\":\"fr-FR\"},{\"@type\":\"WebPage\",\"@id\":\"https:\\\/\\\/www.webdo.tn\\\/fr\\\/actualite\\\/national\\\/tunisie-l-arp-sera-dotee-de-panneaux-photovoltaiques\\\/215597\\\/\",\"url\":\"https:\\\/\\\/www.webdo.tn\\\/fr\\\/actualite\\\/national\\\/tunisie-l-arp-sera-dotee-de-panneaux-photovoltaiques\\\/215597\\\/\",\"name\":\"Tunisie : L\u2019ARP sera dot\u00e9e de panneaux photovolta\u00efques\",\"isPartOf\":{\"@id\":\"https:\\\/\\\/www.webdo.tn\\\/fr\\\/#website\"},\"primaryImageOfPage\":{\"@id\":\"https:\\\/\\\/www.webdo.tn\\\/fr\\\/actualite\\\/national\\\/tunisie-l-arp-sera-dotee-de-panneaux-photovoltaiques\\\/215597\\\/#primaryimage\"},\"image\":{\"@id\":\"https:\\\/\\\/www.webdo.tn\\\/fr\\\/actualite\\\/national\\\/tunisie-l-arp-sera-dotee-de-panneaux-photovoltaiques\\\/215597\\\/#primaryimage\"},\"thumbnailUrl\":\"https:\\\/\\\/www.webdo.tn\\\/fr\\\/wp-content\\\/uploads\\\/2024\\\/08\\\/fa6a8e54b1f7d49727a079d9a240358d.webp\",\"datePublished\":\"2024-08-01T10:57:00+00:00\",\"dateModified\":\"2025-05-20T22:35:18+00:00\",\"description\":\"L\u2019accent a \u00e9t\u00e9 mis sur l'importance de l\u2019adh\u00e9sion de l'Assembl\u00e9e des Repr\u00e9sentants du Peuple \u00e0 la diversification des sources d'\u00e9nergie dans le cadre de la stra...\",\"breadcrumb\":{\"@id\":\"https:\\\/\\\/www.webdo.tn\\\/fr\\\/actualite\\\/national\\\/tunisie-l-arp-sera-dotee-de-panneaux-photovoltaiques\\\/215597\\\/#breadcrumb\"},\"inLanguage\":\"fr-FR\",\"potentialAction\":[{\"@type\":\"ReadAction\",\"target\":[\"https:\\\/\\\/www.webdo.tn\\\/fr\\\/actualite\\\/national\\\/tunisie-l-arp-sera-dotee-de-panneaux-photovoltaiques\\\/215597\\\/\"]}]},{\"@type\":\"ImageObject\",\"inLanguage\":\"fr-FR\",\"@id\":\"https:\\\/\\\/www.webdo.tn\\\/fr\\\/actualite\\\/national\\\/tunisie-l-arp-sera-dotee-de-panneaux-photovoltaiques\\\/215597\\\/#primaryimage\",\"url\":\"https:\\\/\\\/www.webdo.tn\\\/fr\\\/wp-content\\\/uploads\\\/2024\\\/08\\\/fa6a8e54b1f7d49727a079d9a240358d.webp\",\"contentUrl\":\"https:\\\/\\\/www.webdo.tn\\\/fr\\\/wp-content\\\/uploads\\\/2024\\\/08\\\/fa6a8e54b1f7d49727a079d9a240358d.webp\",\"width\":750,\"height\":400,\"caption\":\"Tunisie : L\u2019ARP sera dot\u00e9e de panneaux photovolta\u00efques\"},{\"@type\":\"BreadcrumbList\",\"@id\":\"https:\\\/\\\/www.webdo.tn\\\/fr\\\/actualite\\\/national\\\/tunisie-l-arp-sera-dotee-de-panneaux-photovoltaiques\\\/215597\\\/#breadcrumb\",\"itemListElement\":[{\"@type\":\"ListItem\",\"position\":1,\"name\":\"Accueil\",\"item\":\"https:\\\/\\\/www.webdo.tn\\\/fr\\\/\"},{\"@type\":\"ListItem\",\"position\":2,\"name\":\"Tunisie : L\u2019ARP sera dot\u00e9e de panneaux photovolta\u00efques\"}]},{\"@type\":\"WebSite\",\"@id\":\"https:\\\/\\\/www.webdo.tn\\\/fr\\\/#website\",\"url\":\"https:\\\/\\\/www.webdo.tn\\\/fr\\\/\",\"name\":\"webdo\",\"description\":\"Tunisie - News en Tunisie et \u00e0 l&#039;international sur Webdo.tn\",\"publisher\":{\"@id\":\"https:\\\/\\\/www.webdo.tn\\\/fr\\\/#organization\"},\"potentialAction\":[{\"@type\":\"SearchAction\",\"target\":{\"@type\":\"EntryPoint\",\"urlTemplate\":\"https:\\\/\\\/www.webdo.tn\\\/fr\\\/?s={search_term_string}\"},\"query-input\":{\"@type\":\"PropertyValueSpecification\",\"valueRequired\":true,\"valueName\":\"search_term_string\"}}],\"inLanguage\":\"fr-FR\"},{\"@type\":\"Organization\",\"@id\":\"https:\\\/\\\/www.webdo.tn\\\/fr\\\/#organization\",\"name\":\"Webdo\",\"alternateName\":\"Webdo.tn\",\"url\":\"https:\\\/\\\/www.webdo.tn\\\/fr\\\/\",\"logo\":{\"@type\":\"ImageObject\",\"inLanguage\":\"fr-FR\",\"@id\":\"https:\\\/\\\/www.webdo.tn\\\/fr\\\/#\\\/schema\\\/logo\\\/image\\\/\",\"url\":\"https:\\\/\\\/www.webdo.tn\\\/fr\\\/wp-content\\\/uploads\\\/2025\\\/06\\\/Webdo-Tunisie_168377.jpg\",\"contentUrl\":\"https:\\\/\\\/www.webdo.tn\\\/fr\\\/wp-content\\\/uploads\\\/2025\\\/06\\\/Webdo-Tunisie_168377.jpg\",\"width\":301,\"height\":301,\"caption\":\"Webdo\"},\"image\":{\"@id\":\"https:\\\/\\\/www.webdo.tn\\\/fr\\\/#\\\/schema\\\/logo\\\/image\\\/\"},\"sameAs\":[\"https:\\\/\\\/www.facebook.com\\\/webdotn\",\"https:\\\/\\\/x.com\\\/webdo_tn\"],\"description\":\"Webdo est un m\u00e9dia num\u00e9rique tunisien fond\u00e9 en 2010, sp\u00e9cialis\u00e9 dans l\u2019actualit\u00e9 nationale et internationale, l\u2019\u00e9conomie, la soci\u00e9t\u00e9 et les analyses politiques. Le site s\u2019adresse \u00e0 un large public francophone et couvre l\u2019information tunisienne en temps r\u00e9el.\",\"email\":\"redac@webdo.tn\",\"legalName\":\"YNJ SARL\",\"foundingDate\":\"2010-09-06\",\"numberOfEmployees\":{\"@type\":\"QuantitativeValue\",\"minValue\":\"11\",\"maxValue\":\"50\"}},{\"@type\":\"Person\",\"@id\":\"https:\\\/\\\/www.webdo.tn\\\/fr\\\/#\\\/schema\\\/person\\\/f35b42a42c5e2511bbd282959d6385cc\",\"name\":\"CL\",\"image\":{\"@type\":\"ImageObject\",\"inLanguage\":\"fr-FR\",\"@id\":\"https:\\\/\\\/secure.gravatar.com\\\/avatar\\\/1447a49909b67aa657c488aec6512e1dd6143a480c1ecfee9b5b5cd74eb3b59e?s=96&d=mm&r=g\",\"url\":\"https:\\\/\\\/secure.gravatar.com\\\/avatar\\\/1447a49909b67aa657c488aec6512e1dd6143a480c1ecfee9b5b5cd74eb3b59e?s=96&d=mm&r=g\",\"contentUrl\":\"https:\\\/\\\/secure.gravatar.com\\\/avatar\\\/1447a49909b67aa657c488aec6512e1dd6143a480c1ecfee9b5b5cd74eb3b59e?s=96&d=mm&r=g\",\"caption\":\"CL\"},\"url\":\"https:\\\/\\\/www.webdo.tn\\\/fr\\\/actualite\\\/author\\\/cl\\\/\"}]}<\/script>\n<!-- \/ Yoast SEO Premium plugin. -->","yoast_head_json":{"title":"Tunisie : L\u2019ARP sera dot\u00e9e de panneaux photovolta\u00efques","description":"L\u2019accent a \u00e9t\u00e9 mis sur l'importance de l\u2019adh\u00e9sion de l'Assembl\u00e9e des Repr\u00e9sentants du Peuple \u00e0 la diversification des sources d'\u00e9nergie dans le cadre de la stra...","canonical":"https:\/\/www.webdo.tn\/fr\/actualite\/national\/tunisie-l-arp-sera-dotee-de-panneaux-photovoltaiques\/215597\/","og_locale":"fr_FR","og_type":"article","og_title":"Tunisie : L\u2019ARP sera dot\u00e9e de panneaux photovolta\u00efques","og_description":"L\u2019accent a \u00e9t\u00e9 mis sur l'importance de l\u2019adh\u00e9sion de l'Assembl\u00e9e des Repr\u00e9sentants du Peuple \u00e0 la diversification des sources d'\u00e9nergie dans le cadre de la stra...","og_url":"https:\/\/www.webdo.tn\/fr\/actualite\/national\/tunisie-l-arp-sera-dotee-de-panneaux-photovoltaiques\/215597\/","og_site_name":"webdo","article_publisher":"https:\/\/www.facebook.com\/webdotn","article_published_time":"2024-08-01T10:57:00+00:00","article_modified_time":"2025-05-20T22:35:18+00:00","og_image":[{"width":750,"height":400,"url":"https:\/\/www.webdo.tn\/fr\/wp-content\/uploads\/2024\/08\/fa6a8e54b1f7d49727a079d9a240358d.webp","type":"image\/webp"}],"author":"CL","twitter_card":"summary_large_image","twitter_creator":"@webdo_tn","twitter_site":"@webdo_tn","twitter_misc":{"\u00c9crit par":"CL","Dur\u00e9e de lecture estim\u00e9e":"1 minute"},"schema":{"@context":"https:\/\/schema.org","@graph":[{"@type":"NewsArticle","@id":"https:\/\/www.webdo.tn\/fr\/actualite\/national\/tunisie-l-arp-sera-dotee-de-panneaux-photovoltaiques\/215597\/#article","isPartOf":{"@id":"https:\/\/www.webdo.tn\/fr\/actualite\/national\/tunisie-l-arp-sera-dotee-de-panneaux-photovoltaiques\/215597\/"},"author":{"name":"CL","@id":"https:\/\/www.webdo.tn\/fr\/#\/schema\/person\/f35b42a42c5e2511bbd282959d6385cc"},"headline":"Tunisie : L\u2019ARP sera dot\u00e9e de panneaux photovolta\u00efques","datePublished":"2024-08-01T10:57:00+00:00","dateModified":"2025-05-20T22:35:18+00:00","mainEntityOfPage":{"@id":"https:\/\/www.webdo.tn\/fr\/actualite\/national\/tunisie-l-arp-sera-dotee-de-panneaux-photovoltaiques\/215597\/"},"wordCount":328,"commentCount":0,"publisher":{"@id":"https:\/\/www.webdo.tn\/fr\/#organization"},"image":{"@id":"https:\/\/www.webdo.tn\/fr\/actualite\/national\/tunisie-l-arp-sera-dotee-de-panneaux-photovoltaiques\/215597\/#primaryimage"},"thumbnailUrl":"https:\/\/www.webdo.tn\/fr\/wp-content\/uploads\/2024\/08\/fa6a8e54b1f7d49727a079d9a240358d.webp","keywords":["assembl\u00e9e","photovolta\u00efque","Tunisie"],"articleSection":["National"],"inLanguage":"fr-FR"},{"@type":"WebPage","@id":"https:\/\/www.webdo.tn\/fr\/actualite\/national\/tunisie-l-arp-sera-dotee-de-panneaux-photovoltaiques\/215597\/","url":"https:\/\/www.webdo.tn\/fr\/actualite\/national\/tunisie-l-arp-sera-dotee-de-panneaux-photovoltaiques\/215597\/","name":"Tunisie : L\u2019ARP sera dot\u00e9e de panneaux photovolta\u00efques","isPartOf":{"@id":"https:\/\/www.webdo.tn\/fr\/#website"},"primaryImageOfPage":{"@id":"https:\/\/www.webdo.tn\/fr\/actualite\/national\/tunisie-l-arp-sera-dotee-de-panneaux-photovoltaiques\/215597\/#primaryimage"},"image":{"@id":"https:\/\/www.webdo.tn\/fr\/actualite\/national\/tunisie-l-arp-sera-dotee-de-panneaux-photovoltaiques\/215597\/#primaryimage"},"thumbnailUrl":"https:\/\/www.webdo.tn\/fr\/wp-content\/uploads\/2024\/08\/fa6a8e54b1f7d49727a079d9a240358d.webp","datePublished":"2024-08-01T10:57:00+00:00","dateModified":"2025-05-20T22:35:18+00:00","description":"L\u2019accent a \u00e9t\u00e9 mis sur l'importance de l\u2019adh\u00e9sion de l'Assembl\u00e9e des Repr\u00e9sentants du Peuple \u00e0 la diversification des sources d'\u00e9nergie dans le cadre de la stra...","breadcrumb":{"@id":"https:\/\/www.webdo.tn\/fr\/actualite\/national\/tunisie-l-arp-sera-dotee-de-panneaux-photovoltaiques\/215597\/#breadcrumb"},"inLanguage":"fr-FR","potentialAction":[{"@type":"ReadAction","target":["https:\/\/www.webdo.tn\/fr\/actualite\/national\/tunisie-l-arp-sera-dotee-de-panneaux-photovoltaiques\/215597\/"]}]},{"@type":"ImageObject","inLanguage":"fr-FR","@id":"https:\/\/www.webdo.tn\/fr\/actualite\/national\/tunisie-l-arp-sera-dotee-de-panneaux-photovoltaiques\/215597\/#primaryimage","url":"https:\/\/www.webdo.tn\/fr\/wp-content\/uploads\/2024\/08\/fa6a8e54b1f7d49727a079d9a240358d.webp","contentUrl":"https:\/\/www.webdo.tn\/fr\/wp-content\/uploads\/2024\/08\/fa6a8e54b1f7d49727a079d9a240358d.webp","width":750,"height":400,"caption":"Tunisie : L\u2019ARP sera dot\u00e9e de panneaux photovolta\u00efques"},{"@type":"BreadcrumbList","@id":"https:\/\/www.webdo.tn\/fr\/actualite\/national\/tunisie-l-arp-sera-dotee-de-panneaux-photovoltaiques\/215597\/#breadcrumb","itemListElement":[{"@type":"ListItem","position":1,"name":"Accueil","item":"https:\/\/www.webdo.tn\/fr\/"},{"@type":"ListItem","position":2,"name":"Tunisie : L\u2019ARP sera dot\u00e9e de panneaux photovolta\u00efques"}]},{"@type":"WebSite","@id":"https:\/\/www.webdo.tn\/fr\/#website","url":"https:\/\/www.webdo.tn\/fr\/","name":"webdo","description":"Tunisie - News en Tunisie et \u00e0 l&#039;international sur Webdo.tn","publisher":{"@id":"https:\/\/www.webdo.tn\/fr\/#organization"},"potentialAction":[{"@type":"SearchAction","target":{"@type":"EntryPoint","urlTemplate":"https:\/\/www.webdo.tn\/fr\/?s={search_term_string}"},"query-input":{"@type":"PropertyValueSpecification","valueRequired":true,"valueName":"search_term_string"}}],"inLanguage":"fr-FR"},{"@type":"Organization","@id":"https:\/\/www.webdo.tn\/fr\/#organization","name":"Webdo","alternateName":"Webdo.tn","url":"https:\/\/www.webdo.tn\/fr\/","logo":{"@type":"ImageObject","inLanguage":"fr-FR","@id":"https:\/\/www.webdo.tn\/fr\/#\/schema\/logo\/image\/","url":"https:\/\/www.webdo.tn\/fr\/wp-content\/uploads\/2025\/06\/Webdo-Tunisie_168377.jpg","contentUrl":"https:\/\/www.webdo.tn\/fr\/wp-content\/uploads\/2025\/06\/Webdo-Tunisie_168377.jpg","width":301,"height":301,"caption":"Webdo"},"image":{"@id":"https:\/\/www.webdo.tn\/fr\/#\/schema\/logo\/image\/"},"sameAs":["https:\/\/www.facebook.com\/webdotn","https:\/\/x.com\/webdo_tn"],"description":"Webdo est un m\u00e9dia num\u00e9rique tunisien fond\u00e9 en 2010, sp\u00e9cialis\u00e9 dans l\u2019actualit\u00e9 nationale et internationale, l\u2019\u00e9conomie, la soci\u00e9t\u00e9 et les analyses politiques. Le site s\u2019adresse \u00e0 un large public francophone et couvre l\u2019information tunisienne en temps r\u00e9el.","email":"redac@webdo.tn","legalName":"YNJ SARL","foundingDate":"2010-09-06","numberOfEmployees":{"@type":"QuantitativeValue","minValue":"11","maxValue":"50"}},{"@type":"Person","@id":"https:\/\/www.webdo.tn\/fr\/#\/schema\/person\/f35b42a42c5e2511bbd282959d6385cc","name":"CL","image":{"@type":"ImageObject","inLanguage":"fr-FR","@id":"https:\/\/secure.gravatar.com\/avatar\/1447a49909b67aa657c488aec6512e1dd6143a480c1ecfee9b5b5cd74eb3b59e?s=96&d=mm&r=g","url":"https:\/\/secure.gravatar.com\/avatar\/1447a49909b67aa657c488aec6512e1dd6143a480c1ecfee9b5b5cd74eb3b59e?s=96&d=mm&r=g","contentUrl":"https:\/\/secure.gravatar.com\/avatar\/1447a49909b67aa657c488aec6512e1dd6143a480c1ecfee9b5b5cd74eb3b59e?s=96&d=mm&r=g","caption":"CL"},"url":"https:\/\/www.webdo.tn\/fr\/actualite\/author\/cl\/"}]}},"_links":{"self":[{"href":"https:\/\/www.webdo.tn\/fr\/wp-json\/wp\/v2\/posts\/215597","targetHints":{"allow":["GET"]}}],"collection":[{"href":"https:\/\/www.webdo.tn\/fr\/wp-json\/wp\/v2\/posts"}],"about":[{"href":"https:\/\/www.webdo.tn\/fr\/wp-json\/wp\/v2\/types\/post"}],"author":[{"embeddable":true,"href":"https:\/\/www.webdo.tn\/fr\/wp-json\/wp\/v2\/users\/3175"}],"replies":[{"embeddable":true,"href":"https:\/\/www.webdo.tn\/fr\/wp-json\/wp\/v2\/comments?post=215597"}],"version-history":[{"count":0,"href":"https:\/\/www.webdo.tn\/fr\/wp-json\/wp\/v2\/posts\/215597\/revisions"}],"wp:featuredmedia":[{"embeddable":true,"href":"https:\/\/www.webdo.tn\/fr\/wp-json\/wp\/v2\/media\/246860"}],"wp:attachment":[{"href":"https:\/\/www.webdo.tn\/fr\/wp-json\/wp\/v2\/media?parent=215597"}],"wp:term":[{"taxonomy":"category","embeddable":true,"href":"https:\/\/www.webdo.tn\/fr\/wp-json\/wp\/v2\/categories?post=215597"},{"taxonomy":"post_tag","embeddable":true,"href":"https:\/\/www.webdo.tn\/fr\/wp-json\/wp\/v2\/tags?post=215597"}],"curies":[{"name":"wp","href":"https:\/\/api.w.org\/{rel}","templated":true}]}}