{"id":215594,"date":"2024-08-01T10:22:00","date_gmt":"2024-08-01T10:22:00","guid":{"rendered":"https:\/\/www.webdo.tn\/fr\/blog\/saint-louis-saint-germain-saint-henri-a-tunis-une-toponymie-tres-catholique\/215594\/"},"modified":"2025-05-14T09:52:31","modified_gmt":"2025-05-14T09:52:31","slug":"saint-louis-saint-germain-saint-henri-a-tunis-une-toponymie-tres-catholique","status":"publish","type":"post","link":"https:\/\/www.webdo.tn\/fr\/actualite\/chroniques\/saint-louis-saint-germain-saint-henri-a-tunis-une-toponymie-tres-catholique\/215594\/","title":{"rendered":"Saint-Louis, Saint-Germain, Saint-Henri : \u00c0 Tunis, une toponymie tr\u00e8s catholique"},"content":{"rendered":"<p>Dans la ville de Tunis, plusieurs quartiers, des cit\u00e9s et quelques faubourgs ont port\u00e9 et portent encore des noms de saints catholiques.<\/p>\n<p>Cette curiosit\u00e9 de la toponymie tunisienne remonte \u00e0 la p\u00e9riode du Protectorat fran\u00e7ais et se d\u00e9cline de diverses mani\u00e8res.\u00a0<\/p>\n<p>Ainsi, dans la m\u00e9dina par exemple, la rue du Missionnaire, celle du Bon Secours ou celle des Moniquettes renvoient \u00e0 une \u00e9poque lointaine o\u00f9 des congr\u00e9gations religieuses peuplaient encore la cit\u00e9 historique.<\/p>\n<p>Mais ce Tunis de tous les saints prend une autre dimension lorsqu&rsquo;on \u00e9voque le quartier Saint-Henri au Bardo. On prononce d&rsquo;ailleurs \u00ab\u00a0Santarine\u00a0\u00bb pour d\u00e9signer ce quartier sans se rendre compte qu&rsquo;il s&rsquo;agit d&rsquo;une d\u00e9formation de saint-Henri.<\/p>\n<p>Dans cette r\u00e9gion du Bardo, on peut aussi mentionner le quartier Saint-Cl\u00e9ment et la cit\u00e9 Saint-Louis.\u00a0<\/p>\n<p>Plus loin, \u00e0 proximit\u00e9 de Ben Arous, il existe un quartier Saint-Jacques alors que la ville d&rsquo;Ezzahra s&rsquo;est longtemps appel\u00e9e Saint-Germain. Toujours dans cette r\u00e9gion sud de Tunis, on peut citer aussi le quartier Saint-Gobain. Toutes ces d\u00e9signations sanctifi\u00e9es se maintiennent de nos jours.<\/p>\n<p>C&rsquo;est le cas aussi du quartier de Notre-Dame qui n&rsquo;a pas chang\u00e9 de nom et veille toujours sur les hauteurs du Belv\u00e9d\u00e8re. La sainte Vierge est d&rsquo;ailleurs \u00e0 l&rsquo;origine des noms de plusieurs localit\u00e9s comme par exemple Sainte-Marie du Zit.<\/p>\n<p>Relevons par ailleurs un hotel Saint-Georges, une clinique Saint-Augustin et, \u00e0 Carthage, un quartier qui portait le nom de Saint-Louis et un autre celui de Sainte-Monique.<\/p>\n<p>Ces exemples de toponymie tunisienne ne pr\u00e9tendent pas \u00eatre exhaustifs et il est certain que nos lecteurs sauront retrouver la trace de quartiers, villes et villages qui ont port\u00e9 ou portent encore dans la m\u00e9moire populaire, des noms de saints catholiques.<\/p>\n<p>\u00a0<\/p>\n<p>H.B.<\/p>\n","protected":false},"excerpt":{"rendered":"<p>Dans la ville de Tunis, plusieurs quartiers, des cit\u00e9s et quelques faubourgs ont port\u00e9 et portent encore des noms de saints catholiques.<\/p>\n","protected":false},"author":3229,"featured_media":246859,"comment_status":"open","ping_status":"closed","sticky":false,"template":"","format":"standard","meta":{"footnotes":""},"categories":[2596],"tags":[6003,6002,3364,6004],"class_list":["post-215594","post","type-post","status-publish","format-standard","has-post-thumbnail","hentry","category-chroniques","tag-billet","tag-hatem-bourial","tag-histoire","tag-monuments"],"yoast_head":"<!-- This site is optimized with the Yoast SEO Premium plugin v27.4 (Yoast SEO v27.5) - https:\/\/yoast.com\/product\/yoast-seo-premium-wordpress\/ -->\n<title>Saint-Louis, Saint-Germain, Saint-Henri : \u00c0 Tunis, une toponymie tr\u00e8s catholique<\/title>\n<meta name=\"description\" content=\"Dans la ville de Tunis, plusieurs quartiers, des cit\u00e9s et quelques faubourgs ont port\u00e9 et portent encore des noms de saints catholiques.\" \/>\n<link rel=\"canonical\" href=\"https:\/\/www.webdo.tn\/fr\/actualite\/chroniques\/saint-louis-saint-germain-saint-henri-a-tunis-une-toponymie-tres-catholique\/215594\/\" \/>\n<meta property=\"og:locale\" content=\"fr_FR\" \/>\n<meta property=\"og:type\" content=\"article\" \/>\n<meta property=\"og:title\" content=\"Saint-Louis, Saint-Germain, Saint-Henri : \u00c0 Tunis, une toponymie tr\u00e8s catholique\" \/>\n<meta property=\"og:description\" content=\"Dans la ville de Tunis, plusieurs quartiers, des cit\u00e9s et quelques faubourgs ont port\u00e9 et portent encore des noms de saints catholiques.\" \/>\n<meta property=\"og:url\" content=\"https:\/\/www.webdo.tn\/fr\/actualite\/chroniques\/saint-louis-saint-germain-saint-henri-a-tunis-une-toponymie-tres-catholique\/215594\/\" \/>\n<meta property=\"og:site_name\" content=\"webdo\" \/>\n<meta property=\"article:publisher\" content=\"https:\/\/www.facebook.com\/webdotn\" \/>\n<meta property=\"article:author\" content=\"https:\/\/www.facebook.com\/hatem.bourial.2025\" \/>\n<meta property=\"article:published_time\" content=\"2024-08-01T10:22:00+00:00\" \/>\n<meta property=\"article:modified_time\" content=\"2025-05-14T09:52:31+00:00\" \/>\n<meta property=\"og:image\" content=\"https:\/\/www.webdo.tn\/fr\/wp-content\/uploads\/2024\/08\/747845977c6344618808235dbcd7b5e8.webp\" \/>\n\t<meta property=\"og:image:width\" content=\"750\" \/>\n\t<meta property=\"og:image:height\" content=\"400\" \/>\n\t<meta property=\"og:image:type\" content=\"image\/webp\" \/>\n<meta name=\"author\" content=\"Hatem Bourial\" \/>\n<meta name=\"twitter:card\" content=\"summary_large_image\" \/>\n<meta name=\"twitter:creator\" content=\"@webdo_tn\" \/>\n<meta name=\"twitter:site\" content=\"@webdo_tn\" \/>\n<meta name=\"twitter:label1\" content=\"\u00c9crit par\" \/>\n\t<meta name=\"twitter:data1\" content=\"Hatem Bourial\" \/>\n\t<meta name=\"twitter:label2\" content=\"Dur\u00e9e de lecture estim\u00e9e\" \/>\n\t<meta name=\"twitter:data2\" content=\"1 minute\" \/>\n<script type=\"application\/ld+json\" class=\"yoast-schema-graph\">{\"@context\":\"https:\\\/\\\/schema.org\",\"@graph\":[{\"@type\":\"NewsArticle\",\"@id\":\"https:\\\/\\\/www.webdo.tn\\\/fr\\\/actualite\\\/chroniques\\\/saint-louis-saint-germain-saint-henri-a-tunis-une-toponymie-tres-catholique\\\/215594\\\/#article\",\"isPartOf\":{\"@id\":\"https:\\\/\\\/www.webdo.tn\\\/fr\\\/actualite\\\/chroniques\\\/saint-louis-saint-germain-saint-henri-a-tunis-une-toponymie-tres-catholique\\\/215594\\\/\"},\"author\":{\"name\":\"Hatem Bourial\",\"@id\":\"https:\\\/\\\/www.webdo.tn\\\/fr\\\/#\\\/schema\\\/person\\\/6bc0beba2cd23aec27cb5df85ca2554f\"},\"headline\":\"Saint-Louis, Saint-Germain, Saint-Henri : \u00c0 Tunis, une toponymie tr\u00e8s catholique\",\"datePublished\":\"2024-08-01T10:22:00+00:00\",\"dateModified\":\"2025-05-14T09:52:31+00:00\",\"mainEntityOfPage\":{\"@id\":\"https:\\\/\\\/www.webdo.tn\\\/fr\\\/actualite\\\/chroniques\\\/saint-louis-saint-germain-saint-henri-a-tunis-une-toponymie-tres-catholique\\\/215594\\\/\"},\"wordCount\":313,\"commentCount\":0,\"publisher\":{\"@id\":\"https:\\\/\\\/www.webdo.tn\\\/fr\\\/#organization\"},\"image\":{\"@id\":\"https:\\\/\\\/www.webdo.tn\\\/fr\\\/actualite\\\/chroniques\\\/saint-louis-saint-germain-saint-henri-a-tunis-une-toponymie-tres-catholique\\\/215594\\\/#primaryimage\"},\"thumbnailUrl\":\"https:\\\/\\\/www.webdo.tn\\\/fr\\\/wp-content\\\/uploads\\\/2024\\\/08\\\/747845977c6344618808235dbcd7b5e8.webp\",\"keywords\":[\"Billet\",\"hatem bourial\",\"histoire\",\"Monuments\"],\"articleSection\":[\"Chroniques\"],\"inLanguage\":\"fr-FR\"},{\"@type\":\"WebPage\",\"@id\":\"https:\\\/\\\/www.webdo.tn\\\/fr\\\/actualite\\\/chroniques\\\/saint-louis-saint-germain-saint-henri-a-tunis-une-toponymie-tres-catholique\\\/215594\\\/\",\"url\":\"https:\\\/\\\/www.webdo.tn\\\/fr\\\/actualite\\\/chroniques\\\/saint-louis-saint-germain-saint-henri-a-tunis-une-toponymie-tres-catholique\\\/215594\\\/\",\"name\":\"Saint-Louis, Saint-Germain, Saint-Henri : \u00c0 Tunis, une toponymie tr\u00e8s catholique\",\"isPartOf\":{\"@id\":\"https:\\\/\\\/www.webdo.tn\\\/fr\\\/#website\"},\"primaryImageOfPage\":{\"@id\":\"https:\\\/\\\/www.webdo.tn\\\/fr\\\/actualite\\\/chroniques\\\/saint-louis-saint-germain-saint-henri-a-tunis-une-toponymie-tres-catholique\\\/215594\\\/#primaryimage\"},\"image\":{\"@id\":\"https:\\\/\\\/www.webdo.tn\\\/fr\\\/actualite\\\/chroniques\\\/saint-louis-saint-germain-saint-henri-a-tunis-une-toponymie-tres-catholique\\\/215594\\\/#primaryimage\"},\"thumbnailUrl\":\"https:\\\/\\\/www.webdo.tn\\\/fr\\\/wp-content\\\/uploads\\\/2024\\\/08\\\/747845977c6344618808235dbcd7b5e8.webp\",\"datePublished\":\"2024-08-01T10:22:00+00:00\",\"dateModified\":\"2025-05-14T09:52:31+00:00\",\"description\":\"Dans la ville de Tunis, plusieurs quartiers, des cit\u00e9s et quelques faubourgs ont port\u00e9 et portent encore des noms de saints catholiques.\",\"breadcrumb\":{\"@id\":\"https:\\\/\\\/www.webdo.tn\\\/fr\\\/actualite\\\/chroniques\\\/saint-louis-saint-germain-saint-henri-a-tunis-une-toponymie-tres-catholique\\\/215594\\\/#breadcrumb\"},\"inLanguage\":\"fr-FR\",\"potentialAction\":[{\"@type\":\"ReadAction\",\"target\":[\"https:\\\/\\\/www.webdo.tn\\\/fr\\\/actualite\\\/chroniques\\\/saint-louis-saint-germain-saint-henri-a-tunis-une-toponymie-tres-catholique\\\/215594\\\/\"]}]},{\"@type\":\"ImageObject\",\"inLanguage\":\"fr-FR\",\"@id\":\"https:\\\/\\\/www.webdo.tn\\\/fr\\\/actualite\\\/chroniques\\\/saint-louis-saint-germain-saint-henri-a-tunis-une-toponymie-tres-catholique\\\/215594\\\/#primaryimage\",\"url\":\"https:\\\/\\\/www.webdo.tn\\\/fr\\\/wp-content\\\/uploads\\\/2024\\\/08\\\/747845977c6344618808235dbcd7b5e8.webp\",\"contentUrl\":\"https:\\\/\\\/www.webdo.tn\\\/fr\\\/wp-content\\\/uploads\\\/2024\\\/08\\\/747845977c6344618808235dbcd7b5e8.webp\",\"width\":750,\"height\":400,\"caption\":\"Saint-Louis, Saint-Germain, Saint-Henri : \u00c0 Tunis, une toponymie tr\u00e8s catholique\"},{\"@type\":\"BreadcrumbList\",\"@id\":\"https:\\\/\\\/www.webdo.tn\\\/fr\\\/actualite\\\/chroniques\\\/saint-louis-saint-germain-saint-henri-a-tunis-une-toponymie-tres-catholique\\\/215594\\\/#breadcrumb\",\"itemListElement\":[{\"@type\":\"ListItem\",\"position\":1,\"name\":\"Accueil\",\"item\":\"https:\\\/\\\/www.webdo.tn\\\/fr\\\/\"},{\"@type\":\"ListItem\",\"position\":2,\"name\":\"Saint-Louis, Saint-Germain, Saint-Henri : \u00c0 Tunis, une toponymie tr\u00e8s catholique\"}]},{\"@type\":\"WebSite\",\"@id\":\"https:\\\/\\\/www.webdo.tn\\\/fr\\\/#website\",\"url\":\"https:\\\/\\\/www.webdo.tn\\\/fr\\\/\",\"name\":\"webdo\",\"description\":\"Tunisie - News en Tunisie et \u00e0 l&#039;international sur Webdo.tn\",\"publisher\":{\"@id\":\"https:\\\/\\\/www.webdo.tn\\\/fr\\\/#organization\"},\"potentialAction\":[{\"@type\":\"SearchAction\",\"target\":{\"@type\":\"EntryPoint\",\"urlTemplate\":\"https:\\\/\\\/www.webdo.tn\\\/fr\\\/?s={search_term_string}\"},\"query-input\":{\"@type\":\"PropertyValueSpecification\",\"valueRequired\":true,\"valueName\":\"search_term_string\"}}],\"inLanguage\":\"fr-FR\"},{\"@type\":\"Organization\",\"@id\":\"https:\\\/\\\/www.webdo.tn\\\/fr\\\/#organization\",\"name\":\"Webdo\",\"alternateName\":\"Webdo.tn\",\"url\":\"https:\\\/\\\/www.webdo.tn\\\/fr\\\/\",\"logo\":{\"@type\":\"ImageObject\",\"inLanguage\":\"fr-FR\",\"@id\":\"https:\\\/\\\/www.webdo.tn\\\/fr\\\/#\\\/schema\\\/logo\\\/image\\\/\",\"url\":\"https:\\\/\\\/www.webdo.tn\\\/fr\\\/wp-content\\\/uploads\\\/2025\\\/06\\\/Webdo-Tunisie_168377.jpg\",\"contentUrl\":\"https:\\\/\\\/www.webdo.tn\\\/fr\\\/wp-content\\\/uploads\\\/2025\\\/06\\\/Webdo-Tunisie_168377.jpg\",\"width\":301,\"height\":301,\"caption\":\"Webdo\"},\"image\":{\"@id\":\"https:\\\/\\\/www.webdo.tn\\\/fr\\\/#\\\/schema\\\/logo\\\/image\\\/\"},\"sameAs\":[\"https:\\\/\\\/www.facebook.com\\\/webdotn\",\"https:\\\/\\\/x.com\\\/webdo_tn\"],\"description\":\"Webdo est un m\u00e9dia num\u00e9rique tunisien fond\u00e9 en 2010, sp\u00e9cialis\u00e9 dans l\u2019actualit\u00e9 nationale et internationale, l\u2019\u00e9conomie, la soci\u00e9t\u00e9 et les analyses politiques. Le site s\u2019adresse \u00e0 un large public francophone et couvre l\u2019information tunisienne en temps r\u00e9el.\",\"email\":\"redac@webdo.tn\",\"legalName\":\"YNJ SARL\",\"foundingDate\":\"2010-09-06\",\"numberOfEmployees\":{\"@type\":\"QuantitativeValue\",\"minValue\":\"11\",\"maxValue\":\"50\"}},{\"@type\":\"Person\",\"@id\":\"https:\\\/\\\/www.webdo.tn\\\/fr\\\/#\\\/schema\\\/person\\\/6bc0beba2cd23aec27cb5df85ca2554f\",\"name\":\"Hatem Bourial\",\"image\":{\"@type\":\"ImageObject\",\"inLanguage\":\"fr-FR\",\"@id\":\"https:\\\/\\\/www.webdo.tn\\\/fr\\\/wp-content\\\/uploads\\\/2026\\\/04\\\/hatem-bourial_avatar-96x96.jpg\",\"url\":\"https:\\\/\\\/www.webdo.tn\\\/fr\\\/wp-content\\\/uploads\\\/2026\\\/04\\\/hatem-bourial_avatar-96x96.jpg\",\"contentUrl\":\"https:\\\/\\\/www.webdo.tn\\\/fr\\\/wp-content\\\/uploads\\\/2026\\\/04\\\/hatem-bourial_avatar-96x96.jpg\",\"caption\":\"Hatem Bourial\"},\"description\":\"Hatem Bourial est journaliste, \u00e9crivain et chroniqueur tunisien. Actif depuis plusieurs d\u00e9cennies, il s\u2019est impos\u00e9 comme un observateur attentif de la soci\u00e9t\u00e9 tunisienne, m\u00ealant dans ses \u00e9crits m\u00e9moire, culture et analyse du quotidien. Auteur de nombreux ouvrages, il d\u00e9veloppe une \u0153uvre \u00e0 la crois\u00e9e du r\u00e9cit, de la po\u00e9sie et de l\u2019observation sociologique. Parall\u00e8lement \u00e0 ses contributions dans la presse, il intervient r\u00e9guli\u00e8rement \u00e0 la radio et dans des espaces culturels, o\u00f9 il explore les enjeux li\u00e9s au patrimoine, \u00e0 l\u2019identit\u00e9 et aux transformations du monde contemporain. \u00c0 travers ses chroniques, Hatem Bourial propose une lecture sensible et approfondie de l\u2019actualit\u00e9, nourrie par une exp\u00e9rience journalistique et litt\u00e9raire reconnue. \ud83d\udd17 Facebook : https:\\\/\\\/www.facebook.com\\\/hatem.bourial.2025\",\"sameAs\":[\"https:\\\/\\\/www.facebook.com\\\/hatem.bourial.2025\",\"https:\\\/\\\/fr.wikipedia.org\\\/wiki\\\/Fichier:Hatem_Bourial.jpg\"],\"knowsAbout\":[\"Culture & patrimoine tunisien\",\"Chronique soci\u00e9tale\",\"Litt\u00e9rature & m\u00e9moire\",\"Cin\u00e9ma & critique culturelle\",\"Identit\u00e9 & mutations sociales\"],\"knowsLanguage\":[\"Arabe\",\"Fran\u00e7ais\",\"Anglais\",\"Italien\",\"Polonais\"],\"jobTitle\":\"Journaliste, \u00e9crivain et chroniqueur culturel\",\"worksFor\":\"Webdo\",\"url\":\"https:\\\/\\\/www.webdo.tn\\\/fr\\\/actualite\\\/author\\\/hatem-bourial-2\\\/\"}]}<\/script>\n<!-- \/ Yoast SEO Premium plugin. -->","yoast_head_json":{"title":"Saint-Louis, Saint-Germain, Saint-Henri : \u00c0 Tunis, une toponymie tr\u00e8s catholique","description":"Dans la ville de Tunis, plusieurs quartiers, des cit\u00e9s et quelques faubourgs ont port\u00e9 et portent encore des noms de saints catholiques.","canonical":"https:\/\/www.webdo.tn\/fr\/actualite\/chroniques\/saint-louis-saint-germain-saint-henri-a-tunis-une-toponymie-tres-catholique\/215594\/","og_locale":"fr_FR","og_type":"article","og_title":"Saint-Louis, Saint-Germain, Saint-Henri : \u00c0 Tunis, une toponymie tr\u00e8s catholique","og_description":"Dans la ville de Tunis, plusieurs quartiers, des cit\u00e9s et quelques faubourgs ont port\u00e9 et portent encore des noms de saints catholiques.","og_url":"https:\/\/www.webdo.tn\/fr\/actualite\/chroniques\/saint-louis-saint-germain-saint-henri-a-tunis-une-toponymie-tres-catholique\/215594\/","og_site_name":"webdo","article_publisher":"https:\/\/www.facebook.com\/webdotn","article_author":"https:\/\/www.facebook.com\/hatem.bourial.2025","article_published_time":"2024-08-01T10:22:00+00:00","article_modified_time":"2025-05-14T09:52:31+00:00","og_image":[{"width":750,"height":400,"url":"https:\/\/www.webdo.tn\/fr\/wp-content\/uploads\/2024\/08\/747845977c6344618808235dbcd7b5e8.webp","type":"image\/webp"}],"author":"Hatem Bourial","twitter_card":"summary_large_image","twitter_creator":"@webdo_tn","twitter_site":"@webdo_tn","twitter_misc":{"\u00c9crit par":"Hatem Bourial","Dur\u00e9e de lecture estim\u00e9e":"1 minute"},"schema":{"@context":"https:\/\/schema.org","@graph":[{"@type":"NewsArticle","@id":"https:\/\/www.webdo.tn\/fr\/actualite\/chroniques\/saint-louis-saint-germain-saint-henri-a-tunis-une-toponymie-tres-catholique\/215594\/#article","isPartOf":{"@id":"https:\/\/www.webdo.tn\/fr\/actualite\/chroniques\/saint-louis-saint-germain-saint-henri-a-tunis-une-toponymie-tres-catholique\/215594\/"},"author":{"name":"Hatem Bourial","@id":"https:\/\/www.webdo.tn\/fr\/#\/schema\/person\/6bc0beba2cd23aec27cb5df85ca2554f"},"headline":"Saint-Louis, Saint-Germain, Saint-Henri : \u00c0 Tunis, une toponymie tr\u00e8s catholique","datePublished":"2024-08-01T10:22:00+00:00","dateModified":"2025-05-14T09:52:31+00:00","mainEntityOfPage":{"@id":"https:\/\/www.webdo.tn\/fr\/actualite\/chroniques\/saint-louis-saint-germain-saint-henri-a-tunis-une-toponymie-tres-catholique\/215594\/"},"wordCount":313,"commentCount":0,"publisher":{"@id":"https:\/\/www.webdo.tn\/fr\/#organization"},"image":{"@id":"https:\/\/www.webdo.tn\/fr\/actualite\/chroniques\/saint-louis-saint-germain-saint-henri-a-tunis-une-toponymie-tres-catholique\/215594\/#primaryimage"},"thumbnailUrl":"https:\/\/www.webdo.tn\/fr\/wp-content\/uploads\/2024\/08\/747845977c6344618808235dbcd7b5e8.webp","keywords":["Billet","hatem bourial","histoire","Monuments"],"articleSection":["Chroniques"],"inLanguage":"fr-FR"},{"@type":"WebPage","@id":"https:\/\/www.webdo.tn\/fr\/actualite\/chroniques\/saint-louis-saint-germain-saint-henri-a-tunis-une-toponymie-tres-catholique\/215594\/","url":"https:\/\/www.webdo.tn\/fr\/actualite\/chroniques\/saint-louis-saint-germain-saint-henri-a-tunis-une-toponymie-tres-catholique\/215594\/","name":"Saint-Louis, Saint-Germain, Saint-Henri : \u00c0 Tunis, une toponymie tr\u00e8s catholique","isPartOf":{"@id":"https:\/\/www.webdo.tn\/fr\/#website"},"primaryImageOfPage":{"@id":"https:\/\/www.webdo.tn\/fr\/actualite\/chroniques\/saint-louis-saint-germain-saint-henri-a-tunis-une-toponymie-tres-catholique\/215594\/#primaryimage"},"image":{"@id":"https:\/\/www.webdo.tn\/fr\/actualite\/chroniques\/saint-louis-saint-germain-saint-henri-a-tunis-une-toponymie-tres-catholique\/215594\/#primaryimage"},"thumbnailUrl":"https:\/\/www.webdo.tn\/fr\/wp-content\/uploads\/2024\/08\/747845977c6344618808235dbcd7b5e8.webp","datePublished":"2024-08-01T10:22:00+00:00","dateModified":"2025-05-14T09:52:31+00:00","description":"Dans la ville de Tunis, plusieurs quartiers, des cit\u00e9s et quelques faubourgs ont port\u00e9 et portent encore des noms de saints catholiques.","breadcrumb":{"@id":"https:\/\/www.webdo.tn\/fr\/actualite\/chroniques\/saint-louis-saint-germain-saint-henri-a-tunis-une-toponymie-tres-catholique\/215594\/#breadcrumb"},"inLanguage":"fr-FR","potentialAction":[{"@type":"ReadAction","target":["https:\/\/www.webdo.tn\/fr\/actualite\/chroniques\/saint-louis-saint-germain-saint-henri-a-tunis-une-toponymie-tres-catholique\/215594\/"]}]},{"@type":"ImageObject","inLanguage":"fr-FR","@id":"https:\/\/www.webdo.tn\/fr\/actualite\/chroniques\/saint-louis-saint-germain-saint-henri-a-tunis-une-toponymie-tres-catholique\/215594\/#primaryimage","url":"https:\/\/www.webdo.tn\/fr\/wp-content\/uploads\/2024\/08\/747845977c6344618808235dbcd7b5e8.webp","contentUrl":"https:\/\/www.webdo.tn\/fr\/wp-content\/uploads\/2024\/08\/747845977c6344618808235dbcd7b5e8.webp","width":750,"height":400,"caption":"Saint-Louis, Saint-Germain, Saint-Henri : \u00c0 Tunis, une toponymie tr\u00e8s catholique"},{"@type":"BreadcrumbList","@id":"https:\/\/www.webdo.tn\/fr\/actualite\/chroniques\/saint-louis-saint-germain-saint-henri-a-tunis-une-toponymie-tres-catholique\/215594\/#breadcrumb","itemListElement":[{"@type":"ListItem","position":1,"name":"Accueil","item":"https:\/\/www.webdo.tn\/fr\/"},{"@type":"ListItem","position":2,"name":"Saint-Louis, Saint-Germain, Saint-Henri : \u00c0 Tunis, une toponymie tr\u00e8s catholique"}]},{"@type":"WebSite","@id":"https:\/\/www.webdo.tn\/fr\/#website","url":"https:\/\/www.webdo.tn\/fr\/","name":"webdo","description":"Tunisie - News en Tunisie et \u00e0 l&#039;international sur Webdo.tn","publisher":{"@id":"https:\/\/www.webdo.tn\/fr\/#organization"},"potentialAction":[{"@type":"SearchAction","target":{"@type":"EntryPoint","urlTemplate":"https:\/\/www.webdo.tn\/fr\/?s={search_term_string}"},"query-input":{"@type":"PropertyValueSpecification","valueRequired":true,"valueName":"search_term_string"}}],"inLanguage":"fr-FR"},{"@type":"Organization","@id":"https:\/\/www.webdo.tn\/fr\/#organization","name":"Webdo","alternateName":"Webdo.tn","url":"https:\/\/www.webdo.tn\/fr\/","logo":{"@type":"ImageObject","inLanguage":"fr-FR","@id":"https:\/\/www.webdo.tn\/fr\/#\/schema\/logo\/image\/","url":"https:\/\/www.webdo.tn\/fr\/wp-content\/uploads\/2025\/06\/Webdo-Tunisie_168377.jpg","contentUrl":"https:\/\/www.webdo.tn\/fr\/wp-content\/uploads\/2025\/06\/Webdo-Tunisie_168377.jpg","width":301,"height":301,"caption":"Webdo"},"image":{"@id":"https:\/\/www.webdo.tn\/fr\/#\/schema\/logo\/image\/"},"sameAs":["https:\/\/www.facebook.com\/webdotn","https:\/\/x.com\/webdo_tn"],"description":"Webdo est un m\u00e9dia num\u00e9rique tunisien fond\u00e9 en 2010, sp\u00e9cialis\u00e9 dans l\u2019actualit\u00e9 nationale et internationale, l\u2019\u00e9conomie, la soci\u00e9t\u00e9 et les analyses politiques. Le site s\u2019adresse \u00e0 un large public francophone et couvre l\u2019information tunisienne en temps r\u00e9el.","email":"redac@webdo.tn","legalName":"YNJ SARL","foundingDate":"2010-09-06","numberOfEmployees":{"@type":"QuantitativeValue","minValue":"11","maxValue":"50"}},{"@type":"Person","@id":"https:\/\/www.webdo.tn\/fr\/#\/schema\/person\/6bc0beba2cd23aec27cb5df85ca2554f","name":"Hatem Bourial","image":{"@type":"ImageObject","inLanguage":"fr-FR","@id":"https:\/\/www.webdo.tn\/fr\/wp-content\/uploads\/2026\/04\/hatem-bourial_avatar-96x96.jpg","url":"https:\/\/www.webdo.tn\/fr\/wp-content\/uploads\/2026\/04\/hatem-bourial_avatar-96x96.jpg","contentUrl":"https:\/\/www.webdo.tn\/fr\/wp-content\/uploads\/2026\/04\/hatem-bourial_avatar-96x96.jpg","caption":"Hatem Bourial"},"description":"Hatem Bourial est journaliste, \u00e9crivain et chroniqueur tunisien. Actif depuis plusieurs d\u00e9cennies, il s\u2019est impos\u00e9 comme un observateur attentif de la soci\u00e9t\u00e9 tunisienne, m\u00ealant dans ses \u00e9crits m\u00e9moire, culture et analyse du quotidien. Auteur de nombreux ouvrages, il d\u00e9veloppe une \u0153uvre \u00e0 la crois\u00e9e du r\u00e9cit, de la po\u00e9sie et de l\u2019observation sociologique. Parall\u00e8lement \u00e0 ses contributions dans la presse, il intervient r\u00e9guli\u00e8rement \u00e0 la radio et dans des espaces culturels, o\u00f9 il explore les enjeux li\u00e9s au patrimoine, \u00e0 l\u2019identit\u00e9 et aux transformations du monde contemporain. \u00c0 travers ses chroniques, Hatem Bourial propose une lecture sensible et approfondie de l\u2019actualit\u00e9, nourrie par une exp\u00e9rience journalistique et litt\u00e9raire reconnue. \ud83d\udd17 Facebook : https:\/\/www.facebook.com\/hatem.bourial.2025","sameAs":["https:\/\/www.facebook.com\/hatem.bourial.2025","https:\/\/fr.wikipedia.org\/wiki\/Fichier:Hatem_Bourial.jpg"],"knowsAbout":["Culture & patrimoine tunisien","Chronique soci\u00e9tale","Litt\u00e9rature & m\u00e9moire","Cin\u00e9ma & critique culturelle","Identit\u00e9 & mutations sociales"],"knowsLanguage":["Arabe","Fran\u00e7ais","Anglais","Italien","Polonais"],"jobTitle":"Journaliste, \u00e9crivain et chroniqueur culturel","worksFor":"Webdo","url":"https:\/\/www.webdo.tn\/fr\/actualite\/author\/hatem-bourial-2\/"}]}},"_links":{"self":[{"href":"https:\/\/www.webdo.tn\/fr\/wp-json\/wp\/v2\/posts\/215594","targetHints":{"allow":["GET"]}}],"collection":[{"href":"https:\/\/www.webdo.tn\/fr\/wp-json\/wp\/v2\/posts"}],"about":[{"href":"https:\/\/www.webdo.tn\/fr\/wp-json\/wp\/v2\/types\/post"}],"author":[{"embeddable":true,"href":"https:\/\/www.webdo.tn\/fr\/wp-json\/wp\/v2\/users\/3229"}],"replies":[{"embeddable":true,"href":"https:\/\/www.webdo.tn\/fr\/wp-json\/wp\/v2\/comments?post=215594"}],"version-history":[{"count":0,"href":"https:\/\/www.webdo.tn\/fr\/wp-json\/wp\/v2\/posts\/215594\/revisions"}],"wp:featuredmedia":[{"embeddable":true,"href":"https:\/\/www.webdo.tn\/fr\/wp-json\/wp\/v2\/media\/246859"}],"wp:attachment":[{"href":"https:\/\/www.webdo.tn\/fr\/wp-json\/wp\/v2\/media?parent=215594"}],"wp:term":[{"taxonomy":"category","embeddable":true,"href":"https:\/\/www.webdo.tn\/fr\/wp-json\/wp\/v2\/categories?post=215594"},{"taxonomy":"post_tag","embeddable":true,"href":"https:\/\/www.webdo.tn\/fr\/wp-json\/wp\/v2\/tags?post=215594"}],"curies":[{"name":"wp","href":"https:\/\/api.w.org\/{rel}","templated":true}]}}