{"id":215552,"date":"2024-07-30T09:37:00","date_gmt":"2024-07-30T09:37:00","guid":{"rendered":"https:\/\/www.webdo.tn\/fr\/blog\/la-tunisie-aux-tunisiens-latifa-arfaoui-repond-a-la-polemique\/215552\/"},"modified":"2025-05-20T22:35:26","modified_gmt":"2025-05-20T22:35:26","slug":"la-tunisie-aux-tunisiens-latifa-arfaoui-repond-a-la-polemique","status":"publish","type":"post","link":"https:\/\/www.webdo.tn\/fr\/actualite\/national\/la-tunisie-aux-tunisiens-latifa-arfaoui-repond-a-la-polemique\/215552\/","title":{"rendered":"\u00ab La Tunisie aux Tunisiens \u00bb, Latifa Arfaoui r\u00e9pond \u00e0 la pol\u00e9mique"},"content":{"rendered":"<p>Apr\u00e8s avoir provoqu\u00e9 une grosse pol\u00e9mique suite \u00e0 des propos qualifi\u00e9s de x\u00e9nophobes sur sc\u00e8ne, la c\u00e9l\u00e8bre chanteuse tunisienne Latifa Arfaoui a bris\u00e9 le silence.\u00a0<\/p>\n<p>En effet, sur les ondes d\u2019une radio priv\u00e9e l\u2019artiste s\u2019est expliqu\u00e9e au sujet de ces r\u00e9centes d\u00e9clarations ayant provoqu\u00e9 un toll\u00e9 sur les r\u00e9seaux sociaux.\u00a0<\/p>\n<p>Accus\u00e9e de x\u00e9nophobie et m\u00eame de racisme, Latifa Arafoui avait \u00e9voqu\u00e9 la situation de la migration des Subsahariens en Tunisie, lors de sa performance au Festival de Tabarka, disant que \u00ab la Tunisie sera aux seulement aux Tunisiens \u00bb.<\/p>\n<p>Latifa Arafaoui a expliqu\u00e9 que ses propos concernent \u00ab ceux qui agressent les habitants, qui entrent dans les maisons et qui violent les filles \u00bb, et qu\u2019elle n\u2019\u00e9tait pas contre la migration. \u00ab Les Subsahariens sont les bienvenus en Tunisie mais dans le cadre de la loi \u00bb, a-t-elle \u00e9galement affirm\u00e9.\u00a0<\/p>\n<p>La chanteuse a \u00e9galement estim\u00e9 qu\u2019il existe un plan visant \u00e0 faire installer les migrants en Tunisie et que notre pays avait le droit de se d\u00e9fendre.\u00a0<\/p>\n<p>Ses propos, per\u00e7us comme discriminatoires et offensantes, ont rapidement suscit\u00e9 l&rsquo;indignation du des critiques \u00e0 des discussions plus larges sur la responsabilit\u00e9 sociale des artistes et l&rsquo;importance de promouvoir un discours inclusif et respectueux.<\/p>\n<p>Outre les d\u00e9bats sur les r\u00e9seaux sociaux, des figures politiques ont m\u00eame r\u00e9agi \u00e0 la pol\u00e9mique. C\u2019est le cas de la d\u00e9put\u00e9e Fatma Mseddi qui a montr\u00e9 son soutien \u00e0 l\u2019artiste en question affirmant \u00ab qu\u2019elle fait face \u00e0 une large campagne sur les r\u00e9seaux sociaux \u00bb. \u00ab Latifa Arfaoui s&rsquo;oppose au plan d&rsquo;implantation des subsahariens, alors bienvenue \u00e0 Sfax\u00a0\u00bb, a-t-elle \u00e9crit sur Facebook.<\/p>\n","protected":false},"excerpt":{"rendered":"<p>En effet, sur les ondes d\u2019une radio priv\u00e9e l\u2019artiste s\u2019est expliqu\u00e9e au sujet de ces r\u00e9centes d\u00e9clarations ayant provoqu\u00e9 un toll\u00e9 sur les r\u00e9seaux sociaux.\u00a0<\/p>\n","protected":false},"author":3175,"featured_media":246903,"comment_status":"open","ping_status":"closed","sticky":false,"template":"","format":"standard","meta":{"footnotes":""},"categories":[44],"tags":[6043,6053,3377,2608],"class_list":["post-215552","post","type-post","status-publish","format-standard","has-post-thumbnail","hentry","category-national","tag-latifa-arfaoui","tag-propos","tag-subsahariens","tag-tunisie"],"yoast_head":"<!-- This site is optimized with the Yoast SEO Premium plugin v27.4 (Yoast SEO v27.4) - https:\/\/yoast.com\/product\/yoast-seo-premium-wordpress\/ -->\n<title>\u00ab La Tunisie aux Tunisiens \u00bb, Latifa Arfaoui r\u00e9pond \u00e0 la pol\u00e9mique<\/title>\n<meta name=\"description\" content=\"En effet, sur les ondes d\u2019une radio priv\u00e9e l\u2019artiste s\u2019est expliqu\u00e9e au sujet de ces r\u00e9centes d\u00e9clarations ayant provoqu\u00e9 un toll\u00e9 sur les r\u00e9seaux sociaux.\u00a0\" \/>\n<link rel=\"canonical\" href=\"https:\/\/www.webdo.tn\/fr\/actualite\/national\/la-tunisie-aux-tunisiens-latifa-arfaoui-repond-a-la-polemique\/215552\/\" \/>\n<meta property=\"og:locale\" content=\"fr_FR\" \/>\n<meta property=\"og:type\" content=\"article\" \/>\n<meta property=\"og:title\" content=\"\u00ab La Tunisie aux Tunisiens \u00bb, Latifa Arfaoui r\u00e9pond \u00e0 la pol\u00e9mique\" \/>\n<meta property=\"og:description\" content=\"En effet, sur les ondes d\u2019une radio priv\u00e9e l\u2019artiste s\u2019est expliqu\u00e9e au sujet de ces r\u00e9centes d\u00e9clarations ayant provoqu\u00e9 un toll\u00e9 sur les r\u00e9seaux sociaux.\u00a0\" \/>\n<meta property=\"og:url\" content=\"https:\/\/www.webdo.tn\/fr\/actualite\/national\/la-tunisie-aux-tunisiens-latifa-arfaoui-repond-a-la-polemique\/215552\/\" \/>\n<meta property=\"og:site_name\" content=\"webdo\" \/>\n<meta property=\"article:publisher\" content=\"https:\/\/www.facebook.com\/webdotn\" \/>\n<meta property=\"article:published_time\" content=\"2024-07-30T09:37:00+00:00\" \/>\n<meta property=\"article:modified_time\" content=\"2025-05-20T22:35:26+00:00\" \/>\n<meta property=\"og:image\" content=\"https:\/\/www.webdo.tn\/fr\/wp-content\/uploads\/2024\/07\/7882e1f6914054956385fbb41583a7da.webp\" \/>\n\t<meta property=\"og:image:width\" content=\"750\" \/>\n\t<meta property=\"og:image:height\" content=\"400\" \/>\n\t<meta property=\"og:image:type\" content=\"image\/webp\" \/>\n<meta name=\"author\" content=\"CL\" \/>\n<meta name=\"twitter:card\" content=\"summary_large_image\" \/>\n<meta name=\"twitter:creator\" content=\"@webdo_tn\" \/>\n<meta name=\"twitter:site\" content=\"@webdo_tn\" \/>\n<meta name=\"twitter:label1\" content=\"\u00c9crit par\" \/>\n\t<meta name=\"twitter:data1\" content=\"CL\" \/>\n\t<meta name=\"twitter:label2\" content=\"Dur\u00e9e de lecture estim\u00e9e\" \/>\n\t<meta name=\"twitter:data2\" content=\"1 minute\" \/>\n<script type=\"application\/ld+json\" class=\"yoast-schema-graph\">{\"@context\":\"https:\\\/\\\/schema.org\",\"@graph\":[{\"@type\":\"NewsArticle\",\"@id\":\"https:\\\/\\\/www.webdo.tn\\\/fr\\\/actualite\\\/national\\\/la-tunisie-aux-tunisiens-latifa-arfaoui-repond-a-la-polemique\\\/215552\\\/#article\",\"isPartOf\":{\"@id\":\"https:\\\/\\\/www.webdo.tn\\\/fr\\\/actualite\\\/national\\\/la-tunisie-aux-tunisiens-latifa-arfaoui-repond-a-la-polemique\\\/215552\\\/\"},\"author\":{\"name\":\"CL\",\"@id\":\"https:\\\/\\\/www.webdo.tn\\\/fr\\\/#\\\/schema\\\/person\\\/f35b42a42c5e2511bbd282959d6385cc\"},\"headline\":\"\u00ab La Tunisie aux Tunisiens \u00bb, Latifa Arfaoui r\u00e9pond \u00e0 la pol\u00e9mique\",\"datePublished\":\"2024-07-30T09:37:00+00:00\",\"dateModified\":\"2025-05-20T22:35:26+00:00\",\"mainEntityOfPage\":{\"@id\":\"https:\\\/\\\/www.webdo.tn\\\/fr\\\/actualite\\\/national\\\/la-tunisie-aux-tunisiens-latifa-arfaoui-repond-a-la-polemique\\\/215552\\\/\"},\"wordCount\":298,\"commentCount\":0,\"publisher\":{\"@id\":\"https:\\\/\\\/www.webdo.tn\\\/fr\\\/#organization\"},\"image\":{\"@id\":\"https:\\\/\\\/www.webdo.tn\\\/fr\\\/actualite\\\/national\\\/la-tunisie-aux-tunisiens-latifa-arfaoui-repond-a-la-polemique\\\/215552\\\/#primaryimage\"},\"thumbnailUrl\":\"https:\\\/\\\/www.webdo.tn\\\/fr\\\/wp-content\\\/uploads\\\/2024\\\/07\\\/7882e1f6914054956385fbb41583a7da.webp\",\"keywords\":[\"Latifa Arfaoui\",\"Propos\",\"Subsahariens\",\"Tunisie\"],\"articleSection\":[\"National\"],\"inLanguage\":\"fr-FR\"},{\"@type\":\"WebPage\",\"@id\":\"https:\\\/\\\/www.webdo.tn\\\/fr\\\/actualite\\\/national\\\/la-tunisie-aux-tunisiens-latifa-arfaoui-repond-a-la-polemique\\\/215552\\\/\",\"url\":\"https:\\\/\\\/www.webdo.tn\\\/fr\\\/actualite\\\/national\\\/la-tunisie-aux-tunisiens-latifa-arfaoui-repond-a-la-polemique\\\/215552\\\/\",\"name\":\"\u00ab La Tunisie aux Tunisiens \u00bb, Latifa Arfaoui r\u00e9pond \u00e0 la pol\u00e9mique\",\"isPartOf\":{\"@id\":\"https:\\\/\\\/www.webdo.tn\\\/fr\\\/#website\"},\"primaryImageOfPage\":{\"@id\":\"https:\\\/\\\/www.webdo.tn\\\/fr\\\/actualite\\\/national\\\/la-tunisie-aux-tunisiens-latifa-arfaoui-repond-a-la-polemique\\\/215552\\\/#primaryimage\"},\"image\":{\"@id\":\"https:\\\/\\\/www.webdo.tn\\\/fr\\\/actualite\\\/national\\\/la-tunisie-aux-tunisiens-latifa-arfaoui-repond-a-la-polemique\\\/215552\\\/#primaryimage\"},\"thumbnailUrl\":\"https:\\\/\\\/www.webdo.tn\\\/fr\\\/wp-content\\\/uploads\\\/2024\\\/07\\\/7882e1f6914054956385fbb41583a7da.webp\",\"datePublished\":\"2024-07-30T09:37:00+00:00\",\"dateModified\":\"2025-05-20T22:35:26+00:00\",\"description\":\"En effet, sur les ondes d\u2019une radio priv\u00e9e l\u2019artiste s\u2019est expliqu\u00e9e au sujet de ces r\u00e9centes d\u00e9clarations ayant provoqu\u00e9 un toll\u00e9 sur les r\u00e9seaux sociaux.\u00a0\",\"breadcrumb\":{\"@id\":\"https:\\\/\\\/www.webdo.tn\\\/fr\\\/actualite\\\/national\\\/la-tunisie-aux-tunisiens-latifa-arfaoui-repond-a-la-polemique\\\/215552\\\/#breadcrumb\"},\"inLanguage\":\"fr-FR\",\"potentialAction\":[{\"@type\":\"ReadAction\",\"target\":[\"https:\\\/\\\/www.webdo.tn\\\/fr\\\/actualite\\\/national\\\/la-tunisie-aux-tunisiens-latifa-arfaoui-repond-a-la-polemique\\\/215552\\\/\"]}]},{\"@type\":\"ImageObject\",\"inLanguage\":\"fr-FR\",\"@id\":\"https:\\\/\\\/www.webdo.tn\\\/fr\\\/actualite\\\/national\\\/la-tunisie-aux-tunisiens-latifa-arfaoui-repond-a-la-polemique\\\/215552\\\/#primaryimage\",\"url\":\"https:\\\/\\\/www.webdo.tn\\\/fr\\\/wp-content\\\/uploads\\\/2024\\\/07\\\/7882e1f6914054956385fbb41583a7da.webp\",\"contentUrl\":\"https:\\\/\\\/www.webdo.tn\\\/fr\\\/wp-content\\\/uploads\\\/2024\\\/07\\\/7882e1f6914054956385fbb41583a7da.webp\",\"width\":750,\"height\":400,\"caption\":\"\u00ab La Tunisie aux Tunisiens \u00bb, Latifa Arfaoui r\u00e9pond \u00e0 la pol\u00e9mique\"},{\"@type\":\"BreadcrumbList\",\"@id\":\"https:\\\/\\\/www.webdo.tn\\\/fr\\\/actualite\\\/national\\\/la-tunisie-aux-tunisiens-latifa-arfaoui-repond-a-la-polemique\\\/215552\\\/#breadcrumb\",\"itemListElement\":[{\"@type\":\"ListItem\",\"position\":1,\"name\":\"Accueil\",\"item\":\"https:\\\/\\\/www.webdo.tn\\\/fr\\\/\"},{\"@type\":\"ListItem\",\"position\":2,\"name\":\"\u00ab La Tunisie aux Tunisiens \u00bb, Latifa Arfaoui r\u00e9pond \u00e0 la pol\u00e9mique\"}]},{\"@type\":\"WebSite\",\"@id\":\"https:\\\/\\\/www.webdo.tn\\\/fr\\\/#website\",\"url\":\"https:\\\/\\\/www.webdo.tn\\\/fr\\\/\",\"name\":\"webdo\",\"description\":\"Tunisie - News en Tunisie et \u00e0 l&#039;international sur Webdo.tn\",\"publisher\":{\"@id\":\"https:\\\/\\\/www.webdo.tn\\\/fr\\\/#organization\"},\"potentialAction\":[{\"@type\":\"SearchAction\",\"target\":{\"@type\":\"EntryPoint\",\"urlTemplate\":\"https:\\\/\\\/www.webdo.tn\\\/fr\\\/?s={search_term_string}\"},\"query-input\":{\"@type\":\"PropertyValueSpecification\",\"valueRequired\":true,\"valueName\":\"search_term_string\"}}],\"inLanguage\":\"fr-FR\"},{\"@type\":\"Organization\",\"@id\":\"https:\\\/\\\/www.webdo.tn\\\/fr\\\/#organization\",\"name\":\"Webdo\",\"alternateName\":\"Webdo.tn\",\"url\":\"https:\\\/\\\/www.webdo.tn\\\/fr\\\/\",\"logo\":{\"@type\":\"ImageObject\",\"inLanguage\":\"fr-FR\",\"@id\":\"https:\\\/\\\/www.webdo.tn\\\/fr\\\/#\\\/schema\\\/logo\\\/image\\\/\",\"url\":\"https:\\\/\\\/www.webdo.tn\\\/fr\\\/wp-content\\\/uploads\\\/2025\\\/06\\\/Webdo-Tunisie_168377.jpg\",\"contentUrl\":\"https:\\\/\\\/www.webdo.tn\\\/fr\\\/wp-content\\\/uploads\\\/2025\\\/06\\\/Webdo-Tunisie_168377.jpg\",\"width\":301,\"height\":301,\"caption\":\"Webdo\"},\"image\":{\"@id\":\"https:\\\/\\\/www.webdo.tn\\\/fr\\\/#\\\/schema\\\/logo\\\/image\\\/\"},\"sameAs\":[\"https:\\\/\\\/www.facebook.com\\\/webdotn\",\"https:\\\/\\\/x.com\\\/webdo_tn\"],\"description\":\"Webdo est un m\u00e9dia num\u00e9rique tunisien fond\u00e9 en 2010, sp\u00e9cialis\u00e9 dans l\u2019actualit\u00e9 nationale et internationale, l\u2019\u00e9conomie, la soci\u00e9t\u00e9 et les analyses politiques. Le site s\u2019adresse \u00e0 un large public francophone et couvre l\u2019information tunisienne en temps r\u00e9el.\",\"email\":\"redac@webdo.tn\",\"legalName\":\"YNJ SARL\",\"foundingDate\":\"2010-09-06\",\"numberOfEmployees\":{\"@type\":\"QuantitativeValue\",\"minValue\":\"11\",\"maxValue\":\"50\"}},{\"@type\":\"Person\",\"@id\":\"https:\\\/\\\/www.webdo.tn\\\/fr\\\/#\\\/schema\\\/person\\\/f35b42a42c5e2511bbd282959d6385cc\",\"name\":\"CL\",\"image\":{\"@type\":\"ImageObject\",\"inLanguage\":\"fr-FR\",\"@id\":\"https:\\\/\\\/secure.gravatar.com\\\/avatar\\\/1447a49909b67aa657c488aec6512e1dd6143a480c1ecfee9b5b5cd74eb3b59e?s=96&d=mm&r=g\",\"url\":\"https:\\\/\\\/secure.gravatar.com\\\/avatar\\\/1447a49909b67aa657c488aec6512e1dd6143a480c1ecfee9b5b5cd74eb3b59e?s=96&d=mm&r=g\",\"contentUrl\":\"https:\\\/\\\/secure.gravatar.com\\\/avatar\\\/1447a49909b67aa657c488aec6512e1dd6143a480c1ecfee9b5b5cd74eb3b59e?s=96&d=mm&r=g\",\"caption\":\"CL\"},\"url\":\"https:\\\/\\\/www.webdo.tn\\\/fr\\\/actualite\\\/author\\\/cl\\\/\"}]}<\/script>\n<!-- \/ Yoast SEO Premium plugin. -->","yoast_head_json":{"title":"\u00ab La Tunisie aux Tunisiens \u00bb, Latifa Arfaoui r\u00e9pond \u00e0 la pol\u00e9mique","description":"En effet, sur les ondes d\u2019une radio priv\u00e9e l\u2019artiste s\u2019est expliqu\u00e9e au sujet de ces r\u00e9centes d\u00e9clarations ayant provoqu\u00e9 un toll\u00e9 sur les r\u00e9seaux sociaux.\u00a0","canonical":"https:\/\/www.webdo.tn\/fr\/actualite\/national\/la-tunisie-aux-tunisiens-latifa-arfaoui-repond-a-la-polemique\/215552\/","og_locale":"fr_FR","og_type":"article","og_title":"\u00ab La Tunisie aux Tunisiens \u00bb, Latifa Arfaoui r\u00e9pond \u00e0 la pol\u00e9mique","og_description":"En effet, sur les ondes d\u2019une radio priv\u00e9e l\u2019artiste s\u2019est expliqu\u00e9e au sujet de ces r\u00e9centes d\u00e9clarations ayant provoqu\u00e9 un toll\u00e9 sur les r\u00e9seaux sociaux.\u00a0","og_url":"https:\/\/www.webdo.tn\/fr\/actualite\/national\/la-tunisie-aux-tunisiens-latifa-arfaoui-repond-a-la-polemique\/215552\/","og_site_name":"webdo","article_publisher":"https:\/\/www.facebook.com\/webdotn","article_published_time":"2024-07-30T09:37:00+00:00","article_modified_time":"2025-05-20T22:35:26+00:00","og_image":[{"width":750,"height":400,"url":"https:\/\/www.webdo.tn\/fr\/wp-content\/uploads\/2024\/07\/7882e1f6914054956385fbb41583a7da.webp","type":"image\/webp"}],"author":"CL","twitter_card":"summary_large_image","twitter_creator":"@webdo_tn","twitter_site":"@webdo_tn","twitter_misc":{"\u00c9crit par":"CL","Dur\u00e9e de lecture estim\u00e9e":"1 minute"},"schema":{"@context":"https:\/\/schema.org","@graph":[{"@type":"NewsArticle","@id":"https:\/\/www.webdo.tn\/fr\/actualite\/national\/la-tunisie-aux-tunisiens-latifa-arfaoui-repond-a-la-polemique\/215552\/#article","isPartOf":{"@id":"https:\/\/www.webdo.tn\/fr\/actualite\/national\/la-tunisie-aux-tunisiens-latifa-arfaoui-repond-a-la-polemique\/215552\/"},"author":{"name":"CL","@id":"https:\/\/www.webdo.tn\/fr\/#\/schema\/person\/f35b42a42c5e2511bbd282959d6385cc"},"headline":"\u00ab La Tunisie aux Tunisiens \u00bb, Latifa Arfaoui r\u00e9pond \u00e0 la pol\u00e9mique","datePublished":"2024-07-30T09:37:00+00:00","dateModified":"2025-05-20T22:35:26+00:00","mainEntityOfPage":{"@id":"https:\/\/www.webdo.tn\/fr\/actualite\/national\/la-tunisie-aux-tunisiens-latifa-arfaoui-repond-a-la-polemique\/215552\/"},"wordCount":298,"commentCount":0,"publisher":{"@id":"https:\/\/www.webdo.tn\/fr\/#organization"},"image":{"@id":"https:\/\/www.webdo.tn\/fr\/actualite\/national\/la-tunisie-aux-tunisiens-latifa-arfaoui-repond-a-la-polemique\/215552\/#primaryimage"},"thumbnailUrl":"https:\/\/www.webdo.tn\/fr\/wp-content\/uploads\/2024\/07\/7882e1f6914054956385fbb41583a7da.webp","keywords":["Latifa Arfaoui","Propos","Subsahariens","Tunisie"],"articleSection":["National"],"inLanguage":"fr-FR"},{"@type":"WebPage","@id":"https:\/\/www.webdo.tn\/fr\/actualite\/national\/la-tunisie-aux-tunisiens-latifa-arfaoui-repond-a-la-polemique\/215552\/","url":"https:\/\/www.webdo.tn\/fr\/actualite\/national\/la-tunisie-aux-tunisiens-latifa-arfaoui-repond-a-la-polemique\/215552\/","name":"\u00ab La Tunisie aux Tunisiens \u00bb, Latifa Arfaoui r\u00e9pond \u00e0 la pol\u00e9mique","isPartOf":{"@id":"https:\/\/www.webdo.tn\/fr\/#website"},"primaryImageOfPage":{"@id":"https:\/\/www.webdo.tn\/fr\/actualite\/national\/la-tunisie-aux-tunisiens-latifa-arfaoui-repond-a-la-polemique\/215552\/#primaryimage"},"image":{"@id":"https:\/\/www.webdo.tn\/fr\/actualite\/national\/la-tunisie-aux-tunisiens-latifa-arfaoui-repond-a-la-polemique\/215552\/#primaryimage"},"thumbnailUrl":"https:\/\/www.webdo.tn\/fr\/wp-content\/uploads\/2024\/07\/7882e1f6914054956385fbb41583a7da.webp","datePublished":"2024-07-30T09:37:00+00:00","dateModified":"2025-05-20T22:35:26+00:00","description":"En effet, sur les ondes d\u2019une radio priv\u00e9e l\u2019artiste s\u2019est expliqu\u00e9e au sujet de ces r\u00e9centes d\u00e9clarations ayant provoqu\u00e9 un toll\u00e9 sur les r\u00e9seaux sociaux.\u00a0","breadcrumb":{"@id":"https:\/\/www.webdo.tn\/fr\/actualite\/national\/la-tunisie-aux-tunisiens-latifa-arfaoui-repond-a-la-polemique\/215552\/#breadcrumb"},"inLanguage":"fr-FR","potentialAction":[{"@type":"ReadAction","target":["https:\/\/www.webdo.tn\/fr\/actualite\/national\/la-tunisie-aux-tunisiens-latifa-arfaoui-repond-a-la-polemique\/215552\/"]}]},{"@type":"ImageObject","inLanguage":"fr-FR","@id":"https:\/\/www.webdo.tn\/fr\/actualite\/national\/la-tunisie-aux-tunisiens-latifa-arfaoui-repond-a-la-polemique\/215552\/#primaryimage","url":"https:\/\/www.webdo.tn\/fr\/wp-content\/uploads\/2024\/07\/7882e1f6914054956385fbb41583a7da.webp","contentUrl":"https:\/\/www.webdo.tn\/fr\/wp-content\/uploads\/2024\/07\/7882e1f6914054956385fbb41583a7da.webp","width":750,"height":400,"caption":"\u00ab La Tunisie aux Tunisiens \u00bb, Latifa Arfaoui r\u00e9pond \u00e0 la pol\u00e9mique"},{"@type":"BreadcrumbList","@id":"https:\/\/www.webdo.tn\/fr\/actualite\/national\/la-tunisie-aux-tunisiens-latifa-arfaoui-repond-a-la-polemique\/215552\/#breadcrumb","itemListElement":[{"@type":"ListItem","position":1,"name":"Accueil","item":"https:\/\/www.webdo.tn\/fr\/"},{"@type":"ListItem","position":2,"name":"\u00ab La Tunisie aux Tunisiens \u00bb, Latifa Arfaoui r\u00e9pond \u00e0 la pol\u00e9mique"}]},{"@type":"WebSite","@id":"https:\/\/www.webdo.tn\/fr\/#website","url":"https:\/\/www.webdo.tn\/fr\/","name":"webdo","description":"Tunisie - News en Tunisie et \u00e0 l&#039;international sur Webdo.tn","publisher":{"@id":"https:\/\/www.webdo.tn\/fr\/#organization"},"potentialAction":[{"@type":"SearchAction","target":{"@type":"EntryPoint","urlTemplate":"https:\/\/www.webdo.tn\/fr\/?s={search_term_string}"},"query-input":{"@type":"PropertyValueSpecification","valueRequired":true,"valueName":"search_term_string"}}],"inLanguage":"fr-FR"},{"@type":"Organization","@id":"https:\/\/www.webdo.tn\/fr\/#organization","name":"Webdo","alternateName":"Webdo.tn","url":"https:\/\/www.webdo.tn\/fr\/","logo":{"@type":"ImageObject","inLanguage":"fr-FR","@id":"https:\/\/www.webdo.tn\/fr\/#\/schema\/logo\/image\/","url":"https:\/\/www.webdo.tn\/fr\/wp-content\/uploads\/2025\/06\/Webdo-Tunisie_168377.jpg","contentUrl":"https:\/\/www.webdo.tn\/fr\/wp-content\/uploads\/2025\/06\/Webdo-Tunisie_168377.jpg","width":301,"height":301,"caption":"Webdo"},"image":{"@id":"https:\/\/www.webdo.tn\/fr\/#\/schema\/logo\/image\/"},"sameAs":["https:\/\/www.facebook.com\/webdotn","https:\/\/x.com\/webdo_tn"],"description":"Webdo est un m\u00e9dia num\u00e9rique tunisien fond\u00e9 en 2010, sp\u00e9cialis\u00e9 dans l\u2019actualit\u00e9 nationale et internationale, l\u2019\u00e9conomie, la soci\u00e9t\u00e9 et les analyses politiques. Le site s\u2019adresse \u00e0 un large public francophone et couvre l\u2019information tunisienne en temps r\u00e9el.","email":"redac@webdo.tn","legalName":"YNJ SARL","foundingDate":"2010-09-06","numberOfEmployees":{"@type":"QuantitativeValue","minValue":"11","maxValue":"50"}},{"@type":"Person","@id":"https:\/\/www.webdo.tn\/fr\/#\/schema\/person\/f35b42a42c5e2511bbd282959d6385cc","name":"CL","image":{"@type":"ImageObject","inLanguage":"fr-FR","@id":"https:\/\/secure.gravatar.com\/avatar\/1447a49909b67aa657c488aec6512e1dd6143a480c1ecfee9b5b5cd74eb3b59e?s=96&d=mm&r=g","url":"https:\/\/secure.gravatar.com\/avatar\/1447a49909b67aa657c488aec6512e1dd6143a480c1ecfee9b5b5cd74eb3b59e?s=96&d=mm&r=g","contentUrl":"https:\/\/secure.gravatar.com\/avatar\/1447a49909b67aa657c488aec6512e1dd6143a480c1ecfee9b5b5cd74eb3b59e?s=96&d=mm&r=g","caption":"CL"},"url":"https:\/\/www.webdo.tn\/fr\/actualite\/author\/cl\/"}]}},"_links":{"self":[{"href":"https:\/\/www.webdo.tn\/fr\/wp-json\/wp\/v2\/posts\/215552","targetHints":{"allow":["GET"]}}],"collection":[{"href":"https:\/\/www.webdo.tn\/fr\/wp-json\/wp\/v2\/posts"}],"about":[{"href":"https:\/\/www.webdo.tn\/fr\/wp-json\/wp\/v2\/types\/post"}],"author":[{"embeddable":true,"href":"https:\/\/www.webdo.tn\/fr\/wp-json\/wp\/v2\/users\/3175"}],"replies":[{"embeddable":true,"href":"https:\/\/www.webdo.tn\/fr\/wp-json\/wp\/v2\/comments?post=215552"}],"version-history":[{"count":0,"href":"https:\/\/www.webdo.tn\/fr\/wp-json\/wp\/v2\/posts\/215552\/revisions"}],"wp:featuredmedia":[{"embeddable":true,"href":"https:\/\/www.webdo.tn\/fr\/wp-json\/wp\/v2\/media\/246903"}],"wp:attachment":[{"href":"https:\/\/www.webdo.tn\/fr\/wp-json\/wp\/v2\/media?parent=215552"}],"wp:term":[{"taxonomy":"category","embeddable":true,"href":"https:\/\/www.webdo.tn\/fr\/wp-json\/wp\/v2\/categories?post=215552"},{"taxonomy":"post_tag","embeddable":true,"href":"https:\/\/www.webdo.tn\/fr\/wp-json\/wp\/v2\/tags?post=215552"}],"curies":[{"name":"wp","href":"https:\/\/api.w.org\/{rel}","templated":true}]}}