{"id":215550,"date":"2024-07-30T08:58:00","date_gmt":"2024-07-30T08:58:00","guid":{"rendered":"https:\/\/www.webdo.tn\/fr\/blog\/jo-paris-2024-ce-soir-ahmed-jaouadi-a-la-conquete-du-reve-olympique\/215550\/"},"modified":"2025-05-20T22:35:25","modified_gmt":"2025-05-20T22:35:25","slug":"jo-paris-2024-ce-soir-ahmed-jaouadi-a-la-conquete-du-reve-olympique","status":"publish","type":"post","link":"https:\/\/www.webdo.tn\/fr\/actualite\/sport\/jo-paris-2024-ce-soir-ahmed-jaouadi-a-la-conquete-du-reve-olympique\/215550\/","title":{"rendered":"JO Paris 2024 : Ce soir. Ahmed Jaouadi \u00e0 la conqu\u00eate du r\u00eave olympique !"},"content":{"rendered":"<p>Ce soir, tous les yeux de la Tunisie seront riv\u00e9s sur Ahmed Jaouadi, le prodige de la natation tunisienne, qui disputera la finale du 800 m\u00e8tres nage libre aux JO Paris 2024.\u00a0<\/p>\n<p>\u00c0 seulement 19 ans, le nageur\u00a0porte les espoirs d&rsquo;une nation enti\u00e8re et r\u00eave de ramener une nouvelle m\u00e9daille \u00e0 la Tunisie. La qualification de Jaouadi pour la finale du 800 m\u00e8tres nage libre est d\u00e9j\u00e0 une victoire en soi. Cependant, les Tunisiens esp\u00e8rent le voir monter sur le podium.\u00a0<\/p>\n<p>La finale de ce soir s&rsquo;annonce intense, avec des adversaires redoutables comme l&rsquo;Italien Gregorio Paltrinieri et l\u2019am\u00e9ricain Robert Finke. Cependant, Jaouadi\u00a0a prouv\u00e9 qu&rsquo;il est capable de rivaliser avec les meilleurs.\u00a0<\/p>\n<p>Jaouadi a termin\u00e9 lundi en t\u00eate de la 3e s\u00e9rie des qualifications avec un chrono de 7:42.07 devant l\u2019Italien Gregorio Paltrinieri (7:42.48) et l\u2019Am\u00e9ricain Bobby Finke (7:43.00).<br \/>\nLe Tunisien auteur du deuxi\u00e8me meilleur temps des s\u00e9ries derri\u00e8re l\u2019irlandais Daniel Wiffen (7:41.53) disputera ce soir la finale \u00e0 partir de 20h02 o\u00f9 il sera align\u00e9 dans le couloir 5, avant de s\u2019attaquer \u00e0 la course du 1500 m NL, le 3 ao\u00fbt prochain et au marathon 10 km nage en eau libre, le 9 ao\u00fbt.<\/p>\n<p>Il partira en effet favori pour d\u00e9crocher une m\u00e9daille olympique et embo\u00eeter le pas \u00e0 ses compatriotes Oussama Mellouli et Ayoub Hafnaoui qui avaient offert \u00e0 la Tunisie quatre m\u00e9dailles olympiques (2 or, 1 bronze pour Mellouli et 1 or pour Hafnaoui).<\/p>\n<p>Ce soir, toute la Tunisie sera derri\u00e8re ce prodige, en esp\u00e9rant voir flotter fi\u00e8rement le drapeau rouge et blanc sur le podium.<\/p>\n","protected":false},"excerpt":{"rendered":"<p>\u00c0 seulement 19 ans, le nageur porte les espoirs d&rsquo;une nation enti\u00e8re et r\u00eave de ramener une nouvelle m\u00e9daille \u00e0 la Tunisie. La qualification de Jaouadi pour la&#8230;<\/p>\n","protected":false},"author":3175,"featured_media":246901,"comment_status":"open","ping_status":"closed","sticky":false,"template":"","format":"standard","meta":{"footnotes":""},"categories":[2593],"tags":[3253,5974,3123,3252,5270,2608],"class_list":["post-215550","post","type-post","status-publish","format-standard","has-post-thumbnail","hentry","category-sport","tag-ahmed-jaouadi","tag-jo-paris-2024","tag-nageur","tag-natation","tag-paris","tag-tunisie"],"yoast_head":"<!-- This site is optimized with the Yoast SEO Premium plugin v27.4 (Yoast SEO v27.5) - https:\/\/yoast.com\/product\/yoast-seo-premium-wordpress\/ -->\n<title>JO Paris 2024 : Ce soir. Ahmed Jaouadi \u00e0 la conqu\u00eate du r\u00eave olympique !<\/title>\n<meta name=\"description\" content=\"\u00c0 seulement 19 ans, le nageur porte les espoirs d&#039;une nation enti\u00e8re et r\u00eave de ramener une nouvelle m\u00e9daille \u00e0 la Tunisie. La qualification de Jaouadi pour la...\" \/>\n<link rel=\"canonical\" href=\"https:\/\/www.webdo.tn\/fr\/actualite\/sport\/jo-paris-2024-ce-soir-ahmed-jaouadi-a-la-conquete-du-reve-olympique\/215550\/\" \/>\n<meta property=\"og:locale\" content=\"fr_FR\" \/>\n<meta property=\"og:type\" content=\"article\" \/>\n<meta property=\"og:title\" content=\"JO Paris 2024 : Ce soir. Ahmed Jaouadi \u00e0 la conqu\u00eate du r\u00eave olympique !\" \/>\n<meta property=\"og:description\" content=\"\u00c0 seulement 19 ans, le nageur porte les espoirs d&#039;une nation enti\u00e8re et r\u00eave de ramener une nouvelle m\u00e9daille \u00e0 la Tunisie. La qualification de Jaouadi pour la...\" \/>\n<meta property=\"og:url\" content=\"https:\/\/www.webdo.tn\/fr\/actualite\/sport\/jo-paris-2024-ce-soir-ahmed-jaouadi-a-la-conquete-du-reve-olympique\/215550\/\" \/>\n<meta property=\"og:site_name\" content=\"webdo\" \/>\n<meta property=\"article:publisher\" content=\"https:\/\/www.facebook.com\/webdotn\" \/>\n<meta property=\"article:published_time\" content=\"2024-07-30T08:58:00+00:00\" \/>\n<meta property=\"article:modified_time\" content=\"2025-05-20T22:35:25+00:00\" \/>\n<meta property=\"og:image\" content=\"https:\/\/www.webdo.tn\/fr\/wp-content\/uploads\/2024\/07\/930eca06278b6fcf65a1c9230c05784a.webp\" \/>\n\t<meta property=\"og:image:width\" content=\"750\" \/>\n\t<meta property=\"og:image:height\" content=\"400\" \/>\n\t<meta property=\"og:image:type\" content=\"image\/webp\" \/>\n<meta name=\"author\" content=\"CL\" \/>\n<meta name=\"twitter:card\" content=\"summary_large_image\" \/>\n<meta name=\"twitter:creator\" content=\"@webdo_tn\" \/>\n<meta name=\"twitter:site\" content=\"@webdo_tn\" \/>\n<meta name=\"twitter:label1\" content=\"\u00c9crit par\" \/>\n\t<meta name=\"twitter:data1\" content=\"CL\" \/>\n\t<meta name=\"twitter:label2\" content=\"Dur\u00e9e de lecture estim\u00e9e\" \/>\n\t<meta name=\"twitter:data2\" content=\"1 minute\" \/>\n<script type=\"application\/ld+json\" class=\"yoast-schema-graph\">{\"@context\":\"https:\\\/\\\/schema.org\",\"@graph\":[{\"@type\":\"NewsArticle\",\"@id\":\"https:\\\/\\\/www.webdo.tn\\\/fr\\\/actualite\\\/sport\\\/jo-paris-2024-ce-soir-ahmed-jaouadi-a-la-conquete-du-reve-olympique\\\/215550\\\/#article\",\"isPartOf\":{\"@id\":\"https:\\\/\\\/www.webdo.tn\\\/fr\\\/actualite\\\/sport\\\/jo-paris-2024-ce-soir-ahmed-jaouadi-a-la-conquete-du-reve-olympique\\\/215550\\\/\"},\"author\":{\"name\":\"CL\",\"@id\":\"https:\\\/\\\/www.webdo.tn\\\/fr\\\/#\\\/schema\\\/person\\\/f35b42a42c5e2511bbd282959d6385cc\"},\"headline\":\"JO Paris 2024 : Ce soir. Ahmed Jaouadi \u00e0 la conqu\u00eate du r\u00eave olympique !\",\"datePublished\":\"2024-07-30T08:58:00+00:00\",\"dateModified\":\"2025-05-20T22:35:25+00:00\",\"mainEntityOfPage\":{\"@id\":\"https:\\\/\\\/www.webdo.tn\\\/fr\\\/actualite\\\/sport\\\/jo-paris-2024-ce-soir-ahmed-jaouadi-a-la-conquete-du-reve-olympique\\\/215550\\\/\"},\"wordCount\":285,\"commentCount\":0,\"publisher\":{\"@id\":\"https:\\\/\\\/www.webdo.tn\\\/fr\\\/#organization\"},\"image\":{\"@id\":\"https:\\\/\\\/www.webdo.tn\\\/fr\\\/actualite\\\/sport\\\/jo-paris-2024-ce-soir-ahmed-jaouadi-a-la-conquete-du-reve-olympique\\\/215550\\\/#primaryimage\"},\"thumbnailUrl\":\"https:\\\/\\\/www.webdo.tn\\\/fr\\\/wp-content\\\/uploads\\\/2024\\\/07\\\/930eca06278b6fcf65a1c9230c05784a.webp\",\"keywords\":[\"Ahmed Jaouadi\",\"JO Paris 2024\",\"nageur\",\"natation\",\"Paris\",\"Tunisie\"],\"articleSection\":[\"Sport\"],\"inLanguage\":\"fr-FR\"},{\"@type\":\"WebPage\",\"@id\":\"https:\\\/\\\/www.webdo.tn\\\/fr\\\/actualite\\\/sport\\\/jo-paris-2024-ce-soir-ahmed-jaouadi-a-la-conquete-du-reve-olympique\\\/215550\\\/\",\"url\":\"https:\\\/\\\/www.webdo.tn\\\/fr\\\/actualite\\\/sport\\\/jo-paris-2024-ce-soir-ahmed-jaouadi-a-la-conquete-du-reve-olympique\\\/215550\\\/\",\"name\":\"JO Paris 2024 : Ce soir. Ahmed Jaouadi \u00e0 la conqu\u00eate du r\u00eave olympique !\",\"isPartOf\":{\"@id\":\"https:\\\/\\\/www.webdo.tn\\\/fr\\\/#website\"},\"primaryImageOfPage\":{\"@id\":\"https:\\\/\\\/www.webdo.tn\\\/fr\\\/actualite\\\/sport\\\/jo-paris-2024-ce-soir-ahmed-jaouadi-a-la-conquete-du-reve-olympique\\\/215550\\\/#primaryimage\"},\"image\":{\"@id\":\"https:\\\/\\\/www.webdo.tn\\\/fr\\\/actualite\\\/sport\\\/jo-paris-2024-ce-soir-ahmed-jaouadi-a-la-conquete-du-reve-olympique\\\/215550\\\/#primaryimage\"},\"thumbnailUrl\":\"https:\\\/\\\/www.webdo.tn\\\/fr\\\/wp-content\\\/uploads\\\/2024\\\/07\\\/930eca06278b6fcf65a1c9230c05784a.webp\",\"datePublished\":\"2024-07-30T08:58:00+00:00\",\"dateModified\":\"2025-05-20T22:35:25+00:00\",\"description\":\"\u00c0 seulement 19 ans, le nageur porte les espoirs d'une nation enti\u00e8re et r\u00eave de ramener une nouvelle m\u00e9daille \u00e0 la Tunisie. La qualification de Jaouadi pour la...\",\"breadcrumb\":{\"@id\":\"https:\\\/\\\/www.webdo.tn\\\/fr\\\/actualite\\\/sport\\\/jo-paris-2024-ce-soir-ahmed-jaouadi-a-la-conquete-du-reve-olympique\\\/215550\\\/#breadcrumb\"},\"inLanguage\":\"fr-FR\",\"potentialAction\":[{\"@type\":\"ReadAction\",\"target\":[\"https:\\\/\\\/www.webdo.tn\\\/fr\\\/actualite\\\/sport\\\/jo-paris-2024-ce-soir-ahmed-jaouadi-a-la-conquete-du-reve-olympique\\\/215550\\\/\"]}]},{\"@type\":\"ImageObject\",\"inLanguage\":\"fr-FR\",\"@id\":\"https:\\\/\\\/www.webdo.tn\\\/fr\\\/actualite\\\/sport\\\/jo-paris-2024-ce-soir-ahmed-jaouadi-a-la-conquete-du-reve-olympique\\\/215550\\\/#primaryimage\",\"url\":\"https:\\\/\\\/www.webdo.tn\\\/fr\\\/wp-content\\\/uploads\\\/2024\\\/07\\\/930eca06278b6fcf65a1c9230c05784a.webp\",\"contentUrl\":\"https:\\\/\\\/www.webdo.tn\\\/fr\\\/wp-content\\\/uploads\\\/2024\\\/07\\\/930eca06278b6fcf65a1c9230c05784a.webp\",\"width\":750,\"height\":400,\"caption\":\"JO Paris 2024 : Ce soir. Ahmed Jaouadi \u00e0 la conqu\u00eate du r\u00eave olympique !\"},{\"@type\":\"BreadcrumbList\",\"@id\":\"https:\\\/\\\/www.webdo.tn\\\/fr\\\/actualite\\\/sport\\\/jo-paris-2024-ce-soir-ahmed-jaouadi-a-la-conquete-du-reve-olympique\\\/215550\\\/#breadcrumb\",\"itemListElement\":[{\"@type\":\"ListItem\",\"position\":1,\"name\":\"Accueil\",\"item\":\"https:\\\/\\\/www.webdo.tn\\\/fr\\\/\"},{\"@type\":\"ListItem\",\"position\":2,\"name\":\"JO Paris 2024 : Ce soir. Ahmed Jaouadi \u00e0 la conqu\u00eate du r\u00eave olympique !\"}]},{\"@type\":\"WebSite\",\"@id\":\"https:\\\/\\\/www.webdo.tn\\\/fr\\\/#website\",\"url\":\"https:\\\/\\\/www.webdo.tn\\\/fr\\\/\",\"name\":\"webdo\",\"description\":\"Tunisie - News en Tunisie et \u00e0 l&#039;international sur Webdo.tn\",\"publisher\":{\"@id\":\"https:\\\/\\\/www.webdo.tn\\\/fr\\\/#organization\"},\"potentialAction\":[{\"@type\":\"SearchAction\",\"target\":{\"@type\":\"EntryPoint\",\"urlTemplate\":\"https:\\\/\\\/www.webdo.tn\\\/fr\\\/?s={search_term_string}\"},\"query-input\":{\"@type\":\"PropertyValueSpecification\",\"valueRequired\":true,\"valueName\":\"search_term_string\"}}],\"inLanguage\":\"fr-FR\"},{\"@type\":\"Organization\",\"@id\":\"https:\\\/\\\/www.webdo.tn\\\/fr\\\/#organization\",\"name\":\"Webdo\",\"alternateName\":\"Webdo.tn\",\"url\":\"https:\\\/\\\/www.webdo.tn\\\/fr\\\/\",\"logo\":{\"@type\":\"ImageObject\",\"inLanguage\":\"fr-FR\",\"@id\":\"https:\\\/\\\/www.webdo.tn\\\/fr\\\/#\\\/schema\\\/logo\\\/image\\\/\",\"url\":\"https:\\\/\\\/www.webdo.tn\\\/fr\\\/wp-content\\\/uploads\\\/2025\\\/06\\\/Webdo-Tunisie_168377.jpg\",\"contentUrl\":\"https:\\\/\\\/www.webdo.tn\\\/fr\\\/wp-content\\\/uploads\\\/2025\\\/06\\\/Webdo-Tunisie_168377.jpg\",\"width\":301,\"height\":301,\"caption\":\"Webdo\"},\"image\":{\"@id\":\"https:\\\/\\\/www.webdo.tn\\\/fr\\\/#\\\/schema\\\/logo\\\/image\\\/\"},\"sameAs\":[\"https:\\\/\\\/www.facebook.com\\\/webdotn\",\"https:\\\/\\\/x.com\\\/webdo_tn\"],\"description\":\"Webdo est un m\u00e9dia num\u00e9rique tunisien fond\u00e9 en 2010, sp\u00e9cialis\u00e9 dans l\u2019actualit\u00e9 nationale et internationale, l\u2019\u00e9conomie, la soci\u00e9t\u00e9 et les analyses politiques. Le site s\u2019adresse \u00e0 un large public francophone et couvre l\u2019information tunisienne en temps r\u00e9el.\",\"email\":\"redac@webdo.tn\",\"legalName\":\"YNJ SARL\",\"foundingDate\":\"2010-09-06\",\"numberOfEmployees\":{\"@type\":\"QuantitativeValue\",\"minValue\":\"11\",\"maxValue\":\"50\"}},{\"@type\":\"Person\",\"@id\":\"https:\\\/\\\/www.webdo.tn\\\/fr\\\/#\\\/schema\\\/person\\\/f35b42a42c5e2511bbd282959d6385cc\",\"name\":\"CL\",\"image\":{\"@type\":\"ImageObject\",\"inLanguage\":\"fr-FR\",\"@id\":\"https:\\\/\\\/secure.gravatar.com\\\/avatar\\\/1447a49909b67aa657c488aec6512e1dd6143a480c1ecfee9b5b5cd74eb3b59e?s=96&d=mm&r=g\",\"url\":\"https:\\\/\\\/secure.gravatar.com\\\/avatar\\\/1447a49909b67aa657c488aec6512e1dd6143a480c1ecfee9b5b5cd74eb3b59e?s=96&d=mm&r=g\",\"contentUrl\":\"https:\\\/\\\/secure.gravatar.com\\\/avatar\\\/1447a49909b67aa657c488aec6512e1dd6143a480c1ecfee9b5b5cd74eb3b59e?s=96&d=mm&r=g\",\"caption\":\"CL\"},\"url\":\"https:\\\/\\\/www.webdo.tn\\\/fr\\\/actualite\\\/author\\\/cl\\\/\"}]}<\/script>\n<!-- \/ Yoast SEO Premium plugin. -->","yoast_head_json":{"title":"JO Paris 2024 : Ce soir. Ahmed Jaouadi \u00e0 la conqu\u00eate du r\u00eave olympique !","description":"\u00c0 seulement 19 ans, le nageur porte les espoirs d'une nation enti\u00e8re et r\u00eave de ramener une nouvelle m\u00e9daille \u00e0 la Tunisie. La qualification de Jaouadi pour la...","canonical":"https:\/\/www.webdo.tn\/fr\/actualite\/sport\/jo-paris-2024-ce-soir-ahmed-jaouadi-a-la-conquete-du-reve-olympique\/215550\/","og_locale":"fr_FR","og_type":"article","og_title":"JO Paris 2024 : Ce soir. Ahmed Jaouadi \u00e0 la conqu\u00eate du r\u00eave olympique !","og_description":"\u00c0 seulement 19 ans, le nageur porte les espoirs d'une nation enti\u00e8re et r\u00eave de ramener une nouvelle m\u00e9daille \u00e0 la Tunisie. La qualification de Jaouadi pour la...","og_url":"https:\/\/www.webdo.tn\/fr\/actualite\/sport\/jo-paris-2024-ce-soir-ahmed-jaouadi-a-la-conquete-du-reve-olympique\/215550\/","og_site_name":"webdo","article_publisher":"https:\/\/www.facebook.com\/webdotn","article_published_time":"2024-07-30T08:58:00+00:00","article_modified_time":"2025-05-20T22:35:25+00:00","og_image":[{"width":750,"height":400,"url":"https:\/\/www.webdo.tn\/fr\/wp-content\/uploads\/2024\/07\/930eca06278b6fcf65a1c9230c05784a.webp","type":"image\/webp"}],"author":"CL","twitter_card":"summary_large_image","twitter_creator":"@webdo_tn","twitter_site":"@webdo_tn","twitter_misc":{"\u00c9crit par":"CL","Dur\u00e9e de lecture estim\u00e9e":"1 minute"},"schema":{"@context":"https:\/\/schema.org","@graph":[{"@type":"NewsArticle","@id":"https:\/\/www.webdo.tn\/fr\/actualite\/sport\/jo-paris-2024-ce-soir-ahmed-jaouadi-a-la-conquete-du-reve-olympique\/215550\/#article","isPartOf":{"@id":"https:\/\/www.webdo.tn\/fr\/actualite\/sport\/jo-paris-2024-ce-soir-ahmed-jaouadi-a-la-conquete-du-reve-olympique\/215550\/"},"author":{"name":"CL","@id":"https:\/\/www.webdo.tn\/fr\/#\/schema\/person\/f35b42a42c5e2511bbd282959d6385cc"},"headline":"JO Paris 2024 : Ce soir. Ahmed Jaouadi \u00e0 la conqu\u00eate du r\u00eave olympique !","datePublished":"2024-07-30T08:58:00+00:00","dateModified":"2025-05-20T22:35:25+00:00","mainEntityOfPage":{"@id":"https:\/\/www.webdo.tn\/fr\/actualite\/sport\/jo-paris-2024-ce-soir-ahmed-jaouadi-a-la-conquete-du-reve-olympique\/215550\/"},"wordCount":285,"commentCount":0,"publisher":{"@id":"https:\/\/www.webdo.tn\/fr\/#organization"},"image":{"@id":"https:\/\/www.webdo.tn\/fr\/actualite\/sport\/jo-paris-2024-ce-soir-ahmed-jaouadi-a-la-conquete-du-reve-olympique\/215550\/#primaryimage"},"thumbnailUrl":"https:\/\/www.webdo.tn\/fr\/wp-content\/uploads\/2024\/07\/930eca06278b6fcf65a1c9230c05784a.webp","keywords":["Ahmed Jaouadi","JO Paris 2024","nageur","natation","Paris","Tunisie"],"articleSection":["Sport"],"inLanguage":"fr-FR"},{"@type":"WebPage","@id":"https:\/\/www.webdo.tn\/fr\/actualite\/sport\/jo-paris-2024-ce-soir-ahmed-jaouadi-a-la-conquete-du-reve-olympique\/215550\/","url":"https:\/\/www.webdo.tn\/fr\/actualite\/sport\/jo-paris-2024-ce-soir-ahmed-jaouadi-a-la-conquete-du-reve-olympique\/215550\/","name":"JO Paris 2024 : Ce soir. Ahmed Jaouadi \u00e0 la conqu\u00eate du r\u00eave olympique !","isPartOf":{"@id":"https:\/\/www.webdo.tn\/fr\/#website"},"primaryImageOfPage":{"@id":"https:\/\/www.webdo.tn\/fr\/actualite\/sport\/jo-paris-2024-ce-soir-ahmed-jaouadi-a-la-conquete-du-reve-olympique\/215550\/#primaryimage"},"image":{"@id":"https:\/\/www.webdo.tn\/fr\/actualite\/sport\/jo-paris-2024-ce-soir-ahmed-jaouadi-a-la-conquete-du-reve-olympique\/215550\/#primaryimage"},"thumbnailUrl":"https:\/\/www.webdo.tn\/fr\/wp-content\/uploads\/2024\/07\/930eca06278b6fcf65a1c9230c05784a.webp","datePublished":"2024-07-30T08:58:00+00:00","dateModified":"2025-05-20T22:35:25+00:00","description":"\u00c0 seulement 19 ans, le nageur porte les espoirs d'une nation enti\u00e8re et r\u00eave de ramener une nouvelle m\u00e9daille \u00e0 la Tunisie. La qualification de Jaouadi pour la...","breadcrumb":{"@id":"https:\/\/www.webdo.tn\/fr\/actualite\/sport\/jo-paris-2024-ce-soir-ahmed-jaouadi-a-la-conquete-du-reve-olympique\/215550\/#breadcrumb"},"inLanguage":"fr-FR","potentialAction":[{"@type":"ReadAction","target":["https:\/\/www.webdo.tn\/fr\/actualite\/sport\/jo-paris-2024-ce-soir-ahmed-jaouadi-a-la-conquete-du-reve-olympique\/215550\/"]}]},{"@type":"ImageObject","inLanguage":"fr-FR","@id":"https:\/\/www.webdo.tn\/fr\/actualite\/sport\/jo-paris-2024-ce-soir-ahmed-jaouadi-a-la-conquete-du-reve-olympique\/215550\/#primaryimage","url":"https:\/\/www.webdo.tn\/fr\/wp-content\/uploads\/2024\/07\/930eca06278b6fcf65a1c9230c05784a.webp","contentUrl":"https:\/\/www.webdo.tn\/fr\/wp-content\/uploads\/2024\/07\/930eca06278b6fcf65a1c9230c05784a.webp","width":750,"height":400,"caption":"JO Paris 2024 : Ce soir. Ahmed Jaouadi \u00e0 la conqu\u00eate du r\u00eave olympique !"},{"@type":"BreadcrumbList","@id":"https:\/\/www.webdo.tn\/fr\/actualite\/sport\/jo-paris-2024-ce-soir-ahmed-jaouadi-a-la-conquete-du-reve-olympique\/215550\/#breadcrumb","itemListElement":[{"@type":"ListItem","position":1,"name":"Accueil","item":"https:\/\/www.webdo.tn\/fr\/"},{"@type":"ListItem","position":2,"name":"JO Paris 2024 : Ce soir. Ahmed Jaouadi \u00e0 la conqu\u00eate du r\u00eave olympique !"}]},{"@type":"WebSite","@id":"https:\/\/www.webdo.tn\/fr\/#website","url":"https:\/\/www.webdo.tn\/fr\/","name":"webdo","description":"Tunisie - News en Tunisie et \u00e0 l&#039;international sur Webdo.tn","publisher":{"@id":"https:\/\/www.webdo.tn\/fr\/#organization"},"potentialAction":[{"@type":"SearchAction","target":{"@type":"EntryPoint","urlTemplate":"https:\/\/www.webdo.tn\/fr\/?s={search_term_string}"},"query-input":{"@type":"PropertyValueSpecification","valueRequired":true,"valueName":"search_term_string"}}],"inLanguage":"fr-FR"},{"@type":"Organization","@id":"https:\/\/www.webdo.tn\/fr\/#organization","name":"Webdo","alternateName":"Webdo.tn","url":"https:\/\/www.webdo.tn\/fr\/","logo":{"@type":"ImageObject","inLanguage":"fr-FR","@id":"https:\/\/www.webdo.tn\/fr\/#\/schema\/logo\/image\/","url":"https:\/\/www.webdo.tn\/fr\/wp-content\/uploads\/2025\/06\/Webdo-Tunisie_168377.jpg","contentUrl":"https:\/\/www.webdo.tn\/fr\/wp-content\/uploads\/2025\/06\/Webdo-Tunisie_168377.jpg","width":301,"height":301,"caption":"Webdo"},"image":{"@id":"https:\/\/www.webdo.tn\/fr\/#\/schema\/logo\/image\/"},"sameAs":["https:\/\/www.facebook.com\/webdotn","https:\/\/x.com\/webdo_tn"],"description":"Webdo est un m\u00e9dia num\u00e9rique tunisien fond\u00e9 en 2010, sp\u00e9cialis\u00e9 dans l\u2019actualit\u00e9 nationale et internationale, l\u2019\u00e9conomie, la soci\u00e9t\u00e9 et les analyses politiques. Le site s\u2019adresse \u00e0 un large public francophone et couvre l\u2019information tunisienne en temps r\u00e9el.","email":"redac@webdo.tn","legalName":"YNJ SARL","foundingDate":"2010-09-06","numberOfEmployees":{"@type":"QuantitativeValue","minValue":"11","maxValue":"50"}},{"@type":"Person","@id":"https:\/\/www.webdo.tn\/fr\/#\/schema\/person\/f35b42a42c5e2511bbd282959d6385cc","name":"CL","image":{"@type":"ImageObject","inLanguage":"fr-FR","@id":"https:\/\/secure.gravatar.com\/avatar\/1447a49909b67aa657c488aec6512e1dd6143a480c1ecfee9b5b5cd74eb3b59e?s=96&d=mm&r=g","url":"https:\/\/secure.gravatar.com\/avatar\/1447a49909b67aa657c488aec6512e1dd6143a480c1ecfee9b5b5cd74eb3b59e?s=96&d=mm&r=g","contentUrl":"https:\/\/secure.gravatar.com\/avatar\/1447a49909b67aa657c488aec6512e1dd6143a480c1ecfee9b5b5cd74eb3b59e?s=96&d=mm&r=g","caption":"CL"},"url":"https:\/\/www.webdo.tn\/fr\/actualite\/author\/cl\/"}]}},"_links":{"self":[{"href":"https:\/\/www.webdo.tn\/fr\/wp-json\/wp\/v2\/posts\/215550","targetHints":{"allow":["GET"]}}],"collection":[{"href":"https:\/\/www.webdo.tn\/fr\/wp-json\/wp\/v2\/posts"}],"about":[{"href":"https:\/\/www.webdo.tn\/fr\/wp-json\/wp\/v2\/types\/post"}],"author":[{"embeddable":true,"href":"https:\/\/www.webdo.tn\/fr\/wp-json\/wp\/v2\/users\/3175"}],"replies":[{"embeddable":true,"href":"https:\/\/www.webdo.tn\/fr\/wp-json\/wp\/v2\/comments?post=215550"}],"version-history":[{"count":0,"href":"https:\/\/www.webdo.tn\/fr\/wp-json\/wp\/v2\/posts\/215550\/revisions"}],"wp:featuredmedia":[{"embeddable":true,"href":"https:\/\/www.webdo.tn\/fr\/wp-json\/wp\/v2\/media\/246901"}],"wp:attachment":[{"href":"https:\/\/www.webdo.tn\/fr\/wp-json\/wp\/v2\/media?parent=215550"}],"wp:term":[{"taxonomy":"category","embeddable":true,"href":"https:\/\/www.webdo.tn\/fr\/wp-json\/wp\/v2\/categories?post=215550"},{"taxonomy":"post_tag","embeddable":true,"href":"https:\/\/www.webdo.tn\/fr\/wp-json\/wp\/v2\/tags?post=215550"}],"curies":[{"name":"wp","href":"https:\/\/api.w.org\/{rel}","templated":true}]}}