{"id":215539,"date":"2024-07-29T12:45:00","date_gmt":"2024-07-29T12:45:00","guid":{"rendered":"https:\/\/www.webdo.tn\/fr\/blog\/bientot-au-musee-du-bardo-l-exposition-salammbo-de-flaubert-a-carthage\/215539\/"},"modified":"2025-05-14T09:52:58","modified_gmt":"2025-05-14T09:52:58","slug":"bientot-au-musee-du-bardo-l-exposition-salammbo-de-flaubert-a-carthage","status":"publish","type":"post","link":"https:\/\/www.webdo.tn\/fr\/actualite\/culture\/bientot-au-musee-du-bardo-l-exposition-salammbo-de-flaubert-a-carthage\/215539\/","title":{"rendered":"Bient\u00f4t au mus\u00e9e du Bardo : l&rsquo;exposition \u00ab\u00a0Salammb\u00f4 de Flaubert \u00e0 Carthage\u00a0\u00bb"},"content":{"rendered":"<p>Une exposition phare, d\u00e9di\u00e9e \u00e0 l\u2019ouvrage de Flaubert \u00ab Salammb\u00f4 \u00bb, r\u00e9unissant des chefs d\u2019\u0153uvres tunisiens et des pr\u00eats exceptionnels d\u2019objets de collections fran\u00e7aises se tiendra au mus\u00e9e national du Bardo, du 24 septembre au 12 janvier 2025.<\/p>\n<p>\u00ab C\u2019\u00e9tait \u00e0 M\u00e9gara, faubourg de Carthage, dans les jardins d\u2019Hamilcar. \u00bb : la premi\u00e8re phrase de \u00ab Salammb\u00f4 \u00bb, roman de Flaubert publi\u00e9 en 1862, a \u00e9t\u00e9 pour des g\u00e9n\u00e9rations de lecteurs, l\u2019\u00e9l\u00e9ment d\u00e9clencheur d\u2019une exp\u00e9rience unique. \u00a0<\/p>\n<p>Centrant son propos sur ce chef- d\u2019\u0153uvre de la litt\u00e9rature moderne, l\u2019exposition \u00ab Salammb\u00f4. De Flaubert \u00e0 Carthage \u00bb nous plonge au c\u0153ur d\u2019un tourbillon d\u2019images et de sensations qui r\u00e9v\u00e8le sa port\u00e9e consid\u00e9rable sur les arts et les repr\u00e9sentations, mais aussi son h\u00e9ritage dans l\u2019histoire de la M\u00e9diterran\u00e9e.<\/p>\n<p>Cette exposition, fruit de la collaboration entre la R\u00e9union des mus\u00e9es m\u00e9tropolitains Rouen Normandie, le Mucem et l\u2019Institut National du Patrimoine de Tunisie a \u00e9t\u00e9 pr\u00e9sent\u00e9e au Mus\u00e9e des Beaux-Arts de Rouen en 2021 puis au Mucem \u00e0 Marseille en 2022, accueillant plus de 75.000 visiteurs. Elle sera pr\u00e9sent\u00e9e au mus\u00e9e du Bardo du 24 septembre au 12 janvier 2025, en coop\u00e9ration avec l\u2019Institut fran\u00e7ais de Tunisie.<\/p>\n<p>En convoquant litt\u00e9rature, peinture, sculpture, photographie, arts de la sc\u00e8ne, cin\u00e9ma, et arch\u00e9ologie, l\u2019exposition explore l\u2019actualit\u00e9 d\u2019un ouvrage hors normes o\u00f9 se bousculent les pr\u00e9occupations contemporaines.<\/p>\n<p>L\u2019exposition r\u00e9unira plus de cinquante \u0153uvres issues des collections tunisiennes et fran\u00e7aises, dont celles du mus\u00e9e national du Bardo, du mus\u00e9e de Carthage, des mus\u00e9es de la m\u00e9tropole Rouen Normandie, de la Biblioth\u00e8que patrimoniale Villon, du mus\u00e9e d\u2019Orsay, de la Biblioth\u00e8que nationale de France, des mus\u00e9es de la Ville de Marseille, ainsi que de pr\u00e9teurs priv\u00e9s.<\/p>\n<p>Gr\u00e2ce \u00e0 l\u2019Institut national du patrimoine de Tunisie, avec lequel les mus\u00e9es de Rouen m\u00e9tropole et le Mucem entretiennent depuis plusieurs ann\u00e9es une \u00e9troite politique de coop\u00e9ration, des pr\u00eats majeurs ont \u00e9t\u00e9 consentis, permettant au public tunisien de d\u00e9couvrir les tr\u00e9sors illustrant la gen\u00e8se de l\u2019ouvrage \u00ab Salammb\u00f4 \u00bb mis en regard avec des objets arch\u00e9ologiques de l\u2019\u00e9poque punique.\u00a0<\/p>\n<p>\u00a0<\/p>\n<p>\u00a0<\/p>\n<p>H.B.<\/p>\n","protected":false},"excerpt":{"rendered":"<p>\u00ab C\u2019\u00e9tait \u00e0 M\u00e9gara, faubourg de Carthage, dans les jardins d\u2019Hamilcar. \u00bb : la premi\u00e8re phrase de \u00ab Salammb\u00f4 \u00bb, roman de Flaubert publi\u00e9 en 1862, a \u00e9t\u00e9 pour des&#8230;<\/p>\n","protected":false},"author":3229,"featured_media":246897,"comment_status":"open","ping_status":"closed","sticky":false,"template":"","format":"standard","meta":{"footnotes":""},"categories":[2594],"tags":[2641,3328],"class_list":["post-215539","post","type-post","status-publish","format-standard","has-post-thumbnail","hentry","category-culture","tag-exposition","tag-musee"],"yoast_head":"<!-- This site is optimized with the Yoast SEO Premium plugin v27.5 (Yoast SEO v27.5) - https:\/\/yoast.com\/product\/yoast-seo-premium-wordpress\/ -->\n<title>Bient\u00f4t au mus\u00e9e du Bardo : l&#039;exposition Salammb\u00f4 de Flaubert \u00e0 Carthage<\/title>\n<meta name=\"description\" content=\"\u00ab C\u2019\u00e9tait \u00e0 M\u00e9gara, faubourg de Carthage, dans les jardins d\u2019Hamilcar. \u00bb : la premi\u00e8re phrase de \u00ab Salammb\u00f4 \u00bb, roman de Flaubert publi\u00e9 en 1862, a \u00e9t\u00e9 pour des...\" \/>\n<link rel=\"canonical\" href=\"https:\/\/www.webdo.tn\/fr\/actualite\/culture\/bientot-au-musee-du-bardo-l-exposition-salammbo-de-flaubert-a-carthage\/215539\/\" \/>\n<meta property=\"og:locale\" content=\"fr_FR\" \/>\n<meta property=\"og:type\" content=\"article\" \/>\n<meta property=\"og:title\" content=\"Bient\u00f4t au mus\u00e9e du Bardo : l&#039;exposition &quot;Salammb\u00f4 de Flaubert \u00e0 Carthage&quot;\" \/>\n<meta property=\"og:description\" content=\"\u00ab C\u2019\u00e9tait \u00e0 M\u00e9gara, faubourg de Carthage, dans les jardins d\u2019Hamilcar. \u00bb : la premi\u00e8re phrase de \u00ab Salammb\u00f4 \u00bb, roman de Flaubert publi\u00e9 en 1862, a \u00e9t\u00e9 pour des...\" \/>\n<meta property=\"og:url\" content=\"https:\/\/www.webdo.tn\/fr\/actualite\/culture\/bientot-au-musee-du-bardo-l-exposition-salammbo-de-flaubert-a-carthage\/215539\/\" \/>\n<meta property=\"og:site_name\" content=\"webdo\" \/>\n<meta property=\"article:publisher\" content=\"https:\/\/www.facebook.com\/webdotn\" \/>\n<meta property=\"article:author\" content=\"https:\/\/www.facebook.com\/hatem.bourial.2025\" \/>\n<meta property=\"article:published_time\" content=\"2024-07-29T12:45:00+00:00\" \/>\n<meta property=\"article:modified_time\" content=\"2025-05-14T09:52:58+00:00\" \/>\n<meta property=\"og:image\" content=\"https:\/\/www.webdo.tn\/fr\/wp-content\/uploads\/2024\/07\/68fbceaf10d7eae879bf511b7f1a5012.webp\" \/>\n\t<meta property=\"og:image:width\" content=\"600\" \/>\n\t<meta property=\"og:image:height\" content=\"320\" \/>\n\t<meta property=\"og:image:type\" content=\"image\/webp\" \/>\n<meta name=\"author\" content=\"Hatem Bourial\" \/>\n<meta name=\"twitter:card\" content=\"summary_large_image\" \/>\n<meta name=\"twitter:creator\" content=\"@webdo_tn\" \/>\n<meta name=\"twitter:site\" content=\"@webdo_tn\" \/>\n<meta name=\"twitter:label1\" content=\"\u00c9crit par\" \/>\n\t<meta name=\"twitter:data1\" content=\"Hatem Bourial\" \/>\n\t<meta name=\"twitter:label2\" content=\"Dur\u00e9e de lecture estim\u00e9e\" \/>\n\t<meta name=\"twitter:data2\" content=\"2 minutes\" \/>\n<script type=\"application\/ld+json\" class=\"yoast-schema-graph\">{\"@context\":\"https:\\\/\\\/schema.org\",\"@graph\":[{\"@type\":\"NewsArticle\",\"@id\":\"https:\\\/\\\/www.webdo.tn\\\/fr\\\/actualite\\\/culture\\\/bientot-au-musee-du-bardo-l-exposition-salammbo-de-flaubert-a-carthage\\\/215539\\\/#article\",\"isPartOf\":{\"@id\":\"https:\\\/\\\/www.webdo.tn\\\/fr\\\/actualite\\\/culture\\\/bientot-au-musee-du-bardo-l-exposition-salammbo-de-flaubert-a-carthage\\\/215539\\\/\"},\"author\":{\"name\":\"Hatem Bourial\",\"@id\":\"https:\\\/\\\/www.webdo.tn\\\/fr\\\/#\\\/schema\\\/person\\\/6bc0beba2cd23aec27cb5df85ca2554f\"},\"headline\":\"Bient\u00f4t au mus\u00e9e du Bardo : l&rsquo;exposition \u00ab\u00a0Salammb\u00f4 de Flaubert \u00e0 Carthage\u00a0\u00bb\",\"datePublished\":\"2024-07-29T12:45:00+00:00\",\"dateModified\":\"2025-05-14T09:52:58+00:00\",\"mainEntityOfPage\":{\"@id\":\"https:\\\/\\\/www.webdo.tn\\\/fr\\\/actualite\\\/culture\\\/bientot-au-musee-du-bardo-l-exposition-salammbo-de-flaubert-a-carthage\\\/215539\\\/\"},\"wordCount\":405,\"commentCount\":0,\"publisher\":{\"@id\":\"https:\\\/\\\/www.webdo.tn\\\/fr\\\/#organization\"},\"image\":{\"@id\":\"https:\\\/\\\/www.webdo.tn\\\/fr\\\/actualite\\\/culture\\\/bientot-au-musee-du-bardo-l-exposition-salammbo-de-flaubert-a-carthage\\\/215539\\\/#primaryimage\"},\"thumbnailUrl\":\"https:\\\/\\\/www.webdo.tn\\\/fr\\\/wp-content\\\/uploads\\\/2024\\\/07\\\/68fbceaf10d7eae879bf511b7f1a5012.webp\",\"keywords\":[\"exposition\",\"mus\u00e9e\"],\"articleSection\":[\"Culture\"],\"inLanguage\":\"fr-FR\"},{\"@type\":\"WebPage\",\"@id\":\"https:\\\/\\\/www.webdo.tn\\\/fr\\\/actualite\\\/culture\\\/bientot-au-musee-du-bardo-l-exposition-salammbo-de-flaubert-a-carthage\\\/215539\\\/\",\"url\":\"https:\\\/\\\/www.webdo.tn\\\/fr\\\/actualite\\\/culture\\\/bientot-au-musee-du-bardo-l-exposition-salammbo-de-flaubert-a-carthage\\\/215539\\\/\",\"name\":\"Bient\u00f4t au mus\u00e9e du Bardo : l'exposition Salammb\u00f4 de Flaubert \u00e0 Carthage\",\"isPartOf\":{\"@id\":\"https:\\\/\\\/www.webdo.tn\\\/fr\\\/#website\"},\"primaryImageOfPage\":{\"@id\":\"https:\\\/\\\/www.webdo.tn\\\/fr\\\/actualite\\\/culture\\\/bientot-au-musee-du-bardo-l-exposition-salammbo-de-flaubert-a-carthage\\\/215539\\\/#primaryimage\"},\"image\":{\"@id\":\"https:\\\/\\\/www.webdo.tn\\\/fr\\\/actualite\\\/culture\\\/bientot-au-musee-du-bardo-l-exposition-salammbo-de-flaubert-a-carthage\\\/215539\\\/#primaryimage\"},\"thumbnailUrl\":\"https:\\\/\\\/www.webdo.tn\\\/fr\\\/wp-content\\\/uploads\\\/2024\\\/07\\\/68fbceaf10d7eae879bf511b7f1a5012.webp\",\"datePublished\":\"2024-07-29T12:45:00+00:00\",\"dateModified\":\"2025-05-14T09:52:58+00:00\",\"description\":\"\u00ab C\u2019\u00e9tait \u00e0 M\u00e9gara, faubourg de Carthage, dans les jardins d\u2019Hamilcar. \u00bb : la premi\u00e8re phrase de \u00ab Salammb\u00f4 \u00bb, roman de Flaubert publi\u00e9 en 1862, a \u00e9t\u00e9 pour des...\",\"breadcrumb\":{\"@id\":\"https:\\\/\\\/www.webdo.tn\\\/fr\\\/actualite\\\/culture\\\/bientot-au-musee-du-bardo-l-exposition-salammbo-de-flaubert-a-carthage\\\/215539\\\/#breadcrumb\"},\"inLanguage\":\"fr-FR\",\"potentialAction\":[{\"@type\":\"ReadAction\",\"target\":[\"https:\\\/\\\/www.webdo.tn\\\/fr\\\/actualite\\\/culture\\\/bientot-au-musee-du-bardo-l-exposition-salammbo-de-flaubert-a-carthage\\\/215539\\\/\"]}]},{\"@type\":\"ImageObject\",\"inLanguage\":\"fr-FR\",\"@id\":\"https:\\\/\\\/www.webdo.tn\\\/fr\\\/actualite\\\/culture\\\/bientot-au-musee-du-bardo-l-exposition-salammbo-de-flaubert-a-carthage\\\/215539\\\/#primaryimage\",\"url\":\"https:\\\/\\\/www.webdo.tn\\\/fr\\\/wp-content\\\/uploads\\\/2024\\\/07\\\/68fbceaf10d7eae879bf511b7f1a5012.webp\",\"contentUrl\":\"https:\\\/\\\/www.webdo.tn\\\/fr\\\/wp-content\\\/uploads\\\/2024\\\/07\\\/68fbceaf10d7eae879bf511b7f1a5012.webp\",\"width\":600,\"height\":320,\"caption\":\"Bient\u00f4t au mus\u00e9e du Bardo : l'exposition \\\"Salammb\u00f4 de Flaubert \u00e0 Carthage\\\"\"},{\"@type\":\"BreadcrumbList\",\"@id\":\"https:\\\/\\\/www.webdo.tn\\\/fr\\\/actualite\\\/culture\\\/bientot-au-musee-du-bardo-l-exposition-salammbo-de-flaubert-a-carthage\\\/215539\\\/#breadcrumb\",\"itemListElement\":[{\"@type\":\"ListItem\",\"position\":1,\"name\":\"Accueil\",\"item\":\"https:\\\/\\\/www.webdo.tn\\\/fr\\\/\"},{\"@type\":\"ListItem\",\"position\":2,\"name\":\"Bient\u00f4t au mus\u00e9e du Bardo : l&rsquo;exposition \u00ab\u00a0Salammb\u00f4 de Flaubert \u00e0 Carthage\u00a0\u00bb\"}]},{\"@type\":\"WebSite\",\"@id\":\"https:\\\/\\\/www.webdo.tn\\\/fr\\\/#website\",\"url\":\"https:\\\/\\\/www.webdo.tn\\\/fr\\\/\",\"name\":\"webdo\",\"description\":\"Tunisie - News en Tunisie et \u00e0 l&#039;international sur Webdo.tn\",\"publisher\":{\"@id\":\"https:\\\/\\\/www.webdo.tn\\\/fr\\\/#organization\"},\"potentialAction\":[{\"@type\":\"SearchAction\",\"target\":{\"@type\":\"EntryPoint\",\"urlTemplate\":\"https:\\\/\\\/www.webdo.tn\\\/fr\\\/?s={search_term_string}\"},\"query-input\":{\"@type\":\"PropertyValueSpecification\",\"valueRequired\":true,\"valueName\":\"search_term_string\"}}],\"inLanguage\":\"fr-FR\"},{\"@type\":\"Organization\",\"@id\":\"https:\\\/\\\/www.webdo.tn\\\/fr\\\/#organization\",\"name\":\"Webdo\",\"alternateName\":\"Webdo.tn\",\"url\":\"https:\\\/\\\/www.webdo.tn\\\/fr\\\/\",\"logo\":{\"@type\":\"ImageObject\",\"inLanguage\":\"fr-FR\",\"@id\":\"https:\\\/\\\/www.webdo.tn\\\/fr\\\/#\\\/schema\\\/logo\\\/image\\\/\",\"url\":\"https:\\\/\\\/www.webdo.tn\\\/fr\\\/wp-content\\\/uploads\\\/2025\\\/06\\\/Webdo-Tunisie_168377.jpg\",\"contentUrl\":\"https:\\\/\\\/www.webdo.tn\\\/fr\\\/wp-content\\\/uploads\\\/2025\\\/06\\\/Webdo-Tunisie_168377.jpg\",\"width\":301,\"height\":301,\"caption\":\"Webdo\"},\"image\":{\"@id\":\"https:\\\/\\\/www.webdo.tn\\\/fr\\\/#\\\/schema\\\/logo\\\/image\\\/\"},\"sameAs\":[\"https:\\\/\\\/www.facebook.com\\\/webdotn\",\"https:\\\/\\\/x.com\\\/webdo_tn\"],\"description\":\"Webdo est un m\u00e9dia num\u00e9rique tunisien fond\u00e9 en 2010, sp\u00e9cialis\u00e9 dans l\u2019actualit\u00e9 nationale et internationale, l\u2019\u00e9conomie, la soci\u00e9t\u00e9 et les analyses politiques. Le site s\u2019adresse \u00e0 un large public francophone et couvre l\u2019information tunisienne en temps r\u00e9el.\",\"email\":\"redac@webdo.tn\",\"legalName\":\"YNJ SARL\",\"foundingDate\":\"2010-09-06\",\"numberOfEmployees\":{\"@type\":\"QuantitativeValue\",\"minValue\":\"11\",\"maxValue\":\"50\"}},{\"@type\":\"Person\",\"@id\":\"https:\\\/\\\/www.webdo.tn\\\/fr\\\/#\\\/schema\\\/person\\\/6bc0beba2cd23aec27cb5df85ca2554f\",\"name\":\"Hatem Bourial\",\"image\":{\"@type\":\"ImageObject\",\"inLanguage\":\"fr-FR\",\"@id\":\"https:\\\/\\\/www.webdo.tn\\\/fr\\\/wp-content\\\/uploads\\\/2026\\\/04\\\/hatem-bourial_avatar-96x96.jpg\",\"url\":\"https:\\\/\\\/www.webdo.tn\\\/fr\\\/wp-content\\\/uploads\\\/2026\\\/04\\\/hatem-bourial_avatar-96x96.jpg\",\"contentUrl\":\"https:\\\/\\\/www.webdo.tn\\\/fr\\\/wp-content\\\/uploads\\\/2026\\\/04\\\/hatem-bourial_avatar-96x96.jpg\",\"caption\":\"Hatem Bourial\"},\"description\":\"Hatem Bourial est journaliste, \u00e9crivain et chroniqueur tunisien. Actif depuis plusieurs d\u00e9cennies, il s\u2019est impos\u00e9 comme un observateur attentif de la soci\u00e9t\u00e9 tunisienne, m\u00ealant dans ses \u00e9crits m\u00e9moire, culture et analyse du quotidien. Auteur de nombreux ouvrages, il d\u00e9veloppe une \u0153uvre \u00e0 la crois\u00e9e du r\u00e9cit, de la po\u00e9sie et de l\u2019observation sociologique. Parall\u00e8lement \u00e0 ses contributions dans la presse, il intervient r\u00e9guli\u00e8rement \u00e0 la radio et dans des espaces culturels, o\u00f9 il explore les enjeux li\u00e9s au patrimoine, \u00e0 l\u2019identit\u00e9 et aux transformations du monde contemporain. \u00c0 travers ses chroniques, Hatem Bourial propose une lecture sensible et approfondie de l\u2019actualit\u00e9, nourrie par une exp\u00e9rience journalistique et litt\u00e9raire reconnue. \ud83d\udd17 Facebook : https:\\\/\\\/www.facebook.com\\\/hatem.bourial.2025\",\"sameAs\":[\"https:\\\/\\\/www.facebook.com\\\/hatem.bourial.2025\",\"https:\\\/\\\/fr.wikipedia.org\\\/wiki\\\/Fichier:Hatem_Bourial.jpg\"],\"knowsAbout\":[\"Culture & patrimoine tunisien\",\"Chronique soci\u00e9tale\",\"Litt\u00e9rature & m\u00e9moire\",\"Cin\u00e9ma & critique culturelle\",\"Identit\u00e9 & mutations sociales\"],\"knowsLanguage\":[\"Arabe\",\"Fran\u00e7ais\",\"Anglais\",\"Italien\",\"Polonais\"],\"jobTitle\":\"Journaliste, \u00e9crivain et chroniqueur culturel\",\"worksFor\":\"Webdo\",\"url\":\"https:\\\/\\\/www.webdo.tn\\\/fr\\\/actualite\\\/author\\\/hatem-bourial-2\\\/\"}]}<\/script>\n<!-- \/ Yoast SEO Premium plugin. -->","yoast_head_json":{"title":"Bient\u00f4t au mus\u00e9e du Bardo : l'exposition Salammb\u00f4 de Flaubert \u00e0 Carthage","description":"\u00ab C\u2019\u00e9tait \u00e0 M\u00e9gara, faubourg de Carthage, dans les jardins d\u2019Hamilcar. \u00bb : la premi\u00e8re phrase de \u00ab Salammb\u00f4 \u00bb, roman de Flaubert publi\u00e9 en 1862, a \u00e9t\u00e9 pour des...","canonical":"https:\/\/www.webdo.tn\/fr\/actualite\/culture\/bientot-au-musee-du-bardo-l-exposition-salammbo-de-flaubert-a-carthage\/215539\/","og_locale":"fr_FR","og_type":"article","og_title":"Bient\u00f4t au mus\u00e9e du Bardo : l'exposition \"Salammb\u00f4 de Flaubert \u00e0 Carthage\"","og_description":"\u00ab C\u2019\u00e9tait \u00e0 M\u00e9gara, faubourg de Carthage, dans les jardins d\u2019Hamilcar. \u00bb : la premi\u00e8re phrase de \u00ab Salammb\u00f4 \u00bb, roman de Flaubert publi\u00e9 en 1862, a \u00e9t\u00e9 pour des...","og_url":"https:\/\/www.webdo.tn\/fr\/actualite\/culture\/bientot-au-musee-du-bardo-l-exposition-salammbo-de-flaubert-a-carthage\/215539\/","og_site_name":"webdo","article_publisher":"https:\/\/www.facebook.com\/webdotn","article_author":"https:\/\/www.facebook.com\/hatem.bourial.2025","article_published_time":"2024-07-29T12:45:00+00:00","article_modified_time":"2025-05-14T09:52:58+00:00","og_image":[{"width":600,"height":320,"url":"https:\/\/www.webdo.tn\/fr\/wp-content\/uploads\/2024\/07\/68fbceaf10d7eae879bf511b7f1a5012.webp","type":"image\/webp"}],"author":"Hatem Bourial","twitter_card":"summary_large_image","twitter_creator":"@webdo_tn","twitter_site":"@webdo_tn","twitter_misc":{"\u00c9crit par":"Hatem Bourial","Dur\u00e9e de lecture estim\u00e9e":"2 minutes"},"schema":{"@context":"https:\/\/schema.org","@graph":[{"@type":"NewsArticle","@id":"https:\/\/www.webdo.tn\/fr\/actualite\/culture\/bientot-au-musee-du-bardo-l-exposition-salammbo-de-flaubert-a-carthage\/215539\/#article","isPartOf":{"@id":"https:\/\/www.webdo.tn\/fr\/actualite\/culture\/bientot-au-musee-du-bardo-l-exposition-salammbo-de-flaubert-a-carthage\/215539\/"},"author":{"name":"Hatem Bourial","@id":"https:\/\/www.webdo.tn\/fr\/#\/schema\/person\/6bc0beba2cd23aec27cb5df85ca2554f"},"headline":"Bient\u00f4t au mus\u00e9e du Bardo : l&rsquo;exposition \u00ab\u00a0Salammb\u00f4 de Flaubert \u00e0 Carthage\u00a0\u00bb","datePublished":"2024-07-29T12:45:00+00:00","dateModified":"2025-05-14T09:52:58+00:00","mainEntityOfPage":{"@id":"https:\/\/www.webdo.tn\/fr\/actualite\/culture\/bientot-au-musee-du-bardo-l-exposition-salammbo-de-flaubert-a-carthage\/215539\/"},"wordCount":405,"commentCount":0,"publisher":{"@id":"https:\/\/www.webdo.tn\/fr\/#organization"},"image":{"@id":"https:\/\/www.webdo.tn\/fr\/actualite\/culture\/bientot-au-musee-du-bardo-l-exposition-salammbo-de-flaubert-a-carthage\/215539\/#primaryimage"},"thumbnailUrl":"https:\/\/www.webdo.tn\/fr\/wp-content\/uploads\/2024\/07\/68fbceaf10d7eae879bf511b7f1a5012.webp","keywords":["exposition","mus\u00e9e"],"articleSection":["Culture"],"inLanguage":"fr-FR"},{"@type":"WebPage","@id":"https:\/\/www.webdo.tn\/fr\/actualite\/culture\/bientot-au-musee-du-bardo-l-exposition-salammbo-de-flaubert-a-carthage\/215539\/","url":"https:\/\/www.webdo.tn\/fr\/actualite\/culture\/bientot-au-musee-du-bardo-l-exposition-salammbo-de-flaubert-a-carthage\/215539\/","name":"Bient\u00f4t au mus\u00e9e du Bardo : l'exposition Salammb\u00f4 de Flaubert \u00e0 Carthage","isPartOf":{"@id":"https:\/\/www.webdo.tn\/fr\/#website"},"primaryImageOfPage":{"@id":"https:\/\/www.webdo.tn\/fr\/actualite\/culture\/bientot-au-musee-du-bardo-l-exposition-salammbo-de-flaubert-a-carthage\/215539\/#primaryimage"},"image":{"@id":"https:\/\/www.webdo.tn\/fr\/actualite\/culture\/bientot-au-musee-du-bardo-l-exposition-salammbo-de-flaubert-a-carthage\/215539\/#primaryimage"},"thumbnailUrl":"https:\/\/www.webdo.tn\/fr\/wp-content\/uploads\/2024\/07\/68fbceaf10d7eae879bf511b7f1a5012.webp","datePublished":"2024-07-29T12:45:00+00:00","dateModified":"2025-05-14T09:52:58+00:00","description":"\u00ab C\u2019\u00e9tait \u00e0 M\u00e9gara, faubourg de Carthage, dans les jardins d\u2019Hamilcar. \u00bb : la premi\u00e8re phrase de \u00ab Salammb\u00f4 \u00bb, roman de Flaubert publi\u00e9 en 1862, a \u00e9t\u00e9 pour des...","breadcrumb":{"@id":"https:\/\/www.webdo.tn\/fr\/actualite\/culture\/bientot-au-musee-du-bardo-l-exposition-salammbo-de-flaubert-a-carthage\/215539\/#breadcrumb"},"inLanguage":"fr-FR","potentialAction":[{"@type":"ReadAction","target":["https:\/\/www.webdo.tn\/fr\/actualite\/culture\/bientot-au-musee-du-bardo-l-exposition-salammbo-de-flaubert-a-carthage\/215539\/"]}]},{"@type":"ImageObject","inLanguage":"fr-FR","@id":"https:\/\/www.webdo.tn\/fr\/actualite\/culture\/bientot-au-musee-du-bardo-l-exposition-salammbo-de-flaubert-a-carthage\/215539\/#primaryimage","url":"https:\/\/www.webdo.tn\/fr\/wp-content\/uploads\/2024\/07\/68fbceaf10d7eae879bf511b7f1a5012.webp","contentUrl":"https:\/\/www.webdo.tn\/fr\/wp-content\/uploads\/2024\/07\/68fbceaf10d7eae879bf511b7f1a5012.webp","width":600,"height":320,"caption":"Bient\u00f4t au mus\u00e9e du Bardo : l'exposition \"Salammb\u00f4 de Flaubert \u00e0 Carthage\""},{"@type":"BreadcrumbList","@id":"https:\/\/www.webdo.tn\/fr\/actualite\/culture\/bientot-au-musee-du-bardo-l-exposition-salammbo-de-flaubert-a-carthage\/215539\/#breadcrumb","itemListElement":[{"@type":"ListItem","position":1,"name":"Accueil","item":"https:\/\/www.webdo.tn\/fr\/"},{"@type":"ListItem","position":2,"name":"Bient\u00f4t au mus\u00e9e du Bardo : l&rsquo;exposition \u00ab\u00a0Salammb\u00f4 de Flaubert \u00e0 Carthage\u00a0\u00bb"}]},{"@type":"WebSite","@id":"https:\/\/www.webdo.tn\/fr\/#website","url":"https:\/\/www.webdo.tn\/fr\/","name":"webdo","description":"Tunisie - News en Tunisie et \u00e0 l&#039;international sur Webdo.tn","publisher":{"@id":"https:\/\/www.webdo.tn\/fr\/#organization"},"potentialAction":[{"@type":"SearchAction","target":{"@type":"EntryPoint","urlTemplate":"https:\/\/www.webdo.tn\/fr\/?s={search_term_string}"},"query-input":{"@type":"PropertyValueSpecification","valueRequired":true,"valueName":"search_term_string"}}],"inLanguage":"fr-FR"},{"@type":"Organization","@id":"https:\/\/www.webdo.tn\/fr\/#organization","name":"Webdo","alternateName":"Webdo.tn","url":"https:\/\/www.webdo.tn\/fr\/","logo":{"@type":"ImageObject","inLanguage":"fr-FR","@id":"https:\/\/www.webdo.tn\/fr\/#\/schema\/logo\/image\/","url":"https:\/\/www.webdo.tn\/fr\/wp-content\/uploads\/2025\/06\/Webdo-Tunisie_168377.jpg","contentUrl":"https:\/\/www.webdo.tn\/fr\/wp-content\/uploads\/2025\/06\/Webdo-Tunisie_168377.jpg","width":301,"height":301,"caption":"Webdo"},"image":{"@id":"https:\/\/www.webdo.tn\/fr\/#\/schema\/logo\/image\/"},"sameAs":["https:\/\/www.facebook.com\/webdotn","https:\/\/x.com\/webdo_tn"],"description":"Webdo est un m\u00e9dia num\u00e9rique tunisien fond\u00e9 en 2010, sp\u00e9cialis\u00e9 dans l\u2019actualit\u00e9 nationale et internationale, l\u2019\u00e9conomie, la soci\u00e9t\u00e9 et les analyses politiques. Le site s\u2019adresse \u00e0 un large public francophone et couvre l\u2019information tunisienne en temps r\u00e9el.","email":"redac@webdo.tn","legalName":"YNJ SARL","foundingDate":"2010-09-06","numberOfEmployees":{"@type":"QuantitativeValue","minValue":"11","maxValue":"50"}},{"@type":"Person","@id":"https:\/\/www.webdo.tn\/fr\/#\/schema\/person\/6bc0beba2cd23aec27cb5df85ca2554f","name":"Hatem Bourial","image":{"@type":"ImageObject","inLanguage":"fr-FR","@id":"https:\/\/www.webdo.tn\/fr\/wp-content\/uploads\/2026\/04\/hatem-bourial_avatar-96x96.jpg","url":"https:\/\/www.webdo.tn\/fr\/wp-content\/uploads\/2026\/04\/hatem-bourial_avatar-96x96.jpg","contentUrl":"https:\/\/www.webdo.tn\/fr\/wp-content\/uploads\/2026\/04\/hatem-bourial_avatar-96x96.jpg","caption":"Hatem Bourial"},"description":"Hatem Bourial est journaliste, \u00e9crivain et chroniqueur tunisien. Actif depuis plusieurs d\u00e9cennies, il s\u2019est impos\u00e9 comme un observateur attentif de la soci\u00e9t\u00e9 tunisienne, m\u00ealant dans ses \u00e9crits m\u00e9moire, culture et analyse du quotidien. Auteur de nombreux ouvrages, il d\u00e9veloppe une \u0153uvre \u00e0 la crois\u00e9e du r\u00e9cit, de la po\u00e9sie et de l\u2019observation sociologique. Parall\u00e8lement \u00e0 ses contributions dans la presse, il intervient r\u00e9guli\u00e8rement \u00e0 la radio et dans des espaces culturels, o\u00f9 il explore les enjeux li\u00e9s au patrimoine, \u00e0 l\u2019identit\u00e9 et aux transformations du monde contemporain. \u00c0 travers ses chroniques, Hatem Bourial propose une lecture sensible et approfondie de l\u2019actualit\u00e9, nourrie par une exp\u00e9rience journalistique et litt\u00e9raire reconnue. \ud83d\udd17 Facebook : https:\/\/www.facebook.com\/hatem.bourial.2025","sameAs":["https:\/\/www.facebook.com\/hatem.bourial.2025","https:\/\/fr.wikipedia.org\/wiki\/Fichier:Hatem_Bourial.jpg"],"knowsAbout":["Culture & patrimoine tunisien","Chronique soci\u00e9tale","Litt\u00e9rature & m\u00e9moire","Cin\u00e9ma & critique culturelle","Identit\u00e9 & mutations sociales"],"knowsLanguage":["Arabe","Fran\u00e7ais","Anglais","Italien","Polonais"],"jobTitle":"Journaliste, \u00e9crivain et chroniqueur culturel","worksFor":"Webdo","url":"https:\/\/www.webdo.tn\/fr\/actualite\/author\/hatem-bourial-2\/"}]}},"_links":{"self":[{"href":"https:\/\/www.webdo.tn\/fr\/wp-json\/wp\/v2\/posts\/215539","targetHints":{"allow":["GET"]}}],"collection":[{"href":"https:\/\/www.webdo.tn\/fr\/wp-json\/wp\/v2\/posts"}],"about":[{"href":"https:\/\/www.webdo.tn\/fr\/wp-json\/wp\/v2\/types\/post"}],"author":[{"embeddable":true,"href":"https:\/\/www.webdo.tn\/fr\/wp-json\/wp\/v2\/users\/3229"}],"replies":[{"embeddable":true,"href":"https:\/\/www.webdo.tn\/fr\/wp-json\/wp\/v2\/comments?post=215539"}],"version-history":[{"count":0,"href":"https:\/\/www.webdo.tn\/fr\/wp-json\/wp\/v2\/posts\/215539\/revisions"}],"wp:featuredmedia":[{"embeddable":true,"href":"https:\/\/www.webdo.tn\/fr\/wp-json\/wp\/v2\/media\/246897"}],"wp:attachment":[{"href":"https:\/\/www.webdo.tn\/fr\/wp-json\/wp\/v2\/media?parent=215539"}],"wp:term":[{"taxonomy":"category","embeddable":true,"href":"https:\/\/www.webdo.tn\/fr\/wp-json\/wp\/v2\/categories?post=215539"},{"taxonomy":"post_tag","embeddable":true,"href":"https:\/\/www.webdo.tn\/fr\/wp-json\/wp\/v2\/tags?post=215539"}],"curies":[{"name":"wp","href":"https:\/\/api.w.org\/{rel}","templated":true}]}}