{"id":215538,"date":"2024-07-29T12:28:00","date_gmt":"2024-07-29T12:28:00","guid":{"rendered":"https:\/\/www.webdo.tn\/fr\/blog\/ils-proliferent-en-sicile-faut-il-craindre-les-vers-de-feu-sur-les-cotes-tunisiennes\/215538\/"},"modified":"2025-05-14T09:52:57","modified_gmt":"2025-05-14T09:52:57","slug":"ils-proliferent-en-sicile-faut-il-craindre-les-vers-de-feu-sur-les-cotes-tunisiennes","status":"publish","type":"post","link":"https:\/\/www.webdo.tn\/fr\/actualite\/national\/ils-proliferent-en-sicile-faut-il-craindre-les-vers-de-feu-sur-les-cotes-tunisiennes\/215538\/","title":{"rendered":"Ils prolif\u00e8rent en Sicile : Faut-il craindre les vers de feu sur les c\u00f4tes tunisiennes ?"},"content":{"rendered":"<p>Originaires de M\u00e9diterran\u00e9e, les vers de feu prolif\u00e8rent au large de la Sicile et s&rsquo;attaquent aux prises des p\u00eacheurs. Appel\u00e9s aussi \u00ab\u00a0barbel\u00e9s\u00a0\u00bb, ces vers rouges menacent-ils les c\u00f4tes tunisiennes ?<\/p>\n<p>Les vers de feu ont une taille qui peut atteindre une trentaine de centim\u00e8tres et ressemblent \u00e0 des mille-pattes. \u00a0 Selon les p\u00eacheurs siciliens, dont les propos sont relay\u00e9s par des journalistes de l&rsquo;Agence France Presse, ces vers prolif\u00e8rent et d\u00e9truisent les prises des mariniers qui p\u00eachent au large de la Sicile.\u00a0<\/p>\n<p>Trouvant un milieu propice dans les eaux d\u00e9sormais plus chaudes, ces vers particuli\u00e8rement voraces, prosp\u00e8rent et s&rsquo;attaquent aux poissons pris dans les filets.\u00a0<\/p>\n<p>Ces vers sont de plus en plus nombreux et agressifs sur les c\u00f4tes siciliennes et peuvent migrer vers de nouvelles zones \u00e0 en croire les zoologues italiens qui en ont recens\u00e9 en Calabre.\u00a0<\/p>\n<p>De m\u00eame des experts italiens en esp\u00e8ces invasives pr\u00e9viennent que le r\u00e9chauffement climatique pourrait exacerber cette prolif\u00e9ration.\u00a0<\/p>\n<p>Les institutions sp\u00e9cialis\u00e9es tunisiennes ont certainement \u00e9tudi\u00e9 ce ph\u00e9nom\u00e8ne des vers de feu et pris sa mesure. Le devoir de vigilance et d&rsquo;anticipation demeure dans un contexte global o\u00f9 les menaces p\u00e8sent aussi bien sur les palmiers et les oliviers que sur la faune et la flore marines.<\/p>\n<p>\u00a0<\/p>\n<p>\u00a0<\/p>\n<p>H.B.<\/p>\n","protected":false},"excerpt":{"rendered":"<p>Les vers de feu ont une taille qui peut atteindre une trentaine de centim\u00e8tres et ressemblent \u00e0 des mille-pattes. \u00a0 Selon les p\u00eacheurs siciliens, dont les propo&#8230;<\/p>\n","protected":false},"author":3229,"featured_media":246896,"comment_status":"open","ping_status":"closed","sticky":false,"template":"","format":"standard","meta":{"footnotes":""},"categories":[44],"tags":[2608,6052],"class_list":["post-215538","post","type-post","status-publish","format-standard","has-post-thumbnail","hentry","category-national","tag-tunisie","tag-vers-de-feu"],"yoast_head":"<!-- This site is optimized with the Yoast SEO Premium plugin v27.5 (Yoast SEO v27.5) - https:\/\/yoast.com\/product\/yoast-seo-premium-wordpress\/ -->\n<title>Ils prolif\u00e8rent en Sicile : Faut-il craindre les vers de feu sur les c\u00f4tes tunisiennes ?<\/title>\n<meta name=\"description\" content=\"Les vers de feu ont une taille qui peut atteindre une trentaine de centim\u00e8tres et ressemblent \u00e0 des mille-pattes. \u00a0 Selon les p\u00eacheurs siciliens, dont les propo...\" \/>\n<link rel=\"canonical\" href=\"https:\/\/www.webdo.tn\/fr\/actualite\/national\/ils-proliferent-en-sicile-faut-il-craindre-les-vers-de-feu-sur-les-cotes-tunisiennes\/215538\/\" \/>\n<meta property=\"og:locale\" content=\"fr_FR\" \/>\n<meta property=\"og:type\" content=\"article\" \/>\n<meta property=\"og:title\" content=\"Ils prolif\u00e8rent en Sicile : Faut-il craindre les vers de feu sur les c\u00f4tes tunisiennes ?\" \/>\n<meta property=\"og:description\" content=\"Les vers de feu ont une taille qui peut atteindre une trentaine de centim\u00e8tres et ressemblent \u00e0 des mille-pattes. \u00a0 Selon les p\u00eacheurs siciliens, dont les propo...\" \/>\n<meta property=\"og:url\" content=\"https:\/\/www.webdo.tn\/fr\/actualite\/national\/ils-proliferent-en-sicile-faut-il-craindre-les-vers-de-feu-sur-les-cotes-tunisiennes\/215538\/\" \/>\n<meta property=\"og:site_name\" content=\"webdo\" \/>\n<meta property=\"article:publisher\" content=\"https:\/\/www.facebook.com\/webdotn\" \/>\n<meta property=\"article:author\" content=\"https:\/\/www.facebook.com\/hatem.bourial.2025\" \/>\n<meta property=\"article:published_time\" content=\"2024-07-29T12:28:00+00:00\" \/>\n<meta property=\"article:modified_time\" content=\"2025-05-14T09:52:57+00:00\" \/>\n<meta property=\"og:image\" content=\"https:\/\/www.webdo.tn\/fr\/wp-content\/uploads\/2024\/07\/d68b54bfea911493acdd9b484b8c5e81.webp\" \/>\n\t<meta property=\"og:image:width\" content=\"750\" \/>\n\t<meta property=\"og:image:height\" content=\"400\" \/>\n\t<meta property=\"og:image:type\" content=\"image\/webp\" \/>\n<meta name=\"author\" content=\"Hatem Bourial\" \/>\n<meta name=\"twitter:card\" content=\"summary_large_image\" \/>\n<meta name=\"twitter:creator\" content=\"@webdo_tn\" \/>\n<meta name=\"twitter:site\" content=\"@webdo_tn\" \/>\n<meta name=\"twitter:label1\" content=\"\u00c9crit par\" \/>\n\t<meta name=\"twitter:data1\" content=\"Hatem Bourial\" \/>\n\t<meta name=\"twitter:label2\" content=\"Dur\u00e9e de lecture estim\u00e9e\" \/>\n\t<meta name=\"twitter:data2\" content=\"1 minute\" \/>\n<script type=\"application\/ld+json\" class=\"yoast-schema-graph\">{\"@context\":\"https:\\\/\\\/schema.org\",\"@graph\":[{\"@type\":\"NewsArticle\",\"@id\":\"https:\\\/\\\/www.webdo.tn\\\/fr\\\/actualite\\\/national\\\/ils-proliferent-en-sicile-faut-il-craindre-les-vers-de-feu-sur-les-cotes-tunisiennes\\\/215538\\\/#article\",\"isPartOf\":{\"@id\":\"https:\\\/\\\/www.webdo.tn\\\/fr\\\/actualite\\\/national\\\/ils-proliferent-en-sicile-faut-il-craindre-les-vers-de-feu-sur-les-cotes-tunisiennes\\\/215538\\\/\"},\"author\":{\"name\":\"Hatem Bourial\",\"@id\":\"https:\\\/\\\/www.webdo.tn\\\/fr\\\/#\\\/schema\\\/person\\\/6bc0beba2cd23aec27cb5df85ca2554f\"},\"headline\":\"Ils prolif\u00e8rent en Sicile : Faut-il craindre les vers de feu sur les c\u00f4tes tunisiennes ?\",\"datePublished\":\"2024-07-29T12:28:00+00:00\",\"dateModified\":\"2025-05-14T09:52:57+00:00\",\"mainEntityOfPage\":{\"@id\":\"https:\\\/\\\/www.webdo.tn\\\/fr\\\/actualite\\\/national\\\/ils-proliferent-en-sicile-faut-il-craindre-les-vers-de-feu-sur-les-cotes-tunisiennes\\\/215538\\\/\"},\"wordCount\":248,\"commentCount\":0,\"publisher\":{\"@id\":\"https:\\\/\\\/www.webdo.tn\\\/fr\\\/#organization\"},\"image\":{\"@id\":\"https:\\\/\\\/www.webdo.tn\\\/fr\\\/actualite\\\/national\\\/ils-proliferent-en-sicile-faut-il-craindre-les-vers-de-feu-sur-les-cotes-tunisiennes\\\/215538\\\/#primaryimage\"},\"thumbnailUrl\":\"https:\\\/\\\/www.webdo.tn\\\/fr\\\/wp-content\\\/uploads\\\/2024\\\/07\\\/d68b54bfea911493acdd9b484b8c5e81.webp\",\"keywords\":[\"Tunisie\",\"vers de feu\"],\"articleSection\":[\"National\"],\"inLanguage\":\"fr-FR\"},{\"@type\":\"WebPage\",\"@id\":\"https:\\\/\\\/www.webdo.tn\\\/fr\\\/actualite\\\/national\\\/ils-proliferent-en-sicile-faut-il-craindre-les-vers-de-feu-sur-les-cotes-tunisiennes\\\/215538\\\/\",\"url\":\"https:\\\/\\\/www.webdo.tn\\\/fr\\\/actualite\\\/national\\\/ils-proliferent-en-sicile-faut-il-craindre-les-vers-de-feu-sur-les-cotes-tunisiennes\\\/215538\\\/\",\"name\":\"Ils prolif\u00e8rent en Sicile : Faut-il craindre les vers de feu sur les c\u00f4tes tunisiennes ?\",\"isPartOf\":{\"@id\":\"https:\\\/\\\/www.webdo.tn\\\/fr\\\/#website\"},\"primaryImageOfPage\":{\"@id\":\"https:\\\/\\\/www.webdo.tn\\\/fr\\\/actualite\\\/national\\\/ils-proliferent-en-sicile-faut-il-craindre-les-vers-de-feu-sur-les-cotes-tunisiennes\\\/215538\\\/#primaryimage\"},\"image\":{\"@id\":\"https:\\\/\\\/www.webdo.tn\\\/fr\\\/actualite\\\/national\\\/ils-proliferent-en-sicile-faut-il-craindre-les-vers-de-feu-sur-les-cotes-tunisiennes\\\/215538\\\/#primaryimage\"},\"thumbnailUrl\":\"https:\\\/\\\/www.webdo.tn\\\/fr\\\/wp-content\\\/uploads\\\/2024\\\/07\\\/d68b54bfea911493acdd9b484b8c5e81.webp\",\"datePublished\":\"2024-07-29T12:28:00+00:00\",\"dateModified\":\"2025-05-14T09:52:57+00:00\",\"description\":\"Les vers de feu ont une taille qui peut atteindre une trentaine de centim\u00e8tres et ressemblent \u00e0 des mille-pattes. \u00a0 Selon les p\u00eacheurs siciliens, dont les propo...\",\"breadcrumb\":{\"@id\":\"https:\\\/\\\/www.webdo.tn\\\/fr\\\/actualite\\\/national\\\/ils-proliferent-en-sicile-faut-il-craindre-les-vers-de-feu-sur-les-cotes-tunisiennes\\\/215538\\\/#breadcrumb\"},\"inLanguage\":\"fr-FR\",\"potentialAction\":[{\"@type\":\"ReadAction\",\"target\":[\"https:\\\/\\\/www.webdo.tn\\\/fr\\\/actualite\\\/national\\\/ils-proliferent-en-sicile-faut-il-craindre-les-vers-de-feu-sur-les-cotes-tunisiennes\\\/215538\\\/\"]}]},{\"@type\":\"ImageObject\",\"inLanguage\":\"fr-FR\",\"@id\":\"https:\\\/\\\/www.webdo.tn\\\/fr\\\/actualite\\\/national\\\/ils-proliferent-en-sicile-faut-il-craindre-les-vers-de-feu-sur-les-cotes-tunisiennes\\\/215538\\\/#primaryimage\",\"url\":\"https:\\\/\\\/www.webdo.tn\\\/fr\\\/wp-content\\\/uploads\\\/2024\\\/07\\\/d68b54bfea911493acdd9b484b8c5e81.webp\",\"contentUrl\":\"https:\\\/\\\/www.webdo.tn\\\/fr\\\/wp-content\\\/uploads\\\/2024\\\/07\\\/d68b54bfea911493acdd9b484b8c5e81.webp\",\"width\":750,\"height\":400,\"caption\":\"Ils prolif\u00e8rent en Sicile : Faut-il craindre les vers de feu sur les c\u00f4tes tunisiennes ?\"},{\"@type\":\"BreadcrumbList\",\"@id\":\"https:\\\/\\\/www.webdo.tn\\\/fr\\\/actualite\\\/national\\\/ils-proliferent-en-sicile-faut-il-craindre-les-vers-de-feu-sur-les-cotes-tunisiennes\\\/215538\\\/#breadcrumb\",\"itemListElement\":[{\"@type\":\"ListItem\",\"position\":1,\"name\":\"Accueil\",\"item\":\"https:\\\/\\\/www.webdo.tn\\\/fr\\\/\"},{\"@type\":\"ListItem\",\"position\":2,\"name\":\"Ils prolif\u00e8rent en Sicile : Faut-il craindre les vers de feu sur les c\u00f4tes tunisiennes ?\"}]},{\"@type\":\"WebSite\",\"@id\":\"https:\\\/\\\/www.webdo.tn\\\/fr\\\/#website\",\"url\":\"https:\\\/\\\/www.webdo.tn\\\/fr\\\/\",\"name\":\"webdo\",\"description\":\"Tunisie - News en Tunisie et \u00e0 l&#039;international sur Webdo.tn\",\"publisher\":{\"@id\":\"https:\\\/\\\/www.webdo.tn\\\/fr\\\/#organization\"},\"potentialAction\":[{\"@type\":\"SearchAction\",\"target\":{\"@type\":\"EntryPoint\",\"urlTemplate\":\"https:\\\/\\\/www.webdo.tn\\\/fr\\\/?s={search_term_string}\"},\"query-input\":{\"@type\":\"PropertyValueSpecification\",\"valueRequired\":true,\"valueName\":\"search_term_string\"}}],\"inLanguage\":\"fr-FR\"},{\"@type\":\"Organization\",\"@id\":\"https:\\\/\\\/www.webdo.tn\\\/fr\\\/#organization\",\"name\":\"Webdo\",\"alternateName\":\"Webdo.tn\",\"url\":\"https:\\\/\\\/www.webdo.tn\\\/fr\\\/\",\"logo\":{\"@type\":\"ImageObject\",\"inLanguage\":\"fr-FR\",\"@id\":\"https:\\\/\\\/www.webdo.tn\\\/fr\\\/#\\\/schema\\\/logo\\\/image\\\/\",\"url\":\"https:\\\/\\\/www.webdo.tn\\\/fr\\\/wp-content\\\/uploads\\\/2025\\\/06\\\/Webdo-Tunisie_168377.jpg\",\"contentUrl\":\"https:\\\/\\\/www.webdo.tn\\\/fr\\\/wp-content\\\/uploads\\\/2025\\\/06\\\/Webdo-Tunisie_168377.jpg\",\"width\":301,\"height\":301,\"caption\":\"Webdo\"},\"image\":{\"@id\":\"https:\\\/\\\/www.webdo.tn\\\/fr\\\/#\\\/schema\\\/logo\\\/image\\\/\"},\"sameAs\":[\"https:\\\/\\\/www.facebook.com\\\/webdotn\",\"https:\\\/\\\/x.com\\\/webdo_tn\"],\"description\":\"Webdo est un m\u00e9dia num\u00e9rique tunisien fond\u00e9 en 2010, sp\u00e9cialis\u00e9 dans l\u2019actualit\u00e9 nationale et internationale, l\u2019\u00e9conomie, la soci\u00e9t\u00e9 et les analyses politiques. Le site s\u2019adresse \u00e0 un large public francophone et couvre l\u2019information tunisienne en temps r\u00e9el.\",\"email\":\"redac@webdo.tn\",\"legalName\":\"YNJ SARL\",\"foundingDate\":\"2010-09-06\",\"numberOfEmployees\":{\"@type\":\"QuantitativeValue\",\"minValue\":\"11\",\"maxValue\":\"50\"}},{\"@type\":\"Person\",\"@id\":\"https:\\\/\\\/www.webdo.tn\\\/fr\\\/#\\\/schema\\\/person\\\/6bc0beba2cd23aec27cb5df85ca2554f\",\"name\":\"Hatem Bourial\",\"image\":{\"@type\":\"ImageObject\",\"inLanguage\":\"fr-FR\",\"@id\":\"https:\\\/\\\/www.webdo.tn\\\/fr\\\/wp-content\\\/uploads\\\/2026\\\/04\\\/hatem-bourial_avatar-96x96.jpg\",\"url\":\"https:\\\/\\\/www.webdo.tn\\\/fr\\\/wp-content\\\/uploads\\\/2026\\\/04\\\/hatem-bourial_avatar-96x96.jpg\",\"contentUrl\":\"https:\\\/\\\/www.webdo.tn\\\/fr\\\/wp-content\\\/uploads\\\/2026\\\/04\\\/hatem-bourial_avatar-96x96.jpg\",\"caption\":\"Hatem Bourial\"},\"description\":\"Hatem Bourial est journaliste, \u00e9crivain et chroniqueur tunisien. Actif depuis plusieurs d\u00e9cennies, il s\u2019est impos\u00e9 comme un observateur attentif de la soci\u00e9t\u00e9 tunisienne, m\u00ealant dans ses \u00e9crits m\u00e9moire, culture et analyse du quotidien. Auteur de nombreux ouvrages, il d\u00e9veloppe une \u0153uvre \u00e0 la crois\u00e9e du r\u00e9cit, de la po\u00e9sie et de l\u2019observation sociologique. Parall\u00e8lement \u00e0 ses contributions dans la presse, il intervient r\u00e9guli\u00e8rement \u00e0 la radio et dans des espaces culturels, o\u00f9 il explore les enjeux li\u00e9s au patrimoine, \u00e0 l\u2019identit\u00e9 et aux transformations du monde contemporain. \u00c0 travers ses chroniques, Hatem Bourial propose une lecture sensible et approfondie de l\u2019actualit\u00e9, nourrie par une exp\u00e9rience journalistique et litt\u00e9raire reconnue. \ud83d\udd17 Facebook : https:\\\/\\\/www.facebook.com\\\/hatem.bourial.2025\",\"sameAs\":[\"https:\\\/\\\/www.facebook.com\\\/hatem.bourial.2025\",\"https:\\\/\\\/fr.wikipedia.org\\\/wiki\\\/Fichier:Hatem_Bourial.jpg\"],\"knowsAbout\":[\"Culture & patrimoine tunisien\",\"Chronique soci\u00e9tale\",\"Litt\u00e9rature & m\u00e9moire\",\"Cin\u00e9ma & critique culturelle\",\"Identit\u00e9 & mutations sociales\"],\"knowsLanguage\":[\"Arabe\",\"Fran\u00e7ais\",\"Anglais\",\"Italien\",\"Polonais\"],\"jobTitle\":\"Journaliste, \u00e9crivain et chroniqueur culturel\",\"worksFor\":\"Webdo\",\"url\":\"https:\\\/\\\/www.webdo.tn\\\/fr\\\/actualite\\\/author\\\/hatem-bourial-2\\\/\"}]}<\/script>\n<!-- \/ Yoast SEO Premium plugin. -->","yoast_head_json":{"title":"Ils prolif\u00e8rent en Sicile : Faut-il craindre les vers de feu sur les c\u00f4tes tunisiennes ?","description":"Les vers de feu ont une taille qui peut atteindre une trentaine de centim\u00e8tres et ressemblent \u00e0 des mille-pattes. \u00a0 Selon les p\u00eacheurs siciliens, dont les propo...","canonical":"https:\/\/www.webdo.tn\/fr\/actualite\/national\/ils-proliferent-en-sicile-faut-il-craindre-les-vers-de-feu-sur-les-cotes-tunisiennes\/215538\/","og_locale":"fr_FR","og_type":"article","og_title":"Ils prolif\u00e8rent en Sicile : Faut-il craindre les vers de feu sur les c\u00f4tes tunisiennes ?","og_description":"Les vers de feu ont une taille qui peut atteindre une trentaine de centim\u00e8tres et ressemblent \u00e0 des mille-pattes. \u00a0 Selon les p\u00eacheurs siciliens, dont les propo...","og_url":"https:\/\/www.webdo.tn\/fr\/actualite\/national\/ils-proliferent-en-sicile-faut-il-craindre-les-vers-de-feu-sur-les-cotes-tunisiennes\/215538\/","og_site_name":"webdo","article_publisher":"https:\/\/www.facebook.com\/webdotn","article_author":"https:\/\/www.facebook.com\/hatem.bourial.2025","article_published_time":"2024-07-29T12:28:00+00:00","article_modified_time":"2025-05-14T09:52:57+00:00","og_image":[{"width":750,"height":400,"url":"https:\/\/www.webdo.tn\/fr\/wp-content\/uploads\/2024\/07\/d68b54bfea911493acdd9b484b8c5e81.webp","type":"image\/webp"}],"author":"Hatem Bourial","twitter_card":"summary_large_image","twitter_creator":"@webdo_tn","twitter_site":"@webdo_tn","twitter_misc":{"\u00c9crit par":"Hatem Bourial","Dur\u00e9e de lecture estim\u00e9e":"1 minute"},"schema":{"@context":"https:\/\/schema.org","@graph":[{"@type":"NewsArticle","@id":"https:\/\/www.webdo.tn\/fr\/actualite\/national\/ils-proliferent-en-sicile-faut-il-craindre-les-vers-de-feu-sur-les-cotes-tunisiennes\/215538\/#article","isPartOf":{"@id":"https:\/\/www.webdo.tn\/fr\/actualite\/national\/ils-proliferent-en-sicile-faut-il-craindre-les-vers-de-feu-sur-les-cotes-tunisiennes\/215538\/"},"author":{"name":"Hatem Bourial","@id":"https:\/\/www.webdo.tn\/fr\/#\/schema\/person\/6bc0beba2cd23aec27cb5df85ca2554f"},"headline":"Ils prolif\u00e8rent en Sicile : Faut-il craindre les vers de feu sur les c\u00f4tes tunisiennes ?","datePublished":"2024-07-29T12:28:00+00:00","dateModified":"2025-05-14T09:52:57+00:00","mainEntityOfPage":{"@id":"https:\/\/www.webdo.tn\/fr\/actualite\/national\/ils-proliferent-en-sicile-faut-il-craindre-les-vers-de-feu-sur-les-cotes-tunisiennes\/215538\/"},"wordCount":248,"commentCount":0,"publisher":{"@id":"https:\/\/www.webdo.tn\/fr\/#organization"},"image":{"@id":"https:\/\/www.webdo.tn\/fr\/actualite\/national\/ils-proliferent-en-sicile-faut-il-craindre-les-vers-de-feu-sur-les-cotes-tunisiennes\/215538\/#primaryimage"},"thumbnailUrl":"https:\/\/www.webdo.tn\/fr\/wp-content\/uploads\/2024\/07\/d68b54bfea911493acdd9b484b8c5e81.webp","keywords":["Tunisie","vers de feu"],"articleSection":["National"],"inLanguage":"fr-FR"},{"@type":"WebPage","@id":"https:\/\/www.webdo.tn\/fr\/actualite\/national\/ils-proliferent-en-sicile-faut-il-craindre-les-vers-de-feu-sur-les-cotes-tunisiennes\/215538\/","url":"https:\/\/www.webdo.tn\/fr\/actualite\/national\/ils-proliferent-en-sicile-faut-il-craindre-les-vers-de-feu-sur-les-cotes-tunisiennes\/215538\/","name":"Ils prolif\u00e8rent en Sicile : Faut-il craindre les vers de feu sur les c\u00f4tes tunisiennes ?","isPartOf":{"@id":"https:\/\/www.webdo.tn\/fr\/#website"},"primaryImageOfPage":{"@id":"https:\/\/www.webdo.tn\/fr\/actualite\/national\/ils-proliferent-en-sicile-faut-il-craindre-les-vers-de-feu-sur-les-cotes-tunisiennes\/215538\/#primaryimage"},"image":{"@id":"https:\/\/www.webdo.tn\/fr\/actualite\/national\/ils-proliferent-en-sicile-faut-il-craindre-les-vers-de-feu-sur-les-cotes-tunisiennes\/215538\/#primaryimage"},"thumbnailUrl":"https:\/\/www.webdo.tn\/fr\/wp-content\/uploads\/2024\/07\/d68b54bfea911493acdd9b484b8c5e81.webp","datePublished":"2024-07-29T12:28:00+00:00","dateModified":"2025-05-14T09:52:57+00:00","description":"Les vers de feu ont une taille qui peut atteindre une trentaine de centim\u00e8tres et ressemblent \u00e0 des mille-pattes. \u00a0 Selon les p\u00eacheurs siciliens, dont les propo...","breadcrumb":{"@id":"https:\/\/www.webdo.tn\/fr\/actualite\/national\/ils-proliferent-en-sicile-faut-il-craindre-les-vers-de-feu-sur-les-cotes-tunisiennes\/215538\/#breadcrumb"},"inLanguage":"fr-FR","potentialAction":[{"@type":"ReadAction","target":["https:\/\/www.webdo.tn\/fr\/actualite\/national\/ils-proliferent-en-sicile-faut-il-craindre-les-vers-de-feu-sur-les-cotes-tunisiennes\/215538\/"]}]},{"@type":"ImageObject","inLanguage":"fr-FR","@id":"https:\/\/www.webdo.tn\/fr\/actualite\/national\/ils-proliferent-en-sicile-faut-il-craindre-les-vers-de-feu-sur-les-cotes-tunisiennes\/215538\/#primaryimage","url":"https:\/\/www.webdo.tn\/fr\/wp-content\/uploads\/2024\/07\/d68b54bfea911493acdd9b484b8c5e81.webp","contentUrl":"https:\/\/www.webdo.tn\/fr\/wp-content\/uploads\/2024\/07\/d68b54bfea911493acdd9b484b8c5e81.webp","width":750,"height":400,"caption":"Ils prolif\u00e8rent en Sicile : Faut-il craindre les vers de feu sur les c\u00f4tes tunisiennes ?"},{"@type":"BreadcrumbList","@id":"https:\/\/www.webdo.tn\/fr\/actualite\/national\/ils-proliferent-en-sicile-faut-il-craindre-les-vers-de-feu-sur-les-cotes-tunisiennes\/215538\/#breadcrumb","itemListElement":[{"@type":"ListItem","position":1,"name":"Accueil","item":"https:\/\/www.webdo.tn\/fr\/"},{"@type":"ListItem","position":2,"name":"Ils prolif\u00e8rent en Sicile : Faut-il craindre les vers de feu sur les c\u00f4tes tunisiennes ?"}]},{"@type":"WebSite","@id":"https:\/\/www.webdo.tn\/fr\/#website","url":"https:\/\/www.webdo.tn\/fr\/","name":"webdo","description":"Tunisie - News en Tunisie et \u00e0 l&#039;international sur Webdo.tn","publisher":{"@id":"https:\/\/www.webdo.tn\/fr\/#organization"},"potentialAction":[{"@type":"SearchAction","target":{"@type":"EntryPoint","urlTemplate":"https:\/\/www.webdo.tn\/fr\/?s={search_term_string}"},"query-input":{"@type":"PropertyValueSpecification","valueRequired":true,"valueName":"search_term_string"}}],"inLanguage":"fr-FR"},{"@type":"Organization","@id":"https:\/\/www.webdo.tn\/fr\/#organization","name":"Webdo","alternateName":"Webdo.tn","url":"https:\/\/www.webdo.tn\/fr\/","logo":{"@type":"ImageObject","inLanguage":"fr-FR","@id":"https:\/\/www.webdo.tn\/fr\/#\/schema\/logo\/image\/","url":"https:\/\/www.webdo.tn\/fr\/wp-content\/uploads\/2025\/06\/Webdo-Tunisie_168377.jpg","contentUrl":"https:\/\/www.webdo.tn\/fr\/wp-content\/uploads\/2025\/06\/Webdo-Tunisie_168377.jpg","width":301,"height":301,"caption":"Webdo"},"image":{"@id":"https:\/\/www.webdo.tn\/fr\/#\/schema\/logo\/image\/"},"sameAs":["https:\/\/www.facebook.com\/webdotn","https:\/\/x.com\/webdo_tn"],"description":"Webdo est un m\u00e9dia num\u00e9rique tunisien fond\u00e9 en 2010, sp\u00e9cialis\u00e9 dans l\u2019actualit\u00e9 nationale et internationale, l\u2019\u00e9conomie, la soci\u00e9t\u00e9 et les analyses politiques. Le site s\u2019adresse \u00e0 un large public francophone et couvre l\u2019information tunisienne en temps r\u00e9el.","email":"redac@webdo.tn","legalName":"YNJ SARL","foundingDate":"2010-09-06","numberOfEmployees":{"@type":"QuantitativeValue","minValue":"11","maxValue":"50"}},{"@type":"Person","@id":"https:\/\/www.webdo.tn\/fr\/#\/schema\/person\/6bc0beba2cd23aec27cb5df85ca2554f","name":"Hatem Bourial","image":{"@type":"ImageObject","inLanguage":"fr-FR","@id":"https:\/\/www.webdo.tn\/fr\/wp-content\/uploads\/2026\/04\/hatem-bourial_avatar-96x96.jpg","url":"https:\/\/www.webdo.tn\/fr\/wp-content\/uploads\/2026\/04\/hatem-bourial_avatar-96x96.jpg","contentUrl":"https:\/\/www.webdo.tn\/fr\/wp-content\/uploads\/2026\/04\/hatem-bourial_avatar-96x96.jpg","caption":"Hatem Bourial"},"description":"Hatem Bourial est journaliste, \u00e9crivain et chroniqueur tunisien. Actif depuis plusieurs d\u00e9cennies, il s\u2019est impos\u00e9 comme un observateur attentif de la soci\u00e9t\u00e9 tunisienne, m\u00ealant dans ses \u00e9crits m\u00e9moire, culture et analyse du quotidien. Auteur de nombreux ouvrages, il d\u00e9veloppe une \u0153uvre \u00e0 la crois\u00e9e du r\u00e9cit, de la po\u00e9sie et de l\u2019observation sociologique. Parall\u00e8lement \u00e0 ses contributions dans la presse, il intervient r\u00e9guli\u00e8rement \u00e0 la radio et dans des espaces culturels, o\u00f9 il explore les enjeux li\u00e9s au patrimoine, \u00e0 l\u2019identit\u00e9 et aux transformations du monde contemporain. \u00c0 travers ses chroniques, Hatem Bourial propose une lecture sensible et approfondie de l\u2019actualit\u00e9, nourrie par une exp\u00e9rience journalistique et litt\u00e9raire reconnue. \ud83d\udd17 Facebook : https:\/\/www.facebook.com\/hatem.bourial.2025","sameAs":["https:\/\/www.facebook.com\/hatem.bourial.2025","https:\/\/fr.wikipedia.org\/wiki\/Fichier:Hatem_Bourial.jpg"],"knowsAbout":["Culture & patrimoine tunisien","Chronique soci\u00e9tale","Litt\u00e9rature & m\u00e9moire","Cin\u00e9ma & critique culturelle","Identit\u00e9 & mutations sociales"],"knowsLanguage":["Arabe","Fran\u00e7ais","Anglais","Italien","Polonais"],"jobTitle":"Journaliste, \u00e9crivain et chroniqueur culturel","worksFor":"Webdo","url":"https:\/\/www.webdo.tn\/fr\/actualite\/author\/hatem-bourial-2\/"}]}},"_links":{"self":[{"href":"https:\/\/www.webdo.tn\/fr\/wp-json\/wp\/v2\/posts\/215538","targetHints":{"allow":["GET"]}}],"collection":[{"href":"https:\/\/www.webdo.tn\/fr\/wp-json\/wp\/v2\/posts"}],"about":[{"href":"https:\/\/www.webdo.tn\/fr\/wp-json\/wp\/v2\/types\/post"}],"author":[{"embeddable":true,"href":"https:\/\/www.webdo.tn\/fr\/wp-json\/wp\/v2\/users\/3229"}],"replies":[{"embeddable":true,"href":"https:\/\/www.webdo.tn\/fr\/wp-json\/wp\/v2\/comments?post=215538"}],"version-history":[{"count":0,"href":"https:\/\/www.webdo.tn\/fr\/wp-json\/wp\/v2\/posts\/215538\/revisions"}],"wp:featuredmedia":[{"embeddable":true,"href":"https:\/\/www.webdo.tn\/fr\/wp-json\/wp\/v2\/media\/246896"}],"wp:attachment":[{"href":"https:\/\/www.webdo.tn\/fr\/wp-json\/wp\/v2\/media?parent=215538"}],"wp:term":[{"taxonomy":"category","embeddable":true,"href":"https:\/\/www.webdo.tn\/fr\/wp-json\/wp\/v2\/categories?post=215538"},{"taxonomy":"post_tag","embeddable":true,"href":"https:\/\/www.webdo.tn\/fr\/wp-json\/wp\/v2\/tags?post=215538"}],"curies":[{"name":"wp","href":"https:\/\/api.w.org\/{rel}","templated":true}]}}