{"id":215532,"date":"2024-07-29T10:43:00","date_gmt":"2024-07-29T10:43:00","guid":{"rendered":"https:\/\/www.webdo.tn\/fr\/blog\/la-tunisie-aux-tunisiens-quand-latifa-arfoui-cree-la-polemique-sur-scene\/215532\/"},"modified":"2025-05-20T22:35:23","modified_gmt":"2025-05-20T22:35:23","slug":"la-tunisie-aux-tunisiens-quand-latifa-arfoui-cree-la-polemique-sur-scene","status":"publish","type":"post","link":"https:\/\/www.webdo.tn\/fr\/actualite\/culture\/la-tunisie-aux-tunisiens-quand-latifa-arfoui-cree-la-polemique-sur-scene\/215532\/","title":{"rendered":"La Tunisie aux Tunisiens ! Quand Latifa Arfaoui cr\u00e9e la pol\u00e9mique sur sc\u00e8ne"},"content":{"rendered":"<p>Le spectacle au festival de Tabarka la veille de la c\u00e9l\u00e8bre chanteuse tunisienne Latifa Arfaoui n\u2019est pas pass\u00e9 inaper\u00e7u.\u00a0<\/p>\n<p>En plein spectacle, Latifa Arfaoui a \u00e9voqu\u00e9 la situation de la migration des Subsahariens en Tunisie, affirmant que \u00ab La Tunisie sera aux seulement aux Tunisiens \u00bb.\u00a0<\/p>\n<p>\u00ab Ils veulent les installer en Tunisie, ils pensaient que la Tunisie allait \u00eatre leur pays. La Tunisie est aux Tunisiens, que dieu prot\u00e8ge la Tunisie \u00bb, a-t-elle lanc\u00e9, de quoi susciter une grosse pol\u00e9mique.\u00a0<\/p>\n<p>Ses propos, per\u00e7us comme discriminatoires et offensantes, ont rapidement suscit\u00e9 l&rsquo;indignation du des critiques \u00e0 des discussions plus larges sur la responsabilit\u00e9 sociale des artistes et l&rsquo;importance de promouvoir un discours inclusif et respectueux.<\/p>\n<p>Outre les d\u00e9bats sur les r\u00e9seaux sociaux, des figures politiques ont m\u00eame r\u00e9agi \u00e0 la pol\u00e9mique. C\u2019est le cas de la d\u00e9put\u00e9e Fatma Mseddi qui a montr\u00e9 son soutien \u00e0 l\u2019artiste en question affirmant \u00ab qu\u2019elle fait face \u00e0 une large campagne sur les r\u00e9seaux sociaux \u00bb. \u00ab Latifa Arfaoui s&rsquo;oppose au plan d&rsquo;implantation des subsahariens, alors bienvenue \u00e0 Sfax\u00a0\u00bb, a-t-elle \u00e9crit sur Facebook.\u00a0<\/p>\n<p>Cette affaire a relanc\u00e9 le d\u00e9bat sur la libert\u00e9 d&rsquo;expression versus le discours de haine, mettant en lumi\u00e8re la n\u00e9cessit\u00e9 d&rsquo;une prise de conscience accrue face \u00e0 l&rsquo;impact des mots prononc\u00e9s notamment sur des sc\u00e8nes publiques.<\/p>\n","protected":false},"excerpt":{"rendered":"<p>En pleine performance, Latifa Arfaoui a \u00e9voqu\u00e9 la situation de la migration des Subsahariens en Tunisie, affirmant que \u00ab La Tunisie sera aux seulement aux Tunis&#8230;<\/p>\n","protected":false},"author":3175,"featured_media":246892,"comment_status":"open","ping_status":"closed","sticky":false,"template":"","format":"standard","meta":{"footnotes":""},"categories":[2594],"tags":[5596,6043,6042,2608],"class_list":["post-215532","post","type-post","status-publish","format-standard","has-post-thumbnail","hentry","category-culture","tag-culture","tag-latifa-arfaoui","tag-polemique","tag-tunisie"],"yoast_head":"<!-- This site is optimized with the Yoast SEO Premium plugin v27.4 (Yoast SEO v27.5) - https:\/\/yoast.com\/product\/yoast-seo-premium-wordpress\/ -->\n<title>La Tunisie aux Tunisiens ! Quand Latifa Arfaoui cr\u00e9e la pol\u00e9mique sur sc\u00e8ne<\/title>\n<meta name=\"description\" content=\"En pleine performance, Latifa Arfaoui a \u00e9voqu\u00e9 la situation de la migration des Subsahariens en Tunisie, affirmant que \u00ab La Tunisie sera aux seulement aux Tunis...\" \/>\n<link rel=\"canonical\" href=\"https:\/\/www.webdo.tn\/fr\/actualite\/culture\/la-tunisie-aux-tunisiens-quand-latifa-arfoui-cree-la-polemique-sur-scene\/215532\/\" \/>\n<meta property=\"og:locale\" content=\"fr_FR\" \/>\n<meta property=\"og:type\" content=\"article\" \/>\n<meta property=\"og:title\" content=\"La Tunisie aux Tunisiens ! Quand Latifa Arfaoui cr\u00e9e la pol\u00e9mique sur sc\u00e8ne\" \/>\n<meta property=\"og:description\" content=\"En pleine performance, Latifa Arfaoui a \u00e9voqu\u00e9 la situation de la migration des Subsahariens en Tunisie, affirmant que \u00ab La Tunisie sera aux seulement aux Tunis...\" \/>\n<meta property=\"og:url\" content=\"https:\/\/www.webdo.tn\/fr\/actualite\/culture\/la-tunisie-aux-tunisiens-quand-latifa-arfoui-cree-la-polemique-sur-scene\/215532\/\" \/>\n<meta property=\"og:site_name\" content=\"webdo\" \/>\n<meta property=\"article:publisher\" content=\"https:\/\/www.facebook.com\/webdotn\" \/>\n<meta property=\"article:published_time\" content=\"2024-07-29T10:43:00+00:00\" \/>\n<meta property=\"article:modified_time\" content=\"2025-05-20T22:35:23+00:00\" \/>\n<meta property=\"og:image\" content=\"https:\/\/www.webdo.tn\/fr\/wp-content\/uploads\/2024\/07\/c6fcb52b73ff157da3a6f9e1c96c63a3.webp\" \/>\n\t<meta property=\"og:image:width\" content=\"670\" \/>\n\t<meta property=\"og:image:height\" content=\"357\" \/>\n\t<meta property=\"og:image:type\" content=\"image\/webp\" \/>\n<meta name=\"author\" content=\"CL\" \/>\n<meta name=\"twitter:card\" content=\"summary_large_image\" \/>\n<meta name=\"twitter:creator\" content=\"@webdo_tn\" \/>\n<meta name=\"twitter:site\" content=\"@webdo_tn\" \/>\n<meta name=\"twitter:label1\" content=\"\u00c9crit par\" \/>\n\t<meta name=\"twitter:data1\" content=\"CL\" \/>\n\t<meta name=\"twitter:label2\" content=\"Dur\u00e9e de lecture estim\u00e9e\" \/>\n\t<meta name=\"twitter:data2\" content=\"1 minute\" \/>\n<script type=\"application\/ld+json\" class=\"yoast-schema-graph\">{\"@context\":\"https:\\\/\\\/schema.org\",\"@graph\":[{\"@type\":\"NewsArticle\",\"@id\":\"https:\\\/\\\/www.webdo.tn\\\/fr\\\/actualite\\\/culture\\\/la-tunisie-aux-tunisiens-quand-latifa-arfoui-cree-la-polemique-sur-scene\\\/215532\\\/#article\",\"isPartOf\":{\"@id\":\"https:\\\/\\\/www.webdo.tn\\\/fr\\\/actualite\\\/culture\\\/la-tunisie-aux-tunisiens-quand-latifa-arfoui-cree-la-polemique-sur-scene\\\/215532\\\/\"},\"author\":{\"name\":\"CL\",\"@id\":\"https:\\\/\\\/www.webdo.tn\\\/fr\\\/#\\\/schema\\\/person\\\/f35b42a42c5e2511bbd282959d6385cc\"},\"headline\":\"La Tunisie aux Tunisiens ! Quand Latifa Arfaoui cr\u00e9e la pol\u00e9mique sur sc\u00e8ne\",\"datePublished\":\"2024-07-29T10:43:00+00:00\",\"dateModified\":\"2025-05-20T22:35:23+00:00\",\"mainEntityOfPage\":{\"@id\":\"https:\\\/\\\/www.webdo.tn\\\/fr\\\/actualite\\\/culture\\\/la-tunisie-aux-tunisiens-quand-latifa-arfoui-cree-la-polemique-sur-scene\\\/215532\\\/\"},\"wordCount\":247,\"commentCount\":0,\"publisher\":{\"@id\":\"https:\\\/\\\/www.webdo.tn\\\/fr\\\/#organization\"},\"image\":{\"@id\":\"https:\\\/\\\/www.webdo.tn\\\/fr\\\/actualite\\\/culture\\\/la-tunisie-aux-tunisiens-quand-latifa-arfoui-cree-la-polemique-sur-scene\\\/215532\\\/#primaryimage\"},\"thumbnailUrl\":\"https:\\\/\\\/www.webdo.tn\\\/fr\\\/wp-content\\\/uploads\\\/2024\\\/07\\\/c6fcb52b73ff157da3a6f9e1c96c63a3.webp\",\"keywords\":[\"culture\",\"Latifa Arfaoui\",\"pol\u00e9mique\",\"Tunisie\"],\"articleSection\":[\"Culture\"],\"inLanguage\":\"fr-FR\"},{\"@type\":\"WebPage\",\"@id\":\"https:\\\/\\\/www.webdo.tn\\\/fr\\\/actualite\\\/culture\\\/la-tunisie-aux-tunisiens-quand-latifa-arfoui-cree-la-polemique-sur-scene\\\/215532\\\/\",\"url\":\"https:\\\/\\\/www.webdo.tn\\\/fr\\\/actualite\\\/culture\\\/la-tunisie-aux-tunisiens-quand-latifa-arfoui-cree-la-polemique-sur-scene\\\/215532\\\/\",\"name\":\"La Tunisie aux Tunisiens ! Quand Latifa Arfaoui cr\u00e9e la pol\u00e9mique sur sc\u00e8ne\",\"isPartOf\":{\"@id\":\"https:\\\/\\\/www.webdo.tn\\\/fr\\\/#website\"},\"primaryImageOfPage\":{\"@id\":\"https:\\\/\\\/www.webdo.tn\\\/fr\\\/actualite\\\/culture\\\/la-tunisie-aux-tunisiens-quand-latifa-arfoui-cree-la-polemique-sur-scene\\\/215532\\\/#primaryimage\"},\"image\":{\"@id\":\"https:\\\/\\\/www.webdo.tn\\\/fr\\\/actualite\\\/culture\\\/la-tunisie-aux-tunisiens-quand-latifa-arfoui-cree-la-polemique-sur-scene\\\/215532\\\/#primaryimage\"},\"thumbnailUrl\":\"https:\\\/\\\/www.webdo.tn\\\/fr\\\/wp-content\\\/uploads\\\/2024\\\/07\\\/c6fcb52b73ff157da3a6f9e1c96c63a3.webp\",\"datePublished\":\"2024-07-29T10:43:00+00:00\",\"dateModified\":\"2025-05-20T22:35:23+00:00\",\"description\":\"En pleine performance, Latifa Arfaoui a \u00e9voqu\u00e9 la situation de la migration des Subsahariens en Tunisie, affirmant que \u00ab La Tunisie sera aux seulement aux Tunis...\",\"breadcrumb\":{\"@id\":\"https:\\\/\\\/www.webdo.tn\\\/fr\\\/actualite\\\/culture\\\/la-tunisie-aux-tunisiens-quand-latifa-arfoui-cree-la-polemique-sur-scene\\\/215532\\\/#breadcrumb\"},\"inLanguage\":\"fr-FR\",\"potentialAction\":[{\"@type\":\"ReadAction\",\"target\":[\"https:\\\/\\\/www.webdo.tn\\\/fr\\\/actualite\\\/culture\\\/la-tunisie-aux-tunisiens-quand-latifa-arfoui-cree-la-polemique-sur-scene\\\/215532\\\/\"]}]},{\"@type\":\"ImageObject\",\"inLanguage\":\"fr-FR\",\"@id\":\"https:\\\/\\\/www.webdo.tn\\\/fr\\\/actualite\\\/culture\\\/la-tunisie-aux-tunisiens-quand-latifa-arfoui-cree-la-polemique-sur-scene\\\/215532\\\/#primaryimage\",\"url\":\"https:\\\/\\\/www.webdo.tn\\\/fr\\\/wp-content\\\/uploads\\\/2024\\\/07\\\/c6fcb52b73ff157da3a6f9e1c96c63a3.webp\",\"contentUrl\":\"https:\\\/\\\/www.webdo.tn\\\/fr\\\/wp-content\\\/uploads\\\/2024\\\/07\\\/c6fcb52b73ff157da3a6f9e1c96c63a3.webp\",\"width\":670,\"height\":357,\"caption\":\"La Tunisie aux Tunisiens ! Quand Latifa Arfaoui cr\u00e9e la pol\u00e9mique sur sc\u00e8ne\"},{\"@type\":\"BreadcrumbList\",\"@id\":\"https:\\\/\\\/www.webdo.tn\\\/fr\\\/actualite\\\/culture\\\/la-tunisie-aux-tunisiens-quand-latifa-arfoui-cree-la-polemique-sur-scene\\\/215532\\\/#breadcrumb\",\"itemListElement\":[{\"@type\":\"ListItem\",\"position\":1,\"name\":\"Accueil\",\"item\":\"https:\\\/\\\/www.webdo.tn\\\/fr\\\/\"},{\"@type\":\"ListItem\",\"position\":2,\"name\":\"La Tunisie aux Tunisiens ! Quand Latifa Arfaoui cr\u00e9e la pol\u00e9mique sur sc\u00e8ne\"}]},{\"@type\":\"WebSite\",\"@id\":\"https:\\\/\\\/www.webdo.tn\\\/fr\\\/#website\",\"url\":\"https:\\\/\\\/www.webdo.tn\\\/fr\\\/\",\"name\":\"webdo\",\"description\":\"Tunisie - News en Tunisie et \u00e0 l&#039;international sur Webdo.tn\",\"publisher\":{\"@id\":\"https:\\\/\\\/www.webdo.tn\\\/fr\\\/#organization\"},\"potentialAction\":[{\"@type\":\"SearchAction\",\"target\":{\"@type\":\"EntryPoint\",\"urlTemplate\":\"https:\\\/\\\/www.webdo.tn\\\/fr\\\/?s={search_term_string}\"},\"query-input\":{\"@type\":\"PropertyValueSpecification\",\"valueRequired\":true,\"valueName\":\"search_term_string\"}}],\"inLanguage\":\"fr-FR\"},{\"@type\":\"Organization\",\"@id\":\"https:\\\/\\\/www.webdo.tn\\\/fr\\\/#organization\",\"name\":\"Webdo\",\"alternateName\":\"Webdo.tn\",\"url\":\"https:\\\/\\\/www.webdo.tn\\\/fr\\\/\",\"logo\":{\"@type\":\"ImageObject\",\"inLanguage\":\"fr-FR\",\"@id\":\"https:\\\/\\\/www.webdo.tn\\\/fr\\\/#\\\/schema\\\/logo\\\/image\\\/\",\"url\":\"https:\\\/\\\/www.webdo.tn\\\/fr\\\/wp-content\\\/uploads\\\/2025\\\/06\\\/Webdo-Tunisie_168377.jpg\",\"contentUrl\":\"https:\\\/\\\/www.webdo.tn\\\/fr\\\/wp-content\\\/uploads\\\/2025\\\/06\\\/Webdo-Tunisie_168377.jpg\",\"width\":301,\"height\":301,\"caption\":\"Webdo\"},\"image\":{\"@id\":\"https:\\\/\\\/www.webdo.tn\\\/fr\\\/#\\\/schema\\\/logo\\\/image\\\/\"},\"sameAs\":[\"https:\\\/\\\/www.facebook.com\\\/webdotn\",\"https:\\\/\\\/x.com\\\/webdo_tn\"],\"description\":\"Webdo est un m\u00e9dia num\u00e9rique tunisien fond\u00e9 en 2010, sp\u00e9cialis\u00e9 dans l\u2019actualit\u00e9 nationale et internationale, l\u2019\u00e9conomie, la soci\u00e9t\u00e9 et les analyses politiques. Le site s\u2019adresse \u00e0 un large public francophone et couvre l\u2019information tunisienne en temps r\u00e9el.\",\"email\":\"redac@webdo.tn\",\"legalName\":\"YNJ SARL\",\"foundingDate\":\"2010-09-06\",\"numberOfEmployees\":{\"@type\":\"QuantitativeValue\",\"minValue\":\"11\",\"maxValue\":\"50\"}},{\"@type\":\"Person\",\"@id\":\"https:\\\/\\\/www.webdo.tn\\\/fr\\\/#\\\/schema\\\/person\\\/f35b42a42c5e2511bbd282959d6385cc\",\"name\":\"CL\",\"image\":{\"@type\":\"ImageObject\",\"inLanguage\":\"fr-FR\",\"@id\":\"https:\\\/\\\/secure.gravatar.com\\\/avatar\\\/1447a49909b67aa657c488aec6512e1dd6143a480c1ecfee9b5b5cd74eb3b59e?s=96&d=mm&r=g\",\"url\":\"https:\\\/\\\/secure.gravatar.com\\\/avatar\\\/1447a49909b67aa657c488aec6512e1dd6143a480c1ecfee9b5b5cd74eb3b59e?s=96&d=mm&r=g\",\"contentUrl\":\"https:\\\/\\\/secure.gravatar.com\\\/avatar\\\/1447a49909b67aa657c488aec6512e1dd6143a480c1ecfee9b5b5cd74eb3b59e?s=96&d=mm&r=g\",\"caption\":\"CL\"},\"url\":\"https:\\\/\\\/www.webdo.tn\\\/fr\\\/actualite\\\/author\\\/cl\\\/\"}]}<\/script>\n<!-- \/ Yoast SEO Premium plugin. -->","yoast_head_json":{"title":"La Tunisie aux Tunisiens ! Quand Latifa Arfaoui cr\u00e9e la pol\u00e9mique sur sc\u00e8ne","description":"En pleine performance, Latifa Arfaoui a \u00e9voqu\u00e9 la situation de la migration des Subsahariens en Tunisie, affirmant que \u00ab La Tunisie sera aux seulement aux Tunis...","canonical":"https:\/\/www.webdo.tn\/fr\/actualite\/culture\/la-tunisie-aux-tunisiens-quand-latifa-arfoui-cree-la-polemique-sur-scene\/215532\/","og_locale":"fr_FR","og_type":"article","og_title":"La Tunisie aux Tunisiens ! Quand Latifa Arfaoui cr\u00e9e la pol\u00e9mique sur sc\u00e8ne","og_description":"En pleine performance, Latifa Arfaoui a \u00e9voqu\u00e9 la situation de la migration des Subsahariens en Tunisie, affirmant que \u00ab La Tunisie sera aux seulement aux Tunis...","og_url":"https:\/\/www.webdo.tn\/fr\/actualite\/culture\/la-tunisie-aux-tunisiens-quand-latifa-arfoui-cree-la-polemique-sur-scene\/215532\/","og_site_name":"webdo","article_publisher":"https:\/\/www.facebook.com\/webdotn","article_published_time":"2024-07-29T10:43:00+00:00","article_modified_time":"2025-05-20T22:35:23+00:00","og_image":[{"width":670,"height":357,"url":"https:\/\/www.webdo.tn\/fr\/wp-content\/uploads\/2024\/07\/c6fcb52b73ff157da3a6f9e1c96c63a3.webp","type":"image\/webp"}],"author":"CL","twitter_card":"summary_large_image","twitter_creator":"@webdo_tn","twitter_site":"@webdo_tn","twitter_misc":{"\u00c9crit par":"CL","Dur\u00e9e de lecture estim\u00e9e":"1 minute"},"schema":{"@context":"https:\/\/schema.org","@graph":[{"@type":"NewsArticle","@id":"https:\/\/www.webdo.tn\/fr\/actualite\/culture\/la-tunisie-aux-tunisiens-quand-latifa-arfoui-cree-la-polemique-sur-scene\/215532\/#article","isPartOf":{"@id":"https:\/\/www.webdo.tn\/fr\/actualite\/culture\/la-tunisie-aux-tunisiens-quand-latifa-arfoui-cree-la-polemique-sur-scene\/215532\/"},"author":{"name":"CL","@id":"https:\/\/www.webdo.tn\/fr\/#\/schema\/person\/f35b42a42c5e2511bbd282959d6385cc"},"headline":"La Tunisie aux Tunisiens ! Quand Latifa Arfaoui cr\u00e9e la pol\u00e9mique sur sc\u00e8ne","datePublished":"2024-07-29T10:43:00+00:00","dateModified":"2025-05-20T22:35:23+00:00","mainEntityOfPage":{"@id":"https:\/\/www.webdo.tn\/fr\/actualite\/culture\/la-tunisie-aux-tunisiens-quand-latifa-arfoui-cree-la-polemique-sur-scene\/215532\/"},"wordCount":247,"commentCount":0,"publisher":{"@id":"https:\/\/www.webdo.tn\/fr\/#organization"},"image":{"@id":"https:\/\/www.webdo.tn\/fr\/actualite\/culture\/la-tunisie-aux-tunisiens-quand-latifa-arfoui-cree-la-polemique-sur-scene\/215532\/#primaryimage"},"thumbnailUrl":"https:\/\/www.webdo.tn\/fr\/wp-content\/uploads\/2024\/07\/c6fcb52b73ff157da3a6f9e1c96c63a3.webp","keywords":["culture","Latifa Arfaoui","pol\u00e9mique","Tunisie"],"articleSection":["Culture"],"inLanguage":"fr-FR"},{"@type":"WebPage","@id":"https:\/\/www.webdo.tn\/fr\/actualite\/culture\/la-tunisie-aux-tunisiens-quand-latifa-arfoui-cree-la-polemique-sur-scene\/215532\/","url":"https:\/\/www.webdo.tn\/fr\/actualite\/culture\/la-tunisie-aux-tunisiens-quand-latifa-arfoui-cree-la-polemique-sur-scene\/215532\/","name":"La Tunisie aux Tunisiens ! Quand Latifa Arfaoui cr\u00e9e la pol\u00e9mique sur sc\u00e8ne","isPartOf":{"@id":"https:\/\/www.webdo.tn\/fr\/#website"},"primaryImageOfPage":{"@id":"https:\/\/www.webdo.tn\/fr\/actualite\/culture\/la-tunisie-aux-tunisiens-quand-latifa-arfoui-cree-la-polemique-sur-scene\/215532\/#primaryimage"},"image":{"@id":"https:\/\/www.webdo.tn\/fr\/actualite\/culture\/la-tunisie-aux-tunisiens-quand-latifa-arfoui-cree-la-polemique-sur-scene\/215532\/#primaryimage"},"thumbnailUrl":"https:\/\/www.webdo.tn\/fr\/wp-content\/uploads\/2024\/07\/c6fcb52b73ff157da3a6f9e1c96c63a3.webp","datePublished":"2024-07-29T10:43:00+00:00","dateModified":"2025-05-20T22:35:23+00:00","description":"En pleine performance, Latifa Arfaoui a \u00e9voqu\u00e9 la situation de la migration des Subsahariens en Tunisie, affirmant que \u00ab La Tunisie sera aux seulement aux Tunis...","breadcrumb":{"@id":"https:\/\/www.webdo.tn\/fr\/actualite\/culture\/la-tunisie-aux-tunisiens-quand-latifa-arfoui-cree-la-polemique-sur-scene\/215532\/#breadcrumb"},"inLanguage":"fr-FR","potentialAction":[{"@type":"ReadAction","target":["https:\/\/www.webdo.tn\/fr\/actualite\/culture\/la-tunisie-aux-tunisiens-quand-latifa-arfoui-cree-la-polemique-sur-scene\/215532\/"]}]},{"@type":"ImageObject","inLanguage":"fr-FR","@id":"https:\/\/www.webdo.tn\/fr\/actualite\/culture\/la-tunisie-aux-tunisiens-quand-latifa-arfoui-cree-la-polemique-sur-scene\/215532\/#primaryimage","url":"https:\/\/www.webdo.tn\/fr\/wp-content\/uploads\/2024\/07\/c6fcb52b73ff157da3a6f9e1c96c63a3.webp","contentUrl":"https:\/\/www.webdo.tn\/fr\/wp-content\/uploads\/2024\/07\/c6fcb52b73ff157da3a6f9e1c96c63a3.webp","width":670,"height":357,"caption":"La Tunisie aux Tunisiens ! Quand Latifa Arfaoui cr\u00e9e la pol\u00e9mique sur sc\u00e8ne"},{"@type":"BreadcrumbList","@id":"https:\/\/www.webdo.tn\/fr\/actualite\/culture\/la-tunisie-aux-tunisiens-quand-latifa-arfoui-cree-la-polemique-sur-scene\/215532\/#breadcrumb","itemListElement":[{"@type":"ListItem","position":1,"name":"Accueil","item":"https:\/\/www.webdo.tn\/fr\/"},{"@type":"ListItem","position":2,"name":"La Tunisie aux Tunisiens ! Quand Latifa Arfaoui cr\u00e9e la pol\u00e9mique sur sc\u00e8ne"}]},{"@type":"WebSite","@id":"https:\/\/www.webdo.tn\/fr\/#website","url":"https:\/\/www.webdo.tn\/fr\/","name":"webdo","description":"Tunisie - News en Tunisie et \u00e0 l&#039;international sur Webdo.tn","publisher":{"@id":"https:\/\/www.webdo.tn\/fr\/#organization"},"potentialAction":[{"@type":"SearchAction","target":{"@type":"EntryPoint","urlTemplate":"https:\/\/www.webdo.tn\/fr\/?s={search_term_string}"},"query-input":{"@type":"PropertyValueSpecification","valueRequired":true,"valueName":"search_term_string"}}],"inLanguage":"fr-FR"},{"@type":"Organization","@id":"https:\/\/www.webdo.tn\/fr\/#organization","name":"Webdo","alternateName":"Webdo.tn","url":"https:\/\/www.webdo.tn\/fr\/","logo":{"@type":"ImageObject","inLanguage":"fr-FR","@id":"https:\/\/www.webdo.tn\/fr\/#\/schema\/logo\/image\/","url":"https:\/\/www.webdo.tn\/fr\/wp-content\/uploads\/2025\/06\/Webdo-Tunisie_168377.jpg","contentUrl":"https:\/\/www.webdo.tn\/fr\/wp-content\/uploads\/2025\/06\/Webdo-Tunisie_168377.jpg","width":301,"height":301,"caption":"Webdo"},"image":{"@id":"https:\/\/www.webdo.tn\/fr\/#\/schema\/logo\/image\/"},"sameAs":["https:\/\/www.facebook.com\/webdotn","https:\/\/x.com\/webdo_tn"],"description":"Webdo est un m\u00e9dia num\u00e9rique tunisien fond\u00e9 en 2010, sp\u00e9cialis\u00e9 dans l\u2019actualit\u00e9 nationale et internationale, l\u2019\u00e9conomie, la soci\u00e9t\u00e9 et les analyses politiques. Le site s\u2019adresse \u00e0 un large public francophone et couvre l\u2019information tunisienne en temps r\u00e9el.","email":"redac@webdo.tn","legalName":"YNJ SARL","foundingDate":"2010-09-06","numberOfEmployees":{"@type":"QuantitativeValue","minValue":"11","maxValue":"50"}},{"@type":"Person","@id":"https:\/\/www.webdo.tn\/fr\/#\/schema\/person\/f35b42a42c5e2511bbd282959d6385cc","name":"CL","image":{"@type":"ImageObject","inLanguage":"fr-FR","@id":"https:\/\/secure.gravatar.com\/avatar\/1447a49909b67aa657c488aec6512e1dd6143a480c1ecfee9b5b5cd74eb3b59e?s=96&d=mm&r=g","url":"https:\/\/secure.gravatar.com\/avatar\/1447a49909b67aa657c488aec6512e1dd6143a480c1ecfee9b5b5cd74eb3b59e?s=96&d=mm&r=g","contentUrl":"https:\/\/secure.gravatar.com\/avatar\/1447a49909b67aa657c488aec6512e1dd6143a480c1ecfee9b5b5cd74eb3b59e?s=96&d=mm&r=g","caption":"CL"},"url":"https:\/\/www.webdo.tn\/fr\/actualite\/author\/cl\/"}]}},"_links":{"self":[{"href":"https:\/\/www.webdo.tn\/fr\/wp-json\/wp\/v2\/posts\/215532","targetHints":{"allow":["GET"]}}],"collection":[{"href":"https:\/\/www.webdo.tn\/fr\/wp-json\/wp\/v2\/posts"}],"about":[{"href":"https:\/\/www.webdo.tn\/fr\/wp-json\/wp\/v2\/types\/post"}],"author":[{"embeddable":true,"href":"https:\/\/www.webdo.tn\/fr\/wp-json\/wp\/v2\/users\/3175"}],"replies":[{"embeddable":true,"href":"https:\/\/www.webdo.tn\/fr\/wp-json\/wp\/v2\/comments?post=215532"}],"version-history":[{"count":0,"href":"https:\/\/www.webdo.tn\/fr\/wp-json\/wp\/v2\/posts\/215532\/revisions"}],"wp:featuredmedia":[{"embeddable":true,"href":"https:\/\/www.webdo.tn\/fr\/wp-json\/wp\/v2\/media\/246892"}],"wp:attachment":[{"href":"https:\/\/www.webdo.tn\/fr\/wp-json\/wp\/v2\/media?parent=215532"}],"wp:term":[{"taxonomy":"category","embeddable":true,"href":"https:\/\/www.webdo.tn\/fr\/wp-json\/wp\/v2\/categories?post=215532"},{"taxonomy":"post_tag","embeddable":true,"href":"https:\/\/www.webdo.tn\/fr\/wp-json\/wp\/v2\/tags?post=215532"}],"curies":[{"name":"wp","href":"https:\/\/api.w.org\/{rel}","templated":true}]}}