{"id":215531,"date":"2024-07-29T10:27:00","date_gmt":"2024-07-29T10:27:00","guid":{"rendered":"https:\/\/www.webdo.tn\/fr\/blog\/par-dela-les-montagnes-de-mohamed-ben-attia-sur-netflix\/215531\/"},"modified":"2025-05-21T08:55:36","modified_gmt":"2025-05-21T08:55:36","slug":"par-dela-les-montagnes-de-mohamed-ben-attia-sur-netflix","status":"publish","type":"post","link":"https:\/\/www.webdo.tn\/fr\/actualite\/culture\/par-dela-les-montagnes-de-mohamed-ben-attia-sur-netflix\/215531\/","title":{"rendered":"\u00ab\u00a0Par-del\u00e0 les montagnes\u00a0\u00bb de Mohamed Ben Attia sur Netflix"},"content":{"rendered":"<div class=\"single-body entry-content typography-copy\" itemprop=\"articleBody\">\n<p style=\"font-weight: bold; text-align: justify\">\n\t\t\t\t\t\t\t\t\t\u00ab\u00a0Par-del\u00e0 les montagnes\u00a0\u00bb de Mohamed Ben Attia sur Netflix\n\t\t\t\t\t\t\t\t<\/p>\n<div class=\"coprs\" style=\"text-align: center\"><\/div>\n<div class=\"coprs\" style=\"text-align: justify\">\n<p><span><span>Netflix MENA a r\u00e9cemment mis en ligne le dernier film du r\u00e9alisateur tunisien Mohamed Ben Attia, <em>Par-del\u00e0 les montagnes<\/em>. Ce long-m\u00e9trage, \u00e9crit et r\u00e9alis\u00e9 par Ben Attia, marque un tournant important dans la carri\u00e8re de ce cin\u00e9aste talentueux, <a href=\"https:\/\/www.webdo.tn\/fr\/actualite\/culture\/cinema-arabe-a-conquete-public-europeen\/199619\">d\u00e9j\u00e0 salu\u00e9 pour son premier film <em>H\u00e9di, un vent de libert\u00e9<span>\/Nhebek Hedi<\/span><\/em> (2016), r\u00e9compens\u00e9 du Prix du Meilleur Premier Film au Festival international du film de Berlin.<\/a><\/span><\/span><\/p>\n<p><span><span><em>Par-del\u00e0 les montagnes<\/em> raconte l\u2019histoire poignante de Rafik et de son fils. Rafik, un homme d\u2019apparence ordinaire, semblait avoir tout pour lui. Jusqu\u2019\u00e0 sa condamnation \u00e0 quatre ans de prison pour un acc\u00e8s de folie que son entourage ne parvient pas \u00e0 expliquer. \u00c0 sa sortie, il d\u00e9cide d\u2019enlever son enfant et de l\u2019emmener dans les montagnes pour lui r\u00e9v\u00e9ler son incroyable secret : il est convaincu d&rsquo;avoir le don extraordinaire de voler. Malgr\u00e9 le scepticisme de sa femme et l\u2019opposition de ses beaux-parents, Rafik bouscule la routine scolaire de son fils et l\u2019emm\u00e8ne loin. Durant leur aventure, ils croisent la route d\u2019un berger et trouvent refuge dans une maison de campagne, o\u00f9 les \u00e9v\u00e9nements prennent une tournure inattendue.<\/span><\/span><\/p>\n<p><span><span>Le film r\u00e9unit un casting impressionnant, comprenant notamment Majd Mastoura, Samer Bisharat, Walid Bouchhioua, Salma Zeghidi et Helmi Dridi. Majd Mastoura, qui tient le r\u00f4le principal, avait remport\u00e9 l&rsquo;Ours d&rsquo;argent du meilleur acteur en 2016 pour son interpr\u00e9tation remarquable dans <em>H\u00e9di, un vent de libert\u00e9,<\/em> \u00e9galement r\u00e9alis\u00e9 par Mohamed Ben Attia.<\/span><\/span><br \/>\n\u00a0<\/p>\n<p><span><span>La photographie du film est sign\u00e9e Fr\u00e9d\u00e9ric Noirhomme, tandis que le montage a \u00e9t\u00e9 r\u00e9alis\u00e9 par Lenka Fillnerova. La production est le fruit d&rsquo;une collaboration entre plusieurs producteurs \u00e9minents, notamment Dora Bouchoucha et Lina Chaabane (Nomadis Images), Jean-Pierre et Luc Dardenne ainsi que Delphine Tomson (Les Films du Fleuve), Nadim Cheikhrouha (Tanit Films), et Giovanni Robbiano et Lorenzo Rappetti (010films).<\/span><\/span><\/p>\n<p>\u00a0<\/p>\n<p><img decoding=\"async\" alt=\"\" height=\"1200\" src=\"\/assets\/uploads\/images\/\/Neila\/Les%20ordinaires.jpg\" width=\"900\"><\/p>\n<p>\u00a0<\/p>\n<p><span><span><em>Par-del\u00e0 les montagnes<\/em> a b\u00e9n\u00e9fici\u00e9 du soutien du Red Sea Fund, remportant les financements pour la production et la post-production en 2021 et 2022. Mohamed Ben Attia, \u00e9galement instructeur au Red Sea Lodge, continue de briller sur la sc\u00e8ne internationale avec ce nouveau projet ambitieux.<\/span><\/span><\/p>\n<p><span><span><a href=\"https:\/\/www.webdo.tn\/fr\/actualite\/culture\/behind-the-mountains-de-mohamed-ben-attia-a-la-mostra-de-venise\/207500\">Pr\u00e9sent\u00e9 pour la premi\u00e8re fois au Festival de Venise, dans la section \u00ab\u00a0Horizons<\/a>\u00ab\u00a0,\u00a0<em>Par-del\u00e0 les montagnes\u00a0<\/em>a, depuis, \u00e9t\u00e9 s\u00e9lectionn\u00e9 dans plusieurs festivals internationaux renomm\u00e9s, tels que le Red Sea Film Festival, le Festival International du Film de Marrakech et <a href=\"https:\/\/www.webdo.tn\/fr\/actualite\/culture\/deux-prix-pour-par-dela-les-montagnes-de-mohamed-ben-attia-au-festival-du-film-africain-de-louxor\/212321\">le Festival du Film Africain de Louxor o\u00f9 il a remport\u00e9 deux prix : le Prix du Jury (ex \u00e6quo) et le Prix du Meilleur acteur pour Majd Mastoura, qui y joue le r\u00f4le principal.<\/a><\/span><\/span><\/p>\n<p><span><span>La distribution mondiale du film est assur\u00e9e par Luxbox, tandis que MAD Solutions g\u00e8re les ventes pour le monde arabe. <\/span><\/span><\/p>\n<p><span><span>Avec cette nouvelle sortie, Mohamed Ben Attia poursuit son exploration de th\u00e8mes profond\u00e9ment humains et captive les spectateurs par son style unique et sa narration \u00e9motive.<\/p>\n<p><strong>Ne\u00efla Driss<\/strong><\/span><\/span><\/p>\n<\/p><\/div>\n<div class=\"coprs\" style=\"text-align: center\"><\/div><\/div>\n","protected":false},"excerpt":{"rendered":"<p>\u00ab\u00a0Par-del\u00e0 les montagnes\u00a0\u00bb de Mohamed Ben Attia sur Netflix<\/p>\n","protected":false},"author":3164,"featured_media":246890,"comment_status":"open","ping_status":"closed","sticky":false,"template":"","format":"standard","meta":{"footnotes":""},"categories":[2594],"tags":[6037,2656,2655,6040,6038,6036,6039],"class_list":["post-215531","post","type-post","status-publish","format-standard","has-post-thumbnail","hentry","category-culture","tag-behind-the-mountains","tag-cinema-tunisien","tag-film","tag-majd-mastoura","tag-mohamed-ben-attia","tag-netflix","tag-par-dela-les-montagnes"],"yoast_head":"<!-- This site is optimized with the Yoast SEO Premium plugin v27.5 (Yoast SEO v27.5) - https:\/\/yoast.com\/product\/yoast-seo-premium-wordpress\/ -->\n<title>\u00ab\u00a0Par-del\u00e0 les montagnes\u00a0\u00bb de Mohamed Ben Attia sur Netflix<\/title>\n<meta name=\"description\" content=\"\u00ab\u00a0Par-del\u00e0 les montagnes\u00a0\u00bb de Mohamed Ben Attia sur Netflix\" \/>\n<link rel=\"canonical\" href=\"https:\/\/www.webdo.tn\/fr\/actualite\/culture\/par-dela-les-montagnes-de-mohamed-ben-attia-sur-netflix\/215531\/\" \/>\n<meta property=\"og:locale\" content=\"fr_FR\" \/>\n<meta property=\"og:type\" content=\"article\" \/>\n<meta property=\"og:title\" content=\"\u00ab\u00a0Par-del\u00e0 les montagnes\u00a0\u00bb de Mohamed Ben Attia sur Netflix\" \/>\n<meta property=\"og:description\" content=\"\u00ab\u00a0Par-del\u00e0 les montagnes\u00a0\u00bb de Mohamed Ben Attia sur Netflix\" \/>\n<meta property=\"og:url\" content=\"https:\/\/www.webdo.tn\/fr\/actualite\/culture\/par-dela-les-montagnes-de-mohamed-ben-attia-sur-netflix\/215531\/\" \/>\n<meta property=\"og:site_name\" content=\"webdo\" \/>\n<meta property=\"article:publisher\" content=\"https:\/\/www.facebook.com\/webdotn\" \/>\n<meta property=\"article:author\" content=\"https:\/\/www.facebook.com\/massir.destiniii\/\" \/>\n<meta property=\"article:published_time\" content=\"2024-07-29T10:27:00+00:00\" \/>\n<meta property=\"article:modified_time\" content=\"2025-05-21T08:55:36+00:00\" \/>\n<meta property=\"og:image\" content=\"https:\/\/www.webdo.tn\/fr\/wp-content\/uploads\/2024\/07\/0810e6c7dd7c33bb2d6e5ee30aed3efd.webp\" \/>\n\t<meta property=\"og:image:width\" content=\"628\" \/>\n\t<meta property=\"og:image:height\" content=\"335\" \/>\n\t<meta property=\"og:image:type\" content=\"image\/webp\" \/>\n<meta name=\"author\" content=\"Ne\u00efla DRISS\" \/>\n<meta name=\"twitter:card\" content=\"summary_large_image\" \/>\n<meta name=\"twitter:creator\" content=\"@https:\/\/x.com\/MassirDestin\" \/>\n<meta name=\"twitter:site\" content=\"@webdo_tn\" \/>\n<meta name=\"twitter:label1\" content=\"\u00c9crit par\" \/>\n\t<meta name=\"twitter:data1\" content=\"Ne\u00efla DRISS\" \/>\n\t<meta name=\"twitter:label2\" content=\"Dur\u00e9e de lecture estim\u00e9e\" \/>\n\t<meta name=\"twitter:data2\" content=\"3 minutes\" \/>\n<script type=\"application\/ld+json\" class=\"yoast-schema-graph\">{\"@context\":\"https:\\\/\\\/schema.org\",\"@graph\":[{\"@type\":\"NewsArticle\",\"@id\":\"https:\\\/\\\/www.webdo.tn\\\/fr\\\/actualite\\\/culture\\\/par-dela-les-montagnes-de-mohamed-ben-attia-sur-netflix\\\/215531\\\/#article\",\"isPartOf\":{\"@id\":\"https:\\\/\\\/www.webdo.tn\\\/fr\\\/actualite\\\/culture\\\/par-dela-les-montagnes-de-mohamed-ben-attia-sur-netflix\\\/215531\\\/\"},\"author\":{\"name\":\"Ne\u00efla DRISS\",\"@id\":\"https:\\\/\\\/www.webdo.tn\\\/fr\\\/#\\\/schema\\\/person\\\/60d5ba619ed3f58783b0dc82b7dada80\"},\"headline\":\"\u00ab\u00a0Par-del\u00e0 les montagnes\u00a0\u00bb de Mohamed Ben Attia sur Netflix\",\"datePublished\":\"2024-07-29T10:27:00+00:00\",\"dateModified\":\"2025-05-21T08:55:36+00:00\",\"mainEntityOfPage\":{\"@id\":\"https:\\\/\\\/www.webdo.tn\\\/fr\\\/actualite\\\/culture\\\/par-dela-les-montagnes-de-mohamed-ben-attia-sur-netflix\\\/215531\\\/\"},\"wordCount\":521,\"commentCount\":0,\"publisher\":{\"@id\":\"https:\\\/\\\/www.webdo.tn\\\/fr\\\/#organization\"},\"image\":{\"@id\":\"https:\\\/\\\/www.webdo.tn\\\/fr\\\/actualite\\\/culture\\\/par-dela-les-montagnes-de-mohamed-ben-attia-sur-netflix\\\/215531\\\/#primaryimage\"},\"thumbnailUrl\":\"https:\\\/\\\/www.webdo.tn\\\/fr\\\/wp-content\\\/uploads\\\/2024\\\/07\\\/0810e6c7dd7c33bb2d6e5ee30aed3efd.webp\",\"keywords\":[\"Behind the mountains\",\"cin\u00e9ma tunisien\",\"Film\",\"Majd Mastoura\",\"Mohamed Ben Attia\",\"Netflix\",\"Par del\u00e0 les montagnes\"],\"articleSection\":[\"Culture\"],\"inLanguage\":\"fr-FR\"},{\"@type\":\"WebPage\",\"@id\":\"https:\\\/\\\/www.webdo.tn\\\/fr\\\/actualite\\\/culture\\\/par-dela-les-montagnes-de-mohamed-ben-attia-sur-netflix\\\/215531\\\/\",\"url\":\"https:\\\/\\\/www.webdo.tn\\\/fr\\\/actualite\\\/culture\\\/par-dela-les-montagnes-de-mohamed-ben-attia-sur-netflix\\\/215531\\\/\",\"name\":\"\u00ab\u00a0Par-del\u00e0 les montagnes\u00a0\u00bb de Mohamed Ben Attia sur Netflix\",\"isPartOf\":{\"@id\":\"https:\\\/\\\/www.webdo.tn\\\/fr\\\/#website\"},\"primaryImageOfPage\":{\"@id\":\"https:\\\/\\\/www.webdo.tn\\\/fr\\\/actualite\\\/culture\\\/par-dela-les-montagnes-de-mohamed-ben-attia-sur-netflix\\\/215531\\\/#primaryimage\"},\"image\":{\"@id\":\"https:\\\/\\\/www.webdo.tn\\\/fr\\\/actualite\\\/culture\\\/par-dela-les-montagnes-de-mohamed-ben-attia-sur-netflix\\\/215531\\\/#primaryimage\"},\"thumbnailUrl\":\"https:\\\/\\\/www.webdo.tn\\\/fr\\\/wp-content\\\/uploads\\\/2024\\\/07\\\/0810e6c7dd7c33bb2d6e5ee30aed3efd.webp\",\"datePublished\":\"2024-07-29T10:27:00+00:00\",\"dateModified\":\"2025-05-21T08:55:36+00:00\",\"description\":\"\u00ab\u00a0Par-del\u00e0 les montagnes\u00a0\u00bb de Mohamed Ben Attia sur Netflix\",\"breadcrumb\":{\"@id\":\"https:\\\/\\\/www.webdo.tn\\\/fr\\\/actualite\\\/culture\\\/par-dela-les-montagnes-de-mohamed-ben-attia-sur-netflix\\\/215531\\\/#breadcrumb\"},\"inLanguage\":\"fr-FR\",\"potentialAction\":[{\"@type\":\"ReadAction\",\"target\":[\"https:\\\/\\\/www.webdo.tn\\\/fr\\\/actualite\\\/culture\\\/par-dela-les-montagnes-de-mohamed-ben-attia-sur-netflix\\\/215531\\\/\"]}]},{\"@type\":\"ImageObject\",\"inLanguage\":\"fr-FR\",\"@id\":\"https:\\\/\\\/www.webdo.tn\\\/fr\\\/actualite\\\/culture\\\/par-dela-les-montagnes-de-mohamed-ben-attia-sur-netflix\\\/215531\\\/#primaryimage\",\"url\":\"https:\\\/\\\/www.webdo.tn\\\/fr\\\/wp-content\\\/uploads\\\/2024\\\/07\\\/0810e6c7dd7c33bb2d6e5ee30aed3efd.webp\",\"contentUrl\":\"https:\\\/\\\/www.webdo.tn\\\/fr\\\/wp-content\\\/uploads\\\/2024\\\/07\\\/0810e6c7dd7c33bb2d6e5ee30aed3efd.webp\",\"width\":628,\"height\":335,\"caption\":\"\u00ab\u00a0Par-del\u00e0 les montagnes\u00a0\u00bb de Mohamed Ben Attia sur Netflix\"},{\"@type\":\"BreadcrumbList\",\"@id\":\"https:\\\/\\\/www.webdo.tn\\\/fr\\\/actualite\\\/culture\\\/par-dela-les-montagnes-de-mohamed-ben-attia-sur-netflix\\\/215531\\\/#breadcrumb\",\"itemListElement\":[{\"@type\":\"ListItem\",\"position\":1,\"name\":\"Accueil\",\"item\":\"https:\\\/\\\/www.webdo.tn\\\/fr\\\/\"},{\"@type\":\"ListItem\",\"position\":2,\"name\":\"\u00ab\u00a0Par-del\u00e0 les montagnes\u00a0\u00bb de Mohamed Ben Attia sur Netflix\"}]},{\"@type\":\"WebSite\",\"@id\":\"https:\\\/\\\/www.webdo.tn\\\/fr\\\/#website\",\"url\":\"https:\\\/\\\/www.webdo.tn\\\/fr\\\/\",\"name\":\"webdo\",\"description\":\"Tunisie - News en Tunisie et \u00e0 l&#039;international sur Webdo.tn\",\"publisher\":{\"@id\":\"https:\\\/\\\/www.webdo.tn\\\/fr\\\/#organization\"},\"potentialAction\":[{\"@type\":\"SearchAction\",\"target\":{\"@type\":\"EntryPoint\",\"urlTemplate\":\"https:\\\/\\\/www.webdo.tn\\\/fr\\\/?s={search_term_string}\"},\"query-input\":{\"@type\":\"PropertyValueSpecification\",\"valueRequired\":true,\"valueName\":\"search_term_string\"}}],\"inLanguage\":\"fr-FR\"},{\"@type\":\"Organization\",\"@id\":\"https:\\\/\\\/www.webdo.tn\\\/fr\\\/#organization\",\"name\":\"Webdo\",\"alternateName\":\"Webdo.tn\",\"url\":\"https:\\\/\\\/www.webdo.tn\\\/fr\\\/\",\"logo\":{\"@type\":\"ImageObject\",\"inLanguage\":\"fr-FR\",\"@id\":\"https:\\\/\\\/www.webdo.tn\\\/fr\\\/#\\\/schema\\\/logo\\\/image\\\/\",\"url\":\"https:\\\/\\\/www.webdo.tn\\\/fr\\\/wp-content\\\/uploads\\\/2025\\\/06\\\/Webdo-Tunisie_168377.jpg\",\"contentUrl\":\"https:\\\/\\\/www.webdo.tn\\\/fr\\\/wp-content\\\/uploads\\\/2025\\\/06\\\/Webdo-Tunisie_168377.jpg\",\"width\":301,\"height\":301,\"caption\":\"Webdo\"},\"image\":{\"@id\":\"https:\\\/\\\/www.webdo.tn\\\/fr\\\/#\\\/schema\\\/logo\\\/image\\\/\"},\"sameAs\":[\"https:\\\/\\\/www.facebook.com\\\/webdotn\",\"https:\\\/\\\/x.com\\\/webdo_tn\"],\"description\":\"Webdo est un m\u00e9dia num\u00e9rique tunisien fond\u00e9 en 2010, sp\u00e9cialis\u00e9 dans l\u2019actualit\u00e9 nationale et internationale, l\u2019\u00e9conomie, la soci\u00e9t\u00e9 et les analyses politiques. Le site s\u2019adresse \u00e0 un large public francophone et couvre l\u2019information tunisienne en temps r\u00e9el.\",\"email\":\"redac@webdo.tn\",\"legalName\":\"YNJ SARL\",\"foundingDate\":\"2010-09-06\",\"numberOfEmployees\":{\"@type\":\"QuantitativeValue\",\"minValue\":\"11\",\"maxValue\":\"50\"}},{\"@type\":\"Person\",\"@id\":\"https:\\\/\\\/www.webdo.tn\\\/fr\\\/#\\\/schema\\\/person\\\/60d5ba619ed3f58783b0dc82b7dada80\",\"name\":\"Ne\u00efla DRISS\",\"image\":{\"@type\":\"ImageObject\",\"inLanguage\":\"fr-FR\",\"@id\":\"https:\\\/\\\/www.webdo.tn\\\/fr\\\/wp-content\\\/uploads\\\/2026\\\/04\\\/neila-driss_avatar-96x96.jpg\",\"url\":\"https:\\\/\\\/www.webdo.tn\\\/fr\\\/wp-content\\\/uploads\\\/2026\\\/04\\\/neila-driss_avatar-96x96.jpg\",\"contentUrl\":\"https:\\\/\\\/www.webdo.tn\\\/fr\\\/wp-content\\\/uploads\\\/2026\\\/04\\\/neila-driss_avatar-96x96.jpg\",\"caption\":\"Ne\u00efla DRISS\"},\"description\":\"Ne\u00efla Driss est juriste, journaliste culturelle et critique de cin\u00e9ma tunisienne. Titulaire d\u2019un DEA en droit priv\u00e9 de l\u2019Universit\u00e9 Paris II et d\u2019un DESS de l\u2019IHEC Carthage, elle d\u00e9bute sa carri\u00e8re comme juriste sp\u00e9cialis\u00e9e en gestion de patrimoine immobilier. Elle s\u2019oriente ensuite vers l\u2019\u00e9criture en ligne, o\u00f9 elle se distingue d\u00e8s 2006 aux Tunisia Blog Awards, avant de se consacrer au journalisme culturel, avec une sp\u00e9cialisation dans la critique cin\u00e9matographique. Elle couvre r\u00e9guli\u00e8rement les grands festivals internationaux, notamment le Festival de Cannes, les Journ\u00e9es Cin\u00e9matographiques de Carthage et le Festival du film du Caire. Membre de l\u2019ATPCC et de la FIPRESCI, elle participe \u00e0 des jurys et initiatives internationales de critique. Depuis 2024, elle est \u00e9lectrice internationale aux Golden Globes. Facebook : https:\\\/\\\/www.facebook.com\\\/massir.destiniii\\\/ X : https:\\\/\\\/x.com\\\/MassirDestin\",\"sameAs\":[\"https:\\\/\\\/www.facebook.com\\\/massir.destiniii\\\/\",\"https:\\\/\\\/www.instagram.com\\\/neila.driss\\\/?hl=fr\",\"https:\\\/\\\/www.linkedin.com\\\/in\\\/neila-driss-22606a80\\\/\",\"https:\\\/\\\/x.com\\\/https:\\\/\\\/x.com\\\/MassirDestin\"],\"knowsAbout\":[\"Cin\u00e9ma international\",\"critique cin\u00e9matographique\",\"festivals de cin\u00e9ma\",\"journalisme culturel\"],\"knowsLanguage\":[\"Fran\u00e7ais\",\"Arabe\",\"Anglais\"],\"jobTitle\":\"Journaliste culturelle et critique de cin\u00e9ma\",\"worksFor\":\"Webdo\",\"url\":\"https:\\\/\\\/www.webdo.tn\\\/fr\\\/actualite\\\/author\\\/neila-driss\\\/\"}]}<\/script>\n<!-- \/ Yoast SEO Premium plugin. -->","yoast_head_json":{"title":"\u00ab\u00a0Par-del\u00e0 les montagnes\u00a0\u00bb de Mohamed Ben Attia sur Netflix","description":"\u00ab\u00a0Par-del\u00e0 les montagnes\u00a0\u00bb de Mohamed Ben Attia sur Netflix","canonical":"https:\/\/www.webdo.tn\/fr\/actualite\/culture\/par-dela-les-montagnes-de-mohamed-ben-attia-sur-netflix\/215531\/","og_locale":"fr_FR","og_type":"article","og_title":"\u00ab\u00a0Par-del\u00e0 les montagnes\u00a0\u00bb de Mohamed Ben Attia sur Netflix","og_description":"\u00ab\u00a0Par-del\u00e0 les montagnes\u00a0\u00bb de Mohamed Ben Attia sur Netflix","og_url":"https:\/\/www.webdo.tn\/fr\/actualite\/culture\/par-dela-les-montagnes-de-mohamed-ben-attia-sur-netflix\/215531\/","og_site_name":"webdo","article_publisher":"https:\/\/www.facebook.com\/webdotn","article_author":"https:\/\/www.facebook.com\/massir.destiniii\/","article_published_time":"2024-07-29T10:27:00+00:00","article_modified_time":"2025-05-21T08:55:36+00:00","og_image":[{"width":628,"height":335,"url":"https:\/\/www.webdo.tn\/fr\/wp-content\/uploads\/2024\/07\/0810e6c7dd7c33bb2d6e5ee30aed3efd.webp","type":"image\/webp"}],"author":"Ne\u00efla DRISS","twitter_card":"summary_large_image","twitter_creator":"@https:\/\/x.com\/MassirDestin","twitter_site":"@webdo_tn","twitter_misc":{"\u00c9crit par":"Ne\u00efla DRISS","Dur\u00e9e de lecture estim\u00e9e":"3 minutes"},"schema":{"@context":"https:\/\/schema.org","@graph":[{"@type":"NewsArticle","@id":"https:\/\/www.webdo.tn\/fr\/actualite\/culture\/par-dela-les-montagnes-de-mohamed-ben-attia-sur-netflix\/215531\/#article","isPartOf":{"@id":"https:\/\/www.webdo.tn\/fr\/actualite\/culture\/par-dela-les-montagnes-de-mohamed-ben-attia-sur-netflix\/215531\/"},"author":{"name":"Ne\u00efla DRISS","@id":"https:\/\/www.webdo.tn\/fr\/#\/schema\/person\/60d5ba619ed3f58783b0dc82b7dada80"},"headline":"\u00ab\u00a0Par-del\u00e0 les montagnes\u00a0\u00bb de Mohamed Ben Attia sur Netflix","datePublished":"2024-07-29T10:27:00+00:00","dateModified":"2025-05-21T08:55:36+00:00","mainEntityOfPage":{"@id":"https:\/\/www.webdo.tn\/fr\/actualite\/culture\/par-dela-les-montagnes-de-mohamed-ben-attia-sur-netflix\/215531\/"},"wordCount":521,"commentCount":0,"publisher":{"@id":"https:\/\/www.webdo.tn\/fr\/#organization"},"image":{"@id":"https:\/\/www.webdo.tn\/fr\/actualite\/culture\/par-dela-les-montagnes-de-mohamed-ben-attia-sur-netflix\/215531\/#primaryimage"},"thumbnailUrl":"https:\/\/www.webdo.tn\/fr\/wp-content\/uploads\/2024\/07\/0810e6c7dd7c33bb2d6e5ee30aed3efd.webp","keywords":["Behind the mountains","cin\u00e9ma tunisien","Film","Majd Mastoura","Mohamed Ben Attia","Netflix","Par del\u00e0 les montagnes"],"articleSection":["Culture"],"inLanguage":"fr-FR"},{"@type":"WebPage","@id":"https:\/\/www.webdo.tn\/fr\/actualite\/culture\/par-dela-les-montagnes-de-mohamed-ben-attia-sur-netflix\/215531\/","url":"https:\/\/www.webdo.tn\/fr\/actualite\/culture\/par-dela-les-montagnes-de-mohamed-ben-attia-sur-netflix\/215531\/","name":"\u00ab\u00a0Par-del\u00e0 les montagnes\u00a0\u00bb de Mohamed Ben Attia sur Netflix","isPartOf":{"@id":"https:\/\/www.webdo.tn\/fr\/#website"},"primaryImageOfPage":{"@id":"https:\/\/www.webdo.tn\/fr\/actualite\/culture\/par-dela-les-montagnes-de-mohamed-ben-attia-sur-netflix\/215531\/#primaryimage"},"image":{"@id":"https:\/\/www.webdo.tn\/fr\/actualite\/culture\/par-dela-les-montagnes-de-mohamed-ben-attia-sur-netflix\/215531\/#primaryimage"},"thumbnailUrl":"https:\/\/www.webdo.tn\/fr\/wp-content\/uploads\/2024\/07\/0810e6c7dd7c33bb2d6e5ee30aed3efd.webp","datePublished":"2024-07-29T10:27:00+00:00","dateModified":"2025-05-21T08:55:36+00:00","description":"\u00ab\u00a0Par-del\u00e0 les montagnes\u00a0\u00bb de Mohamed Ben Attia sur Netflix","breadcrumb":{"@id":"https:\/\/www.webdo.tn\/fr\/actualite\/culture\/par-dela-les-montagnes-de-mohamed-ben-attia-sur-netflix\/215531\/#breadcrumb"},"inLanguage":"fr-FR","potentialAction":[{"@type":"ReadAction","target":["https:\/\/www.webdo.tn\/fr\/actualite\/culture\/par-dela-les-montagnes-de-mohamed-ben-attia-sur-netflix\/215531\/"]}]},{"@type":"ImageObject","inLanguage":"fr-FR","@id":"https:\/\/www.webdo.tn\/fr\/actualite\/culture\/par-dela-les-montagnes-de-mohamed-ben-attia-sur-netflix\/215531\/#primaryimage","url":"https:\/\/www.webdo.tn\/fr\/wp-content\/uploads\/2024\/07\/0810e6c7dd7c33bb2d6e5ee30aed3efd.webp","contentUrl":"https:\/\/www.webdo.tn\/fr\/wp-content\/uploads\/2024\/07\/0810e6c7dd7c33bb2d6e5ee30aed3efd.webp","width":628,"height":335,"caption":"\u00ab\u00a0Par-del\u00e0 les montagnes\u00a0\u00bb de Mohamed Ben Attia sur Netflix"},{"@type":"BreadcrumbList","@id":"https:\/\/www.webdo.tn\/fr\/actualite\/culture\/par-dela-les-montagnes-de-mohamed-ben-attia-sur-netflix\/215531\/#breadcrumb","itemListElement":[{"@type":"ListItem","position":1,"name":"Accueil","item":"https:\/\/www.webdo.tn\/fr\/"},{"@type":"ListItem","position":2,"name":"\u00ab\u00a0Par-del\u00e0 les montagnes\u00a0\u00bb de Mohamed Ben Attia sur Netflix"}]},{"@type":"WebSite","@id":"https:\/\/www.webdo.tn\/fr\/#website","url":"https:\/\/www.webdo.tn\/fr\/","name":"webdo","description":"Tunisie - News en Tunisie et \u00e0 l&#039;international sur Webdo.tn","publisher":{"@id":"https:\/\/www.webdo.tn\/fr\/#organization"},"potentialAction":[{"@type":"SearchAction","target":{"@type":"EntryPoint","urlTemplate":"https:\/\/www.webdo.tn\/fr\/?s={search_term_string}"},"query-input":{"@type":"PropertyValueSpecification","valueRequired":true,"valueName":"search_term_string"}}],"inLanguage":"fr-FR"},{"@type":"Organization","@id":"https:\/\/www.webdo.tn\/fr\/#organization","name":"Webdo","alternateName":"Webdo.tn","url":"https:\/\/www.webdo.tn\/fr\/","logo":{"@type":"ImageObject","inLanguage":"fr-FR","@id":"https:\/\/www.webdo.tn\/fr\/#\/schema\/logo\/image\/","url":"https:\/\/www.webdo.tn\/fr\/wp-content\/uploads\/2025\/06\/Webdo-Tunisie_168377.jpg","contentUrl":"https:\/\/www.webdo.tn\/fr\/wp-content\/uploads\/2025\/06\/Webdo-Tunisie_168377.jpg","width":301,"height":301,"caption":"Webdo"},"image":{"@id":"https:\/\/www.webdo.tn\/fr\/#\/schema\/logo\/image\/"},"sameAs":["https:\/\/www.facebook.com\/webdotn","https:\/\/x.com\/webdo_tn"],"description":"Webdo est un m\u00e9dia num\u00e9rique tunisien fond\u00e9 en 2010, sp\u00e9cialis\u00e9 dans l\u2019actualit\u00e9 nationale et internationale, l\u2019\u00e9conomie, la soci\u00e9t\u00e9 et les analyses politiques. Le site s\u2019adresse \u00e0 un large public francophone et couvre l\u2019information tunisienne en temps r\u00e9el.","email":"redac@webdo.tn","legalName":"YNJ SARL","foundingDate":"2010-09-06","numberOfEmployees":{"@type":"QuantitativeValue","minValue":"11","maxValue":"50"}},{"@type":"Person","@id":"https:\/\/www.webdo.tn\/fr\/#\/schema\/person\/60d5ba619ed3f58783b0dc82b7dada80","name":"Ne\u00efla DRISS","image":{"@type":"ImageObject","inLanguage":"fr-FR","@id":"https:\/\/www.webdo.tn\/fr\/wp-content\/uploads\/2026\/04\/neila-driss_avatar-96x96.jpg","url":"https:\/\/www.webdo.tn\/fr\/wp-content\/uploads\/2026\/04\/neila-driss_avatar-96x96.jpg","contentUrl":"https:\/\/www.webdo.tn\/fr\/wp-content\/uploads\/2026\/04\/neila-driss_avatar-96x96.jpg","caption":"Ne\u00efla DRISS"},"description":"Ne\u00efla Driss est juriste, journaliste culturelle et critique de cin\u00e9ma tunisienne. Titulaire d\u2019un DEA en droit priv\u00e9 de l\u2019Universit\u00e9 Paris II et d\u2019un DESS de l\u2019IHEC Carthage, elle d\u00e9bute sa carri\u00e8re comme juriste sp\u00e9cialis\u00e9e en gestion de patrimoine immobilier. Elle s\u2019oriente ensuite vers l\u2019\u00e9criture en ligne, o\u00f9 elle se distingue d\u00e8s 2006 aux Tunisia Blog Awards, avant de se consacrer au journalisme culturel, avec une sp\u00e9cialisation dans la critique cin\u00e9matographique. Elle couvre r\u00e9guli\u00e8rement les grands festivals internationaux, notamment le Festival de Cannes, les Journ\u00e9es Cin\u00e9matographiques de Carthage et le Festival du film du Caire. Membre de l\u2019ATPCC et de la FIPRESCI, elle participe \u00e0 des jurys et initiatives internationales de critique. Depuis 2024, elle est \u00e9lectrice internationale aux Golden Globes. Facebook : https:\/\/www.facebook.com\/massir.destiniii\/ X : https:\/\/x.com\/MassirDestin","sameAs":["https:\/\/www.facebook.com\/massir.destiniii\/","https:\/\/www.instagram.com\/neila.driss\/?hl=fr","https:\/\/www.linkedin.com\/in\/neila-driss-22606a80\/","https:\/\/x.com\/https:\/\/x.com\/MassirDestin"],"knowsAbout":["Cin\u00e9ma international","critique cin\u00e9matographique","festivals de cin\u00e9ma","journalisme culturel"],"knowsLanguage":["Fran\u00e7ais","Arabe","Anglais"],"jobTitle":"Journaliste culturelle et critique de cin\u00e9ma","worksFor":"Webdo","url":"https:\/\/www.webdo.tn\/fr\/actualite\/author\/neila-driss\/"}]}},"_links":{"self":[{"href":"https:\/\/www.webdo.tn\/fr\/wp-json\/wp\/v2\/posts\/215531","targetHints":{"allow":["GET"]}}],"collection":[{"href":"https:\/\/www.webdo.tn\/fr\/wp-json\/wp\/v2\/posts"}],"about":[{"href":"https:\/\/www.webdo.tn\/fr\/wp-json\/wp\/v2\/types\/post"}],"author":[{"embeddable":true,"href":"https:\/\/www.webdo.tn\/fr\/wp-json\/wp\/v2\/users\/3164"}],"replies":[{"embeddable":true,"href":"https:\/\/www.webdo.tn\/fr\/wp-json\/wp\/v2\/comments?post=215531"}],"version-history":[{"count":0,"href":"https:\/\/www.webdo.tn\/fr\/wp-json\/wp\/v2\/posts\/215531\/revisions"}],"wp:featuredmedia":[{"embeddable":true,"href":"https:\/\/www.webdo.tn\/fr\/wp-json\/wp\/v2\/media\/246890"}],"wp:attachment":[{"href":"https:\/\/www.webdo.tn\/fr\/wp-json\/wp\/v2\/media?parent=215531"}],"wp:term":[{"taxonomy":"category","embeddable":true,"href":"https:\/\/www.webdo.tn\/fr\/wp-json\/wp\/v2\/categories?post=215531"},{"taxonomy":"post_tag","embeddable":true,"href":"https:\/\/www.webdo.tn\/fr\/wp-json\/wp\/v2\/tags?post=215531"}],"curies":[{"name":"wp","href":"https:\/\/api.w.org\/{rel}","templated":true}]}}