{"id":215525,"date":"2024-07-29T09:19:00","date_gmt":"2024-07-29T09:19:00","guid":{"rendered":"https:\/\/www.webdo.tn\/fr\/blog\/erdogan-menace-d-intervenir-israel-evoque-le-sort-de-saddam-hussein\/215525\/"},"modified":"2025-05-20T22:34:18","modified_gmt":"2025-05-20T22:34:18","slug":"erdogan-menace-d-intervenir-israel-evoque-le-sort-de-saddam-hussein","status":"publish","type":"post","link":"https:\/\/www.webdo.tn\/fr\/actualite\/international\/erdogan-menace-d-intervenir-israel-evoque-le-sort-de-saddam-hussein\/215525\/","title":{"rendered":"Erdogan menace d&rsquo;intervenir, Isra\u00ebl \u00e9voque le sort de Saddam Hussein"},"content":{"rendered":"<p>Le pr\u00e9sident turc Recep Tayyip Erdogan a lanc\u00e9 dimanche une mise en garde \u00e0 l&rsquo;encontre d&rsquo;Isra\u00ebl, \u00e9voquant une possible intervention militaire et comparant la situation \u00e0 l&rsquo;implication de la Turquie dans d&rsquo;autres conflits r\u00e9gionaux.<\/p>\n<p>\t\t\t\t\t\t\t\t\tLors d&rsquo;une r\u00e9union de son parti l&rsquo;AKP dans sa ville natale de Rize, Erdogan a d\u00e9clar\u00e9 : \u00ab\u00a0Nous devons \u00eatre tr\u00e8s forts pour qu&rsquo;Isra\u00ebl ne puisse pas faire ces choses ridicules \u00e0 la Palestine. Tout comme nous sommes entr\u00e9s au Karabakh, tout comme nous sommes entr\u00e9s en Libye, nous pourrions faire la m\u00eame chose.\u00a0\u00bb Il a ajout\u00e9 : \u00ab\u00a0Il n&rsquo;y a aucune raison pour que nous ne puissions pas le faire&#8230; Nous devons \u00eatre forts pour pouvoir prendre ces mesures.\u00a0\u00bb<\/p>\n<p>Ces propos font r\u00e9f\u00e9rence aux r\u00e9centes implications militaires de la Turquie, notamment son soutien \u00e0 l&rsquo;Azerba\u00efdjan dans le conflit du Haut-Karabakh et son appui au gouvernement reconnu internationalement en Libye.<\/p>\n<p>En r\u00e9ponse \u00e0 ces menaces, le ministre isra\u00e9lien des Affaires \u00e9trang\u00e8res, Israel Katz, a lanc\u00e9 un avertissement s\u00e9v\u00e8re \u00e0 Erdogan. Sur la plateforme X, Katz a d\u00e9clar\u00e9 : \u00ab\u00a0Erdogan suit les traces de Saddam Hussein et menace d&rsquo;attaquer Isra\u00ebl. Il devrait se rappeler ce qui s&rsquo;est pass\u00e9 l\u00e0-bas et comment cela s&rsquo;est termin\u00e9.\u00a0\u00bb Ce message \u00e9tait accompagn\u00e9 de photos des deux leaders c\u00f4te \u00e0 c\u00f4te.<\/p>\n<p>Les relations entre Isra\u00ebl et la Turquie se sont consid\u00e9rablement d\u00e9t\u00e9rior\u00e9es depuis le d\u00e9but de la guerre \u00e0 Gaza. En mai 2024, la Turquie a suspendu ses relations commerciales avec Isra\u00ebl, citant la d\u00e9t\u00e9rioration de la situation humanitaire dans les territoires palestiniens. Cette d\u00e9cision pourrait entra\u00eener des pertes \u00e9conomiques significatives pour Isra\u00ebl, estim\u00e9es \u00e0 environ 5 milliards de dollars par an.<\/p>\n<p>Il est important de noter que la Turquie a \u00e9t\u00e9 le premier pays \u00e0 majorit\u00e9 musulmane \u00e0 \u00e9tablir des relations diplomatiques avec Isra\u00ebl en 1949. Cependant, ces liens se sont progressivement d\u00e9grad\u00e9s au fil des d\u00e9cennies, atteignant aujourd&rsquo;hui un nouveau point bas.<\/p>\n<p>Ces d\u00e9clarations incendiaires interviennent dans un contexte r\u00e9gional au bord de l\u2019explosion et alors que l\u2019entit\u00e9 sioniste semble pr\u00e9parer une large offensive contre le Hezbollah au Liban. Samedi dernier, un tir de roquette attribu\u00e9 au mouvement chiite Hezbollah\u00a0a tu\u00e9 douze enfants et adolescents et fait vingt-neuf bless\u00e9s \u00e0 Majdal Shams, une ville druze du plateau du Golan occup\u00e9.<\/p>\n","protected":false},"excerpt":{"rendered":"<p>Le pr\u00e9sident turc Erdogan envisage une action militaire contre Isra\u00ebl, \u00e9voquant les interventions turques au Haut-Karabakh et en Libye. Isra\u00ebl riposte en rappel&#8230;<\/p>\n","protected":false},"author":3169,"featured_media":290899,"comment_status":"open","ping_status":"closed","sticky":false,"template":"","format":"standard","meta":{"footnotes":""},"categories":[2598],"tags":[10344,5146,8361,2689,2636,5156,3550],"class_list":["post-215525","post","type-post","status-publish","format-standard","has-post-thumbnail","hentry","category-international","tag-tensions-diplomatiques","tag-conflit","tag-erdogan","tag-gaza","tag-israel","tag-moyen-orient","tag-turquie"],"yoast_head":"<!-- This site is optimized with the Yoast SEO Premium plugin v27.4 (Yoast SEO v27.5) - https:\/\/yoast.com\/product\/yoast-seo-premium-wordpress\/ -->\n<title>Erdogan menace d&#039;intervenir, Isra\u00ebl \u00e9voque le sort de Saddam Hussein<\/title>\n<meta name=\"description\" content=\"Le pr\u00e9sident turc Erdogan envisage une action militaire contre Isra\u00ebl, \u00e9voquant les interventions turques au Haut-Karabakh et en Libye. Isra\u00ebl riposte en rappel...\" \/>\n<link rel=\"canonical\" href=\"https:\/\/www.webdo.tn\/fr\/actualite\/international\/erdogan-menace-d-intervenir-israel-evoque-le-sort-de-saddam-hussein\/215525\/\" \/>\n<meta property=\"og:locale\" content=\"fr_FR\" \/>\n<meta property=\"og:type\" content=\"article\" \/>\n<meta property=\"og:title\" content=\"Erdogan menace d&#039;intervenir, Isra\u00ebl \u00e9voque le sort de Saddam Hussein\" \/>\n<meta property=\"og:description\" content=\"Le pr\u00e9sident turc Erdogan envisage une action militaire contre Isra\u00ebl, \u00e9voquant les interventions turques au Haut-Karabakh et en Libye. Isra\u00ebl riposte en rappel...\" \/>\n<meta property=\"og:url\" content=\"https:\/\/www.webdo.tn\/fr\/actualite\/international\/erdogan-menace-d-intervenir-israel-evoque-le-sort-de-saddam-hussein\/215525\/\" \/>\n<meta property=\"og:site_name\" content=\"webdo\" \/>\n<meta property=\"article:publisher\" content=\"https:\/\/www.facebook.com\/webdotn\" \/>\n<meta property=\"article:published_time\" content=\"2024-07-29T09:19:00+00:00\" \/>\n<meta property=\"article:modified_time\" content=\"2025-05-20T22:34:18+00:00\" \/>\n<meta property=\"og:image\" content=\"https:\/\/www.webdo.tn\/fr\/wp-content\/uploads\/2024\/07\/86f000456edfa10ae31edcbbfdad5c96.webp\" \/>\n\t<meta property=\"og:image:width\" content=\"750\" \/>\n\t<meta property=\"og:image:height\" content=\"400\" \/>\n\t<meta property=\"og:image:type\" content=\"image\/webp\" \/>\n<meta name=\"author\" content=\"Webdo\" \/>\n<meta name=\"twitter:card\" content=\"summary_large_image\" \/>\n<meta name=\"twitter:creator\" content=\"@webdo_tn\" \/>\n<meta name=\"twitter:site\" content=\"@webdo_tn\" \/>\n<meta name=\"twitter:label1\" content=\"\u00c9crit par\" \/>\n\t<meta name=\"twitter:data1\" content=\"Webdo\" \/>\n\t<meta name=\"twitter:label2\" content=\"Dur\u00e9e de lecture estim\u00e9e\" \/>\n\t<meta name=\"twitter:data2\" content=\"2 minutes\" \/>\n<script type=\"application\/ld+json\" class=\"yoast-schema-graph\">{\"@context\":\"https:\\\/\\\/schema.org\",\"@graph\":[{\"@type\":\"NewsArticle\",\"@id\":\"https:\\\/\\\/www.webdo.tn\\\/fr\\\/actualite\\\/international\\\/erdogan-menace-d-intervenir-israel-evoque-le-sort-de-saddam-hussein\\\/215525\\\/#article\",\"isPartOf\":{\"@id\":\"https:\\\/\\\/www.webdo.tn\\\/fr\\\/actualite\\\/international\\\/erdogan-menace-d-intervenir-israel-evoque-le-sort-de-saddam-hussein\\\/215525\\\/\"},\"author\":{\"name\":\"Webdo\",\"@id\":\"https:\\\/\\\/www.webdo.tn\\\/fr\\\/#\\\/schema\\\/person\\\/1f4e491e0907b413d61089e8eb573acc\"},\"headline\":\"Erdogan menace d&rsquo;intervenir, Isra\u00ebl \u00e9voque le sort de Saddam Hussein\",\"datePublished\":\"2024-07-29T09:19:00+00:00\",\"dateModified\":\"2025-05-20T22:34:18+00:00\",\"mainEntityOfPage\":{\"@id\":\"https:\\\/\\\/www.webdo.tn\\\/fr\\\/actualite\\\/international\\\/erdogan-menace-d-intervenir-israel-evoque-le-sort-de-saddam-hussein\\\/215525\\\/\"},\"wordCount\":425,\"commentCount\":0,\"publisher\":{\"@id\":\"https:\\\/\\\/www.webdo.tn\\\/fr\\\/#organization\"},\"image\":{\"@id\":\"https:\\\/\\\/www.webdo.tn\\\/fr\\\/actualite\\\/international\\\/erdogan-menace-d-intervenir-israel-evoque-le-sort-de-saddam-hussein\\\/215525\\\/#primaryimage\"},\"thumbnailUrl\":\"https:\\\/\\\/www.webdo.tn\\\/fr\\\/wp-content\\\/uploads\\\/2024\\\/07\\\/86f000456edfa10ae31edcbbfdad5c96.webp\",\"keywords\":[\"'Tensions Diplomatiques'\",\"conflit\",\"erdogan\",\"Gaza\",\"isra\u00ebl\",\"moyen-orient\",\"Turquie\"],\"articleSection\":[\"International\"],\"inLanguage\":\"fr-FR\"},{\"@type\":\"WebPage\",\"@id\":\"https:\\\/\\\/www.webdo.tn\\\/fr\\\/actualite\\\/international\\\/erdogan-menace-d-intervenir-israel-evoque-le-sort-de-saddam-hussein\\\/215525\\\/\",\"url\":\"https:\\\/\\\/www.webdo.tn\\\/fr\\\/actualite\\\/international\\\/erdogan-menace-d-intervenir-israel-evoque-le-sort-de-saddam-hussein\\\/215525\\\/\",\"name\":\"Erdogan menace d'intervenir, Isra\u00ebl \u00e9voque le sort de Saddam Hussein\",\"isPartOf\":{\"@id\":\"https:\\\/\\\/www.webdo.tn\\\/fr\\\/#website\"},\"primaryImageOfPage\":{\"@id\":\"https:\\\/\\\/www.webdo.tn\\\/fr\\\/actualite\\\/international\\\/erdogan-menace-d-intervenir-israel-evoque-le-sort-de-saddam-hussein\\\/215525\\\/#primaryimage\"},\"image\":{\"@id\":\"https:\\\/\\\/www.webdo.tn\\\/fr\\\/actualite\\\/international\\\/erdogan-menace-d-intervenir-israel-evoque-le-sort-de-saddam-hussein\\\/215525\\\/#primaryimage\"},\"thumbnailUrl\":\"https:\\\/\\\/www.webdo.tn\\\/fr\\\/wp-content\\\/uploads\\\/2024\\\/07\\\/86f000456edfa10ae31edcbbfdad5c96.webp\",\"datePublished\":\"2024-07-29T09:19:00+00:00\",\"dateModified\":\"2025-05-20T22:34:18+00:00\",\"description\":\"Le pr\u00e9sident turc Erdogan envisage une action militaire contre Isra\u00ebl, \u00e9voquant les interventions turques au Haut-Karabakh et en Libye. Isra\u00ebl riposte en rappel...\",\"breadcrumb\":{\"@id\":\"https:\\\/\\\/www.webdo.tn\\\/fr\\\/actualite\\\/international\\\/erdogan-menace-d-intervenir-israel-evoque-le-sort-de-saddam-hussein\\\/215525\\\/#breadcrumb\"},\"inLanguage\":\"fr-FR\",\"potentialAction\":[{\"@type\":\"ReadAction\",\"target\":[\"https:\\\/\\\/www.webdo.tn\\\/fr\\\/actualite\\\/international\\\/erdogan-menace-d-intervenir-israel-evoque-le-sort-de-saddam-hussein\\\/215525\\\/\"]}]},{\"@type\":\"ImageObject\",\"inLanguage\":\"fr-FR\",\"@id\":\"https:\\\/\\\/www.webdo.tn\\\/fr\\\/actualite\\\/international\\\/erdogan-menace-d-intervenir-israel-evoque-le-sort-de-saddam-hussein\\\/215525\\\/#primaryimage\",\"url\":\"https:\\\/\\\/www.webdo.tn\\\/fr\\\/wp-content\\\/uploads\\\/2024\\\/07\\\/86f000456edfa10ae31edcbbfdad5c96.webp\",\"contentUrl\":\"https:\\\/\\\/www.webdo.tn\\\/fr\\\/wp-content\\\/uploads\\\/2024\\\/07\\\/86f000456edfa10ae31edcbbfdad5c96.webp\",\"width\":750,\"height\":400,\"caption\":\"Erdogan menace d'intervenir, Isra\u00ebl \u00e9voque le sort de Saddam Hussein\"},{\"@type\":\"BreadcrumbList\",\"@id\":\"https:\\\/\\\/www.webdo.tn\\\/fr\\\/actualite\\\/international\\\/erdogan-menace-d-intervenir-israel-evoque-le-sort-de-saddam-hussein\\\/215525\\\/#breadcrumb\",\"itemListElement\":[{\"@type\":\"ListItem\",\"position\":1,\"name\":\"Accueil\",\"item\":\"https:\\\/\\\/www.webdo.tn\\\/fr\\\/\"},{\"@type\":\"ListItem\",\"position\":2,\"name\":\"Erdogan menace d&rsquo;intervenir, Isra\u00ebl \u00e9voque le sort de Saddam Hussein\"}]},{\"@type\":\"WebSite\",\"@id\":\"https:\\\/\\\/www.webdo.tn\\\/fr\\\/#website\",\"url\":\"https:\\\/\\\/www.webdo.tn\\\/fr\\\/\",\"name\":\"webdo\",\"description\":\"Tunisie - News en Tunisie et \u00e0 l&#039;international sur Webdo.tn\",\"publisher\":{\"@id\":\"https:\\\/\\\/www.webdo.tn\\\/fr\\\/#organization\"},\"potentialAction\":[{\"@type\":\"SearchAction\",\"target\":{\"@type\":\"EntryPoint\",\"urlTemplate\":\"https:\\\/\\\/www.webdo.tn\\\/fr\\\/?s={search_term_string}\"},\"query-input\":{\"@type\":\"PropertyValueSpecification\",\"valueRequired\":true,\"valueName\":\"search_term_string\"}}],\"inLanguage\":\"fr-FR\"},{\"@type\":\"Organization\",\"@id\":\"https:\\\/\\\/www.webdo.tn\\\/fr\\\/#organization\",\"name\":\"Webdo\",\"alternateName\":\"Webdo.tn\",\"url\":\"https:\\\/\\\/www.webdo.tn\\\/fr\\\/\",\"logo\":{\"@type\":\"ImageObject\",\"inLanguage\":\"fr-FR\",\"@id\":\"https:\\\/\\\/www.webdo.tn\\\/fr\\\/#\\\/schema\\\/logo\\\/image\\\/\",\"url\":\"https:\\\/\\\/www.webdo.tn\\\/fr\\\/wp-content\\\/uploads\\\/2025\\\/06\\\/Webdo-Tunisie_168377.jpg\",\"contentUrl\":\"https:\\\/\\\/www.webdo.tn\\\/fr\\\/wp-content\\\/uploads\\\/2025\\\/06\\\/Webdo-Tunisie_168377.jpg\",\"width\":301,\"height\":301,\"caption\":\"Webdo\"},\"image\":{\"@id\":\"https:\\\/\\\/www.webdo.tn\\\/fr\\\/#\\\/schema\\\/logo\\\/image\\\/\"},\"sameAs\":[\"https:\\\/\\\/www.facebook.com\\\/webdotn\",\"https:\\\/\\\/x.com\\\/webdo_tn\"],\"description\":\"Webdo est un m\u00e9dia num\u00e9rique tunisien fond\u00e9 en 2010, sp\u00e9cialis\u00e9 dans l\u2019actualit\u00e9 nationale et internationale, l\u2019\u00e9conomie, la soci\u00e9t\u00e9 et les analyses politiques. Le site s\u2019adresse \u00e0 un large public francophone et couvre l\u2019information tunisienne en temps r\u00e9el.\",\"email\":\"redac@webdo.tn\",\"legalName\":\"YNJ SARL\",\"foundingDate\":\"2010-09-06\",\"numberOfEmployees\":{\"@type\":\"QuantitativeValue\",\"minValue\":\"11\",\"maxValue\":\"50\"}},{\"@type\":\"Person\",\"@id\":\"https:\\\/\\\/www.webdo.tn\\\/fr\\\/#\\\/schema\\\/person\\\/1f4e491e0907b413d61089e8eb573acc\",\"name\":\"Webdo\",\"image\":{\"@type\":\"ImageObject\",\"inLanguage\":\"fr-FR\",\"@id\":\"https:\\\/\\\/secure.gravatar.com\\\/avatar\\\/de97aeec1bb80978a9dbb127e47dfc88aaacb2f3c29aac907d8d3222e3495d49?s=96&d=mm&r=g\",\"url\":\"https:\\\/\\\/secure.gravatar.com\\\/avatar\\\/de97aeec1bb80978a9dbb127e47dfc88aaacb2f3c29aac907d8d3222e3495d49?s=96&d=mm&r=g\",\"contentUrl\":\"https:\\\/\\\/secure.gravatar.com\\\/avatar\\\/de97aeec1bb80978a9dbb127e47dfc88aaacb2f3c29aac907d8d3222e3495d49?s=96&d=mm&r=g\",\"caption\":\"Webdo\"},\"url\":\"https:\\\/\\\/www.webdo.tn\\\/fr\\\/actualite\\\/author\\\/webdo\\\/\"}]}<\/script>\n<!-- \/ Yoast SEO Premium plugin. -->","yoast_head_json":{"title":"Erdogan menace d'intervenir, Isra\u00ebl \u00e9voque le sort de Saddam Hussein","description":"Le pr\u00e9sident turc Erdogan envisage une action militaire contre Isra\u00ebl, \u00e9voquant les interventions turques au Haut-Karabakh et en Libye. Isra\u00ebl riposte en rappel...","canonical":"https:\/\/www.webdo.tn\/fr\/actualite\/international\/erdogan-menace-d-intervenir-israel-evoque-le-sort-de-saddam-hussein\/215525\/","og_locale":"fr_FR","og_type":"article","og_title":"Erdogan menace d'intervenir, Isra\u00ebl \u00e9voque le sort de Saddam Hussein","og_description":"Le pr\u00e9sident turc Erdogan envisage une action militaire contre Isra\u00ebl, \u00e9voquant les interventions turques au Haut-Karabakh et en Libye. Isra\u00ebl riposte en rappel...","og_url":"https:\/\/www.webdo.tn\/fr\/actualite\/international\/erdogan-menace-d-intervenir-israel-evoque-le-sort-de-saddam-hussein\/215525\/","og_site_name":"webdo","article_publisher":"https:\/\/www.facebook.com\/webdotn","article_published_time":"2024-07-29T09:19:00+00:00","article_modified_time":"2025-05-20T22:34:18+00:00","og_image":[{"width":750,"height":400,"url":"https:\/\/www.webdo.tn\/fr\/wp-content\/uploads\/2024\/07\/86f000456edfa10ae31edcbbfdad5c96.webp","type":"image\/webp"}],"author":"Webdo","twitter_card":"summary_large_image","twitter_creator":"@webdo_tn","twitter_site":"@webdo_tn","twitter_misc":{"\u00c9crit par":"Webdo","Dur\u00e9e de lecture estim\u00e9e":"2 minutes"},"schema":{"@context":"https:\/\/schema.org","@graph":[{"@type":"NewsArticle","@id":"https:\/\/www.webdo.tn\/fr\/actualite\/international\/erdogan-menace-d-intervenir-israel-evoque-le-sort-de-saddam-hussein\/215525\/#article","isPartOf":{"@id":"https:\/\/www.webdo.tn\/fr\/actualite\/international\/erdogan-menace-d-intervenir-israel-evoque-le-sort-de-saddam-hussein\/215525\/"},"author":{"name":"Webdo","@id":"https:\/\/www.webdo.tn\/fr\/#\/schema\/person\/1f4e491e0907b413d61089e8eb573acc"},"headline":"Erdogan menace d&rsquo;intervenir, Isra\u00ebl \u00e9voque le sort de Saddam Hussein","datePublished":"2024-07-29T09:19:00+00:00","dateModified":"2025-05-20T22:34:18+00:00","mainEntityOfPage":{"@id":"https:\/\/www.webdo.tn\/fr\/actualite\/international\/erdogan-menace-d-intervenir-israel-evoque-le-sort-de-saddam-hussein\/215525\/"},"wordCount":425,"commentCount":0,"publisher":{"@id":"https:\/\/www.webdo.tn\/fr\/#organization"},"image":{"@id":"https:\/\/www.webdo.tn\/fr\/actualite\/international\/erdogan-menace-d-intervenir-israel-evoque-le-sort-de-saddam-hussein\/215525\/#primaryimage"},"thumbnailUrl":"https:\/\/www.webdo.tn\/fr\/wp-content\/uploads\/2024\/07\/86f000456edfa10ae31edcbbfdad5c96.webp","keywords":["'Tensions Diplomatiques'","conflit","erdogan","Gaza","isra\u00ebl","moyen-orient","Turquie"],"articleSection":["International"],"inLanguage":"fr-FR"},{"@type":"WebPage","@id":"https:\/\/www.webdo.tn\/fr\/actualite\/international\/erdogan-menace-d-intervenir-israel-evoque-le-sort-de-saddam-hussein\/215525\/","url":"https:\/\/www.webdo.tn\/fr\/actualite\/international\/erdogan-menace-d-intervenir-israel-evoque-le-sort-de-saddam-hussein\/215525\/","name":"Erdogan menace d'intervenir, Isra\u00ebl \u00e9voque le sort de Saddam Hussein","isPartOf":{"@id":"https:\/\/www.webdo.tn\/fr\/#website"},"primaryImageOfPage":{"@id":"https:\/\/www.webdo.tn\/fr\/actualite\/international\/erdogan-menace-d-intervenir-israel-evoque-le-sort-de-saddam-hussein\/215525\/#primaryimage"},"image":{"@id":"https:\/\/www.webdo.tn\/fr\/actualite\/international\/erdogan-menace-d-intervenir-israel-evoque-le-sort-de-saddam-hussein\/215525\/#primaryimage"},"thumbnailUrl":"https:\/\/www.webdo.tn\/fr\/wp-content\/uploads\/2024\/07\/86f000456edfa10ae31edcbbfdad5c96.webp","datePublished":"2024-07-29T09:19:00+00:00","dateModified":"2025-05-20T22:34:18+00:00","description":"Le pr\u00e9sident turc Erdogan envisage une action militaire contre Isra\u00ebl, \u00e9voquant les interventions turques au Haut-Karabakh et en Libye. Isra\u00ebl riposte en rappel...","breadcrumb":{"@id":"https:\/\/www.webdo.tn\/fr\/actualite\/international\/erdogan-menace-d-intervenir-israel-evoque-le-sort-de-saddam-hussein\/215525\/#breadcrumb"},"inLanguage":"fr-FR","potentialAction":[{"@type":"ReadAction","target":["https:\/\/www.webdo.tn\/fr\/actualite\/international\/erdogan-menace-d-intervenir-israel-evoque-le-sort-de-saddam-hussein\/215525\/"]}]},{"@type":"ImageObject","inLanguage":"fr-FR","@id":"https:\/\/www.webdo.tn\/fr\/actualite\/international\/erdogan-menace-d-intervenir-israel-evoque-le-sort-de-saddam-hussein\/215525\/#primaryimage","url":"https:\/\/www.webdo.tn\/fr\/wp-content\/uploads\/2024\/07\/86f000456edfa10ae31edcbbfdad5c96.webp","contentUrl":"https:\/\/www.webdo.tn\/fr\/wp-content\/uploads\/2024\/07\/86f000456edfa10ae31edcbbfdad5c96.webp","width":750,"height":400,"caption":"Erdogan menace d'intervenir, Isra\u00ebl \u00e9voque le sort de Saddam Hussein"},{"@type":"BreadcrumbList","@id":"https:\/\/www.webdo.tn\/fr\/actualite\/international\/erdogan-menace-d-intervenir-israel-evoque-le-sort-de-saddam-hussein\/215525\/#breadcrumb","itemListElement":[{"@type":"ListItem","position":1,"name":"Accueil","item":"https:\/\/www.webdo.tn\/fr\/"},{"@type":"ListItem","position":2,"name":"Erdogan menace d&rsquo;intervenir, Isra\u00ebl \u00e9voque le sort de Saddam Hussein"}]},{"@type":"WebSite","@id":"https:\/\/www.webdo.tn\/fr\/#website","url":"https:\/\/www.webdo.tn\/fr\/","name":"webdo","description":"Tunisie - News en Tunisie et \u00e0 l&#039;international sur Webdo.tn","publisher":{"@id":"https:\/\/www.webdo.tn\/fr\/#organization"},"potentialAction":[{"@type":"SearchAction","target":{"@type":"EntryPoint","urlTemplate":"https:\/\/www.webdo.tn\/fr\/?s={search_term_string}"},"query-input":{"@type":"PropertyValueSpecification","valueRequired":true,"valueName":"search_term_string"}}],"inLanguage":"fr-FR"},{"@type":"Organization","@id":"https:\/\/www.webdo.tn\/fr\/#organization","name":"Webdo","alternateName":"Webdo.tn","url":"https:\/\/www.webdo.tn\/fr\/","logo":{"@type":"ImageObject","inLanguage":"fr-FR","@id":"https:\/\/www.webdo.tn\/fr\/#\/schema\/logo\/image\/","url":"https:\/\/www.webdo.tn\/fr\/wp-content\/uploads\/2025\/06\/Webdo-Tunisie_168377.jpg","contentUrl":"https:\/\/www.webdo.tn\/fr\/wp-content\/uploads\/2025\/06\/Webdo-Tunisie_168377.jpg","width":301,"height":301,"caption":"Webdo"},"image":{"@id":"https:\/\/www.webdo.tn\/fr\/#\/schema\/logo\/image\/"},"sameAs":["https:\/\/www.facebook.com\/webdotn","https:\/\/x.com\/webdo_tn"],"description":"Webdo est un m\u00e9dia num\u00e9rique tunisien fond\u00e9 en 2010, sp\u00e9cialis\u00e9 dans l\u2019actualit\u00e9 nationale et internationale, l\u2019\u00e9conomie, la soci\u00e9t\u00e9 et les analyses politiques. Le site s\u2019adresse \u00e0 un large public francophone et couvre l\u2019information tunisienne en temps r\u00e9el.","email":"redac@webdo.tn","legalName":"YNJ SARL","foundingDate":"2010-09-06","numberOfEmployees":{"@type":"QuantitativeValue","minValue":"11","maxValue":"50"}},{"@type":"Person","@id":"https:\/\/www.webdo.tn\/fr\/#\/schema\/person\/1f4e491e0907b413d61089e8eb573acc","name":"Webdo","image":{"@type":"ImageObject","inLanguage":"fr-FR","@id":"https:\/\/secure.gravatar.com\/avatar\/de97aeec1bb80978a9dbb127e47dfc88aaacb2f3c29aac907d8d3222e3495d49?s=96&d=mm&r=g","url":"https:\/\/secure.gravatar.com\/avatar\/de97aeec1bb80978a9dbb127e47dfc88aaacb2f3c29aac907d8d3222e3495d49?s=96&d=mm&r=g","contentUrl":"https:\/\/secure.gravatar.com\/avatar\/de97aeec1bb80978a9dbb127e47dfc88aaacb2f3c29aac907d8d3222e3495d49?s=96&d=mm&r=g","caption":"Webdo"},"url":"https:\/\/www.webdo.tn\/fr\/actualite\/author\/webdo\/"}]}},"_links":{"self":[{"href":"https:\/\/www.webdo.tn\/fr\/wp-json\/wp\/v2\/posts\/215525","targetHints":{"allow":["GET"]}}],"collection":[{"href":"https:\/\/www.webdo.tn\/fr\/wp-json\/wp\/v2\/posts"}],"about":[{"href":"https:\/\/www.webdo.tn\/fr\/wp-json\/wp\/v2\/types\/post"}],"author":[{"embeddable":true,"href":"https:\/\/www.webdo.tn\/fr\/wp-json\/wp\/v2\/users\/3169"}],"replies":[{"embeddable":true,"href":"https:\/\/www.webdo.tn\/fr\/wp-json\/wp\/v2\/comments?post=215525"}],"version-history":[{"count":0,"href":"https:\/\/www.webdo.tn\/fr\/wp-json\/wp\/v2\/posts\/215525\/revisions"}],"wp:featuredmedia":[{"embeddable":true,"href":"https:\/\/www.webdo.tn\/fr\/wp-json\/wp\/v2\/media\/290899"}],"wp:attachment":[{"href":"https:\/\/www.webdo.tn\/fr\/wp-json\/wp\/v2\/media?parent=215525"}],"wp:term":[{"taxonomy":"category","embeddable":true,"href":"https:\/\/www.webdo.tn\/fr\/wp-json\/wp\/v2\/categories?post=215525"},{"taxonomy":"post_tag","embeddable":true,"href":"https:\/\/www.webdo.tn\/fr\/wp-json\/wp\/v2\/tags?post=215525"}],"curies":[{"name":"wp","href":"https:\/\/api.w.org\/{rel}","templated":true}]}}