{"id":215520,"date":"2024-07-28T12:35:00","date_gmt":"2024-07-28T12:35:00","guid":{"rendered":"https:\/\/www.webdo.tn\/fr\/blog\/jo-2024-fares-ferjani-decroche-l-argent-en-sabre-individuel\/215520\/"},"modified":"2025-05-21T09:06:16","modified_gmt":"2025-05-21T09:06:16","slug":"jo-2024-fares-ferjani-decroche-l-argent-en-sabre-individuel","status":"publish","type":"post","link":"https:\/\/www.webdo.tn\/fr\/actualite\/sport\/jo-2024-fares-ferjani-decroche-l-argent-en-sabre-individuel\/215520\/","title":{"rendered":"JO 2024 : Fares Ferjani d\u00e9croche l&rsquo;argent en sabre individuel"},"content":{"rendered":"<p>Le champion tunisien Fares Ferjani a remport\u00e9, samedi 27 juillet 2024 la m\u00e9daille d&rsquo;argent en comp\u00e9tition individuelle de sabre masculin aux Jeux Olympiques de Paris 2024, offrant \u00e0 la Tunisie et au monde arabe leur premi\u00e8re m\u00e9daille de cette \u00e9dition des Jeux.<\/p>\n<p>\t\t\t\t\t\t\t\t\tDans une finale intense et disput\u00e9e, Ferjani, \u00e2g\u00e9 de 27 ans, a affront\u00e9 le Sud-Cor\u00e9en Oh Sang-uk, class\u00e9 troisi\u00e8me mondial. Malgr\u00e9 une performance courageuse, le Tunisien s&rsquo;est inclin\u00e9 avec un score de 15-11. Pourtant, cette d\u00e9faite n\u2019a en rien terni l\u2019\u00e9clat de son parcours remarquable durant ces Jeux.<\/p>\n<p>Avant de se hisser en finale, Ferjani avait r\u00e9ussi \u00e0 surmonter un obstacle de taille en \u00e9liminant le num\u00e9ro un mondial, l&rsquo;\u00c9gyptien Ziad El-Sisi, avec le m\u00eame score de 15-11. Ziad El-Sisi, lui-m\u00eame un adversaire redoutable, a ensuite perdu la rencontre pour la m\u00e9daille de bronze.<\/p>\n<p>Ce succ\u00e8s s&rsquo;inscrit dans une tradition familiale d\u00e9di\u00e9e \u00e0 l\u2019escrime. Fares Ferjani a grandi dans une famille o\u00f9 l\u2019escrime est plus qu\u2019un sport : c\u2019est une passion partag\u00e9e. Son fr\u00e8re Mohamed Ayoub a repr\u00e9sent\u00e9 la Tunisie en fleuret aux Jeux de Rio 2016, tandis que son autre fr\u00e8re Ahmed a brillamment concouru en sabre dans de nombreuses comp\u00e9titions internationales. Leur p\u00e8re Salah a servi l\u2019escrime en tant qu&rsquo;arbitre international, et leur m\u00e8re ainsi que leurs oncles et cousins ont tous \u00e9t\u00e9 impliqu\u00e9s dans divers sports, t\u00e9moignant de l&rsquo;h\u00e9ritage sportif riche de la famille Ferjani.<\/p>\n","protected":false},"excerpt":{"rendered":"<p>L&rsquo;escrimeur tunisien Fares Ferjani a d\u00e9croch\u00e9 la m\u00e9daille d&rsquo;argent en sabre individuel aux Jeux Olympiques de Paris 2024, marquant une premi\u00e8re historique pour&#8230;<\/p>\n","protected":false},"author":3166,"featured_media":290896,"comment_status":"open","ping_status":"closed","sticky":false,"template":"","format":"standard","meta":{"footnotes":""},"categories":[2593],"tags":[5906,5905,5778,2608],"class_list":["post-215520","post","type-post","status-publish","format-standard","has-post-thumbnail","hentry","category-sport","tag-fares-ferjani","tag-jo-2024","tag-paris-2024","tag-tunisie"],"yoast_head":"<!-- This site is optimized with the Yoast SEO Premium plugin v27.4 (Yoast SEO v27.5) - https:\/\/yoast.com\/product\/yoast-seo-premium-wordpress\/ -->\n<title>JO 2024 : Fares Ferjani d\u00e9croche l&#039;argent en sabre individuel<\/title>\n<meta name=\"description\" content=\"L&#039;escrimeur tunisien Fares Ferjani a d\u00e9croch\u00e9 la m\u00e9daille d&#039;argent en sabre individuel aux Jeux Olympiques de Paris 2024, marquant une premi\u00e8re historique pour...\" \/>\n<link rel=\"canonical\" href=\"https:\/\/www.webdo.tn\/fr\/actualite\/sport\/jo-2024-fares-ferjani-decroche-l-argent-en-sabre-individuel\/215520\/\" \/>\n<meta property=\"og:locale\" content=\"fr_FR\" \/>\n<meta property=\"og:type\" content=\"article\" \/>\n<meta property=\"og:title\" content=\"JO 2024 : Fares Ferjani d\u00e9croche l&#039;argent en sabre individuel\" \/>\n<meta property=\"og:description\" content=\"L&#039;escrimeur tunisien Fares Ferjani a d\u00e9croch\u00e9 la m\u00e9daille d&#039;argent en sabre individuel aux Jeux Olympiques de Paris 2024, marquant une premi\u00e8re historique pour...\" \/>\n<meta property=\"og:url\" content=\"https:\/\/www.webdo.tn\/fr\/actualite\/sport\/jo-2024-fares-ferjani-decroche-l-argent-en-sabre-individuel\/215520\/\" \/>\n<meta property=\"og:site_name\" content=\"webdo\" \/>\n<meta property=\"article:publisher\" content=\"https:\/\/www.facebook.com\/webdotn\" \/>\n<meta property=\"article:published_time\" content=\"2024-07-28T12:35:00+00:00\" \/>\n<meta property=\"article:modified_time\" content=\"2025-05-21T09:06:16+00:00\" \/>\n<meta property=\"og:image\" content=\"https:\/\/www.webdo.tn\/fr\/wp-content\/uploads\/2024\/07\/d33d345f36a759f82286f145187e82e3.webp\" \/>\n\t<meta property=\"og:image:width\" content=\"750\" \/>\n\t<meta property=\"og:image:height\" content=\"400\" \/>\n\t<meta property=\"og:image:type\" content=\"image\/webp\" \/>\n<meta name=\"author\" content=\"AZ\" \/>\n<meta name=\"twitter:card\" content=\"summary_large_image\" \/>\n<meta name=\"twitter:creator\" content=\"@webdo_tn\" \/>\n<meta name=\"twitter:site\" content=\"@webdo_tn\" \/>\n<meta name=\"twitter:label1\" content=\"\u00c9crit par\" \/>\n\t<meta name=\"twitter:data1\" content=\"AZ\" \/>\n\t<meta name=\"twitter:label2\" content=\"Dur\u00e9e de lecture estim\u00e9e\" \/>\n\t<meta name=\"twitter:data2\" content=\"1 minute\" \/>\n<script type=\"application\/ld+json\" class=\"yoast-schema-graph\">{\"@context\":\"https:\\\/\\\/schema.org\",\"@graph\":[{\"@type\":\"NewsArticle\",\"@id\":\"https:\\\/\\\/www.webdo.tn\\\/fr\\\/actualite\\\/sport\\\/jo-2024-fares-ferjani-decroche-l-argent-en-sabre-individuel\\\/215520\\\/#article\",\"isPartOf\":{\"@id\":\"https:\\\/\\\/www.webdo.tn\\\/fr\\\/actualite\\\/sport\\\/jo-2024-fares-ferjani-decroche-l-argent-en-sabre-individuel\\\/215520\\\/\"},\"author\":{\"name\":\"AZ\",\"@id\":\"https:\\\/\\\/www.webdo.tn\\\/fr\\\/#\\\/schema\\\/person\\\/b8a41c04d93287d375510db360906b34\"},\"headline\":\"JO 2024 : Fares Ferjani d\u00e9croche l&rsquo;argent en sabre individuel\",\"datePublished\":\"2024-07-28T12:35:00+00:00\",\"dateModified\":\"2025-05-21T09:06:16+00:00\",\"mainEntityOfPage\":{\"@id\":\"https:\\\/\\\/www.webdo.tn\\\/fr\\\/actualite\\\/sport\\\/jo-2024-fares-ferjani-decroche-l-argent-en-sabre-individuel\\\/215520\\\/\"},\"wordCount\":270,\"commentCount\":0,\"publisher\":{\"@id\":\"https:\\\/\\\/www.webdo.tn\\\/fr\\\/#organization\"},\"image\":{\"@id\":\"https:\\\/\\\/www.webdo.tn\\\/fr\\\/actualite\\\/sport\\\/jo-2024-fares-ferjani-decroche-l-argent-en-sabre-individuel\\\/215520\\\/#primaryimage\"},\"thumbnailUrl\":\"https:\\\/\\\/www.webdo.tn\\\/fr\\\/wp-content\\\/uploads\\\/2024\\\/07\\\/d33d345f36a759f82286f145187e82e3.webp\",\"keywords\":[\"fares ferjani\",\"JO 2024\",\"Paris 2024\",\"Tunisie\"],\"articleSection\":[\"Sport\"],\"inLanguage\":\"fr-FR\"},{\"@type\":\"WebPage\",\"@id\":\"https:\\\/\\\/www.webdo.tn\\\/fr\\\/actualite\\\/sport\\\/jo-2024-fares-ferjani-decroche-l-argent-en-sabre-individuel\\\/215520\\\/\",\"url\":\"https:\\\/\\\/www.webdo.tn\\\/fr\\\/actualite\\\/sport\\\/jo-2024-fares-ferjani-decroche-l-argent-en-sabre-individuel\\\/215520\\\/\",\"name\":\"JO 2024 : Fares Ferjani d\u00e9croche l'argent en sabre individuel\",\"isPartOf\":{\"@id\":\"https:\\\/\\\/www.webdo.tn\\\/fr\\\/#website\"},\"primaryImageOfPage\":{\"@id\":\"https:\\\/\\\/www.webdo.tn\\\/fr\\\/actualite\\\/sport\\\/jo-2024-fares-ferjani-decroche-l-argent-en-sabre-individuel\\\/215520\\\/#primaryimage\"},\"image\":{\"@id\":\"https:\\\/\\\/www.webdo.tn\\\/fr\\\/actualite\\\/sport\\\/jo-2024-fares-ferjani-decroche-l-argent-en-sabre-individuel\\\/215520\\\/#primaryimage\"},\"thumbnailUrl\":\"https:\\\/\\\/www.webdo.tn\\\/fr\\\/wp-content\\\/uploads\\\/2024\\\/07\\\/d33d345f36a759f82286f145187e82e3.webp\",\"datePublished\":\"2024-07-28T12:35:00+00:00\",\"dateModified\":\"2025-05-21T09:06:16+00:00\",\"description\":\"L'escrimeur tunisien Fares Ferjani a d\u00e9croch\u00e9 la m\u00e9daille d'argent en sabre individuel aux Jeux Olympiques de Paris 2024, marquant une premi\u00e8re historique pour...\",\"breadcrumb\":{\"@id\":\"https:\\\/\\\/www.webdo.tn\\\/fr\\\/actualite\\\/sport\\\/jo-2024-fares-ferjani-decroche-l-argent-en-sabre-individuel\\\/215520\\\/#breadcrumb\"},\"inLanguage\":\"fr-FR\",\"potentialAction\":[{\"@type\":\"ReadAction\",\"target\":[\"https:\\\/\\\/www.webdo.tn\\\/fr\\\/actualite\\\/sport\\\/jo-2024-fares-ferjani-decroche-l-argent-en-sabre-individuel\\\/215520\\\/\"]}]},{\"@type\":\"ImageObject\",\"inLanguage\":\"fr-FR\",\"@id\":\"https:\\\/\\\/www.webdo.tn\\\/fr\\\/actualite\\\/sport\\\/jo-2024-fares-ferjani-decroche-l-argent-en-sabre-individuel\\\/215520\\\/#primaryimage\",\"url\":\"https:\\\/\\\/www.webdo.tn\\\/fr\\\/wp-content\\\/uploads\\\/2024\\\/07\\\/d33d345f36a759f82286f145187e82e3.webp\",\"contentUrl\":\"https:\\\/\\\/www.webdo.tn\\\/fr\\\/wp-content\\\/uploads\\\/2024\\\/07\\\/d33d345f36a759f82286f145187e82e3.webp\",\"width\":750,\"height\":400,\"caption\":\"JO 2024 : Fares Ferjani d\u00e9croche l'argent en sabre individuel\"},{\"@type\":\"BreadcrumbList\",\"@id\":\"https:\\\/\\\/www.webdo.tn\\\/fr\\\/actualite\\\/sport\\\/jo-2024-fares-ferjani-decroche-l-argent-en-sabre-individuel\\\/215520\\\/#breadcrumb\",\"itemListElement\":[{\"@type\":\"ListItem\",\"position\":1,\"name\":\"Accueil\",\"item\":\"https:\\\/\\\/www.webdo.tn\\\/fr\\\/\"},{\"@type\":\"ListItem\",\"position\":2,\"name\":\"JO 2024 : Fares Ferjani d\u00e9croche l&rsquo;argent en sabre individuel\"}]},{\"@type\":\"WebSite\",\"@id\":\"https:\\\/\\\/www.webdo.tn\\\/fr\\\/#website\",\"url\":\"https:\\\/\\\/www.webdo.tn\\\/fr\\\/\",\"name\":\"webdo\",\"description\":\"Tunisie - News en Tunisie et \u00e0 l&#039;international sur Webdo.tn\",\"publisher\":{\"@id\":\"https:\\\/\\\/www.webdo.tn\\\/fr\\\/#organization\"},\"potentialAction\":[{\"@type\":\"SearchAction\",\"target\":{\"@type\":\"EntryPoint\",\"urlTemplate\":\"https:\\\/\\\/www.webdo.tn\\\/fr\\\/?s={search_term_string}\"},\"query-input\":{\"@type\":\"PropertyValueSpecification\",\"valueRequired\":true,\"valueName\":\"search_term_string\"}}],\"inLanguage\":\"fr-FR\"},{\"@type\":\"Organization\",\"@id\":\"https:\\\/\\\/www.webdo.tn\\\/fr\\\/#organization\",\"name\":\"Webdo\",\"alternateName\":\"Webdo.tn\",\"url\":\"https:\\\/\\\/www.webdo.tn\\\/fr\\\/\",\"logo\":{\"@type\":\"ImageObject\",\"inLanguage\":\"fr-FR\",\"@id\":\"https:\\\/\\\/www.webdo.tn\\\/fr\\\/#\\\/schema\\\/logo\\\/image\\\/\",\"url\":\"https:\\\/\\\/www.webdo.tn\\\/fr\\\/wp-content\\\/uploads\\\/2025\\\/06\\\/Webdo-Tunisie_168377.jpg\",\"contentUrl\":\"https:\\\/\\\/www.webdo.tn\\\/fr\\\/wp-content\\\/uploads\\\/2025\\\/06\\\/Webdo-Tunisie_168377.jpg\",\"width\":301,\"height\":301,\"caption\":\"Webdo\"},\"image\":{\"@id\":\"https:\\\/\\\/www.webdo.tn\\\/fr\\\/#\\\/schema\\\/logo\\\/image\\\/\"},\"sameAs\":[\"https:\\\/\\\/www.facebook.com\\\/webdotn\",\"https:\\\/\\\/x.com\\\/webdo_tn\"],\"description\":\"Webdo est un m\u00e9dia num\u00e9rique tunisien fond\u00e9 en 2010, sp\u00e9cialis\u00e9 dans l\u2019actualit\u00e9 nationale et internationale, l\u2019\u00e9conomie, la soci\u00e9t\u00e9 et les analyses politiques. Le site s\u2019adresse \u00e0 un large public francophone et couvre l\u2019information tunisienne en temps r\u00e9el.\",\"email\":\"redac@webdo.tn\",\"legalName\":\"YNJ SARL\",\"foundingDate\":\"2010-09-06\",\"numberOfEmployees\":{\"@type\":\"QuantitativeValue\",\"minValue\":\"11\",\"maxValue\":\"50\"}},{\"@type\":\"Person\",\"@id\":\"https:\\\/\\\/www.webdo.tn\\\/fr\\\/#\\\/schema\\\/person\\\/b8a41c04d93287d375510db360906b34\",\"name\":\"AZ\",\"image\":{\"@type\":\"ImageObject\",\"inLanguage\":\"fr-FR\",\"@id\":\"https:\\\/\\\/secure.gravatar.com\\\/avatar\\\/492b80bada79439de4201dce15cd41eece6c277cfdf1b53382073c79105c1f89?s=96&d=mm&r=g\",\"url\":\"https:\\\/\\\/secure.gravatar.com\\\/avatar\\\/492b80bada79439de4201dce15cd41eece6c277cfdf1b53382073c79105c1f89?s=96&d=mm&r=g\",\"contentUrl\":\"https:\\\/\\\/secure.gravatar.com\\\/avatar\\\/492b80bada79439de4201dce15cd41eece6c277cfdf1b53382073c79105c1f89?s=96&d=mm&r=g\",\"caption\":\"AZ\"},\"url\":\"https:\\\/\\\/www.webdo.tn\\\/fr\\\/actualite\\\/author\\\/az\\\/\"}]}<\/script>\n<!-- \/ Yoast SEO Premium plugin. -->","yoast_head_json":{"title":"JO 2024 : Fares Ferjani d\u00e9croche l'argent en sabre individuel","description":"L'escrimeur tunisien Fares Ferjani a d\u00e9croch\u00e9 la m\u00e9daille d'argent en sabre individuel aux Jeux Olympiques de Paris 2024, marquant une premi\u00e8re historique pour...","canonical":"https:\/\/www.webdo.tn\/fr\/actualite\/sport\/jo-2024-fares-ferjani-decroche-l-argent-en-sabre-individuel\/215520\/","og_locale":"fr_FR","og_type":"article","og_title":"JO 2024 : Fares Ferjani d\u00e9croche l'argent en sabre individuel","og_description":"L'escrimeur tunisien Fares Ferjani a d\u00e9croch\u00e9 la m\u00e9daille d'argent en sabre individuel aux Jeux Olympiques de Paris 2024, marquant une premi\u00e8re historique pour...","og_url":"https:\/\/www.webdo.tn\/fr\/actualite\/sport\/jo-2024-fares-ferjani-decroche-l-argent-en-sabre-individuel\/215520\/","og_site_name":"webdo","article_publisher":"https:\/\/www.facebook.com\/webdotn","article_published_time":"2024-07-28T12:35:00+00:00","article_modified_time":"2025-05-21T09:06:16+00:00","og_image":[{"width":750,"height":400,"url":"https:\/\/www.webdo.tn\/fr\/wp-content\/uploads\/2024\/07\/d33d345f36a759f82286f145187e82e3.webp","type":"image\/webp"}],"author":"AZ","twitter_card":"summary_large_image","twitter_creator":"@webdo_tn","twitter_site":"@webdo_tn","twitter_misc":{"\u00c9crit par":"AZ","Dur\u00e9e de lecture estim\u00e9e":"1 minute"},"schema":{"@context":"https:\/\/schema.org","@graph":[{"@type":"NewsArticle","@id":"https:\/\/www.webdo.tn\/fr\/actualite\/sport\/jo-2024-fares-ferjani-decroche-l-argent-en-sabre-individuel\/215520\/#article","isPartOf":{"@id":"https:\/\/www.webdo.tn\/fr\/actualite\/sport\/jo-2024-fares-ferjani-decroche-l-argent-en-sabre-individuel\/215520\/"},"author":{"name":"AZ","@id":"https:\/\/www.webdo.tn\/fr\/#\/schema\/person\/b8a41c04d93287d375510db360906b34"},"headline":"JO 2024 : Fares Ferjani d\u00e9croche l&rsquo;argent en sabre individuel","datePublished":"2024-07-28T12:35:00+00:00","dateModified":"2025-05-21T09:06:16+00:00","mainEntityOfPage":{"@id":"https:\/\/www.webdo.tn\/fr\/actualite\/sport\/jo-2024-fares-ferjani-decroche-l-argent-en-sabre-individuel\/215520\/"},"wordCount":270,"commentCount":0,"publisher":{"@id":"https:\/\/www.webdo.tn\/fr\/#organization"},"image":{"@id":"https:\/\/www.webdo.tn\/fr\/actualite\/sport\/jo-2024-fares-ferjani-decroche-l-argent-en-sabre-individuel\/215520\/#primaryimage"},"thumbnailUrl":"https:\/\/www.webdo.tn\/fr\/wp-content\/uploads\/2024\/07\/d33d345f36a759f82286f145187e82e3.webp","keywords":["fares ferjani","JO 2024","Paris 2024","Tunisie"],"articleSection":["Sport"],"inLanguage":"fr-FR"},{"@type":"WebPage","@id":"https:\/\/www.webdo.tn\/fr\/actualite\/sport\/jo-2024-fares-ferjani-decroche-l-argent-en-sabre-individuel\/215520\/","url":"https:\/\/www.webdo.tn\/fr\/actualite\/sport\/jo-2024-fares-ferjani-decroche-l-argent-en-sabre-individuel\/215520\/","name":"JO 2024 : Fares Ferjani d\u00e9croche l'argent en sabre individuel","isPartOf":{"@id":"https:\/\/www.webdo.tn\/fr\/#website"},"primaryImageOfPage":{"@id":"https:\/\/www.webdo.tn\/fr\/actualite\/sport\/jo-2024-fares-ferjani-decroche-l-argent-en-sabre-individuel\/215520\/#primaryimage"},"image":{"@id":"https:\/\/www.webdo.tn\/fr\/actualite\/sport\/jo-2024-fares-ferjani-decroche-l-argent-en-sabre-individuel\/215520\/#primaryimage"},"thumbnailUrl":"https:\/\/www.webdo.tn\/fr\/wp-content\/uploads\/2024\/07\/d33d345f36a759f82286f145187e82e3.webp","datePublished":"2024-07-28T12:35:00+00:00","dateModified":"2025-05-21T09:06:16+00:00","description":"L'escrimeur tunisien Fares Ferjani a d\u00e9croch\u00e9 la m\u00e9daille d'argent en sabre individuel aux Jeux Olympiques de Paris 2024, marquant une premi\u00e8re historique pour...","breadcrumb":{"@id":"https:\/\/www.webdo.tn\/fr\/actualite\/sport\/jo-2024-fares-ferjani-decroche-l-argent-en-sabre-individuel\/215520\/#breadcrumb"},"inLanguage":"fr-FR","potentialAction":[{"@type":"ReadAction","target":["https:\/\/www.webdo.tn\/fr\/actualite\/sport\/jo-2024-fares-ferjani-decroche-l-argent-en-sabre-individuel\/215520\/"]}]},{"@type":"ImageObject","inLanguage":"fr-FR","@id":"https:\/\/www.webdo.tn\/fr\/actualite\/sport\/jo-2024-fares-ferjani-decroche-l-argent-en-sabre-individuel\/215520\/#primaryimage","url":"https:\/\/www.webdo.tn\/fr\/wp-content\/uploads\/2024\/07\/d33d345f36a759f82286f145187e82e3.webp","contentUrl":"https:\/\/www.webdo.tn\/fr\/wp-content\/uploads\/2024\/07\/d33d345f36a759f82286f145187e82e3.webp","width":750,"height":400,"caption":"JO 2024 : Fares Ferjani d\u00e9croche l'argent en sabre individuel"},{"@type":"BreadcrumbList","@id":"https:\/\/www.webdo.tn\/fr\/actualite\/sport\/jo-2024-fares-ferjani-decroche-l-argent-en-sabre-individuel\/215520\/#breadcrumb","itemListElement":[{"@type":"ListItem","position":1,"name":"Accueil","item":"https:\/\/www.webdo.tn\/fr\/"},{"@type":"ListItem","position":2,"name":"JO 2024 : Fares Ferjani d\u00e9croche l&rsquo;argent en sabre individuel"}]},{"@type":"WebSite","@id":"https:\/\/www.webdo.tn\/fr\/#website","url":"https:\/\/www.webdo.tn\/fr\/","name":"webdo","description":"Tunisie - News en Tunisie et \u00e0 l&#039;international sur Webdo.tn","publisher":{"@id":"https:\/\/www.webdo.tn\/fr\/#organization"},"potentialAction":[{"@type":"SearchAction","target":{"@type":"EntryPoint","urlTemplate":"https:\/\/www.webdo.tn\/fr\/?s={search_term_string}"},"query-input":{"@type":"PropertyValueSpecification","valueRequired":true,"valueName":"search_term_string"}}],"inLanguage":"fr-FR"},{"@type":"Organization","@id":"https:\/\/www.webdo.tn\/fr\/#organization","name":"Webdo","alternateName":"Webdo.tn","url":"https:\/\/www.webdo.tn\/fr\/","logo":{"@type":"ImageObject","inLanguage":"fr-FR","@id":"https:\/\/www.webdo.tn\/fr\/#\/schema\/logo\/image\/","url":"https:\/\/www.webdo.tn\/fr\/wp-content\/uploads\/2025\/06\/Webdo-Tunisie_168377.jpg","contentUrl":"https:\/\/www.webdo.tn\/fr\/wp-content\/uploads\/2025\/06\/Webdo-Tunisie_168377.jpg","width":301,"height":301,"caption":"Webdo"},"image":{"@id":"https:\/\/www.webdo.tn\/fr\/#\/schema\/logo\/image\/"},"sameAs":["https:\/\/www.facebook.com\/webdotn","https:\/\/x.com\/webdo_tn"],"description":"Webdo est un m\u00e9dia num\u00e9rique tunisien fond\u00e9 en 2010, sp\u00e9cialis\u00e9 dans l\u2019actualit\u00e9 nationale et internationale, l\u2019\u00e9conomie, la soci\u00e9t\u00e9 et les analyses politiques. Le site s\u2019adresse \u00e0 un large public francophone et couvre l\u2019information tunisienne en temps r\u00e9el.","email":"redac@webdo.tn","legalName":"YNJ SARL","foundingDate":"2010-09-06","numberOfEmployees":{"@type":"QuantitativeValue","minValue":"11","maxValue":"50"}},{"@type":"Person","@id":"https:\/\/www.webdo.tn\/fr\/#\/schema\/person\/b8a41c04d93287d375510db360906b34","name":"AZ","image":{"@type":"ImageObject","inLanguage":"fr-FR","@id":"https:\/\/secure.gravatar.com\/avatar\/492b80bada79439de4201dce15cd41eece6c277cfdf1b53382073c79105c1f89?s=96&d=mm&r=g","url":"https:\/\/secure.gravatar.com\/avatar\/492b80bada79439de4201dce15cd41eece6c277cfdf1b53382073c79105c1f89?s=96&d=mm&r=g","contentUrl":"https:\/\/secure.gravatar.com\/avatar\/492b80bada79439de4201dce15cd41eece6c277cfdf1b53382073c79105c1f89?s=96&d=mm&r=g","caption":"AZ"},"url":"https:\/\/www.webdo.tn\/fr\/actualite\/author\/az\/"}]}},"_links":{"self":[{"href":"https:\/\/www.webdo.tn\/fr\/wp-json\/wp\/v2\/posts\/215520","targetHints":{"allow":["GET"]}}],"collection":[{"href":"https:\/\/www.webdo.tn\/fr\/wp-json\/wp\/v2\/posts"}],"about":[{"href":"https:\/\/www.webdo.tn\/fr\/wp-json\/wp\/v2\/types\/post"}],"author":[{"embeddable":true,"href":"https:\/\/www.webdo.tn\/fr\/wp-json\/wp\/v2\/users\/3166"}],"replies":[{"embeddable":true,"href":"https:\/\/www.webdo.tn\/fr\/wp-json\/wp\/v2\/comments?post=215520"}],"version-history":[{"count":0,"href":"https:\/\/www.webdo.tn\/fr\/wp-json\/wp\/v2\/posts\/215520\/revisions"}],"wp:featuredmedia":[{"embeddable":true,"href":"https:\/\/www.webdo.tn\/fr\/wp-json\/wp\/v2\/media\/290896"}],"wp:attachment":[{"href":"https:\/\/www.webdo.tn\/fr\/wp-json\/wp\/v2\/media?parent=215520"}],"wp:term":[{"taxonomy":"category","embeddable":true,"href":"https:\/\/www.webdo.tn\/fr\/wp-json\/wp\/v2\/categories?post=215520"},{"taxonomy":"post_tag","embeddable":true,"href":"https:\/\/www.webdo.tn\/fr\/wp-json\/wp\/v2\/tags?post=215520"}],"curies":[{"name":"wp","href":"https:\/\/api.w.org\/{rel}","templated":true}]}}