{"id":215496,"date":"2024-07-26T19:25:00","date_gmt":"2024-07-26T19:25:00","guid":{"rendered":"https:\/\/www.webdo.tn\/fr\/blog\/la-peine-de-borhene-bsaies-reduite-a-huit-mois-de-prison\/215496\/"},"modified":"2025-05-21T09:06:07","modified_gmt":"2025-05-21T09:06:07","slug":"la-peine-de-borhene-bsaies-reduite-a-huit-mois-de-prison","status":"publish","type":"post","link":"https:\/\/www.webdo.tn\/fr\/actualite\/national\/la-peine-de-borhene-bsaies-reduite-a-huit-mois-de-prison\/215496\/","title":{"rendered":"La peine de Borhene Bsaies r\u00e9duite \u00e0 huit mois de prison"},"content":{"rendered":"<p>La Cour d&rsquo;appel de Tunis a condamn\u00e9 le journaliste  Borhene Bsaies \u00e0 huit mois de prison, selon les informations rapport\u00e9es par la radio Mosa\u00efque FM ce vendredi 26 juillet.<\/p>\n<p>\t\t\t\t\t\t\t\t\tLa peine initiale de Bsaies, prononc\u00e9e par la Chambre correctionnelle du Tribunal de premi\u00e8re instance de Tunis, \u00e9tait de douze mois de prison, dont six pour atteinte \u00e0 l\u2019ordre public et six pour l&rsquo;utilisation de syst\u00e8mes d\u2019information pour diffuser des donn\u00e9es personnelles et des faits non r\u00e9v\u00e9l\u00e9s dans le but de diffamer et nuire \u00e0 la r\u00e9putation d&rsquo;autrui.<\/p>\n<p>Le minist\u00e8re public avait \u00e9mis un mandat de d\u00e9p\u00f4t contre Bsaies suite \u00e0 ces accusations. La nouvelle sentence de la Cour d&rsquo;appel r\u00e9duit d&rsquo;un tiers la peine initialement prononc\u00e9e contre le journaliste.<\/p>\n","protected":false},"excerpt":{"rendered":"<p>La Cour d&rsquo;appel de Tunis a r\u00e9duit la peine du journaliste  Borhene Bsaies \u00e0 huit mois de prison pour diffusion d&rsquo;informations personnelles et diffamation. D\u00e9tai&#8230;<\/p>\n","protected":false},"author":3166,"featured_media":290888,"comment_status":"open","ping_status":"closed","sticky":false,"template":"","format":"standard","meta":{"footnotes":""},"categories":[44],"tags":[6088,2608],"class_list":["post-215496","post","type-post","status-publish","format-standard","has-post-thumbnail","hentry","category-national","tag-borhene-bsaies","tag-tunisie"],"yoast_head":"<!-- This site is optimized with the Yoast SEO Premium plugin v27.5 (Yoast SEO v27.5) - https:\/\/yoast.com\/product\/yoast-seo-premium-wordpress\/ -->\n<title>La peine de Borhene Bsaies r\u00e9duite \u00e0 huit mois de prison<\/title>\n<meta name=\"description\" content=\"La Cour d&#039;appel de Tunis a r\u00e9duit la peine du journaliste Borhene Bsaies \u00e0 huit mois de prison pour diffusion d&#039;informations personnelles et diffamation. D\u00e9tai...\" \/>\n<link rel=\"canonical\" href=\"https:\/\/www.webdo.tn\/fr\/actualite\/national\/la-peine-de-borhene-bsaies-reduite-a-huit-mois-de-prison\/215496\/\" \/>\n<meta property=\"og:locale\" content=\"fr_FR\" \/>\n<meta property=\"og:type\" content=\"article\" \/>\n<meta property=\"og:title\" content=\"La peine de Borhene Bsaies r\u00e9duite \u00e0 huit mois de prison\" \/>\n<meta property=\"og:description\" content=\"La Cour d&#039;appel de Tunis a r\u00e9duit la peine du journaliste Borhene Bsaies \u00e0 huit mois de prison pour diffusion d&#039;informations personnelles et diffamation. D\u00e9tai...\" \/>\n<meta property=\"og:url\" content=\"https:\/\/www.webdo.tn\/fr\/actualite\/national\/la-peine-de-borhene-bsaies-reduite-a-huit-mois-de-prison\/215496\/\" \/>\n<meta property=\"og:site_name\" content=\"webdo\" \/>\n<meta property=\"article:publisher\" content=\"https:\/\/www.facebook.com\/webdotn\" \/>\n<meta property=\"article:published_time\" content=\"2024-07-26T19:25:00+00:00\" \/>\n<meta property=\"article:modified_time\" content=\"2025-05-21T09:06:07+00:00\" \/>\n<meta property=\"og:image\" content=\"https:\/\/www.webdo.tn\/fr\/wp-content\/uploads\/2024\/07\/5c1ac46a4a1255be3b4f59fdea9aed72.webp\" \/>\n\t<meta property=\"og:image:width\" content=\"750\" \/>\n\t<meta property=\"og:image:height\" content=\"400\" \/>\n\t<meta property=\"og:image:type\" content=\"image\/webp\" \/>\n<meta name=\"author\" content=\"AZ\" \/>\n<meta name=\"twitter:card\" content=\"summary_large_image\" \/>\n<meta name=\"twitter:creator\" content=\"@webdo_tn\" \/>\n<meta name=\"twitter:site\" content=\"@webdo_tn\" \/>\n<meta name=\"twitter:label1\" content=\"\u00c9crit par\" \/>\n\t<meta name=\"twitter:data1\" content=\"AZ\" \/>\n\t<meta name=\"twitter:label2\" content=\"Dur\u00e9e de lecture estim\u00e9e\" \/>\n\t<meta name=\"twitter:data2\" content=\"1 minute\" \/>\n<script type=\"application\/ld+json\" class=\"yoast-schema-graph\">{\"@context\":\"https:\\\/\\\/schema.org\",\"@graph\":[{\"@type\":\"NewsArticle\",\"@id\":\"https:\\\/\\\/www.webdo.tn\\\/fr\\\/actualite\\\/national\\\/la-peine-de-borhene-bsaies-reduite-a-huit-mois-de-prison\\\/215496\\\/#article\",\"isPartOf\":{\"@id\":\"https:\\\/\\\/www.webdo.tn\\\/fr\\\/actualite\\\/national\\\/la-peine-de-borhene-bsaies-reduite-a-huit-mois-de-prison\\\/215496\\\/\"},\"author\":{\"name\":\"AZ\",\"@id\":\"https:\\\/\\\/www.webdo.tn\\\/fr\\\/#\\\/schema\\\/person\\\/b8a41c04d93287d375510db360906b34\"},\"headline\":\"La peine de Borhene Bsaies r\u00e9duite \u00e0 huit mois de prison\",\"datePublished\":\"2024-07-26T19:25:00+00:00\",\"dateModified\":\"2025-05-21T09:06:07+00:00\",\"mainEntityOfPage\":{\"@id\":\"https:\\\/\\\/www.webdo.tn\\\/fr\\\/actualite\\\/national\\\/la-peine-de-borhene-bsaies-reduite-a-huit-mois-de-prison\\\/215496\\\/\"},\"wordCount\":147,\"commentCount\":0,\"publisher\":{\"@id\":\"https:\\\/\\\/www.webdo.tn\\\/fr\\\/#organization\"},\"image\":{\"@id\":\"https:\\\/\\\/www.webdo.tn\\\/fr\\\/actualite\\\/national\\\/la-peine-de-borhene-bsaies-reduite-a-huit-mois-de-prison\\\/215496\\\/#primaryimage\"},\"thumbnailUrl\":\"https:\\\/\\\/www.webdo.tn\\\/fr\\\/wp-content\\\/uploads\\\/2024\\\/07\\\/5c1ac46a4a1255be3b4f59fdea9aed72.webp\",\"keywords\":[\"Borhene Bsaies\",\"Tunisie\"],\"articleSection\":[\"National\"],\"inLanguage\":\"fr-FR\"},{\"@type\":\"WebPage\",\"@id\":\"https:\\\/\\\/www.webdo.tn\\\/fr\\\/actualite\\\/national\\\/la-peine-de-borhene-bsaies-reduite-a-huit-mois-de-prison\\\/215496\\\/\",\"url\":\"https:\\\/\\\/www.webdo.tn\\\/fr\\\/actualite\\\/national\\\/la-peine-de-borhene-bsaies-reduite-a-huit-mois-de-prison\\\/215496\\\/\",\"name\":\"La peine de Borhene Bsaies r\u00e9duite \u00e0 huit mois de prison\",\"isPartOf\":{\"@id\":\"https:\\\/\\\/www.webdo.tn\\\/fr\\\/#website\"},\"primaryImageOfPage\":{\"@id\":\"https:\\\/\\\/www.webdo.tn\\\/fr\\\/actualite\\\/national\\\/la-peine-de-borhene-bsaies-reduite-a-huit-mois-de-prison\\\/215496\\\/#primaryimage\"},\"image\":{\"@id\":\"https:\\\/\\\/www.webdo.tn\\\/fr\\\/actualite\\\/national\\\/la-peine-de-borhene-bsaies-reduite-a-huit-mois-de-prison\\\/215496\\\/#primaryimage\"},\"thumbnailUrl\":\"https:\\\/\\\/www.webdo.tn\\\/fr\\\/wp-content\\\/uploads\\\/2024\\\/07\\\/5c1ac46a4a1255be3b4f59fdea9aed72.webp\",\"datePublished\":\"2024-07-26T19:25:00+00:00\",\"dateModified\":\"2025-05-21T09:06:07+00:00\",\"description\":\"La Cour d'appel de Tunis a r\u00e9duit la peine du journaliste Borhene Bsaies \u00e0 huit mois de prison pour diffusion d'informations personnelles et diffamation. D\u00e9tai...\",\"breadcrumb\":{\"@id\":\"https:\\\/\\\/www.webdo.tn\\\/fr\\\/actualite\\\/national\\\/la-peine-de-borhene-bsaies-reduite-a-huit-mois-de-prison\\\/215496\\\/#breadcrumb\"},\"inLanguage\":\"fr-FR\",\"potentialAction\":[{\"@type\":\"ReadAction\",\"target\":[\"https:\\\/\\\/www.webdo.tn\\\/fr\\\/actualite\\\/national\\\/la-peine-de-borhene-bsaies-reduite-a-huit-mois-de-prison\\\/215496\\\/\"]}]},{\"@type\":\"ImageObject\",\"inLanguage\":\"fr-FR\",\"@id\":\"https:\\\/\\\/www.webdo.tn\\\/fr\\\/actualite\\\/national\\\/la-peine-de-borhene-bsaies-reduite-a-huit-mois-de-prison\\\/215496\\\/#primaryimage\",\"url\":\"https:\\\/\\\/www.webdo.tn\\\/fr\\\/wp-content\\\/uploads\\\/2024\\\/07\\\/5c1ac46a4a1255be3b4f59fdea9aed72.webp\",\"contentUrl\":\"https:\\\/\\\/www.webdo.tn\\\/fr\\\/wp-content\\\/uploads\\\/2024\\\/07\\\/5c1ac46a4a1255be3b4f59fdea9aed72.webp\",\"width\":750,\"height\":400,\"caption\":\"La peine de Borhene Bsaies r\u00e9duite \u00e0 huit mois de prison\"},{\"@type\":\"BreadcrumbList\",\"@id\":\"https:\\\/\\\/www.webdo.tn\\\/fr\\\/actualite\\\/national\\\/la-peine-de-borhene-bsaies-reduite-a-huit-mois-de-prison\\\/215496\\\/#breadcrumb\",\"itemListElement\":[{\"@type\":\"ListItem\",\"position\":1,\"name\":\"Accueil\",\"item\":\"https:\\\/\\\/www.webdo.tn\\\/fr\\\/\"},{\"@type\":\"ListItem\",\"position\":2,\"name\":\"La peine de Borhene Bsaies r\u00e9duite \u00e0 huit mois de prison\"}]},{\"@type\":\"WebSite\",\"@id\":\"https:\\\/\\\/www.webdo.tn\\\/fr\\\/#website\",\"url\":\"https:\\\/\\\/www.webdo.tn\\\/fr\\\/\",\"name\":\"webdo\",\"description\":\"Tunisie - News en Tunisie et \u00e0 l&#039;international sur Webdo.tn\",\"publisher\":{\"@id\":\"https:\\\/\\\/www.webdo.tn\\\/fr\\\/#organization\"},\"potentialAction\":[{\"@type\":\"SearchAction\",\"target\":{\"@type\":\"EntryPoint\",\"urlTemplate\":\"https:\\\/\\\/www.webdo.tn\\\/fr\\\/?s={search_term_string}\"},\"query-input\":{\"@type\":\"PropertyValueSpecification\",\"valueRequired\":true,\"valueName\":\"search_term_string\"}}],\"inLanguage\":\"fr-FR\"},{\"@type\":\"Organization\",\"@id\":\"https:\\\/\\\/www.webdo.tn\\\/fr\\\/#organization\",\"name\":\"Webdo\",\"alternateName\":\"Webdo.tn\",\"url\":\"https:\\\/\\\/www.webdo.tn\\\/fr\\\/\",\"logo\":{\"@type\":\"ImageObject\",\"inLanguage\":\"fr-FR\",\"@id\":\"https:\\\/\\\/www.webdo.tn\\\/fr\\\/#\\\/schema\\\/logo\\\/image\\\/\",\"url\":\"https:\\\/\\\/www.webdo.tn\\\/fr\\\/wp-content\\\/uploads\\\/2025\\\/06\\\/Webdo-Tunisie_168377.jpg\",\"contentUrl\":\"https:\\\/\\\/www.webdo.tn\\\/fr\\\/wp-content\\\/uploads\\\/2025\\\/06\\\/Webdo-Tunisie_168377.jpg\",\"width\":301,\"height\":301,\"caption\":\"Webdo\"},\"image\":{\"@id\":\"https:\\\/\\\/www.webdo.tn\\\/fr\\\/#\\\/schema\\\/logo\\\/image\\\/\"},\"sameAs\":[\"https:\\\/\\\/www.facebook.com\\\/webdotn\",\"https:\\\/\\\/x.com\\\/webdo_tn\"],\"description\":\"Webdo est un m\u00e9dia num\u00e9rique tunisien fond\u00e9 en 2010, sp\u00e9cialis\u00e9 dans l\u2019actualit\u00e9 nationale et internationale, l\u2019\u00e9conomie, la soci\u00e9t\u00e9 et les analyses politiques. Le site s\u2019adresse \u00e0 un large public francophone et couvre l\u2019information tunisienne en temps r\u00e9el.\",\"email\":\"redac@webdo.tn\",\"legalName\":\"YNJ SARL\",\"foundingDate\":\"2010-09-06\",\"numberOfEmployees\":{\"@type\":\"QuantitativeValue\",\"minValue\":\"11\",\"maxValue\":\"50\"}},{\"@type\":\"Person\",\"@id\":\"https:\\\/\\\/www.webdo.tn\\\/fr\\\/#\\\/schema\\\/person\\\/b8a41c04d93287d375510db360906b34\",\"name\":\"AZ\",\"image\":{\"@type\":\"ImageObject\",\"inLanguage\":\"fr-FR\",\"@id\":\"https:\\\/\\\/secure.gravatar.com\\\/avatar\\\/492b80bada79439de4201dce15cd41eece6c277cfdf1b53382073c79105c1f89?s=96&d=mm&r=g\",\"url\":\"https:\\\/\\\/secure.gravatar.com\\\/avatar\\\/492b80bada79439de4201dce15cd41eece6c277cfdf1b53382073c79105c1f89?s=96&d=mm&r=g\",\"contentUrl\":\"https:\\\/\\\/secure.gravatar.com\\\/avatar\\\/492b80bada79439de4201dce15cd41eece6c277cfdf1b53382073c79105c1f89?s=96&d=mm&r=g\",\"caption\":\"AZ\"},\"url\":\"https:\\\/\\\/www.webdo.tn\\\/fr\\\/actualite\\\/author\\\/az\\\/\"}]}<\/script>\n<!-- \/ Yoast SEO Premium plugin. -->","yoast_head_json":{"title":"La peine de Borhene Bsaies r\u00e9duite \u00e0 huit mois de prison","description":"La Cour d'appel de Tunis a r\u00e9duit la peine du journaliste Borhene Bsaies \u00e0 huit mois de prison pour diffusion d'informations personnelles et diffamation. D\u00e9tai...","canonical":"https:\/\/www.webdo.tn\/fr\/actualite\/national\/la-peine-de-borhene-bsaies-reduite-a-huit-mois-de-prison\/215496\/","og_locale":"fr_FR","og_type":"article","og_title":"La peine de Borhene Bsaies r\u00e9duite \u00e0 huit mois de prison","og_description":"La Cour d'appel de Tunis a r\u00e9duit la peine du journaliste Borhene Bsaies \u00e0 huit mois de prison pour diffusion d'informations personnelles et diffamation. D\u00e9tai...","og_url":"https:\/\/www.webdo.tn\/fr\/actualite\/national\/la-peine-de-borhene-bsaies-reduite-a-huit-mois-de-prison\/215496\/","og_site_name":"webdo","article_publisher":"https:\/\/www.facebook.com\/webdotn","article_published_time":"2024-07-26T19:25:00+00:00","article_modified_time":"2025-05-21T09:06:07+00:00","og_image":[{"width":750,"height":400,"url":"https:\/\/www.webdo.tn\/fr\/wp-content\/uploads\/2024\/07\/5c1ac46a4a1255be3b4f59fdea9aed72.webp","type":"image\/webp"}],"author":"AZ","twitter_card":"summary_large_image","twitter_creator":"@webdo_tn","twitter_site":"@webdo_tn","twitter_misc":{"\u00c9crit par":"AZ","Dur\u00e9e de lecture estim\u00e9e":"1 minute"},"schema":{"@context":"https:\/\/schema.org","@graph":[{"@type":"NewsArticle","@id":"https:\/\/www.webdo.tn\/fr\/actualite\/national\/la-peine-de-borhene-bsaies-reduite-a-huit-mois-de-prison\/215496\/#article","isPartOf":{"@id":"https:\/\/www.webdo.tn\/fr\/actualite\/national\/la-peine-de-borhene-bsaies-reduite-a-huit-mois-de-prison\/215496\/"},"author":{"name":"AZ","@id":"https:\/\/www.webdo.tn\/fr\/#\/schema\/person\/b8a41c04d93287d375510db360906b34"},"headline":"La peine de Borhene Bsaies r\u00e9duite \u00e0 huit mois de prison","datePublished":"2024-07-26T19:25:00+00:00","dateModified":"2025-05-21T09:06:07+00:00","mainEntityOfPage":{"@id":"https:\/\/www.webdo.tn\/fr\/actualite\/national\/la-peine-de-borhene-bsaies-reduite-a-huit-mois-de-prison\/215496\/"},"wordCount":147,"commentCount":0,"publisher":{"@id":"https:\/\/www.webdo.tn\/fr\/#organization"},"image":{"@id":"https:\/\/www.webdo.tn\/fr\/actualite\/national\/la-peine-de-borhene-bsaies-reduite-a-huit-mois-de-prison\/215496\/#primaryimage"},"thumbnailUrl":"https:\/\/www.webdo.tn\/fr\/wp-content\/uploads\/2024\/07\/5c1ac46a4a1255be3b4f59fdea9aed72.webp","keywords":["Borhene Bsaies","Tunisie"],"articleSection":["National"],"inLanguage":"fr-FR"},{"@type":"WebPage","@id":"https:\/\/www.webdo.tn\/fr\/actualite\/national\/la-peine-de-borhene-bsaies-reduite-a-huit-mois-de-prison\/215496\/","url":"https:\/\/www.webdo.tn\/fr\/actualite\/national\/la-peine-de-borhene-bsaies-reduite-a-huit-mois-de-prison\/215496\/","name":"La peine de Borhene Bsaies r\u00e9duite \u00e0 huit mois de prison","isPartOf":{"@id":"https:\/\/www.webdo.tn\/fr\/#website"},"primaryImageOfPage":{"@id":"https:\/\/www.webdo.tn\/fr\/actualite\/national\/la-peine-de-borhene-bsaies-reduite-a-huit-mois-de-prison\/215496\/#primaryimage"},"image":{"@id":"https:\/\/www.webdo.tn\/fr\/actualite\/national\/la-peine-de-borhene-bsaies-reduite-a-huit-mois-de-prison\/215496\/#primaryimage"},"thumbnailUrl":"https:\/\/www.webdo.tn\/fr\/wp-content\/uploads\/2024\/07\/5c1ac46a4a1255be3b4f59fdea9aed72.webp","datePublished":"2024-07-26T19:25:00+00:00","dateModified":"2025-05-21T09:06:07+00:00","description":"La Cour d'appel de Tunis a r\u00e9duit la peine du journaliste Borhene Bsaies \u00e0 huit mois de prison pour diffusion d'informations personnelles et diffamation. D\u00e9tai...","breadcrumb":{"@id":"https:\/\/www.webdo.tn\/fr\/actualite\/national\/la-peine-de-borhene-bsaies-reduite-a-huit-mois-de-prison\/215496\/#breadcrumb"},"inLanguage":"fr-FR","potentialAction":[{"@type":"ReadAction","target":["https:\/\/www.webdo.tn\/fr\/actualite\/national\/la-peine-de-borhene-bsaies-reduite-a-huit-mois-de-prison\/215496\/"]}]},{"@type":"ImageObject","inLanguage":"fr-FR","@id":"https:\/\/www.webdo.tn\/fr\/actualite\/national\/la-peine-de-borhene-bsaies-reduite-a-huit-mois-de-prison\/215496\/#primaryimage","url":"https:\/\/www.webdo.tn\/fr\/wp-content\/uploads\/2024\/07\/5c1ac46a4a1255be3b4f59fdea9aed72.webp","contentUrl":"https:\/\/www.webdo.tn\/fr\/wp-content\/uploads\/2024\/07\/5c1ac46a4a1255be3b4f59fdea9aed72.webp","width":750,"height":400,"caption":"La peine de Borhene Bsaies r\u00e9duite \u00e0 huit mois de prison"},{"@type":"BreadcrumbList","@id":"https:\/\/www.webdo.tn\/fr\/actualite\/national\/la-peine-de-borhene-bsaies-reduite-a-huit-mois-de-prison\/215496\/#breadcrumb","itemListElement":[{"@type":"ListItem","position":1,"name":"Accueil","item":"https:\/\/www.webdo.tn\/fr\/"},{"@type":"ListItem","position":2,"name":"La peine de Borhene Bsaies r\u00e9duite \u00e0 huit mois de prison"}]},{"@type":"WebSite","@id":"https:\/\/www.webdo.tn\/fr\/#website","url":"https:\/\/www.webdo.tn\/fr\/","name":"webdo","description":"Tunisie - News en Tunisie et \u00e0 l&#039;international sur Webdo.tn","publisher":{"@id":"https:\/\/www.webdo.tn\/fr\/#organization"},"potentialAction":[{"@type":"SearchAction","target":{"@type":"EntryPoint","urlTemplate":"https:\/\/www.webdo.tn\/fr\/?s={search_term_string}"},"query-input":{"@type":"PropertyValueSpecification","valueRequired":true,"valueName":"search_term_string"}}],"inLanguage":"fr-FR"},{"@type":"Organization","@id":"https:\/\/www.webdo.tn\/fr\/#organization","name":"Webdo","alternateName":"Webdo.tn","url":"https:\/\/www.webdo.tn\/fr\/","logo":{"@type":"ImageObject","inLanguage":"fr-FR","@id":"https:\/\/www.webdo.tn\/fr\/#\/schema\/logo\/image\/","url":"https:\/\/www.webdo.tn\/fr\/wp-content\/uploads\/2025\/06\/Webdo-Tunisie_168377.jpg","contentUrl":"https:\/\/www.webdo.tn\/fr\/wp-content\/uploads\/2025\/06\/Webdo-Tunisie_168377.jpg","width":301,"height":301,"caption":"Webdo"},"image":{"@id":"https:\/\/www.webdo.tn\/fr\/#\/schema\/logo\/image\/"},"sameAs":["https:\/\/www.facebook.com\/webdotn","https:\/\/x.com\/webdo_tn"],"description":"Webdo est un m\u00e9dia num\u00e9rique tunisien fond\u00e9 en 2010, sp\u00e9cialis\u00e9 dans l\u2019actualit\u00e9 nationale et internationale, l\u2019\u00e9conomie, la soci\u00e9t\u00e9 et les analyses politiques. Le site s\u2019adresse \u00e0 un large public francophone et couvre l\u2019information tunisienne en temps r\u00e9el.","email":"redac@webdo.tn","legalName":"YNJ SARL","foundingDate":"2010-09-06","numberOfEmployees":{"@type":"QuantitativeValue","minValue":"11","maxValue":"50"}},{"@type":"Person","@id":"https:\/\/www.webdo.tn\/fr\/#\/schema\/person\/b8a41c04d93287d375510db360906b34","name":"AZ","image":{"@type":"ImageObject","inLanguage":"fr-FR","@id":"https:\/\/secure.gravatar.com\/avatar\/492b80bada79439de4201dce15cd41eece6c277cfdf1b53382073c79105c1f89?s=96&d=mm&r=g","url":"https:\/\/secure.gravatar.com\/avatar\/492b80bada79439de4201dce15cd41eece6c277cfdf1b53382073c79105c1f89?s=96&d=mm&r=g","contentUrl":"https:\/\/secure.gravatar.com\/avatar\/492b80bada79439de4201dce15cd41eece6c277cfdf1b53382073c79105c1f89?s=96&d=mm&r=g","caption":"AZ"},"url":"https:\/\/www.webdo.tn\/fr\/actualite\/author\/az\/"}]}},"_links":{"self":[{"href":"https:\/\/www.webdo.tn\/fr\/wp-json\/wp\/v2\/posts\/215496","targetHints":{"allow":["GET"]}}],"collection":[{"href":"https:\/\/www.webdo.tn\/fr\/wp-json\/wp\/v2\/posts"}],"about":[{"href":"https:\/\/www.webdo.tn\/fr\/wp-json\/wp\/v2\/types\/post"}],"author":[{"embeddable":true,"href":"https:\/\/www.webdo.tn\/fr\/wp-json\/wp\/v2\/users\/3166"}],"replies":[{"embeddable":true,"href":"https:\/\/www.webdo.tn\/fr\/wp-json\/wp\/v2\/comments?post=215496"}],"version-history":[{"count":0,"href":"https:\/\/www.webdo.tn\/fr\/wp-json\/wp\/v2\/posts\/215496\/revisions"}],"wp:featuredmedia":[{"embeddable":true,"href":"https:\/\/www.webdo.tn\/fr\/wp-json\/wp\/v2\/media\/290888"}],"wp:attachment":[{"href":"https:\/\/www.webdo.tn\/fr\/wp-json\/wp\/v2\/media?parent=215496"}],"wp:term":[{"taxonomy":"category","embeddable":true,"href":"https:\/\/www.webdo.tn\/fr\/wp-json\/wp\/v2\/categories?post=215496"},{"taxonomy":"post_tag","embeddable":true,"href":"https:\/\/www.webdo.tn\/fr\/wp-json\/wp\/v2\/tags?post=215496"}],"curies":[{"name":"wp","href":"https:\/\/api.w.org\/{rel}","templated":true}]}}