{"id":215490,"date":"2024-07-26T11:28:00","date_gmt":"2024-07-26T11:28:00","guid":{"rendered":"https:\/\/www.webdo.tn\/fr\/blog\/tunisie-borhene-bsaies-aujourd-hui-devant-la-justice\/215490\/"},"modified":"2025-05-20T22:35:28","modified_gmt":"2025-05-20T22:35:28","slug":"tunisie-borhene-bsaies-aujourd-hui-devant-la-justice","status":"publish","type":"post","link":"https:\/\/www.webdo.tn\/fr\/actualite\/national\/tunisie-borhene-bsaies-aujourd-hui-devant-la-justice\/215490\/","title":{"rendered":"Tunisie : Borhene Bsaies, aujourd&rsquo;hui, devant la justice"},"content":{"rendered":"<p>Le journaliste Borhene Bsaies doit comparaitre aujourd\u2019hui devant le tribunal de la chambre correctionnelle estivale de la cour d&rsquo;appel de Tunis pour l\u2019examen des appels interjet\u00e9s contre les jugements de premi\u00e8re instance le condamnant \u00e0 un an de prison.<\/p>\n<p>\t\t\t\t\t\t\t\t\tArr\u00eat\u00e9 le 11 mai dernier en marge de l\u2019arrestation de l\u2019avocate Sonia Dahmani, et condamn\u00e9 en premi\u00e8re instance avec le journaliste Mourad Zeghidi \u00e0 six mois de prison ferme lors de deux proc\u00e8s distincts, portant leur peine cumul\u00e9e \u00e0 un an de d\u00e9tention, Borhene Bsaies doit comparaitre aujourd\u2019hui devant le tribunal de la chambre correctionnelle estivale de la cour d&rsquo;appel de Tunis pour l\u2019examen des appels interjet\u00e9s contre les jugements de premi\u00e8re instance.<\/p>\n<p>Borhene Bsaies a \u00e9t\u00e9 condamn\u00e9s \u00e0 six mois de prison lors de proc\u00e8s distincts, suite \u00e0 son interrogatoire par le procureur le 13 mai 2024, dans le cadre d&rsquo;une enqu\u00eate sur des d\u00e9clarations m\u00e9diatiques et publications sur les r\u00e9seaux sociaux.<\/p>\n<p>Il est accus\u00e9 d\u2019avoir utilis\u00e9 des r\u00e9seaux et syst\u00e8mes d&rsquo;information et de communication pour produire, diffuser, envoyer et pr\u00e9parer des informations et rumeurs dans le but de porter atteinte aux droits d&rsquo;autrui, ainsi que pour la r\u00e9cup\u00e9ration de syst\u00e8mes d&rsquo;information et la diffusion de nouvelles contenant des faits inexacts dans le but de diffamer autrui et de ternir sa r\u00e9putation.<\/p>\n","protected":false},"excerpt":{"rendered":"<p>Le journaliste Borhene Bsaies doit comparaitre aujourd\u2019hui devant le tribunal de la chambre correctionnelle estivale de la cour d&rsquo;appel de Tunis pour l\u2019examen d&#8230;<\/p>\n","protected":false},"author":3175,"featured_media":246929,"comment_status":"open","ping_status":"closed","sticky":false,"template":"","format":"standard","meta":{"footnotes":""},"categories":[44],"tags":[4263,6088,2835,2619,4868,3313,2608],"class_list":["post-215490","post","type-post","status-publish","format-standard","has-post-thumbnail","hentry","category-national","tag-appel","tag-borhene-bsaies","tag-condamnation","tag-justice","tag-mourad-zeghidi","tag-sonia-dahmani","tag-tunisie"],"yoast_head":"<!-- This site is optimized with the Yoast SEO Premium plugin v27.5 (Yoast SEO v27.5) - https:\/\/yoast.com\/product\/yoast-seo-premium-wordpress\/ -->\n<title>Tunisie : Borhene Bsaies, aujourd&#039;hui, devant la justice<\/title>\n<meta name=\"description\" content=\"Le journaliste Borhene Bsaies doit comparaitre aujourd\u2019hui devant le tribunal de la chambre correctionnelle estivale de la cour d&#039;appel de Tunis pour l\u2019examen d...\" \/>\n<link rel=\"canonical\" href=\"https:\/\/www.webdo.tn\/fr\/actualite\/national\/tunisie-borhene-bsaies-aujourd-hui-devant-la-justice\/215490\/\" \/>\n<meta property=\"og:locale\" content=\"fr_FR\" \/>\n<meta property=\"og:type\" content=\"article\" \/>\n<meta property=\"og:title\" content=\"Tunisie : Borhene Bsaies, aujourd&#039;hui, devant la justice\" \/>\n<meta property=\"og:description\" content=\"Le journaliste Borhene Bsaies doit comparaitre aujourd\u2019hui devant le tribunal de la chambre correctionnelle estivale de la cour d&#039;appel de Tunis pour l\u2019examen d...\" \/>\n<meta property=\"og:url\" content=\"https:\/\/www.webdo.tn\/fr\/actualite\/national\/tunisie-borhene-bsaies-aujourd-hui-devant-la-justice\/215490\/\" \/>\n<meta property=\"og:site_name\" content=\"webdo\" \/>\n<meta property=\"article:publisher\" content=\"https:\/\/www.facebook.com\/webdotn\" \/>\n<meta property=\"article:published_time\" content=\"2024-07-26T11:28:00+00:00\" \/>\n<meta property=\"article:modified_time\" content=\"2025-05-20T22:35:28+00:00\" \/>\n<meta property=\"og:image\" content=\"https:\/\/www.webdo.tn\/fr\/wp-content\/uploads\/2024\/07\/8d37b4c1dac3583900dfb7e844d6d0e9.webp\" \/>\n\t<meta property=\"og:image:width\" content=\"711\" \/>\n\t<meta property=\"og:image:height\" content=\"379\" \/>\n\t<meta property=\"og:image:type\" content=\"image\/webp\" \/>\n<meta name=\"author\" content=\"CL\" \/>\n<meta name=\"twitter:card\" content=\"summary_large_image\" \/>\n<meta name=\"twitter:creator\" content=\"@webdo_tn\" \/>\n<meta name=\"twitter:site\" content=\"@webdo_tn\" \/>\n<meta name=\"twitter:label1\" content=\"\u00c9crit par\" \/>\n\t<meta name=\"twitter:data1\" content=\"CL\" \/>\n\t<meta name=\"twitter:label2\" content=\"Dur\u00e9e de lecture estim\u00e9e\" \/>\n\t<meta name=\"twitter:data2\" content=\"1 minute\" \/>\n<script type=\"application\/ld+json\" class=\"yoast-schema-graph\">{\"@context\":\"https:\\\/\\\/schema.org\",\"@graph\":[{\"@type\":\"NewsArticle\",\"@id\":\"https:\\\/\\\/www.webdo.tn\\\/fr\\\/actualite\\\/national\\\/tunisie-borhene-bsaies-aujourd-hui-devant-la-justice\\\/215490\\\/#article\",\"isPartOf\":{\"@id\":\"https:\\\/\\\/www.webdo.tn\\\/fr\\\/actualite\\\/national\\\/tunisie-borhene-bsaies-aujourd-hui-devant-la-justice\\\/215490\\\/\"},\"author\":{\"name\":\"CL\",\"@id\":\"https:\\\/\\\/www.webdo.tn\\\/fr\\\/#\\\/schema\\\/person\\\/f35b42a42c5e2511bbd282959d6385cc\"},\"headline\":\"Tunisie : Borhene Bsaies, aujourd&rsquo;hui, devant la justice\",\"datePublished\":\"2024-07-26T11:28:00+00:00\",\"dateModified\":\"2025-05-20T22:35:28+00:00\",\"mainEntityOfPage\":{\"@id\":\"https:\\\/\\\/www.webdo.tn\\\/fr\\\/actualite\\\/national\\\/tunisie-borhene-bsaies-aujourd-hui-devant-la-justice\\\/215490\\\/\"},\"wordCount\":247,\"commentCount\":0,\"publisher\":{\"@id\":\"https:\\\/\\\/www.webdo.tn\\\/fr\\\/#organization\"},\"image\":{\"@id\":\"https:\\\/\\\/www.webdo.tn\\\/fr\\\/actualite\\\/national\\\/tunisie-borhene-bsaies-aujourd-hui-devant-la-justice\\\/215490\\\/#primaryimage\"},\"thumbnailUrl\":\"https:\\\/\\\/www.webdo.tn\\\/fr\\\/wp-content\\\/uploads\\\/2024\\\/07\\\/8d37b4c1dac3583900dfb7e844d6d0e9.webp\",\"keywords\":[\"appel\",\"Borhene Bsaies\",\"condamnation\",\"justice\",\"Mourad Zeghidi\",\"sonia dahmani\",\"Tunisie\"],\"articleSection\":[\"National\"],\"inLanguage\":\"fr-FR\"},{\"@type\":\"WebPage\",\"@id\":\"https:\\\/\\\/www.webdo.tn\\\/fr\\\/actualite\\\/national\\\/tunisie-borhene-bsaies-aujourd-hui-devant-la-justice\\\/215490\\\/\",\"url\":\"https:\\\/\\\/www.webdo.tn\\\/fr\\\/actualite\\\/national\\\/tunisie-borhene-bsaies-aujourd-hui-devant-la-justice\\\/215490\\\/\",\"name\":\"Tunisie : Borhene Bsaies, aujourd'hui, devant la justice\",\"isPartOf\":{\"@id\":\"https:\\\/\\\/www.webdo.tn\\\/fr\\\/#website\"},\"primaryImageOfPage\":{\"@id\":\"https:\\\/\\\/www.webdo.tn\\\/fr\\\/actualite\\\/national\\\/tunisie-borhene-bsaies-aujourd-hui-devant-la-justice\\\/215490\\\/#primaryimage\"},\"image\":{\"@id\":\"https:\\\/\\\/www.webdo.tn\\\/fr\\\/actualite\\\/national\\\/tunisie-borhene-bsaies-aujourd-hui-devant-la-justice\\\/215490\\\/#primaryimage\"},\"thumbnailUrl\":\"https:\\\/\\\/www.webdo.tn\\\/fr\\\/wp-content\\\/uploads\\\/2024\\\/07\\\/8d37b4c1dac3583900dfb7e844d6d0e9.webp\",\"datePublished\":\"2024-07-26T11:28:00+00:00\",\"dateModified\":\"2025-05-20T22:35:28+00:00\",\"description\":\"Le journaliste Borhene Bsaies doit comparaitre aujourd\u2019hui devant le tribunal de la chambre correctionnelle estivale de la cour d'appel de Tunis pour l\u2019examen d...\",\"breadcrumb\":{\"@id\":\"https:\\\/\\\/www.webdo.tn\\\/fr\\\/actualite\\\/national\\\/tunisie-borhene-bsaies-aujourd-hui-devant-la-justice\\\/215490\\\/#breadcrumb\"},\"inLanguage\":\"fr-FR\",\"potentialAction\":[{\"@type\":\"ReadAction\",\"target\":[\"https:\\\/\\\/www.webdo.tn\\\/fr\\\/actualite\\\/national\\\/tunisie-borhene-bsaies-aujourd-hui-devant-la-justice\\\/215490\\\/\"]}]},{\"@type\":\"ImageObject\",\"inLanguage\":\"fr-FR\",\"@id\":\"https:\\\/\\\/www.webdo.tn\\\/fr\\\/actualite\\\/national\\\/tunisie-borhene-bsaies-aujourd-hui-devant-la-justice\\\/215490\\\/#primaryimage\",\"url\":\"https:\\\/\\\/www.webdo.tn\\\/fr\\\/wp-content\\\/uploads\\\/2024\\\/07\\\/8d37b4c1dac3583900dfb7e844d6d0e9.webp\",\"contentUrl\":\"https:\\\/\\\/www.webdo.tn\\\/fr\\\/wp-content\\\/uploads\\\/2024\\\/07\\\/8d37b4c1dac3583900dfb7e844d6d0e9.webp\",\"width\":711,\"height\":379,\"caption\":\"Tunisie : Borhene Bsaies, aujourd'hui, devant la justice\"},{\"@type\":\"BreadcrumbList\",\"@id\":\"https:\\\/\\\/www.webdo.tn\\\/fr\\\/actualite\\\/national\\\/tunisie-borhene-bsaies-aujourd-hui-devant-la-justice\\\/215490\\\/#breadcrumb\",\"itemListElement\":[{\"@type\":\"ListItem\",\"position\":1,\"name\":\"Accueil\",\"item\":\"https:\\\/\\\/www.webdo.tn\\\/fr\\\/\"},{\"@type\":\"ListItem\",\"position\":2,\"name\":\"Tunisie : Borhene Bsaies, aujourd&#8217;hui, devant la justice\"}]},{\"@type\":\"WebSite\",\"@id\":\"https:\\\/\\\/www.webdo.tn\\\/fr\\\/#website\",\"url\":\"https:\\\/\\\/www.webdo.tn\\\/fr\\\/\",\"name\":\"webdo\",\"description\":\"Tunisie - News en Tunisie et \u00e0 l&#039;international sur Webdo.tn\",\"publisher\":{\"@id\":\"https:\\\/\\\/www.webdo.tn\\\/fr\\\/#organization\"},\"potentialAction\":[{\"@type\":\"SearchAction\",\"target\":{\"@type\":\"EntryPoint\",\"urlTemplate\":\"https:\\\/\\\/www.webdo.tn\\\/fr\\\/?s={search_term_string}\"},\"query-input\":{\"@type\":\"PropertyValueSpecification\",\"valueRequired\":true,\"valueName\":\"search_term_string\"}}],\"inLanguage\":\"fr-FR\"},{\"@type\":\"Organization\",\"@id\":\"https:\\\/\\\/www.webdo.tn\\\/fr\\\/#organization\",\"name\":\"Webdo\",\"alternateName\":\"Webdo.tn\",\"url\":\"https:\\\/\\\/www.webdo.tn\\\/fr\\\/\",\"logo\":{\"@type\":\"ImageObject\",\"inLanguage\":\"fr-FR\",\"@id\":\"https:\\\/\\\/www.webdo.tn\\\/fr\\\/#\\\/schema\\\/logo\\\/image\\\/\",\"url\":\"https:\\\/\\\/www.webdo.tn\\\/fr\\\/wp-content\\\/uploads\\\/2025\\\/06\\\/Webdo-Tunisie_168377.jpg\",\"contentUrl\":\"https:\\\/\\\/www.webdo.tn\\\/fr\\\/wp-content\\\/uploads\\\/2025\\\/06\\\/Webdo-Tunisie_168377.jpg\",\"width\":301,\"height\":301,\"caption\":\"Webdo\"},\"image\":{\"@id\":\"https:\\\/\\\/www.webdo.tn\\\/fr\\\/#\\\/schema\\\/logo\\\/image\\\/\"},\"sameAs\":[\"https:\\\/\\\/www.facebook.com\\\/webdotn\",\"https:\\\/\\\/x.com\\\/webdo_tn\"],\"description\":\"Webdo est un m\u00e9dia num\u00e9rique tunisien fond\u00e9 en 2010, sp\u00e9cialis\u00e9 dans l\u2019actualit\u00e9 nationale et internationale, l\u2019\u00e9conomie, la soci\u00e9t\u00e9 et les analyses politiques. Le site s\u2019adresse \u00e0 un large public francophone et couvre l\u2019information tunisienne en temps r\u00e9el.\",\"email\":\"redac@webdo.tn\",\"legalName\":\"YNJ SARL\",\"foundingDate\":\"2010-09-06\",\"numberOfEmployees\":{\"@type\":\"QuantitativeValue\",\"minValue\":\"11\",\"maxValue\":\"50\"}},{\"@type\":\"Person\",\"@id\":\"https:\\\/\\\/www.webdo.tn\\\/fr\\\/#\\\/schema\\\/person\\\/f35b42a42c5e2511bbd282959d6385cc\",\"name\":\"CL\",\"image\":{\"@type\":\"ImageObject\",\"inLanguage\":\"fr-FR\",\"@id\":\"https:\\\/\\\/secure.gravatar.com\\\/avatar\\\/1447a49909b67aa657c488aec6512e1dd6143a480c1ecfee9b5b5cd74eb3b59e?s=96&d=mm&r=g\",\"url\":\"https:\\\/\\\/secure.gravatar.com\\\/avatar\\\/1447a49909b67aa657c488aec6512e1dd6143a480c1ecfee9b5b5cd74eb3b59e?s=96&d=mm&r=g\",\"contentUrl\":\"https:\\\/\\\/secure.gravatar.com\\\/avatar\\\/1447a49909b67aa657c488aec6512e1dd6143a480c1ecfee9b5b5cd74eb3b59e?s=96&d=mm&r=g\",\"caption\":\"CL\"},\"url\":\"https:\\\/\\\/www.webdo.tn\\\/fr\\\/actualite\\\/author\\\/cl\\\/\"}]}<\/script>\n<!-- \/ Yoast SEO Premium plugin. -->","yoast_head_json":{"title":"Tunisie : Borhene Bsaies, aujourd'hui, devant la justice","description":"Le journaliste Borhene Bsaies doit comparaitre aujourd\u2019hui devant le tribunal de la chambre correctionnelle estivale de la cour d'appel de Tunis pour l\u2019examen d...","canonical":"https:\/\/www.webdo.tn\/fr\/actualite\/national\/tunisie-borhene-bsaies-aujourd-hui-devant-la-justice\/215490\/","og_locale":"fr_FR","og_type":"article","og_title":"Tunisie : Borhene Bsaies, aujourd'hui, devant la justice","og_description":"Le journaliste Borhene Bsaies doit comparaitre aujourd\u2019hui devant le tribunal de la chambre correctionnelle estivale de la cour d'appel de Tunis pour l\u2019examen d...","og_url":"https:\/\/www.webdo.tn\/fr\/actualite\/national\/tunisie-borhene-bsaies-aujourd-hui-devant-la-justice\/215490\/","og_site_name":"webdo","article_publisher":"https:\/\/www.facebook.com\/webdotn","article_published_time":"2024-07-26T11:28:00+00:00","article_modified_time":"2025-05-20T22:35:28+00:00","og_image":[{"width":711,"height":379,"url":"https:\/\/www.webdo.tn\/fr\/wp-content\/uploads\/2024\/07\/8d37b4c1dac3583900dfb7e844d6d0e9.webp","type":"image\/webp"}],"author":"CL","twitter_card":"summary_large_image","twitter_creator":"@webdo_tn","twitter_site":"@webdo_tn","twitter_misc":{"\u00c9crit par":"CL","Dur\u00e9e de lecture estim\u00e9e":"1 minute"},"schema":{"@context":"https:\/\/schema.org","@graph":[{"@type":"NewsArticle","@id":"https:\/\/www.webdo.tn\/fr\/actualite\/national\/tunisie-borhene-bsaies-aujourd-hui-devant-la-justice\/215490\/#article","isPartOf":{"@id":"https:\/\/www.webdo.tn\/fr\/actualite\/national\/tunisie-borhene-bsaies-aujourd-hui-devant-la-justice\/215490\/"},"author":{"name":"CL","@id":"https:\/\/www.webdo.tn\/fr\/#\/schema\/person\/f35b42a42c5e2511bbd282959d6385cc"},"headline":"Tunisie : Borhene Bsaies, aujourd&rsquo;hui, devant la justice","datePublished":"2024-07-26T11:28:00+00:00","dateModified":"2025-05-20T22:35:28+00:00","mainEntityOfPage":{"@id":"https:\/\/www.webdo.tn\/fr\/actualite\/national\/tunisie-borhene-bsaies-aujourd-hui-devant-la-justice\/215490\/"},"wordCount":247,"commentCount":0,"publisher":{"@id":"https:\/\/www.webdo.tn\/fr\/#organization"},"image":{"@id":"https:\/\/www.webdo.tn\/fr\/actualite\/national\/tunisie-borhene-bsaies-aujourd-hui-devant-la-justice\/215490\/#primaryimage"},"thumbnailUrl":"https:\/\/www.webdo.tn\/fr\/wp-content\/uploads\/2024\/07\/8d37b4c1dac3583900dfb7e844d6d0e9.webp","keywords":["appel","Borhene Bsaies","condamnation","justice","Mourad Zeghidi","sonia dahmani","Tunisie"],"articleSection":["National"],"inLanguage":"fr-FR"},{"@type":"WebPage","@id":"https:\/\/www.webdo.tn\/fr\/actualite\/national\/tunisie-borhene-bsaies-aujourd-hui-devant-la-justice\/215490\/","url":"https:\/\/www.webdo.tn\/fr\/actualite\/national\/tunisie-borhene-bsaies-aujourd-hui-devant-la-justice\/215490\/","name":"Tunisie : Borhene Bsaies, aujourd'hui, devant la justice","isPartOf":{"@id":"https:\/\/www.webdo.tn\/fr\/#website"},"primaryImageOfPage":{"@id":"https:\/\/www.webdo.tn\/fr\/actualite\/national\/tunisie-borhene-bsaies-aujourd-hui-devant-la-justice\/215490\/#primaryimage"},"image":{"@id":"https:\/\/www.webdo.tn\/fr\/actualite\/national\/tunisie-borhene-bsaies-aujourd-hui-devant-la-justice\/215490\/#primaryimage"},"thumbnailUrl":"https:\/\/www.webdo.tn\/fr\/wp-content\/uploads\/2024\/07\/8d37b4c1dac3583900dfb7e844d6d0e9.webp","datePublished":"2024-07-26T11:28:00+00:00","dateModified":"2025-05-20T22:35:28+00:00","description":"Le journaliste Borhene Bsaies doit comparaitre aujourd\u2019hui devant le tribunal de la chambre correctionnelle estivale de la cour d'appel de Tunis pour l\u2019examen d...","breadcrumb":{"@id":"https:\/\/www.webdo.tn\/fr\/actualite\/national\/tunisie-borhene-bsaies-aujourd-hui-devant-la-justice\/215490\/#breadcrumb"},"inLanguage":"fr-FR","potentialAction":[{"@type":"ReadAction","target":["https:\/\/www.webdo.tn\/fr\/actualite\/national\/tunisie-borhene-bsaies-aujourd-hui-devant-la-justice\/215490\/"]}]},{"@type":"ImageObject","inLanguage":"fr-FR","@id":"https:\/\/www.webdo.tn\/fr\/actualite\/national\/tunisie-borhene-bsaies-aujourd-hui-devant-la-justice\/215490\/#primaryimage","url":"https:\/\/www.webdo.tn\/fr\/wp-content\/uploads\/2024\/07\/8d37b4c1dac3583900dfb7e844d6d0e9.webp","contentUrl":"https:\/\/www.webdo.tn\/fr\/wp-content\/uploads\/2024\/07\/8d37b4c1dac3583900dfb7e844d6d0e9.webp","width":711,"height":379,"caption":"Tunisie : Borhene Bsaies, aujourd'hui, devant la justice"},{"@type":"BreadcrumbList","@id":"https:\/\/www.webdo.tn\/fr\/actualite\/national\/tunisie-borhene-bsaies-aujourd-hui-devant-la-justice\/215490\/#breadcrumb","itemListElement":[{"@type":"ListItem","position":1,"name":"Accueil","item":"https:\/\/www.webdo.tn\/fr\/"},{"@type":"ListItem","position":2,"name":"Tunisie : Borhene Bsaies, aujourd&#8217;hui, devant la justice"}]},{"@type":"WebSite","@id":"https:\/\/www.webdo.tn\/fr\/#website","url":"https:\/\/www.webdo.tn\/fr\/","name":"webdo","description":"Tunisie - News en Tunisie et \u00e0 l&#039;international sur Webdo.tn","publisher":{"@id":"https:\/\/www.webdo.tn\/fr\/#organization"},"potentialAction":[{"@type":"SearchAction","target":{"@type":"EntryPoint","urlTemplate":"https:\/\/www.webdo.tn\/fr\/?s={search_term_string}"},"query-input":{"@type":"PropertyValueSpecification","valueRequired":true,"valueName":"search_term_string"}}],"inLanguage":"fr-FR"},{"@type":"Organization","@id":"https:\/\/www.webdo.tn\/fr\/#organization","name":"Webdo","alternateName":"Webdo.tn","url":"https:\/\/www.webdo.tn\/fr\/","logo":{"@type":"ImageObject","inLanguage":"fr-FR","@id":"https:\/\/www.webdo.tn\/fr\/#\/schema\/logo\/image\/","url":"https:\/\/www.webdo.tn\/fr\/wp-content\/uploads\/2025\/06\/Webdo-Tunisie_168377.jpg","contentUrl":"https:\/\/www.webdo.tn\/fr\/wp-content\/uploads\/2025\/06\/Webdo-Tunisie_168377.jpg","width":301,"height":301,"caption":"Webdo"},"image":{"@id":"https:\/\/www.webdo.tn\/fr\/#\/schema\/logo\/image\/"},"sameAs":["https:\/\/www.facebook.com\/webdotn","https:\/\/x.com\/webdo_tn"],"description":"Webdo est un m\u00e9dia num\u00e9rique tunisien fond\u00e9 en 2010, sp\u00e9cialis\u00e9 dans l\u2019actualit\u00e9 nationale et internationale, l\u2019\u00e9conomie, la soci\u00e9t\u00e9 et les analyses politiques. Le site s\u2019adresse \u00e0 un large public francophone et couvre l\u2019information tunisienne en temps r\u00e9el.","email":"redac@webdo.tn","legalName":"YNJ SARL","foundingDate":"2010-09-06","numberOfEmployees":{"@type":"QuantitativeValue","minValue":"11","maxValue":"50"}},{"@type":"Person","@id":"https:\/\/www.webdo.tn\/fr\/#\/schema\/person\/f35b42a42c5e2511bbd282959d6385cc","name":"CL","image":{"@type":"ImageObject","inLanguage":"fr-FR","@id":"https:\/\/secure.gravatar.com\/avatar\/1447a49909b67aa657c488aec6512e1dd6143a480c1ecfee9b5b5cd74eb3b59e?s=96&d=mm&r=g","url":"https:\/\/secure.gravatar.com\/avatar\/1447a49909b67aa657c488aec6512e1dd6143a480c1ecfee9b5b5cd74eb3b59e?s=96&d=mm&r=g","contentUrl":"https:\/\/secure.gravatar.com\/avatar\/1447a49909b67aa657c488aec6512e1dd6143a480c1ecfee9b5b5cd74eb3b59e?s=96&d=mm&r=g","caption":"CL"},"url":"https:\/\/www.webdo.tn\/fr\/actualite\/author\/cl\/"}]}},"_links":{"self":[{"href":"https:\/\/www.webdo.tn\/fr\/wp-json\/wp\/v2\/posts\/215490","targetHints":{"allow":["GET"]}}],"collection":[{"href":"https:\/\/www.webdo.tn\/fr\/wp-json\/wp\/v2\/posts"}],"about":[{"href":"https:\/\/www.webdo.tn\/fr\/wp-json\/wp\/v2\/types\/post"}],"author":[{"embeddable":true,"href":"https:\/\/www.webdo.tn\/fr\/wp-json\/wp\/v2\/users\/3175"}],"replies":[{"embeddable":true,"href":"https:\/\/www.webdo.tn\/fr\/wp-json\/wp\/v2\/comments?post=215490"}],"version-history":[{"count":0,"href":"https:\/\/www.webdo.tn\/fr\/wp-json\/wp\/v2\/posts\/215490\/revisions"}],"wp:featuredmedia":[{"embeddable":true,"href":"https:\/\/www.webdo.tn\/fr\/wp-json\/wp\/v2\/media\/246929"}],"wp:attachment":[{"href":"https:\/\/www.webdo.tn\/fr\/wp-json\/wp\/v2\/media?parent=215490"}],"wp:term":[{"taxonomy":"category","embeddable":true,"href":"https:\/\/www.webdo.tn\/fr\/wp-json\/wp\/v2\/categories?post=215490"},{"taxonomy":"post_tag","embeddable":true,"href":"https:\/\/www.webdo.tn\/fr\/wp-json\/wp\/v2\/tags?post=215490"}],"curies":[{"name":"wp","href":"https:\/\/api.w.org\/{rel}","templated":true}]}}