{"id":215483,"date":"2024-07-26T08:56:00","date_gmt":"2024-07-26T08:56:00","guid":{"rendered":"https:\/\/www.webdo.tn\/fr\/blog\/jo-2024-le-lutteur-amine-guennichi-suspendu-4-ans\/215483\/"},"modified":"2025-05-20T21:50:03","modified_gmt":"2025-05-20T21:50:03","slug":"jo-2024-le-lutteur-amine-guennichi-suspendu-4-ans","status":"publish","type":"post","link":"https:\/\/www.webdo.tn\/fr\/actualite\/sport\/jo-2024-le-lutteur-amine-guennichi-suspendu-4-ans\/215483\/","title":{"rendered":"JO 2024 : Le lutteur Amine Guennichi suspendu 4 ans"},"content":{"rendered":"<p>La participation du lutteur tunisien Amine Guennichi (130 kg) aux JO de Paris est annul\u00e9e. Il est m\u00eame suspendu pour une dur\u00e9e de quatre ans pour ne pas avoir respect\u00e9 le protocole de d\u00e9tection du dopage.<\/p>\n<p>\t\t\t\t\t\t\t\t\tAlors que les Jeux olympiques de Paris ont d\u00e9marr\u00e9, le Tribunal arbitral du sport (TAS) a d\u00e9cid\u00e9 d&rsquo;imposer une suspension de quatre ans au lutteur tunisien Amine Guennichi. Selon le TAS il n\u2019a respect\u00e9 le protocole de d\u00e9tection du dopage et voit sa participation aux JO de Paris annul\u00e9e.<\/p>\n<p>Le TAS reproche \u00e0 Amine Guennichi d\u2019avoir notamment tard\u00e9 \u00e0 fournir un \u00e9chantillon pour analyse, lors d&rsquo;une visite inopin\u00e9e, ce qui repr\u00e9sente une violation du protocole de d\u00e9tection du dopage, rapporte l\u2019agence TAP.<\/p>\n<p>L\u2019agence a cit\u00e9 une source inform\u00e9e qui a affirm\u00e9 que la sanction \u00e9tait \u00ab\u00a0s\u00e9v\u00e8re\u00a0\u00bb, d&rsquo;autant plus que le r\u00e9sultat de l&rsquo;\u00e9chantillon \u00e9tait n\u00e9gatif, en plus des deux jugements rendus en premi\u00e8re instance puis en appel n&rsquo;\u00e9taient pas punissables, selon ses propos, ce qui a permis au lutteur de participer \u00e0 la comp\u00e9tition qualificative aux Jeux olympiques de 2024, qui se sont d\u00e9roul\u00e9s \u00e0 Alexandrie, en \u00c9gypte, en mars dernier.<\/p>\n<p>La m\u00eame source a ajout\u00e9 que l&rsquo;Agence mondiale antidopage (AMA) a fait appel aupr\u00e8s du TAS, qui a annul\u00e9 les deux premiers jugements et a d\u00e9cid\u00e9 de suspendre Amine Guennichi pour quatre ans.<\/p>\n","protected":false},"excerpt":{"rendered":"<p>Alors que les Jeux olympiques de Paris ont d\u00e9marr\u00e9, le Tribunal arbitral du sport (TAS) a d\u00e9cid\u00e9 d&rsquo;imposer une suspension de quatre ans au lutteur tunisien Amin&#8230;<\/p>\n","protected":false},"author":3162,"featured_media":246918,"comment_status":"open","ping_status":"closed","sticky":false,"template":"","format":"standard","meta":{"footnotes":""},"categories":[2593],"tags":[6071,6070,5881,5905,5778,3121,6069,2608],"class_list":["post-215483","post","type-post","status-publish","format-standard","has-post-thumbnail","hentry","category-sport","tag-amine-guennichi","tag-dopage","tag-jeux-olympiques","tag-jo-2024","tag-paris-2024","tag-suspension","tag-tas","tag-tunisie"],"yoast_head":"<!-- This site is optimized with the Yoast SEO Premium plugin v27.4 (Yoast SEO v27.5) - https:\/\/yoast.com\/product\/yoast-seo-premium-wordpress\/ -->\n<title>JO 2024 : Le lutteur Amine Guennichi suspendu 4 ans<\/title>\n<meta name=\"description\" content=\"Alors que les Jeux olympiques de Paris ont d\u00e9marr\u00e9, le Tribunal arbitral du sport (TAS) a d\u00e9cid\u00e9 d&#039;imposer une suspension de quatre ans au lutteur tunisien Amin...\" \/>\n<link rel=\"canonical\" href=\"https:\/\/www.webdo.tn\/fr\/actualite\/sport\/jo-2024-le-lutteur-amine-guennichi-suspendu-4-ans\/215483\/\" \/>\n<meta property=\"og:locale\" content=\"fr_FR\" \/>\n<meta property=\"og:type\" content=\"article\" \/>\n<meta property=\"og:title\" content=\"JO 2024 : Le lutteur Amine Guennichi suspendu 4 ans\" \/>\n<meta property=\"og:description\" content=\"Alors que les Jeux olympiques de Paris ont d\u00e9marr\u00e9, le Tribunal arbitral du sport (TAS) a d\u00e9cid\u00e9 d&#039;imposer une suspension de quatre ans au lutteur tunisien Amin...\" \/>\n<meta property=\"og:url\" content=\"https:\/\/www.webdo.tn\/fr\/actualite\/sport\/jo-2024-le-lutteur-amine-guennichi-suspendu-4-ans\/215483\/\" \/>\n<meta property=\"og:site_name\" content=\"webdo\" \/>\n<meta property=\"article:publisher\" content=\"https:\/\/www.facebook.com\/webdotn\" \/>\n<meta property=\"article:published_time\" content=\"2024-07-26T08:56:00+00:00\" \/>\n<meta property=\"article:modified_time\" content=\"2025-05-20T21:50:03+00:00\" \/>\n<meta property=\"og:image\" content=\"https:\/\/www.webdo.tn\/fr\/wp-content\/uploads\/2024\/07\/6e3c29f4b04905db5c63fd8f4ecc2a93.webp\" \/>\n\t<meta property=\"og:image:width\" content=\"750\" \/>\n\t<meta property=\"og:image:height\" content=\"400\" \/>\n\t<meta property=\"og:image:type\" content=\"image\/webp\" \/>\n<meta name=\"author\" content=\"MC\" \/>\n<meta name=\"twitter:card\" content=\"summary_large_image\" \/>\n<meta name=\"twitter:creator\" content=\"@webdo_tn\" \/>\n<meta name=\"twitter:site\" content=\"@webdo_tn\" \/>\n<meta name=\"twitter:label1\" content=\"\u00c9crit par\" \/>\n\t<meta name=\"twitter:data1\" content=\"MC\" \/>\n\t<meta name=\"twitter:label2\" content=\"Dur\u00e9e de lecture estim\u00e9e\" \/>\n\t<meta name=\"twitter:data2\" content=\"1 minute\" \/>\n<script type=\"application\/ld+json\" class=\"yoast-schema-graph\">{\"@context\":\"https:\\\/\\\/schema.org\",\"@graph\":[{\"@type\":\"NewsArticle\",\"@id\":\"https:\\\/\\\/www.webdo.tn\\\/fr\\\/actualite\\\/sport\\\/jo-2024-le-lutteur-amine-guennichi-suspendu-4-ans\\\/215483\\\/#article\",\"isPartOf\":{\"@id\":\"https:\\\/\\\/www.webdo.tn\\\/fr\\\/actualite\\\/sport\\\/jo-2024-le-lutteur-amine-guennichi-suspendu-4-ans\\\/215483\\\/\"},\"author\":{\"name\":\"MC\",\"@id\":\"https:\\\/\\\/www.webdo.tn\\\/fr\\\/#\\\/schema\\\/person\\\/2c4929cbf5a809e3bd38617c6ce150f6\"},\"headline\":\"JO 2024 : Le lutteur Amine Guennichi suspendu 4 ans\",\"datePublished\":\"2024-07-26T08:56:00+00:00\",\"dateModified\":\"2025-05-20T21:50:03+00:00\",\"mainEntityOfPage\":{\"@id\":\"https:\\\/\\\/www.webdo.tn\\\/fr\\\/actualite\\\/sport\\\/jo-2024-le-lutteur-amine-guennichi-suspendu-4-ans\\\/215483\\\/\"},\"wordCount\":254,\"commentCount\":0,\"publisher\":{\"@id\":\"https:\\\/\\\/www.webdo.tn\\\/fr\\\/#organization\"},\"image\":{\"@id\":\"https:\\\/\\\/www.webdo.tn\\\/fr\\\/actualite\\\/sport\\\/jo-2024-le-lutteur-amine-guennichi-suspendu-4-ans\\\/215483\\\/#primaryimage\"},\"thumbnailUrl\":\"https:\\\/\\\/www.webdo.tn\\\/fr\\\/wp-content\\\/uploads\\\/2024\\\/07\\\/6e3c29f4b04905db5c63fd8f4ecc2a93.webp\",\"keywords\":[\"Amine Guennichi\",\"dopage\",\"jeux olympiques\",\"JO 2024\",\"Paris 2024\",\"suspension\",\"TAS\",\"Tunisie\"],\"articleSection\":[\"Sport\"],\"inLanguage\":\"fr-FR\"},{\"@type\":\"WebPage\",\"@id\":\"https:\\\/\\\/www.webdo.tn\\\/fr\\\/actualite\\\/sport\\\/jo-2024-le-lutteur-amine-guennichi-suspendu-4-ans\\\/215483\\\/\",\"url\":\"https:\\\/\\\/www.webdo.tn\\\/fr\\\/actualite\\\/sport\\\/jo-2024-le-lutteur-amine-guennichi-suspendu-4-ans\\\/215483\\\/\",\"name\":\"JO 2024 : Le lutteur Amine Guennichi suspendu 4 ans\",\"isPartOf\":{\"@id\":\"https:\\\/\\\/www.webdo.tn\\\/fr\\\/#website\"},\"primaryImageOfPage\":{\"@id\":\"https:\\\/\\\/www.webdo.tn\\\/fr\\\/actualite\\\/sport\\\/jo-2024-le-lutteur-amine-guennichi-suspendu-4-ans\\\/215483\\\/#primaryimage\"},\"image\":{\"@id\":\"https:\\\/\\\/www.webdo.tn\\\/fr\\\/actualite\\\/sport\\\/jo-2024-le-lutteur-amine-guennichi-suspendu-4-ans\\\/215483\\\/#primaryimage\"},\"thumbnailUrl\":\"https:\\\/\\\/www.webdo.tn\\\/fr\\\/wp-content\\\/uploads\\\/2024\\\/07\\\/6e3c29f4b04905db5c63fd8f4ecc2a93.webp\",\"datePublished\":\"2024-07-26T08:56:00+00:00\",\"dateModified\":\"2025-05-20T21:50:03+00:00\",\"description\":\"Alors que les Jeux olympiques de Paris ont d\u00e9marr\u00e9, le Tribunal arbitral du sport (TAS) a d\u00e9cid\u00e9 d'imposer une suspension de quatre ans au lutteur tunisien Amin...\",\"breadcrumb\":{\"@id\":\"https:\\\/\\\/www.webdo.tn\\\/fr\\\/actualite\\\/sport\\\/jo-2024-le-lutteur-amine-guennichi-suspendu-4-ans\\\/215483\\\/#breadcrumb\"},\"inLanguage\":\"fr-FR\",\"potentialAction\":[{\"@type\":\"ReadAction\",\"target\":[\"https:\\\/\\\/www.webdo.tn\\\/fr\\\/actualite\\\/sport\\\/jo-2024-le-lutteur-amine-guennichi-suspendu-4-ans\\\/215483\\\/\"]}]},{\"@type\":\"ImageObject\",\"inLanguage\":\"fr-FR\",\"@id\":\"https:\\\/\\\/www.webdo.tn\\\/fr\\\/actualite\\\/sport\\\/jo-2024-le-lutteur-amine-guennichi-suspendu-4-ans\\\/215483\\\/#primaryimage\",\"url\":\"https:\\\/\\\/www.webdo.tn\\\/fr\\\/wp-content\\\/uploads\\\/2024\\\/07\\\/6e3c29f4b04905db5c63fd8f4ecc2a93.webp\",\"contentUrl\":\"https:\\\/\\\/www.webdo.tn\\\/fr\\\/wp-content\\\/uploads\\\/2024\\\/07\\\/6e3c29f4b04905db5c63fd8f4ecc2a93.webp\",\"width\":750,\"height\":400,\"caption\":\"JO 2024 : Le lutteur Amine Guennichi suspendu 4 ans\"},{\"@type\":\"BreadcrumbList\",\"@id\":\"https:\\\/\\\/www.webdo.tn\\\/fr\\\/actualite\\\/sport\\\/jo-2024-le-lutteur-amine-guennichi-suspendu-4-ans\\\/215483\\\/#breadcrumb\",\"itemListElement\":[{\"@type\":\"ListItem\",\"position\":1,\"name\":\"Accueil\",\"item\":\"https:\\\/\\\/www.webdo.tn\\\/fr\\\/\"},{\"@type\":\"ListItem\",\"position\":2,\"name\":\"JO 2024 : Le lutteur Amine Guennichi suspendu 4 ans\"}]},{\"@type\":\"WebSite\",\"@id\":\"https:\\\/\\\/www.webdo.tn\\\/fr\\\/#website\",\"url\":\"https:\\\/\\\/www.webdo.tn\\\/fr\\\/\",\"name\":\"webdo\",\"description\":\"Tunisie - News en Tunisie et \u00e0 l&#039;international sur Webdo.tn\",\"publisher\":{\"@id\":\"https:\\\/\\\/www.webdo.tn\\\/fr\\\/#organization\"},\"potentialAction\":[{\"@type\":\"SearchAction\",\"target\":{\"@type\":\"EntryPoint\",\"urlTemplate\":\"https:\\\/\\\/www.webdo.tn\\\/fr\\\/?s={search_term_string}\"},\"query-input\":{\"@type\":\"PropertyValueSpecification\",\"valueRequired\":true,\"valueName\":\"search_term_string\"}}],\"inLanguage\":\"fr-FR\"},{\"@type\":\"Organization\",\"@id\":\"https:\\\/\\\/www.webdo.tn\\\/fr\\\/#organization\",\"name\":\"Webdo\",\"alternateName\":\"Webdo.tn\",\"url\":\"https:\\\/\\\/www.webdo.tn\\\/fr\\\/\",\"logo\":{\"@type\":\"ImageObject\",\"inLanguage\":\"fr-FR\",\"@id\":\"https:\\\/\\\/www.webdo.tn\\\/fr\\\/#\\\/schema\\\/logo\\\/image\\\/\",\"url\":\"https:\\\/\\\/www.webdo.tn\\\/fr\\\/wp-content\\\/uploads\\\/2025\\\/06\\\/Webdo-Tunisie_168377.jpg\",\"contentUrl\":\"https:\\\/\\\/www.webdo.tn\\\/fr\\\/wp-content\\\/uploads\\\/2025\\\/06\\\/Webdo-Tunisie_168377.jpg\",\"width\":301,\"height\":301,\"caption\":\"Webdo\"},\"image\":{\"@id\":\"https:\\\/\\\/www.webdo.tn\\\/fr\\\/#\\\/schema\\\/logo\\\/image\\\/\"},\"sameAs\":[\"https:\\\/\\\/www.facebook.com\\\/webdotn\",\"https:\\\/\\\/x.com\\\/webdo_tn\"],\"description\":\"Webdo est un m\u00e9dia num\u00e9rique tunisien fond\u00e9 en 2010, sp\u00e9cialis\u00e9 dans l\u2019actualit\u00e9 nationale et internationale, l\u2019\u00e9conomie, la soci\u00e9t\u00e9 et les analyses politiques. Le site s\u2019adresse \u00e0 un large public francophone et couvre l\u2019information tunisienne en temps r\u00e9el.\",\"email\":\"redac@webdo.tn\",\"legalName\":\"YNJ SARL\",\"foundingDate\":\"2010-09-06\",\"numberOfEmployees\":{\"@type\":\"QuantitativeValue\",\"minValue\":\"11\",\"maxValue\":\"50\"}},{\"@type\":\"Person\",\"@id\":\"https:\\\/\\\/www.webdo.tn\\\/fr\\\/#\\\/schema\\\/person\\\/2c4929cbf5a809e3bd38617c6ce150f6\",\"name\":\"MC\",\"image\":{\"@type\":\"ImageObject\",\"inLanguage\":\"fr-FR\",\"@id\":\"https:\\\/\\\/secure.gravatar.com\\\/avatar\\\/a545bbb6f84efdd5553dbbc2895e3ca8f1d12c5215e00a041c9670b54aa9b18a?s=96&d=mm&r=g\",\"url\":\"https:\\\/\\\/secure.gravatar.com\\\/avatar\\\/a545bbb6f84efdd5553dbbc2895e3ca8f1d12c5215e00a041c9670b54aa9b18a?s=96&d=mm&r=g\",\"contentUrl\":\"https:\\\/\\\/secure.gravatar.com\\\/avatar\\\/a545bbb6f84efdd5553dbbc2895e3ca8f1d12c5215e00a041c9670b54aa9b18a?s=96&d=mm&r=g\",\"caption\":\"MC\"},\"url\":\"https:\\\/\\\/www.webdo.tn\\\/fr\\\/actualite\\\/author\\\/mc\\\/\"}]}<\/script>\n<!-- \/ Yoast SEO Premium plugin. -->","yoast_head_json":{"title":"JO 2024 : Le lutteur Amine Guennichi suspendu 4 ans","description":"Alors que les Jeux olympiques de Paris ont d\u00e9marr\u00e9, le Tribunal arbitral du sport (TAS) a d\u00e9cid\u00e9 d'imposer une suspension de quatre ans au lutteur tunisien Amin...","canonical":"https:\/\/www.webdo.tn\/fr\/actualite\/sport\/jo-2024-le-lutteur-amine-guennichi-suspendu-4-ans\/215483\/","og_locale":"fr_FR","og_type":"article","og_title":"JO 2024 : Le lutteur Amine Guennichi suspendu 4 ans","og_description":"Alors que les Jeux olympiques de Paris ont d\u00e9marr\u00e9, le Tribunal arbitral du sport (TAS) a d\u00e9cid\u00e9 d'imposer une suspension de quatre ans au lutteur tunisien Amin...","og_url":"https:\/\/www.webdo.tn\/fr\/actualite\/sport\/jo-2024-le-lutteur-amine-guennichi-suspendu-4-ans\/215483\/","og_site_name":"webdo","article_publisher":"https:\/\/www.facebook.com\/webdotn","article_published_time":"2024-07-26T08:56:00+00:00","article_modified_time":"2025-05-20T21:50:03+00:00","og_image":[{"width":750,"height":400,"url":"https:\/\/www.webdo.tn\/fr\/wp-content\/uploads\/2024\/07\/6e3c29f4b04905db5c63fd8f4ecc2a93.webp","type":"image\/webp"}],"author":"MC","twitter_card":"summary_large_image","twitter_creator":"@webdo_tn","twitter_site":"@webdo_tn","twitter_misc":{"\u00c9crit par":"MC","Dur\u00e9e de lecture estim\u00e9e":"1 minute"},"schema":{"@context":"https:\/\/schema.org","@graph":[{"@type":"NewsArticle","@id":"https:\/\/www.webdo.tn\/fr\/actualite\/sport\/jo-2024-le-lutteur-amine-guennichi-suspendu-4-ans\/215483\/#article","isPartOf":{"@id":"https:\/\/www.webdo.tn\/fr\/actualite\/sport\/jo-2024-le-lutteur-amine-guennichi-suspendu-4-ans\/215483\/"},"author":{"name":"MC","@id":"https:\/\/www.webdo.tn\/fr\/#\/schema\/person\/2c4929cbf5a809e3bd38617c6ce150f6"},"headline":"JO 2024 : Le lutteur Amine Guennichi suspendu 4 ans","datePublished":"2024-07-26T08:56:00+00:00","dateModified":"2025-05-20T21:50:03+00:00","mainEntityOfPage":{"@id":"https:\/\/www.webdo.tn\/fr\/actualite\/sport\/jo-2024-le-lutteur-amine-guennichi-suspendu-4-ans\/215483\/"},"wordCount":254,"commentCount":0,"publisher":{"@id":"https:\/\/www.webdo.tn\/fr\/#organization"},"image":{"@id":"https:\/\/www.webdo.tn\/fr\/actualite\/sport\/jo-2024-le-lutteur-amine-guennichi-suspendu-4-ans\/215483\/#primaryimage"},"thumbnailUrl":"https:\/\/www.webdo.tn\/fr\/wp-content\/uploads\/2024\/07\/6e3c29f4b04905db5c63fd8f4ecc2a93.webp","keywords":["Amine Guennichi","dopage","jeux olympiques","JO 2024","Paris 2024","suspension","TAS","Tunisie"],"articleSection":["Sport"],"inLanguage":"fr-FR"},{"@type":"WebPage","@id":"https:\/\/www.webdo.tn\/fr\/actualite\/sport\/jo-2024-le-lutteur-amine-guennichi-suspendu-4-ans\/215483\/","url":"https:\/\/www.webdo.tn\/fr\/actualite\/sport\/jo-2024-le-lutteur-amine-guennichi-suspendu-4-ans\/215483\/","name":"JO 2024 : Le lutteur Amine Guennichi suspendu 4 ans","isPartOf":{"@id":"https:\/\/www.webdo.tn\/fr\/#website"},"primaryImageOfPage":{"@id":"https:\/\/www.webdo.tn\/fr\/actualite\/sport\/jo-2024-le-lutteur-amine-guennichi-suspendu-4-ans\/215483\/#primaryimage"},"image":{"@id":"https:\/\/www.webdo.tn\/fr\/actualite\/sport\/jo-2024-le-lutteur-amine-guennichi-suspendu-4-ans\/215483\/#primaryimage"},"thumbnailUrl":"https:\/\/www.webdo.tn\/fr\/wp-content\/uploads\/2024\/07\/6e3c29f4b04905db5c63fd8f4ecc2a93.webp","datePublished":"2024-07-26T08:56:00+00:00","dateModified":"2025-05-20T21:50:03+00:00","description":"Alors que les Jeux olympiques de Paris ont d\u00e9marr\u00e9, le Tribunal arbitral du sport (TAS) a d\u00e9cid\u00e9 d'imposer une suspension de quatre ans au lutteur tunisien Amin...","breadcrumb":{"@id":"https:\/\/www.webdo.tn\/fr\/actualite\/sport\/jo-2024-le-lutteur-amine-guennichi-suspendu-4-ans\/215483\/#breadcrumb"},"inLanguage":"fr-FR","potentialAction":[{"@type":"ReadAction","target":["https:\/\/www.webdo.tn\/fr\/actualite\/sport\/jo-2024-le-lutteur-amine-guennichi-suspendu-4-ans\/215483\/"]}]},{"@type":"ImageObject","inLanguage":"fr-FR","@id":"https:\/\/www.webdo.tn\/fr\/actualite\/sport\/jo-2024-le-lutteur-amine-guennichi-suspendu-4-ans\/215483\/#primaryimage","url":"https:\/\/www.webdo.tn\/fr\/wp-content\/uploads\/2024\/07\/6e3c29f4b04905db5c63fd8f4ecc2a93.webp","contentUrl":"https:\/\/www.webdo.tn\/fr\/wp-content\/uploads\/2024\/07\/6e3c29f4b04905db5c63fd8f4ecc2a93.webp","width":750,"height":400,"caption":"JO 2024 : Le lutteur Amine Guennichi suspendu 4 ans"},{"@type":"BreadcrumbList","@id":"https:\/\/www.webdo.tn\/fr\/actualite\/sport\/jo-2024-le-lutteur-amine-guennichi-suspendu-4-ans\/215483\/#breadcrumb","itemListElement":[{"@type":"ListItem","position":1,"name":"Accueil","item":"https:\/\/www.webdo.tn\/fr\/"},{"@type":"ListItem","position":2,"name":"JO 2024 : Le lutteur Amine Guennichi suspendu 4 ans"}]},{"@type":"WebSite","@id":"https:\/\/www.webdo.tn\/fr\/#website","url":"https:\/\/www.webdo.tn\/fr\/","name":"webdo","description":"Tunisie - News en Tunisie et \u00e0 l&#039;international sur Webdo.tn","publisher":{"@id":"https:\/\/www.webdo.tn\/fr\/#organization"},"potentialAction":[{"@type":"SearchAction","target":{"@type":"EntryPoint","urlTemplate":"https:\/\/www.webdo.tn\/fr\/?s={search_term_string}"},"query-input":{"@type":"PropertyValueSpecification","valueRequired":true,"valueName":"search_term_string"}}],"inLanguage":"fr-FR"},{"@type":"Organization","@id":"https:\/\/www.webdo.tn\/fr\/#organization","name":"Webdo","alternateName":"Webdo.tn","url":"https:\/\/www.webdo.tn\/fr\/","logo":{"@type":"ImageObject","inLanguage":"fr-FR","@id":"https:\/\/www.webdo.tn\/fr\/#\/schema\/logo\/image\/","url":"https:\/\/www.webdo.tn\/fr\/wp-content\/uploads\/2025\/06\/Webdo-Tunisie_168377.jpg","contentUrl":"https:\/\/www.webdo.tn\/fr\/wp-content\/uploads\/2025\/06\/Webdo-Tunisie_168377.jpg","width":301,"height":301,"caption":"Webdo"},"image":{"@id":"https:\/\/www.webdo.tn\/fr\/#\/schema\/logo\/image\/"},"sameAs":["https:\/\/www.facebook.com\/webdotn","https:\/\/x.com\/webdo_tn"],"description":"Webdo est un m\u00e9dia num\u00e9rique tunisien fond\u00e9 en 2010, sp\u00e9cialis\u00e9 dans l\u2019actualit\u00e9 nationale et internationale, l\u2019\u00e9conomie, la soci\u00e9t\u00e9 et les analyses politiques. Le site s\u2019adresse \u00e0 un large public francophone et couvre l\u2019information tunisienne en temps r\u00e9el.","email":"redac@webdo.tn","legalName":"YNJ SARL","foundingDate":"2010-09-06","numberOfEmployees":{"@type":"QuantitativeValue","minValue":"11","maxValue":"50"}},{"@type":"Person","@id":"https:\/\/www.webdo.tn\/fr\/#\/schema\/person\/2c4929cbf5a809e3bd38617c6ce150f6","name":"MC","image":{"@type":"ImageObject","inLanguage":"fr-FR","@id":"https:\/\/secure.gravatar.com\/avatar\/a545bbb6f84efdd5553dbbc2895e3ca8f1d12c5215e00a041c9670b54aa9b18a?s=96&d=mm&r=g","url":"https:\/\/secure.gravatar.com\/avatar\/a545bbb6f84efdd5553dbbc2895e3ca8f1d12c5215e00a041c9670b54aa9b18a?s=96&d=mm&r=g","contentUrl":"https:\/\/secure.gravatar.com\/avatar\/a545bbb6f84efdd5553dbbc2895e3ca8f1d12c5215e00a041c9670b54aa9b18a?s=96&d=mm&r=g","caption":"MC"},"url":"https:\/\/www.webdo.tn\/fr\/actualite\/author\/mc\/"}]}},"_links":{"self":[{"href":"https:\/\/www.webdo.tn\/fr\/wp-json\/wp\/v2\/posts\/215483","targetHints":{"allow":["GET"]}}],"collection":[{"href":"https:\/\/www.webdo.tn\/fr\/wp-json\/wp\/v2\/posts"}],"about":[{"href":"https:\/\/www.webdo.tn\/fr\/wp-json\/wp\/v2\/types\/post"}],"author":[{"embeddable":true,"href":"https:\/\/www.webdo.tn\/fr\/wp-json\/wp\/v2\/users\/3162"}],"replies":[{"embeddable":true,"href":"https:\/\/www.webdo.tn\/fr\/wp-json\/wp\/v2\/comments?post=215483"}],"version-history":[{"count":0,"href":"https:\/\/www.webdo.tn\/fr\/wp-json\/wp\/v2\/posts\/215483\/revisions"}],"wp:featuredmedia":[{"embeddable":true,"href":"https:\/\/www.webdo.tn\/fr\/wp-json\/wp\/v2\/media\/246918"}],"wp:attachment":[{"href":"https:\/\/www.webdo.tn\/fr\/wp-json\/wp\/v2\/media?parent=215483"}],"wp:term":[{"taxonomy":"category","embeddable":true,"href":"https:\/\/www.webdo.tn\/fr\/wp-json\/wp\/v2\/categories?post=215483"},{"taxonomy":"post_tag","embeddable":true,"href":"https:\/\/www.webdo.tn\/fr\/wp-json\/wp\/v2\/tags?post=215483"}],"curies":[{"name":"wp","href":"https:\/\/api.w.org\/{rel}","templated":true}]}}