{"id":215475,"date":"2024-07-25T12:17:00","date_gmt":"2024-07-25T12:17:00","guid":{"rendered":"https:\/\/www.webdo.tn\/fr\/blog\/une-procession-sept-plongeons-et-une-assida-au-miel\/215475\/"},"modified":"2025-05-21T09:10:07","modified_gmt":"2025-05-21T09:10:07","slug":"une-procession-sept-plongeons-et-une-assida-au-miel","status":"publish","type":"post","link":"https:\/\/www.webdo.tn\/fr\/actualite\/chroniques\/une-procession-sept-plongeons-et-une-assida-au-miel\/215475\/","title":{"rendered":"Une procession, sept plongeons et une assida au miel\u00a0"},"content":{"rendered":"<p>Plusieurs rituels accompagnent la saison d&rsquo;Aoussou, au c\u0153ur de la canicule estivale. Comme des transmissions invisibles qui ont travers\u00e9 les si\u00e8cles.\u00a0<\/p>\n<p>\t\t\t\t\t\t\t\t\tAujourd&rsquo;hui, 25 juillet, nous ouvrons la saison d&rsquo;Aoussou et, je vais l&rsquo;expliquer, les bains de mer sont une tradition s\u00e9culaire, imm\u00e9moriale, qui remonte \u00e0 tr\u00e8s loin, probablement \u00e0 l&rsquo;Antiquit\u00e9.\u00a0<\/p>\n<p>C&rsquo;est donc le 25 juillet que, selon le calendrier agricole tunisien, nous c\u00e9l\u00e9brons l&rsquo;av\u00e9nement de la saison d&rsquo;Aoussou dont l&rsquo;\u00e9tymologie renverrait \u00e0 Augustus.\u00a0<\/p>\n<p>Des rituels persistants et peut-\u00eatre quelques r\u00e9miniscences antiques accompagnent cette c\u00e9l\u00e9bration qui pourrait \u00eatre li\u00e9e \u00e0 Neptune.\u00a0<\/p>\n<p>Le calendrier traditionnel tunisien a des origines juliennes puisqu&rsquo;il a \u00e9t\u00e9 introduit par Jules C\u00e9sar. Parmi les saisons de ce calendrier, celle de Aoussou est la plus chaude de l&rsquo;ann\u00e9e.\u00a0<br \/>\nConsid\u00e9r\u00e9e comme la saison de la canicule, Aoussou se divise en deux sous-saisons qui durent chacune une vingtaine de jours et se d\u00e9roulent de juillet \u00e0 septembre.\u00a0<br \/>\nLa premi\u00e8re se nomme Toulou&rsquo; Aoussou (la mont\u00e9e de la canicule). Elle est suivie par Roujou&rsquo; Aoussou (la d\u00e9croissance de la canicule) qui d\u00e9bouche sur le d\u00e9but de l&rsquo;automne traditionnel.<\/p>\n<p>Un premier point concerne l&rsquo;\u00e9tymologie du terme Aoussou. Pour les uns, ce mot proviendrait de \u00ab\u00a0Augustus\u00a0\u00bb, le nom du mois d&rsquo;ao\u00fbt en latin. Pour d&rsquo;autres sources, ce serait plut\u00f4t une corruption de \u00ab\u00a0Oc\u00e9an\u00a0\u00bb, autre appellation de Neptune, le dieu de la mer.\u00a0<\/p>\n<p>En ce sens, dans les r\u00e9gions du Sahel tunisien, on parle de Baba Aoussou, ce qui pour certains anthropologues pourrait renvoyer \u00e0 Neptune.<br \/>\nAinsi, les f\u00eates populaires qui accompagnent l&rsquo;entr\u00e9e d&rsquo;Aoussou seraient reli\u00e9es \u00e0 l&rsquo;ancien culte de Neptune, figure tut\u00e9laire de certaines villes de l&rsquo;Antiquit\u00e9.<\/p>\n<p>Avec le passage du temps, la c\u00e9l\u00e9bration paienne aurait ainsi perdu son sens premier mais se serait transmise. Ainsi, le carnaval de Sousse \u00e0 l&rsquo;occasion d&rsquo; Aoussou serait une lointaine r\u00e9miniscence de l&rsquo;Antiquit\u00e9.<\/p>\n<p>Plusieurs rituels accompagnent l&rsquo;entr\u00e9e d&rsquo;Aoussou. M\u00eame si elles ont relativement perdu de leur vivacit\u00e9, ces coutumes soulignent que la p\u00e9riode d&rsquo;Aoussou est celle de soins pr\u00e9ventifs et de rituels li\u00e9s \u00e0 la mer.<\/p>\n<p>En ce sens, on fait des ablutions avec de l&rsquo;eau de mer, on se baigne, on se lave le corps pour se pr\u00e9munir de toute maladie.<br \/>\nOn prononce une formule propitiatoire: \u00ab\u00a0Ya Baba Aoussou nehhi edda elli nhessou\u00a0\u00bb ce qui signifie \u00a0\u00bb Aoussou enleve le mal que je ressens\u00a0\u00bb.<br \/>\nOn s&rsquo;adresse aussi \u00e0 \u00ab\u00a0bhar Aoussou\u00a0\u00bb c&rsquo;est \u00e0 dire la mer d&rsquo;Aoussou dans laquelle on prend des bains quasiment rituels.<\/p>\n<p>Pour Aoussou, on recherche \u00e0 nager dans sept vagues successives. On emm\u00e8ne aussi les b\u00eates de somme \u00e0 la mer pour les asperger d&rsquo;eau et les faire entrer dans les flots.<\/p>\n<p>La tradition voulait qu&rsquo;on entre collectivement dans la mer, en famille et aussi avec les animaux.\u00a0<br \/>\nComme soulign\u00e9, les baigneurs visent sept vagues successives distinctes. Dans la mer, ils lancent des brass\u00e9es d&rsquo;eau qui retombent ensuite comme de l&rsquo;eau de pluie.<br \/>\nPar ailleurs, les nuages qu&rsquo;on voit, sont aussi annonciateurs d&rsquo;une ann\u00e9e f\u00e9conde.\u00a0<\/p>\n<p>Les rites d&rsquo;Aoussou sont pour l&rsquo;essentiel destin\u00e9s \u00e0 \u00e9loigner le mal, la maladie, les sortil\u00e8ges. Ils sont fortement li\u00e9s \u00e0 la mer.<\/p>\n<p>Par ailleurs, pour Aoussou, on mange une assida au miel; cette bouillie de semoule est mang\u00e9e t\u00f4t puis on n&rsquo;ingurgite plus rien croyant que le corps serait ainsi purifi\u00e9. Par ailleurs, c&rsquo;est en p\u00e9riode de Aoussou qu&rsquo;on r\u00e9colte certaines vari\u00e9t\u00e9s de miel.<br \/>\nCette f\u00eate aurait ainsi des racines tr\u00e8s lointaines, souligne l&rsquo;arriv\u00e9e de la canicule et s&rsquo;accompagne de nombreux rituels li\u00e9s \u00e0 la mer. Cette survivance reli\u00e9e \u00e0 l&rsquo;antiquit\u00e9 est l&rsquo;une des continuit\u00e9s invisibles qui nous renvoient \u00e0 notre pass\u00e9 antique.<\/p>\n<p>On comprendra d\u00e8s lors ce qui me pousse \u00e0 m&rsquo;entretenir avec la mer d&rsquo;Aoussou. Probablement mon fonds pa\u00efen que je pr\u00e9serve jalousement et aussi la croyance irr\u00e9pressible que nous sommes ainsi. De plus, le ciel est aujourd&rsquo;hui nuageux et nous sommes ainsi : nous le voyons comme un signe. Peut-\u00eatre nos Olympes oubli\u00e9es nous taquinent-elles pour nous \u00e9prouver davantage ! Le ciel n&rsquo;en reste pas moins voil\u00e9, envelopp\u00e9 dans une brume blanch\u00e2tre que traversent les nuages.<\/p>\n","protected":false},"excerpt":{"rendered":"<p>Plusieurs rituels accompagnent la saison d&rsquo;Aoussou, au c\u0153ur de la canicule estivale. Comme des transmissions invisibles qui ont travers\u00e9 les si\u00e8cles.\u00a0<\/p>\n","protected":false},"author":3169,"featured_media":246919,"comment_status":"open","ping_status":"closed","sticky":false,"template":"","format":"standard","meta":{"footnotes":""},"categories":[2596],"tags":[6072,6074,6073,2608],"class_list":["post-215475","post","type-post","status-publish","format-standard","has-post-thumbnail","hentry","category-chroniques","tag-aoussou","tag-rituels-estivaux","tag-traditions-tunisiennes","tag-tunisie"],"yoast_head":"<!-- This site is optimized with the Yoast SEO Premium plugin v27.5 (Yoast SEO v27.5) - https:\/\/yoast.com\/product\/yoast-seo-premium-wordpress\/ -->\n<title>Une procession, sept plongeons et une assida au miel\u00a0<\/title>\n<meta name=\"description\" content=\"Plusieurs rituels accompagnent la saison d&#039;Aoussou, au c\u0153ur de la canicule estivale. Comme des transmissions invisibles qui ont travers\u00e9 les si\u00e8cles.\u00a0\" \/>\n<link rel=\"canonical\" href=\"https:\/\/www.webdo.tn\/fr\/actualite\/chroniques\/une-procession-sept-plongeons-et-une-assida-au-miel\/215475\/\" \/>\n<meta property=\"og:locale\" content=\"fr_FR\" \/>\n<meta property=\"og:type\" content=\"article\" \/>\n<meta property=\"og:title\" content=\"Une procession, sept plongeons et une assida au miel\u00a0\" \/>\n<meta property=\"og:description\" content=\"Plusieurs rituels accompagnent la saison d&#039;Aoussou, au c\u0153ur de la canicule estivale. Comme des transmissions invisibles qui ont travers\u00e9 les si\u00e8cles.\u00a0\" \/>\n<meta property=\"og:url\" content=\"https:\/\/www.webdo.tn\/fr\/actualite\/chroniques\/une-procession-sept-plongeons-et-une-assida-au-miel\/215475\/\" \/>\n<meta property=\"og:site_name\" content=\"webdo\" \/>\n<meta property=\"article:publisher\" content=\"https:\/\/www.facebook.com\/webdotn\" \/>\n<meta property=\"article:published_time\" content=\"2024-07-25T12:17:00+00:00\" \/>\n<meta property=\"article:modified_time\" content=\"2025-05-21T09:10:07+00:00\" \/>\n<meta property=\"og:image\" content=\"https:\/\/www.webdo.tn\/fr\/wp-content\/uploads\/2024\/07\/380b919a7702cb0d61563f067060c1e7.webp\" \/>\n\t<meta property=\"og:image:width\" content=\"750\" \/>\n\t<meta property=\"og:image:height\" content=\"400\" \/>\n\t<meta property=\"og:image:type\" content=\"image\/webp\" \/>\n<meta name=\"author\" content=\"Webdo\" \/>\n<meta name=\"twitter:card\" content=\"summary_large_image\" \/>\n<meta name=\"twitter:creator\" content=\"@webdo_tn\" \/>\n<meta name=\"twitter:site\" content=\"@webdo_tn\" \/>\n<meta name=\"twitter:label1\" content=\"\u00c9crit par\" \/>\n\t<meta name=\"twitter:data1\" content=\"Webdo\" \/>\n\t<meta name=\"twitter:label2\" content=\"Dur\u00e9e de lecture estim\u00e9e\" \/>\n\t<meta name=\"twitter:data2\" content=\"4 minutes\" \/>\n<script type=\"application\/ld+json\" class=\"yoast-schema-graph\">{\"@context\":\"https:\\\/\\\/schema.org\",\"@graph\":[{\"@type\":\"NewsArticle\",\"@id\":\"https:\\\/\\\/www.webdo.tn\\\/fr\\\/actualite\\\/chroniques\\\/une-procession-sept-plongeons-et-une-assida-au-miel\\\/215475\\\/#article\",\"isPartOf\":{\"@id\":\"https:\\\/\\\/www.webdo.tn\\\/fr\\\/actualite\\\/chroniques\\\/une-procession-sept-plongeons-et-une-assida-au-miel\\\/215475\\\/\"},\"author\":{\"name\":\"Webdo\",\"@id\":\"https:\\\/\\\/www.webdo.tn\\\/fr\\\/#\\\/schema\\\/person\\\/1f4e491e0907b413d61089e8eb573acc\"},\"headline\":\"Une procession, sept plongeons et une assida au miel\u00a0\",\"datePublished\":\"2024-07-25T12:17:00+00:00\",\"dateModified\":\"2025-05-21T09:10:07+00:00\",\"mainEntityOfPage\":{\"@id\":\"https:\\\/\\\/www.webdo.tn\\\/fr\\\/actualite\\\/chroniques\\\/une-procession-sept-plongeons-et-une-assida-au-miel\\\/215475\\\/\"},\"wordCount\":761,\"commentCount\":0,\"publisher\":{\"@id\":\"https:\\\/\\\/www.webdo.tn\\\/fr\\\/#organization\"},\"image\":{\"@id\":\"https:\\\/\\\/www.webdo.tn\\\/fr\\\/actualite\\\/chroniques\\\/une-procession-sept-plongeons-et-une-assida-au-miel\\\/215475\\\/#primaryimage\"},\"thumbnailUrl\":\"https:\\\/\\\/www.webdo.tn\\\/fr\\\/wp-content\\\/uploads\\\/2024\\\/07\\\/380b919a7702cb0d61563f067060c1e7.webp\",\"keywords\":[\"Aoussou\",\"rituels estivaux\",\"traditions tunisiennes\",\"Tunisie\"],\"articleSection\":[\"Chroniques\"],\"inLanguage\":\"fr-FR\"},{\"@type\":\"WebPage\",\"@id\":\"https:\\\/\\\/www.webdo.tn\\\/fr\\\/actualite\\\/chroniques\\\/une-procession-sept-plongeons-et-une-assida-au-miel\\\/215475\\\/\",\"url\":\"https:\\\/\\\/www.webdo.tn\\\/fr\\\/actualite\\\/chroniques\\\/une-procession-sept-plongeons-et-une-assida-au-miel\\\/215475\\\/\",\"name\":\"Une procession, sept plongeons et une assida au miel\u00a0\",\"isPartOf\":{\"@id\":\"https:\\\/\\\/www.webdo.tn\\\/fr\\\/#website\"},\"primaryImageOfPage\":{\"@id\":\"https:\\\/\\\/www.webdo.tn\\\/fr\\\/actualite\\\/chroniques\\\/une-procession-sept-plongeons-et-une-assida-au-miel\\\/215475\\\/#primaryimage\"},\"image\":{\"@id\":\"https:\\\/\\\/www.webdo.tn\\\/fr\\\/actualite\\\/chroniques\\\/une-procession-sept-plongeons-et-une-assida-au-miel\\\/215475\\\/#primaryimage\"},\"thumbnailUrl\":\"https:\\\/\\\/www.webdo.tn\\\/fr\\\/wp-content\\\/uploads\\\/2024\\\/07\\\/380b919a7702cb0d61563f067060c1e7.webp\",\"datePublished\":\"2024-07-25T12:17:00+00:00\",\"dateModified\":\"2025-05-21T09:10:07+00:00\",\"description\":\"Plusieurs rituels accompagnent la saison d'Aoussou, au c\u0153ur de la canicule estivale. Comme des transmissions invisibles qui ont travers\u00e9 les si\u00e8cles.\u00a0\",\"breadcrumb\":{\"@id\":\"https:\\\/\\\/www.webdo.tn\\\/fr\\\/actualite\\\/chroniques\\\/une-procession-sept-plongeons-et-une-assida-au-miel\\\/215475\\\/#breadcrumb\"},\"inLanguage\":\"fr-FR\",\"potentialAction\":[{\"@type\":\"ReadAction\",\"target\":[\"https:\\\/\\\/www.webdo.tn\\\/fr\\\/actualite\\\/chroniques\\\/une-procession-sept-plongeons-et-une-assida-au-miel\\\/215475\\\/\"]}]},{\"@type\":\"ImageObject\",\"inLanguage\":\"fr-FR\",\"@id\":\"https:\\\/\\\/www.webdo.tn\\\/fr\\\/actualite\\\/chroniques\\\/une-procession-sept-plongeons-et-une-assida-au-miel\\\/215475\\\/#primaryimage\",\"url\":\"https:\\\/\\\/www.webdo.tn\\\/fr\\\/wp-content\\\/uploads\\\/2024\\\/07\\\/380b919a7702cb0d61563f067060c1e7.webp\",\"contentUrl\":\"https:\\\/\\\/www.webdo.tn\\\/fr\\\/wp-content\\\/uploads\\\/2024\\\/07\\\/380b919a7702cb0d61563f067060c1e7.webp\",\"width\":750,\"height\":400,\"caption\":\"Une procession, sept plongeons et une assida au miel\u00a0\"},{\"@type\":\"BreadcrumbList\",\"@id\":\"https:\\\/\\\/www.webdo.tn\\\/fr\\\/actualite\\\/chroniques\\\/une-procession-sept-plongeons-et-une-assida-au-miel\\\/215475\\\/#breadcrumb\",\"itemListElement\":[{\"@type\":\"ListItem\",\"position\":1,\"name\":\"Accueil\",\"item\":\"https:\\\/\\\/www.webdo.tn\\\/fr\\\/\"},{\"@type\":\"ListItem\",\"position\":2,\"name\":\"Une procession, sept plongeons et une assida au miel\u00a0\"}]},{\"@type\":\"WebSite\",\"@id\":\"https:\\\/\\\/www.webdo.tn\\\/fr\\\/#website\",\"url\":\"https:\\\/\\\/www.webdo.tn\\\/fr\\\/\",\"name\":\"webdo\",\"description\":\"Tunisie - News en Tunisie et \u00e0 l&#039;international sur Webdo.tn\",\"publisher\":{\"@id\":\"https:\\\/\\\/www.webdo.tn\\\/fr\\\/#organization\"},\"potentialAction\":[{\"@type\":\"SearchAction\",\"target\":{\"@type\":\"EntryPoint\",\"urlTemplate\":\"https:\\\/\\\/www.webdo.tn\\\/fr\\\/?s={search_term_string}\"},\"query-input\":{\"@type\":\"PropertyValueSpecification\",\"valueRequired\":true,\"valueName\":\"search_term_string\"}}],\"inLanguage\":\"fr-FR\"},{\"@type\":\"Organization\",\"@id\":\"https:\\\/\\\/www.webdo.tn\\\/fr\\\/#organization\",\"name\":\"Webdo\",\"alternateName\":\"Webdo.tn\",\"url\":\"https:\\\/\\\/www.webdo.tn\\\/fr\\\/\",\"logo\":{\"@type\":\"ImageObject\",\"inLanguage\":\"fr-FR\",\"@id\":\"https:\\\/\\\/www.webdo.tn\\\/fr\\\/#\\\/schema\\\/logo\\\/image\\\/\",\"url\":\"https:\\\/\\\/www.webdo.tn\\\/fr\\\/wp-content\\\/uploads\\\/2025\\\/06\\\/Webdo-Tunisie_168377.jpg\",\"contentUrl\":\"https:\\\/\\\/www.webdo.tn\\\/fr\\\/wp-content\\\/uploads\\\/2025\\\/06\\\/Webdo-Tunisie_168377.jpg\",\"width\":301,\"height\":301,\"caption\":\"Webdo\"},\"image\":{\"@id\":\"https:\\\/\\\/www.webdo.tn\\\/fr\\\/#\\\/schema\\\/logo\\\/image\\\/\"},\"sameAs\":[\"https:\\\/\\\/www.facebook.com\\\/webdotn\",\"https:\\\/\\\/x.com\\\/webdo_tn\"],\"description\":\"Webdo est un m\u00e9dia num\u00e9rique tunisien fond\u00e9 en 2010, sp\u00e9cialis\u00e9 dans l\u2019actualit\u00e9 nationale et internationale, l\u2019\u00e9conomie, la soci\u00e9t\u00e9 et les analyses politiques. Le site s\u2019adresse \u00e0 un large public francophone et couvre l\u2019information tunisienne en temps r\u00e9el.\",\"email\":\"redac@webdo.tn\",\"legalName\":\"YNJ SARL\",\"foundingDate\":\"2010-09-06\",\"numberOfEmployees\":{\"@type\":\"QuantitativeValue\",\"minValue\":\"11\",\"maxValue\":\"50\"}},{\"@type\":\"Person\",\"@id\":\"https:\\\/\\\/www.webdo.tn\\\/fr\\\/#\\\/schema\\\/person\\\/1f4e491e0907b413d61089e8eb573acc\",\"name\":\"Webdo\",\"image\":{\"@type\":\"ImageObject\",\"inLanguage\":\"fr-FR\",\"@id\":\"https:\\\/\\\/secure.gravatar.com\\\/avatar\\\/de97aeec1bb80978a9dbb127e47dfc88aaacb2f3c29aac907d8d3222e3495d49?s=96&d=mm&r=g\",\"url\":\"https:\\\/\\\/secure.gravatar.com\\\/avatar\\\/de97aeec1bb80978a9dbb127e47dfc88aaacb2f3c29aac907d8d3222e3495d49?s=96&d=mm&r=g\",\"contentUrl\":\"https:\\\/\\\/secure.gravatar.com\\\/avatar\\\/de97aeec1bb80978a9dbb127e47dfc88aaacb2f3c29aac907d8d3222e3495d49?s=96&d=mm&r=g\",\"caption\":\"Webdo\"},\"url\":\"https:\\\/\\\/www.webdo.tn\\\/fr\\\/actualite\\\/author\\\/webdo\\\/\"}]}<\/script>\n<!-- \/ Yoast SEO Premium plugin. -->","yoast_head_json":{"title":"Une procession, sept plongeons et une assida au miel\u00a0","description":"Plusieurs rituels accompagnent la saison d'Aoussou, au c\u0153ur de la canicule estivale. Comme des transmissions invisibles qui ont travers\u00e9 les si\u00e8cles.\u00a0","canonical":"https:\/\/www.webdo.tn\/fr\/actualite\/chroniques\/une-procession-sept-plongeons-et-une-assida-au-miel\/215475\/","og_locale":"fr_FR","og_type":"article","og_title":"Une procession, sept plongeons et une assida au miel\u00a0","og_description":"Plusieurs rituels accompagnent la saison d'Aoussou, au c\u0153ur de la canicule estivale. Comme des transmissions invisibles qui ont travers\u00e9 les si\u00e8cles.\u00a0","og_url":"https:\/\/www.webdo.tn\/fr\/actualite\/chroniques\/une-procession-sept-plongeons-et-une-assida-au-miel\/215475\/","og_site_name":"webdo","article_publisher":"https:\/\/www.facebook.com\/webdotn","article_published_time":"2024-07-25T12:17:00+00:00","article_modified_time":"2025-05-21T09:10:07+00:00","og_image":[{"width":750,"height":400,"url":"https:\/\/www.webdo.tn\/fr\/wp-content\/uploads\/2024\/07\/380b919a7702cb0d61563f067060c1e7.webp","type":"image\/webp"}],"author":"Webdo","twitter_card":"summary_large_image","twitter_creator":"@webdo_tn","twitter_site":"@webdo_tn","twitter_misc":{"\u00c9crit par":"Webdo","Dur\u00e9e de lecture estim\u00e9e":"4 minutes"},"schema":{"@context":"https:\/\/schema.org","@graph":[{"@type":"NewsArticle","@id":"https:\/\/www.webdo.tn\/fr\/actualite\/chroniques\/une-procession-sept-plongeons-et-une-assida-au-miel\/215475\/#article","isPartOf":{"@id":"https:\/\/www.webdo.tn\/fr\/actualite\/chroniques\/une-procession-sept-plongeons-et-une-assida-au-miel\/215475\/"},"author":{"name":"Webdo","@id":"https:\/\/www.webdo.tn\/fr\/#\/schema\/person\/1f4e491e0907b413d61089e8eb573acc"},"headline":"Une procession, sept plongeons et une assida au miel\u00a0","datePublished":"2024-07-25T12:17:00+00:00","dateModified":"2025-05-21T09:10:07+00:00","mainEntityOfPage":{"@id":"https:\/\/www.webdo.tn\/fr\/actualite\/chroniques\/une-procession-sept-plongeons-et-une-assida-au-miel\/215475\/"},"wordCount":761,"commentCount":0,"publisher":{"@id":"https:\/\/www.webdo.tn\/fr\/#organization"},"image":{"@id":"https:\/\/www.webdo.tn\/fr\/actualite\/chroniques\/une-procession-sept-plongeons-et-une-assida-au-miel\/215475\/#primaryimage"},"thumbnailUrl":"https:\/\/www.webdo.tn\/fr\/wp-content\/uploads\/2024\/07\/380b919a7702cb0d61563f067060c1e7.webp","keywords":["Aoussou","rituels estivaux","traditions tunisiennes","Tunisie"],"articleSection":["Chroniques"],"inLanguage":"fr-FR"},{"@type":"WebPage","@id":"https:\/\/www.webdo.tn\/fr\/actualite\/chroniques\/une-procession-sept-plongeons-et-une-assida-au-miel\/215475\/","url":"https:\/\/www.webdo.tn\/fr\/actualite\/chroniques\/une-procession-sept-plongeons-et-une-assida-au-miel\/215475\/","name":"Une procession, sept plongeons et une assida au miel\u00a0","isPartOf":{"@id":"https:\/\/www.webdo.tn\/fr\/#website"},"primaryImageOfPage":{"@id":"https:\/\/www.webdo.tn\/fr\/actualite\/chroniques\/une-procession-sept-plongeons-et-une-assida-au-miel\/215475\/#primaryimage"},"image":{"@id":"https:\/\/www.webdo.tn\/fr\/actualite\/chroniques\/une-procession-sept-plongeons-et-une-assida-au-miel\/215475\/#primaryimage"},"thumbnailUrl":"https:\/\/www.webdo.tn\/fr\/wp-content\/uploads\/2024\/07\/380b919a7702cb0d61563f067060c1e7.webp","datePublished":"2024-07-25T12:17:00+00:00","dateModified":"2025-05-21T09:10:07+00:00","description":"Plusieurs rituels accompagnent la saison d'Aoussou, au c\u0153ur de la canicule estivale. Comme des transmissions invisibles qui ont travers\u00e9 les si\u00e8cles.\u00a0","breadcrumb":{"@id":"https:\/\/www.webdo.tn\/fr\/actualite\/chroniques\/une-procession-sept-plongeons-et-une-assida-au-miel\/215475\/#breadcrumb"},"inLanguage":"fr-FR","potentialAction":[{"@type":"ReadAction","target":["https:\/\/www.webdo.tn\/fr\/actualite\/chroniques\/une-procession-sept-plongeons-et-une-assida-au-miel\/215475\/"]}]},{"@type":"ImageObject","inLanguage":"fr-FR","@id":"https:\/\/www.webdo.tn\/fr\/actualite\/chroniques\/une-procession-sept-plongeons-et-une-assida-au-miel\/215475\/#primaryimage","url":"https:\/\/www.webdo.tn\/fr\/wp-content\/uploads\/2024\/07\/380b919a7702cb0d61563f067060c1e7.webp","contentUrl":"https:\/\/www.webdo.tn\/fr\/wp-content\/uploads\/2024\/07\/380b919a7702cb0d61563f067060c1e7.webp","width":750,"height":400,"caption":"Une procession, sept plongeons et une assida au miel\u00a0"},{"@type":"BreadcrumbList","@id":"https:\/\/www.webdo.tn\/fr\/actualite\/chroniques\/une-procession-sept-plongeons-et-une-assida-au-miel\/215475\/#breadcrumb","itemListElement":[{"@type":"ListItem","position":1,"name":"Accueil","item":"https:\/\/www.webdo.tn\/fr\/"},{"@type":"ListItem","position":2,"name":"Une procession, sept plongeons et une assida au miel\u00a0"}]},{"@type":"WebSite","@id":"https:\/\/www.webdo.tn\/fr\/#website","url":"https:\/\/www.webdo.tn\/fr\/","name":"webdo","description":"Tunisie - News en Tunisie et \u00e0 l&#039;international sur Webdo.tn","publisher":{"@id":"https:\/\/www.webdo.tn\/fr\/#organization"},"potentialAction":[{"@type":"SearchAction","target":{"@type":"EntryPoint","urlTemplate":"https:\/\/www.webdo.tn\/fr\/?s={search_term_string}"},"query-input":{"@type":"PropertyValueSpecification","valueRequired":true,"valueName":"search_term_string"}}],"inLanguage":"fr-FR"},{"@type":"Organization","@id":"https:\/\/www.webdo.tn\/fr\/#organization","name":"Webdo","alternateName":"Webdo.tn","url":"https:\/\/www.webdo.tn\/fr\/","logo":{"@type":"ImageObject","inLanguage":"fr-FR","@id":"https:\/\/www.webdo.tn\/fr\/#\/schema\/logo\/image\/","url":"https:\/\/www.webdo.tn\/fr\/wp-content\/uploads\/2025\/06\/Webdo-Tunisie_168377.jpg","contentUrl":"https:\/\/www.webdo.tn\/fr\/wp-content\/uploads\/2025\/06\/Webdo-Tunisie_168377.jpg","width":301,"height":301,"caption":"Webdo"},"image":{"@id":"https:\/\/www.webdo.tn\/fr\/#\/schema\/logo\/image\/"},"sameAs":["https:\/\/www.facebook.com\/webdotn","https:\/\/x.com\/webdo_tn"],"description":"Webdo est un m\u00e9dia num\u00e9rique tunisien fond\u00e9 en 2010, sp\u00e9cialis\u00e9 dans l\u2019actualit\u00e9 nationale et internationale, l\u2019\u00e9conomie, la soci\u00e9t\u00e9 et les analyses politiques. Le site s\u2019adresse \u00e0 un large public francophone et couvre l\u2019information tunisienne en temps r\u00e9el.","email":"redac@webdo.tn","legalName":"YNJ SARL","foundingDate":"2010-09-06","numberOfEmployees":{"@type":"QuantitativeValue","minValue":"11","maxValue":"50"}},{"@type":"Person","@id":"https:\/\/www.webdo.tn\/fr\/#\/schema\/person\/1f4e491e0907b413d61089e8eb573acc","name":"Webdo","image":{"@type":"ImageObject","inLanguage":"fr-FR","@id":"https:\/\/secure.gravatar.com\/avatar\/de97aeec1bb80978a9dbb127e47dfc88aaacb2f3c29aac907d8d3222e3495d49?s=96&d=mm&r=g","url":"https:\/\/secure.gravatar.com\/avatar\/de97aeec1bb80978a9dbb127e47dfc88aaacb2f3c29aac907d8d3222e3495d49?s=96&d=mm&r=g","contentUrl":"https:\/\/secure.gravatar.com\/avatar\/de97aeec1bb80978a9dbb127e47dfc88aaacb2f3c29aac907d8d3222e3495d49?s=96&d=mm&r=g","caption":"Webdo"},"url":"https:\/\/www.webdo.tn\/fr\/actualite\/author\/webdo\/"}]}},"_links":{"self":[{"href":"https:\/\/www.webdo.tn\/fr\/wp-json\/wp\/v2\/posts\/215475","targetHints":{"allow":["GET"]}}],"collection":[{"href":"https:\/\/www.webdo.tn\/fr\/wp-json\/wp\/v2\/posts"}],"about":[{"href":"https:\/\/www.webdo.tn\/fr\/wp-json\/wp\/v2\/types\/post"}],"author":[{"embeddable":true,"href":"https:\/\/www.webdo.tn\/fr\/wp-json\/wp\/v2\/users\/3169"}],"replies":[{"embeddable":true,"href":"https:\/\/www.webdo.tn\/fr\/wp-json\/wp\/v2\/comments?post=215475"}],"version-history":[{"count":0,"href":"https:\/\/www.webdo.tn\/fr\/wp-json\/wp\/v2\/posts\/215475\/revisions"}],"wp:featuredmedia":[{"embeddable":true,"href":"https:\/\/www.webdo.tn\/fr\/wp-json\/wp\/v2\/media\/246919"}],"wp:attachment":[{"href":"https:\/\/www.webdo.tn\/fr\/wp-json\/wp\/v2\/media?parent=215475"}],"wp:term":[{"taxonomy":"category","embeddable":true,"href":"https:\/\/www.webdo.tn\/fr\/wp-json\/wp\/v2\/categories?post=215475"},{"taxonomy":"post_tag","embeddable":true,"href":"https:\/\/www.webdo.tn\/fr\/wp-json\/wp\/v2\/tags?post=215475"}],"curies":[{"name":"wp","href":"https:\/\/api.w.org\/{rel}","templated":true}]}}