{"id":215473,"date":"2024-07-25T11:32:00","date_gmt":"2024-07-25T11:32:00","guid":{"rendered":"https:\/\/www.webdo.tn\/fr\/blog\/la-diplomatie-tunisienne-en-mouvement-54-nouvelles-nominations-en-2023\/215473\/"},"modified":"2025-05-21T09:10:06","modified_gmt":"2025-05-21T09:10:06","slug":"la-diplomatie-tunisienne-en-mouvement-54-nouvelles-nominations-en-2023","status":"publish","type":"post","link":"https:\/\/www.webdo.tn\/fr\/actualite\/national\/la-diplomatie-tunisienne-en-mouvement-54-nouvelles-nominations-en-2023\/215473\/","title":{"rendered":"La diplomatie tunisienne en mouvement : 54 nouvelles nominations en 2023"},"content":{"rendered":"<p>Nabil Ammar, ministre des Affaires \u00e9trang\u00e8res, de la Migration et des Tunisiens \u00e0 l&rsquo;\u00e9tranger, a confirm\u00e9 que l&rsquo;ann\u00e9e 2023 a connu le plus important mouvement diplomatique, impliquant 54 chefs de mission, dont 35 ambassadeurs, 8 consuls g\u00e9n\u00e9raux et 11 consuls.<\/p>\n<p>\t\t\t\t\t\t\t\t\tDans une interview accord\u00e9e au journal Al-Sabah, publi\u00e9e hier, Ammar a d\u00e9clar\u00e9 qu&rsquo;il existe actuellement des postes vacants normaux et qu&rsquo;il y a une tendance \u00e0 nommer une nouvelle mission diplomatique en Malaisie et dans certains pays africains.<\/p>\n<p>Dans un autre contexte, Ammar a r\u00e9it\u00e9r\u00e9 son refus que la Tunisie serve de plateforme de d\u00e9barquement pour les migrants irr\u00e9guliers, rappelant l&rsquo;approche humanitaire envers cette cat\u00e9gorie et le refus de leur retour forc\u00e9.<\/p>\n<p>Ammar a soulign\u00e9 que la Tunisie refuse d&rsquo;\u00eatre le gardien des fronti\u00e8res d&rsquo;autrui ou de servir de corridor de transit ou d&rsquo;installation.<\/p>\n<p>Concernant les troubles survenus au poste-fronti\u00e8re de Ras Jedir du c\u00f4t\u00e9 libyen, Ammar a d\u00e9clar\u00e9 que la question d\u00e9passe les autorit\u00e9s tunisiennes, indiquant qu&rsquo;il croit que \u00ab\u00a0la s\u00e9curit\u00e9 de la Libye et de la Tunisie sont interd\u00e9pendantes, et que tout ce qui profite \u00e0 la Libye nous profite, et ce qui pourrait lui nuire nous affecte\u00a0\u00bb.<\/p>\n<p>Le chef de la diplomatie tunisienne a d\u00e9fendu la sinc\u00e9rit\u00e9 et la justesse de l&rsquo;approche tunisienne dans le traitement de l&rsquo;\u00e9volution de la situation dans ce pays fr\u00e8re, soulignant les efforts pour renforcer les relations bilat\u00e9rales dans tous les domaines et le soutien aux initiatives visant \u00e0 r\u00e9soudre la crise en Libye.<\/p>\n<p>Ammar a \u00e9galement rappel\u00e9 le parrainage de diverses discussions entre les fr\u00e8res libyens pour les aider \u00e0 trouver des solutions qu&rsquo;ils jugent acceptables pour leur pays, sans ing\u00e9rence dans leurs affaires.<\/p>\n","protected":false},"excerpt":{"rendered":"<p>Le ministre tunisien Nabil Ammar r\u00e9v\u00e8le un vaste mouvement diplomatique en 2023, aborde la question migratoire et r\u00e9affirme la position de la Tunisie sur la cri&#8230;<\/p>\n","protected":false},"author":3169,"featured_media":246917,"comment_status":"open","ping_status":"closed","sticky":false,"template":"","format":"standard","meta":{"footnotes":""},"categories":[44],"tags":[2990,3279,2615,5912,2608],"class_list":["post-215473","post","type-post","status-publish","format-standard","has-post-thumbnail","hentry","category-national","tag-diplomatie","tag-libye","tag-migration","tag-nabil-ammar","tag-tunisie"],"yoast_head":"<!-- This site is optimized with the Yoast SEO Premium plugin v27.5 (Yoast SEO v27.5) - https:\/\/yoast.com\/product\/yoast-seo-premium-wordpress\/ -->\n<title>La diplomatie tunisienne en mouvement : 54 nouvelles nominations en 2023<\/title>\n<meta name=\"description\" content=\"Le ministre tunisien Nabil Ammar r\u00e9v\u00e8le un vaste mouvement diplomatique en 2023, aborde la question migratoire et r\u00e9affirme la position de la Tunisie sur la cri...\" \/>\n<link rel=\"canonical\" href=\"https:\/\/www.webdo.tn\/fr\/actualite\/national\/la-diplomatie-tunisienne-en-mouvement-54-nouvelles-nominations-en-2023\/215473\/\" \/>\n<meta property=\"og:locale\" content=\"fr_FR\" \/>\n<meta property=\"og:type\" content=\"article\" \/>\n<meta property=\"og:title\" content=\"La diplomatie tunisienne en mouvement : 54 nouvelles nominations en 2023\" \/>\n<meta property=\"og:description\" content=\"Le ministre tunisien Nabil Ammar r\u00e9v\u00e8le un vaste mouvement diplomatique en 2023, aborde la question migratoire et r\u00e9affirme la position de la Tunisie sur la cri...\" \/>\n<meta property=\"og:url\" content=\"https:\/\/www.webdo.tn\/fr\/actualite\/national\/la-diplomatie-tunisienne-en-mouvement-54-nouvelles-nominations-en-2023\/215473\/\" \/>\n<meta property=\"og:site_name\" content=\"webdo\" \/>\n<meta property=\"article:publisher\" content=\"https:\/\/www.facebook.com\/webdotn\" \/>\n<meta property=\"article:published_time\" content=\"2024-07-25T11:32:00+00:00\" \/>\n<meta property=\"article:modified_time\" content=\"2025-05-21T09:10:06+00:00\" \/>\n<meta property=\"og:image\" content=\"https:\/\/www.webdo.tn\/fr\/wp-content\/uploads\/2024\/07\/d8929ac6e481ff829cc7100b232a6c8c.webp\" \/>\n\t<meta property=\"og:image:width\" content=\"750\" \/>\n\t<meta property=\"og:image:height\" content=\"400\" \/>\n\t<meta property=\"og:image:type\" content=\"image\/webp\" \/>\n<meta name=\"author\" content=\"Webdo\" \/>\n<meta name=\"twitter:card\" content=\"summary_large_image\" \/>\n<meta name=\"twitter:creator\" content=\"@webdo_tn\" \/>\n<meta name=\"twitter:site\" content=\"@webdo_tn\" \/>\n<meta name=\"twitter:label1\" content=\"\u00c9crit par\" \/>\n\t<meta name=\"twitter:data1\" content=\"Webdo\" \/>\n\t<meta name=\"twitter:label2\" content=\"Dur\u00e9e de lecture estim\u00e9e\" \/>\n\t<meta name=\"twitter:data2\" content=\"1 minute\" \/>\n<script type=\"application\/ld+json\" class=\"yoast-schema-graph\">{\"@context\":\"https:\\\/\\\/schema.org\",\"@graph\":[{\"@type\":\"NewsArticle\",\"@id\":\"https:\\\/\\\/www.webdo.tn\\\/fr\\\/actualite\\\/national\\\/la-diplomatie-tunisienne-en-mouvement-54-nouvelles-nominations-en-2023\\\/215473\\\/#article\",\"isPartOf\":{\"@id\":\"https:\\\/\\\/www.webdo.tn\\\/fr\\\/actualite\\\/national\\\/la-diplomatie-tunisienne-en-mouvement-54-nouvelles-nominations-en-2023\\\/215473\\\/\"},\"author\":{\"name\":\"Webdo\",\"@id\":\"https:\\\/\\\/www.webdo.tn\\\/fr\\\/#\\\/schema\\\/person\\\/1f4e491e0907b413d61089e8eb573acc\"},\"headline\":\"La diplomatie tunisienne en mouvement : 54 nouvelles nominations en 2023\",\"datePublished\":\"2024-07-25T11:32:00+00:00\",\"dateModified\":\"2025-05-21T09:10:06+00:00\",\"mainEntityOfPage\":{\"@id\":\"https:\\\/\\\/www.webdo.tn\\\/fr\\\/actualite\\\/national\\\/la-diplomatie-tunisienne-en-mouvement-54-nouvelles-nominations-en-2023\\\/215473\\\/\"},\"wordCount\":310,\"commentCount\":0,\"publisher\":{\"@id\":\"https:\\\/\\\/www.webdo.tn\\\/fr\\\/#organization\"},\"image\":{\"@id\":\"https:\\\/\\\/www.webdo.tn\\\/fr\\\/actualite\\\/national\\\/la-diplomatie-tunisienne-en-mouvement-54-nouvelles-nominations-en-2023\\\/215473\\\/#primaryimage\"},\"thumbnailUrl\":\"https:\\\/\\\/www.webdo.tn\\\/fr\\\/wp-content\\\/uploads\\\/2024\\\/07\\\/d8929ac6e481ff829cc7100b232a6c8c.webp\",\"keywords\":[\"Diplomatie\",\"Libye\",\"Migration\",\"Nabil Ammar\",\"Tunisie\"],\"articleSection\":[\"National\"],\"inLanguage\":\"fr-FR\"},{\"@type\":\"WebPage\",\"@id\":\"https:\\\/\\\/www.webdo.tn\\\/fr\\\/actualite\\\/national\\\/la-diplomatie-tunisienne-en-mouvement-54-nouvelles-nominations-en-2023\\\/215473\\\/\",\"url\":\"https:\\\/\\\/www.webdo.tn\\\/fr\\\/actualite\\\/national\\\/la-diplomatie-tunisienne-en-mouvement-54-nouvelles-nominations-en-2023\\\/215473\\\/\",\"name\":\"La diplomatie tunisienne en mouvement : 54 nouvelles nominations en 2023\",\"isPartOf\":{\"@id\":\"https:\\\/\\\/www.webdo.tn\\\/fr\\\/#website\"},\"primaryImageOfPage\":{\"@id\":\"https:\\\/\\\/www.webdo.tn\\\/fr\\\/actualite\\\/national\\\/la-diplomatie-tunisienne-en-mouvement-54-nouvelles-nominations-en-2023\\\/215473\\\/#primaryimage\"},\"image\":{\"@id\":\"https:\\\/\\\/www.webdo.tn\\\/fr\\\/actualite\\\/national\\\/la-diplomatie-tunisienne-en-mouvement-54-nouvelles-nominations-en-2023\\\/215473\\\/#primaryimage\"},\"thumbnailUrl\":\"https:\\\/\\\/www.webdo.tn\\\/fr\\\/wp-content\\\/uploads\\\/2024\\\/07\\\/d8929ac6e481ff829cc7100b232a6c8c.webp\",\"datePublished\":\"2024-07-25T11:32:00+00:00\",\"dateModified\":\"2025-05-21T09:10:06+00:00\",\"description\":\"Le ministre tunisien Nabil Ammar r\u00e9v\u00e8le un vaste mouvement diplomatique en 2023, aborde la question migratoire et r\u00e9affirme la position de la Tunisie sur la cri...\",\"breadcrumb\":{\"@id\":\"https:\\\/\\\/www.webdo.tn\\\/fr\\\/actualite\\\/national\\\/la-diplomatie-tunisienne-en-mouvement-54-nouvelles-nominations-en-2023\\\/215473\\\/#breadcrumb\"},\"inLanguage\":\"fr-FR\",\"potentialAction\":[{\"@type\":\"ReadAction\",\"target\":[\"https:\\\/\\\/www.webdo.tn\\\/fr\\\/actualite\\\/national\\\/la-diplomatie-tunisienne-en-mouvement-54-nouvelles-nominations-en-2023\\\/215473\\\/\"]}]},{\"@type\":\"ImageObject\",\"inLanguage\":\"fr-FR\",\"@id\":\"https:\\\/\\\/www.webdo.tn\\\/fr\\\/actualite\\\/national\\\/la-diplomatie-tunisienne-en-mouvement-54-nouvelles-nominations-en-2023\\\/215473\\\/#primaryimage\",\"url\":\"https:\\\/\\\/www.webdo.tn\\\/fr\\\/wp-content\\\/uploads\\\/2024\\\/07\\\/d8929ac6e481ff829cc7100b232a6c8c.webp\",\"contentUrl\":\"https:\\\/\\\/www.webdo.tn\\\/fr\\\/wp-content\\\/uploads\\\/2024\\\/07\\\/d8929ac6e481ff829cc7100b232a6c8c.webp\",\"width\":750,\"height\":400,\"caption\":\"La diplomatie tunisienne en mouvement : 54 nouvelles nominations en 2023\"},{\"@type\":\"BreadcrumbList\",\"@id\":\"https:\\\/\\\/www.webdo.tn\\\/fr\\\/actualite\\\/national\\\/la-diplomatie-tunisienne-en-mouvement-54-nouvelles-nominations-en-2023\\\/215473\\\/#breadcrumb\",\"itemListElement\":[{\"@type\":\"ListItem\",\"position\":1,\"name\":\"Accueil\",\"item\":\"https:\\\/\\\/www.webdo.tn\\\/fr\\\/\"},{\"@type\":\"ListItem\",\"position\":2,\"name\":\"La diplomatie tunisienne en mouvement : 54 nouvelles nominations en 2023\"}]},{\"@type\":\"WebSite\",\"@id\":\"https:\\\/\\\/www.webdo.tn\\\/fr\\\/#website\",\"url\":\"https:\\\/\\\/www.webdo.tn\\\/fr\\\/\",\"name\":\"webdo\",\"description\":\"Tunisie - News en Tunisie et \u00e0 l&#039;international sur Webdo.tn\",\"publisher\":{\"@id\":\"https:\\\/\\\/www.webdo.tn\\\/fr\\\/#organization\"},\"potentialAction\":[{\"@type\":\"SearchAction\",\"target\":{\"@type\":\"EntryPoint\",\"urlTemplate\":\"https:\\\/\\\/www.webdo.tn\\\/fr\\\/?s={search_term_string}\"},\"query-input\":{\"@type\":\"PropertyValueSpecification\",\"valueRequired\":true,\"valueName\":\"search_term_string\"}}],\"inLanguage\":\"fr-FR\"},{\"@type\":\"Organization\",\"@id\":\"https:\\\/\\\/www.webdo.tn\\\/fr\\\/#organization\",\"name\":\"Webdo\",\"alternateName\":\"Webdo.tn\",\"url\":\"https:\\\/\\\/www.webdo.tn\\\/fr\\\/\",\"logo\":{\"@type\":\"ImageObject\",\"inLanguage\":\"fr-FR\",\"@id\":\"https:\\\/\\\/www.webdo.tn\\\/fr\\\/#\\\/schema\\\/logo\\\/image\\\/\",\"url\":\"https:\\\/\\\/www.webdo.tn\\\/fr\\\/wp-content\\\/uploads\\\/2025\\\/06\\\/Webdo-Tunisie_168377.jpg\",\"contentUrl\":\"https:\\\/\\\/www.webdo.tn\\\/fr\\\/wp-content\\\/uploads\\\/2025\\\/06\\\/Webdo-Tunisie_168377.jpg\",\"width\":301,\"height\":301,\"caption\":\"Webdo\"},\"image\":{\"@id\":\"https:\\\/\\\/www.webdo.tn\\\/fr\\\/#\\\/schema\\\/logo\\\/image\\\/\"},\"sameAs\":[\"https:\\\/\\\/www.facebook.com\\\/webdotn\",\"https:\\\/\\\/x.com\\\/webdo_tn\"],\"description\":\"Webdo est un m\u00e9dia num\u00e9rique tunisien fond\u00e9 en 2010, sp\u00e9cialis\u00e9 dans l\u2019actualit\u00e9 nationale et internationale, l\u2019\u00e9conomie, la soci\u00e9t\u00e9 et les analyses politiques. Le site s\u2019adresse \u00e0 un large public francophone et couvre l\u2019information tunisienne en temps r\u00e9el.\",\"email\":\"redac@webdo.tn\",\"legalName\":\"YNJ SARL\",\"foundingDate\":\"2010-09-06\",\"numberOfEmployees\":{\"@type\":\"QuantitativeValue\",\"minValue\":\"11\",\"maxValue\":\"50\"}},{\"@type\":\"Person\",\"@id\":\"https:\\\/\\\/www.webdo.tn\\\/fr\\\/#\\\/schema\\\/person\\\/1f4e491e0907b413d61089e8eb573acc\",\"name\":\"Webdo\",\"image\":{\"@type\":\"ImageObject\",\"inLanguage\":\"fr-FR\",\"@id\":\"https:\\\/\\\/secure.gravatar.com\\\/avatar\\\/de97aeec1bb80978a9dbb127e47dfc88aaacb2f3c29aac907d8d3222e3495d49?s=96&d=mm&r=g\",\"url\":\"https:\\\/\\\/secure.gravatar.com\\\/avatar\\\/de97aeec1bb80978a9dbb127e47dfc88aaacb2f3c29aac907d8d3222e3495d49?s=96&d=mm&r=g\",\"contentUrl\":\"https:\\\/\\\/secure.gravatar.com\\\/avatar\\\/de97aeec1bb80978a9dbb127e47dfc88aaacb2f3c29aac907d8d3222e3495d49?s=96&d=mm&r=g\",\"caption\":\"Webdo\"},\"url\":\"https:\\\/\\\/www.webdo.tn\\\/fr\\\/actualite\\\/author\\\/webdo\\\/\"}]}<\/script>\n<!-- \/ Yoast SEO Premium plugin. -->","yoast_head_json":{"title":"La diplomatie tunisienne en mouvement : 54 nouvelles nominations en 2023","description":"Le ministre tunisien Nabil Ammar r\u00e9v\u00e8le un vaste mouvement diplomatique en 2023, aborde la question migratoire et r\u00e9affirme la position de la Tunisie sur la cri...","canonical":"https:\/\/www.webdo.tn\/fr\/actualite\/national\/la-diplomatie-tunisienne-en-mouvement-54-nouvelles-nominations-en-2023\/215473\/","og_locale":"fr_FR","og_type":"article","og_title":"La diplomatie tunisienne en mouvement : 54 nouvelles nominations en 2023","og_description":"Le ministre tunisien Nabil Ammar r\u00e9v\u00e8le un vaste mouvement diplomatique en 2023, aborde la question migratoire et r\u00e9affirme la position de la Tunisie sur la cri...","og_url":"https:\/\/www.webdo.tn\/fr\/actualite\/national\/la-diplomatie-tunisienne-en-mouvement-54-nouvelles-nominations-en-2023\/215473\/","og_site_name":"webdo","article_publisher":"https:\/\/www.facebook.com\/webdotn","article_published_time":"2024-07-25T11:32:00+00:00","article_modified_time":"2025-05-21T09:10:06+00:00","og_image":[{"width":750,"height":400,"url":"https:\/\/www.webdo.tn\/fr\/wp-content\/uploads\/2024\/07\/d8929ac6e481ff829cc7100b232a6c8c.webp","type":"image\/webp"}],"author":"Webdo","twitter_card":"summary_large_image","twitter_creator":"@webdo_tn","twitter_site":"@webdo_tn","twitter_misc":{"\u00c9crit par":"Webdo","Dur\u00e9e de lecture estim\u00e9e":"1 minute"},"schema":{"@context":"https:\/\/schema.org","@graph":[{"@type":"NewsArticle","@id":"https:\/\/www.webdo.tn\/fr\/actualite\/national\/la-diplomatie-tunisienne-en-mouvement-54-nouvelles-nominations-en-2023\/215473\/#article","isPartOf":{"@id":"https:\/\/www.webdo.tn\/fr\/actualite\/national\/la-diplomatie-tunisienne-en-mouvement-54-nouvelles-nominations-en-2023\/215473\/"},"author":{"name":"Webdo","@id":"https:\/\/www.webdo.tn\/fr\/#\/schema\/person\/1f4e491e0907b413d61089e8eb573acc"},"headline":"La diplomatie tunisienne en mouvement : 54 nouvelles nominations en 2023","datePublished":"2024-07-25T11:32:00+00:00","dateModified":"2025-05-21T09:10:06+00:00","mainEntityOfPage":{"@id":"https:\/\/www.webdo.tn\/fr\/actualite\/national\/la-diplomatie-tunisienne-en-mouvement-54-nouvelles-nominations-en-2023\/215473\/"},"wordCount":310,"commentCount":0,"publisher":{"@id":"https:\/\/www.webdo.tn\/fr\/#organization"},"image":{"@id":"https:\/\/www.webdo.tn\/fr\/actualite\/national\/la-diplomatie-tunisienne-en-mouvement-54-nouvelles-nominations-en-2023\/215473\/#primaryimage"},"thumbnailUrl":"https:\/\/www.webdo.tn\/fr\/wp-content\/uploads\/2024\/07\/d8929ac6e481ff829cc7100b232a6c8c.webp","keywords":["Diplomatie","Libye","Migration","Nabil Ammar","Tunisie"],"articleSection":["National"],"inLanguage":"fr-FR"},{"@type":"WebPage","@id":"https:\/\/www.webdo.tn\/fr\/actualite\/national\/la-diplomatie-tunisienne-en-mouvement-54-nouvelles-nominations-en-2023\/215473\/","url":"https:\/\/www.webdo.tn\/fr\/actualite\/national\/la-diplomatie-tunisienne-en-mouvement-54-nouvelles-nominations-en-2023\/215473\/","name":"La diplomatie tunisienne en mouvement : 54 nouvelles nominations en 2023","isPartOf":{"@id":"https:\/\/www.webdo.tn\/fr\/#website"},"primaryImageOfPage":{"@id":"https:\/\/www.webdo.tn\/fr\/actualite\/national\/la-diplomatie-tunisienne-en-mouvement-54-nouvelles-nominations-en-2023\/215473\/#primaryimage"},"image":{"@id":"https:\/\/www.webdo.tn\/fr\/actualite\/national\/la-diplomatie-tunisienne-en-mouvement-54-nouvelles-nominations-en-2023\/215473\/#primaryimage"},"thumbnailUrl":"https:\/\/www.webdo.tn\/fr\/wp-content\/uploads\/2024\/07\/d8929ac6e481ff829cc7100b232a6c8c.webp","datePublished":"2024-07-25T11:32:00+00:00","dateModified":"2025-05-21T09:10:06+00:00","description":"Le ministre tunisien Nabil Ammar r\u00e9v\u00e8le un vaste mouvement diplomatique en 2023, aborde la question migratoire et r\u00e9affirme la position de la Tunisie sur la cri...","breadcrumb":{"@id":"https:\/\/www.webdo.tn\/fr\/actualite\/national\/la-diplomatie-tunisienne-en-mouvement-54-nouvelles-nominations-en-2023\/215473\/#breadcrumb"},"inLanguage":"fr-FR","potentialAction":[{"@type":"ReadAction","target":["https:\/\/www.webdo.tn\/fr\/actualite\/national\/la-diplomatie-tunisienne-en-mouvement-54-nouvelles-nominations-en-2023\/215473\/"]}]},{"@type":"ImageObject","inLanguage":"fr-FR","@id":"https:\/\/www.webdo.tn\/fr\/actualite\/national\/la-diplomatie-tunisienne-en-mouvement-54-nouvelles-nominations-en-2023\/215473\/#primaryimage","url":"https:\/\/www.webdo.tn\/fr\/wp-content\/uploads\/2024\/07\/d8929ac6e481ff829cc7100b232a6c8c.webp","contentUrl":"https:\/\/www.webdo.tn\/fr\/wp-content\/uploads\/2024\/07\/d8929ac6e481ff829cc7100b232a6c8c.webp","width":750,"height":400,"caption":"La diplomatie tunisienne en mouvement : 54 nouvelles nominations en 2023"},{"@type":"BreadcrumbList","@id":"https:\/\/www.webdo.tn\/fr\/actualite\/national\/la-diplomatie-tunisienne-en-mouvement-54-nouvelles-nominations-en-2023\/215473\/#breadcrumb","itemListElement":[{"@type":"ListItem","position":1,"name":"Accueil","item":"https:\/\/www.webdo.tn\/fr\/"},{"@type":"ListItem","position":2,"name":"La diplomatie tunisienne en mouvement : 54 nouvelles nominations en 2023"}]},{"@type":"WebSite","@id":"https:\/\/www.webdo.tn\/fr\/#website","url":"https:\/\/www.webdo.tn\/fr\/","name":"webdo","description":"Tunisie - News en Tunisie et \u00e0 l&#039;international sur Webdo.tn","publisher":{"@id":"https:\/\/www.webdo.tn\/fr\/#organization"},"potentialAction":[{"@type":"SearchAction","target":{"@type":"EntryPoint","urlTemplate":"https:\/\/www.webdo.tn\/fr\/?s={search_term_string}"},"query-input":{"@type":"PropertyValueSpecification","valueRequired":true,"valueName":"search_term_string"}}],"inLanguage":"fr-FR"},{"@type":"Organization","@id":"https:\/\/www.webdo.tn\/fr\/#organization","name":"Webdo","alternateName":"Webdo.tn","url":"https:\/\/www.webdo.tn\/fr\/","logo":{"@type":"ImageObject","inLanguage":"fr-FR","@id":"https:\/\/www.webdo.tn\/fr\/#\/schema\/logo\/image\/","url":"https:\/\/www.webdo.tn\/fr\/wp-content\/uploads\/2025\/06\/Webdo-Tunisie_168377.jpg","contentUrl":"https:\/\/www.webdo.tn\/fr\/wp-content\/uploads\/2025\/06\/Webdo-Tunisie_168377.jpg","width":301,"height":301,"caption":"Webdo"},"image":{"@id":"https:\/\/www.webdo.tn\/fr\/#\/schema\/logo\/image\/"},"sameAs":["https:\/\/www.facebook.com\/webdotn","https:\/\/x.com\/webdo_tn"],"description":"Webdo est un m\u00e9dia num\u00e9rique tunisien fond\u00e9 en 2010, sp\u00e9cialis\u00e9 dans l\u2019actualit\u00e9 nationale et internationale, l\u2019\u00e9conomie, la soci\u00e9t\u00e9 et les analyses politiques. Le site s\u2019adresse \u00e0 un large public francophone et couvre l\u2019information tunisienne en temps r\u00e9el.","email":"redac@webdo.tn","legalName":"YNJ SARL","foundingDate":"2010-09-06","numberOfEmployees":{"@type":"QuantitativeValue","minValue":"11","maxValue":"50"}},{"@type":"Person","@id":"https:\/\/www.webdo.tn\/fr\/#\/schema\/person\/1f4e491e0907b413d61089e8eb573acc","name":"Webdo","image":{"@type":"ImageObject","inLanguage":"fr-FR","@id":"https:\/\/secure.gravatar.com\/avatar\/de97aeec1bb80978a9dbb127e47dfc88aaacb2f3c29aac907d8d3222e3495d49?s=96&d=mm&r=g","url":"https:\/\/secure.gravatar.com\/avatar\/de97aeec1bb80978a9dbb127e47dfc88aaacb2f3c29aac907d8d3222e3495d49?s=96&d=mm&r=g","contentUrl":"https:\/\/secure.gravatar.com\/avatar\/de97aeec1bb80978a9dbb127e47dfc88aaacb2f3c29aac907d8d3222e3495d49?s=96&d=mm&r=g","caption":"Webdo"},"url":"https:\/\/www.webdo.tn\/fr\/actualite\/author\/webdo\/"}]}},"_links":{"self":[{"href":"https:\/\/www.webdo.tn\/fr\/wp-json\/wp\/v2\/posts\/215473","targetHints":{"allow":["GET"]}}],"collection":[{"href":"https:\/\/www.webdo.tn\/fr\/wp-json\/wp\/v2\/posts"}],"about":[{"href":"https:\/\/www.webdo.tn\/fr\/wp-json\/wp\/v2\/types\/post"}],"author":[{"embeddable":true,"href":"https:\/\/www.webdo.tn\/fr\/wp-json\/wp\/v2\/users\/3169"}],"replies":[{"embeddable":true,"href":"https:\/\/www.webdo.tn\/fr\/wp-json\/wp\/v2\/comments?post=215473"}],"version-history":[{"count":0,"href":"https:\/\/www.webdo.tn\/fr\/wp-json\/wp\/v2\/posts\/215473\/revisions"}],"wp:featuredmedia":[{"embeddable":true,"href":"https:\/\/www.webdo.tn\/fr\/wp-json\/wp\/v2\/media\/246917"}],"wp:attachment":[{"href":"https:\/\/www.webdo.tn\/fr\/wp-json\/wp\/v2\/media?parent=215473"}],"wp:term":[{"taxonomy":"category","embeddable":true,"href":"https:\/\/www.webdo.tn\/fr\/wp-json\/wp\/v2\/categories?post=215473"},{"taxonomy":"post_tag","embeddable":true,"href":"https:\/\/www.webdo.tn\/fr\/wp-json\/wp\/v2\/tags?post=215473"}],"curies":[{"name":"wp","href":"https:\/\/api.w.org\/{rel}","templated":true}]}}