{"id":215467,"date":"2024-07-24T22:06:00","date_gmt":"2024-07-24T22:06:00","guid":{"rendered":"https:\/\/www.webdo.tn\/fr\/blog\/tunisie-grace-presidentielle-pour-les-crimes-lies-a-des-publications-sur-les-reseaux-sociaux\/215467\/"},"modified":"2025-05-21T09:04:34","modified_gmt":"2025-05-21T09:04:34","slug":"tunisie-grace-presidentielle-pour-les-crimes-lies-a-des-publications-sur-les-reseaux-sociaux","status":"publish","type":"post","link":"https:\/\/www.webdo.tn\/fr\/actualite\/national\/tunisie-grace-presidentielle-pour-les-crimes-lies-a-des-publications-sur-les-reseaux-sociaux\/215467\/","title":{"rendered":"Tunisie : Gr\u00e2ce pr\u00e9sidentielle pour les crimes li\u00e9s \u00e0 des publications sur les r\u00e9seaux sociaux"},"content":{"rendered":"<p>Le pr\u00e9sident de la R\u00e9publique, Ka\u00efs Sa\u00efed, a sign\u00e9, mercredi 24 juillet 2024, un d\u00e9cret relatif \u00e0 une gr\u00e2ce pr\u00e9sidentielle sp\u00e9ciale, en vertu des dispositions de l&rsquo;article 99 de la Constitution. Ce d\u00e9cret pr\u00e9voit l&rsquo;annulation des peines pour plusieurs condamn\u00e9s ayant commis des infractions li\u00e9es \u00e0 la publication de posts sur les r\u00e9seaux sociaux.<\/p>\n<p>\t\t\t\t\t\t\t\t\tCette mesure de gr\u00e2ce n&rsquo;inclut pas les personnes condamn\u00e9es sur la base d&rsquo;infractions autres que celles li\u00e9es aux publications en ligne. Les b\u00e9n\u00e9ficiaires de cette gr\u00e2ce sont exclusivement ceux condamn\u00e9s pour des actes pr\u00e9cis li\u00e9s \u00e0 leurs posts sur les r\u00e9seaux sociaux. Les condamnations bas\u00e9es sur d&rsquo;autres crimes, ayant donn\u00e9 lieu \u00e0 des poursuites judiciaires par le minist\u00e8re public ou \u00e0 des plaintes de particuliers concernant des faits distincts, ne sont pas concern\u00e9es par ce d\u00e9cret.<\/p>\n<p>Le pr\u00e9sident Sa\u00efed avait d\u00e9j\u00e0 pris des mesures similaires hier en signant plusieurs ordonnances de cl\u00e9mence. Celles-ci ont conduit \u00e0 la r\u00e9duction ou \u00e0 la suppression des peines pour 1 727 personnes, permettant ainsi la lib\u00e9ration de 233 d&rsquo;entre elles.<\/p>\n","protected":false},"excerpt":{"rendered":"<p>Le 24 juillet 2024, le pr\u00e9sident Ka\u00efs Sa\u00efed a sign\u00e9 un d\u00e9cret de gr\u00e2ce pr\u00e9sidentielle, annulant les peines pour les infractions li\u00e9es aux posts sur les r\u00e9seaux&#8230;<\/p>\n","protected":false},"author":3166,"featured_media":246916,"comment_status":"open","ping_status":"closed","sticky":false,"template":"","format":"standard","meta":{"footnotes":""},"categories":[44],"tags":[3583,2608],"class_list":["post-215467","post","type-post","status-publish","format-standard","has-post-thumbnail","hentry","category-national","tag-grace-presidentielle","tag-tunisie"],"yoast_head":"<!-- This site is optimized with the Yoast SEO Premium plugin v27.5 (Yoast SEO v27.5) - https:\/\/yoast.com\/product\/yoast-seo-premium-wordpress\/ -->\n<title>Tunisie : Gr\u00e2ce pr\u00e9sidentielle pour les crimes li\u00e9s \u00e0 des publications sur les r\u00e9seaux sociaux<\/title>\n<meta name=\"description\" content=\"Le 24 juillet 2024, le pr\u00e9sident Ka\u00efs Sa\u00efed a sign\u00e9 un d\u00e9cret de gr\u00e2ce pr\u00e9sidentielle, annulant les peines pour les infractions li\u00e9es aux posts sur les r\u00e9seaux...\" \/>\n<link rel=\"canonical\" href=\"https:\/\/www.webdo.tn\/fr\/actualite\/national\/tunisie-grace-presidentielle-pour-les-crimes-lies-a-des-publications-sur-les-reseaux-sociaux\/215467\/\" \/>\n<meta property=\"og:locale\" content=\"fr_FR\" \/>\n<meta property=\"og:type\" content=\"article\" \/>\n<meta property=\"og:title\" content=\"Tunisie : Gr\u00e2ce pr\u00e9sidentielle pour les crimes li\u00e9s \u00e0 des publications sur les r\u00e9seaux sociaux\" \/>\n<meta property=\"og:description\" content=\"Le 24 juillet 2024, le pr\u00e9sident Ka\u00efs Sa\u00efed a sign\u00e9 un d\u00e9cret de gr\u00e2ce pr\u00e9sidentielle, annulant les peines pour les infractions li\u00e9es aux posts sur les r\u00e9seaux...\" \/>\n<meta property=\"og:url\" content=\"https:\/\/www.webdo.tn\/fr\/actualite\/national\/tunisie-grace-presidentielle-pour-les-crimes-lies-a-des-publications-sur-les-reseaux-sociaux\/215467\/\" \/>\n<meta property=\"og:site_name\" content=\"webdo\" \/>\n<meta property=\"article:publisher\" content=\"https:\/\/www.facebook.com\/webdotn\" \/>\n<meta property=\"article:published_time\" content=\"2024-07-24T22:06:00+00:00\" \/>\n<meta property=\"article:modified_time\" content=\"2025-05-21T09:04:34+00:00\" \/>\n<meta property=\"og:image\" content=\"https:\/\/www.webdo.tn\/fr\/wp-content\/uploads\/2024\/07\/f3f22d98d988b79667d1cb324bebdcb2.webp\" \/>\n\t<meta property=\"og:image:width\" content=\"750\" \/>\n\t<meta property=\"og:image:height\" content=\"400\" \/>\n\t<meta property=\"og:image:type\" content=\"image\/webp\" \/>\n<meta name=\"author\" content=\"AZ\" \/>\n<meta name=\"twitter:card\" content=\"summary_large_image\" \/>\n<meta name=\"twitter:creator\" content=\"@webdo_tn\" \/>\n<meta name=\"twitter:site\" content=\"@webdo_tn\" \/>\n<meta name=\"twitter:label1\" content=\"\u00c9crit par\" \/>\n\t<meta name=\"twitter:data1\" content=\"AZ\" \/>\n\t<meta name=\"twitter:label2\" content=\"Dur\u00e9e de lecture estim\u00e9e\" \/>\n\t<meta name=\"twitter:data2\" content=\"1 minute\" \/>\n<script type=\"application\/ld+json\" class=\"yoast-schema-graph\">{\"@context\":\"https:\\\/\\\/schema.org\",\"@graph\":[{\"@type\":\"NewsArticle\",\"@id\":\"https:\\\/\\\/www.webdo.tn\\\/fr\\\/actualite\\\/national\\\/tunisie-grace-presidentielle-pour-les-crimes-lies-a-des-publications-sur-les-reseaux-sociaux\\\/215467\\\/#article\",\"isPartOf\":{\"@id\":\"https:\\\/\\\/www.webdo.tn\\\/fr\\\/actualite\\\/national\\\/tunisie-grace-presidentielle-pour-les-crimes-lies-a-des-publications-sur-les-reseaux-sociaux\\\/215467\\\/\"},\"author\":{\"name\":\"AZ\",\"@id\":\"https:\\\/\\\/www.webdo.tn\\\/fr\\\/#\\\/schema\\\/person\\\/b8a41c04d93287d375510db360906b34\"},\"headline\":\"Tunisie : Gr\u00e2ce pr\u00e9sidentielle pour les crimes li\u00e9s \u00e0 des publications sur les r\u00e9seaux sociaux\",\"datePublished\":\"2024-07-24T22:06:00+00:00\",\"dateModified\":\"2025-05-21T09:04:34+00:00\",\"mainEntityOfPage\":{\"@id\":\"https:\\\/\\\/www.webdo.tn\\\/fr\\\/actualite\\\/national\\\/tunisie-grace-presidentielle-pour-les-crimes-lies-a-des-publications-sur-les-reseaux-sociaux\\\/215467\\\/\"},\"wordCount\":213,\"commentCount\":0,\"publisher\":{\"@id\":\"https:\\\/\\\/www.webdo.tn\\\/fr\\\/#organization\"},\"image\":{\"@id\":\"https:\\\/\\\/www.webdo.tn\\\/fr\\\/actualite\\\/national\\\/tunisie-grace-presidentielle-pour-les-crimes-lies-a-des-publications-sur-les-reseaux-sociaux\\\/215467\\\/#primaryimage\"},\"thumbnailUrl\":\"https:\\\/\\\/www.webdo.tn\\\/fr\\\/wp-content\\\/uploads\\\/2024\\\/07\\\/f3f22d98d988b79667d1cb324bebdcb2.webp\",\"keywords\":[\"gr\u00e2ce pr\u00e9sidentielle\",\"Tunisie\"],\"articleSection\":[\"National\"],\"inLanguage\":\"fr-FR\"},{\"@type\":\"WebPage\",\"@id\":\"https:\\\/\\\/www.webdo.tn\\\/fr\\\/actualite\\\/national\\\/tunisie-grace-presidentielle-pour-les-crimes-lies-a-des-publications-sur-les-reseaux-sociaux\\\/215467\\\/\",\"url\":\"https:\\\/\\\/www.webdo.tn\\\/fr\\\/actualite\\\/national\\\/tunisie-grace-presidentielle-pour-les-crimes-lies-a-des-publications-sur-les-reseaux-sociaux\\\/215467\\\/\",\"name\":\"Tunisie : Gr\u00e2ce pr\u00e9sidentielle pour les crimes li\u00e9s \u00e0 des publications sur les r\u00e9seaux sociaux\",\"isPartOf\":{\"@id\":\"https:\\\/\\\/www.webdo.tn\\\/fr\\\/#website\"},\"primaryImageOfPage\":{\"@id\":\"https:\\\/\\\/www.webdo.tn\\\/fr\\\/actualite\\\/national\\\/tunisie-grace-presidentielle-pour-les-crimes-lies-a-des-publications-sur-les-reseaux-sociaux\\\/215467\\\/#primaryimage\"},\"image\":{\"@id\":\"https:\\\/\\\/www.webdo.tn\\\/fr\\\/actualite\\\/national\\\/tunisie-grace-presidentielle-pour-les-crimes-lies-a-des-publications-sur-les-reseaux-sociaux\\\/215467\\\/#primaryimage\"},\"thumbnailUrl\":\"https:\\\/\\\/www.webdo.tn\\\/fr\\\/wp-content\\\/uploads\\\/2024\\\/07\\\/f3f22d98d988b79667d1cb324bebdcb2.webp\",\"datePublished\":\"2024-07-24T22:06:00+00:00\",\"dateModified\":\"2025-05-21T09:04:34+00:00\",\"description\":\"Le 24 juillet 2024, le pr\u00e9sident Ka\u00efs Sa\u00efed a sign\u00e9 un d\u00e9cret de gr\u00e2ce pr\u00e9sidentielle, annulant les peines pour les infractions li\u00e9es aux posts sur les r\u00e9seaux...\",\"breadcrumb\":{\"@id\":\"https:\\\/\\\/www.webdo.tn\\\/fr\\\/actualite\\\/national\\\/tunisie-grace-presidentielle-pour-les-crimes-lies-a-des-publications-sur-les-reseaux-sociaux\\\/215467\\\/#breadcrumb\"},\"inLanguage\":\"fr-FR\",\"potentialAction\":[{\"@type\":\"ReadAction\",\"target\":[\"https:\\\/\\\/www.webdo.tn\\\/fr\\\/actualite\\\/national\\\/tunisie-grace-presidentielle-pour-les-crimes-lies-a-des-publications-sur-les-reseaux-sociaux\\\/215467\\\/\"]}]},{\"@type\":\"ImageObject\",\"inLanguage\":\"fr-FR\",\"@id\":\"https:\\\/\\\/www.webdo.tn\\\/fr\\\/actualite\\\/national\\\/tunisie-grace-presidentielle-pour-les-crimes-lies-a-des-publications-sur-les-reseaux-sociaux\\\/215467\\\/#primaryimage\",\"url\":\"https:\\\/\\\/www.webdo.tn\\\/fr\\\/wp-content\\\/uploads\\\/2024\\\/07\\\/f3f22d98d988b79667d1cb324bebdcb2.webp\",\"contentUrl\":\"https:\\\/\\\/www.webdo.tn\\\/fr\\\/wp-content\\\/uploads\\\/2024\\\/07\\\/f3f22d98d988b79667d1cb324bebdcb2.webp\",\"width\":750,\"height\":400,\"caption\":\"Tunisie : Gr\u00e2ce pr\u00e9sidentielle pour les crimes li\u00e9s \u00e0 des publications sur les r\u00e9seaux sociaux\"},{\"@type\":\"BreadcrumbList\",\"@id\":\"https:\\\/\\\/www.webdo.tn\\\/fr\\\/actualite\\\/national\\\/tunisie-grace-presidentielle-pour-les-crimes-lies-a-des-publications-sur-les-reseaux-sociaux\\\/215467\\\/#breadcrumb\",\"itemListElement\":[{\"@type\":\"ListItem\",\"position\":1,\"name\":\"Accueil\",\"item\":\"https:\\\/\\\/www.webdo.tn\\\/fr\\\/\"},{\"@type\":\"ListItem\",\"position\":2,\"name\":\"Tunisie : Gr\u00e2ce pr\u00e9sidentielle pour les crimes li\u00e9s \u00e0 des publications sur les r\u00e9seaux sociaux\"}]},{\"@type\":\"WebSite\",\"@id\":\"https:\\\/\\\/www.webdo.tn\\\/fr\\\/#website\",\"url\":\"https:\\\/\\\/www.webdo.tn\\\/fr\\\/\",\"name\":\"webdo\",\"description\":\"Tunisie - News en Tunisie et \u00e0 l&#039;international sur Webdo.tn\",\"publisher\":{\"@id\":\"https:\\\/\\\/www.webdo.tn\\\/fr\\\/#organization\"},\"potentialAction\":[{\"@type\":\"SearchAction\",\"target\":{\"@type\":\"EntryPoint\",\"urlTemplate\":\"https:\\\/\\\/www.webdo.tn\\\/fr\\\/?s={search_term_string}\"},\"query-input\":{\"@type\":\"PropertyValueSpecification\",\"valueRequired\":true,\"valueName\":\"search_term_string\"}}],\"inLanguage\":\"fr-FR\"},{\"@type\":\"Organization\",\"@id\":\"https:\\\/\\\/www.webdo.tn\\\/fr\\\/#organization\",\"name\":\"Webdo\",\"alternateName\":\"Webdo.tn\",\"url\":\"https:\\\/\\\/www.webdo.tn\\\/fr\\\/\",\"logo\":{\"@type\":\"ImageObject\",\"inLanguage\":\"fr-FR\",\"@id\":\"https:\\\/\\\/www.webdo.tn\\\/fr\\\/#\\\/schema\\\/logo\\\/image\\\/\",\"url\":\"https:\\\/\\\/www.webdo.tn\\\/fr\\\/wp-content\\\/uploads\\\/2025\\\/06\\\/Webdo-Tunisie_168377.jpg\",\"contentUrl\":\"https:\\\/\\\/www.webdo.tn\\\/fr\\\/wp-content\\\/uploads\\\/2025\\\/06\\\/Webdo-Tunisie_168377.jpg\",\"width\":301,\"height\":301,\"caption\":\"Webdo\"},\"image\":{\"@id\":\"https:\\\/\\\/www.webdo.tn\\\/fr\\\/#\\\/schema\\\/logo\\\/image\\\/\"},\"sameAs\":[\"https:\\\/\\\/www.facebook.com\\\/webdotn\",\"https:\\\/\\\/x.com\\\/webdo_tn\"],\"description\":\"Webdo est un m\u00e9dia num\u00e9rique tunisien fond\u00e9 en 2010, sp\u00e9cialis\u00e9 dans l\u2019actualit\u00e9 nationale et internationale, l\u2019\u00e9conomie, la soci\u00e9t\u00e9 et les analyses politiques. Le site s\u2019adresse \u00e0 un large public francophone et couvre l\u2019information tunisienne en temps r\u00e9el.\",\"email\":\"redac@webdo.tn\",\"legalName\":\"YNJ SARL\",\"foundingDate\":\"2010-09-06\",\"numberOfEmployees\":{\"@type\":\"QuantitativeValue\",\"minValue\":\"11\",\"maxValue\":\"50\"}},{\"@type\":\"Person\",\"@id\":\"https:\\\/\\\/www.webdo.tn\\\/fr\\\/#\\\/schema\\\/person\\\/b8a41c04d93287d375510db360906b34\",\"name\":\"AZ\",\"image\":{\"@type\":\"ImageObject\",\"inLanguage\":\"fr-FR\",\"@id\":\"https:\\\/\\\/secure.gravatar.com\\\/avatar\\\/492b80bada79439de4201dce15cd41eece6c277cfdf1b53382073c79105c1f89?s=96&d=mm&r=g\",\"url\":\"https:\\\/\\\/secure.gravatar.com\\\/avatar\\\/492b80bada79439de4201dce15cd41eece6c277cfdf1b53382073c79105c1f89?s=96&d=mm&r=g\",\"contentUrl\":\"https:\\\/\\\/secure.gravatar.com\\\/avatar\\\/492b80bada79439de4201dce15cd41eece6c277cfdf1b53382073c79105c1f89?s=96&d=mm&r=g\",\"caption\":\"AZ\"},\"url\":\"https:\\\/\\\/www.webdo.tn\\\/fr\\\/actualite\\\/author\\\/az\\\/\"}]}<\/script>\n<!-- \/ Yoast SEO Premium plugin. -->","yoast_head_json":{"title":"Tunisie : Gr\u00e2ce pr\u00e9sidentielle pour les crimes li\u00e9s \u00e0 des publications sur les r\u00e9seaux sociaux","description":"Le 24 juillet 2024, le pr\u00e9sident Ka\u00efs Sa\u00efed a sign\u00e9 un d\u00e9cret de gr\u00e2ce pr\u00e9sidentielle, annulant les peines pour les infractions li\u00e9es aux posts sur les r\u00e9seaux...","canonical":"https:\/\/www.webdo.tn\/fr\/actualite\/national\/tunisie-grace-presidentielle-pour-les-crimes-lies-a-des-publications-sur-les-reseaux-sociaux\/215467\/","og_locale":"fr_FR","og_type":"article","og_title":"Tunisie : Gr\u00e2ce pr\u00e9sidentielle pour les crimes li\u00e9s \u00e0 des publications sur les r\u00e9seaux sociaux","og_description":"Le 24 juillet 2024, le pr\u00e9sident Ka\u00efs Sa\u00efed a sign\u00e9 un d\u00e9cret de gr\u00e2ce pr\u00e9sidentielle, annulant les peines pour les infractions li\u00e9es aux posts sur les r\u00e9seaux...","og_url":"https:\/\/www.webdo.tn\/fr\/actualite\/national\/tunisie-grace-presidentielle-pour-les-crimes-lies-a-des-publications-sur-les-reseaux-sociaux\/215467\/","og_site_name":"webdo","article_publisher":"https:\/\/www.facebook.com\/webdotn","article_published_time":"2024-07-24T22:06:00+00:00","article_modified_time":"2025-05-21T09:04:34+00:00","og_image":[{"width":750,"height":400,"url":"https:\/\/www.webdo.tn\/fr\/wp-content\/uploads\/2024\/07\/f3f22d98d988b79667d1cb324bebdcb2.webp","type":"image\/webp"}],"author":"AZ","twitter_card":"summary_large_image","twitter_creator":"@webdo_tn","twitter_site":"@webdo_tn","twitter_misc":{"\u00c9crit par":"AZ","Dur\u00e9e de lecture estim\u00e9e":"1 minute"},"schema":{"@context":"https:\/\/schema.org","@graph":[{"@type":"NewsArticle","@id":"https:\/\/www.webdo.tn\/fr\/actualite\/national\/tunisie-grace-presidentielle-pour-les-crimes-lies-a-des-publications-sur-les-reseaux-sociaux\/215467\/#article","isPartOf":{"@id":"https:\/\/www.webdo.tn\/fr\/actualite\/national\/tunisie-grace-presidentielle-pour-les-crimes-lies-a-des-publications-sur-les-reseaux-sociaux\/215467\/"},"author":{"name":"AZ","@id":"https:\/\/www.webdo.tn\/fr\/#\/schema\/person\/b8a41c04d93287d375510db360906b34"},"headline":"Tunisie : Gr\u00e2ce pr\u00e9sidentielle pour les crimes li\u00e9s \u00e0 des publications sur les r\u00e9seaux sociaux","datePublished":"2024-07-24T22:06:00+00:00","dateModified":"2025-05-21T09:04:34+00:00","mainEntityOfPage":{"@id":"https:\/\/www.webdo.tn\/fr\/actualite\/national\/tunisie-grace-presidentielle-pour-les-crimes-lies-a-des-publications-sur-les-reseaux-sociaux\/215467\/"},"wordCount":213,"commentCount":0,"publisher":{"@id":"https:\/\/www.webdo.tn\/fr\/#organization"},"image":{"@id":"https:\/\/www.webdo.tn\/fr\/actualite\/national\/tunisie-grace-presidentielle-pour-les-crimes-lies-a-des-publications-sur-les-reseaux-sociaux\/215467\/#primaryimage"},"thumbnailUrl":"https:\/\/www.webdo.tn\/fr\/wp-content\/uploads\/2024\/07\/f3f22d98d988b79667d1cb324bebdcb2.webp","keywords":["gr\u00e2ce pr\u00e9sidentielle","Tunisie"],"articleSection":["National"],"inLanguage":"fr-FR"},{"@type":"WebPage","@id":"https:\/\/www.webdo.tn\/fr\/actualite\/national\/tunisie-grace-presidentielle-pour-les-crimes-lies-a-des-publications-sur-les-reseaux-sociaux\/215467\/","url":"https:\/\/www.webdo.tn\/fr\/actualite\/national\/tunisie-grace-presidentielle-pour-les-crimes-lies-a-des-publications-sur-les-reseaux-sociaux\/215467\/","name":"Tunisie : Gr\u00e2ce pr\u00e9sidentielle pour les crimes li\u00e9s \u00e0 des publications sur les r\u00e9seaux sociaux","isPartOf":{"@id":"https:\/\/www.webdo.tn\/fr\/#website"},"primaryImageOfPage":{"@id":"https:\/\/www.webdo.tn\/fr\/actualite\/national\/tunisie-grace-presidentielle-pour-les-crimes-lies-a-des-publications-sur-les-reseaux-sociaux\/215467\/#primaryimage"},"image":{"@id":"https:\/\/www.webdo.tn\/fr\/actualite\/national\/tunisie-grace-presidentielle-pour-les-crimes-lies-a-des-publications-sur-les-reseaux-sociaux\/215467\/#primaryimage"},"thumbnailUrl":"https:\/\/www.webdo.tn\/fr\/wp-content\/uploads\/2024\/07\/f3f22d98d988b79667d1cb324bebdcb2.webp","datePublished":"2024-07-24T22:06:00+00:00","dateModified":"2025-05-21T09:04:34+00:00","description":"Le 24 juillet 2024, le pr\u00e9sident Ka\u00efs Sa\u00efed a sign\u00e9 un d\u00e9cret de gr\u00e2ce pr\u00e9sidentielle, annulant les peines pour les infractions li\u00e9es aux posts sur les r\u00e9seaux...","breadcrumb":{"@id":"https:\/\/www.webdo.tn\/fr\/actualite\/national\/tunisie-grace-presidentielle-pour-les-crimes-lies-a-des-publications-sur-les-reseaux-sociaux\/215467\/#breadcrumb"},"inLanguage":"fr-FR","potentialAction":[{"@type":"ReadAction","target":["https:\/\/www.webdo.tn\/fr\/actualite\/national\/tunisie-grace-presidentielle-pour-les-crimes-lies-a-des-publications-sur-les-reseaux-sociaux\/215467\/"]}]},{"@type":"ImageObject","inLanguage":"fr-FR","@id":"https:\/\/www.webdo.tn\/fr\/actualite\/national\/tunisie-grace-presidentielle-pour-les-crimes-lies-a-des-publications-sur-les-reseaux-sociaux\/215467\/#primaryimage","url":"https:\/\/www.webdo.tn\/fr\/wp-content\/uploads\/2024\/07\/f3f22d98d988b79667d1cb324bebdcb2.webp","contentUrl":"https:\/\/www.webdo.tn\/fr\/wp-content\/uploads\/2024\/07\/f3f22d98d988b79667d1cb324bebdcb2.webp","width":750,"height":400,"caption":"Tunisie : Gr\u00e2ce pr\u00e9sidentielle pour les crimes li\u00e9s \u00e0 des publications sur les r\u00e9seaux sociaux"},{"@type":"BreadcrumbList","@id":"https:\/\/www.webdo.tn\/fr\/actualite\/national\/tunisie-grace-presidentielle-pour-les-crimes-lies-a-des-publications-sur-les-reseaux-sociaux\/215467\/#breadcrumb","itemListElement":[{"@type":"ListItem","position":1,"name":"Accueil","item":"https:\/\/www.webdo.tn\/fr\/"},{"@type":"ListItem","position":2,"name":"Tunisie : Gr\u00e2ce pr\u00e9sidentielle pour les crimes li\u00e9s \u00e0 des publications sur les r\u00e9seaux sociaux"}]},{"@type":"WebSite","@id":"https:\/\/www.webdo.tn\/fr\/#website","url":"https:\/\/www.webdo.tn\/fr\/","name":"webdo","description":"Tunisie - News en Tunisie et \u00e0 l&#039;international sur Webdo.tn","publisher":{"@id":"https:\/\/www.webdo.tn\/fr\/#organization"},"potentialAction":[{"@type":"SearchAction","target":{"@type":"EntryPoint","urlTemplate":"https:\/\/www.webdo.tn\/fr\/?s={search_term_string}"},"query-input":{"@type":"PropertyValueSpecification","valueRequired":true,"valueName":"search_term_string"}}],"inLanguage":"fr-FR"},{"@type":"Organization","@id":"https:\/\/www.webdo.tn\/fr\/#organization","name":"Webdo","alternateName":"Webdo.tn","url":"https:\/\/www.webdo.tn\/fr\/","logo":{"@type":"ImageObject","inLanguage":"fr-FR","@id":"https:\/\/www.webdo.tn\/fr\/#\/schema\/logo\/image\/","url":"https:\/\/www.webdo.tn\/fr\/wp-content\/uploads\/2025\/06\/Webdo-Tunisie_168377.jpg","contentUrl":"https:\/\/www.webdo.tn\/fr\/wp-content\/uploads\/2025\/06\/Webdo-Tunisie_168377.jpg","width":301,"height":301,"caption":"Webdo"},"image":{"@id":"https:\/\/www.webdo.tn\/fr\/#\/schema\/logo\/image\/"},"sameAs":["https:\/\/www.facebook.com\/webdotn","https:\/\/x.com\/webdo_tn"],"description":"Webdo est un m\u00e9dia num\u00e9rique tunisien fond\u00e9 en 2010, sp\u00e9cialis\u00e9 dans l\u2019actualit\u00e9 nationale et internationale, l\u2019\u00e9conomie, la soci\u00e9t\u00e9 et les analyses politiques. Le site s\u2019adresse \u00e0 un large public francophone et couvre l\u2019information tunisienne en temps r\u00e9el.","email":"redac@webdo.tn","legalName":"YNJ SARL","foundingDate":"2010-09-06","numberOfEmployees":{"@type":"QuantitativeValue","minValue":"11","maxValue":"50"}},{"@type":"Person","@id":"https:\/\/www.webdo.tn\/fr\/#\/schema\/person\/b8a41c04d93287d375510db360906b34","name":"AZ","image":{"@type":"ImageObject","inLanguage":"fr-FR","@id":"https:\/\/secure.gravatar.com\/avatar\/492b80bada79439de4201dce15cd41eece6c277cfdf1b53382073c79105c1f89?s=96&d=mm&r=g","url":"https:\/\/secure.gravatar.com\/avatar\/492b80bada79439de4201dce15cd41eece6c277cfdf1b53382073c79105c1f89?s=96&d=mm&r=g","contentUrl":"https:\/\/secure.gravatar.com\/avatar\/492b80bada79439de4201dce15cd41eece6c277cfdf1b53382073c79105c1f89?s=96&d=mm&r=g","caption":"AZ"},"url":"https:\/\/www.webdo.tn\/fr\/actualite\/author\/az\/"}]}},"_links":{"self":[{"href":"https:\/\/www.webdo.tn\/fr\/wp-json\/wp\/v2\/posts\/215467","targetHints":{"allow":["GET"]}}],"collection":[{"href":"https:\/\/www.webdo.tn\/fr\/wp-json\/wp\/v2\/posts"}],"about":[{"href":"https:\/\/www.webdo.tn\/fr\/wp-json\/wp\/v2\/types\/post"}],"author":[{"embeddable":true,"href":"https:\/\/www.webdo.tn\/fr\/wp-json\/wp\/v2\/users\/3166"}],"replies":[{"embeddable":true,"href":"https:\/\/www.webdo.tn\/fr\/wp-json\/wp\/v2\/comments?post=215467"}],"version-history":[{"count":0,"href":"https:\/\/www.webdo.tn\/fr\/wp-json\/wp\/v2\/posts\/215467\/revisions"}],"wp:featuredmedia":[{"embeddable":true,"href":"https:\/\/www.webdo.tn\/fr\/wp-json\/wp\/v2\/media\/246916"}],"wp:attachment":[{"href":"https:\/\/www.webdo.tn\/fr\/wp-json\/wp\/v2\/media?parent=215467"}],"wp:term":[{"taxonomy":"category","embeddable":true,"href":"https:\/\/www.webdo.tn\/fr\/wp-json\/wp\/v2\/categories?post=215467"},{"taxonomy":"post_tag","embeddable":true,"href":"https:\/\/www.webdo.tn\/fr\/wp-json\/wp\/v2\/tags?post=215467"}],"curies":[{"name":"wp","href":"https:\/\/api.w.org\/{rel}","templated":true}]}}