{"id":215454,"date":"2024-07-24T11:55:00","date_gmt":"2024-07-24T11:55:00","guid":{"rendered":"https:\/\/www.webdo.tn\/fr\/blog\/chute-d-un-supporter-lors-du-derby-ca-est-mandat-de-depot-contre-un-policier\/215454\/"},"modified":"2025-05-20T22:13:48","modified_gmt":"2025-05-20T22:13:48","slug":"chute-d-un-supporter-lors-du-derby-ca-est-mandat-de-depot-contre-un-policier","status":"publish","type":"post","link":"https:\/\/www.webdo.tn\/fr\/actualite\/sport\/chute-d-un-supporter-lors-du-derby-ca-est-mandat-de-depot-contre-un-policier\/215454\/","title":{"rendered":"Chute d&rsquo;un supporter lors du derby CA-EST : mandat de d\u00e9p\u00f4t contre un policier"},"content":{"rendered":"<p>Le juge d&rsquo;instruction du tribunal de premi\u00e8re instance de Ben Arous a \u00e9mis un mandat de d\u00e9p\u00f4t \u00e0 l\u2019encontre d\u2019un policier dans le cadre de l&rsquo;enqu\u00eate sur la chute d&rsquo;un supporter du Club Africain au stade de Rad\u00e8s, le 2 juin dernier.<\/p>\n<p>\t\t\t\t\t\t\t\t\tEn marge du derby de la capitale du 2 juin dernier au stade de Rades entre le Club Africain et l\u2019Esp\u00e9rance ST dans le cadrer de la 8\u00e8me journ\u00e9e du play-off, le juge d&rsquo;instruction du tribunal de premi\u00e8re instance de Ben Arous a d\u00e9livr\u00e9 un mandat de d\u00e9p\u00f4t \u00e0 l\u2019encontre d\u2019un policier.<\/p>\n<p>Ce mandat de d\u00e9p\u00f4t a \u00e9t\u00e9 d\u00e9livr\u00e9 dans le cadre de l&rsquo;enqu\u00eate sur la chute d&rsquo;un supporter du Club Africain des gradins du stade Hammadi Agrebi, entra\u00eenant des blessures graves \u00e0 ce jeune fan du CA.<\/p>\n<p>En marge de cette rencontre, le minist\u00e8re public du tribunal de premi\u00e8re instance de Ben Arous avait ordonn\u00e9 aux agents de la brigade centrale de lutte contre le terrorisme de la garde nationale de Ben Arous de mener une enqu\u00eate concernant cet incident.<\/p>\n<p>Le policier incrimin\u00e9 avait \u00e9t\u00e9 plac\u00e9 en d\u00e9tention provisoire dans le cadre de l&rsquo;enqu\u00eate avant qu&rsquo;il ne soit pr\u00e9sent\u00e9 au juge d&rsquo;instruction du tribunal de premi\u00e8re instance de Ben Arous, qui l&rsquo;a interrog\u00e9 avant de d\u00e9cider de l&rsquo;\u00e9mission d&rsquo;un mandat de d\u00e9p\u00f4t en attendant la poursuite de l&rsquo;enqu\u00eate.<\/p>\n<p>Rappelons que le supporter du Club Africain qui est tomb\u00e9 a souffert de fractures mais il va mieux. Il avait indiqu\u00e9 lors de sa visite \u00e0 l\u2019h\u00f4pital que des personnes l\u2019ont pouss\u00e9, ce qui a entra\u00een\u00e9 sa chute du haut du mur de b\u00e9ton du stade de Rad\u00e8s.<\/p>\n","protected":false},"excerpt":{"rendered":"<p>En marge du derby de la capitale du 2 juin dernier au stade de Rades entre le Club Africain et l\u2019Esp\u00e9rance ST dans le cadrer de la 8\u00e8me journ\u00e9e du play-off, le&#8230;<\/p>\n","protected":false},"author":3162,"featured_media":290878,"comment_status":"open","ping_status":"closed","sticky":false,"template":"","format":"standard","meta":{"footnotes":""},"categories":[2593],"tags":[10336,2987,3101,3077,3437,6214],"class_list":["post-215454","post","type-post","status-publish","format-standard","has-post-thumbnail","hentry","category-sport","tag-mandat","tag-chute","tag-club-africain","tag-derby","tag-esperance","tag-supporter"],"yoast_head":"<!-- This site is optimized with the Yoast SEO Premium plugin v27.5 (Yoast SEO v27.5) - https:\/\/yoast.com\/product\/yoast-seo-premium-wordpress\/ -->\n<title>Chute d&#039;un supporter lors du derby CA-EST : mandat de d\u00e9p\u00f4t contre un policier<\/title>\n<meta name=\"description\" content=\"En marge du derby de la capitale du 2 juin dernier au stade de Rades entre le Club Africain et l\u2019Esp\u00e9rance ST dans le cadrer de la 8\u00e8me journ\u00e9e du play-off, le...\" \/>\n<link rel=\"canonical\" href=\"https:\/\/www.webdo.tn\/fr\/actualite\/sport\/chute-d-un-supporter-lors-du-derby-ca-est-mandat-de-depot-contre-un-policier\/215454\/\" \/>\n<meta property=\"og:locale\" content=\"fr_FR\" \/>\n<meta property=\"og:type\" content=\"article\" \/>\n<meta property=\"og:title\" content=\"Chute d&#039;un supporter lors du derby CA-EST : mandat de d\u00e9p\u00f4t contre un policier\" \/>\n<meta property=\"og:description\" content=\"En marge du derby de la capitale du 2 juin dernier au stade de Rades entre le Club Africain et l\u2019Esp\u00e9rance ST dans le cadrer de la 8\u00e8me journ\u00e9e du play-off, le...\" \/>\n<meta property=\"og:url\" content=\"https:\/\/www.webdo.tn\/fr\/actualite\/sport\/chute-d-un-supporter-lors-du-derby-ca-est-mandat-de-depot-contre-un-policier\/215454\/\" \/>\n<meta property=\"og:site_name\" content=\"webdo\" \/>\n<meta property=\"article:publisher\" content=\"https:\/\/www.facebook.com\/webdotn\" \/>\n<meta property=\"article:published_time\" content=\"2024-07-24T11:55:00+00:00\" \/>\n<meta property=\"article:modified_time\" content=\"2025-05-20T22:13:48+00:00\" \/>\n<meta property=\"og:image\" content=\"https:\/\/www.webdo.tn\/fr\/wp-content\/uploads\/2024\/07\/50ae611915e11ab6a173dfec9fc84ee3.webp\" \/>\n\t<meta property=\"og:image:width\" content=\"750\" \/>\n\t<meta property=\"og:image:height\" content=\"400\" \/>\n\t<meta property=\"og:image:type\" content=\"image\/webp\" \/>\n<meta name=\"author\" content=\"MC\" \/>\n<meta name=\"twitter:card\" content=\"summary_large_image\" \/>\n<meta name=\"twitter:creator\" content=\"@webdo_tn\" \/>\n<meta name=\"twitter:site\" content=\"@webdo_tn\" \/>\n<meta name=\"twitter:label1\" content=\"\u00c9crit par\" \/>\n\t<meta name=\"twitter:data1\" content=\"MC\" \/>\n\t<meta name=\"twitter:label2\" content=\"Dur\u00e9e de lecture estim\u00e9e\" \/>\n\t<meta name=\"twitter:data2\" content=\"2 minutes\" \/>\n<script type=\"application\/ld+json\" class=\"yoast-schema-graph\">{\"@context\":\"https:\\\/\\\/schema.org\",\"@graph\":[{\"@type\":\"NewsArticle\",\"@id\":\"https:\\\/\\\/www.webdo.tn\\\/fr\\\/actualite\\\/sport\\\/chute-d-un-supporter-lors-du-derby-ca-est-mandat-de-depot-contre-un-policier\\\/215454\\\/#article\",\"isPartOf\":{\"@id\":\"https:\\\/\\\/www.webdo.tn\\\/fr\\\/actualite\\\/sport\\\/chute-d-un-supporter-lors-du-derby-ca-est-mandat-de-depot-contre-un-policier\\\/215454\\\/\"},\"author\":{\"name\":\"MC\",\"@id\":\"https:\\\/\\\/www.webdo.tn\\\/fr\\\/#\\\/schema\\\/person\\\/2c4929cbf5a809e3bd38617c6ce150f6\"},\"headline\":\"Chute d&rsquo;un supporter lors du derby CA-EST : mandat de d\u00e9p\u00f4t contre un policier\",\"datePublished\":\"2024-07-24T11:55:00+00:00\",\"dateModified\":\"2025-05-20T22:13:48+00:00\",\"mainEntityOfPage\":{\"@id\":\"https:\\\/\\\/www.webdo.tn\\\/fr\\\/actualite\\\/sport\\\/chute-d-un-supporter-lors-du-derby-ca-est-mandat-de-depot-contre-un-policier\\\/215454\\\/\"},\"wordCount\":330,\"commentCount\":0,\"publisher\":{\"@id\":\"https:\\\/\\\/www.webdo.tn\\\/fr\\\/#organization\"},\"image\":{\"@id\":\"https:\\\/\\\/www.webdo.tn\\\/fr\\\/actualite\\\/sport\\\/chute-d-un-supporter-lors-du-derby-ca-est-mandat-de-depot-contre-un-policier\\\/215454\\\/#primaryimage\"},\"thumbnailUrl\":\"https:\\\/\\\/www.webdo.tn\\\/fr\\\/wp-content\\\/uploads\\\/2024\\\/07\\\/50ae611915e11ab6a173dfec9fc84ee3.webp\",\"keywords\":[\"'mandat']\",\"chute\",\"Club Africain\",\"Derby\",\"esp\u00e9rance\",\"supporter\"],\"articleSection\":[\"Sport\"],\"inLanguage\":\"fr-FR\"},{\"@type\":\"WebPage\",\"@id\":\"https:\\\/\\\/www.webdo.tn\\\/fr\\\/actualite\\\/sport\\\/chute-d-un-supporter-lors-du-derby-ca-est-mandat-de-depot-contre-un-policier\\\/215454\\\/\",\"url\":\"https:\\\/\\\/www.webdo.tn\\\/fr\\\/actualite\\\/sport\\\/chute-d-un-supporter-lors-du-derby-ca-est-mandat-de-depot-contre-un-policier\\\/215454\\\/\",\"name\":\"Chute d'un supporter lors du derby CA-EST : mandat de d\u00e9p\u00f4t contre un policier\",\"isPartOf\":{\"@id\":\"https:\\\/\\\/www.webdo.tn\\\/fr\\\/#website\"},\"primaryImageOfPage\":{\"@id\":\"https:\\\/\\\/www.webdo.tn\\\/fr\\\/actualite\\\/sport\\\/chute-d-un-supporter-lors-du-derby-ca-est-mandat-de-depot-contre-un-policier\\\/215454\\\/#primaryimage\"},\"image\":{\"@id\":\"https:\\\/\\\/www.webdo.tn\\\/fr\\\/actualite\\\/sport\\\/chute-d-un-supporter-lors-du-derby-ca-est-mandat-de-depot-contre-un-policier\\\/215454\\\/#primaryimage\"},\"thumbnailUrl\":\"https:\\\/\\\/www.webdo.tn\\\/fr\\\/wp-content\\\/uploads\\\/2024\\\/07\\\/50ae611915e11ab6a173dfec9fc84ee3.webp\",\"datePublished\":\"2024-07-24T11:55:00+00:00\",\"dateModified\":\"2025-05-20T22:13:48+00:00\",\"description\":\"En marge du derby de la capitale du 2 juin dernier au stade de Rades entre le Club Africain et l\u2019Esp\u00e9rance ST dans le cadrer de la 8\u00e8me journ\u00e9e du play-off, le...\",\"breadcrumb\":{\"@id\":\"https:\\\/\\\/www.webdo.tn\\\/fr\\\/actualite\\\/sport\\\/chute-d-un-supporter-lors-du-derby-ca-est-mandat-de-depot-contre-un-policier\\\/215454\\\/#breadcrumb\"},\"inLanguage\":\"fr-FR\",\"potentialAction\":[{\"@type\":\"ReadAction\",\"target\":[\"https:\\\/\\\/www.webdo.tn\\\/fr\\\/actualite\\\/sport\\\/chute-d-un-supporter-lors-du-derby-ca-est-mandat-de-depot-contre-un-policier\\\/215454\\\/\"]}]},{\"@type\":\"ImageObject\",\"inLanguage\":\"fr-FR\",\"@id\":\"https:\\\/\\\/www.webdo.tn\\\/fr\\\/actualite\\\/sport\\\/chute-d-un-supporter-lors-du-derby-ca-est-mandat-de-depot-contre-un-policier\\\/215454\\\/#primaryimage\",\"url\":\"https:\\\/\\\/www.webdo.tn\\\/fr\\\/wp-content\\\/uploads\\\/2024\\\/07\\\/50ae611915e11ab6a173dfec9fc84ee3.webp\",\"contentUrl\":\"https:\\\/\\\/www.webdo.tn\\\/fr\\\/wp-content\\\/uploads\\\/2024\\\/07\\\/50ae611915e11ab6a173dfec9fc84ee3.webp\",\"width\":750,\"height\":400,\"caption\":\"Chute d'un supporter lors du derby CA-EST : mandat de d\u00e9p\u00f4t contre un policier\"},{\"@type\":\"BreadcrumbList\",\"@id\":\"https:\\\/\\\/www.webdo.tn\\\/fr\\\/actualite\\\/sport\\\/chute-d-un-supporter-lors-du-derby-ca-est-mandat-de-depot-contre-un-policier\\\/215454\\\/#breadcrumb\",\"itemListElement\":[{\"@type\":\"ListItem\",\"position\":1,\"name\":\"Accueil\",\"item\":\"https:\\\/\\\/www.webdo.tn\\\/fr\\\/\"},{\"@type\":\"ListItem\",\"position\":2,\"name\":\"Chute d&rsquo;un supporter lors du derby CA-EST : mandat de d\u00e9p\u00f4t contre un policier\"}]},{\"@type\":\"WebSite\",\"@id\":\"https:\\\/\\\/www.webdo.tn\\\/fr\\\/#website\",\"url\":\"https:\\\/\\\/www.webdo.tn\\\/fr\\\/\",\"name\":\"webdo\",\"description\":\"Tunisie - News en Tunisie et \u00e0 l&#039;international sur Webdo.tn\",\"publisher\":{\"@id\":\"https:\\\/\\\/www.webdo.tn\\\/fr\\\/#organization\"},\"potentialAction\":[{\"@type\":\"SearchAction\",\"target\":{\"@type\":\"EntryPoint\",\"urlTemplate\":\"https:\\\/\\\/www.webdo.tn\\\/fr\\\/?s={search_term_string}\"},\"query-input\":{\"@type\":\"PropertyValueSpecification\",\"valueRequired\":true,\"valueName\":\"search_term_string\"}}],\"inLanguage\":\"fr-FR\"},{\"@type\":\"Organization\",\"@id\":\"https:\\\/\\\/www.webdo.tn\\\/fr\\\/#organization\",\"name\":\"Webdo\",\"alternateName\":\"Webdo.tn\",\"url\":\"https:\\\/\\\/www.webdo.tn\\\/fr\\\/\",\"logo\":{\"@type\":\"ImageObject\",\"inLanguage\":\"fr-FR\",\"@id\":\"https:\\\/\\\/www.webdo.tn\\\/fr\\\/#\\\/schema\\\/logo\\\/image\\\/\",\"url\":\"https:\\\/\\\/www.webdo.tn\\\/fr\\\/wp-content\\\/uploads\\\/2025\\\/06\\\/Webdo-Tunisie_168377.jpg\",\"contentUrl\":\"https:\\\/\\\/www.webdo.tn\\\/fr\\\/wp-content\\\/uploads\\\/2025\\\/06\\\/Webdo-Tunisie_168377.jpg\",\"width\":301,\"height\":301,\"caption\":\"Webdo\"},\"image\":{\"@id\":\"https:\\\/\\\/www.webdo.tn\\\/fr\\\/#\\\/schema\\\/logo\\\/image\\\/\"},\"sameAs\":[\"https:\\\/\\\/www.facebook.com\\\/webdotn\",\"https:\\\/\\\/x.com\\\/webdo_tn\"],\"description\":\"Webdo est un m\u00e9dia num\u00e9rique tunisien fond\u00e9 en 2010, sp\u00e9cialis\u00e9 dans l\u2019actualit\u00e9 nationale et internationale, l\u2019\u00e9conomie, la soci\u00e9t\u00e9 et les analyses politiques. Le site s\u2019adresse \u00e0 un large public francophone et couvre l\u2019information tunisienne en temps r\u00e9el.\",\"email\":\"redac@webdo.tn\",\"legalName\":\"YNJ SARL\",\"foundingDate\":\"2010-09-06\",\"numberOfEmployees\":{\"@type\":\"QuantitativeValue\",\"minValue\":\"11\",\"maxValue\":\"50\"}},{\"@type\":\"Person\",\"@id\":\"https:\\\/\\\/www.webdo.tn\\\/fr\\\/#\\\/schema\\\/person\\\/2c4929cbf5a809e3bd38617c6ce150f6\",\"name\":\"MC\",\"image\":{\"@type\":\"ImageObject\",\"inLanguage\":\"fr-FR\",\"@id\":\"https:\\\/\\\/secure.gravatar.com\\\/avatar\\\/a545bbb6f84efdd5553dbbc2895e3ca8f1d12c5215e00a041c9670b54aa9b18a?s=96&d=mm&r=g\",\"url\":\"https:\\\/\\\/secure.gravatar.com\\\/avatar\\\/a545bbb6f84efdd5553dbbc2895e3ca8f1d12c5215e00a041c9670b54aa9b18a?s=96&d=mm&r=g\",\"contentUrl\":\"https:\\\/\\\/secure.gravatar.com\\\/avatar\\\/a545bbb6f84efdd5553dbbc2895e3ca8f1d12c5215e00a041c9670b54aa9b18a?s=96&d=mm&r=g\",\"caption\":\"MC\"},\"url\":\"https:\\\/\\\/www.webdo.tn\\\/fr\\\/actualite\\\/author\\\/mc\\\/\"}]}<\/script>\n<!-- \/ Yoast SEO Premium plugin. -->","yoast_head_json":{"title":"Chute d'un supporter lors du derby CA-EST : mandat de d\u00e9p\u00f4t contre un policier","description":"En marge du derby de la capitale du 2 juin dernier au stade de Rades entre le Club Africain et l\u2019Esp\u00e9rance ST dans le cadrer de la 8\u00e8me journ\u00e9e du play-off, le...","canonical":"https:\/\/www.webdo.tn\/fr\/actualite\/sport\/chute-d-un-supporter-lors-du-derby-ca-est-mandat-de-depot-contre-un-policier\/215454\/","og_locale":"fr_FR","og_type":"article","og_title":"Chute d'un supporter lors du derby CA-EST : mandat de d\u00e9p\u00f4t contre un policier","og_description":"En marge du derby de la capitale du 2 juin dernier au stade de Rades entre le Club Africain et l\u2019Esp\u00e9rance ST dans le cadrer de la 8\u00e8me journ\u00e9e du play-off, le...","og_url":"https:\/\/www.webdo.tn\/fr\/actualite\/sport\/chute-d-un-supporter-lors-du-derby-ca-est-mandat-de-depot-contre-un-policier\/215454\/","og_site_name":"webdo","article_publisher":"https:\/\/www.facebook.com\/webdotn","article_published_time":"2024-07-24T11:55:00+00:00","article_modified_time":"2025-05-20T22:13:48+00:00","og_image":[{"width":750,"height":400,"url":"https:\/\/www.webdo.tn\/fr\/wp-content\/uploads\/2024\/07\/50ae611915e11ab6a173dfec9fc84ee3.webp","type":"image\/webp"}],"author":"MC","twitter_card":"summary_large_image","twitter_creator":"@webdo_tn","twitter_site":"@webdo_tn","twitter_misc":{"\u00c9crit par":"MC","Dur\u00e9e de lecture estim\u00e9e":"2 minutes"},"schema":{"@context":"https:\/\/schema.org","@graph":[{"@type":"NewsArticle","@id":"https:\/\/www.webdo.tn\/fr\/actualite\/sport\/chute-d-un-supporter-lors-du-derby-ca-est-mandat-de-depot-contre-un-policier\/215454\/#article","isPartOf":{"@id":"https:\/\/www.webdo.tn\/fr\/actualite\/sport\/chute-d-un-supporter-lors-du-derby-ca-est-mandat-de-depot-contre-un-policier\/215454\/"},"author":{"name":"MC","@id":"https:\/\/www.webdo.tn\/fr\/#\/schema\/person\/2c4929cbf5a809e3bd38617c6ce150f6"},"headline":"Chute d&rsquo;un supporter lors du derby CA-EST : mandat de d\u00e9p\u00f4t contre un policier","datePublished":"2024-07-24T11:55:00+00:00","dateModified":"2025-05-20T22:13:48+00:00","mainEntityOfPage":{"@id":"https:\/\/www.webdo.tn\/fr\/actualite\/sport\/chute-d-un-supporter-lors-du-derby-ca-est-mandat-de-depot-contre-un-policier\/215454\/"},"wordCount":330,"commentCount":0,"publisher":{"@id":"https:\/\/www.webdo.tn\/fr\/#organization"},"image":{"@id":"https:\/\/www.webdo.tn\/fr\/actualite\/sport\/chute-d-un-supporter-lors-du-derby-ca-est-mandat-de-depot-contre-un-policier\/215454\/#primaryimage"},"thumbnailUrl":"https:\/\/www.webdo.tn\/fr\/wp-content\/uploads\/2024\/07\/50ae611915e11ab6a173dfec9fc84ee3.webp","keywords":["'mandat']","chute","Club Africain","Derby","esp\u00e9rance","supporter"],"articleSection":["Sport"],"inLanguage":"fr-FR"},{"@type":"WebPage","@id":"https:\/\/www.webdo.tn\/fr\/actualite\/sport\/chute-d-un-supporter-lors-du-derby-ca-est-mandat-de-depot-contre-un-policier\/215454\/","url":"https:\/\/www.webdo.tn\/fr\/actualite\/sport\/chute-d-un-supporter-lors-du-derby-ca-est-mandat-de-depot-contre-un-policier\/215454\/","name":"Chute d'un supporter lors du derby CA-EST : mandat de d\u00e9p\u00f4t contre un policier","isPartOf":{"@id":"https:\/\/www.webdo.tn\/fr\/#website"},"primaryImageOfPage":{"@id":"https:\/\/www.webdo.tn\/fr\/actualite\/sport\/chute-d-un-supporter-lors-du-derby-ca-est-mandat-de-depot-contre-un-policier\/215454\/#primaryimage"},"image":{"@id":"https:\/\/www.webdo.tn\/fr\/actualite\/sport\/chute-d-un-supporter-lors-du-derby-ca-est-mandat-de-depot-contre-un-policier\/215454\/#primaryimage"},"thumbnailUrl":"https:\/\/www.webdo.tn\/fr\/wp-content\/uploads\/2024\/07\/50ae611915e11ab6a173dfec9fc84ee3.webp","datePublished":"2024-07-24T11:55:00+00:00","dateModified":"2025-05-20T22:13:48+00:00","description":"En marge du derby de la capitale du 2 juin dernier au stade de Rades entre le Club Africain et l\u2019Esp\u00e9rance ST dans le cadrer de la 8\u00e8me journ\u00e9e du play-off, le...","breadcrumb":{"@id":"https:\/\/www.webdo.tn\/fr\/actualite\/sport\/chute-d-un-supporter-lors-du-derby-ca-est-mandat-de-depot-contre-un-policier\/215454\/#breadcrumb"},"inLanguage":"fr-FR","potentialAction":[{"@type":"ReadAction","target":["https:\/\/www.webdo.tn\/fr\/actualite\/sport\/chute-d-un-supporter-lors-du-derby-ca-est-mandat-de-depot-contre-un-policier\/215454\/"]}]},{"@type":"ImageObject","inLanguage":"fr-FR","@id":"https:\/\/www.webdo.tn\/fr\/actualite\/sport\/chute-d-un-supporter-lors-du-derby-ca-est-mandat-de-depot-contre-un-policier\/215454\/#primaryimage","url":"https:\/\/www.webdo.tn\/fr\/wp-content\/uploads\/2024\/07\/50ae611915e11ab6a173dfec9fc84ee3.webp","contentUrl":"https:\/\/www.webdo.tn\/fr\/wp-content\/uploads\/2024\/07\/50ae611915e11ab6a173dfec9fc84ee3.webp","width":750,"height":400,"caption":"Chute d'un supporter lors du derby CA-EST : mandat de d\u00e9p\u00f4t contre un policier"},{"@type":"BreadcrumbList","@id":"https:\/\/www.webdo.tn\/fr\/actualite\/sport\/chute-d-un-supporter-lors-du-derby-ca-est-mandat-de-depot-contre-un-policier\/215454\/#breadcrumb","itemListElement":[{"@type":"ListItem","position":1,"name":"Accueil","item":"https:\/\/www.webdo.tn\/fr\/"},{"@type":"ListItem","position":2,"name":"Chute d&rsquo;un supporter lors du derby CA-EST : mandat de d\u00e9p\u00f4t contre un policier"}]},{"@type":"WebSite","@id":"https:\/\/www.webdo.tn\/fr\/#website","url":"https:\/\/www.webdo.tn\/fr\/","name":"webdo","description":"Tunisie - News en Tunisie et \u00e0 l&#039;international sur Webdo.tn","publisher":{"@id":"https:\/\/www.webdo.tn\/fr\/#organization"},"potentialAction":[{"@type":"SearchAction","target":{"@type":"EntryPoint","urlTemplate":"https:\/\/www.webdo.tn\/fr\/?s={search_term_string}"},"query-input":{"@type":"PropertyValueSpecification","valueRequired":true,"valueName":"search_term_string"}}],"inLanguage":"fr-FR"},{"@type":"Organization","@id":"https:\/\/www.webdo.tn\/fr\/#organization","name":"Webdo","alternateName":"Webdo.tn","url":"https:\/\/www.webdo.tn\/fr\/","logo":{"@type":"ImageObject","inLanguage":"fr-FR","@id":"https:\/\/www.webdo.tn\/fr\/#\/schema\/logo\/image\/","url":"https:\/\/www.webdo.tn\/fr\/wp-content\/uploads\/2025\/06\/Webdo-Tunisie_168377.jpg","contentUrl":"https:\/\/www.webdo.tn\/fr\/wp-content\/uploads\/2025\/06\/Webdo-Tunisie_168377.jpg","width":301,"height":301,"caption":"Webdo"},"image":{"@id":"https:\/\/www.webdo.tn\/fr\/#\/schema\/logo\/image\/"},"sameAs":["https:\/\/www.facebook.com\/webdotn","https:\/\/x.com\/webdo_tn"],"description":"Webdo est un m\u00e9dia num\u00e9rique tunisien fond\u00e9 en 2010, sp\u00e9cialis\u00e9 dans l\u2019actualit\u00e9 nationale et internationale, l\u2019\u00e9conomie, la soci\u00e9t\u00e9 et les analyses politiques. Le site s\u2019adresse \u00e0 un large public francophone et couvre l\u2019information tunisienne en temps r\u00e9el.","email":"redac@webdo.tn","legalName":"YNJ SARL","foundingDate":"2010-09-06","numberOfEmployees":{"@type":"QuantitativeValue","minValue":"11","maxValue":"50"}},{"@type":"Person","@id":"https:\/\/www.webdo.tn\/fr\/#\/schema\/person\/2c4929cbf5a809e3bd38617c6ce150f6","name":"MC","image":{"@type":"ImageObject","inLanguage":"fr-FR","@id":"https:\/\/secure.gravatar.com\/avatar\/a545bbb6f84efdd5553dbbc2895e3ca8f1d12c5215e00a041c9670b54aa9b18a?s=96&d=mm&r=g","url":"https:\/\/secure.gravatar.com\/avatar\/a545bbb6f84efdd5553dbbc2895e3ca8f1d12c5215e00a041c9670b54aa9b18a?s=96&d=mm&r=g","contentUrl":"https:\/\/secure.gravatar.com\/avatar\/a545bbb6f84efdd5553dbbc2895e3ca8f1d12c5215e00a041c9670b54aa9b18a?s=96&d=mm&r=g","caption":"MC"},"url":"https:\/\/www.webdo.tn\/fr\/actualite\/author\/mc\/"}]}},"_links":{"self":[{"href":"https:\/\/www.webdo.tn\/fr\/wp-json\/wp\/v2\/posts\/215454","targetHints":{"allow":["GET"]}}],"collection":[{"href":"https:\/\/www.webdo.tn\/fr\/wp-json\/wp\/v2\/posts"}],"about":[{"href":"https:\/\/www.webdo.tn\/fr\/wp-json\/wp\/v2\/types\/post"}],"author":[{"embeddable":true,"href":"https:\/\/www.webdo.tn\/fr\/wp-json\/wp\/v2\/users\/3162"}],"replies":[{"embeddable":true,"href":"https:\/\/www.webdo.tn\/fr\/wp-json\/wp\/v2\/comments?post=215454"}],"version-history":[{"count":0,"href":"https:\/\/www.webdo.tn\/fr\/wp-json\/wp\/v2\/posts\/215454\/revisions"}],"wp:featuredmedia":[{"embeddable":true,"href":"https:\/\/www.webdo.tn\/fr\/wp-json\/wp\/v2\/media\/290878"}],"wp:attachment":[{"href":"https:\/\/www.webdo.tn\/fr\/wp-json\/wp\/v2\/media?parent=215454"}],"wp:term":[{"taxonomy":"category","embeddable":true,"href":"https:\/\/www.webdo.tn\/fr\/wp-json\/wp\/v2\/categories?post=215454"},{"taxonomy":"post_tag","embeddable":true,"href":"https:\/\/www.webdo.tn\/fr\/wp-json\/wp\/v2\/tags?post=215454"}],"curies":[{"name":"wp","href":"https:\/\/api.w.org\/{rel}","templated":true}]}}