{"id":215449,"date":"2024-07-24T09:45:00","date_gmt":"2024-07-24T09:45:00","guid":{"rendered":"https:\/\/www.webdo.tn\/fr\/blog\/cinema-aicha-de-mehdi-barsaoui-selectionne-a-la-mostra-de-venise\/215449\/"},"modified":"2024-07-24T09:45:00","modified_gmt":"2024-07-24T09:45:00","slug":"cinema-aicha-de-mehdi-barsaoui-selectionne-a-la-mostra-de-venise","status":"publish","type":"post","link":"https:\/\/www.webdo.tn\/fr\/actualite\/culture\/cinema-aicha-de-mehdi-barsaoui-selectionne-a-la-mostra-de-venise\/215449\/","title":{"rendered":"Cin\u00e9ma : \u00ab\u00a0A\u00efcha\u00a0\u00bb de Mehdi Barsaoui s\u00e9lectionn\u00e9 \u00e0 la Mostra de Venise"},"content":{"rendered":"<p>\u00ab\u00a0A\u00efcha\u00a0\u00bb, le nouveau long m\u00e9trage de Mehdi Barsaoui sera pr\u00e9sent \u00e0 la Mostra de Venise cet automne. La s\u00e9lection de ce nouveau film vient d&rsquo;\u00eatre annonc\u00e9e par Alberto Barbera lors de la conf\u00e9rence de presse de ce festival cin\u00e9matographique international.<\/p>\n<p>\t\t\t\t\t\t\t\t\tLa premi\u00e8re \u0153uvre de Mehdi Barsaoui avait connu un succ\u00e8s appr\u00e9ciable en Tunisie et \u00e0 l&rsquo;\u00e9tranger et glan\u00e9 de nombreuses distinctions.<\/p>\n<p>\u00ab\u00a0Un Fils\u00a0\u00bb avait r\u00e9v\u00e9l\u00e9 Mehdi Barsaoui, un jeune r\u00e9alisateur form\u00e9 \u00e0 cheval entre la Tunisie et l&rsquo;Italie.<\/p>\n<p>D\u00e8s 2021, le projet d&rsquo;une deuxi\u00e8me \u0153uvre allait trouver son chemin, annon\u00e7ant ce film intitul\u00e9 \u00ab\u00a0A\u00efcha\u00a0\u00bb dont Alberto Barbera, le s\u00e9lectionneur de la 81\u00e8me Mostra de Venise, vient d&rsquo;annoncer la participation au sein de la section \u00ab\u00a0Orizzonti\u00a0\u00bb.<\/p>\n<p>Tourn\u00e9 entre octobre et novembre 2023, \u00ab\u00a0A\u00efcha\u00a0\u00bb commencera ainsi sa carri\u00e8re \u00e0 Venise et \u00e0 partir de l\u00e0, investira les \u00e9crans en Tunisie et \u00e0 travers le monde. Tout \u00e0 fait \u00e0 l&rsquo;image de \u00ab\u00a0Un Fils\u00a0\u00bb qui il y a cinq ans, avait eu Venise pour tremplin.<\/p>\n<p>Interpr\u00e9t\u00e9 par Fatma Sfar, Yasmine Dimassi, H\u00e9la Ayed et Nidhal Saadi, ce film d&rsquo;une dur\u00e9e de 123 minutes se pr\u00e9sente comme un thriller doubl\u00e9 d&rsquo;une plong\u00e9e dans le monde du personnage principal.<\/p>\n<p>Selon le synopsis, Aya est une jeune fille coinc\u00e9e dans une vie morne et sans perspective \u00e0 Tozeur, au Sud de la Tunisie.<\/p>\n<p>Seule survivante d\u2019un accident, elle d\u00e9cide de dispara\u00eetre pour se r\u00e9inventer une nouvelle vie \u00e0 Tunis. Mais sa nouvelle identit\u00e9 est compromise lorsqu\u2019elle devient le principal t\u00e9moin d\u2019une bavure polici\u00e8re.<\/p>\n<p>\u00ab\u00a0A\u00efcha\u00a0\u00bb est une coproduction entre plusieurs pays : la Tunisie, la France, l&rsquo;Italie et aussi l&rsquo;Arabie saoudite et Qatar. Le projet a \u00e9t\u00e9 port\u00e9 par Habib Attia pour Cin\u00e9t\u00e9l\u00e9films et Marc Irmer pour Dolce Vita Films.<\/p>\n<p>L&rsquo;\u00e9quipe du film \u00e0 la fin du tournage<\/p>\n","protected":false},"excerpt":{"rendered":"<p>A\u00efcha , le nouveau long m\u00e9trage de Mehdi Barsaoui sera pr\u00e9sent \u00e0 la Mostra de Venise cet automne. La s\u00e9lection de ce nouveau film vient d&rsquo;\u00eatre annonc\u00e9e par Alb&#8230;<\/p>\n","protected":false},"author":3229,"featured_media":290877,"comment_status":"open","ping_status":"closed","sticky":false,"template":"","format":"standard","meta":{"footnotes":""},"categories":[2594],"tags":[5776,2626,8172,2608],"class_list":["post-215449","post","type-post","status-publish","format-standard","has-post-thumbnail","hentry","category-culture","tag-aicha","tag-cinema","tag-mostra-de-venise","tag-tunisie"],"yoast_head":"<!-- This site is optimized with the Yoast SEO Premium plugin v27.5 (Yoast SEO v27.5) - https:\/\/yoast.com\/product\/yoast-seo-premium-wordpress\/ -->\n<title>Cin\u00e9ma : A\u00efcha de Mehdi Barsaoui s\u00e9lectionn\u00e9 \u00e0 la Mostra de Venise<\/title>\n<meta name=\"description\" content=\"A\u00efcha , le nouveau long m\u00e9trage de Mehdi Barsaoui sera pr\u00e9sent \u00e0 la Mostra de Venise cet automne. La s\u00e9lection de ce nouveau film vient d&#039;\u00eatre annonc\u00e9e par Alb...\" \/>\n<link rel=\"canonical\" href=\"https:\/\/www.webdo.tn\/fr\/actualite\/culture\/cinema-aicha-de-mehdi-barsaoui-selectionne-a-la-mostra-de-venise\/215449\/\" \/>\n<meta property=\"og:locale\" content=\"fr_FR\" \/>\n<meta property=\"og:type\" content=\"article\" \/>\n<meta property=\"og:title\" content=\"Cin\u00e9ma : &quot;A\u00efcha&quot; de Mehdi Barsaoui s\u00e9lectionn\u00e9 \u00e0 la Mostra de Venise\" \/>\n<meta property=\"og:description\" content=\"A\u00efcha , le nouveau long m\u00e9trage de Mehdi Barsaoui sera pr\u00e9sent \u00e0 la Mostra de Venise cet automne. La s\u00e9lection de ce nouveau film vient d&#039;\u00eatre annonc\u00e9e par Alb...\" \/>\n<meta property=\"og:url\" content=\"https:\/\/www.webdo.tn\/fr\/actualite\/culture\/cinema-aicha-de-mehdi-barsaoui-selectionne-a-la-mostra-de-venise\/215449\/\" \/>\n<meta property=\"og:site_name\" content=\"webdo\" \/>\n<meta property=\"article:publisher\" content=\"https:\/\/www.facebook.com\/webdotn\" \/>\n<meta property=\"article:author\" content=\"https:\/\/www.facebook.com\/hatem.bourial.2025\" \/>\n<meta property=\"article:published_time\" content=\"2024-07-24T09:45:00+00:00\" \/>\n<meta property=\"og:image\" content=\"https:\/\/www.webdo.tn\/fr\/wp-content\/uploads\/2024\/07\/3cd3638acac154866d88b184478fcd4e.webp\" \/>\n\t<meta property=\"og:image:width\" content=\"750\" \/>\n\t<meta property=\"og:image:height\" content=\"400\" \/>\n\t<meta property=\"og:image:type\" content=\"image\/webp\" \/>\n<meta name=\"author\" content=\"Hatem Bourial\" \/>\n<meta name=\"twitter:card\" content=\"summary_large_image\" \/>\n<meta name=\"twitter:creator\" content=\"@webdo_tn\" \/>\n<meta name=\"twitter:site\" content=\"@webdo_tn\" \/>\n<meta name=\"twitter:label1\" content=\"\u00c9crit par\" \/>\n\t<meta name=\"twitter:data1\" content=\"Hatem Bourial\" \/>\n\t<meta name=\"twitter:label2\" content=\"Dur\u00e9e de lecture estim\u00e9e\" \/>\n\t<meta name=\"twitter:data2\" content=\"2 minutes\" \/>\n<script type=\"application\/ld+json\" class=\"yoast-schema-graph\">{\"@context\":\"https:\\\/\\\/schema.org\",\"@graph\":[{\"@type\":\"NewsArticle\",\"@id\":\"https:\\\/\\\/www.webdo.tn\\\/fr\\\/actualite\\\/culture\\\/cinema-aicha-de-mehdi-barsaoui-selectionne-a-la-mostra-de-venise\\\/215449\\\/#article\",\"isPartOf\":{\"@id\":\"https:\\\/\\\/www.webdo.tn\\\/fr\\\/actualite\\\/culture\\\/cinema-aicha-de-mehdi-barsaoui-selectionne-a-la-mostra-de-venise\\\/215449\\\/\"},\"author\":{\"name\":\"Hatem Bourial\",\"@id\":\"https:\\\/\\\/www.webdo.tn\\\/fr\\\/#\\\/schema\\\/person\\\/6bc0beba2cd23aec27cb5df85ca2554f\"},\"headline\":\"Cin\u00e9ma : \u00ab\u00a0A\u00efcha\u00a0\u00bb de Mehdi Barsaoui s\u00e9lectionn\u00e9 \u00e0 la Mostra de Venise\",\"datePublished\":\"2024-07-24T09:45:00+00:00\",\"mainEntityOfPage\":{\"@id\":\"https:\\\/\\\/www.webdo.tn\\\/fr\\\/actualite\\\/culture\\\/cinema-aicha-de-mehdi-barsaoui-selectionne-a-la-mostra-de-venise\\\/215449\\\/\"},\"wordCount\":338,\"commentCount\":0,\"publisher\":{\"@id\":\"https:\\\/\\\/www.webdo.tn\\\/fr\\\/#organization\"},\"image\":{\"@id\":\"https:\\\/\\\/www.webdo.tn\\\/fr\\\/actualite\\\/culture\\\/cinema-aicha-de-mehdi-barsaoui-selectionne-a-la-mostra-de-venise\\\/215449\\\/#primaryimage\"},\"thumbnailUrl\":\"https:\\\/\\\/www.webdo.tn\\\/fr\\\/wp-content\\\/uploads\\\/2024\\\/07\\\/3cd3638acac154866d88b184478fcd4e.webp\",\"keywords\":[\"A\u00efcha\",\"Cin\u00e9ma\",\"Mostra de Venise\",\"Tunisie\"],\"articleSection\":[\"Culture\"],\"inLanguage\":\"fr-FR\"},{\"@type\":\"WebPage\",\"@id\":\"https:\\\/\\\/www.webdo.tn\\\/fr\\\/actualite\\\/culture\\\/cinema-aicha-de-mehdi-barsaoui-selectionne-a-la-mostra-de-venise\\\/215449\\\/\",\"url\":\"https:\\\/\\\/www.webdo.tn\\\/fr\\\/actualite\\\/culture\\\/cinema-aicha-de-mehdi-barsaoui-selectionne-a-la-mostra-de-venise\\\/215449\\\/\",\"name\":\"Cin\u00e9ma : A\u00efcha de Mehdi Barsaoui s\u00e9lectionn\u00e9 \u00e0 la Mostra de Venise\",\"isPartOf\":{\"@id\":\"https:\\\/\\\/www.webdo.tn\\\/fr\\\/#website\"},\"primaryImageOfPage\":{\"@id\":\"https:\\\/\\\/www.webdo.tn\\\/fr\\\/actualite\\\/culture\\\/cinema-aicha-de-mehdi-barsaoui-selectionne-a-la-mostra-de-venise\\\/215449\\\/#primaryimage\"},\"image\":{\"@id\":\"https:\\\/\\\/www.webdo.tn\\\/fr\\\/actualite\\\/culture\\\/cinema-aicha-de-mehdi-barsaoui-selectionne-a-la-mostra-de-venise\\\/215449\\\/#primaryimage\"},\"thumbnailUrl\":\"https:\\\/\\\/www.webdo.tn\\\/fr\\\/wp-content\\\/uploads\\\/2024\\\/07\\\/3cd3638acac154866d88b184478fcd4e.webp\",\"datePublished\":\"2024-07-24T09:45:00+00:00\",\"description\":\"A\u00efcha , le nouveau long m\u00e9trage de Mehdi Barsaoui sera pr\u00e9sent \u00e0 la Mostra de Venise cet automne. La s\u00e9lection de ce nouveau film vient d'\u00eatre annonc\u00e9e par Alb...\",\"breadcrumb\":{\"@id\":\"https:\\\/\\\/www.webdo.tn\\\/fr\\\/actualite\\\/culture\\\/cinema-aicha-de-mehdi-barsaoui-selectionne-a-la-mostra-de-venise\\\/215449\\\/#breadcrumb\"},\"inLanguage\":\"fr-FR\",\"potentialAction\":[{\"@type\":\"ReadAction\",\"target\":[\"https:\\\/\\\/www.webdo.tn\\\/fr\\\/actualite\\\/culture\\\/cinema-aicha-de-mehdi-barsaoui-selectionne-a-la-mostra-de-venise\\\/215449\\\/\"]}]},{\"@type\":\"ImageObject\",\"inLanguage\":\"fr-FR\",\"@id\":\"https:\\\/\\\/www.webdo.tn\\\/fr\\\/actualite\\\/culture\\\/cinema-aicha-de-mehdi-barsaoui-selectionne-a-la-mostra-de-venise\\\/215449\\\/#primaryimage\",\"url\":\"https:\\\/\\\/www.webdo.tn\\\/fr\\\/wp-content\\\/uploads\\\/2024\\\/07\\\/3cd3638acac154866d88b184478fcd4e.webp\",\"contentUrl\":\"https:\\\/\\\/www.webdo.tn\\\/fr\\\/wp-content\\\/uploads\\\/2024\\\/07\\\/3cd3638acac154866d88b184478fcd4e.webp\",\"width\":750,\"height\":400,\"caption\":\"Cin\u00e9ma : \\\"A\u00efcha\\\" de Mehdi Barsaoui s\u00e9lectionn\u00e9 \u00e0 la Mostra de Venise\"},{\"@type\":\"BreadcrumbList\",\"@id\":\"https:\\\/\\\/www.webdo.tn\\\/fr\\\/actualite\\\/culture\\\/cinema-aicha-de-mehdi-barsaoui-selectionne-a-la-mostra-de-venise\\\/215449\\\/#breadcrumb\",\"itemListElement\":[{\"@type\":\"ListItem\",\"position\":1,\"name\":\"Accueil\",\"item\":\"https:\\\/\\\/www.webdo.tn\\\/fr\\\/\"},{\"@type\":\"ListItem\",\"position\":2,\"name\":\"Cin\u00e9ma : \u00ab\u00a0A\u00efcha\u00a0\u00bb de Mehdi Barsaoui s\u00e9lectionn\u00e9 \u00e0 la Mostra de Venise\"}]},{\"@type\":\"WebSite\",\"@id\":\"https:\\\/\\\/www.webdo.tn\\\/fr\\\/#website\",\"url\":\"https:\\\/\\\/www.webdo.tn\\\/fr\\\/\",\"name\":\"webdo\",\"description\":\"Tunisie - News en Tunisie et \u00e0 l&#039;international sur Webdo.tn\",\"publisher\":{\"@id\":\"https:\\\/\\\/www.webdo.tn\\\/fr\\\/#organization\"},\"potentialAction\":[{\"@type\":\"SearchAction\",\"target\":{\"@type\":\"EntryPoint\",\"urlTemplate\":\"https:\\\/\\\/www.webdo.tn\\\/fr\\\/?s={search_term_string}\"},\"query-input\":{\"@type\":\"PropertyValueSpecification\",\"valueRequired\":true,\"valueName\":\"search_term_string\"}}],\"inLanguage\":\"fr-FR\"},{\"@type\":\"Organization\",\"@id\":\"https:\\\/\\\/www.webdo.tn\\\/fr\\\/#organization\",\"name\":\"Webdo\",\"alternateName\":\"Webdo.tn\",\"url\":\"https:\\\/\\\/www.webdo.tn\\\/fr\\\/\",\"logo\":{\"@type\":\"ImageObject\",\"inLanguage\":\"fr-FR\",\"@id\":\"https:\\\/\\\/www.webdo.tn\\\/fr\\\/#\\\/schema\\\/logo\\\/image\\\/\",\"url\":\"https:\\\/\\\/www.webdo.tn\\\/fr\\\/wp-content\\\/uploads\\\/2025\\\/06\\\/Webdo-Tunisie_168377.jpg\",\"contentUrl\":\"https:\\\/\\\/www.webdo.tn\\\/fr\\\/wp-content\\\/uploads\\\/2025\\\/06\\\/Webdo-Tunisie_168377.jpg\",\"width\":301,\"height\":301,\"caption\":\"Webdo\"},\"image\":{\"@id\":\"https:\\\/\\\/www.webdo.tn\\\/fr\\\/#\\\/schema\\\/logo\\\/image\\\/\"},\"sameAs\":[\"https:\\\/\\\/www.facebook.com\\\/webdotn\",\"https:\\\/\\\/x.com\\\/webdo_tn\"],\"description\":\"Webdo est un m\u00e9dia num\u00e9rique tunisien fond\u00e9 en 2010, sp\u00e9cialis\u00e9 dans l\u2019actualit\u00e9 nationale et internationale, l\u2019\u00e9conomie, la soci\u00e9t\u00e9 et les analyses politiques. Le site s\u2019adresse \u00e0 un large public francophone et couvre l\u2019information tunisienne en temps r\u00e9el.\",\"email\":\"redac@webdo.tn\",\"legalName\":\"YNJ SARL\",\"foundingDate\":\"2010-09-06\",\"numberOfEmployees\":{\"@type\":\"QuantitativeValue\",\"minValue\":\"11\",\"maxValue\":\"50\"}},{\"@type\":\"Person\",\"@id\":\"https:\\\/\\\/www.webdo.tn\\\/fr\\\/#\\\/schema\\\/person\\\/6bc0beba2cd23aec27cb5df85ca2554f\",\"name\":\"Hatem Bourial\",\"image\":{\"@type\":\"ImageObject\",\"inLanguage\":\"fr-FR\",\"@id\":\"https:\\\/\\\/www.webdo.tn\\\/fr\\\/wp-content\\\/uploads\\\/2026\\\/04\\\/hatem-bourial_avatar-96x96.jpg\",\"url\":\"https:\\\/\\\/www.webdo.tn\\\/fr\\\/wp-content\\\/uploads\\\/2026\\\/04\\\/hatem-bourial_avatar-96x96.jpg\",\"contentUrl\":\"https:\\\/\\\/www.webdo.tn\\\/fr\\\/wp-content\\\/uploads\\\/2026\\\/04\\\/hatem-bourial_avatar-96x96.jpg\",\"caption\":\"Hatem Bourial\"},\"description\":\"Hatem Bourial est journaliste, \u00e9crivain et chroniqueur tunisien. Actif depuis plusieurs d\u00e9cennies, il s\u2019est impos\u00e9 comme un observateur attentif de la soci\u00e9t\u00e9 tunisienne, m\u00ealant dans ses \u00e9crits m\u00e9moire, culture et analyse du quotidien. Auteur de nombreux ouvrages, il d\u00e9veloppe une \u0153uvre \u00e0 la crois\u00e9e du r\u00e9cit, de la po\u00e9sie et de l\u2019observation sociologique. Parall\u00e8lement \u00e0 ses contributions dans la presse, il intervient r\u00e9guli\u00e8rement \u00e0 la radio et dans des espaces culturels, o\u00f9 il explore les enjeux li\u00e9s au patrimoine, \u00e0 l\u2019identit\u00e9 et aux transformations du monde contemporain. \u00c0 travers ses chroniques, Hatem Bourial propose une lecture sensible et approfondie de l\u2019actualit\u00e9, nourrie par une exp\u00e9rience journalistique et litt\u00e9raire reconnue. \ud83d\udd17 Facebook : https:\\\/\\\/www.facebook.com\\\/hatem.bourial.2025\",\"sameAs\":[\"https:\\\/\\\/www.facebook.com\\\/hatem.bourial.2025\",\"https:\\\/\\\/fr.wikipedia.org\\\/wiki\\\/Fichier:Hatem_Bourial.jpg\"],\"knowsAbout\":[\"Culture & patrimoine tunisien\",\"Chronique soci\u00e9tale\",\"Litt\u00e9rature & m\u00e9moire\",\"Cin\u00e9ma & critique culturelle\",\"Identit\u00e9 & mutations sociales\"],\"knowsLanguage\":[\"Arabe\",\"Fran\u00e7ais\",\"Anglais\",\"Italien\",\"Polonais\"],\"jobTitle\":\"Journaliste, \u00e9crivain et chroniqueur culturel\",\"worksFor\":\"Webdo\",\"url\":\"https:\\\/\\\/www.webdo.tn\\\/fr\\\/actualite\\\/author\\\/hatem-bourial-2\\\/\"}]}<\/script>\n<!-- \/ Yoast SEO Premium plugin. -->","yoast_head_json":{"title":"Cin\u00e9ma : A\u00efcha de Mehdi Barsaoui s\u00e9lectionn\u00e9 \u00e0 la Mostra de Venise","description":"A\u00efcha , le nouveau long m\u00e9trage de Mehdi Barsaoui sera pr\u00e9sent \u00e0 la Mostra de Venise cet automne. La s\u00e9lection de ce nouveau film vient d'\u00eatre annonc\u00e9e par Alb...","canonical":"https:\/\/www.webdo.tn\/fr\/actualite\/culture\/cinema-aicha-de-mehdi-barsaoui-selectionne-a-la-mostra-de-venise\/215449\/","og_locale":"fr_FR","og_type":"article","og_title":"Cin\u00e9ma : \"A\u00efcha\" de Mehdi Barsaoui s\u00e9lectionn\u00e9 \u00e0 la Mostra de Venise","og_description":"A\u00efcha , le nouveau long m\u00e9trage de Mehdi Barsaoui sera pr\u00e9sent \u00e0 la Mostra de Venise cet automne. La s\u00e9lection de ce nouveau film vient d'\u00eatre annonc\u00e9e par Alb...","og_url":"https:\/\/www.webdo.tn\/fr\/actualite\/culture\/cinema-aicha-de-mehdi-barsaoui-selectionne-a-la-mostra-de-venise\/215449\/","og_site_name":"webdo","article_publisher":"https:\/\/www.facebook.com\/webdotn","article_author":"https:\/\/www.facebook.com\/hatem.bourial.2025","article_published_time":"2024-07-24T09:45:00+00:00","og_image":[{"width":750,"height":400,"url":"https:\/\/www.webdo.tn\/fr\/wp-content\/uploads\/2024\/07\/3cd3638acac154866d88b184478fcd4e.webp","type":"image\/webp"}],"author":"Hatem Bourial","twitter_card":"summary_large_image","twitter_creator":"@webdo_tn","twitter_site":"@webdo_tn","twitter_misc":{"\u00c9crit par":"Hatem Bourial","Dur\u00e9e de lecture estim\u00e9e":"2 minutes"},"schema":{"@context":"https:\/\/schema.org","@graph":[{"@type":"NewsArticle","@id":"https:\/\/www.webdo.tn\/fr\/actualite\/culture\/cinema-aicha-de-mehdi-barsaoui-selectionne-a-la-mostra-de-venise\/215449\/#article","isPartOf":{"@id":"https:\/\/www.webdo.tn\/fr\/actualite\/culture\/cinema-aicha-de-mehdi-barsaoui-selectionne-a-la-mostra-de-venise\/215449\/"},"author":{"name":"Hatem Bourial","@id":"https:\/\/www.webdo.tn\/fr\/#\/schema\/person\/6bc0beba2cd23aec27cb5df85ca2554f"},"headline":"Cin\u00e9ma : \u00ab\u00a0A\u00efcha\u00a0\u00bb de Mehdi Barsaoui s\u00e9lectionn\u00e9 \u00e0 la Mostra de Venise","datePublished":"2024-07-24T09:45:00+00:00","mainEntityOfPage":{"@id":"https:\/\/www.webdo.tn\/fr\/actualite\/culture\/cinema-aicha-de-mehdi-barsaoui-selectionne-a-la-mostra-de-venise\/215449\/"},"wordCount":338,"commentCount":0,"publisher":{"@id":"https:\/\/www.webdo.tn\/fr\/#organization"},"image":{"@id":"https:\/\/www.webdo.tn\/fr\/actualite\/culture\/cinema-aicha-de-mehdi-barsaoui-selectionne-a-la-mostra-de-venise\/215449\/#primaryimage"},"thumbnailUrl":"https:\/\/www.webdo.tn\/fr\/wp-content\/uploads\/2024\/07\/3cd3638acac154866d88b184478fcd4e.webp","keywords":["A\u00efcha","Cin\u00e9ma","Mostra de Venise","Tunisie"],"articleSection":["Culture"],"inLanguage":"fr-FR"},{"@type":"WebPage","@id":"https:\/\/www.webdo.tn\/fr\/actualite\/culture\/cinema-aicha-de-mehdi-barsaoui-selectionne-a-la-mostra-de-venise\/215449\/","url":"https:\/\/www.webdo.tn\/fr\/actualite\/culture\/cinema-aicha-de-mehdi-barsaoui-selectionne-a-la-mostra-de-venise\/215449\/","name":"Cin\u00e9ma : A\u00efcha de Mehdi Barsaoui s\u00e9lectionn\u00e9 \u00e0 la Mostra de Venise","isPartOf":{"@id":"https:\/\/www.webdo.tn\/fr\/#website"},"primaryImageOfPage":{"@id":"https:\/\/www.webdo.tn\/fr\/actualite\/culture\/cinema-aicha-de-mehdi-barsaoui-selectionne-a-la-mostra-de-venise\/215449\/#primaryimage"},"image":{"@id":"https:\/\/www.webdo.tn\/fr\/actualite\/culture\/cinema-aicha-de-mehdi-barsaoui-selectionne-a-la-mostra-de-venise\/215449\/#primaryimage"},"thumbnailUrl":"https:\/\/www.webdo.tn\/fr\/wp-content\/uploads\/2024\/07\/3cd3638acac154866d88b184478fcd4e.webp","datePublished":"2024-07-24T09:45:00+00:00","description":"A\u00efcha , le nouveau long m\u00e9trage de Mehdi Barsaoui sera pr\u00e9sent \u00e0 la Mostra de Venise cet automne. La s\u00e9lection de ce nouveau film vient d'\u00eatre annonc\u00e9e par Alb...","breadcrumb":{"@id":"https:\/\/www.webdo.tn\/fr\/actualite\/culture\/cinema-aicha-de-mehdi-barsaoui-selectionne-a-la-mostra-de-venise\/215449\/#breadcrumb"},"inLanguage":"fr-FR","potentialAction":[{"@type":"ReadAction","target":["https:\/\/www.webdo.tn\/fr\/actualite\/culture\/cinema-aicha-de-mehdi-barsaoui-selectionne-a-la-mostra-de-venise\/215449\/"]}]},{"@type":"ImageObject","inLanguage":"fr-FR","@id":"https:\/\/www.webdo.tn\/fr\/actualite\/culture\/cinema-aicha-de-mehdi-barsaoui-selectionne-a-la-mostra-de-venise\/215449\/#primaryimage","url":"https:\/\/www.webdo.tn\/fr\/wp-content\/uploads\/2024\/07\/3cd3638acac154866d88b184478fcd4e.webp","contentUrl":"https:\/\/www.webdo.tn\/fr\/wp-content\/uploads\/2024\/07\/3cd3638acac154866d88b184478fcd4e.webp","width":750,"height":400,"caption":"Cin\u00e9ma : \"A\u00efcha\" de Mehdi Barsaoui s\u00e9lectionn\u00e9 \u00e0 la Mostra de Venise"},{"@type":"BreadcrumbList","@id":"https:\/\/www.webdo.tn\/fr\/actualite\/culture\/cinema-aicha-de-mehdi-barsaoui-selectionne-a-la-mostra-de-venise\/215449\/#breadcrumb","itemListElement":[{"@type":"ListItem","position":1,"name":"Accueil","item":"https:\/\/www.webdo.tn\/fr\/"},{"@type":"ListItem","position":2,"name":"Cin\u00e9ma : \u00ab\u00a0A\u00efcha\u00a0\u00bb de Mehdi Barsaoui s\u00e9lectionn\u00e9 \u00e0 la Mostra de Venise"}]},{"@type":"WebSite","@id":"https:\/\/www.webdo.tn\/fr\/#website","url":"https:\/\/www.webdo.tn\/fr\/","name":"webdo","description":"Tunisie - News en Tunisie et \u00e0 l&#039;international sur Webdo.tn","publisher":{"@id":"https:\/\/www.webdo.tn\/fr\/#organization"},"potentialAction":[{"@type":"SearchAction","target":{"@type":"EntryPoint","urlTemplate":"https:\/\/www.webdo.tn\/fr\/?s={search_term_string}"},"query-input":{"@type":"PropertyValueSpecification","valueRequired":true,"valueName":"search_term_string"}}],"inLanguage":"fr-FR"},{"@type":"Organization","@id":"https:\/\/www.webdo.tn\/fr\/#organization","name":"Webdo","alternateName":"Webdo.tn","url":"https:\/\/www.webdo.tn\/fr\/","logo":{"@type":"ImageObject","inLanguage":"fr-FR","@id":"https:\/\/www.webdo.tn\/fr\/#\/schema\/logo\/image\/","url":"https:\/\/www.webdo.tn\/fr\/wp-content\/uploads\/2025\/06\/Webdo-Tunisie_168377.jpg","contentUrl":"https:\/\/www.webdo.tn\/fr\/wp-content\/uploads\/2025\/06\/Webdo-Tunisie_168377.jpg","width":301,"height":301,"caption":"Webdo"},"image":{"@id":"https:\/\/www.webdo.tn\/fr\/#\/schema\/logo\/image\/"},"sameAs":["https:\/\/www.facebook.com\/webdotn","https:\/\/x.com\/webdo_tn"],"description":"Webdo est un m\u00e9dia num\u00e9rique tunisien fond\u00e9 en 2010, sp\u00e9cialis\u00e9 dans l\u2019actualit\u00e9 nationale et internationale, l\u2019\u00e9conomie, la soci\u00e9t\u00e9 et les analyses politiques. Le site s\u2019adresse \u00e0 un large public francophone et couvre l\u2019information tunisienne en temps r\u00e9el.","email":"redac@webdo.tn","legalName":"YNJ SARL","foundingDate":"2010-09-06","numberOfEmployees":{"@type":"QuantitativeValue","minValue":"11","maxValue":"50"}},{"@type":"Person","@id":"https:\/\/www.webdo.tn\/fr\/#\/schema\/person\/6bc0beba2cd23aec27cb5df85ca2554f","name":"Hatem Bourial","image":{"@type":"ImageObject","inLanguage":"fr-FR","@id":"https:\/\/www.webdo.tn\/fr\/wp-content\/uploads\/2026\/04\/hatem-bourial_avatar-96x96.jpg","url":"https:\/\/www.webdo.tn\/fr\/wp-content\/uploads\/2026\/04\/hatem-bourial_avatar-96x96.jpg","contentUrl":"https:\/\/www.webdo.tn\/fr\/wp-content\/uploads\/2026\/04\/hatem-bourial_avatar-96x96.jpg","caption":"Hatem Bourial"},"description":"Hatem Bourial est journaliste, \u00e9crivain et chroniqueur tunisien. Actif depuis plusieurs d\u00e9cennies, il s\u2019est impos\u00e9 comme un observateur attentif de la soci\u00e9t\u00e9 tunisienne, m\u00ealant dans ses \u00e9crits m\u00e9moire, culture et analyse du quotidien. Auteur de nombreux ouvrages, il d\u00e9veloppe une \u0153uvre \u00e0 la crois\u00e9e du r\u00e9cit, de la po\u00e9sie et de l\u2019observation sociologique. Parall\u00e8lement \u00e0 ses contributions dans la presse, il intervient r\u00e9guli\u00e8rement \u00e0 la radio et dans des espaces culturels, o\u00f9 il explore les enjeux li\u00e9s au patrimoine, \u00e0 l\u2019identit\u00e9 et aux transformations du monde contemporain. \u00c0 travers ses chroniques, Hatem Bourial propose une lecture sensible et approfondie de l\u2019actualit\u00e9, nourrie par une exp\u00e9rience journalistique et litt\u00e9raire reconnue. \ud83d\udd17 Facebook : https:\/\/www.facebook.com\/hatem.bourial.2025","sameAs":["https:\/\/www.facebook.com\/hatem.bourial.2025","https:\/\/fr.wikipedia.org\/wiki\/Fichier:Hatem_Bourial.jpg"],"knowsAbout":["Culture & patrimoine tunisien","Chronique soci\u00e9tale","Litt\u00e9rature & m\u00e9moire","Cin\u00e9ma & critique culturelle","Identit\u00e9 & mutations sociales"],"knowsLanguage":["Arabe","Fran\u00e7ais","Anglais","Italien","Polonais"],"jobTitle":"Journaliste, \u00e9crivain et chroniqueur culturel","worksFor":"Webdo","url":"https:\/\/www.webdo.tn\/fr\/actualite\/author\/hatem-bourial-2\/"}]}},"_links":{"self":[{"href":"https:\/\/www.webdo.tn\/fr\/wp-json\/wp\/v2\/posts\/215449","targetHints":{"allow":["GET"]}}],"collection":[{"href":"https:\/\/www.webdo.tn\/fr\/wp-json\/wp\/v2\/posts"}],"about":[{"href":"https:\/\/www.webdo.tn\/fr\/wp-json\/wp\/v2\/types\/post"}],"author":[{"embeddable":true,"href":"https:\/\/www.webdo.tn\/fr\/wp-json\/wp\/v2\/users\/3229"}],"replies":[{"embeddable":true,"href":"https:\/\/www.webdo.tn\/fr\/wp-json\/wp\/v2\/comments?post=215449"}],"version-history":[{"count":0,"href":"https:\/\/www.webdo.tn\/fr\/wp-json\/wp\/v2\/posts\/215449\/revisions"}],"wp:featuredmedia":[{"embeddable":true,"href":"https:\/\/www.webdo.tn\/fr\/wp-json\/wp\/v2\/media\/290877"}],"wp:attachment":[{"href":"https:\/\/www.webdo.tn\/fr\/wp-json\/wp\/v2\/media?parent=215449"}],"wp:term":[{"taxonomy":"category","embeddable":true,"href":"https:\/\/www.webdo.tn\/fr\/wp-json\/wp\/v2\/categories?post=215449"},{"taxonomy":"post_tag","embeddable":true,"href":"https:\/\/www.webdo.tn\/fr\/wp-json\/wp\/v2\/tags?post=215449"}],"curies":[{"name":"wp","href":"https:\/\/api.w.org\/{rel}","templated":true}]}}