{"id":215438,"date":"2024-07-23T12:40:00","date_gmt":"2024-07-23T12:40:00","guid":{"rendered":"https:\/\/www.webdo.tn\/fr\/blog\/tunisie-explosion-d-une-mine-au-mont-saloum-un-blesse\/215438\/"},"modified":"2025-05-20T22:35:29","modified_gmt":"2025-05-20T22:35:29","slug":"tunisie-explosion-d-une-mine-au-mont-saloum-un-blesse","status":"publish","type":"post","link":"https:\/\/www.webdo.tn\/fr\/actualite\/regions\/tunisie-explosion-d-une-mine-au-mont-saloum-un-blesse\/215438\/","title":{"rendered":"Tunisie : Explosion d\u2019une mine au mont Saloum, un bless\u00e9"},"content":{"rendered":"<p>Une mine a explos\u00e9 aujourd\u2019hui au mont Saloum blessant un berger.<\/p>\n<p>\t\t\t\t\t\t\t\t\tUne nouvelle mine a explos\u00e9\u00a0 au mont Saloum, dans le gouvernorat de Kasserine, blessant, ce mardi 23 juillet 2024 un berger qui a \u00e9t\u00e9 transport\u00e9 \u00e0 l\u2019h\u00f4pital r\u00e9gional de Kasserine.<\/p>\n<p>Selon le directeur r\u00e9gional de la sant\u00e9 de Kasserine Abdelghani Cha\u00e2bani, le berger a \u00e9t\u00e9 bless\u00e9 par les \u00e9clats de l&rsquo;explosion au pied et au bras droit.<\/p>\n<p>Ce nouveau bless\u00e9 vient nous rappeler que les zones militaires tampon restent interdites d\u2019acc\u00e8s par le minist\u00e8re de la D\u00e9fense face au risque que peuvent comporter les mines artisanales pos\u00e9es par des groupes terroristes.<\/p>\n","protected":false},"excerpt":{"rendered":"<p>Une nouvelle mine a explos\u00e9  au mont Saloum, dans le gouvernorat de Kasserine, blessant, ce mardi 23 juillet 2024 un berger qui a \u00e9t\u00e9 transport\u00e9 \u00e0 l\u2019h\u00f4pital r\u00e9g&#8230;<\/p>\n","protected":false},"author":3175,"featured_media":246933,"comment_status":"open","ping_status":"closed","sticky":false,"template":"","format":"standard","meta":{"footnotes":""},"categories":[2595],"tags":[4828,2869,2744,3391,6093],"class_list":["post-215438","post","type-post","status-publish","format-standard","has-post-thumbnail","hentry","category-regions","tag-blesse","tag-explosion","tag-kasserine","tag-mine","tag-mont-saloum"],"yoast_head":"<!-- This site is optimized with the Yoast SEO Premium plugin v27.5 (Yoast SEO v27.5) - https:\/\/yoast.com\/product\/yoast-seo-premium-wordpress\/ -->\n<title>Tunisie : Explosion d\u2019une mine au mont Saloum, un bless\u00e9<\/title>\n<meta name=\"description\" content=\"Une nouvelle mine a explos\u00e9 au mont Saloum, dans le gouvernorat de Kasserine, blessant, ce mardi 23 juillet 2024 un berger qui a \u00e9t\u00e9 transport\u00e9 \u00e0 l\u2019h\u00f4pital r\u00e9g...\" \/>\n<link rel=\"canonical\" href=\"https:\/\/www.webdo.tn\/fr\/actualite\/regions\/tunisie-explosion-d-une-mine-au-mont-saloum-un-blesse\/215438\/\" \/>\n<meta property=\"og:locale\" content=\"fr_FR\" \/>\n<meta property=\"og:type\" content=\"article\" \/>\n<meta property=\"og:title\" content=\"Tunisie : Explosion d\u2019une mine au mont Saloum, un bless\u00e9\" \/>\n<meta property=\"og:description\" content=\"Une nouvelle mine a explos\u00e9 au mont Saloum, dans le gouvernorat de Kasserine, blessant, ce mardi 23 juillet 2024 un berger qui a \u00e9t\u00e9 transport\u00e9 \u00e0 l\u2019h\u00f4pital r\u00e9g...\" \/>\n<meta property=\"og:url\" content=\"https:\/\/www.webdo.tn\/fr\/actualite\/regions\/tunisie-explosion-d-une-mine-au-mont-saloum-un-blesse\/215438\/\" \/>\n<meta property=\"og:site_name\" content=\"webdo\" \/>\n<meta property=\"article:publisher\" content=\"https:\/\/www.facebook.com\/webdotn\" \/>\n<meta property=\"article:published_time\" content=\"2024-07-23T12:40:00+00:00\" \/>\n<meta property=\"article:modified_time\" content=\"2025-05-20T22:35:29+00:00\" \/>\n<meta property=\"og:image\" content=\"https:\/\/www.webdo.tn\/fr\/wp-content\/uploads\/2024\/07\/ccd711d14f160caefe3f0768f7b4040d.webp\" \/>\n\t<meta property=\"og:image:width\" content=\"750\" \/>\n\t<meta property=\"og:image:height\" content=\"400\" \/>\n\t<meta property=\"og:image:type\" content=\"image\/webp\" \/>\n<meta name=\"author\" content=\"CL\" \/>\n<meta name=\"twitter:card\" content=\"summary_large_image\" \/>\n<meta name=\"twitter:creator\" content=\"@webdo_tn\" \/>\n<meta name=\"twitter:site\" content=\"@webdo_tn\" \/>\n<meta name=\"twitter:label1\" content=\"\u00c9crit par\" \/>\n\t<meta name=\"twitter:data1\" content=\"CL\" \/>\n\t<meta name=\"twitter:label2\" content=\"Dur\u00e9e de lecture estim\u00e9e\" \/>\n\t<meta name=\"twitter:data2\" content=\"1 minute\" \/>\n<script type=\"application\/ld+json\" class=\"yoast-schema-graph\">{\"@context\":\"https:\\\/\\\/schema.org\",\"@graph\":[{\"@type\":\"NewsArticle\",\"@id\":\"https:\\\/\\\/www.webdo.tn\\\/fr\\\/actualite\\\/regions\\\/tunisie-explosion-d-une-mine-au-mont-saloum-un-blesse\\\/215438\\\/#article\",\"isPartOf\":{\"@id\":\"https:\\\/\\\/www.webdo.tn\\\/fr\\\/actualite\\\/regions\\\/tunisie-explosion-d-une-mine-au-mont-saloum-un-blesse\\\/215438\\\/\"},\"author\":{\"name\":\"CL\",\"@id\":\"https:\\\/\\\/www.webdo.tn\\\/fr\\\/#\\\/schema\\\/person\\\/f35b42a42c5e2511bbd282959d6385cc\"},\"headline\":\"Tunisie : Explosion d\u2019une mine au mont Saloum, un bless\u00e9\",\"datePublished\":\"2024-07-23T12:40:00+00:00\",\"dateModified\":\"2025-05-20T22:35:29+00:00\",\"mainEntityOfPage\":{\"@id\":\"https:\\\/\\\/www.webdo.tn\\\/fr\\\/actualite\\\/regions\\\/tunisie-explosion-d-une-mine-au-mont-saloum-un-blesse\\\/215438\\\/\"},\"wordCount\":121,\"commentCount\":0,\"publisher\":{\"@id\":\"https:\\\/\\\/www.webdo.tn\\\/fr\\\/#organization\"},\"image\":{\"@id\":\"https:\\\/\\\/www.webdo.tn\\\/fr\\\/actualite\\\/regions\\\/tunisie-explosion-d-une-mine-au-mont-saloum-un-blesse\\\/215438\\\/#primaryimage\"},\"thumbnailUrl\":\"https:\\\/\\\/www.webdo.tn\\\/fr\\\/wp-content\\\/uploads\\\/2024\\\/07\\\/ccd711d14f160caefe3f0768f7b4040d.webp\",\"keywords\":[\"bless\u00e9\",\"Explosion\",\"Kasserine\",\"Mine\",\"mont saloum\"],\"articleSection\":[\"regions\"],\"inLanguage\":\"fr-FR\"},{\"@type\":\"WebPage\",\"@id\":\"https:\\\/\\\/www.webdo.tn\\\/fr\\\/actualite\\\/regions\\\/tunisie-explosion-d-une-mine-au-mont-saloum-un-blesse\\\/215438\\\/\",\"url\":\"https:\\\/\\\/www.webdo.tn\\\/fr\\\/actualite\\\/regions\\\/tunisie-explosion-d-une-mine-au-mont-saloum-un-blesse\\\/215438\\\/\",\"name\":\"Tunisie : Explosion d\u2019une mine au mont Saloum, un bless\u00e9\",\"isPartOf\":{\"@id\":\"https:\\\/\\\/www.webdo.tn\\\/fr\\\/#website\"},\"primaryImageOfPage\":{\"@id\":\"https:\\\/\\\/www.webdo.tn\\\/fr\\\/actualite\\\/regions\\\/tunisie-explosion-d-une-mine-au-mont-saloum-un-blesse\\\/215438\\\/#primaryimage\"},\"image\":{\"@id\":\"https:\\\/\\\/www.webdo.tn\\\/fr\\\/actualite\\\/regions\\\/tunisie-explosion-d-une-mine-au-mont-saloum-un-blesse\\\/215438\\\/#primaryimage\"},\"thumbnailUrl\":\"https:\\\/\\\/www.webdo.tn\\\/fr\\\/wp-content\\\/uploads\\\/2024\\\/07\\\/ccd711d14f160caefe3f0768f7b4040d.webp\",\"datePublished\":\"2024-07-23T12:40:00+00:00\",\"dateModified\":\"2025-05-20T22:35:29+00:00\",\"description\":\"Une nouvelle mine a explos\u00e9 au mont Saloum, dans le gouvernorat de Kasserine, blessant, ce mardi 23 juillet 2024 un berger qui a \u00e9t\u00e9 transport\u00e9 \u00e0 l\u2019h\u00f4pital r\u00e9g...\",\"breadcrumb\":{\"@id\":\"https:\\\/\\\/www.webdo.tn\\\/fr\\\/actualite\\\/regions\\\/tunisie-explosion-d-une-mine-au-mont-saloum-un-blesse\\\/215438\\\/#breadcrumb\"},\"inLanguage\":\"fr-FR\",\"potentialAction\":[{\"@type\":\"ReadAction\",\"target\":[\"https:\\\/\\\/www.webdo.tn\\\/fr\\\/actualite\\\/regions\\\/tunisie-explosion-d-une-mine-au-mont-saloum-un-blesse\\\/215438\\\/\"]}]},{\"@type\":\"ImageObject\",\"inLanguage\":\"fr-FR\",\"@id\":\"https:\\\/\\\/www.webdo.tn\\\/fr\\\/actualite\\\/regions\\\/tunisie-explosion-d-une-mine-au-mont-saloum-un-blesse\\\/215438\\\/#primaryimage\",\"url\":\"https:\\\/\\\/www.webdo.tn\\\/fr\\\/wp-content\\\/uploads\\\/2024\\\/07\\\/ccd711d14f160caefe3f0768f7b4040d.webp\",\"contentUrl\":\"https:\\\/\\\/www.webdo.tn\\\/fr\\\/wp-content\\\/uploads\\\/2024\\\/07\\\/ccd711d14f160caefe3f0768f7b4040d.webp\",\"width\":750,\"height\":400,\"caption\":\"Tunisie : Explosion d\u2019une mine au mont Saloum, un bless\u00e9\"},{\"@type\":\"BreadcrumbList\",\"@id\":\"https:\\\/\\\/www.webdo.tn\\\/fr\\\/actualite\\\/regions\\\/tunisie-explosion-d-une-mine-au-mont-saloum-un-blesse\\\/215438\\\/#breadcrumb\",\"itemListElement\":[{\"@type\":\"ListItem\",\"position\":1,\"name\":\"Accueil\",\"item\":\"https:\\\/\\\/www.webdo.tn\\\/fr\\\/\"},{\"@type\":\"ListItem\",\"position\":2,\"name\":\"Tunisie : Explosion d\u2019une mine au mont Saloum, un bless\u00e9\"}]},{\"@type\":\"WebSite\",\"@id\":\"https:\\\/\\\/www.webdo.tn\\\/fr\\\/#website\",\"url\":\"https:\\\/\\\/www.webdo.tn\\\/fr\\\/\",\"name\":\"webdo\",\"description\":\"Tunisie - News en Tunisie et \u00e0 l&#039;international sur Webdo.tn\",\"publisher\":{\"@id\":\"https:\\\/\\\/www.webdo.tn\\\/fr\\\/#organization\"},\"potentialAction\":[{\"@type\":\"SearchAction\",\"target\":{\"@type\":\"EntryPoint\",\"urlTemplate\":\"https:\\\/\\\/www.webdo.tn\\\/fr\\\/?s={search_term_string}\"},\"query-input\":{\"@type\":\"PropertyValueSpecification\",\"valueRequired\":true,\"valueName\":\"search_term_string\"}}],\"inLanguage\":\"fr-FR\"},{\"@type\":\"Organization\",\"@id\":\"https:\\\/\\\/www.webdo.tn\\\/fr\\\/#organization\",\"name\":\"Webdo\",\"alternateName\":\"Webdo.tn\",\"url\":\"https:\\\/\\\/www.webdo.tn\\\/fr\\\/\",\"logo\":{\"@type\":\"ImageObject\",\"inLanguage\":\"fr-FR\",\"@id\":\"https:\\\/\\\/www.webdo.tn\\\/fr\\\/#\\\/schema\\\/logo\\\/image\\\/\",\"url\":\"https:\\\/\\\/www.webdo.tn\\\/fr\\\/wp-content\\\/uploads\\\/2025\\\/06\\\/Webdo-Tunisie_168377.jpg\",\"contentUrl\":\"https:\\\/\\\/www.webdo.tn\\\/fr\\\/wp-content\\\/uploads\\\/2025\\\/06\\\/Webdo-Tunisie_168377.jpg\",\"width\":301,\"height\":301,\"caption\":\"Webdo\"},\"image\":{\"@id\":\"https:\\\/\\\/www.webdo.tn\\\/fr\\\/#\\\/schema\\\/logo\\\/image\\\/\"},\"sameAs\":[\"https:\\\/\\\/www.facebook.com\\\/webdotn\",\"https:\\\/\\\/x.com\\\/webdo_tn\"],\"description\":\"Webdo est un m\u00e9dia num\u00e9rique tunisien fond\u00e9 en 2010, sp\u00e9cialis\u00e9 dans l\u2019actualit\u00e9 nationale et internationale, l\u2019\u00e9conomie, la soci\u00e9t\u00e9 et les analyses politiques. Le site s\u2019adresse \u00e0 un large public francophone et couvre l\u2019information tunisienne en temps r\u00e9el.\",\"email\":\"redac@webdo.tn\",\"legalName\":\"YNJ SARL\",\"foundingDate\":\"2010-09-06\",\"numberOfEmployees\":{\"@type\":\"QuantitativeValue\",\"minValue\":\"11\",\"maxValue\":\"50\"}},{\"@type\":\"Person\",\"@id\":\"https:\\\/\\\/www.webdo.tn\\\/fr\\\/#\\\/schema\\\/person\\\/f35b42a42c5e2511bbd282959d6385cc\",\"name\":\"CL\",\"image\":{\"@type\":\"ImageObject\",\"inLanguage\":\"fr-FR\",\"@id\":\"https:\\\/\\\/secure.gravatar.com\\\/avatar\\\/1447a49909b67aa657c488aec6512e1dd6143a480c1ecfee9b5b5cd74eb3b59e?s=96&d=mm&r=g\",\"url\":\"https:\\\/\\\/secure.gravatar.com\\\/avatar\\\/1447a49909b67aa657c488aec6512e1dd6143a480c1ecfee9b5b5cd74eb3b59e?s=96&d=mm&r=g\",\"contentUrl\":\"https:\\\/\\\/secure.gravatar.com\\\/avatar\\\/1447a49909b67aa657c488aec6512e1dd6143a480c1ecfee9b5b5cd74eb3b59e?s=96&d=mm&r=g\",\"caption\":\"CL\"},\"url\":\"https:\\\/\\\/www.webdo.tn\\\/fr\\\/actualite\\\/author\\\/cl\\\/\"}]}<\/script>\n<!-- \/ Yoast SEO Premium plugin. -->","yoast_head_json":{"title":"Tunisie : Explosion d\u2019une mine au mont Saloum, un bless\u00e9","description":"Une nouvelle mine a explos\u00e9 au mont Saloum, dans le gouvernorat de Kasserine, blessant, ce mardi 23 juillet 2024 un berger qui a \u00e9t\u00e9 transport\u00e9 \u00e0 l\u2019h\u00f4pital r\u00e9g...","canonical":"https:\/\/www.webdo.tn\/fr\/actualite\/regions\/tunisie-explosion-d-une-mine-au-mont-saloum-un-blesse\/215438\/","og_locale":"fr_FR","og_type":"article","og_title":"Tunisie : Explosion d\u2019une mine au mont Saloum, un bless\u00e9","og_description":"Une nouvelle mine a explos\u00e9 au mont Saloum, dans le gouvernorat de Kasserine, blessant, ce mardi 23 juillet 2024 un berger qui a \u00e9t\u00e9 transport\u00e9 \u00e0 l\u2019h\u00f4pital r\u00e9g...","og_url":"https:\/\/www.webdo.tn\/fr\/actualite\/regions\/tunisie-explosion-d-une-mine-au-mont-saloum-un-blesse\/215438\/","og_site_name":"webdo","article_publisher":"https:\/\/www.facebook.com\/webdotn","article_published_time":"2024-07-23T12:40:00+00:00","article_modified_time":"2025-05-20T22:35:29+00:00","og_image":[{"width":750,"height":400,"url":"https:\/\/www.webdo.tn\/fr\/wp-content\/uploads\/2024\/07\/ccd711d14f160caefe3f0768f7b4040d.webp","type":"image\/webp"}],"author":"CL","twitter_card":"summary_large_image","twitter_creator":"@webdo_tn","twitter_site":"@webdo_tn","twitter_misc":{"\u00c9crit par":"CL","Dur\u00e9e de lecture estim\u00e9e":"1 minute"},"schema":{"@context":"https:\/\/schema.org","@graph":[{"@type":"NewsArticle","@id":"https:\/\/www.webdo.tn\/fr\/actualite\/regions\/tunisie-explosion-d-une-mine-au-mont-saloum-un-blesse\/215438\/#article","isPartOf":{"@id":"https:\/\/www.webdo.tn\/fr\/actualite\/regions\/tunisie-explosion-d-une-mine-au-mont-saloum-un-blesse\/215438\/"},"author":{"name":"CL","@id":"https:\/\/www.webdo.tn\/fr\/#\/schema\/person\/f35b42a42c5e2511bbd282959d6385cc"},"headline":"Tunisie : Explosion d\u2019une mine au mont Saloum, un bless\u00e9","datePublished":"2024-07-23T12:40:00+00:00","dateModified":"2025-05-20T22:35:29+00:00","mainEntityOfPage":{"@id":"https:\/\/www.webdo.tn\/fr\/actualite\/regions\/tunisie-explosion-d-une-mine-au-mont-saloum-un-blesse\/215438\/"},"wordCount":121,"commentCount":0,"publisher":{"@id":"https:\/\/www.webdo.tn\/fr\/#organization"},"image":{"@id":"https:\/\/www.webdo.tn\/fr\/actualite\/regions\/tunisie-explosion-d-une-mine-au-mont-saloum-un-blesse\/215438\/#primaryimage"},"thumbnailUrl":"https:\/\/www.webdo.tn\/fr\/wp-content\/uploads\/2024\/07\/ccd711d14f160caefe3f0768f7b4040d.webp","keywords":["bless\u00e9","Explosion","Kasserine","Mine","mont saloum"],"articleSection":["regions"],"inLanguage":"fr-FR"},{"@type":"WebPage","@id":"https:\/\/www.webdo.tn\/fr\/actualite\/regions\/tunisie-explosion-d-une-mine-au-mont-saloum-un-blesse\/215438\/","url":"https:\/\/www.webdo.tn\/fr\/actualite\/regions\/tunisie-explosion-d-une-mine-au-mont-saloum-un-blesse\/215438\/","name":"Tunisie : Explosion d\u2019une mine au mont Saloum, un bless\u00e9","isPartOf":{"@id":"https:\/\/www.webdo.tn\/fr\/#website"},"primaryImageOfPage":{"@id":"https:\/\/www.webdo.tn\/fr\/actualite\/regions\/tunisie-explosion-d-une-mine-au-mont-saloum-un-blesse\/215438\/#primaryimage"},"image":{"@id":"https:\/\/www.webdo.tn\/fr\/actualite\/regions\/tunisie-explosion-d-une-mine-au-mont-saloum-un-blesse\/215438\/#primaryimage"},"thumbnailUrl":"https:\/\/www.webdo.tn\/fr\/wp-content\/uploads\/2024\/07\/ccd711d14f160caefe3f0768f7b4040d.webp","datePublished":"2024-07-23T12:40:00+00:00","dateModified":"2025-05-20T22:35:29+00:00","description":"Une nouvelle mine a explos\u00e9 au mont Saloum, dans le gouvernorat de Kasserine, blessant, ce mardi 23 juillet 2024 un berger qui a \u00e9t\u00e9 transport\u00e9 \u00e0 l\u2019h\u00f4pital r\u00e9g...","breadcrumb":{"@id":"https:\/\/www.webdo.tn\/fr\/actualite\/regions\/tunisie-explosion-d-une-mine-au-mont-saloum-un-blesse\/215438\/#breadcrumb"},"inLanguage":"fr-FR","potentialAction":[{"@type":"ReadAction","target":["https:\/\/www.webdo.tn\/fr\/actualite\/regions\/tunisie-explosion-d-une-mine-au-mont-saloum-un-blesse\/215438\/"]}]},{"@type":"ImageObject","inLanguage":"fr-FR","@id":"https:\/\/www.webdo.tn\/fr\/actualite\/regions\/tunisie-explosion-d-une-mine-au-mont-saloum-un-blesse\/215438\/#primaryimage","url":"https:\/\/www.webdo.tn\/fr\/wp-content\/uploads\/2024\/07\/ccd711d14f160caefe3f0768f7b4040d.webp","contentUrl":"https:\/\/www.webdo.tn\/fr\/wp-content\/uploads\/2024\/07\/ccd711d14f160caefe3f0768f7b4040d.webp","width":750,"height":400,"caption":"Tunisie : Explosion d\u2019une mine au mont Saloum, un bless\u00e9"},{"@type":"BreadcrumbList","@id":"https:\/\/www.webdo.tn\/fr\/actualite\/regions\/tunisie-explosion-d-une-mine-au-mont-saloum-un-blesse\/215438\/#breadcrumb","itemListElement":[{"@type":"ListItem","position":1,"name":"Accueil","item":"https:\/\/www.webdo.tn\/fr\/"},{"@type":"ListItem","position":2,"name":"Tunisie : Explosion d\u2019une mine au mont Saloum, un bless\u00e9"}]},{"@type":"WebSite","@id":"https:\/\/www.webdo.tn\/fr\/#website","url":"https:\/\/www.webdo.tn\/fr\/","name":"webdo","description":"Tunisie - News en Tunisie et \u00e0 l&#039;international sur Webdo.tn","publisher":{"@id":"https:\/\/www.webdo.tn\/fr\/#organization"},"potentialAction":[{"@type":"SearchAction","target":{"@type":"EntryPoint","urlTemplate":"https:\/\/www.webdo.tn\/fr\/?s={search_term_string}"},"query-input":{"@type":"PropertyValueSpecification","valueRequired":true,"valueName":"search_term_string"}}],"inLanguage":"fr-FR"},{"@type":"Organization","@id":"https:\/\/www.webdo.tn\/fr\/#organization","name":"Webdo","alternateName":"Webdo.tn","url":"https:\/\/www.webdo.tn\/fr\/","logo":{"@type":"ImageObject","inLanguage":"fr-FR","@id":"https:\/\/www.webdo.tn\/fr\/#\/schema\/logo\/image\/","url":"https:\/\/www.webdo.tn\/fr\/wp-content\/uploads\/2025\/06\/Webdo-Tunisie_168377.jpg","contentUrl":"https:\/\/www.webdo.tn\/fr\/wp-content\/uploads\/2025\/06\/Webdo-Tunisie_168377.jpg","width":301,"height":301,"caption":"Webdo"},"image":{"@id":"https:\/\/www.webdo.tn\/fr\/#\/schema\/logo\/image\/"},"sameAs":["https:\/\/www.facebook.com\/webdotn","https:\/\/x.com\/webdo_tn"],"description":"Webdo est un m\u00e9dia num\u00e9rique tunisien fond\u00e9 en 2010, sp\u00e9cialis\u00e9 dans l\u2019actualit\u00e9 nationale et internationale, l\u2019\u00e9conomie, la soci\u00e9t\u00e9 et les analyses politiques. Le site s\u2019adresse \u00e0 un large public francophone et couvre l\u2019information tunisienne en temps r\u00e9el.","email":"redac@webdo.tn","legalName":"YNJ SARL","foundingDate":"2010-09-06","numberOfEmployees":{"@type":"QuantitativeValue","minValue":"11","maxValue":"50"}},{"@type":"Person","@id":"https:\/\/www.webdo.tn\/fr\/#\/schema\/person\/f35b42a42c5e2511bbd282959d6385cc","name":"CL","image":{"@type":"ImageObject","inLanguage":"fr-FR","@id":"https:\/\/secure.gravatar.com\/avatar\/1447a49909b67aa657c488aec6512e1dd6143a480c1ecfee9b5b5cd74eb3b59e?s=96&d=mm&r=g","url":"https:\/\/secure.gravatar.com\/avatar\/1447a49909b67aa657c488aec6512e1dd6143a480c1ecfee9b5b5cd74eb3b59e?s=96&d=mm&r=g","contentUrl":"https:\/\/secure.gravatar.com\/avatar\/1447a49909b67aa657c488aec6512e1dd6143a480c1ecfee9b5b5cd74eb3b59e?s=96&d=mm&r=g","caption":"CL"},"url":"https:\/\/www.webdo.tn\/fr\/actualite\/author\/cl\/"}]}},"_links":{"self":[{"href":"https:\/\/www.webdo.tn\/fr\/wp-json\/wp\/v2\/posts\/215438","targetHints":{"allow":["GET"]}}],"collection":[{"href":"https:\/\/www.webdo.tn\/fr\/wp-json\/wp\/v2\/posts"}],"about":[{"href":"https:\/\/www.webdo.tn\/fr\/wp-json\/wp\/v2\/types\/post"}],"author":[{"embeddable":true,"href":"https:\/\/www.webdo.tn\/fr\/wp-json\/wp\/v2\/users\/3175"}],"replies":[{"embeddable":true,"href":"https:\/\/www.webdo.tn\/fr\/wp-json\/wp\/v2\/comments?post=215438"}],"version-history":[{"count":0,"href":"https:\/\/www.webdo.tn\/fr\/wp-json\/wp\/v2\/posts\/215438\/revisions"}],"wp:featuredmedia":[{"embeddable":true,"href":"https:\/\/www.webdo.tn\/fr\/wp-json\/wp\/v2\/media\/246933"}],"wp:attachment":[{"href":"https:\/\/www.webdo.tn\/fr\/wp-json\/wp\/v2\/media?parent=215438"}],"wp:term":[{"taxonomy":"category","embeddable":true,"href":"https:\/\/www.webdo.tn\/fr\/wp-json\/wp\/v2\/categories?post=215438"},{"taxonomy":"post_tag","embeddable":true,"href":"https:\/\/www.webdo.tn\/fr\/wp-json\/wp\/v2\/tags?post=215438"}],"curies":[{"name":"wp","href":"https:\/\/api.w.org\/{rel}","templated":true}]}}