{"id":215437,"date":"2024-07-23T12:21:00","date_gmt":"2024-07-23T12:21:00","guid":{"rendered":"https:\/\/www.webdo.tn\/fr\/blog\/cooperation-technique-pres-de-1500-tunisiens-recrutes-a-l-etranger-en-2024\/215437\/"},"modified":"2025-05-20T22:35:30","modified_gmt":"2025-05-20T22:35:30","slug":"cooperation-technique-pres-de-1500-tunisiens-recrutes-a-l-etranger-en-2024","status":"publish","type":"post","link":"https:\/\/www.webdo.tn\/fr\/actualite\/national\/cooperation-technique-pres-de-1500-tunisiens-recrutes-a-l-etranger-en-2024\/215437\/","title":{"rendered":"Coop\u00e9ration technique : Pr\u00e8s de 1500 Tunisiens recrut\u00e9s \u00e0 l\u2019\u00e9tranger en 2024"},"content":{"rendered":"<p>L&rsquo;Agence Tunisienne de Coop\u00e9ration Technique a enregistr\u00e9 1493 recrutements de Tunisiens dans le cadre de la coop\u00e9ration technique au cours du premier semestre de l\u2019ann\u00e9e 2024.<\/p>\n<p>\t\t\t\t\t\t\t\t\tLe nombre de tunisiens recrut\u00e9s \u00e0 l\u2019\u00e9tranger dans le cadre de la coop\u00e9ration technique s\u2019est \u00e9tabli \u00e0 1493 au cours du premier semestre de l\u2019ann\u00e9e 2024, selon les donn\u00e9es de l\u2019agence tunisienne de coop\u00e9ration technique (ATCT).<\/p>\n<p>Ce chiffre est en baisse par rapport \u00e0 2023, lorsque l\u2019ATCT avait enregistr\u00e9 1774 recrut\u00e9s tunisiens au cours de la m\u00eame p\u00e9riode, contre 1480 recrut\u00e9s en 2022.<\/p>\n<p>En 2024, l\u2019ATCT a re\u00e7u 78 offres d\u2019entreprises \u00e9trang\u00e8res souhaitant recruter des comp\u00e9tences tunisiennes et dans ce cadre l\u2019Allemagne et le Canada ont occup\u00e9 la premi\u00e8re place en mati\u00e8re de recrutement des comp\u00e9tences tunisiennes avec 325 Tunisiens recrut\u00e9s en Allemagne, 325 recrut\u00e9s au Canada et 172 en France.<\/p>\n<p>Les recrutements ont touch\u00e9 le secteur de la sant\u00e9 qui a occup\u00e9 la plus grande part avec 650 cadres m\u00e9dicaux et param\u00e9dicaux, suivi du secteur de l\u2019\u00e9ducation avec 171 personnes recrut\u00e9es, de l\u2019administration 164, de l\u2019industrie 125, ainsi que 136 personnes recrut\u00e9es dans les secteurs de la culture et des sports.<\/p>\n","protected":false},"excerpt":{"rendered":"<p>Le nombre de tunisiens recrut\u00e9s \u00e0 l\u2019\u00e9tranger dans le cadre de la coop\u00e9ration technique s\u2019est \u00e9tabli \u00e0 1493 au cours du premier semestre de l\u2019ann\u00e9e 2024, selon l&#8230;<\/p>\n","protected":false},"author":3175,"featured_media":246935,"comment_status":"open","ping_status":"closed","sticky":false,"template":"","format":"standard","meta":{"footnotes":""},"categories":[44],"tags":[3445,4598,2789,6094,2788,2998,2608],"class_list":["post-215437","post","type-post","status-publish","format-standard","has-post-thumbnail","hentry","category-national","tag-allemagne","tag-canada","tag-competences","tag-cooperation-technique","tag-etranger","tag-france","tag-tunisie"],"yoast_head":"<!-- This site is optimized with the Yoast SEO Premium plugin v27.5 (Yoast SEO v27.5) - https:\/\/yoast.com\/product\/yoast-seo-premium-wordpress\/ -->\n<title>Coop\u00e9ration technique : Pr\u00e8s de 1500 Tunisiens recrut\u00e9s \u00e0 l\u2019\u00e9tranger en 2024<\/title>\n<meta name=\"description\" content=\"Le nombre de tunisiens recrut\u00e9s \u00e0 l\u2019\u00e9tranger dans le cadre de la coop\u00e9ration technique s\u2019est \u00e9tabli \u00e0 1493 au cours du premier semestre de l\u2019ann\u00e9e 2024, selon l...\" \/>\n<link rel=\"canonical\" href=\"https:\/\/www.webdo.tn\/fr\/actualite\/national\/cooperation-technique-pres-de-1500-tunisiens-recrutes-a-l-etranger-en-2024\/215437\/\" \/>\n<meta property=\"og:locale\" content=\"fr_FR\" \/>\n<meta property=\"og:type\" content=\"article\" \/>\n<meta property=\"og:title\" content=\"Coop\u00e9ration technique : Pr\u00e8s de 1500 Tunisiens recrut\u00e9s \u00e0 l\u2019\u00e9tranger en 2024\" \/>\n<meta property=\"og:description\" content=\"Le nombre de tunisiens recrut\u00e9s \u00e0 l\u2019\u00e9tranger dans le cadre de la coop\u00e9ration technique s\u2019est \u00e9tabli \u00e0 1493 au cours du premier semestre de l\u2019ann\u00e9e 2024, selon l...\" \/>\n<meta property=\"og:url\" content=\"https:\/\/www.webdo.tn\/fr\/actualite\/national\/cooperation-technique-pres-de-1500-tunisiens-recrutes-a-l-etranger-en-2024\/215437\/\" \/>\n<meta property=\"og:site_name\" content=\"webdo\" \/>\n<meta property=\"article:publisher\" content=\"https:\/\/www.facebook.com\/webdotn\" \/>\n<meta property=\"article:published_time\" content=\"2024-07-23T12:21:00+00:00\" \/>\n<meta property=\"article:modified_time\" content=\"2025-05-20T22:35:30+00:00\" \/>\n<meta property=\"og:image\" content=\"https:\/\/www.webdo.tn\/fr\/wp-content\/uploads\/2024\/07\/e83ac6031d2b035649317159fd2a48aa.webp\" \/>\n\t<meta property=\"og:image:width\" content=\"750\" \/>\n\t<meta property=\"og:image:height\" content=\"400\" \/>\n\t<meta property=\"og:image:type\" content=\"image\/webp\" \/>\n<meta name=\"author\" content=\"CL\" \/>\n<meta name=\"twitter:card\" content=\"summary_large_image\" \/>\n<meta name=\"twitter:creator\" content=\"@webdo_tn\" \/>\n<meta name=\"twitter:site\" content=\"@webdo_tn\" \/>\n<meta name=\"twitter:label1\" content=\"\u00c9crit par\" \/>\n\t<meta name=\"twitter:data1\" content=\"CL\" \/>\n\t<meta name=\"twitter:label2\" content=\"Dur\u00e9e de lecture estim\u00e9e\" \/>\n\t<meta name=\"twitter:data2\" content=\"1 minute\" \/>\n<script type=\"application\/ld+json\" class=\"yoast-schema-graph\">{\"@context\":\"https:\\\/\\\/schema.org\",\"@graph\":[{\"@type\":\"NewsArticle\",\"@id\":\"https:\\\/\\\/www.webdo.tn\\\/fr\\\/actualite\\\/national\\\/cooperation-technique-pres-de-1500-tunisiens-recrutes-a-l-etranger-en-2024\\\/215437\\\/#article\",\"isPartOf\":{\"@id\":\"https:\\\/\\\/www.webdo.tn\\\/fr\\\/actualite\\\/national\\\/cooperation-technique-pres-de-1500-tunisiens-recrutes-a-l-etranger-en-2024\\\/215437\\\/\"},\"author\":{\"name\":\"CL\",\"@id\":\"https:\\\/\\\/www.webdo.tn\\\/fr\\\/#\\\/schema\\\/person\\\/f35b42a42c5e2511bbd282959d6385cc\"},\"headline\":\"Coop\u00e9ration technique : Pr\u00e8s de 1500 Tunisiens recrut\u00e9s \u00e0 l\u2019\u00e9tranger en 2024\",\"datePublished\":\"2024-07-23T12:21:00+00:00\",\"dateModified\":\"2025-05-20T22:35:30+00:00\",\"mainEntityOfPage\":{\"@id\":\"https:\\\/\\\/www.webdo.tn\\\/fr\\\/actualite\\\/national\\\/cooperation-technique-pres-de-1500-tunisiens-recrutes-a-l-etranger-en-2024\\\/215437\\\/\"},\"wordCount\":216,\"commentCount\":0,\"publisher\":{\"@id\":\"https:\\\/\\\/www.webdo.tn\\\/fr\\\/#organization\"},\"image\":{\"@id\":\"https:\\\/\\\/www.webdo.tn\\\/fr\\\/actualite\\\/national\\\/cooperation-technique-pres-de-1500-tunisiens-recrutes-a-l-etranger-en-2024\\\/215437\\\/#primaryimage\"},\"thumbnailUrl\":\"https:\\\/\\\/www.webdo.tn\\\/fr\\\/wp-content\\\/uploads\\\/2024\\\/07\\\/e83ac6031d2b035649317159fd2a48aa.webp\",\"keywords\":[\"Allemagne\",\"canada\",\"comp\u00e9tences\",\"coop\u00e9ration technique\",\"\u00e9tranger\",\"france\",\"Tunisie\"],\"articleSection\":[\"National\"],\"inLanguage\":\"fr-FR\"},{\"@type\":\"WebPage\",\"@id\":\"https:\\\/\\\/www.webdo.tn\\\/fr\\\/actualite\\\/national\\\/cooperation-technique-pres-de-1500-tunisiens-recrutes-a-l-etranger-en-2024\\\/215437\\\/\",\"url\":\"https:\\\/\\\/www.webdo.tn\\\/fr\\\/actualite\\\/national\\\/cooperation-technique-pres-de-1500-tunisiens-recrutes-a-l-etranger-en-2024\\\/215437\\\/\",\"name\":\"Coop\u00e9ration technique : Pr\u00e8s de 1500 Tunisiens recrut\u00e9s \u00e0 l\u2019\u00e9tranger en 2024\",\"isPartOf\":{\"@id\":\"https:\\\/\\\/www.webdo.tn\\\/fr\\\/#website\"},\"primaryImageOfPage\":{\"@id\":\"https:\\\/\\\/www.webdo.tn\\\/fr\\\/actualite\\\/national\\\/cooperation-technique-pres-de-1500-tunisiens-recrutes-a-l-etranger-en-2024\\\/215437\\\/#primaryimage\"},\"image\":{\"@id\":\"https:\\\/\\\/www.webdo.tn\\\/fr\\\/actualite\\\/national\\\/cooperation-technique-pres-de-1500-tunisiens-recrutes-a-l-etranger-en-2024\\\/215437\\\/#primaryimage\"},\"thumbnailUrl\":\"https:\\\/\\\/www.webdo.tn\\\/fr\\\/wp-content\\\/uploads\\\/2024\\\/07\\\/e83ac6031d2b035649317159fd2a48aa.webp\",\"datePublished\":\"2024-07-23T12:21:00+00:00\",\"dateModified\":\"2025-05-20T22:35:30+00:00\",\"description\":\"Le nombre de tunisiens recrut\u00e9s \u00e0 l\u2019\u00e9tranger dans le cadre de la coop\u00e9ration technique s\u2019est \u00e9tabli \u00e0 1493 au cours du premier semestre de l\u2019ann\u00e9e 2024, selon l...\",\"breadcrumb\":{\"@id\":\"https:\\\/\\\/www.webdo.tn\\\/fr\\\/actualite\\\/national\\\/cooperation-technique-pres-de-1500-tunisiens-recrutes-a-l-etranger-en-2024\\\/215437\\\/#breadcrumb\"},\"inLanguage\":\"fr-FR\",\"potentialAction\":[{\"@type\":\"ReadAction\",\"target\":[\"https:\\\/\\\/www.webdo.tn\\\/fr\\\/actualite\\\/national\\\/cooperation-technique-pres-de-1500-tunisiens-recrutes-a-l-etranger-en-2024\\\/215437\\\/\"]}]},{\"@type\":\"ImageObject\",\"inLanguage\":\"fr-FR\",\"@id\":\"https:\\\/\\\/www.webdo.tn\\\/fr\\\/actualite\\\/national\\\/cooperation-technique-pres-de-1500-tunisiens-recrutes-a-l-etranger-en-2024\\\/215437\\\/#primaryimage\",\"url\":\"https:\\\/\\\/www.webdo.tn\\\/fr\\\/wp-content\\\/uploads\\\/2024\\\/07\\\/e83ac6031d2b035649317159fd2a48aa.webp\",\"contentUrl\":\"https:\\\/\\\/www.webdo.tn\\\/fr\\\/wp-content\\\/uploads\\\/2024\\\/07\\\/e83ac6031d2b035649317159fd2a48aa.webp\",\"width\":750,\"height\":400,\"caption\":\"Coop\u00e9ration technique : Pr\u00e8s de 1500 Tunisiens recrut\u00e9s \u00e0 l\u2019\u00e9tranger en 2024\"},{\"@type\":\"BreadcrumbList\",\"@id\":\"https:\\\/\\\/www.webdo.tn\\\/fr\\\/actualite\\\/national\\\/cooperation-technique-pres-de-1500-tunisiens-recrutes-a-l-etranger-en-2024\\\/215437\\\/#breadcrumb\",\"itemListElement\":[{\"@type\":\"ListItem\",\"position\":1,\"name\":\"Accueil\",\"item\":\"https:\\\/\\\/www.webdo.tn\\\/fr\\\/\"},{\"@type\":\"ListItem\",\"position\":2,\"name\":\"Coop\u00e9ration technique : Pr\u00e8s de 1500 Tunisiens recrut\u00e9s \u00e0 l\u2019\u00e9tranger en 2024\"}]},{\"@type\":\"WebSite\",\"@id\":\"https:\\\/\\\/www.webdo.tn\\\/fr\\\/#website\",\"url\":\"https:\\\/\\\/www.webdo.tn\\\/fr\\\/\",\"name\":\"webdo\",\"description\":\"Tunisie - News en Tunisie et \u00e0 l&#039;international sur Webdo.tn\",\"publisher\":{\"@id\":\"https:\\\/\\\/www.webdo.tn\\\/fr\\\/#organization\"},\"potentialAction\":[{\"@type\":\"SearchAction\",\"target\":{\"@type\":\"EntryPoint\",\"urlTemplate\":\"https:\\\/\\\/www.webdo.tn\\\/fr\\\/?s={search_term_string}\"},\"query-input\":{\"@type\":\"PropertyValueSpecification\",\"valueRequired\":true,\"valueName\":\"search_term_string\"}}],\"inLanguage\":\"fr-FR\"},{\"@type\":\"Organization\",\"@id\":\"https:\\\/\\\/www.webdo.tn\\\/fr\\\/#organization\",\"name\":\"Webdo\",\"alternateName\":\"Webdo.tn\",\"url\":\"https:\\\/\\\/www.webdo.tn\\\/fr\\\/\",\"logo\":{\"@type\":\"ImageObject\",\"inLanguage\":\"fr-FR\",\"@id\":\"https:\\\/\\\/www.webdo.tn\\\/fr\\\/#\\\/schema\\\/logo\\\/image\\\/\",\"url\":\"https:\\\/\\\/www.webdo.tn\\\/fr\\\/wp-content\\\/uploads\\\/2025\\\/06\\\/Webdo-Tunisie_168377.jpg\",\"contentUrl\":\"https:\\\/\\\/www.webdo.tn\\\/fr\\\/wp-content\\\/uploads\\\/2025\\\/06\\\/Webdo-Tunisie_168377.jpg\",\"width\":301,\"height\":301,\"caption\":\"Webdo\"},\"image\":{\"@id\":\"https:\\\/\\\/www.webdo.tn\\\/fr\\\/#\\\/schema\\\/logo\\\/image\\\/\"},\"sameAs\":[\"https:\\\/\\\/www.facebook.com\\\/webdotn\",\"https:\\\/\\\/x.com\\\/webdo_tn\"],\"description\":\"Webdo est un m\u00e9dia num\u00e9rique tunisien fond\u00e9 en 2010, sp\u00e9cialis\u00e9 dans l\u2019actualit\u00e9 nationale et internationale, l\u2019\u00e9conomie, la soci\u00e9t\u00e9 et les analyses politiques. Le site s\u2019adresse \u00e0 un large public francophone et couvre l\u2019information tunisienne en temps r\u00e9el.\",\"email\":\"redac@webdo.tn\",\"legalName\":\"YNJ SARL\",\"foundingDate\":\"2010-09-06\",\"numberOfEmployees\":{\"@type\":\"QuantitativeValue\",\"minValue\":\"11\",\"maxValue\":\"50\"}},{\"@type\":\"Person\",\"@id\":\"https:\\\/\\\/www.webdo.tn\\\/fr\\\/#\\\/schema\\\/person\\\/f35b42a42c5e2511bbd282959d6385cc\",\"name\":\"CL\",\"image\":{\"@type\":\"ImageObject\",\"inLanguage\":\"fr-FR\",\"@id\":\"https:\\\/\\\/secure.gravatar.com\\\/avatar\\\/1447a49909b67aa657c488aec6512e1dd6143a480c1ecfee9b5b5cd74eb3b59e?s=96&d=mm&r=g\",\"url\":\"https:\\\/\\\/secure.gravatar.com\\\/avatar\\\/1447a49909b67aa657c488aec6512e1dd6143a480c1ecfee9b5b5cd74eb3b59e?s=96&d=mm&r=g\",\"contentUrl\":\"https:\\\/\\\/secure.gravatar.com\\\/avatar\\\/1447a49909b67aa657c488aec6512e1dd6143a480c1ecfee9b5b5cd74eb3b59e?s=96&d=mm&r=g\",\"caption\":\"CL\"},\"url\":\"https:\\\/\\\/www.webdo.tn\\\/fr\\\/actualite\\\/author\\\/cl\\\/\"}]}<\/script>\n<!-- \/ Yoast SEO Premium plugin. -->","yoast_head_json":{"title":"Coop\u00e9ration technique : Pr\u00e8s de 1500 Tunisiens recrut\u00e9s \u00e0 l\u2019\u00e9tranger en 2024","description":"Le nombre de tunisiens recrut\u00e9s \u00e0 l\u2019\u00e9tranger dans le cadre de la coop\u00e9ration technique s\u2019est \u00e9tabli \u00e0 1493 au cours du premier semestre de l\u2019ann\u00e9e 2024, selon l...","canonical":"https:\/\/www.webdo.tn\/fr\/actualite\/national\/cooperation-technique-pres-de-1500-tunisiens-recrutes-a-l-etranger-en-2024\/215437\/","og_locale":"fr_FR","og_type":"article","og_title":"Coop\u00e9ration technique : Pr\u00e8s de 1500 Tunisiens recrut\u00e9s \u00e0 l\u2019\u00e9tranger en 2024","og_description":"Le nombre de tunisiens recrut\u00e9s \u00e0 l\u2019\u00e9tranger dans le cadre de la coop\u00e9ration technique s\u2019est \u00e9tabli \u00e0 1493 au cours du premier semestre de l\u2019ann\u00e9e 2024, selon l...","og_url":"https:\/\/www.webdo.tn\/fr\/actualite\/national\/cooperation-technique-pres-de-1500-tunisiens-recrutes-a-l-etranger-en-2024\/215437\/","og_site_name":"webdo","article_publisher":"https:\/\/www.facebook.com\/webdotn","article_published_time":"2024-07-23T12:21:00+00:00","article_modified_time":"2025-05-20T22:35:30+00:00","og_image":[{"width":750,"height":400,"url":"https:\/\/www.webdo.tn\/fr\/wp-content\/uploads\/2024\/07\/e83ac6031d2b035649317159fd2a48aa.webp","type":"image\/webp"}],"author":"CL","twitter_card":"summary_large_image","twitter_creator":"@webdo_tn","twitter_site":"@webdo_tn","twitter_misc":{"\u00c9crit par":"CL","Dur\u00e9e de lecture estim\u00e9e":"1 minute"},"schema":{"@context":"https:\/\/schema.org","@graph":[{"@type":"NewsArticle","@id":"https:\/\/www.webdo.tn\/fr\/actualite\/national\/cooperation-technique-pres-de-1500-tunisiens-recrutes-a-l-etranger-en-2024\/215437\/#article","isPartOf":{"@id":"https:\/\/www.webdo.tn\/fr\/actualite\/national\/cooperation-technique-pres-de-1500-tunisiens-recrutes-a-l-etranger-en-2024\/215437\/"},"author":{"name":"CL","@id":"https:\/\/www.webdo.tn\/fr\/#\/schema\/person\/f35b42a42c5e2511bbd282959d6385cc"},"headline":"Coop\u00e9ration technique : Pr\u00e8s de 1500 Tunisiens recrut\u00e9s \u00e0 l\u2019\u00e9tranger en 2024","datePublished":"2024-07-23T12:21:00+00:00","dateModified":"2025-05-20T22:35:30+00:00","mainEntityOfPage":{"@id":"https:\/\/www.webdo.tn\/fr\/actualite\/national\/cooperation-technique-pres-de-1500-tunisiens-recrutes-a-l-etranger-en-2024\/215437\/"},"wordCount":216,"commentCount":0,"publisher":{"@id":"https:\/\/www.webdo.tn\/fr\/#organization"},"image":{"@id":"https:\/\/www.webdo.tn\/fr\/actualite\/national\/cooperation-technique-pres-de-1500-tunisiens-recrutes-a-l-etranger-en-2024\/215437\/#primaryimage"},"thumbnailUrl":"https:\/\/www.webdo.tn\/fr\/wp-content\/uploads\/2024\/07\/e83ac6031d2b035649317159fd2a48aa.webp","keywords":["Allemagne","canada","comp\u00e9tences","coop\u00e9ration technique","\u00e9tranger","france","Tunisie"],"articleSection":["National"],"inLanguage":"fr-FR"},{"@type":"WebPage","@id":"https:\/\/www.webdo.tn\/fr\/actualite\/national\/cooperation-technique-pres-de-1500-tunisiens-recrutes-a-l-etranger-en-2024\/215437\/","url":"https:\/\/www.webdo.tn\/fr\/actualite\/national\/cooperation-technique-pres-de-1500-tunisiens-recrutes-a-l-etranger-en-2024\/215437\/","name":"Coop\u00e9ration technique : Pr\u00e8s de 1500 Tunisiens recrut\u00e9s \u00e0 l\u2019\u00e9tranger en 2024","isPartOf":{"@id":"https:\/\/www.webdo.tn\/fr\/#website"},"primaryImageOfPage":{"@id":"https:\/\/www.webdo.tn\/fr\/actualite\/national\/cooperation-technique-pres-de-1500-tunisiens-recrutes-a-l-etranger-en-2024\/215437\/#primaryimage"},"image":{"@id":"https:\/\/www.webdo.tn\/fr\/actualite\/national\/cooperation-technique-pres-de-1500-tunisiens-recrutes-a-l-etranger-en-2024\/215437\/#primaryimage"},"thumbnailUrl":"https:\/\/www.webdo.tn\/fr\/wp-content\/uploads\/2024\/07\/e83ac6031d2b035649317159fd2a48aa.webp","datePublished":"2024-07-23T12:21:00+00:00","dateModified":"2025-05-20T22:35:30+00:00","description":"Le nombre de tunisiens recrut\u00e9s \u00e0 l\u2019\u00e9tranger dans le cadre de la coop\u00e9ration technique s\u2019est \u00e9tabli \u00e0 1493 au cours du premier semestre de l\u2019ann\u00e9e 2024, selon l...","breadcrumb":{"@id":"https:\/\/www.webdo.tn\/fr\/actualite\/national\/cooperation-technique-pres-de-1500-tunisiens-recrutes-a-l-etranger-en-2024\/215437\/#breadcrumb"},"inLanguage":"fr-FR","potentialAction":[{"@type":"ReadAction","target":["https:\/\/www.webdo.tn\/fr\/actualite\/national\/cooperation-technique-pres-de-1500-tunisiens-recrutes-a-l-etranger-en-2024\/215437\/"]}]},{"@type":"ImageObject","inLanguage":"fr-FR","@id":"https:\/\/www.webdo.tn\/fr\/actualite\/national\/cooperation-technique-pres-de-1500-tunisiens-recrutes-a-l-etranger-en-2024\/215437\/#primaryimage","url":"https:\/\/www.webdo.tn\/fr\/wp-content\/uploads\/2024\/07\/e83ac6031d2b035649317159fd2a48aa.webp","contentUrl":"https:\/\/www.webdo.tn\/fr\/wp-content\/uploads\/2024\/07\/e83ac6031d2b035649317159fd2a48aa.webp","width":750,"height":400,"caption":"Coop\u00e9ration technique : Pr\u00e8s de 1500 Tunisiens recrut\u00e9s \u00e0 l\u2019\u00e9tranger en 2024"},{"@type":"BreadcrumbList","@id":"https:\/\/www.webdo.tn\/fr\/actualite\/national\/cooperation-technique-pres-de-1500-tunisiens-recrutes-a-l-etranger-en-2024\/215437\/#breadcrumb","itemListElement":[{"@type":"ListItem","position":1,"name":"Accueil","item":"https:\/\/www.webdo.tn\/fr\/"},{"@type":"ListItem","position":2,"name":"Coop\u00e9ration technique : Pr\u00e8s de 1500 Tunisiens recrut\u00e9s \u00e0 l\u2019\u00e9tranger en 2024"}]},{"@type":"WebSite","@id":"https:\/\/www.webdo.tn\/fr\/#website","url":"https:\/\/www.webdo.tn\/fr\/","name":"webdo","description":"Tunisie - News en Tunisie et \u00e0 l&#039;international sur Webdo.tn","publisher":{"@id":"https:\/\/www.webdo.tn\/fr\/#organization"},"potentialAction":[{"@type":"SearchAction","target":{"@type":"EntryPoint","urlTemplate":"https:\/\/www.webdo.tn\/fr\/?s={search_term_string}"},"query-input":{"@type":"PropertyValueSpecification","valueRequired":true,"valueName":"search_term_string"}}],"inLanguage":"fr-FR"},{"@type":"Organization","@id":"https:\/\/www.webdo.tn\/fr\/#organization","name":"Webdo","alternateName":"Webdo.tn","url":"https:\/\/www.webdo.tn\/fr\/","logo":{"@type":"ImageObject","inLanguage":"fr-FR","@id":"https:\/\/www.webdo.tn\/fr\/#\/schema\/logo\/image\/","url":"https:\/\/www.webdo.tn\/fr\/wp-content\/uploads\/2025\/06\/Webdo-Tunisie_168377.jpg","contentUrl":"https:\/\/www.webdo.tn\/fr\/wp-content\/uploads\/2025\/06\/Webdo-Tunisie_168377.jpg","width":301,"height":301,"caption":"Webdo"},"image":{"@id":"https:\/\/www.webdo.tn\/fr\/#\/schema\/logo\/image\/"},"sameAs":["https:\/\/www.facebook.com\/webdotn","https:\/\/x.com\/webdo_tn"],"description":"Webdo est un m\u00e9dia num\u00e9rique tunisien fond\u00e9 en 2010, sp\u00e9cialis\u00e9 dans l\u2019actualit\u00e9 nationale et internationale, l\u2019\u00e9conomie, la soci\u00e9t\u00e9 et les analyses politiques. Le site s\u2019adresse \u00e0 un large public francophone et couvre l\u2019information tunisienne en temps r\u00e9el.","email":"redac@webdo.tn","legalName":"YNJ SARL","foundingDate":"2010-09-06","numberOfEmployees":{"@type":"QuantitativeValue","minValue":"11","maxValue":"50"}},{"@type":"Person","@id":"https:\/\/www.webdo.tn\/fr\/#\/schema\/person\/f35b42a42c5e2511bbd282959d6385cc","name":"CL","image":{"@type":"ImageObject","inLanguage":"fr-FR","@id":"https:\/\/secure.gravatar.com\/avatar\/1447a49909b67aa657c488aec6512e1dd6143a480c1ecfee9b5b5cd74eb3b59e?s=96&d=mm&r=g","url":"https:\/\/secure.gravatar.com\/avatar\/1447a49909b67aa657c488aec6512e1dd6143a480c1ecfee9b5b5cd74eb3b59e?s=96&d=mm&r=g","contentUrl":"https:\/\/secure.gravatar.com\/avatar\/1447a49909b67aa657c488aec6512e1dd6143a480c1ecfee9b5b5cd74eb3b59e?s=96&d=mm&r=g","caption":"CL"},"url":"https:\/\/www.webdo.tn\/fr\/actualite\/author\/cl\/"}]}},"_links":{"self":[{"href":"https:\/\/www.webdo.tn\/fr\/wp-json\/wp\/v2\/posts\/215437","targetHints":{"allow":["GET"]}}],"collection":[{"href":"https:\/\/www.webdo.tn\/fr\/wp-json\/wp\/v2\/posts"}],"about":[{"href":"https:\/\/www.webdo.tn\/fr\/wp-json\/wp\/v2\/types\/post"}],"author":[{"embeddable":true,"href":"https:\/\/www.webdo.tn\/fr\/wp-json\/wp\/v2\/users\/3175"}],"replies":[{"embeddable":true,"href":"https:\/\/www.webdo.tn\/fr\/wp-json\/wp\/v2\/comments?post=215437"}],"version-history":[{"count":0,"href":"https:\/\/www.webdo.tn\/fr\/wp-json\/wp\/v2\/posts\/215437\/revisions"}],"wp:featuredmedia":[{"embeddable":true,"href":"https:\/\/www.webdo.tn\/fr\/wp-json\/wp\/v2\/media\/246935"}],"wp:attachment":[{"href":"https:\/\/www.webdo.tn\/fr\/wp-json\/wp\/v2\/media?parent=215437"}],"wp:term":[{"taxonomy":"category","embeddable":true,"href":"https:\/\/www.webdo.tn\/fr\/wp-json\/wp\/v2\/categories?post=215437"},{"taxonomy":"post_tag","embeddable":true,"href":"https:\/\/www.webdo.tn\/fr\/wp-json\/wp\/v2\/tags?post=215437"}],"curies":[{"name":"wp","href":"https:\/\/api.w.org\/{rel}","templated":true}]}}