{"id":215434,"date":"2024-07-23T10:23:00","date_gmt":"2024-07-23T10:23:00","guid":{"rendered":"https:\/\/www.webdo.tn\/fr\/blog\/evasion-de-terroristes-mandats-de-depot-contre-deux-agents-penitentiaires\/215434\/"},"modified":"2025-05-20T22:35:29","modified_gmt":"2025-05-20T22:35:29","slug":"evasion-de-terroristes-mandats-de-depot-contre-deux-agents-penitentiaires","status":"publish","type":"post","link":"https:\/\/www.webdo.tn\/fr\/actualite\/national\/evasion-de-terroristes-mandats-de-depot-contre-deux-agents-penitentiaires\/215434\/","title":{"rendered":"Evasion de terroristes : Mandats de d\u00e9p\u00f4t contre deux agents p\u00e9nitentiaires"},"content":{"rendered":"<p>En marge de l\u2019\u00e9vasion de cinq terroristes de la prison civile de la Mornaguia, le 31 octobre 2023, des nouveaux mandats de d\u00e9p\u00f4t ont \u00e9t\u00e9 d\u00e9livr\u00e9s \u00e0 l\u2019encontre de deux agents p\u00e9nitentiaires.<\/p>\n<p>\t\t\t\t\t\t\t\t\tL&rsquo;enqu\u00eate men\u00e9e sur l&rsquo;\u00e9vasion de cinq terroristes de la prison civile de Mornaguia le 31 octobre 2023 se poursuit. Le juge d&rsquo;instruction aupr\u00e8s du P\u00f4le judiciaire antiterrorisme a \u00e9mis deux nouveaux mandats de d\u00e9p\u00f4t.<\/p>\n<p>Les deux mandats de d\u00e9p\u00f4t ont \u00e9t\u00e9 d\u00e9livr\u00e9s contre deux agents p\u00e9nitentiaires sachant que des mandats de d\u00e9p\u00f4t ont d\u00e9j\u00e0 \u00e9t\u00e9 \u00e9mis il y a quelques mois \u00e0 l&rsquo;encontre et 17 cadres et agents p\u00e9nitentiaires dans le cadre de la m\u00eame affaire.<\/p>\n<p>En marge de l\u2019\u00e9vasion de cinq terroristes de la prison civile de la Mornaguia, 18 personnes employ\u00e9es dans cette prison avaient \u00e9t\u00e9 arr\u00eat\u00e9es, le directeur de la prison avait \u00e9t\u00e9 limog\u00e9, le directeur g\u00e9n\u00e9ral des services sp\u00e9ciaux et le directeur central des renseignements g\u00e9n\u00e9raux, relevant de l&rsquo;administration g\u00e9n\u00e9rale de la s\u00e9curit\u00e9 nationale avaient \u00e9galement \u00e9t\u00e9 limog\u00e9s.<\/p>\n<p>Rappelons que cinq d\u00e9tenus, Ahmed Melki alias \u00ab\u00a0Le Somalien\u00a0\u00bb, Ameur Bal\u00e2azi, Raed Touati, Alaa Ghazouani et Nader Ghanmi, tous impliqu\u00e9s dans plusieurs affaires terroristes dont les assassinats de Chokri Bela\u00efd et Mohamed Brahmi, se sont \u00e9vad\u00e9s de la prison de la Mornaguia le 31 octobre dernier avant d\u2019\u00eatre captur\u00e9s quelques jours plus-tard.<\/p>\n","protected":false},"excerpt":{"rendered":"<p>L&rsquo;enqu\u00eate men\u00e9e sur l&rsquo;\u00e9vasion de cinq terroristes de la prison civile de Mornaguia le 31 octobre 2023 se poursuit. Le juge d&rsquo;instruction aupr\u00e8s du P\u00f4le judiciai&#8230;<\/p>\n","protected":false},"author":3175,"featured_media":246932,"comment_status":"open","ping_status":"closed","sticky":false,"template":"","format":"standard","meta":{"footnotes":""},"categories":[44],"tags":[6091,6092,2886,3671],"class_list":["post-215434","post","type-post","status-publish","format-standard","has-post-thumbnail","hentry","category-national","tag-evasion","tag-la-mornaguia","tag-mandat-de-depot","tag-terroristes"],"yoast_head":"<!-- This site is optimized with the Yoast SEO Premium plugin v27.5 (Yoast SEO v27.5) - https:\/\/yoast.com\/product\/yoast-seo-premium-wordpress\/ -->\n<title>Evasion de terroristes : Mandats de d\u00e9p\u00f4t contre deux agents p\u00e9nitentiaires<\/title>\n<meta name=\"description\" content=\"L&#039;enqu\u00eate men\u00e9e sur l&#039;\u00e9vasion de cinq terroristes de la prison civile de Mornaguia le 31 octobre 2023 se poursuit. Le juge d&#039;instruction aupr\u00e8s du P\u00f4le judiciai...\" \/>\n<link rel=\"canonical\" href=\"https:\/\/www.webdo.tn\/fr\/actualite\/national\/evasion-de-terroristes-mandats-de-depot-contre-deux-agents-penitentiaires\/215434\/\" \/>\n<meta property=\"og:locale\" content=\"fr_FR\" \/>\n<meta property=\"og:type\" content=\"article\" \/>\n<meta property=\"og:title\" content=\"Evasion de terroristes : Mandats de d\u00e9p\u00f4t contre deux agents p\u00e9nitentiaires\" \/>\n<meta property=\"og:description\" content=\"L&#039;enqu\u00eate men\u00e9e sur l&#039;\u00e9vasion de cinq terroristes de la prison civile de Mornaguia le 31 octobre 2023 se poursuit. Le juge d&#039;instruction aupr\u00e8s du P\u00f4le judiciai...\" \/>\n<meta property=\"og:url\" content=\"https:\/\/www.webdo.tn\/fr\/actualite\/national\/evasion-de-terroristes-mandats-de-depot-contre-deux-agents-penitentiaires\/215434\/\" \/>\n<meta property=\"og:site_name\" content=\"webdo\" \/>\n<meta property=\"article:publisher\" content=\"https:\/\/www.facebook.com\/webdotn\" \/>\n<meta property=\"article:published_time\" content=\"2024-07-23T10:23:00+00:00\" \/>\n<meta property=\"article:modified_time\" content=\"2025-05-20T22:35:29+00:00\" \/>\n<meta property=\"og:image\" content=\"https:\/\/www.webdo.tn\/fr\/wp-content\/uploads\/2024\/07\/ed06322e057bfb29d8420f8365b1eeb8.webp\" \/>\n\t<meta property=\"og:image:width\" content=\"750\" \/>\n\t<meta property=\"og:image:height\" content=\"400\" \/>\n\t<meta property=\"og:image:type\" content=\"image\/webp\" \/>\n<meta name=\"author\" content=\"CL\" \/>\n<meta name=\"twitter:card\" content=\"summary_large_image\" \/>\n<meta name=\"twitter:creator\" content=\"@webdo_tn\" \/>\n<meta name=\"twitter:site\" content=\"@webdo_tn\" \/>\n<meta name=\"twitter:label1\" content=\"\u00c9crit par\" \/>\n\t<meta name=\"twitter:data1\" content=\"CL\" \/>\n\t<meta name=\"twitter:label2\" content=\"Dur\u00e9e de lecture estim\u00e9e\" \/>\n\t<meta name=\"twitter:data2\" content=\"1 minute\" \/>\n<script type=\"application\/ld+json\" class=\"yoast-schema-graph\">{\"@context\":\"https:\\\/\\\/schema.org\",\"@graph\":[{\"@type\":\"NewsArticle\",\"@id\":\"https:\\\/\\\/www.webdo.tn\\\/fr\\\/actualite\\\/national\\\/evasion-de-terroristes-mandats-de-depot-contre-deux-agents-penitentiaires\\\/215434\\\/#article\",\"isPartOf\":{\"@id\":\"https:\\\/\\\/www.webdo.tn\\\/fr\\\/actualite\\\/national\\\/evasion-de-terroristes-mandats-de-depot-contre-deux-agents-penitentiaires\\\/215434\\\/\"},\"author\":{\"name\":\"CL\",\"@id\":\"https:\\\/\\\/www.webdo.tn\\\/fr\\\/#\\\/schema\\\/person\\\/f35b42a42c5e2511bbd282959d6385cc\"},\"headline\":\"Evasion de terroristes : Mandats de d\u00e9p\u00f4t contre deux agents p\u00e9nitentiaires\",\"datePublished\":\"2024-07-23T10:23:00+00:00\",\"dateModified\":\"2025-05-20T22:35:29+00:00\",\"mainEntityOfPage\":{\"@id\":\"https:\\\/\\\/www.webdo.tn\\\/fr\\\/actualite\\\/national\\\/evasion-de-terroristes-mandats-de-depot-contre-deux-agents-penitentiaires\\\/215434\\\/\"},\"wordCount\":268,\"commentCount\":0,\"publisher\":{\"@id\":\"https:\\\/\\\/www.webdo.tn\\\/fr\\\/#organization\"},\"image\":{\"@id\":\"https:\\\/\\\/www.webdo.tn\\\/fr\\\/actualite\\\/national\\\/evasion-de-terroristes-mandats-de-depot-contre-deux-agents-penitentiaires\\\/215434\\\/#primaryimage\"},\"thumbnailUrl\":\"https:\\\/\\\/www.webdo.tn\\\/fr\\\/wp-content\\\/uploads\\\/2024\\\/07\\\/ed06322e057bfb29d8420f8365b1eeb8.webp\",\"keywords\":[\"\u00e9vasion\",\"la mornaguia\",\"mandat de d\u00e9p\u00f4t\",\"Terroristes\"],\"articleSection\":[\"National\"],\"inLanguage\":\"fr-FR\"},{\"@type\":\"WebPage\",\"@id\":\"https:\\\/\\\/www.webdo.tn\\\/fr\\\/actualite\\\/national\\\/evasion-de-terroristes-mandats-de-depot-contre-deux-agents-penitentiaires\\\/215434\\\/\",\"url\":\"https:\\\/\\\/www.webdo.tn\\\/fr\\\/actualite\\\/national\\\/evasion-de-terroristes-mandats-de-depot-contre-deux-agents-penitentiaires\\\/215434\\\/\",\"name\":\"Evasion de terroristes : Mandats de d\u00e9p\u00f4t contre deux agents p\u00e9nitentiaires\",\"isPartOf\":{\"@id\":\"https:\\\/\\\/www.webdo.tn\\\/fr\\\/#website\"},\"primaryImageOfPage\":{\"@id\":\"https:\\\/\\\/www.webdo.tn\\\/fr\\\/actualite\\\/national\\\/evasion-de-terroristes-mandats-de-depot-contre-deux-agents-penitentiaires\\\/215434\\\/#primaryimage\"},\"image\":{\"@id\":\"https:\\\/\\\/www.webdo.tn\\\/fr\\\/actualite\\\/national\\\/evasion-de-terroristes-mandats-de-depot-contre-deux-agents-penitentiaires\\\/215434\\\/#primaryimage\"},\"thumbnailUrl\":\"https:\\\/\\\/www.webdo.tn\\\/fr\\\/wp-content\\\/uploads\\\/2024\\\/07\\\/ed06322e057bfb29d8420f8365b1eeb8.webp\",\"datePublished\":\"2024-07-23T10:23:00+00:00\",\"dateModified\":\"2025-05-20T22:35:29+00:00\",\"description\":\"L'enqu\u00eate men\u00e9e sur l'\u00e9vasion de cinq terroristes de la prison civile de Mornaguia le 31 octobre 2023 se poursuit. Le juge d'instruction aupr\u00e8s du P\u00f4le judiciai...\",\"breadcrumb\":{\"@id\":\"https:\\\/\\\/www.webdo.tn\\\/fr\\\/actualite\\\/national\\\/evasion-de-terroristes-mandats-de-depot-contre-deux-agents-penitentiaires\\\/215434\\\/#breadcrumb\"},\"inLanguage\":\"fr-FR\",\"potentialAction\":[{\"@type\":\"ReadAction\",\"target\":[\"https:\\\/\\\/www.webdo.tn\\\/fr\\\/actualite\\\/national\\\/evasion-de-terroristes-mandats-de-depot-contre-deux-agents-penitentiaires\\\/215434\\\/\"]}]},{\"@type\":\"ImageObject\",\"inLanguage\":\"fr-FR\",\"@id\":\"https:\\\/\\\/www.webdo.tn\\\/fr\\\/actualite\\\/national\\\/evasion-de-terroristes-mandats-de-depot-contre-deux-agents-penitentiaires\\\/215434\\\/#primaryimage\",\"url\":\"https:\\\/\\\/www.webdo.tn\\\/fr\\\/wp-content\\\/uploads\\\/2024\\\/07\\\/ed06322e057bfb29d8420f8365b1eeb8.webp\",\"contentUrl\":\"https:\\\/\\\/www.webdo.tn\\\/fr\\\/wp-content\\\/uploads\\\/2024\\\/07\\\/ed06322e057bfb29d8420f8365b1eeb8.webp\",\"width\":750,\"height\":400,\"caption\":\"Evasion de terroristes : Mandats de d\u00e9p\u00f4t contre deux agents p\u00e9nitentiaires\"},{\"@type\":\"BreadcrumbList\",\"@id\":\"https:\\\/\\\/www.webdo.tn\\\/fr\\\/actualite\\\/national\\\/evasion-de-terroristes-mandats-de-depot-contre-deux-agents-penitentiaires\\\/215434\\\/#breadcrumb\",\"itemListElement\":[{\"@type\":\"ListItem\",\"position\":1,\"name\":\"Accueil\",\"item\":\"https:\\\/\\\/www.webdo.tn\\\/fr\\\/\"},{\"@type\":\"ListItem\",\"position\":2,\"name\":\"Evasion de terroristes : Mandats de d\u00e9p\u00f4t contre deux agents p\u00e9nitentiaires\"}]},{\"@type\":\"WebSite\",\"@id\":\"https:\\\/\\\/www.webdo.tn\\\/fr\\\/#website\",\"url\":\"https:\\\/\\\/www.webdo.tn\\\/fr\\\/\",\"name\":\"webdo\",\"description\":\"Tunisie - News en Tunisie et \u00e0 l&#039;international sur Webdo.tn\",\"publisher\":{\"@id\":\"https:\\\/\\\/www.webdo.tn\\\/fr\\\/#organization\"},\"potentialAction\":[{\"@type\":\"SearchAction\",\"target\":{\"@type\":\"EntryPoint\",\"urlTemplate\":\"https:\\\/\\\/www.webdo.tn\\\/fr\\\/?s={search_term_string}\"},\"query-input\":{\"@type\":\"PropertyValueSpecification\",\"valueRequired\":true,\"valueName\":\"search_term_string\"}}],\"inLanguage\":\"fr-FR\"},{\"@type\":\"Organization\",\"@id\":\"https:\\\/\\\/www.webdo.tn\\\/fr\\\/#organization\",\"name\":\"Webdo\",\"alternateName\":\"Webdo.tn\",\"url\":\"https:\\\/\\\/www.webdo.tn\\\/fr\\\/\",\"logo\":{\"@type\":\"ImageObject\",\"inLanguage\":\"fr-FR\",\"@id\":\"https:\\\/\\\/www.webdo.tn\\\/fr\\\/#\\\/schema\\\/logo\\\/image\\\/\",\"url\":\"https:\\\/\\\/www.webdo.tn\\\/fr\\\/wp-content\\\/uploads\\\/2025\\\/06\\\/Webdo-Tunisie_168377.jpg\",\"contentUrl\":\"https:\\\/\\\/www.webdo.tn\\\/fr\\\/wp-content\\\/uploads\\\/2025\\\/06\\\/Webdo-Tunisie_168377.jpg\",\"width\":301,\"height\":301,\"caption\":\"Webdo\"},\"image\":{\"@id\":\"https:\\\/\\\/www.webdo.tn\\\/fr\\\/#\\\/schema\\\/logo\\\/image\\\/\"},\"sameAs\":[\"https:\\\/\\\/www.facebook.com\\\/webdotn\",\"https:\\\/\\\/x.com\\\/webdo_tn\"],\"description\":\"Webdo est un m\u00e9dia num\u00e9rique tunisien fond\u00e9 en 2010, sp\u00e9cialis\u00e9 dans l\u2019actualit\u00e9 nationale et internationale, l\u2019\u00e9conomie, la soci\u00e9t\u00e9 et les analyses politiques. Le site s\u2019adresse \u00e0 un large public francophone et couvre l\u2019information tunisienne en temps r\u00e9el.\",\"email\":\"redac@webdo.tn\",\"legalName\":\"YNJ SARL\",\"foundingDate\":\"2010-09-06\",\"numberOfEmployees\":{\"@type\":\"QuantitativeValue\",\"minValue\":\"11\",\"maxValue\":\"50\"}},{\"@type\":\"Person\",\"@id\":\"https:\\\/\\\/www.webdo.tn\\\/fr\\\/#\\\/schema\\\/person\\\/f35b42a42c5e2511bbd282959d6385cc\",\"name\":\"CL\",\"image\":{\"@type\":\"ImageObject\",\"inLanguage\":\"fr-FR\",\"@id\":\"https:\\\/\\\/secure.gravatar.com\\\/avatar\\\/1447a49909b67aa657c488aec6512e1dd6143a480c1ecfee9b5b5cd74eb3b59e?s=96&d=mm&r=g\",\"url\":\"https:\\\/\\\/secure.gravatar.com\\\/avatar\\\/1447a49909b67aa657c488aec6512e1dd6143a480c1ecfee9b5b5cd74eb3b59e?s=96&d=mm&r=g\",\"contentUrl\":\"https:\\\/\\\/secure.gravatar.com\\\/avatar\\\/1447a49909b67aa657c488aec6512e1dd6143a480c1ecfee9b5b5cd74eb3b59e?s=96&d=mm&r=g\",\"caption\":\"CL\"},\"url\":\"https:\\\/\\\/www.webdo.tn\\\/fr\\\/actualite\\\/author\\\/cl\\\/\"}]}<\/script>\n<!-- \/ Yoast SEO Premium plugin. -->","yoast_head_json":{"title":"Evasion de terroristes : Mandats de d\u00e9p\u00f4t contre deux agents p\u00e9nitentiaires","description":"L'enqu\u00eate men\u00e9e sur l'\u00e9vasion de cinq terroristes de la prison civile de Mornaguia le 31 octobre 2023 se poursuit. Le juge d'instruction aupr\u00e8s du P\u00f4le judiciai...","canonical":"https:\/\/www.webdo.tn\/fr\/actualite\/national\/evasion-de-terroristes-mandats-de-depot-contre-deux-agents-penitentiaires\/215434\/","og_locale":"fr_FR","og_type":"article","og_title":"Evasion de terroristes : Mandats de d\u00e9p\u00f4t contre deux agents p\u00e9nitentiaires","og_description":"L'enqu\u00eate men\u00e9e sur l'\u00e9vasion de cinq terroristes de la prison civile de Mornaguia le 31 octobre 2023 se poursuit. Le juge d'instruction aupr\u00e8s du P\u00f4le judiciai...","og_url":"https:\/\/www.webdo.tn\/fr\/actualite\/national\/evasion-de-terroristes-mandats-de-depot-contre-deux-agents-penitentiaires\/215434\/","og_site_name":"webdo","article_publisher":"https:\/\/www.facebook.com\/webdotn","article_published_time":"2024-07-23T10:23:00+00:00","article_modified_time":"2025-05-20T22:35:29+00:00","og_image":[{"width":750,"height":400,"url":"https:\/\/www.webdo.tn\/fr\/wp-content\/uploads\/2024\/07\/ed06322e057bfb29d8420f8365b1eeb8.webp","type":"image\/webp"}],"author":"CL","twitter_card":"summary_large_image","twitter_creator":"@webdo_tn","twitter_site":"@webdo_tn","twitter_misc":{"\u00c9crit par":"CL","Dur\u00e9e de lecture estim\u00e9e":"1 minute"},"schema":{"@context":"https:\/\/schema.org","@graph":[{"@type":"NewsArticle","@id":"https:\/\/www.webdo.tn\/fr\/actualite\/national\/evasion-de-terroristes-mandats-de-depot-contre-deux-agents-penitentiaires\/215434\/#article","isPartOf":{"@id":"https:\/\/www.webdo.tn\/fr\/actualite\/national\/evasion-de-terroristes-mandats-de-depot-contre-deux-agents-penitentiaires\/215434\/"},"author":{"name":"CL","@id":"https:\/\/www.webdo.tn\/fr\/#\/schema\/person\/f35b42a42c5e2511bbd282959d6385cc"},"headline":"Evasion de terroristes : Mandats de d\u00e9p\u00f4t contre deux agents p\u00e9nitentiaires","datePublished":"2024-07-23T10:23:00+00:00","dateModified":"2025-05-20T22:35:29+00:00","mainEntityOfPage":{"@id":"https:\/\/www.webdo.tn\/fr\/actualite\/national\/evasion-de-terroristes-mandats-de-depot-contre-deux-agents-penitentiaires\/215434\/"},"wordCount":268,"commentCount":0,"publisher":{"@id":"https:\/\/www.webdo.tn\/fr\/#organization"},"image":{"@id":"https:\/\/www.webdo.tn\/fr\/actualite\/national\/evasion-de-terroristes-mandats-de-depot-contre-deux-agents-penitentiaires\/215434\/#primaryimage"},"thumbnailUrl":"https:\/\/www.webdo.tn\/fr\/wp-content\/uploads\/2024\/07\/ed06322e057bfb29d8420f8365b1eeb8.webp","keywords":["\u00e9vasion","la mornaguia","mandat de d\u00e9p\u00f4t","Terroristes"],"articleSection":["National"],"inLanguage":"fr-FR"},{"@type":"WebPage","@id":"https:\/\/www.webdo.tn\/fr\/actualite\/national\/evasion-de-terroristes-mandats-de-depot-contre-deux-agents-penitentiaires\/215434\/","url":"https:\/\/www.webdo.tn\/fr\/actualite\/national\/evasion-de-terroristes-mandats-de-depot-contre-deux-agents-penitentiaires\/215434\/","name":"Evasion de terroristes : Mandats de d\u00e9p\u00f4t contre deux agents p\u00e9nitentiaires","isPartOf":{"@id":"https:\/\/www.webdo.tn\/fr\/#website"},"primaryImageOfPage":{"@id":"https:\/\/www.webdo.tn\/fr\/actualite\/national\/evasion-de-terroristes-mandats-de-depot-contre-deux-agents-penitentiaires\/215434\/#primaryimage"},"image":{"@id":"https:\/\/www.webdo.tn\/fr\/actualite\/national\/evasion-de-terroristes-mandats-de-depot-contre-deux-agents-penitentiaires\/215434\/#primaryimage"},"thumbnailUrl":"https:\/\/www.webdo.tn\/fr\/wp-content\/uploads\/2024\/07\/ed06322e057bfb29d8420f8365b1eeb8.webp","datePublished":"2024-07-23T10:23:00+00:00","dateModified":"2025-05-20T22:35:29+00:00","description":"L'enqu\u00eate men\u00e9e sur l'\u00e9vasion de cinq terroristes de la prison civile de Mornaguia le 31 octobre 2023 se poursuit. Le juge d'instruction aupr\u00e8s du P\u00f4le judiciai...","breadcrumb":{"@id":"https:\/\/www.webdo.tn\/fr\/actualite\/national\/evasion-de-terroristes-mandats-de-depot-contre-deux-agents-penitentiaires\/215434\/#breadcrumb"},"inLanguage":"fr-FR","potentialAction":[{"@type":"ReadAction","target":["https:\/\/www.webdo.tn\/fr\/actualite\/national\/evasion-de-terroristes-mandats-de-depot-contre-deux-agents-penitentiaires\/215434\/"]}]},{"@type":"ImageObject","inLanguage":"fr-FR","@id":"https:\/\/www.webdo.tn\/fr\/actualite\/national\/evasion-de-terroristes-mandats-de-depot-contre-deux-agents-penitentiaires\/215434\/#primaryimage","url":"https:\/\/www.webdo.tn\/fr\/wp-content\/uploads\/2024\/07\/ed06322e057bfb29d8420f8365b1eeb8.webp","contentUrl":"https:\/\/www.webdo.tn\/fr\/wp-content\/uploads\/2024\/07\/ed06322e057bfb29d8420f8365b1eeb8.webp","width":750,"height":400,"caption":"Evasion de terroristes : Mandats de d\u00e9p\u00f4t contre deux agents p\u00e9nitentiaires"},{"@type":"BreadcrumbList","@id":"https:\/\/www.webdo.tn\/fr\/actualite\/national\/evasion-de-terroristes-mandats-de-depot-contre-deux-agents-penitentiaires\/215434\/#breadcrumb","itemListElement":[{"@type":"ListItem","position":1,"name":"Accueil","item":"https:\/\/www.webdo.tn\/fr\/"},{"@type":"ListItem","position":2,"name":"Evasion de terroristes : Mandats de d\u00e9p\u00f4t contre deux agents p\u00e9nitentiaires"}]},{"@type":"WebSite","@id":"https:\/\/www.webdo.tn\/fr\/#website","url":"https:\/\/www.webdo.tn\/fr\/","name":"webdo","description":"Tunisie - News en Tunisie et \u00e0 l&#039;international sur Webdo.tn","publisher":{"@id":"https:\/\/www.webdo.tn\/fr\/#organization"},"potentialAction":[{"@type":"SearchAction","target":{"@type":"EntryPoint","urlTemplate":"https:\/\/www.webdo.tn\/fr\/?s={search_term_string}"},"query-input":{"@type":"PropertyValueSpecification","valueRequired":true,"valueName":"search_term_string"}}],"inLanguage":"fr-FR"},{"@type":"Organization","@id":"https:\/\/www.webdo.tn\/fr\/#organization","name":"Webdo","alternateName":"Webdo.tn","url":"https:\/\/www.webdo.tn\/fr\/","logo":{"@type":"ImageObject","inLanguage":"fr-FR","@id":"https:\/\/www.webdo.tn\/fr\/#\/schema\/logo\/image\/","url":"https:\/\/www.webdo.tn\/fr\/wp-content\/uploads\/2025\/06\/Webdo-Tunisie_168377.jpg","contentUrl":"https:\/\/www.webdo.tn\/fr\/wp-content\/uploads\/2025\/06\/Webdo-Tunisie_168377.jpg","width":301,"height":301,"caption":"Webdo"},"image":{"@id":"https:\/\/www.webdo.tn\/fr\/#\/schema\/logo\/image\/"},"sameAs":["https:\/\/www.facebook.com\/webdotn","https:\/\/x.com\/webdo_tn"],"description":"Webdo est un m\u00e9dia num\u00e9rique tunisien fond\u00e9 en 2010, sp\u00e9cialis\u00e9 dans l\u2019actualit\u00e9 nationale et internationale, l\u2019\u00e9conomie, la soci\u00e9t\u00e9 et les analyses politiques. Le site s\u2019adresse \u00e0 un large public francophone et couvre l\u2019information tunisienne en temps r\u00e9el.","email":"redac@webdo.tn","legalName":"YNJ SARL","foundingDate":"2010-09-06","numberOfEmployees":{"@type":"QuantitativeValue","minValue":"11","maxValue":"50"}},{"@type":"Person","@id":"https:\/\/www.webdo.tn\/fr\/#\/schema\/person\/f35b42a42c5e2511bbd282959d6385cc","name":"CL","image":{"@type":"ImageObject","inLanguage":"fr-FR","@id":"https:\/\/secure.gravatar.com\/avatar\/1447a49909b67aa657c488aec6512e1dd6143a480c1ecfee9b5b5cd74eb3b59e?s=96&d=mm&r=g","url":"https:\/\/secure.gravatar.com\/avatar\/1447a49909b67aa657c488aec6512e1dd6143a480c1ecfee9b5b5cd74eb3b59e?s=96&d=mm&r=g","contentUrl":"https:\/\/secure.gravatar.com\/avatar\/1447a49909b67aa657c488aec6512e1dd6143a480c1ecfee9b5b5cd74eb3b59e?s=96&d=mm&r=g","caption":"CL"},"url":"https:\/\/www.webdo.tn\/fr\/actualite\/author\/cl\/"}]}},"_links":{"self":[{"href":"https:\/\/www.webdo.tn\/fr\/wp-json\/wp\/v2\/posts\/215434","targetHints":{"allow":["GET"]}}],"collection":[{"href":"https:\/\/www.webdo.tn\/fr\/wp-json\/wp\/v2\/posts"}],"about":[{"href":"https:\/\/www.webdo.tn\/fr\/wp-json\/wp\/v2\/types\/post"}],"author":[{"embeddable":true,"href":"https:\/\/www.webdo.tn\/fr\/wp-json\/wp\/v2\/users\/3175"}],"replies":[{"embeddable":true,"href":"https:\/\/www.webdo.tn\/fr\/wp-json\/wp\/v2\/comments?post=215434"}],"version-history":[{"count":0,"href":"https:\/\/www.webdo.tn\/fr\/wp-json\/wp\/v2\/posts\/215434\/revisions"}],"wp:featuredmedia":[{"embeddable":true,"href":"https:\/\/www.webdo.tn\/fr\/wp-json\/wp\/v2\/media\/246932"}],"wp:attachment":[{"href":"https:\/\/www.webdo.tn\/fr\/wp-json\/wp\/v2\/media?parent=215434"}],"wp:term":[{"taxonomy":"category","embeddable":true,"href":"https:\/\/www.webdo.tn\/fr\/wp-json\/wp\/v2\/categories?post=215434"},{"taxonomy":"post_tag","embeddable":true,"href":"https:\/\/www.webdo.tn\/fr\/wp-json\/wp\/v2\/tags?post=215434"}],"curies":[{"name":"wp","href":"https:\/\/api.w.org\/{rel}","templated":true}]}}