{"id":215417,"date":"2024-07-22T12:42:00","date_gmt":"2024-07-22T12:42:00","guid":{"rendered":"https:\/\/www.webdo.tn\/fr\/blog\/tunisie-le-rappeur-k2rhym-candidat-a-l-election-presidentielle\/215417\/"},"modified":"2025-05-20T22:35:33","modified_gmt":"2025-05-20T22:35:33","slug":"tunisie-le-rappeur-k2rhym-candidat-a-l-election-presidentielle","status":"publish","type":"post","link":"https:\/\/www.webdo.tn\/fr\/actualite\/national\/tunisie-le-rappeur-k2rhym-candidat-a-l-election-presidentielle\/215417\/","title":{"rendered":"Tunisie : Le rappeur K2Rhym candidat \u00e0 l\u2019\u00e9lection pr\u00e9sidentielle"},"content":{"rendered":"<p>Le rappeur Karim Gharbi plus connu sous son nom de sc\u00e8ne K2Rhym, s\u2019est pr\u00e9sent\u00e9 \u00e0 l&rsquo;\u00e9lection pr\u00e9sidentielle du 6 octobre prochain.<\/p>\n<p>\t\t\t\t\t\t\t\t\tKarim Gharbi alias K2Rhym, rappeur tunisien et ancien gendre de Zine El Abidine Ben Ali, s\u2019est pr\u00e9sent\u00e9 \u00e0 l&rsquo;\u00e9lection pr\u00e9sidentielle du 6 octobre prochain si l\u2019on se r\u00e9f\u00e8re \u00e0 la liste des personnes d\u00e9sirant collecter des parrainages, disponible sur le site web de l&rsquo;Instance sup\u00e9rieure ind\u00e9pendante pour les \u00e9lections (ISIE).<\/p>\n<p>Le rappeur K2Rhym, ex-\u00e9poux de Nesrine Ben Ali, est notamment connu m\u00e9diatiquement pour \u00eatre un rappeur mais aussi un homme d\u2019affaires \u00e0 succ\u00e8s qui multiplie les actions caritatives depuis des ann\u00e9es.<\/p>\n<p>Un sondage de janvier 2023 faisant \u00e9tat des intentions de vote et de la cote de popularit\u00e9 des diff\u00e9rentes personnalit\u00e9s politiques l\u2019avait plac\u00e9 en troisi\u00e8me position derri\u00e8re Kais Saied et Safi Said.<\/p>\n","protected":false},"excerpt":{"rendered":"<p>Karim Gharbi alias K2Rhym, rappeur tunisien et ancien gendre de Zine El Abidine Ben Ali, s\u2019est pr\u00e9sent\u00e9 \u00e0 l&rsquo;\u00e9lection pr\u00e9sidentielle du 6 octobre prochain si l\u2019o&#8230;<\/p>\n","protected":false},"author":3175,"featured_media":246951,"comment_status":"open","ping_status":"closed","sticky":false,"template":"","format":"standard","meta":{"footnotes":""},"categories":[44],"tags":[4346,4428,6108,2608],"class_list":["post-215417","post","type-post","status-publish","format-standard","has-post-thumbnail","hentry","category-national","tag-election","tag-election-presidentielle","tag-k2rhym","tag-tunisie"],"yoast_head":"<!-- This site is optimized with the Yoast SEO Premium plugin v27.5 (Yoast SEO v27.5) - https:\/\/yoast.com\/product\/yoast-seo-premium-wordpress\/ -->\n<title>Tunisie : Le rappeur K2Rhym candidat \u00e0 l\u2019\u00e9lection pr\u00e9sidentielle<\/title>\n<meta name=\"description\" content=\"Karim Gharbi alias K2Rhym, rappeur tunisien et ancien gendre de Zine El Abidine Ben Ali, s\u2019est pr\u00e9sent\u00e9 \u00e0 l&#039;\u00e9lection pr\u00e9sidentielle du 6 octobre prochain si l\u2019o...\" \/>\n<link rel=\"canonical\" href=\"https:\/\/www.webdo.tn\/fr\/actualite\/national\/tunisie-le-rappeur-k2rhym-candidat-a-l-election-presidentielle\/215417\/\" \/>\n<meta property=\"og:locale\" content=\"fr_FR\" \/>\n<meta property=\"og:type\" content=\"article\" \/>\n<meta property=\"og:title\" content=\"Tunisie : Le rappeur K2Rhym candidat \u00e0 l\u2019\u00e9lection pr\u00e9sidentielle\" \/>\n<meta property=\"og:description\" content=\"Karim Gharbi alias K2Rhym, rappeur tunisien et ancien gendre de Zine El Abidine Ben Ali, s\u2019est pr\u00e9sent\u00e9 \u00e0 l&#039;\u00e9lection pr\u00e9sidentielle du 6 octobre prochain si l\u2019o...\" \/>\n<meta property=\"og:url\" content=\"https:\/\/www.webdo.tn\/fr\/actualite\/national\/tunisie-le-rappeur-k2rhym-candidat-a-l-election-presidentielle\/215417\/\" \/>\n<meta property=\"og:site_name\" content=\"webdo\" \/>\n<meta property=\"article:publisher\" content=\"https:\/\/www.facebook.com\/webdotn\" \/>\n<meta property=\"article:published_time\" content=\"2024-07-22T12:42:00+00:00\" \/>\n<meta property=\"article:modified_time\" content=\"2025-05-20T22:35:33+00:00\" \/>\n<meta property=\"og:image\" content=\"https:\/\/www.webdo.tn\/fr\/wp-content\/uploads\/2024\/07\/0d7d4c28b8a7df1fb39f63cff3658e66.webp\" \/>\n\t<meta property=\"og:image:width\" content=\"750\" \/>\n\t<meta property=\"og:image:height\" content=\"400\" \/>\n\t<meta property=\"og:image:type\" content=\"image\/webp\" \/>\n<meta name=\"author\" content=\"CL\" \/>\n<meta name=\"twitter:card\" content=\"summary_large_image\" \/>\n<meta name=\"twitter:creator\" content=\"@webdo_tn\" \/>\n<meta name=\"twitter:site\" content=\"@webdo_tn\" \/>\n<meta name=\"twitter:label1\" content=\"\u00c9crit par\" \/>\n\t<meta name=\"twitter:data1\" content=\"CL\" \/>\n\t<meta name=\"twitter:label2\" content=\"Dur\u00e9e de lecture estim\u00e9e\" \/>\n\t<meta name=\"twitter:data2\" content=\"1 minute\" \/>\n<script type=\"application\/ld+json\" class=\"yoast-schema-graph\">{\"@context\":\"https:\\\/\\\/schema.org\",\"@graph\":[{\"@type\":\"NewsArticle\",\"@id\":\"https:\\\/\\\/www.webdo.tn\\\/fr\\\/actualite\\\/national\\\/tunisie-le-rappeur-k2rhym-candidat-a-l-election-presidentielle\\\/215417\\\/#article\",\"isPartOf\":{\"@id\":\"https:\\\/\\\/www.webdo.tn\\\/fr\\\/actualite\\\/national\\\/tunisie-le-rappeur-k2rhym-candidat-a-l-election-presidentielle\\\/215417\\\/\"},\"author\":{\"name\":\"CL\",\"@id\":\"https:\\\/\\\/www.webdo.tn\\\/fr\\\/#\\\/schema\\\/person\\\/f35b42a42c5e2511bbd282959d6385cc\"},\"headline\":\"Tunisie : Le rappeur K2Rhym candidat \u00e0 l\u2019\u00e9lection pr\u00e9sidentielle\",\"datePublished\":\"2024-07-22T12:42:00+00:00\",\"dateModified\":\"2025-05-20T22:35:33+00:00\",\"mainEntityOfPage\":{\"@id\":\"https:\\\/\\\/www.webdo.tn\\\/fr\\\/actualite\\\/national\\\/tunisie-le-rappeur-k2rhym-candidat-a-l-election-presidentielle\\\/215417\\\/\"},\"wordCount\":166,\"commentCount\":0,\"publisher\":{\"@id\":\"https:\\\/\\\/www.webdo.tn\\\/fr\\\/#organization\"},\"image\":{\"@id\":\"https:\\\/\\\/www.webdo.tn\\\/fr\\\/actualite\\\/national\\\/tunisie-le-rappeur-k2rhym-candidat-a-l-election-presidentielle\\\/215417\\\/#primaryimage\"},\"thumbnailUrl\":\"https:\\\/\\\/www.webdo.tn\\\/fr\\\/wp-content\\\/uploads\\\/2024\\\/07\\\/0d7d4c28b8a7df1fb39f63cff3658e66.webp\",\"keywords\":[\"Election\",\"\u00e9lection pr\u00e9sidentielle\",\"k2rhym\",\"Tunisie\"],\"articleSection\":[\"National\"],\"inLanguage\":\"fr-FR\"},{\"@type\":\"WebPage\",\"@id\":\"https:\\\/\\\/www.webdo.tn\\\/fr\\\/actualite\\\/national\\\/tunisie-le-rappeur-k2rhym-candidat-a-l-election-presidentielle\\\/215417\\\/\",\"url\":\"https:\\\/\\\/www.webdo.tn\\\/fr\\\/actualite\\\/national\\\/tunisie-le-rappeur-k2rhym-candidat-a-l-election-presidentielle\\\/215417\\\/\",\"name\":\"Tunisie : Le rappeur K2Rhym candidat \u00e0 l\u2019\u00e9lection pr\u00e9sidentielle\",\"isPartOf\":{\"@id\":\"https:\\\/\\\/www.webdo.tn\\\/fr\\\/#website\"},\"primaryImageOfPage\":{\"@id\":\"https:\\\/\\\/www.webdo.tn\\\/fr\\\/actualite\\\/national\\\/tunisie-le-rappeur-k2rhym-candidat-a-l-election-presidentielle\\\/215417\\\/#primaryimage\"},\"image\":{\"@id\":\"https:\\\/\\\/www.webdo.tn\\\/fr\\\/actualite\\\/national\\\/tunisie-le-rappeur-k2rhym-candidat-a-l-election-presidentielle\\\/215417\\\/#primaryimage\"},\"thumbnailUrl\":\"https:\\\/\\\/www.webdo.tn\\\/fr\\\/wp-content\\\/uploads\\\/2024\\\/07\\\/0d7d4c28b8a7df1fb39f63cff3658e66.webp\",\"datePublished\":\"2024-07-22T12:42:00+00:00\",\"dateModified\":\"2025-05-20T22:35:33+00:00\",\"description\":\"Karim Gharbi alias K2Rhym, rappeur tunisien et ancien gendre de Zine El Abidine Ben Ali, s\u2019est pr\u00e9sent\u00e9 \u00e0 l'\u00e9lection pr\u00e9sidentielle du 6 octobre prochain si l\u2019o...\",\"breadcrumb\":{\"@id\":\"https:\\\/\\\/www.webdo.tn\\\/fr\\\/actualite\\\/national\\\/tunisie-le-rappeur-k2rhym-candidat-a-l-election-presidentielle\\\/215417\\\/#breadcrumb\"},\"inLanguage\":\"fr-FR\",\"potentialAction\":[{\"@type\":\"ReadAction\",\"target\":[\"https:\\\/\\\/www.webdo.tn\\\/fr\\\/actualite\\\/national\\\/tunisie-le-rappeur-k2rhym-candidat-a-l-election-presidentielle\\\/215417\\\/\"]}]},{\"@type\":\"ImageObject\",\"inLanguage\":\"fr-FR\",\"@id\":\"https:\\\/\\\/www.webdo.tn\\\/fr\\\/actualite\\\/national\\\/tunisie-le-rappeur-k2rhym-candidat-a-l-election-presidentielle\\\/215417\\\/#primaryimage\",\"url\":\"https:\\\/\\\/www.webdo.tn\\\/fr\\\/wp-content\\\/uploads\\\/2024\\\/07\\\/0d7d4c28b8a7df1fb39f63cff3658e66.webp\",\"contentUrl\":\"https:\\\/\\\/www.webdo.tn\\\/fr\\\/wp-content\\\/uploads\\\/2024\\\/07\\\/0d7d4c28b8a7df1fb39f63cff3658e66.webp\",\"width\":750,\"height\":400,\"caption\":\"Tunisie : Le rappeur K2Rhym candidat \u00e0 l\u2019\u00e9lection pr\u00e9sidentielle\"},{\"@type\":\"BreadcrumbList\",\"@id\":\"https:\\\/\\\/www.webdo.tn\\\/fr\\\/actualite\\\/national\\\/tunisie-le-rappeur-k2rhym-candidat-a-l-election-presidentielle\\\/215417\\\/#breadcrumb\",\"itemListElement\":[{\"@type\":\"ListItem\",\"position\":1,\"name\":\"Accueil\",\"item\":\"https:\\\/\\\/www.webdo.tn\\\/fr\\\/\"},{\"@type\":\"ListItem\",\"position\":2,\"name\":\"Tunisie : Le rappeur K2Rhym candidat \u00e0 l\u2019\u00e9lection pr\u00e9sidentielle\"}]},{\"@type\":\"WebSite\",\"@id\":\"https:\\\/\\\/www.webdo.tn\\\/fr\\\/#website\",\"url\":\"https:\\\/\\\/www.webdo.tn\\\/fr\\\/\",\"name\":\"webdo\",\"description\":\"Tunisie - News en Tunisie et \u00e0 l&#039;international sur Webdo.tn\",\"publisher\":{\"@id\":\"https:\\\/\\\/www.webdo.tn\\\/fr\\\/#organization\"},\"potentialAction\":[{\"@type\":\"SearchAction\",\"target\":{\"@type\":\"EntryPoint\",\"urlTemplate\":\"https:\\\/\\\/www.webdo.tn\\\/fr\\\/?s={search_term_string}\"},\"query-input\":{\"@type\":\"PropertyValueSpecification\",\"valueRequired\":true,\"valueName\":\"search_term_string\"}}],\"inLanguage\":\"fr-FR\"},{\"@type\":\"Organization\",\"@id\":\"https:\\\/\\\/www.webdo.tn\\\/fr\\\/#organization\",\"name\":\"Webdo\",\"alternateName\":\"Webdo.tn\",\"url\":\"https:\\\/\\\/www.webdo.tn\\\/fr\\\/\",\"logo\":{\"@type\":\"ImageObject\",\"inLanguage\":\"fr-FR\",\"@id\":\"https:\\\/\\\/www.webdo.tn\\\/fr\\\/#\\\/schema\\\/logo\\\/image\\\/\",\"url\":\"https:\\\/\\\/www.webdo.tn\\\/fr\\\/wp-content\\\/uploads\\\/2025\\\/06\\\/Webdo-Tunisie_168377.jpg\",\"contentUrl\":\"https:\\\/\\\/www.webdo.tn\\\/fr\\\/wp-content\\\/uploads\\\/2025\\\/06\\\/Webdo-Tunisie_168377.jpg\",\"width\":301,\"height\":301,\"caption\":\"Webdo\"},\"image\":{\"@id\":\"https:\\\/\\\/www.webdo.tn\\\/fr\\\/#\\\/schema\\\/logo\\\/image\\\/\"},\"sameAs\":[\"https:\\\/\\\/www.facebook.com\\\/webdotn\",\"https:\\\/\\\/x.com\\\/webdo_tn\"],\"description\":\"Webdo est un m\u00e9dia num\u00e9rique tunisien fond\u00e9 en 2010, sp\u00e9cialis\u00e9 dans l\u2019actualit\u00e9 nationale et internationale, l\u2019\u00e9conomie, la soci\u00e9t\u00e9 et les analyses politiques. Le site s\u2019adresse \u00e0 un large public francophone et couvre l\u2019information tunisienne en temps r\u00e9el.\",\"email\":\"redac@webdo.tn\",\"legalName\":\"YNJ SARL\",\"foundingDate\":\"2010-09-06\",\"numberOfEmployees\":{\"@type\":\"QuantitativeValue\",\"minValue\":\"11\",\"maxValue\":\"50\"}},{\"@type\":\"Person\",\"@id\":\"https:\\\/\\\/www.webdo.tn\\\/fr\\\/#\\\/schema\\\/person\\\/f35b42a42c5e2511bbd282959d6385cc\",\"name\":\"CL\",\"image\":{\"@type\":\"ImageObject\",\"inLanguage\":\"fr-FR\",\"@id\":\"https:\\\/\\\/secure.gravatar.com\\\/avatar\\\/1447a49909b67aa657c488aec6512e1dd6143a480c1ecfee9b5b5cd74eb3b59e?s=96&d=mm&r=g\",\"url\":\"https:\\\/\\\/secure.gravatar.com\\\/avatar\\\/1447a49909b67aa657c488aec6512e1dd6143a480c1ecfee9b5b5cd74eb3b59e?s=96&d=mm&r=g\",\"contentUrl\":\"https:\\\/\\\/secure.gravatar.com\\\/avatar\\\/1447a49909b67aa657c488aec6512e1dd6143a480c1ecfee9b5b5cd74eb3b59e?s=96&d=mm&r=g\",\"caption\":\"CL\"},\"url\":\"https:\\\/\\\/www.webdo.tn\\\/fr\\\/actualite\\\/author\\\/cl\\\/\"}]}<\/script>\n<!-- \/ Yoast SEO Premium plugin. -->","yoast_head_json":{"title":"Tunisie : Le rappeur K2Rhym candidat \u00e0 l\u2019\u00e9lection pr\u00e9sidentielle","description":"Karim Gharbi alias K2Rhym, rappeur tunisien et ancien gendre de Zine El Abidine Ben Ali, s\u2019est pr\u00e9sent\u00e9 \u00e0 l'\u00e9lection pr\u00e9sidentielle du 6 octobre prochain si l\u2019o...","canonical":"https:\/\/www.webdo.tn\/fr\/actualite\/national\/tunisie-le-rappeur-k2rhym-candidat-a-l-election-presidentielle\/215417\/","og_locale":"fr_FR","og_type":"article","og_title":"Tunisie : Le rappeur K2Rhym candidat \u00e0 l\u2019\u00e9lection pr\u00e9sidentielle","og_description":"Karim Gharbi alias K2Rhym, rappeur tunisien et ancien gendre de Zine El Abidine Ben Ali, s\u2019est pr\u00e9sent\u00e9 \u00e0 l'\u00e9lection pr\u00e9sidentielle du 6 octobre prochain si l\u2019o...","og_url":"https:\/\/www.webdo.tn\/fr\/actualite\/national\/tunisie-le-rappeur-k2rhym-candidat-a-l-election-presidentielle\/215417\/","og_site_name":"webdo","article_publisher":"https:\/\/www.facebook.com\/webdotn","article_published_time":"2024-07-22T12:42:00+00:00","article_modified_time":"2025-05-20T22:35:33+00:00","og_image":[{"width":750,"height":400,"url":"https:\/\/www.webdo.tn\/fr\/wp-content\/uploads\/2024\/07\/0d7d4c28b8a7df1fb39f63cff3658e66.webp","type":"image\/webp"}],"author":"CL","twitter_card":"summary_large_image","twitter_creator":"@webdo_tn","twitter_site":"@webdo_tn","twitter_misc":{"\u00c9crit par":"CL","Dur\u00e9e de lecture estim\u00e9e":"1 minute"},"schema":{"@context":"https:\/\/schema.org","@graph":[{"@type":"NewsArticle","@id":"https:\/\/www.webdo.tn\/fr\/actualite\/national\/tunisie-le-rappeur-k2rhym-candidat-a-l-election-presidentielle\/215417\/#article","isPartOf":{"@id":"https:\/\/www.webdo.tn\/fr\/actualite\/national\/tunisie-le-rappeur-k2rhym-candidat-a-l-election-presidentielle\/215417\/"},"author":{"name":"CL","@id":"https:\/\/www.webdo.tn\/fr\/#\/schema\/person\/f35b42a42c5e2511bbd282959d6385cc"},"headline":"Tunisie : Le rappeur K2Rhym candidat \u00e0 l\u2019\u00e9lection pr\u00e9sidentielle","datePublished":"2024-07-22T12:42:00+00:00","dateModified":"2025-05-20T22:35:33+00:00","mainEntityOfPage":{"@id":"https:\/\/www.webdo.tn\/fr\/actualite\/national\/tunisie-le-rappeur-k2rhym-candidat-a-l-election-presidentielle\/215417\/"},"wordCount":166,"commentCount":0,"publisher":{"@id":"https:\/\/www.webdo.tn\/fr\/#organization"},"image":{"@id":"https:\/\/www.webdo.tn\/fr\/actualite\/national\/tunisie-le-rappeur-k2rhym-candidat-a-l-election-presidentielle\/215417\/#primaryimage"},"thumbnailUrl":"https:\/\/www.webdo.tn\/fr\/wp-content\/uploads\/2024\/07\/0d7d4c28b8a7df1fb39f63cff3658e66.webp","keywords":["Election","\u00e9lection pr\u00e9sidentielle","k2rhym","Tunisie"],"articleSection":["National"],"inLanguage":"fr-FR"},{"@type":"WebPage","@id":"https:\/\/www.webdo.tn\/fr\/actualite\/national\/tunisie-le-rappeur-k2rhym-candidat-a-l-election-presidentielle\/215417\/","url":"https:\/\/www.webdo.tn\/fr\/actualite\/national\/tunisie-le-rappeur-k2rhym-candidat-a-l-election-presidentielle\/215417\/","name":"Tunisie : Le rappeur K2Rhym candidat \u00e0 l\u2019\u00e9lection pr\u00e9sidentielle","isPartOf":{"@id":"https:\/\/www.webdo.tn\/fr\/#website"},"primaryImageOfPage":{"@id":"https:\/\/www.webdo.tn\/fr\/actualite\/national\/tunisie-le-rappeur-k2rhym-candidat-a-l-election-presidentielle\/215417\/#primaryimage"},"image":{"@id":"https:\/\/www.webdo.tn\/fr\/actualite\/national\/tunisie-le-rappeur-k2rhym-candidat-a-l-election-presidentielle\/215417\/#primaryimage"},"thumbnailUrl":"https:\/\/www.webdo.tn\/fr\/wp-content\/uploads\/2024\/07\/0d7d4c28b8a7df1fb39f63cff3658e66.webp","datePublished":"2024-07-22T12:42:00+00:00","dateModified":"2025-05-20T22:35:33+00:00","description":"Karim Gharbi alias K2Rhym, rappeur tunisien et ancien gendre de Zine El Abidine Ben Ali, s\u2019est pr\u00e9sent\u00e9 \u00e0 l'\u00e9lection pr\u00e9sidentielle du 6 octobre prochain si l\u2019o...","breadcrumb":{"@id":"https:\/\/www.webdo.tn\/fr\/actualite\/national\/tunisie-le-rappeur-k2rhym-candidat-a-l-election-presidentielle\/215417\/#breadcrumb"},"inLanguage":"fr-FR","potentialAction":[{"@type":"ReadAction","target":["https:\/\/www.webdo.tn\/fr\/actualite\/national\/tunisie-le-rappeur-k2rhym-candidat-a-l-election-presidentielle\/215417\/"]}]},{"@type":"ImageObject","inLanguage":"fr-FR","@id":"https:\/\/www.webdo.tn\/fr\/actualite\/national\/tunisie-le-rappeur-k2rhym-candidat-a-l-election-presidentielle\/215417\/#primaryimage","url":"https:\/\/www.webdo.tn\/fr\/wp-content\/uploads\/2024\/07\/0d7d4c28b8a7df1fb39f63cff3658e66.webp","contentUrl":"https:\/\/www.webdo.tn\/fr\/wp-content\/uploads\/2024\/07\/0d7d4c28b8a7df1fb39f63cff3658e66.webp","width":750,"height":400,"caption":"Tunisie : Le rappeur K2Rhym candidat \u00e0 l\u2019\u00e9lection pr\u00e9sidentielle"},{"@type":"BreadcrumbList","@id":"https:\/\/www.webdo.tn\/fr\/actualite\/national\/tunisie-le-rappeur-k2rhym-candidat-a-l-election-presidentielle\/215417\/#breadcrumb","itemListElement":[{"@type":"ListItem","position":1,"name":"Accueil","item":"https:\/\/www.webdo.tn\/fr\/"},{"@type":"ListItem","position":2,"name":"Tunisie : Le rappeur K2Rhym candidat \u00e0 l\u2019\u00e9lection pr\u00e9sidentielle"}]},{"@type":"WebSite","@id":"https:\/\/www.webdo.tn\/fr\/#website","url":"https:\/\/www.webdo.tn\/fr\/","name":"webdo","description":"Tunisie - News en Tunisie et \u00e0 l&#039;international sur Webdo.tn","publisher":{"@id":"https:\/\/www.webdo.tn\/fr\/#organization"},"potentialAction":[{"@type":"SearchAction","target":{"@type":"EntryPoint","urlTemplate":"https:\/\/www.webdo.tn\/fr\/?s={search_term_string}"},"query-input":{"@type":"PropertyValueSpecification","valueRequired":true,"valueName":"search_term_string"}}],"inLanguage":"fr-FR"},{"@type":"Organization","@id":"https:\/\/www.webdo.tn\/fr\/#organization","name":"Webdo","alternateName":"Webdo.tn","url":"https:\/\/www.webdo.tn\/fr\/","logo":{"@type":"ImageObject","inLanguage":"fr-FR","@id":"https:\/\/www.webdo.tn\/fr\/#\/schema\/logo\/image\/","url":"https:\/\/www.webdo.tn\/fr\/wp-content\/uploads\/2025\/06\/Webdo-Tunisie_168377.jpg","contentUrl":"https:\/\/www.webdo.tn\/fr\/wp-content\/uploads\/2025\/06\/Webdo-Tunisie_168377.jpg","width":301,"height":301,"caption":"Webdo"},"image":{"@id":"https:\/\/www.webdo.tn\/fr\/#\/schema\/logo\/image\/"},"sameAs":["https:\/\/www.facebook.com\/webdotn","https:\/\/x.com\/webdo_tn"],"description":"Webdo est un m\u00e9dia num\u00e9rique tunisien fond\u00e9 en 2010, sp\u00e9cialis\u00e9 dans l\u2019actualit\u00e9 nationale et internationale, l\u2019\u00e9conomie, la soci\u00e9t\u00e9 et les analyses politiques. Le site s\u2019adresse \u00e0 un large public francophone et couvre l\u2019information tunisienne en temps r\u00e9el.","email":"redac@webdo.tn","legalName":"YNJ SARL","foundingDate":"2010-09-06","numberOfEmployees":{"@type":"QuantitativeValue","minValue":"11","maxValue":"50"}},{"@type":"Person","@id":"https:\/\/www.webdo.tn\/fr\/#\/schema\/person\/f35b42a42c5e2511bbd282959d6385cc","name":"CL","image":{"@type":"ImageObject","inLanguage":"fr-FR","@id":"https:\/\/secure.gravatar.com\/avatar\/1447a49909b67aa657c488aec6512e1dd6143a480c1ecfee9b5b5cd74eb3b59e?s=96&d=mm&r=g","url":"https:\/\/secure.gravatar.com\/avatar\/1447a49909b67aa657c488aec6512e1dd6143a480c1ecfee9b5b5cd74eb3b59e?s=96&d=mm&r=g","contentUrl":"https:\/\/secure.gravatar.com\/avatar\/1447a49909b67aa657c488aec6512e1dd6143a480c1ecfee9b5b5cd74eb3b59e?s=96&d=mm&r=g","caption":"CL"},"url":"https:\/\/www.webdo.tn\/fr\/actualite\/author\/cl\/"}]}},"_links":{"self":[{"href":"https:\/\/www.webdo.tn\/fr\/wp-json\/wp\/v2\/posts\/215417","targetHints":{"allow":["GET"]}}],"collection":[{"href":"https:\/\/www.webdo.tn\/fr\/wp-json\/wp\/v2\/posts"}],"about":[{"href":"https:\/\/www.webdo.tn\/fr\/wp-json\/wp\/v2\/types\/post"}],"author":[{"embeddable":true,"href":"https:\/\/www.webdo.tn\/fr\/wp-json\/wp\/v2\/users\/3175"}],"replies":[{"embeddable":true,"href":"https:\/\/www.webdo.tn\/fr\/wp-json\/wp\/v2\/comments?post=215417"}],"version-history":[{"count":0,"href":"https:\/\/www.webdo.tn\/fr\/wp-json\/wp\/v2\/posts\/215417\/revisions"}],"wp:featuredmedia":[{"embeddable":true,"href":"https:\/\/www.webdo.tn\/fr\/wp-json\/wp\/v2\/media\/246951"}],"wp:attachment":[{"href":"https:\/\/www.webdo.tn\/fr\/wp-json\/wp\/v2\/media?parent=215417"}],"wp:term":[{"taxonomy":"category","embeddable":true,"href":"https:\/\/www.webdo.tn\/fr\/wp-json\/wp\/v2\/categories?post=215417"},{"taxonomy":"post_tag","embeddable":true,"href":"https:\/\/www.webdo.tn\/fr\/wp-json\/wp\/v2\/tags?post=215417"}],"curies":[{"name":"wp","href":"https:\/\/api.w.org\/{rel}","templated":true}]}}