{"id":215413,"date":"2024-07-22T11:18:00","date_gmt":"2024-07-22T11:18:00","guid":{"rendered":"https:\/\/www.webdo.tn\/fr\/blog\/tunisie-abir-moussi-comparait-devant-la-justice\/215413\/"},"modified":"2025-05-20T22:35:32","modified_gmt":"2025-05-20T22:35:32","slug":"tunisie-abir-moussi-comparait-devant-la-justice","status":"publish","type":"post","link":"https:\/\/www.webdo.tn\/fr\/actualite\/national\/tunisie-abir-moussi-comparait-devant-la-justice\/215413\/","title":{"rendered":"Tunisie : Abir Moussi compara\u00eet devant la justice"},"content":{"rendered":"<p>La pr\u00e9sidente du PDL, Abir Moussi comparait aujourd\u2019hui devant la justice en vertu de l&rsquo;article 24 du d\u00e9cret n\u00b054.<\/p>\n<p>\t\t\t\t\t\t\t\t\tAbir Moussi, pr\u00e9sidente du Parti destourien libre (PDL) comparait, ce lundi 22 juillet 2024 en \u00e9tat d&rsquo;arrestation devant la chambre correctionnelle d&rsquo;\u00e9t\u00e9 du tribunal de premi\u00e8re instance de Tunis pour \u00eatre jug\u00e9e en vertu de l&rsquo;article 24 du d\u00e9cret n\u00b054.<\/p>\n<p>Elle compara\u00eet dans le cadre de la plainte de l&rsquo;Instance sup\u00e9rieure ind\u00e9pendante pour les \u00e9lections (ISIE) en rapport avec une d\u00e9claration m\u00e9diatique d\u2019Abir Moussi concernant l&rsquo;instance \u00e9lectorale.<\/p>\n<p>Dans cette affaire, le juge d&rsquo;instruction du tribunal de premi\u00e8re instance de Tunis avait d\u00e9livr\u00e9 un mandat de d\u00e9p\u00f4t \u00e0 l&rsquo;encontre d&rsquo;Abir Moussi apr\u00e8s l&rsquo;avoir interrog\u00e9e. Il a ensuite prononc\u00e9 la cl\u00f4ture de l&rsquo;instruction du dossier, et a d\u00e9cid\u00e9 de renvoyer Abir Moussi devant la chambre correctionnelle du tribunal de premi\u00e8re instance de Tunis.<\/p>\n<p>Mercredi dernier, la neuvi\u00e8me Chambre d&rsquo;accusation de la Cour d&rsquo;appel de Tunis a report\u00e9 au 31 juillet 2024 l&rsquo;examen de deux affaires impliquant Abir Moussi, pr\u00e9sidente du Parti destourien libre, dont l&rsquo;affaire connue sous le nom de \u00ab\u00a0Affaire du bureau d\u2019ordre de la pr\u00e9sidence de la R\u00e9publique\u00a0\u00bb.<\/p>\n<p>Abir Moussi a comparu le 20 juin dernier devant la chambre correctionnelle de la Cour d&rsquo;appel de Tunis, suite \u00e0 sa condamnation \u00e0 une amende de 5000 dinars dans une affaire de violation de la p\u00e9riode de silence \u00e9lectoral lors des \u00e9lections pr\u00e9sidentielles de 2019.<\/p>\n<p>La Cour d&rsquo;appel de Tunis a d\u00e9livr\u00e9 son verdict en confirmant le jugement en premi\u00e8re instance avec une modification du texte et en portant l\u2019amende \u00e0 7000 dinars.<\/p>\n<p>En d\u00e9tention depuis le 3 octobre 2023 et vis\u00e9e par plusieurs mandats de d\u00e9p\u00f4t, Abir Moussi, est poursuivie en justice sur fond de cinq affaires.<\/p>\n","protected":false},"excerpt":{"rendered":"<p>Abir Moussi, pr\u00e9sidente du Parti destourien libre (PDL) comparait, ce lundi 22 juillet 2024 en \u00e9tat d&rsquo;arrestation devant la chambre correctionnelle d&rsquo;\u00e9t\u00e9 du tri&#8230;<\/p>\n","protected":false},"author":3175,"featured_media":246950,"comment_status":"open","ping_status":"closed","sticky":false,"template":"","format":"standard","meta":{"footnotes":""},"categories":[44],"tags":[2926,3284,2619,4028,2608],"class_list":["post-215413","post","type-post","status-publish","format-standard","has-post-thumbnail","hentry","category-national","tag-abir-moussi","tag-decret-54","tag-justice","tag-pdl","tag-tunisie"],"yoast_head":"<!-- This site is optimized with the Yoast SEO Premium plugin v27.4 (Yoast SEO v27.5) - https:\/\/yoast.com\/product\/yoast-seo-premium-wordpress\/ -->\n<title>Tunisie : Abir Moussi compara\u00eet devant la justice<\/title>\n<meta name=\"description\" content=\"Abir Moussi, pr\u00e9sidente du Parti destourien libre (PDL) comparait, ce lundi 22 juillet 2024 en \u00e9tat d&#039;arrestation devant la chambre correctionnelle d&#039;\u00e9t\u00e9 du tri...\" \/>\n<link rel=\"canonical\" href=\"https:\/\/www.webdo.tn\/fr\/actualite\/national\/tunisie-abir-moussi-comparait-devant-la-justice\/215413\/\" \/>\n<meta property=\"og:locale\" content=\"fr_FR\" \/>\n<meta property=\"og:type\" content=\"article\" \/>\n<meta property=\"og:title\" content=\"Tunisie : Abir Moussi compara\u00eet devant la justice\" \/>\n<meta property=\"og:description\" content=\"Abir Moussi, pr\u00e9sidente du Parti destourien libre (PDL) comparait, ce lundi 22 juillet 2024 en \u00e9tat d&#039;arrestation devant la chambre correctionnelle d&#039;\u00e9t\u00e9 du tri...\" \/>\n<meta property=\"og:url\" content=\"https:\/\/www.webdo.tn\/fr\/actualite\/national\/tunisie-abir-moussi-comparait-devant-la-justice\/215413\/\" \/>\n<meta property=\"og:site_name\" content=\"webdo\" \/>\n<meta property=\"article:publisher\" content=\"https:\/\/www.facebook.com\/webdotn\" \/>\n<meta property=\"article:published_time\" content=\"2024-07-22T11:18:00+00:00\" \/>\n<meta property=\"article:modified_time\" content=\"2025-05-20T22:35:32+00:00\" \/>\n<meta property=\"og:image\" content=\"https:\/\/www.webdo.tn\/fr\/wp-content\/uploads\/2024\/07\/33b170e3396343680588db4167abd70b.webp\" \/>\n\t<meta property=\"og:image:width\" content=\"750\" \/>\n\t<meta property=\"og:image:height\" content=\"400\" \/>\n\t<meta property=\"og:image:type\" content=\"image\/webp\" \/>\n<meta name=\"author\" content=\"CL\" \/>\n<meta name=\"twitter:card\" content=\"summary_large_image\" \/>\n<meta name=\"twitter:creator\" content=\"@webdo_tn\" \/>\n<meta name=\"twitter:site\" content=\"@webdo_tn\" \/>\n<meta name=\"twitter:label1\" content=\"\u00c9crit par\" \/>\n\t<meta name=\"twitter:data1\" content=\"CL\" \/>\n\t<meta name=\"twitter:label2\" content=\"Dur\u00e9e de lecture estim\u00e9e\" \/>\n\t<meta name=\"twitter:data2\" content=\"2 minutes\" \/>\n<script type=\"application\/ld+json\" class=\"yoast-schema-graph\">{\"@context\":\"https:\\\/\\\/schema.org\",\"@graph\":[{\"@type\":\"NewsArticle\",\"@id\":\"https:\\\/\\\/www.webdo.tn\\\/fr\\\/actualite\\\/national\\\/tunisie-abir-moussi-comparait-devant-la-justice\\\/215413\\\/#article\",\"isPartOf\":{\"@id\":\"https:\\\/\\\/www.webdo.tn\\\/fr\\\/actualite\\\/national\\\/tunisie-abir-moussi-comparait-devant-la-justice\\\/215413\\\/\"},\"author\":{\"name\":\"CL\",\"@id\":\"https:\\\/\\\/www.webdo.tn\\\/fr\\\/#\\\/schema\\\/person\\\/f35b42a42c5e2511bbd282959d6385cc\"},\"headline\":\"Tunisie : Abir Moussi compara\u00eet devant la justice\",\"datePublished\":\"2024-07-22T11:18:00+00:00\",\"dateModified\":\"2025-05-20T22:35:32+00:00\",\"mainEntityOfPage\":{\"@id\":\"https:\\\/\\\/www.webdo.tn\\\/fr\\\/actualite\\\/national\\\/tunisie-abir-moussi-comparait-devant-la-justice\\\/215413\\\/\"},\"wordCount\":330,\"commentCount\":0,\"publisher\":{\"@id\":\"https:\\\/\\\/www.webdo.tn\\\/fr\\\/#organization\"},\"image\":{\"@id\":\"https:\\\/\\\/www.webdo.tn\\\/fr\\\/actualite\\\/national\\\/tunisie-abir-moussi-comparait-devant-la-justice\\\/215413\\\/#primaryimage\"},\"thumbnailUrl\":\"https:\\\/\\\/www.webdo.tn\\\/fr\\\/wp-content\\\/uploads\\\/2024\\\/07\\\/33b170e3396343680588db4167abd70b.webp\",\"keywords\":[\"Abir Moussi\",\"d\u00e9cret 54\",\"justice\",\"PDL\",\"Tunisie\"],\"articleSection\":[\"National\"],\"inLanguage\":\"fr-FR\"},{\"@type\":\"WebPage\",\"@id\":\"https:\\\/\\\/www.webdo.tn\\\/fr\\\/actualite\\\/national\\\/tunisie-abir-moussi-comparait-devant-la-justice\\\/215413\\\/\",\"url\":\"https:\\\/\\\/www.webdo.tn\\\/fr\\\/actualite\\\/national\\\/tunisie-abir-moussi-comparait-devant-la-justice\\\/215413\\\/\",\"name\":\"Tunisie : Abir Moussi compara\u00eet devant la justice\",\"isPartOf\":{\"@id\":\"https:\\\/\\\/www.webdo.tn\\\/fr\\\/#website\"},\"primaryImageOfPage\":{\"@id\":\"https:\\\/\\\/www.webdo.tn\\\/fr\\\/actualite\\\/national\\\/tunisie-abir-moussi-comparait-devant-la-justice\\\/215413\\\/#primaryimage\"},\"image\":{\"@id\":\"https:\\\/\\\/www.webdo.tn\\\/fr\\\/actualite\\\/national\\\/tunisie-abir-moussi-comparait-devant-la-justice\\\/215413\\\/#primaryimage\"},\"thumbnailUrl\":\"https:\\\/\\\/www.webdo.tn\\\/fr\\\/wp-content\\\/uploads\\\/2024\\\/07\\\/33b170e3396343680588db4167abd70b.webp\",\"datePublished\":\"2024-07-22T11:18:00+00:00\",\"dateModified\":\"2025-05-20T22:35:32+00:00\",\"description\":\"Abir Moussi, pr\u00e9sidente du Parti destourien libre (PDL) comparait, ce lundi 22 juillet 2024 en \u00e9tat d'arrestation devant la chambre correctionnelle d'\u00e9t\u00e9 du tri...\",\"breadcrumb\":{\"@id\":\"https:\\\/\\\/www.webdo.tn\\\/fr\\\/actualite\\\/national\\\/tunisie-abir-moussi-comparait-devant-la-justice\\\/215413\\\/#breadcrumb\"},\"inLanguage\":\"fr-FR\",\"potentialAction\":[{\"@type\":\"ReadAction\",\"target\":[\"https:\\\/\\\/www.webdo.tn\\\/fr\\\/actualite\\\/national\\\/tunisie-abir-moussi-comparait-devant-la-justice\\\/215413\\\/\"]}]},{\"@type\":\"ImageObject\",\"inLanguage\":\"fr-FR\",\"@id\":\"https:\\\/\\\/www.webdo.tn\\\/fr\\\/actualite\\\/national\\\/tunisie-abir-moussi-comparait-devant-la-justice\\\/215413\\\/#primaryimage\",\"url\":\"https:\\\/\\\/www.webdo.tn\\\/fr\\\/wp-content\\\/uploads\\\/2024\\\/07\\\/33b170e3396343680588db4167abd70b.webp\",\"contentUrl\":\"https:\\\/\\\/www.webdo.tn\\\/fr\\\/wp-content\\\/uploads\\\/2024\\\/07\\\/33b170e3396343680588db4167abd70b.webp\",\"width\":750,\"height\":400,\"caption\":\"Tunisie : Abir Moussi compara\u00eet devant la justice\"},{\"@type\":\"BreadcrumbList\",\"@id\":\"https:\\\/\\\/www.webdo.tn\\\/fr\\\/actualite\\\/national\\\/tunisie-abir-moussi-comparait-devant-la-justice\\\/215413\\\/#breadcrumb\",\"itemListElement\":[{\"@type\":\"ListItem\",\"position\":1,\"name\":\"Accueil\",\"item\":\"https:\\\/\\\/www.webdo.tn\\\/fr\\\/\"},{\"@type\":\"ListItem\",\"position\":2,\"name\":\"Tunisie : Abir Moussi compara\u00eet devant la justice\"}]},{\"@type\":\"WebSite\",\"@id\":\"https:\\\/\\\/www.webdo.tn\\\/fr\\\/#website\",\"url\":\"https:\\\/\\\/www.webdo.tn\\\/fr\\\/\",\"name\":\"webdo\",\"description\":\"Tunisie - News en Tunisie et \u00e0 l&#039;international sur Webdo.tn\",\"publisher\":{\"@id\":\"https:\\\/\\\/www.webdo.tn\\\/fr\\\/#organization\"},\"potentialAction\":[{\"@type\":\"SearchAction\",\"target\":{\"@type\":\"EntryPoint\",\"urlTemplate\":\"https:\\\/\\\/www.webdo.tn\\\/fr\\\/?s={search_term_string}\"},\"query-input\":{\"@type\":\"PropertyValueSpecification\",\"valueRequired\":true,\"valueName\":\"search_term_string\"}}],\"inLanguage\":\"fr-FR\"},{\"@type\":\"Organization\",\"@id\":\"https:\\\/\\\/www.webdo.tn\\\/fr\\\/#organization\",\"name\":\"Webdo\",\"alternateName\":\"Webdo.tn\",\"url\":\"https:\\\/\\\/www.webdo.tn\\\/fr\\\/\",\"logo\":{\"@type\":\"ImageObject\",\"inLanguage\":\"fr-FR\",\"@id\":\"https:\\\/\\\/www.webdo.tn\\\/fr\\\/#\\\/schema\\\/logo\\\/image\\\/\",\"url\":\"https:\\\/\\\/www.webdo.tn\\\/fr\\\/wp-content\\\/uploads\\\/2025\\\/06\\\/Webdo-Tunisie_168377.jpg\",\"contentUrl\":\"https:\\\/\\\/www.webdo.tn\\\/fr\\\/wp-content\\\/uploads\\\/2025\\\/06\\\/Webdo-Tunisie_168377.jpg\",\"width\":301,\"height\":301,\"caption\":\"Webdo\"},\"image\":{\"@id\":\"https:\\\/\\\/www.webdo.tn\\\/fr\\\/#\\\/schema\\\/logo\\\/image\\\/\"},\"sameAs\":[\"https:\\\/\\\/www.facebook.com\\\/webdotn\",\"https:\\\/\\\/x.com\\\/webdo_tn\"],\"description\":\"Webdo est un m\u00e9dia num\u00e9rique tunisien fond\u00e9 en 2010, sp\u00e9cialis\u00e9 dans l\u2019actualit\u00e9 nationale et internationale, l\u2019\u00e9conomie, la soci\u00e9t\u00e9 et les analyses politiques. Le site s\u2019adresse \u00e0 un large public francophone et couvre l\u2019information tunisienne en temps r\u00e9el.\",\"email\":\"redac@webdo.tn\",\"legalName\":\"YNJ SARL\",\"foundingDate\":\"2010-09-06\",\"numberOfEmployees\":{\"@type\":\"QuantitativeValue\",\"minValue\":\"11\",\"maxValue\":\"50\"}},{\"@type\":\"Person\",\"@id\":\"https:\\\/\\\/www.webdo.tn\\\/fr\\\/#\\\/schema\\\/person\\\/f35b42a42c5e2511bbd282959d6385cc\",\"name\":\"CL\",\"image\":{\"@type\":\"ImageObject\",\"inLanguage\":\"fr-FR\",\"@id\":\"https:\\\/\\\/secure.gravatar.com\\\/avatar\\\/1447a49909b67aa657c488aec6512e1dd6143a480c1ecfee9b5b5cd74eb3b59e?s=96&d=mm&r=g\",\"url\":\"https:\\\/\\\/secure.gravatar.com\\\/avatar\\\/1447a49909b67aa657c488aec6512e1dd6143a480c1ecfee9b5b5cd74eb3b59e?s=96&d=mm&r=g\",\"contentUrl\":\"https:\\\/\\\/secure.gravatar.com\\\/avatar\\\/1447a49909b67aa657c488aec6512e1dd6143a480c1ecfee9b5b5cd74eb3b59e?s=96&d=mm&r=g\",\"caption\":\"CL\"},\"url\":\"https:\\\/\\\/www.webdo.tn\\\/fr\\\/actualite\\\/author\\\/cl\\\/\"}]}<\/script>\n<!-- \/ Yoast SEO Premium plugin. -->","yoast_head_json":{"title":"Tunisie : Abir Moussi compara\u00eet devant la justice","description":"Abir Moussi, pr\u00e9sidente du Parti destourien libre (PDL) comparait, ce lundi 22 juillet 2024 en \u00e9tat d'arrestation devant la chambre correctionnelle d'\u00e9t\u00e9 du tri...","canonical":"https:\/\/www.webdo.tn\/fr\/actualite\/national\/tunisie-abir-moussi-comparait-devant-la-justice\/215413\/","og_locale":"fr_FR","og_type":"article","og_title":"Tunisie : Abir Moussi compara\u00eet devant la justice","og_description":"Abir Moussi, pr\u00e9sidente du Parti destourien libre (PDL) comparait, ce lundi 22 juillet 2024 en \u00e9tat d'arrestation devant la chambre correctionnelle d'\u00e9t\u00e9 du tri...","og_url":"https:\/\/www.webdo.tn\/fr\/actualite\/national\/tunisie-abir-moussi-comparait-devant-la-justice\/215413\/","og_site_name":"webdo","article_publisher":"https:\/\/www.facebook.com\/webdotn","article_published_time":"2024-07-22T11:18:00+00:00","article_modified_time":"2025-05-20T22:35:32+00:00","og_image":[{"width":750,"height":400,"url":"https:\/\/www.webdo.tn\/fr\/wp-content\/uploads\/2024\/07\/33b170e3396343680588db4167abd70b.webp","type":"image\/webp"}],"author":"CL","twitter_card":"summary_large_image","twitter_creator":"@webdo_tn","twitter_site":"@webdo_tn","twitter_misc":{"\u00c9crit par":"CL","Dur\u00e9e de lecture estim\u00e9e":"2 minutes"},"schema":{"@context":"https:\/\/schema.org","@graph":[{"@type":"NewsArticle","@id":"https:\/\/www.webdo.tn\/fr\/actualite\/national\/tunisie-abir-moussi-comparait-devant-la-justice\/215413\/#article","isPartOf":{"@id":"https:\/\/www.webdo.tn\/fr\/actualite\/national\/tunisie-abir-moussi-comparait-devant-la-justice\/215413\/"},"author":{"name":"CL","@id":"https:\/\/www.webdo.tn\/fr\/#\/schema\/person\/f35b42a42c5e2511bbd282959d6385cc"},"headline":"Tunisie : Abir Moussi compara\u00eet devant la justice","datePublished":"2024-07-22T11:18:00+00:00","dateModified":"2025-05-20T22:35:32+00:00","mainEntityOfPage":{"@id":"https:\/\/www.webdo.tn\/fr\/actualite\/national\/tunisie-abir-moussi-comparait-devant-la-justice\/215413\/"},"wordCount":330,"commentCount":0,"publisher":{"@id":"https:\/\/www.webdo.tn\/fr\/#organization"},"image":{"@id":"https:\/\/www.webdo.tn\/fr\/actualite\/national\/tunisie-abir-moussi-comparait-devant-la-justice\/215413\/#primaryimage"},"thumbnailUrl":"https:\/\/www.webdo.tn\/fr\/wp-content\/uploads\/2024\/07\/33b170e3396343680588db4167abd70b.webp","keywords":["Abir Moussi","d\u00e9cret 54","justice","PDL","Tunisie"],"articleSection":["National"],"inLanguage":"fr-FR"},{"@type":"WebPage","@id":"https:\/\/www.webdo.tn\/fr\/actualite\/national\/tunisie-abir-moussi-comparait-devant-la-justice\/215413\/","url":"https:\/\/www.webdo.tn\/fr\/actualite\/national\/tunisie-abir-moussi-comparait-devant-la-justice\/215413\/","name":"Tunisie : Abir Moussi compara\u00eet devant la justice","isPartOf":{"@id":"https:\/\/www.webdo.tn\/fr\/#website"},"primaryImageOfPage":{"@id":"https:\/\/www.webdo.tn\/fr\/actualite\/national\/tunisie-abir-moussi-comparait-devant-la-justice\/215413\/#primaryimage"},"image":{"@id":"https:\/\/www.webdo.tn\/fr\/actualite\/national\/tunisie-abir-moussi-comparait-devant-la-justice\/215413\/#primaryimage"},"thumbnailUrl":"https:\/\/www.webdo.tn\/fr\/wp-content\/uploads\/2024\/07\/33b170e3396343680588db4167abd70b.webp","datePublished":"2024-07-22T11:18:00+00:00","dateModified":"2025-05-20T22:35:32+00:00","description":"Abir Moussi, pr\u00e9sidente du Parti destourien libre (PDL) comparait, ce lundi 22 juillet 2024 en \u00e9tat d'arrestation devant la chambre correctionnelle d'\u00e9t\u00e9 du tri...","breadcrumb":{"@id":"https:\/\/www.webdo.tn\/fr\/actualite\/national\/tunisie-abir-moussi-comparait-devant-la-justice\/215413\/#breadcrumb"},"inLanguage":"fr-FR","potentialAction":[{"@type":"ReadAction","target":["https:\/\/www.webdo.tn\/fr\/actualite\/national\/tunisie-abir-moussi-comparait-devant-la-justice\/215413\/"]}]},{"@type":"ImageObject","inLanguage":"fr-FR","@id":"https:\/\/www.webdo.tn\/fr\/actualite\/national\/tunisie-abir-moussi-comparait-devant-la-justice\/215413\/#primaryimage","url":"https:\/\/www.webdo.tn\/fr\/wp-content\/uploads\/2024\/07\/33b170e3396343680588db4167abd70b.webp","contentUrl":"https:\/\/www.webdo.tn\/fr\/wp-content\/uploads\/2024\/07\/33b170e3396343680588db4167abd70b.webp","width":750,"height":400,"caption":"Tunisie : Abir Moussi compara\u00eet devant la justice"},{"@type":"BreadcrumbList","@id":"https:\/\/www.webdo.tn\/fr\/actualite\/national\/tunisie-abir-moussi-comparait-devant-la-justice\/215413\/#breadcrumb","itemListElement":[{"@type":"ListItem","position":1,"name":"Accueil","item":"https:\/\/www.webdo.tn\/fr\/"},{"@type":"ListItem","position":2,"name":"Tunisie : Abir Moussi compara\u00eet devant la justice"}]},{"@type":"WebSite","@id":"https:\/\/www.webdo.tn\/fr\/#website","url":"https:\/\/www.webdo.tn\/fr\/","name":"webdo","description":"Tunisie - News en Tunisie et \u00e0 l&#039;international sur Webdo.tn","publisher":{"@id":"https:\/\/www.webdo.tn\/fr\/#organization"},"potentialAction":[{"@type":"SearchAction","target":{"@type":"EntryPoint","urlTemplate":"https:\/\/www.webdo.tn\/fr\/?s={search_term_string}"},"query-input":{"@type":"PropertyValueSpecification","valueRequired":true,"valueName":"search_term_string"}}],"inLanguage":"fr-FR"},{"@type":"Organization","@id":"https:\/\/www.webdo.tn\/fr\/#organization","name":"Webdo","alternateName":"Webdo.tn","url":"https:\/\/www.webdo.tn\/fr\/","logo":{"@type":"ImageObject","inLanguage":"fr-FR","@id":"https:\/\/www.webdo.tn\/fr\/#\/schema\/logo\/image\/","url":"https:\/\/www.webdo.tn\/fr\/wp-content\/uploads\/2025\/06\/Webdo-Tunisie_168377.jpg","contentUrl":"https:\/\/www.webdo.tn\/fr\/wp-content\/uploads\/2025\/06\/Webdo-Tunisie_168377.jpg","width":301,"height":301,"caption":"Webdo"},"image":{"@id":"https:\/\/www.webdo.tn\/fr\/#\/schema\/logo\/image\/"},"sameAs":["https:\/\/www.facebook.com\/webdotn","https:\/\/x.com\/webdo_tn"],"description":"Webdo est un m\u00e9dia num\u00e9rique tunisien fond\u00e9 en 2010, sp\u00e9cialis\u00e9 dans l\u2019actualit\u00e9 nationale et internationale, l\u2019\u00e9conomie, la soci\u00e9t\u00e9 et les analyses politiques. Le site s\u2019adresse \u00e0 un large public francophone et couvre l\u2019information tunisienne en temps r\u00e9el.","email":"redac@webdo.tn","legalName":"YNJ SARL","foundingDate":"2010-09-06","numberOfEmployees":{"@type":"QuantitativeValue","minValue":"11","maxValue":"50"}},{"@type":"Person","@id":"https:\/\/www.webdo.tn\/fr\/#\/schema\/person\/f35b42a42c5e2511bbd282959d6385cc","name":"CL","image":{"@type":"ImageObject","inLanguage":"fr-FR","@id":"https:\/\/secure.gravatar.com\/avatar\/1447a49909b67aa657c488aec6512e1dd6143a480c1ecfee9b5b5cd74eb3b59e?s=96&d=mm&r=g","url":"https:\/\/secure.gravatar.com\/avatar\/1447a49909b67aa657c488aec6512e1dd6143a480c1ecfee9b5b5cd74eb3b59e?s=96&d=mm&r=g","contentUrl":"https:\/\/secure.gravatar.com\/avatar\/1447a49909b67aa657c488aec6512e1dd6143a480c1ecfee9b5b5cd74eb3b59e?s=96&d=mm&r=g","caption":"CL"},"url":"https:\/\/www.webdo.tn\/fr\/actualite\/author\/cl\/"}]}},"_links":{"self":[{"href":"https:\/\/www.webdo.tn\/fr\/wp-json\/wp\/v2\/posts\/215413","targetHints":{"allow":["GET"]}}],"collection":[{"href":"https:\/\/www.webdo.tn\/fr\/wp-json\/wp\/v2\/posts"}],"about":[{"href":"https:\/\/www.webdo.tn\/fr\/wp-json\/wp\/v2\/types\/post"}],"author":[{"embeddable":true,"href":"https:\/\/www.webdo.tn\/fr\/wp-json\/wp\/v2\/users\/3175"}],"replies":[{"embeddable":true,"href":"https:\/\/www.webdo.tn\/fr\/wp-json\/wp\/v2\/comments?post=215413"}],"version-history":[{"count":0,"href":"https:\/\/www.webdo.tn\/fr\/wp-json\/wp\/v2\/posts\/215413\/revisions"}],"wp:featuredmedia":[{"embeddable":true,"href":"https:\/\/www.webdo.tn\/fr\/wp-json\/wp\/v2\/media\/246950"}],"wp:attachment":[{"href":"https:\/\/www.webdo.tn\/fr\/wp-json\/wp\/v2\/media?parent=215413"}],"wp:term":[{"taxonomy":"category","embeddable":true,"href":"https:\/\/www.webdo.tn\/fr\/wp-json\/wp\/v2\/categories?post=215413"},{"taxonomy":"post_tag","embeddable":true,"href":"https:\/\/www.webdo.tn\/fr\/wp-json\/wp\/v2\/tags?post=215413"}],"curies":[{"name":"wp","href":"https:\/\/api.w.org\/{rel}","templated":true}]}}