{"id":215409,"date":"2024-07-22T10:01:00","date_gmt":"2024-07-22T10:01:00","guid":{"rendered":"https:\/\/www.webdo.tn\/fr\/blog\/jo-de-paris-un-pavillon-tunisien-a-la-station-afrique-pour-promouvoir-le-tourisme-et-la-culture\/215409\/"},"modified":"2025-05-20T21:50:04","modified_gmt":"2025-05-20T21:50:04","slug":"jo-de-paris-un-pavillon-tunisien-a-la-station-afrique-pour-promouvoir-le-tourisme-et-la-culture","status":"publish","type":"post","link":"https:\/\/www.webdo.tn\/fr\/actualite\/national\/jo-de-paris-un-pavillon-tunisien-a-la-station-afrique-pour-promouvoir-le-tourisme-et-la-culture\/215409\/","title":{"rendered":"JO de Paris : Un pavillon tunisien \u00e0 la \u00ab\u00a0Station Afrique\u00a0\u00bb pour promouvoir le tourisme et la culture"},"content":{"rendered":"<p>Les jeux olympiques de Paris 2024 d\u00e9marrent dans quatre jours et la participation de la Tunisie \u00e0 cette joute ne se limitera pas seulement au volet sportif. La Tunisie aura son stand \u00e0 la \u00ab\u00a0Station Afrique\u00a0\u00bb pour promouvoir le tourisme et la culture, tunisiennes.<\/p>\n<p>\t\t\t\t\t\t\t\t\tLa \u00ab\u00a0Station Afrique\u00a0\u00bb a \u00e9t\u00e9 officiellement inaugur\u00e9e samedi 20 juillet \u00e0 l\u2019initiative de la municipalit\u00e9 de l\u2019\u00eele Saint-Denis. Les Jeux Olympiques sont ainsi officiellement lanc\u00e9s surtout pour la diaspora africaine.<\/p>\n<p>Dans ce contexte, l\u2019Office national du tourisme tunisien (ONTT), avec le soutien de l\u2019ambassade de Tunisie en France, a mis en place un programme diversifi\u00e9 et riche pour promouvoir la culture et le tourisme tunisiens, rapporte l\u2019agence TAP.<\/p>\n<p>La Tunisie va participer \u00e0 plusieurs \u00e9v\u00e8nements dans ce village culturel et sportif via un stand visant \u00e0 mettre en valeur la richesse du patrimoine culturel et artisanal tunisiens en plus d\u2019ateliers interactifs.<\/p>\n<p>La \u00ab\u00a0Journ\u00e9e de la Tunisie\u00a0\u00bb se tiendra le 29 juillet 2024 et sera marqu\u00e9e par l\u2019organisation de spectacles de musique, de chant et de danse par de jeunes talents tunisiens.<\/p>\n","protected":false},"excerpt":{"rendered":"<p>La  Station Afrique  a \u00e9t\u00e9 officiellement inaugur\u00e9e samedi 20 juillet \u00e0 l\u2019initiative de la municipalit\u00e9 de l\u2019\u00eele Saint-Denis. Les Jeux Olympiques sont ainsi off&#8230;<\/p>\n","protected":false},"author":3162,"featured_media":246948,"comment_status":"open","ping_status":"closed","sticky":false,"template":"","format":"standard","meta":{"footnotes":""},"categories":[44],"tags":[5881,6106,5270,6107],"class_list":["post-215409","post","type-post","status-publish","format-standard","has-post-thumbnail","hentry","category-national","tag-jeux-olympiques","tag-jo","tag-paris","tag-station-afrique"],"yoast_head":"<!-- This site is optimized with the Yoast SEO Premium plugin v27.5 (Yoast SEO v27.5) - https:\/\/yoast.com\/product\/yoast-seo-premium-wordpress\/ -->\n<title>JO de Paris : Un pavillon tunisien \u00e0 la Station Afrique pour promouvoir le tourisme et la culture<\/title>\n<meta name=\"description\" content=\"La Station Afrique a \u00e9t\u00e9 officiellement inaugur\u00e9e samedi 20 juillet \u00e0 l\u2019initiative de la municipalit\u00e9 de l\u2019\u00eele Saint-Denis. Les Jeux Olympiques sont ainsi off...\" \/>\n<link rel=\"canonical\" href=\"https:\/\/www.webdo.tn\/fr\/actualite\/national\/jo-de-paris-un-pavillon-tunisien-a-la-station-afrique-pour-promouvoir-le-tourisme-et-la-culture\/215409\/\" \/>\n<meta property=\"og:locale\" content=\"fr_FR\" \/>\n<meta property=\"og:type\" content=\"article\" \/>\n<meta property=\"og:title\" content=\"JO de Paris : Un pavillon tunisien \u00e0 la &quot;Station Afrique&quot; pour promouvoir le tourisme et la culture\" \/>\n<meta property=\"og:description\" content=\"La Station Afrique a \u00e9t\u00e9 officiellement inaugur\u00e9e samedi 20 juillet \u00e0 l\u2019initiative de la municipalit\u00e9 de l\u2019\u00eele Saint-Denis. Les Jeux Olympiques sont ainsi off...\" \/>\n<meta property=\"og:url\" content=\"https:\/\/www.webdo.tn\/fr\/actualite\/national\/jo-de-paris-un-pavillon-tunisien-a-la-station-afrique-pour-promouvoir-le-tourisme-et-la-culture\/215409\/\" \/>\n<meta property=\"og:site_name\" content=\"webdo\" \/>\n<meta property=\"article:publisher\" content=\"https:\/\/www.facebook.com\/webdotn\" \/>\n<meta property=\"article:published_time\" content=\"2024-07-22T10:01:00+00:00\" \/>\n<meta property=\"article:modified_time\" content=\"2025-05-20T21:50:04+00:00\" \/>\n<meta property=\"og:image\" content=\"https:\/\/www.webdo.tn\/fr\/wp-content\/uploads\/2024\/07\/7514e1f90a7bb8f9fb5a16830a61d4c9.webp\" \/>\n\t<meta property=\"og:image:width\" content=\"750\" \/>\n\t<meta property=\"og:image:height\" content=\"400\" \/>\n\t<meta property=\"og:image:type\" content=\"image\/webp\" \/>\n<meta name=\"author\" content=\"MC\" \/>\n<meta name=\"twitter:card\" content=\"summary_large_image\" \/>\n<meta name=\"twitter:creator\" content=\"@webdo_tn\" \/>\n<meta name=\"twitter:site\" content=\"@webdo_tn\" \/>\n<meta name=\"twitter:label1\" content=\"\u00c9crit par\" \/>\n\t<meta name=\"twitter:data1\" content=\"MC\" \/>\n\t<meta name=\"twitter:label2\" content=\"Dur\u00e9e de lecture estim\u00e9e\" \/>\n\t<meta name=\"twitter:data2\" content=\"1 minute\" \/>\n<script type=\"application\/ld+json\" class=\"yoast-schema-graph\">{\"@context\":\"https:\\\/\\\/schema.org\",\"@graph\":[{\"@type\":\"NewsArticle\",\"@id\":\"https:\\\/\\\/www.webdo.tn\\\/fr\\\/actualite\\\/national\\\/jo-de-paris-un-pavillon-tunisien-a-la-station-afrique-pour-promouvoir-le-tourisme-et-la-culture\\\/215409\\\/#article\",\"isPartOf\":{\"@id\":\"https:\\\/\\\/www.webdo.tn\\\/fr\\\/actualite\\\/national\\\/jo-de-paris-un-pavillon-tunisien-a-la-station-afrique-pour-promouvoir-le-tourisme-et-la-culture\\\/215409\\\/\"},\"author\":{\"name\":\"MC\",\"@id\":\"https:\\\/\\\/www.webdo.tn\\\/fr\\\/#\\\/schema\\\/person\\\/2c4929cbf5a809e3bd38617c6ce150f6\"},\"headline\":\"JO de Paris : Un pavillon tunisien \u00e0 la \u00ab\u00a0Station Afrique\u00a0\u00bb pour promouvoir le tourisme et la culture\",\"datePublished\":\"2024-07-22T10:01:00+00:00\",\"dateModified\":\"2025-05-20T21:50:04+00:00\",\"mainEntityOfPage\":{\"@id\":\"https:\\\/\\\/www.webdo.tn\\\/fr\\\/actualite\\\/national\\\/jo-de-paris-un-pavillon-tunisien-a-la-station-afrique-pour-promouvoir-le-tourisme-et-la-culture\\\/215409\\\/\"},\"wordCount\":195,\"commentCount\":0,\"publisher\":{\"@id\":\"https:\\\/\\\/www.webdo.tn\\\/fr\\\/#organization\"},\"image\":{\"@id\":\"https:\\\/\\\/www.webdo.tn\\\/fr\\\/actualite\\\/national\\\/jo-de-paris-un-pavillon-tunisien-a-la-station-afrique-pour-promouvoir-le-tourisme-et-la-culture\\\/215409\\\/#primaryimage\"},\"thumbnailUrl\":\"https:\\\/\\\/www.webdo.tn\\\/fr\\\/wp-content\\\/uploads\\\/2024\\\/07\\\/7514e1f90a7bb8f9fb5a16830a61d4c9.webp\",\"keywords\":[\"jeux olympiques\",\"JO\",\"Paris\",\"station afrique\"],\"articleSection\":[\"National\"],\"inLanguage\":\"fr-FR\"},{\"@type\":\"WebPage\",\"@id\":\"https:\\\/\\\/www.webdo.tn\\\/fr\\\/actualite\\\/national\\\/jo-de-paris-un-pavillon-tunisien-a-la-station-afrique-pour-promouvoir-le-tourisme-et-la-culture\\\/215409\\\/\",\"url\":\"https:\\\/\\\/www.webdo.tn\\\/fr\\\/actualite\\\/national\\\/jo-de-paris-un-pavillon-tunisien-a-la-station-afrique-pour-promouvoir-le-tourisme-et-la-culture\\\/215409\\\/\",\"name\":\"JO de Paris : Un pavillon tunisien \u00e0 la Station Afrique pour promouvoir le tourisme et la culture\",\"isPartOf\":{\"@id\":\"https:\\\/\\\/www.webdo.tn\\\/fr\\\/#website\"},\"primaryImageOfPage\":{\"@id\":\"https:\\\/\\\/www.webdo.tn\\\/fr\\\/actualite\\\/national\\\/jo-de-paris-un-pavillon-tunisien-a-la-station-afrique-pour-promouvoir-le-tourisme-et-la-culture\\\/215409\\\/#primaryimage\"},\"image\":{\"@id\":\"https:\\\/\\\/www.webdo.tn\\\/fr\\\/actualite\\\/national\\\/jo-de-paris-un-pavillon-tunisien-a-la-station-afrique-pour-promouvoir-le-tourisme-et-la-culture\\\/215409\\\/#primaryimage\"},\"thumbnailUrl\":\"https:\\\/\\\/www.webdo.tn\\\/fr\\\/wp-content\\\/uploads\\\/2024\\\/07\\\/7514e1f90a7bb8f9fb5a16830a61d4c9.webp\",\"datePublished\":\"2024-07-22T10:01:00+00:00\",\"dateModified\":\"2025-05-20T21:50:04+00:00\",\"description\":\"La Station Afrique a \u00e9t\u00e9 officiellement inaugur\u00e9e samedi 20 juillet \u00e0 l\u2019initiative de la municipalit\u00e9 de l\u2019\u00eele Saint-Denis. Les Jeux Olympiques sont ainsi off...\",\"breadcrumb\":{\"@id\":\"https:\\\/\\\/www.webdo.tn\\\/fr\\\/actualite\\\/national\\\/jo-de-paris-un-pavillon-tunisien-a-la-station-afrique-pour-promouvoir-le-tourisme-et-la-culture\\\/215409\\\/#breadcrumb\"},\"inLanguage\":\"fr-FR\",\"potentialAction\":[{\"@type\":\"ReadAction\",\"target\":[\"https:\\\/\\\/www.webdo.tn\\\/fr\\\/actualite\\\/national\\\/jo-de-paris-un-pavillon-tunisien-a-la-station-afrique-pour-promouvoir-le-tourisme-et-la-culture\\\/215409\\\/\"]}]},{\"@type\":\"ImageObject\",\"inLanguage\":\"fr-FR\",\"@id\":\"https:\\\/\\\/www.webdo.tn\\\/fr\\\/actualite\\\/national\\\/jo-de-paris-un-pavillon-tunisien-a-la-station-afrique-pour-promouvoir-le-tourisme-et-la-culture\\\/215409\\\/#primaryimage\",\"url\":\"https:\\\/\\\/www.webdo.tn\\\/fr\\\/wp-content\\\/uploads\\\/2024\\\/07\\\/7514e1f90a7bb8f9fb5a16830a61d4c9.webp\",\"contentUrl\":\"https:\\\/\\\/www.webdo.tn\\\/fr\\\/wp-content\\\/uploads\\\/2024\\\/07\\\/7514e1f90a7bb8f9fb5a16830a61d4c9.webp\",\"width\":750,\"height\":400,\"caption\":\"JO de Paris : Un pavillon tunisien \u00e0 la \\\"Station Afrique\\\" pour promouvoir le tourisme et la culture\"},{\"@type\":\"BreadcrumbList\",\"@id\":\"https:\\\/\\\/www.webdo.tn\\\/fr\\\/actualite\\\/national\\\/jo-de-paris-un-pavillon-tunisien-a-la-station-afrique-pour-promouvoir-le-tourisme-et-la-culture\\\/215409\\\/#breadcrumb\",\"itemListElement\":[{\"@type\":\"ListItem\",\"position\":1,\"name\":\"Accueil\",\"item\":\"https:\\\/\\\/www.webdo.tn\\\/fr\\\/\"},{\"@type\":\"ListItem\",\"position\":2,\"name\":\"JO de Paris : Un pavillon tunisien \u00e0 la &#8220;Station Afrique&#8221; pour promouvoir le tourisme et la culture\"}]},{\"@type\":\"WebSite\",\"@id\":\"https:\\\/\\\/www.webdo.tn\\\/fr\\\/#website\",\"url\":\"https:\\\/\\\/www.webdo.tn\\\/fr\\\/\",\"name\":\"webdo\",\"description\":\"Tunisie - News en Tunisie et \u00e0 l&#039;international sur Webdo.tn\",\"publisher\":{\"@id\":\"https:\\\/\\\/www.webdo.tn\\\/fr\\\/#organization\"},\"potentialAction\":[{\"@type\":\"SearchAction\",\"target\":{\"@type\":\"EntryPoint\",\"urlTemplate\":\"https:\\\/\\\/www.webdo.tn\\\/fr\\\/?s={search_term_string}\"},\"query-input\":{\"@type\":\"PropertyValueSpecification\",\"valueRequired\":true,\"valueName\":\"search_term_string\"}}],\"inLanguage\":\"fr-FR\"},{\"@type\":\"Organization\",\"@id\":\"https:\\\/\\\/www.webdo.tn\\\/fr\\\/#organization\",\"name\":\"Webdo\",\"alternateName\":\"Webdo.tn\",\"url\":\"https:\\\/\\\/www.webdo.tn\\\/fr\\\/\",\"logo\":{\"@type\":\"ImageObject\",\"inLanguage\":\"fr-FR\",\"@id\":\"https:\\\/\\\/www.webdo.tn\\\/fr\\\/#\\\/schema\\\/logo\\\/image\\\/\",\"url\":\"https:\\\/\\\/www.webdo.tn\\\/fr\\\/wp-content\\\/uploads\\\/2025\\\/06\\\/Webdo-Tunisie_168377.jpg\",\"contentUrl\":\"https:\\\/\\\/www.webdo.tn\\\/fr\\\/wp-content\\\/uploads\\\/2025\\\/06\\\/Webdo-Tunisie_168377.jpg\",\"width\":301,\"height\":301,\"caption\":\"Webdo\"},\"image\":{\"@id\":\"https:\\\/\\\/www.webdo.tn\\\/fr\\\/#\\\/schema\\\/logo\\\/image\\\/\"},\"sameAs\":[\"https:\\\/\\\/www.facebook.com\\\/webdotn\",\"https:\\\/\\\/x.com\\\/webdo_tn\"],\"description\":\"Webdo est un m\u00e9dia num\u00e9rique tunisien fond\u00e9 en 2010, sp\u00e9cialis\u00e9 dans l\u2019actualit\u00e9 nationale et internationale, l\u2019\u00e9conomie, la soci\u00e9t\u00e9 et les analyses politiques. Le site s\u2019adresse \u00e0 un large public francophone et couvre l\u2019information tunisienne en temps r\u00e9el.\",\"email\":\"redac@webdo.tn\",\"legalName\":\"YNJ SARL\",\"foundingDate\":\"2010-09-06\",\"numberOfEmployees\":{\"@type\":\"QuantitativeValue\",\"minValue\":\"11\",\"maxValue\":\"50\"}},{\"@type\":\"Person\",\"@id\":\"https:\\\/\\\/www.webdo.tn\\\/fr\\\/#\\\/schema\\\/person\\\/2c4929cbf5a809e3bd38617c6ce150f6\",\"name\":\"MC\",\"image\":{\"@type\":\"ImageObject\",\"inLanguage\":\"fr-FR\",\"@id\":\"https:\\\/\\\/secure.gravatar.com\\\/avatar\\\/a545bbb6f84efdd5553dbbc2895e3ca8f1d12c5215e00a041c9670b54aa9b18a?s=96&d=mm&r=g\",\"url\":\"https:\\\/\\\/secure.gravatar.com\\\/avatar\\\/a545bbb6f84efdd5553dbbc2895e3ca8f1d12c5215e00a041c9670b54aa9b18a?s=96&d=mm&r=g\",\"contentUrl\":\"https:\\\/\\\/secure.gravatar.com\\\/avatar\\\/a545bbb6f84efdd5553dbbc2895e3ca8f1d12c5215e00a041c9670b54aa9b18a?s=96&d=mm&r=g\",\"caption\":\"MC\"},\"url\":\"https:\\\/\\\/www.webdo.tn\\\/fr\\\/actualite\\\/author\\\/mc\\\/\"}]}<\/script>\n<!-- \/ Yoast SEO Premium plugin. -->","yoast_head_json":{"title":"JO de Paris : Un pavillon tunisien \u00e0 la Station Afrique pour promouvoir le tourisme et la culture","description":"La Station Afrique a \u00e9t\u00e9 officiellement inaugur\u00e9e samedi 20 juillet \u00e0 l\u2019initiative de la municipalit\u00e9 de l\u2019\u00eele Saint-Denis. Les Jeux Olympiques sont ainsi off...","canonical":"https:\/\/www.webdo.tn\/fr\/actualite\/national\/jo-de-paris-un-pavillon-tunisien-a-la-station-afrique-pour-promouvoir-le-tourisme-et-la-culture\/215409\/","og_locale":"fr_FR","og_type":"article","og_title":"JO de Paris : Un pavillon tunisien \u00e0 la \"Station Afrique\" pour promouvoir le tourisme et la culture","og_description":"La Station Afrique a \u00e9t\u00e9 officiellement inaugur\u00e9e samedi 20 juillet \u00e0 l\u2019initiative de la municipalit\u00e9 de l\u2019\u00eele Saint-Denis. Les Jeux Olympiques sont ainsi off...","og_url":"https:\/\/www.webdo.tn\/fr\/actualite\/national\/jo-de-paris-un-pavillon-tunisien-a-la-station-afrique-pour-promouvoir-le-tourisme-et-la-culture\/215409\/","og_site_name":"webdo","article_publisher":"https:\/\/www.facebook.com\/webdotn","article_published_time":"2024-07-22T10:01:00+00:00","article_modified_time":"2025-05-20T21:50:04+00:00","og_image":[{"width":750,"height":400,"url":"https:\/\/www.webdo.tn\/fr\/wp-content\/uploads\/2024\/07\/7514e1f90a7bb8f9fb5a16830a61d4c9.webp","type":"image\/webp"}],"author":"MC","twitter_card":"summary_large_image","twitter_creator":"@webdo_tn","twitter_site":"@webdo_tn","twitter_misc":{"\u00c9crit par":"MC","Dur\u00e9e de lecture estim\u00e9e":"1 minute"},"schema":{"@context":"https:\/\/schema.org","@graph":[{"@type":"NewsArticle","@id":"https:\/\/www.webdo.tn\/fr\/actualite\/national\/jo-de-paris-un-pavillon-tunisien-a-la-station-afrique-pour-promouvoir-le-tourisme-et-la-culture\/215409\/#article","isPartOf":{"@id":"https:\/\/www.webdo.tn\/fr\/actualite\/national\/jo-de-paris-un-pavillon-tunisien-a-la-station-afrique-pour-promouvoir-le-tourisme-et-la-culture\/215409\/"},"author":{"name":"MC","@id":"https:\/\/www.webdo.tn\/fr\/#\/schema\/person\/2c4929cbf5a809e3bd38617c6ce150f6"},"headline":"JO de Paris : Un pavillon tunisien \u00e0 la \u00ab\u00a0Station Afrique\u00a0\u00bb pour promouvoir le tourisme et la culture","datePublished":"2024-07-22T10:01:00+00:00","dateModified":"2025-05-20T21:50:04+00:00","mainEntityOfPage":{"@id":"https:\/\/www.webdo.tn\/fr\/actualite\/national\/jo-de-paris-un-pavillon-tunisien-a-la-station-afrique-pour-promouvoir-le-tourisme-et-la-culture\/215409\/"},"wordCount":195,"commentCount":0,"publisher":{"@id":"https:\/\/www.webdo.tn\/fr\/#organization"},"image":{"@id":"https:\/\/www.webdo.tn\/fr\/actualite\/national\/jo-de-paris-un-pavillon-tunisien-a-la-station-afrique-pour-promouvoir-le-tourisme-et-la-culture\/215409\/#primaryimage"},"thumbnailUrl":"https:\/\/www.webdo.tn\/fr\/wp-content\/uploads\/2024\/07\/7514e1f90a7bb8f9fb5a16830a61d4c9.webp","keywords":["jeux olympiques","JO","Paris","station afrique"],"articleSection":["National"],"inLanguage":"fr-FR"},{"@type":"WebPage","@id":"https:\/\/www.webdo.tn\/fr\/actualite\/national\/jo-de-paris-un-pavillon-tunisien-a-la-station-afrique-pour-promouvoir-le-tourisme-et-la-culture\/215409\/","url":"https:\/\/www.webdo.tn\/fr\/actualite\/national\/jo-de-paris-un-pavillon-tunisien-a-la-station-afrique-pour-promouvoir-le-tourisme-et-la-culture\/215409\/","name":"JO de Paris : Un pavillon tunisien \u00e0 la Station Afrique pour promouvoir le tourisme et la culture","isPartOf":{"@id":"https:\/\/www.webdo.tn\/fr\/#website"},"primaryImageOfPage":{"@id":"https:\/\/www.webdo.tn\/fr\/actualite\/national\/jo-de-paris-un-pavillon-tunisien-a-la-station-afrique-pour-promouvoir-le-tourisme-et-la-culture\/215409\/#primaryimage"},"image":{"@id":"https:\/\/www.webdo.tn\/fr\/actualite\/national\/jo-de-paris-un-pavillon-tunisien-a-la-station-afrique-pour-promouvoir-le-tourisme-et-la-culture\/215409\/#primaryimage"},"thumbnailUrl":"https:\/\/www.webdo.tn\/fr\/wp-content\/uploads\/2024\/07\/7514e1f90a7bb8f9fb5a16830a61d4c9.webp","datePublished":"2024-07-22T10:01:00+00:00","dateModified":"2025-05-20T21:50:04+00:00","description":"La Station Afrique a \u00e9t\u00e9 officiellement inaugur\u00e9e samedi 20 juillet \u00e0 l\u2019initiative de la municipalit\u00e9 de l\u2019\u00eele Saint-Denis. Les Jeux Olympiques sont ainsi off...","breadcrumb":{"@id":"https:\/\/www.webdo.tn\/fr\/actualite\/national\/jo-de-paris-un-pavillon-tunisien-a-la-station-afrique-pour-promouvoir-le-tourisme-et-la-culture\/215409\/#breadcrumb"},"inLanguage":"fr-FR","potentialAction":[{"@type":"ReadAction","target":["https:\/\/www.webdo.tn\/fr\/actualite\/national\/jo-de-paris-un-pavillon-tunisien-a-la-station-afrique-pour-promouvoir-le-tourisme-et-la-culture\/215409\/"]}]},{"@type":"ImageObject","inLanguage":"fr-FR","@id":"https:\/\/www.webdo.tn\/fr\/actualite\/national\/jo-de-paris-un-pavillon-tunisien-a-la-station-afrique-pour-promouvoir-le-tourisme-et-la-culture\/215409\/#primaryimage","url":"https:\/\/www.webdo.tn\/fr\/wp-content\/uploads\/2024\/07\/7514e1f90a7bb8f9fb5a16830a61d4c9.webp","contentUrl":"https:\/\/www.webdo.tn\/fr\/wp-content\/uploads\/2024\/07\/7514e1f90a7bb8f9fb5a16830a61d4c9.webp","width":750,"height":400,"caption":"JO de Paris : Un pavillon tunisien \u00e0 la \"Station Afrique\" pour promouvoir le tourisme et la culture"},{"@type":"BreadcrumbList","@id":"https:\/\/www.webdo.tn\/fr\/actualite\/national\/jo-de-paris-un-pavillon-tunisien-a-la-station-afrique-pour-promouvoir-le-tourisme-et-la-culture\/215409\/#breadcrumb","itemListElement":[{"@type":"ListItem","position":1,"name":"Accueil","item":"https:\/\/www.webdo.tn\/fr\/"},{"@type":"ListItem","position":2,"name":"JO de Paris : Un pavillon tunisien \u00e0 la &#8220;Station Afrique&#8221; pour promouvoir le tourisme et la culture"}]},{"@type":"WebSite","@id":"https:\/\/www.webdo.tn\/fr\/#website","url":"https:\/\/www.webdo.tn\/fr\/","name":"webdo","description":"Tunisie - News en Tunisie et \u00e0 l&#039;international sur Webdo.tn","publisher":{"@id":"https:\/\/www.webdo.tn\/fr\/#organization"},"potentialAction":[{"@type":"SearchAction","target":{"@type":"EntryPoint","urlTemplate":"https:\/\/www.webdo.tn\/fr\/?s={search_term_string}"},"query-input":{"@type":"PropertyValueSpecification","valueRequired":true,"valueName":"search_term_string"}}],"inLanguage":"fr-FR"},{"@type":"Organization","@id":"https:\/\/www.webdo.tn\/fr\/#organization","name":"Webdo","alternateName":"Webdo.tn","url":"https:\/\/www.webdo.tn\/fr\/","logo":{"@type":"ImageObject","inLanguage":"fr-FR","@id":"https:\/\/www.webdo.tn\/fr\/#\/schema\/logo\/image\/","url":"https:\/\/www.webdo.tn\/fr\/wp-content\/uploads\/2025\/06\/Webdo-Tunisie_168377.jpg","contentUrl":"https:\/\/www.webdo.tn\/fr\/wp-content\/uploads\/2025\/06\/Webdo-Tunisie_168377.jpg","width":301,"height":301,"caption":"Webdo"},"image":{"@id":"https:\/\/www.webdo.tn\/fr\/#\/schema\/logo\/image\/"},"sameAs":["https:\/\/www.facebook.com\/webdotn","https:\/\/x.com\/webdo_tn"],"description":"Webdo est un m\u00e9dia num\u00e9rique tunisien fond\u00e9 en 2010, sp\u00e9cialis\u00e9 dans l\u2019actualit\u00e9 nationale et internationale, l\u2019\u00e9conomie, la soci\u00e9t\u00e9 et les analyses politiques. Le site s\u2019adresse \u00e0 un large public francophone et couvre l\u2019information tunisienne en temps r\u00e9el.","email":"redac@webdo.tn","legalName":"YNJ SARL","foundingDate":"2010-09-06","numberOfEmployees":{"@type":"QuantitativeValue","minValue":"11","maxValue":"50"}},{"@type":"Person","@id":"https:\/\/www.webdo.tn\/fr\/#\/schema\/person\/2c4929cbf5a809e3bd38617c6ce150f6","name":"MC","image":{"@type":"ImageObject","inLanguage":"fr-FR","@id":"https:\/\/secure.gravatar.com\/avatar\/a545bbb6f84efdd5553dbbc2895e3ca8f1d12c5215e00a041c9670b54aa9b18a?s=96&d=mm&r=g","url":"https:\/\/secure.gravatar.com\/avatar\/a545bbb6f84efdd5553dbbc2895e3ca8f1d12c5215e00a041c9670b54aa9b18a?s=96&d=mm&r=g","contentUrl":"https:\/\/secure.gravatar.com\/avatar\/a545bbb6f84efdd5553dbbc2895e3ca8f1d12c5215e00a041c9670b54aa9b18a?s=96&d=mm&r=g","caption":"MC"},"url":"https:\/\/www.webdo.tn\/fr\/actualite\/author\/mc\/"}]}},"_links":{"self":[{"href":"https:\/\/www.webdo.tn\/fr\/wp-json\/wp\/v2\/posts\/215409","targetHints":{"allow":["GET"]}}],"collection":[{"href":"https:\/\/www.webdo.tn\/fr\/wp-json\/wp\/v2\/posts"}],"about":[{"href":"https:\/\/www.webdo.tn\/fr\/wp-json\/wp\/v2\/types\/post"}],"author":[{"embeddable":true,"href":"https:\/\/www.webdo.tn\/fr\/wp-json\/wp\/v2\/users\/3162"}],"replies":[{"embeddable":true,"href":"https:\/\/www.webdo.tn\/fr\/wp-json\/wp\/v2\/comments?post=215409"}],"version-history":[{"count":0,"href":"https:\/\/www.webdo.tn\/fr\/wp-json\/wp\/v2\/posts\/215409\/revisions"}],"wp:featuredmedia":[{"embeddable":true,"href":"https:\/\/www.webdo.tn\/fr\/wp-json\/wp\/v2\/media\/246948"}],"wp:attachment":[{"href":"https:\/\/www.webdo.tn\/fr\/wp-json\/wp\/v2\/media?parent=215409"}],"wp:term":[{"taxonomy":"category","embeddable":true,"href":"https:\/\/www.webdo.tn\/fr\/wp-json\/wp\/v2\/categories?post=215409"},{"taxonomy":"post_tag","embeddable":true,"href":"https:\/\/www.webdo.tn\/fr\/wp-json\/wp\/v2\/tags?post=215409"}],"curies":[{"name":"wp","href":"https:\/\/api.w.org\/{rel}","templated":true}]}}