{"id":215406,"date":"2024-07-22T09:23:00","date_gmt":"2024-07-22T09:23:00","guid":{"rendered":"https:\/\/www.webdo.tn\/fr\/blog\/hommage-a-un-tres-grand-homme-mohamed-driss-mon-pere\/215406\/"},"modified":"2025-05-21T08:55:38","modified_gmt":"2025-05-21T08:55:38","slug":"hommage-a-un-tres-grand-homme-mohamed-driss-mon-pere","status":"publish","type":"post","link":"https:\/\/www.webdo.tn\/fr\/actualite\/divers\/hommage-a-un-tres-grand-homme-mohamed-driss-mon-pere\/215406\/","title":{"rendered":"Hommage \u00e0 un tr\u00e8s grand homme, Mohamed Driss, mon p\u00e8re"},"content":{"rendered":"<div class=\"single-body entry-content typography-copy\" itemprop=\"articleBody\">\n<p style=\"font-weight: bold; text-align: justify\">\n\t\t\t\t\t\t\t\t\tHommage \u00e0 un tr\u00e8s grand homme, Mohamed Driss, mon p\u00e8re, qui nous a quitt\u00e9s il y a un an.\n\t\t\t\t\t\t\t\t<\/p>\n<div class=\"coprs\" style=\"text-align: center\"><\/div>\n<div class=\"coprs\" style=\"text-align: justify\">\n<p><span>Le 21 juillet 2023, le monde a perdu Mohamed Driss, mon p\u00e8re, un pionnier, un homme d\u2019affaires accompli, et un philanthrope. Un an apr\u00e8s son d\u00e9part, il est essentiel de se souvenir de son parcours et de ses r\u00e9alisations.<\/span><\/p>\n<p><span>N\u00e9 en 1937 \u00e0 Sfax, Mohamed Driss a \u00e9t\u00e9 impr\u00e9gn\u00e9 d\u00e8s son jeune \u00e2ge de valeurs de travail acharn\u00e9, de pers\u00e9v\u00e9rance et d&rsquo;int\u00e9grit\u00e9. Apr\u00e8s des \u00e9tudes \u00e0 Sfax, Tunis, et un troisi\u00e8me cycle \u00e0 Rennes en France, o\u00f9 il a obtenu un dipl\u00f4me en ing\u00e9nierie juridique et financi\u00e8re, il a entam\u00e9 une carri\u00e8re marqu\u00e9e par des r\u00e9ussites professionnelles et un profond engagement envers son pays. <\/span><\/p>\n<p><span>En parall\u00e8le, il a toujours gard\u00e9 une profonde humanit\u00e9, participant \u00e0 de nombreuses actions sociales, comme la construction de dispensaires, la r\u00e9fection d&rsquo;\u00e9coles et la cr\u00e9ation d\u2019une maison de retraite \u00e0 Gammarth d\u00e9di\u00e9e \u00e0 son p\u00e8re. <\/span><\/p>\n<p><span>Passionn\u00e9 de sport, il a \u00e9t\u00e9 le plus jeune pr\u00e9sident du Club Sportif Sfaxien (CSS) en 1964-1965 et a continu\u00e9 \u00e0 soutenir le club pendant de longues ann\u00e9es. <\/span><\/p>\n<p><span>Mon p\u00e8re nous a enseign\u00e9 l\u2019int\u00e9grit\u00e9, l&rsquo;honn\u00eatet\u00e9 et le travail acharn\u00e9. En tant que fille de Mohamed Driss, je suis honor\u00e9e de porter ses valeurs. Aujourd&rsquo;hui, un an apr\u00e8s son d\u00e9part, nous c\u00e9l\u00e9brons le grand homme qu\u2019il \u00e9tait et les beaux souvenirs qu\u2019il nous a laiss\u00e9s.<\/span><\/p>\n<p><span>Papa, tu perdureras \u00e0 travers chacun de nous, et ta m\u00e9moire restera \u00e0 jamais grav\u00e9e dans nos c\u0153urs.<\/span><\/p>\n<p><span>Repose en paix, avec tout notre amour et notre gratitude.<\/p>\n<p><strong>Ne\u00efla Driss<\/strong><\/span><\/p>\n<\/p><\/div>\n<div class=\"coprs\" style=\"text-align: center\"><\/div><\/div>\n","protected":false},"excerpt":{"rendered":"<p>Hommage \u00e0 un tr\u00e8s grand homme, Mohamed Driss, mon p\u00e8re, qui nous a quitt\u00e9s il y a un an.<\/p>\n","protected":false},"author":3164,"featured_media":246947,"comment_status":"open","ping_status":"closed","sticky":false,"template":"","format":"standard","meta":{"footnotes":""},"categories":[2839],"tags":[3106,6105],"class_list":["post-215406","post","type-post","status-publish","format-standard","has-post-thumbnail","hentry","category-divers","tag-hommage","tag-mohamed-driss"],"yoast_head":"<!-- This site is optimized with the Yoast SEO Premium plugin v27.5 (Yoast SEO v27.5) - https:\/\/yoast.com\/product\/yoast-seo-premium-wordpress\/ -->\n<title>Hommage \u00e0 un tr\u00e8s grand homme, Mohamed Driss, mon p\u00e8re<\/title>\n<meta name=\"description\" content=\"Hommage \u00e0 un tr\u00e8s grand homme, Mohamed Driss, mon p\u00e8re, qui nous a quitt\u00e9s il y a un an.\" \/>\n<link rel=\"canonical\" href=\"https:\/\/www.webdo.tn\/fr\/actualite\/divers\/hommage-a-un-tres-grand-homme-mohamed-driss-mon-pere\/215406\/\" \/>\n<meta property=\"og:locale\" content=\"fr_FR\" \/>\n<meta property=\"og:type\" content=\"article\" \/>\n<meta property=\"og:title\" content=\"Hommage \u00e0 un tr\u00e8s grand homme, Mohamed Driss, mon p\u00e8re\" \/>\n<meta property=\"og:description\" content=\"Hommage \u00e0 un tr\u00e8s grand homme, Mohamed Driss, mon p\u00e8re, qui nous a quitt\u00e9s il y a un an.\" \/>\n<meta property=\"og:url\" content=\"https:\/\/www.webdo.tn\/fr\/actualite\/divers\/hommage-a-un-tres-grand-homme-mohamed-driss-mon-pere\/215406\/\" \/>\n<meta property=\"og:site_name\" content=\"webdo\" \/>\n<meta property=\"article:publisher\" content=\"https:\/\/www.facebook.com\/webdotn\" \/>\n<meta property=\"article:author\" content=\"https:\/\/www.facebook.com\/massir.destiniii\/\" \/>\n<meta property=\"article:published_time\" content=\"2024-07-22T09:23:00+00:00\" \/>\n<meta property=\"article:modified_time\" content=\"2025-05-21T08:55:38+00:00\" \/>\n<meta property=\"og:image\" content=\"https:\/\/www.webdo.tn\/fr\/wp-content\/uploads\/2024\/07\/21d5190c34c71f66ba34535eefa44faa.webp\" \/>\n\t<meta property=\"og:image:width\" content=\"750\" \/>\n\t<meta property=\"og:image:height\" content=\"400\" \/>\n\t<meta property=\"og:image:type\" content=\"image\/webp\" \/>\n<meta name=\"author\" content=\"Ne\u00efla DRISS\" \/>\n<meta name=\"twitter:card\" content=\"summary_large_image\" \/>\n<meta name=\"twitter:creator\" content=\"@https:\/\/x.com\/MassirDestin\" \/>\n<meta name=\"twitter:site\" content=\"@webdo_tn\" \/>\n<meta name=\"twitter:label1\" content=\"\u00c9crit par\" \/>\n\t<meta name=\"twitter:data1\" content=\"Ne\u00efla DRISS\" \/>\n\t<meta name=\"twitter:label2\" content=\"Dur\u00e9e de lecture estim\u00e9e\" \/>\n\t<meta name=\"twitter:data2\" content=\"1 minute\" \/>\n<script type=\"application\/ld+json\" class=\"yoast-schema-graph\">{\"@context\":\"https:\\\/\\\/schema.org\",\"@graph\":[{\"@type\":\"NewsArticle\",\"@id\":\"https:\\\/\\\/www.webdo.tn\\\/fr\\\/actualite\\\/divers\\\/hommage-a-un-tres-grand-homme-mohamed-driss-mon-pere\\\/215406\\\/#article\",\"isPartOf\":{\"@id\":\"https:\\\/\\\/www.webdo.tn\\\/fr\\\/actualite\\\/divers\\\/hommage-a-un-tres-grand-homme-mohamed-driss-mon-pere\\\/215406\\\/\"},\"author\":{\"name\":\"Ne\u00efla DRISS\",\"@id\":\"https:\\\/\\\/www.webdo.tn\\\/fr\\\/#\\\/schema\\\/person\\\/60d5ba619ed3f58783b0dc82b7dada80\"},\"headline\":\"Hommage \u00e0 un tr\u00e8s grand homme, Mohamed Driss, mon p\u00e8re\",\"datePublished\":\"2024-07-22T09:23:00+00:00\",\"dateModified\":\"2025-05-21T08:55:38+00:00\",\"mainEntityOfPage\":{\"@id\":\"https:\\\/\\\/www.webdo.tn\\\/fr\\\/actualite\\\/divers\\\/hommage-a-un-tres-grand-homme-mohamed-driss-mon-pere\\\/215406\\\/\"},\"wordCount\":311,\"commentCount\":0,\"publisher\":{\"@id\":\"https:\\\/\\\/www.webdo.tn\\\/fr\\\/#organization\"},\"image\":{\"@id\":\"https:\\\/\\\/www.webdo.tn\\\/fr\\\/actualite\\\/divers\\\/hommage-a-un-tres-grand-homme-mohamed-driss-mon-pere\\\/215406\\\/#primaryimage\"},\"thumbnailUrl\":\"https:\\\/\\\/www.webdo.tn\\\/fr\\\/wp-content\\\/uploads\\\/2024\\\/07\\\/21d5190c34c71f66ba34535eefa44faa.webp\",\"keywords\":[\"Hommage\",\"Mohamed Driss\"],\"articleSection\":[\"Divers\"],\"inLanguage\":\"fr-FR\"},{\"@type\":\"WebPage\",\"@id\":\"https:\\\/\\\/www.webdo.tn\\\/fr\\\/actualite\\\/divers\\\/hommage-a-un-tres-grand-homme-mohamed-driss-mon-pere\\\/215406\\\/\",\"url\":\"https:\\\/\\\/www.webdo.tn\\\/fr\\\/actualite\\\/divers\\\/hommage-a-un-tres-grand-homme-mohamed-driss-mon-pere\\\/215406\\\/\",\"name\":\"Hommage \u00e0 un tr\u00e8s grand homme, Mohamed Driss, mon p\u00e8re\",\"isPartOf\":{\"@id\":\"https:\\\/\\\/www.webdo.tn\\\/fr\\\/#website\"},\"primaryImageOfPage\":{\"@id\":\"https:\\\/\\\/www.webdo.tn\\\/fr\\\/actualite\\\/divers\\\/hommage-a-un-tres-grand-homme-mohamed-driss-mon-pere\\\/215406\\\/#primaryimage\"},\"image\":{\"@id\":\"https:\\\/\\\/www.webdo.tn\\\/fr\\\/actualite\\\/divers\\\/hommage-a-un-tres-grand-homme-mohamed-driss-mon-pere\\\/215406\\\/#primaryimage\"},\"thumbnailUrl\":\"https:\\\/\\\/www.webdo.tn\\\/fr\\\/wp-content\\\/uploads\\\/2024\\\/07\\\/21d5190c34c71f66ba34535eefa44faa.webp\",\"datePublished\":\"2024-07-22T09:23:00+00:00\",\"dateModified\":\"2025-05-21T08:55:38+00:00\",\"description\":\"Hommage \u00e0 un tr\u00e8s grand homme, Mohamed Driss, mon p\u00e8re, qui nous a quitt\u00e9s il y a un an.\",\"breadcrumb\":{\"@id\":\"https:\\\/\\\/www.webdo.tn\\\/fr\\\/actualite\\\/divers\\\/hommage-a-un-tres-grand-homme-mohamed-driss-mon-pere\\\/215406\\\/#breadcrumb\"},\"inLanguage\":\"fr-FR\",\"potentialAction\":[{\"@type\":\"ReadAction\",\"target\":[\"https:\\\/\\\/www.webdo.tn\\\/fr\\\/actualite\\\/divers\\\/hommage-a-un-tres-grand-homme-mohamed-driss-mon-pere\\\/215406\\\/\"]}]},{\"@type\":\"ImageObject\",\"inLanguage\":\"fr-FR\",\"@id\":\"https:\\\/\\\/www.webdo.tn\\\/fr\\\/actualite\\\/divers\\\/hommage-a-un-tres-grand-homme-mohamed-driss-mon-pere\\\/215406\\\/#primaryimage\",\"url\":\"https:\\\/\\\/www.webdo.tn\\\/fr\\\/wp-content\\\/uploads\\\/2024\\\/07\\\/21d5190c34c71f66ba34535eefa44faa.webp\",\"contentUrl\":\"https:\\\/\\\/www.webdo.tn\\\/fr\\\/wp-content\\\/uploads\\\/2024\\\/07\\\/21d5190c34c71f66ba34535eefa44faa.webp\",\"width\":750,\"height\":400,\"caption\":\"Hommage \u00e0 un tr\u00e8s grand homme, Mohamed Driss, mon p\u00e8re\"},{\"@type\":\"BreadcrumbList\",\"@id\":\"https:\\\/\\\/www.webdo.tn\\\/fr\\\/actualite\\\/divers\\\/hommage-a-un-tres-grand-homme-mohamed-driss-mon-pere\\\/215406\\\/#breadcrumb\",\"itemListElement\":[{\"@type\":\"ListItem\",\"position\":1,\"name\":\"Accueil\",\"item\":\"https:\\\/\\\/www.webdo.tn\\\/fr\\\/\"},{\"@type\":\"ListItem\",\"position\":2,\"name\":\"Hommage \u00e0 un tr\u00e8s grand homme, Mohamed Driss, mon p\u00e8re\"}]},{\"@type\":\"WebSite\",\"@id\":\"https:\\\/\\\/www.webdo.tn\\\/fr\\\/#website\",\"url\":\"https:\\\/\\\/www.webdo.tn\\\/fr\\\/\",\"name\":\"webdo\",\"description\":\"Tunisie - News en Tunisie et \u00e0 l&#039;international sur Webdo.tn\",\"publisher\":{\"@id\":\"https:\\\/\\\/www.webdo.tn\\\/fr\\\/#organization\"},\"potentialAction\":[{\"@type\":\"SearchAction\",\"target\":{\"@type\":\"EntryPoint\",\"urlTemplate\":\"https:\\\/\\\/www.webdo.tn\\\/fr\\\/?s={search_term_string}\"},\"query-input\":{\"@type\":\"PropertyValueSpecification\",\"valueRequired\":true,\"valueName\":\"search_term_string\"}}],\"inLanguage\":\"fr-FR\"},{\"@type\":\"Organization\",\"@id\":\"https:\\\/\\\/www.webdo.tn\\\/fr\\\/#organization\",\"name\":\"Webdo\",\"alternateName\":\"Webdo.tn\",\"url\":\"https:\\\/\\\/www.webdo.tn\\\/fr\\\/\",\"logo\":{\"@type\":\"ImageObject\",\"inLanguage\":\"fr-FR\",\"@id\":\"https:\\\/\\\/www.webdo.tn\\\/fr\\\/#\\\/schema\\\/logo\\\/image\\\/\",\"url\":\"https:\\\/\\\/www.webdo.tn\\\/fr\\\/wp-content\\\/uploads\\\/2025\\\/06\\\/Webdo-Tunisie_168377.jpg\",\"contentUrl\":\"https:\\\/\\\/www.webdo.tn\\\/fr\\\/wp-content\\\/uploads\\\/2025\\\/06\\\/Webdo-Tunisie_168377.jpg\",\"width\":301,\"height\":301,\"caption\":\"Webdo\"},\"image\":{\"@id\":\"https:\\\/\\\/www.webdo.tn\\\/fr\\\/#\\\/schema\\\/logo\\\/image\\\/\"},\"sameAs\":[\"https:\\\/\\\/www.facebook.com\\\/webdotn\",\"https:\\\/\\\/x.com\\\/webdo_tn\"],\"description\":\"Webdo est un m\u00e9dia num\u00e9rique tunisien fond\u00e9 en 2010, sp\u00e9cialis\u00e9 dans l\u2019actualit\u00e9 nationale et internationale, l\u2019\u00e9conomie, la soci\u00e9t\u00e9 et les analyses politiques. Le site s\u2019adresse \u00e0 un large public francophone et couvre l\u2019information tunisienne en temps r\u00e9el.\",\"email\":\"redac@webdo.tn\",\"legalName\":\"YNJ SARL\",\"foundingDate\":\"2010-09-06\",\"numberOfEmployees\":{\"@type\":\"QuantitativeValue\",\"minValue\":\"11\",\"maxValue\":\"50\"}},{\"@type\":\"Person\",\"@id\":\"https:\\\/\\\/www.webdo.tn\\\/fr\\\/#\\\/schema\\\/person\\\/60d5ba619ed3f58783b0dc82b7dada80\",\"name\":\"Ne\u00efla DRISS\",\"image\":{\"@type\":\"ImageObject\",\"inLanguage\":\"fr-FR\",\"@id\":\"https:\\\/\\\/www.webdo.tn\\\/fr\\\/wp-content\\\/uploads\\\/2026\\\/04\\\/neila-driss_avatar-96x96.jpg\",\"url\":\"https:\\\/\\\/www.webdo.tn\\\/fr\\\/wp-content\\\/uploads\\\/2026\\\/04\\\/neila-driss_avatar-96x96.jpg\",\"contentUrl\":\"https:\\\/\\\/www.webdo.tn\\\/fr\\\/wp-content\\\/uploads\\\/2026\\\/04\\\/neila-driss_avatar-96x96.jpg\",\"caption\":\"Ne\u00efla DRISS\"},\"description\":\"Ne\u00efla Driss est juriste, journaliste culturelle et critique de cin\u00e9ma tunisienne. Titulaire d\u2019un DEA en droit priv\u00e9 de l\u2019Universit\u00e9 Paris II et d\u2019un DESS de l\u2019IHEC Carthage, elle d\u00e9bute sa carri\u00e8re comme juriste sp\u00e9cialis\u00e9e en gestion de patrimoine immobilier. Elle s\u2019oriente ensuite vers l\u2019\u00e9criture en ligne, o\u00f9 elle se distingue d\u00e8s 2006 aux Tunisia Blog Awards, avant de se consacrer au journalisme culturel, avec une sp\u00e9cialisation dans la critique cin\u00e9matographique. Elle couvre r\u00e9guli\u00e8rement les grands festivals internationaux, notamment le Festival de Cannes, les Journ\u00e9es Cin\u00e9matographiques de Carthage et le Festival du film du Caire. Membre de l\u2019ATPCC et de la FIPRESCI, elle participe \u00e0 des jurys et initiatives internationales de critique. Depuis 2024, elle est \u00e9lectrice internationale aux Golden Globes. Facebook : https:\\\/\\\/www.facebook.com\\\/massir.destiniii\\\/ X : https:\\\/\\\/x.com\\\/MassirDestin\",\"sameAs\":[\"https:\\\/\\\/www.facebook.com\\\/massir.destiniii\\\/\",\"https:\\\/\\\/www.instagram.com\\\/neila.driss\\\/?hl=fr\",\"https:\\\/\\\/www.linkedin.com\\\/in\\\/neila-driss-22606a80\\\/\",\"https:\\\/\\\/x.com\\\/https:\\\/\\\/x.com\\\/MassirDestin\"],\"knowsAbout\":[\"Cin\u00e9ma international\",\"critique cin\u00e9matographique\",\"festivals de cin\u00e9ma\",\"journalisme culturel\"],\"knowsLanguage\":[\"Fran\u00e7ais\",\"Arabe\",\"Anglais\"],\"jobTitle\":\"Journaliste culturelle et critique de cin\u00e9ma\",\"worksFor\":\"Webdo\",\"url\":\"https:\\\/\\\/www.webdo.tn\\\/fr\\\/actualite\\\/author\\\/neila-driss\\\/\"}]}<\/script>\n<!-- \/ Yoast SEO Premium plugin. -->","yoast_head_json":{"title":"Hommage \u00e0 un tr\u00e8s grand homme, Mohamed Driss, mon p\u00e8re","description":"Hommage \u00e0 un tr\u00e8s grand homme, Mohamed Driss, mon p\u00e8re, qui nous a quitt\u00e9s il y a un an.","canonical":"https:\/\/www.webdo.tn\/fr\/actualite\/divers\/hommage-a-un-tres-grand-homme-mohamed-driss-mon-pere\/215406\/","og_locale":"fr_FR","og_type":"article","og_title":"Hommage \u00e0 un tr\u00e8s grand homme, Mohamed Driss, mon p\u00e8re","og_description":"Hommage \u00e0 un tr\u00e8s grand homme, Mohamed Driss, mon p\u00e8re, qui nous a quitt\u00e9s il y a un an.","og_url":"https:\/\/www.webdo.tn\/fr\/actualite\/divers\/hommage-a-un-tres-grand-homme-mohamed-driss-mon-pere\/215406\/","og_site_name":"webdo","article_publisher":"https:\/\/www.facebook.com\/webdotn","article_author":"https:\/\/www.facebook.com\/massir.destiniii\/","article_published_time":"2024-07-22T09:23:00+00:00","article_modified_time":"2025-05-21T08:55:38+00:00","og_image":[{"width":750,"height":400,"url":"https:\/\/www.webdo.tn\/fr\/wp-content\/uploads\/2024\/07\/21d5190c34c71f66ba34535eefa44faa.webp","type":"image\/webp"}],"author":"Ne\u00efla DRISS","twitter_card":"summary_large_image","twitter_creator":"@https:\/\/x.com\/MassirDestin","twitter_site":"@webdo_tn","twitter_misc":{"\u00c9crit par":"Ne\u00efla DRISS","Dur\u00e9e de lecture estim\u00e9e":"1 minute"},"schema":{"@context":"https:\/\/schema.org","@graph":[{"@type":"NewsArticle","@id":"https:\/\/www.webdo.tn\/fr\/actualite\/divers\/hommage-a-un-tres-grand-homme-mohamed-driss-mon-pere\/215406\/#article","isPartOf":{"@id":"https:\/\/www.webdo.tn\/fr\/actualite\/divers\/hommage-a-un-tres-grand-homme-mohamed-driss-mon-pere\/215406\/"},"author":{"name":"Ne\u00efla DRISS","@id":"https:\/\/www.webdo.tn\/fr\/#\/schema\/person\/60d5ba619ed3f58783b0dc82b7dada80"},"headline":"Hommage \u00e0 un tr\u00e8s grand homme, Mohamed Driss, mon p\u00e8re","datePublished":"2024-07-22T09:23:00+00:00","dateModified":"2025-05-21T08:55:38+00:00","mainEntityOfPage":{"@id":"https:\/\/www.webdo.tn\/fr\/actualite\/divers\/hommage-a-un-tres-grand-homme-mohamed-driss-mon-pere\/215406\/"},"wordCount":311,"commentCount":0,"publisher":{"@id":"https:\/\/www.webdo.tn\/fr\/#organization"},"image":{"@id":"https:\/\/www.webdo.tn\/fr\/actualite\/divers\/hommage-a-un-tres-grand-homme-mohamed-driss-mon-pere\/215406\/#primaryimage"},"thumbnailUrl":"https:\/\/www.webdo.tn\/fr\/wp-content\/uploads\/2024\/07\/21d5190c34c71f66ba34535eefa44faa.webp","keywords":["Hommage","Mohamed Driss"],"articleSection":["Divers"],"inLanguage":"fr-FR"},{"@type":"WebPage","@id":"https:\/\/www.webdo.tn\/fr\/actualite\/divers\/hommage-a-un-tres-grand-homme-mohamed-driss-mon-pere\/215406\/","url":"https:\/\/www.webdo.tn\/fr\/actualite\/divers\/hommage-a-un-tres-grand-homme-mohamed-driss-mon-pere\/215406\/","name":"Hommage \u00e0 un tr\u00e8s grand homme, Mohamed Driss, mon p\u00e8re","isPartOf":{"@id":"https:\/\/www.webdo.tn\/fr\/#website"},"primaryImageOfPage":{"@id":"https:\/\/www.webdo.tn\/fr\/actualite\/divers\/hommage-a-un-tres-grand-homme-mohamed-driss-mon-pere\/215406\/#primaryimage"},"image":{"@id":"https:\/\/www.webdo.tn\/fr\/actualite\/divers\/hommage-a-un-tres-grand-homme-mohamed-driss-mon-pere\/215406\/#primaryimage"},"thumbnailUrl":"https:\/\/www.webdo.tn\/fr\/wp-content\/uploads\/2024\/07\/21d5190c34c71f66ba34535eefa44faa.webp","datePublished":"2024-07-22T09:23:00+00:00","dateModified":"2025-05-21T08:55:38+00:00","description":"Hommage \u00e0 un tr\u00e8s grand homme, Mohamed Driss, mon p\u00e8re, qui nous a quitt\u00e9s il y a un an.","breadcrumb":{"@id":"https:\/\/www.webdo.tn\/fr\/actualite\/divers\/hommage-a-un-tres-grand-homme-mohamed-driss-mon-pere\/215406\/#breadcrumb"},"inLanguage":"fr-FR","potentialAction":[{"@type":"ReadAction","target":["https:\/\/www.webdo.tn\/fr\/actualite\/divers\/hommage-a-un-tres-grand-homme-mohamed-driss-mon-pere\/215406\/"]}]},{"@type":"ImageObject","inLanguage":"fr-FR","@id":"https:\/\/www.webdo.tn\/fr\/actualite\/divers\/hommage-a-un-tres-grand-homme-mohamed-driss-mon-pere\/215406\/#primaryimage","url":"https:\/\/www.webdo.tn\/fr\/wp-content\/uploads\/2024\/07\/21d5190c34c71f66ba34535eefa44faa.webp","contentUrl":"https:\/\/www.webdo.tn\/fr\/wp-content\/uploads\/2024\/07\/21d5190c34c71f66ba34535eefa44faa.webp","width":750,"height":400,"caption":"Hommage \u00e0 un tr\u00e8s grand homme, Mohamed Driss, mon p\u00e8re"},{"@type":"BreadcrumbList","@id":"https:\/\/www.webdo.tn\/fr\/actualite\/divers\/hommage-a-un-tres-grand-homme-mohamed-driss-mon-pere\/215406\/#breadcrumb","itemListElement":[{"@type":"ListItem","position":1,"name":"Accueil","item":"https:\/\/www.webdo.tn\/fr\/"},{"@type":"ListItem","position":2,"name":"Hommage \u00e0 un tr\u00e8s grand homme, Mohamed Driss, mon p\u00e8re"}]},{"@type":"WebSite","@id":"https:\/\/www.webdo.tn\/fr\/#website","url":"https:\/\/www.webdo.tn\/fr\/","name":"webdo","description":"Tunisie - News en Tunisie et \u00e0 l&#039;international sur Webdo.tn","publisher":{"@id":"https:\/\/www.webdo.tn\/fr\/#organization"},"potentialAction":[{"@type":"SearchAction","target":{"@type":"EntryPoint","urlTemplate":"https:\/\/www.webdo.tn\/fr\/?s={search_term_string}"},"query-input":{"@type":"PropertyValueSpecification","valueRequired":true,"valueName":"search_term_string"}}],"inLanguage":"fr-FR"},{"@type":"Organization","@id":"https:\/\/www.webdo.tn\/fr\/#organization","name":"Webdo","alternateName":"Webdo.tn","url":"https:\/\/www.webdo.tn\/fr\/","logo":{"@type":"ImageObject","inLanguage":"fr-FR","@id":"https:\/\/www.webdo.tn\/fr\/#\/schema\/logo\/image\/","url":"https:\/\/www.webdo.tn\/fr\/wp-content\/uploads\/2025\/06\/Webdo-Tunisie_168377.jpg","contentUrl":"https:\/\/www.webdo.tn\/fr\/wp-content\/uploads\/2025\/06\/Webdo-Tunisie_168377.jpg","width":301,"height":301,"caption":"Webdo"},"image":{"@id":"https:\/\/www.webdo.tn\/fr\/#\/schema\/logo\/image\/"},"sameAs":["https:\/\/www.facebook.com\/webdotn","https:\/\/x.com\/webdo_tn"],"description":"Webdo est un m\u00e9dia num\u00e9rique tunisien fond\u00e9 en 2010, sp\u00e9cialis\u00e9 dans l\u2019actualit\u00e9 nationale et internationale, l\u2019\u00e9conomie, la soci\u00e9t\u00e9 et les analyses politiques. Le site s\u2019adresse \u00e0 un large public francophone et couvre l\u2019information tunisienne en temps r\u00e9el.","email":"redac@webdo.tn","legalName":"YNJ SARL","foundingDate":"2010-09-06","numberOfEmployees":{"@type":"QuantitativeValue","minValue":"11","maxValue":"50"}},{"@type":"Person","@id":"https:\/\/www.webdo.tn\/fr\/#\/schema\/person\/60d5ba619ed3f58783b0dc82b7dada80","name":"Ne\u00efla DRISS","image":{"@type":"ImageObject","inLanguage":"fr-FR","@id":"https:\/\/www.webdo.tn\/fr\/wp-content\/uploads\/2026\/04\/neila-driss_avatar-96x96.jpg","url":"https:\/\/www.webdo.tn\/fr\/wp-content\/uploads\/2026\/04\/neila-driss_avatar-96x96.jpg","contentUrl":"https:\/\/www.webdo.tn\/fr\/wp-content\/uploads\/2026\/04\/neila-driss_avatar-96x96.jpg","caption":"Ne\u00efla DRISS"},"description":"Ne\u00efla Driss est juriste, journaliste culturelle et critique de cin\u00e9ma tunisienne. Titulaire d\u2019un DEA en droit priv\u00e9 de l\u2019Universit\u00e9 Paris II et d\u2019un DESS de l\u2019IHEC Carthage, elle d\u00e9bute sa carri\u00e8re comme juriste sp\u00e9cialis\u00e9e en gestion de patrimoine immobilier. Elle s\u2019oriente ensuite vers l\u2019\u00e9criture en ligne, o\u00f9 elle se distingue d\u00e8s 2006 aux Tunisia Blog Awards, avant de se consacrer au journalisme culturel, avec une sp\u00e9cialisation dans la critique cin\u00e9matographique. Elle couvre r\u00e9guli\u00e8rement les grands festivals internationaux, notamment le Festival de Cannes, les Journ\u00e9es Cin\u00e9matographiques de Carthage et le Festival du film du Caire. Membre de l\u2019ATPCC et de la FIPRESCI, elle participe \u00e0 des jurys et initiatives internationales de critique. Depuis 2024, elle est \u00e9lectrice internationale aux Golden Globes. Facebook : https:\/\/www.facebook.com\/massir.destiniii\/ X : https:\/\/x.com\/MassirDestin","sameAs":["https:\/\/www.facebook.com\/massir.destiniii\/","https:\/\/www.instagram.com\/neila.driss\/?hl=fr","https:\/\/www.linkedin.com\/in\/neila-driss-22606a80\/","https:\/\/x.com\/https:\/\/x.com\/MassirDestin"],"knowsAbout":["Cin\u00e9ma international","critique cin\u00e9matographique","festivals de cin\u00e9ma","journalisme culturel"],"knowsLanguage":["Fran\u00e7ais","Arabe","Anglais"],"jobTitle":"Journaliste culturelle et critique de cin\u00e9ma","worksFor":"Webdo","url":"https:\/\/www.webdo.tn\/fr\/actualite\/author\/neila-driss\/"}]}},"_links":{"self":[{"href":"https:\/\/www.webdo.tn\/fr\/wp-json\/wp\/v2\/posts\/215406","targetHints":{"allow":["GET"]}}],"collection":[{"href":"https:\/\/www.webdo.tn\/fr\/wp-json\/wp\/v2\/posts"}],"about":[{"href":"https:\/\/www.webdo.tn\/fr\/wp-json\/wp\/v2\/types\/post"}],"author":[{"embeddable":true,"href":"https:\/\/www.webdo.tn\/fr\/wp-json\/wp\/v2\/users\/3164"}],"replies":[{"embeddable":true,"href":"https:\/\/www.webdo.tn\/fr\/wp-json\/wp\/v2\/comments?post=215406"}],"version-history":[{"count":0,"href":"https:\/\/www.webdo.tn\/fr\/wp-json\/wp\/v2\/posts\/215406\/revisions"}],"wp:featuredmedia":[{"embeddable":true,"href":"https:\/\/www.webdo.tn\/fr\/wp-json\/wp\/v2\/media\/246947"}],"wp:attachment":[{"href":"https:\/\/www.webdo.tn\/fr\/wp-json\/wp\/v2\/media?parent=215406"}],"wp:term":[{"taxonomy":"category","embeddable":true,"href":"https:\/\/www.webdo.tn\/fr\/wp-json\/wp\/v2\/categories?post=215406"},{"taxonomy":"post_tag","embeddable":true,"href":"https:\/\/www.webdo.tn\/fr\/wp-json\/wp\/v2\/tags?post=215406"}],"curies":[{"name":"wp","href":"https:\/\/api.w.org\/{rel}","templated":true}]}}