{"id":215398,"date":"2024-07-21T14:14:00","date_gmt":"2024-07-21T14:14:00","guid":{"rendered":"https:\/\/www.webdo.tn\/fr\/blog\/nabeul-coupure-d-eau-dans-ces-zones\/215398\/"},"modified":"2025-05-21T09:04:35","modified_gmt":"2025-05-21T09:04:35","slug":"nabeul-coupure-d-eau-dans-ces-zones","status":"publish","type":"post","link":"https:\/\/www.webdo.tn\/fr\/actualite\/regions\/nabeul-coupure-d-eau-dans-ces-zones\/215398\/","title":{"rendered":"Nabeul : Coupure d&rsquo;eau dans ces zones"},"content":{"rendered":"<p>Dimanche 21 juillet, la Soci\u00e9t\u00e9 Nationale d\u2019Exploitation et de Distribution des Eaux (SONEDE) a publi\u00e9 un communiqu\u00e9 informant les habitants des villes de Korba, Menzel Temime, Kelibia, et des localit\u00e9s voisines , d\u2019une perturbation dans la distribution de l&rsquo;eau potable.<\/p>\n<p>\t\t\t\t\t\t\t\t\tSelon le communiqu\u00e9, les probl\u00e8mes d&rsquo;approvisionnement sont dus \u00e0 une diminution de la production d&rsquo;eau \u00e0 la station de traitement de Belli, caus\u00e9e par une variation de la qualit\u00e9 des eaux brutes provenant du canal de l\u2019eau du Nord.<\/p>\n<p>La SONEDE a pr\u00e9cis\u00e9 que la situation devrait se normaliser progressivement \u00e0 partir de minuit ce dimanche. Les \u00e9quipes de la soci\u00e9t\u00e9 travaillent activement pour r\u00e9tablir l&rsquo;approvisionnement en eau dans les zones affect\u00e9es.<\/p>\n","protected":false},"excerpt":{"rendered":"<p>Perturbation de l&rsquo;approvisionnement en eau \u00e0 Korba, Menzel Temime et Kelibia : retour \u00e0 la normale pr\u00e9vu ce soir selon la SONEDE.<\/p>\n","protected":false},"author":3166,"featured_media":246940,"comment_status":"open","ping_status":"closed","sticky":false,"template":"","format":"standard","meta":{"footnotes":""},"categories":[2595],"tags":[4243,2631,2751,2752],"class_list":["post-215398","post","type-post","status-publish","format-standard","has-post-thumbnail","hentry","category-regions","tag-coupure","tag-eau","tag-nabeul","tag-sonede"],"yoast_head":"<!-- This site is optimized with the Yoast SEO Premium plugin v27.4 (Yoast SEO v27.5) - https:\/\/yoast.com\/product\/yoast-seo-premium-wordpress\/ -->\n<title>Nabeul : Coupure d&#039;eau dans ces zones<\/title>\n<meta name=\"description\" content=\"Perturbation de l&#039;approvisionnement en eau \u00e0 Korba, Menzel Temime et Kelibia : retour \u00e0 la normale pr\u00e9vu ce soir selon la SONEDE.\" \/>\n<link rel=\"canonical\" href=\"https:\/\/www.webdo.tn\/fr\/actualite\/regions\/nabeul-coupure-d-eau-dans-ces-zones\/215398\/\" \/>\n<meta property=\"og:locale\" content=\"fr_FR\" \/>\n<meta property=\"og:type\" content=\"article\" \/>\n<meta property=\"og:title\" content=\"Nabeul : Coupure d&#039;eau dans ces zones\" \/>\n<meta property=\"og:description\" content=\"Perturbation de l&#039;approvisionnement en eau \u00e0 Korba, Menzel Temime et Kelibia : retour \u00e0 la normale pr\u00e9vu ce soir selon la SONEDE.\" \/>\n<meta property=\"og:url\" content=\"https:\/\/www.webdo.tn\/fr\/actualite\/regions\/nabeul-coupure-d-eau-dans-ces-zones\/215398\/\" \/>\n<meta property=\"og:site_name\" content=\"webdo\" \/>\n<meta property=\"article:publisher\" content=\"https:\/\/www.facebook.com\/webdotn\" \/>\n<meta property=\"article:published_time\" content=\"2024-07-21T14:14:00+00:00\" \/>\n<meta property=\"article:modified_time\" content=\"2025-05-21T09:04:35+00:00\" \/>\n<meta property=\"og:image\" content=\"https:\/\/www.webdo.tn\/fr\/wp-content\/uploads\/2024\/07\/5199930d8dc2d3a62d47afa9a104b4d9.webp\" \/>\n\t<meta property=\"og:image:width\" content=\"750\" \/>\n\t<meta property=\"og:image:height\" content=\"400\" \/>\n\t<meta property=\"og:image:type\" content=\"image\/webp\" \/>\n<meta name=\"author\" content=\"AZ\" \/>\n<meta name=\"twitter:card\" content=\"summary_large_image\" \/>\n<meta name=\"twitter:creator\" content=\"@webdo_tn\" \/>\n<meta name=\"twitter:site\" content=\"@webdo_tn\" \/>\n<meta name=\"twitter:label1\" content=\"\u00c9crit par\" \/>\n\t<meta name=\"twitter:data1\" content=\"AZ\" \/>\n\t<meta name=\"twitter:label2\" content=\"Dur\u00e9e de lecture estim\u00e9e\" \/>\n\t<meta name=\"twitter:data2\" content=\"1 minute\" \/>\n<script type=\"application\/ld+json\" class=\"yoast-schema-graph\">{\"@context\":\"https:\\\/\\\/schema.org\",\"@graph\":[{\"@type\":\"NewsArticle\",\"@id\":\"https:\\\/\\\/www.webdo.tn\\\/fr\\\/actualite\\\/regions\\\/nabeul-coupure-d-eau-dans-ces-zones\\\/215398\\\/#article\",\"isPartOf\":{\"@id\":\"https:\\\/\\\/www.webdo.tn\\\/fr\\\/actualite\\\/regions\\\/nabeul-coupure-d-eau-dans-ces-zones\\\/215398\\\/\"},\"author\":{\"name\":\"AZ\",\"@id\":\"https:\\\/\\\/www.webdo.tn\\\/fr\\\/#\\\/schema\\\/person\\\/b8a41c04d93287d375510db360906b34\"},\"headline\":\"Nabeul : Coupure d&rsquo;eau dans ces zones\",\"datePublished\":\"2024-07-21T14:14:00+00:00\",\"dateModified\":\"2025-05-21T09:04:35+00:00\",\"mainEntityOfPage\":{\"@id\":\"https:\\\/\\\/www.webdo.tn\\\/fr\\\/actualite\\\/regions\\\/nabeul-coupure-d-eau-dans-ces-zones\\\/215398\\\/\"},\"wordCount\":129,\"commentCount\":0,\"publisher\":{\"@id\":\"https:\\\/\\\/www.webdo.tn\\\/fr\\\/#organization\"},\"image\":{\"@id\":\"https:\\\/\\\/www.webdo.tn\\\/fr\\\/actualite\\\/regions\\\/nabeul-coupure-d-eau-dans-ces-zones\\\/215398\\\/#primaryimage\"},\"thumbnailUrl\":\"https:\\\/\\\/www.webdo.tn\\\/fr\\\/wp-content\\\/uploads\\\/2024\\\/07\\\/5199930d8dc2d3a62d47afa9a104b4d9.webp\",\"keywords\":[\"coupure\",\"eau\",\"Nabeul\",\"Sonede\"],\"articleSection\":[\"regions\"],\"inLanguage\":\"fr-FR\"},{\"@type\":\"WebPage\",\"@id\":\"https:\\\/\\\/www.webdo.tn\\\/fr\\\/actualite\\\/regions\\\/nabeul-coupure-d-eau-dans-ces-zones\\\/215398\\\/\",\"url\":\"https:\\\/\\\/www.webdo.tn\\\/fr\\\/actualite\\\/regions\\\/nabeul-coupure-d-eau-dans-ces-zones\\\/215398\\\/\",\"name\":\"Nabeul : Coupure d'eau dans ces zones\",\"isPartOf\":{\"@id\":\"https:\\\/\\\/www.webdo.tn\\\/fr\\\/#website\"},\"primaryImageOfPage\":{\"@id\":\"https:\\\/\\\/www.webdo.tn\\\/fr\\\/actualite\\\/regions\\\/nabeul-coupure-d-eau-dans-ces-zones\\\/215398\\\/#primaryimage\"},\"image\":{\"@id\":\"https:\\\/\\\/www.webdo.tn\\\/fr\\\/actualite\\\/regions\\\/nabeul-coupure-d-eau-dans-ces-zones\\\/215398\\\/#primaryimage\"},\"thumbnailUrl\":\"https:\\\/\\\/www.webdo.tn\\\/fr\\\/wp-content\\\/uploads\\\/2024\\\/07\\\/5199930d8dc2d3a62d47afa9a104b4d9.webp\",\"datePublished\":\"2024-07-21T14:14:00+00:00\",\"dateModified\":\"2025-05-21T09:04:35+00:00\",\"description\":\"Perturbation de l'approvisionnement en eau \u00e0 Korba, Menzel Temime et Kelibia : retour \u00e0 la normale pr\u00e9vu ce soir selon la SONEDE.\",\"breadcrumb\":{\"@id\":\"https:\\\/\\\/www.webdo.tn\\\/fr\\\/actualite\\\/regions\\\/nabeul-coupure-d-eau-dans-ces-zones\\\/215398\\\/#breadcrumb\"},\"inLanguage\":\"fr-FR\",\"potentialAction\":[{\"@type\":\"ReadAction\",\"target\":[\"https:\\\/\\\/www.webdo.tn\\\/fr\\\/actualite\\\/regions\\\/nabeul-coupure-d-eau-dans-ces-zones\\\/215398\\\/\"]}]},{\"@type\":\"ImageObject\",\"inLanguage\":\"fr-FR\",\"@id\":\"https:\\\/\\\/www.webdo.tn\\\/fr\\\/actualite\\\/regions\\\/nabeul-coupure-d-eau-dans-ces-zones\\\/215398\\\/#primaryimage\",\"url\":\"https:\\\/\\\/www.webdo.tn\\\/fr\\\/wp-content\\\/uploads\\\/2024\\\/07\\\/5199930d8dc2d3a62d47afa9a104b4d9.webp\",\"contentUrl\":\"https:\\\/\\\/www.webdo.tn\\\/fr\\\/wp-content\\\/uploads\\\/2024\\\/07\\\/5199930d8dc2d3a62d47afa9a104b4d9.webp\",\"width\":750,\"height\":400,\"caption\":\"Nabeul : Coupure d'eau dans ces zones\"},{\"@type\":\"BreadcrumbList\",\"@id\":\"https:\\\/\\\/www.webdo.tn\\\/fr\\\/actualite\\\/regions\\\/nabeul-coupure-d-eau-dans-ces-zones\\\/215398\\\/#breadcrumb\",\"itemListElement\":[{\"@type\":\"ListItem\",\"position\":1,\"name\":\"Accueil\",\"item\":\"https:\\\/\\\/www.webdo.tn\\\/fr\\\/\"},{\"@type\":\"ListItem\",\"position\":2,\"name\":\"Nabeul : Coupure d&rsquo;eau dans ces zones\"}]},{\"@type\":\"WebSite\",\"@id\":\"https:\\\/\\\/www.webdo.tn\\\/fr\\\/#website\",\"url\":\"https:\\\/\\\/www.webdo.tn\\\/fr\\\/\",\"name\":\"webdo\",\"description\":\"Tunisie - News en Tunisie et \u00e0 l&#039;international sur Webdo.tn\",\"publisher\":{\"@id\":\"https:\\\/\\\/www.webdo.tn\\\/fr\\\/#organization\"},\"potentialAction\":[{\"@type\":\"SearchAction\",\"target\":{\"@type\":\"EntryPoint\",\"urlTemplate\":\"https:\\\/\\\/www.webdo.tn\\\/fr\\\/?s={search_term_string}\"},\"query-input\":{\"@type\":\"PropertyValueSpecification\",\"valueRequired\":true,\"valueName\":\"search_term_string\"}}],\"inLanguage\":\"fr-FR\"},{\"@type\":\"Organization\",\"@id\":\"https:\\\/\\\/www.webdo.tn\\\/fr\\\/#organization\",\"name\":\"Webdo\",\"alternateName\":\"Webdo.tn\",\"url\":\"https:\\\/\\\/www.webdo.tn\\\/fr\\\/\",\"logo\":{\"@type\":\"ImageObject\",\"inLanguage\":\"fr-FR\",\"@id\":\"https:\\\/\\\/www.webdo.tn\\\/fr\\\/#\\\/schema\\\/logo\\\/image\\\/\",\"url\":\"https:\\\/\\\/www.webdo.tn\\\/fr\\\/wp-content\\\/uploads\\\/2025\\\/06\\\/Webdo-Tunisie_168377.jpg\",\"contentUrl\":\"https:\\\/\\\/www.webdo.tn\\\/fr\\\/wp-content\\\/uploads\\\/2025\\\/06\\\/Webdo-Tunisie_168377.jpg\",\"width\":301,\"height\":301,\"caption\":\"Webdo\"},\"image\":{\"@id\":\"https:\\\/\\\/www.webdo.tn\\\/fr\\\/#\\\/schema\\\/logo\\\/image\\\/\"},\"sameAs\":[\"https:\\\/\\\/www.facebook.com\\\/webdotn\",\"https:\\\/\\\/x.com\\\/webdo_tn\"],\"description\":\"Webdo est un m\u00e9dia num\u00e9rique tunisien fond\u00e9 en 2010, sp\u00e9cialis\u00e9 dans l\u2019actualit\u00e9 nationale et internationale, l\u2019\u00e9conomie, la soci\u00e9t\u00e9 et les analyses politiques. Le site s\u2019adresse \u00e0 un large public francophone et couvre l\u2019information tunisienne en temps r\u00e9el.\",\"email\":\"redac@webdo.tn\",\"legalName\":\"YNJ SARL\",\"foundingDate\":\"2010-09-06\",\"numberOfEmployees\":{\"@type\":\"QuantitativeValue\",\"minValue\":\"11\",\"maxValue\":\"50\"}},{\"@type\":\"Person\",\"@id\":\"https:\\\/\\\/www.webdo.tn\\\/fr\\\/#\\\/schema\\\/person\\\/b8a41c04d93287d375510db360906b34\",\"name\":\"AZ\",\"image\":{\"@type\":\"ImageObject\",\"inLanguage\":\"fr-FR\",\"@id\":\"https:\\\/\\\/secure.gravatar.com\\\/avatar\\\/492b80bada79439de4201dce15cd41eece6c277cfdf1b53382073c79105c1f89?s=96&d=mm&r=g\",\"url\":\"https:\\\/\\\/secure.gravatar.com\\\/avatar\\\/492b80bada79439de4201dce15cd41eece6c277cfdf1b53382073c79105c1f89?s=96&d=mm&r=g\",\"contentUrl\":\"https:\\\/\\\/secure.gravatar.com\\\/avatar\\\/492b80bada79439de4201dce15cd41eece6c277cfdf1b53382073c79105c1f89?s=96&d=mm&r=g\",\"caption\":\"AZ\"},\"url\":\"https:\\\/\\\/www.webdo.tn\\\/fr\\\/actualite\\\/author\\\/az\\\/\"}]}<\/script>\n<!-- \/ Yoast SEO Premium plugin. -->","yoast_head_json":{"title":"Nabeul : Coupure d'eau dans ces zones","description":"Perturbation de l'approvisionnement en eau \u00e0 Korba, Menzel Temime et Kelibia : retour \u00e0 la normale pr\u00e9vu ce soir selon la SONEDE.","canonical":"https:\/\/www.webdo.tn\/fr\/actualite\/regions\/nabeul-coupure-d-eau-dans-ces-zones\/215398\/","og_locale":"fr_FR","og_type":"article","og_title":"Nabeul : Coupure d'eau dans ces zones","og_description":"Perturbation de l'approvisionnement en eau \u00e0 Korba, Menzel Temime et Kelibia : retour \u00e0 la normale pr\u00e9vu ce soir selon la SONEDE.","og_url":"https:\/\/www.webdo.tn\/fr\/actualite\/regions\/nabeul-coupure-d-eau-dans-ces-zones\/215398\/","og_site_name":"webdo","article_publisher":"https:\/\/www.facebook.com\/webdotn","article_published_time":"2024-07-21T14:14:00+00:00","article_modified_time":"2025-05-21T09:04:35+00:00","og_image":[{"width":750,"height":400,"url":"https:\/\/www.webdo.tn\/fr\/wp-content\/uploads\/2024\/07\/5199930d8dc2d3a62d47afa9a104b4d9.webp","type":"image\/webp"}],"author":"AZ","twitter_card":"summary_large_image","twitter_creator":"@webdo_tn","twitter_site":"@webdo_tn","twitter_misc":{"\u00c9crit par":"AZ","Dur\u00e9e de lecture estim\u00e9e":"1 minute"},"schema":{"@context":"https:\/\/schema.org","@graph":[{"@type":"NewsArticle","@id":"https:\/\/www.webdo.tn\/fr\/actualite\/regions\/nabeul-coupure-d-eau-dans-ces-zones\/215398\/#article","isPartOf":{"@id":"https:\/\/www.webdo.tn\/fr\/actualite\/regions\/nabeul-coupure-d-eau-dans-ces-zones\/215398\/"},"author":{"name":"AZ","@id":"https:\/\/www.webdo.tn\/fr\/#\/schema\/person\/b8a41c04d93287d375510db360906b34"},"headline":"Nabeul : Coupure d&rsquo;eau dans ces zones","datePublished":"2024-07-21T14:14:00+00:00","dateModified":"2025-05-21T09:04:35+00:00","mainEntityOfPage":{"@id":"https:\/\/www.webdo.tn\/fr\/actualite\/regions\/nabeul-coupure-d-eau-dans-ces-zones\/215398\/"},"wordCount":129,"commentCount":0,"publisher":{"@id":"https:\/\/www.webdo.tn\/fr\/#organization"},"image":{"@id":"https:\/\/www.webdo.tn\/fr\/actualite\/regions\/nabeul-coupure-d-eau-dans-ces-zones\/215398\/#primaryimage"},"thumbnailUrl":"https:\/\/www.webdo.tn\/fr\/wp-content\/uploads\/2024\/07\/5199930d8dc2d3a62d47afa9a104b4d9.webp","keywords":["coupure","eau","Nabeul","Sonede"],"articleSection":["regions"],"inLanguage":"fr-FR"},{"@type":"WebPage","@id":"https:\/\/www.webdo.tn\/fr\/actualite\/regions\/nabeul-coupure-d-eau-dans-ces-zones\/215398\/","url":"https:\/\/www.webdo.tn\/fr\/actualite\/regions\/nabeul-coupure-d-eau-dans-ces-zones\/215398\/","name":"Nabeul : Coupure d'eau dans ces zones","isPartOf":{"@id":"https:\/\/www.webdo.tn\/fr\/#website"},"primaryImageOfPage":{"@id":"https:\/\/www.webdo.tn\/fr\/actualite\/regions\/nabeul-coupure-d-eau-dans-ces-zones\/215398\/#primaryimage"},"image":{"@id":"https:\/\/www.webdo.tn\/fr\/actualite\/regions\/nabeul-coupure-d-eau-dans-ces-zones\/215398\/#primaryimage"},"thumbnailUrl":"https:\/\/www.webdo.tn\/fr\/wp-content\/uploads\/2024\/07\/5199930d8dc2d3a62d47afa9a104b4d9.webp","datePublished":"2024-07-21T14:14:00+00:00","dateModified":"2025-05-21T09:04:35+00:00","description":"Perturbation de l'approvisionnement en eau \u00e0 Korba, Menzel Temime et Kelibia : retour \u00e0 la normale pr\u00e9vu ce soir selon la SONEDE.","breadcrumb":{"@id":"https:\/\/www.webdo.tn\/fr\/actualite\/regions\/nabeul-coupure-d-eau-dans-ces-zones\/215398\/#breadcrumb"},"inLanguage":"fr-FR","potentialAction":[{"@type":"ReadAction","target":["https:\/\/www.webdo.tn\/fr\/actualite\/regions\/nabeul-coupure-d-eau-dans-ces-zones\/215398\/"]}]},{"@type":"ImageObject","inLanguage":"fr-FR","@id":"https:\/\/www.webdo.tn\/fr\/actualite\/regions\/nabeul-coupure-d-eau-dans-ces-zones\/215398\/#primaryimage","url":"https:\/\/www.webdo.tn\/fr\/wp-content\/uploads\/2024\/07\/5199930d8dc2d3a62d47afa9a104b4d9.webp","contentUrl":"https:\/\/www.webdo.tn\/fr\/wp-content\/uploads\/2024\/07\/5199930d8dc2d3a62d47afa9a104b4d9.webp","width":750,"height":400,"caption":"Nabeul : Coupure d'eau dans ces zones"},{"@type":"BreadcrumbList","@id":"https:\/\/www.webdo.tn\/fr\/actualite\/regions\/nabeul-coupure-d-eau-dans-ces-zones\/215398\/#breadcrumb","itemListElement":[{"@type":"ListItem","position":1,"name":"Accueil","item":"https:\/\/www.webdo.tn\/fr\/"},{"@type":"ListItem","position":2,"name":"Nabeul : Coupure d&rsquo;eau dans ces zones"}]},{"@type":"WebSite","@id":"https:\/\/www.webdo.tn\/fr\/#website","url":"https:\/\/www.webdo.tn\/fr\/","name":"webdo","description":"Tunisie - News en Tunisie et \u00e0 l&#039;international sur Webdo.tn","publisher":{"@id":"https:\/\/www.webdo.tn\/fr\/#organization"},"potentialAction":[{"@type":"SearchAction","target":{"@type":"EntryPoint","urlTemplate":"https:\/\/www.webdo.tn\/fr\/?s={search_term_string}"},"query-input":{"@type":"PropertyValueSpecification","valueRequired":true,"valueName":"search_term_string"}}],"inLanguage":"fr-FR"},{"@type":"Organization","@id":"https:\/\/www.webdo.tn\/fr\/#organization","name":"Webdo","alternateName":"Webdo.tn","url":"https:\/\/www.webdo.tn\/fr\/","logo":{"@type":"ImageObject","inLanguage":"fr-FR","@id":"https:\/\/www.webdo.tn\/fr\/#\/schema\/logo\/image\/","url":"https:\/\/www.webdo.tn\/fr\/wp-content\/uploads\/2025\/06\/Webdo-Tunisie_168377.jpg","contentUrl":"https:\/\/www.webdo.tn\/fr\/wp-content\/uploads\/2025\/06\/Webdo-Tunisie_168377.jpg","width":301,"height":301,"caption":"Webdo"},"image":{"@id":"https:\/\/www.webdo.tn\/fr\/#\/schema\/logo\/image\/"},"sameAs":["https:\/\/www.facebook.com\/webdotn","https:\/\/x.com\/webdo_tn"],"description":"Webdo est un m\u00e9dia num\u00e9rique tunisien fond\u00e9 en 2010, sp\u00e9cialis\u00e9 dans l\u2019actualit\u00e9 nationale et internationale, l\u2019\u00e9conomie, la soci\u00e9t\u00e9 et les analyses politiques. Le site s\u2019adresse \u00e0 un large public francophone et couvre l\u2019information tunisienne en temps r\u00e9el.","email":"redac@webdo.tn","legalName":"YNJ SARL","foundingDate":"2010-09-06","numberOfEmployees":{"@type":"QuantitativeValue","minValue":"11","maxValue":"50"}},{"@type":"Person","@id":"https:\/\/www.webdo.tn\/fr\/#\/schema\/person\/b8a41c04d93287d375510db360906b34","name":"AZ","image":{"@type":"ImageObject","inLanguage":"fr-FR","@id":"https:\/\/secure.gravatar.com\/avatar\/492b80bada79439de4201dce15cd41eece6c277cfdf1b53382073c79105c1f89?s=96&d=mm&r=g","url":"https:\/\/secure.gravatar.com\/avatar\/492b80bada79439de4201dce15cd41eece6c277cfdf1b53382073c79105c1f89?s=96&d=mm&r=g","contentUrl":"https:\/\/secure.gravatar.com\/avatar\/492b80bada79439de4201dce15cd41eece6c277cfdf1b53382073c79105c1f89?s=96&d=mm&r=g","caption":"AZ"},"url":"https:\/\/www.webdo.tn\/fr\/actualite\/author\/az\/"}]}},"_links":{"self":[{"href":"https:\/\/www.webdo.tn\/fr\/wp-json\/wp\/v2\/posts\/215398","targetHints":{"allow":["GET"]}}],"collection":[{"href":"https:\/\/www.webdo.tn\/fr\/wp-json\/wp\/v2\/posts"}],"about":[{"href":"https:\/\/www.webdo.tn\/fr\/wp-json\/wp\/v2\/types\/post"}],"author":[{"embeddable":true,"href":"https:\/\/www.webdo.tn\/fr\/wp-json\/wp\/v2\/users\/3166"}],"replies":[{"embeddable":true,"href":"https:\/\/www.webdo.tn\/fr\/wp-json\/wp\/v2\/comments?post=215398"}],"version-history":[{"count":0,"href":"https:\/\/www.webdo.tn\/fr\/wp-json\/wp\/v2\/posts\/215398\/revisions"}],"wp:featuredmedia":[{"embeddable":true,"href":"https:\/\/www.webdo.tn\/fr\/wp-json\/wp\/v2\/media\/246940"}],"wp:attachment":[{"href":"https:\/\/www.webdo.tn\/fr\/wp-json\/wp\/v2\/media?parent=215398"}],"wp:term":[{"taxonomy":"category","embeddable":true,"href":"https:\/\/www.webdo.tn\/fr\/wp-json\/wp\/v2\/categories?post=215398"},{"taxonomy":"post_tag","embeddable":true,"href":"https:\/\/www.webdo.tn\/fr\/wp-json\/wp\/v2\/tags?post=215398"}],"curies":[{"name":"wp","href":"https:\/\/api.w.org\/{rel}","templated":true}]}}