{"id":215395,"date":"2024-07-21T10:14:00","date_gmt":"2024-07-21T10:14:00","guid":{"rendered":"https:\/\/www.webdo.tn\/fr\/blog\/affaires-borhen-bssaies-et-mourad-zeghidi-les-appels-examines-le-30-juillet\/215395\/"},"modified":"2025-05-21T09:05:55","modified_gmt":"2025-05-21T09:05:55","slug":"affaires-borhen-bssaies-et-mourad-zeghidi-les-appels-examines-le-30-juillet","status":"publish","type":"post","link":"https:\/\/www.webdo.tn\/fr\/actualite\/national\/affaires-borhen-bssaies-et-mourad-zeghidi-les-appels-examines-le-30-juillet\/215395\/","title":{"rendered":"Affaires Borhen Bssaies et Mourad Zeghidi : Les appels examin\u00e9s le 30 juillet"},"content":{"rendered":"<p>La Cour d&rsquo;appel de Tunis a fix\u00e9 une audience au 30 juillet 2024 pour \u00e9tudier les appels interjet\u00e9s contre les verdicts de premi\u00e8re instance ayant condamn\u00e9 les journalistes Borhen Bsa\u00efes et Mourad Zeghidi \u00e0 une peine d&rsquo;un an de prison, soit six mois pour chacun dans deux affaires distinctes.<\/p>\n<p>\t\t\t\t\t\t\t\t\tBsa\u00efes et Zeghidi ont \u00e9t\u00e9 condamn\u00e9s \u00e0 six mois de prison chacun lors de proc\u00e8s distincts, totalisant un an de d\u00e9tention. Ces verdicts font suite \u00e0 leur interrogatoire par le procureur le 13 mai 2024, dans le cadre d&rsquo;une enqu\u00eate sur leurs d\u00e9clarations m\u00e9diatiques et publications sur les r\u00e9seaux sociaux, certaines remontant \u00e0 2020. Ils sont accus\u00e9s d&rsquo;avoir port\u00e9 atteinte \u00e0 la personne du chef de l&rsquo;\u00c9tat par leurs propos.<\/p>\n","protected":false},"excerpt":{"rendered":"<p>Audience d&rsquo;appel pr\u00e9vue le 30 juillet 2024 \u00e0 Tunis pour les journalistes Borhen Bsa\u00efes et Mourad Zeghidi, condamn\u00e9s chacun \u00e0 six mois de prison pour atteinte \u00e0&#8230;<\/p>\n","protected":false},"author":3166,"featured_media":290869,"comment_status":"open","ping_status":"closed","sticky":false,"template":"","format":"standard","meta":{"footnotes":""},"categories":[44],"tags":[6449,4868,3261,2608],"class_list":["post-215395","post","type-post","status-publish","format-standard","has-post-thumbnail","hentry","category-national","tag-borhen-bssaies","tag-mourad-zeghidi","tag-proces","tag-tunisie"],"yoast_head":"<!-- This site is optimized with the Yoast SEO Premium plugin v27.5 (Yoast SEO v27.5) - https:\/\/yoast.com\/product\/yoast-seo-premium-wordpress\/ -->\n<title>Affaires Borhen Bssaies et Mourad Zeghidi : Les appels examin\u00e9s le 30 juillet<\/title>\n<meta name=\"description\" content=\"Audience d&#039;appel pr\u00e9vue le 30 juillet 2024 \u00e0 Tunis pour les journalistes Borhen Bsa\u00efes et Mourad Zeghidi, condamn\u00e9s chacun \u00e0 six mois de prison pour atteinte \u00e0...\" \/>\n<link rel=\"canonical\" href=\"https:\/\/www.webdo.tn\/fr\/actualite\/national\/affaires-borhen-bssaies-et-mourad-zeghidi-les-appels-examines-le-30-juillet\/215395\/\" \/>\n<meta property=\"og:locale\" content=\"fr_FR\" \/>\n<meta property=\"og:type\" content=\"article\" \/>\n<meta property=\"og:title\" content=\"Affaires Borhen Bssaies et Mourad Zeghidi : Les appels examin\u00e9s le 30 juillet\" \/>\n<meta property=\"og:description\" content=\"Audience d&#039;appel pr\u00e9vue le 30 juillet 2024 \u00e0 Tunis pour les journalistes Borhen Bsa\u00efes et Mourad Zeghidi, condamn\u00e9s chacun \u00e0 six mois de prison pour atteinte \u00e0...\" \/>\n<meta property=\"og:url\" content=\"https:\/\/www.webdo.tn\/fr\/actualite\/national\/affaires-borhen-bssaies-et-mourad-zeghidi-les-appels-examines-le-30-juillet\/215395\/\" \/>\n<meta property=\"og:site_name\" content=\"webdo\" \/>\n<meta property=\"article:publisher\" content=\"https:\/\/www.facebook.com\/webdotn\" \/>\n<meta property=\"article:published_time\" content=\"2024-07-21T10:14:00+00:00\" \/>\n<meta property=\"article:modified_time\" content=\"2025-05-21T09:05:55+00:00\" \/>\n<meta property=\"og:image\" content=\"https:\/\/www.webdo.tn\/fr\/wp-content\/uploads\/2024\/07\/c903bf0ea9a6fa6b590293f9e9ccb6e1.webp\" \/>\n\t<meta property=\"og:image:width\" content=\"750\" \/>\n\t<meta property=\"og:image:height\" content=\"400\" \/>\n\t<meta property=\"og:image:type\" content=\"image\/webp\" \/>\n<meta name=\"author\" content=\"AZ\" \/>\n<meta name=\"twitter:card\" content=\"summary_large_image\" \/>\n<meta name=\"twitter:creator\" content=\"@webdo_tn\" \/>\n<meta name=\"twitter:site\" content=\"@webdo_tn\" \/>\n<meta name=\"twitter:label1\" content=\"\u00c9crit par\" \/>\n\t<meta name=\"twitter:data1\" content=\"AZ\" \/>\n\t<meta name=\"twitter:label2\" content=\"Dur\u00e9e de lecture estim\u00e9e\" \/>\n\t<meta name=\"twitter:data2\" content=\"1 minute\" \/>\n<script type=\"application\/ld+json\" class=\"yoast-schema-graph\">{\"@context\":\"https:\\\/\\\/schema.org\",\"@graph\":[{\"@type\":\"NewsArticle\",\"@id\":\"https:\\\/\\\/www.webdo.tn\\\/fr\\\/actualite\\\/national\\\/affaires-borhen-bssaies-et-mourad-zeghidi-les-appels-examines-le-30-juillet\\\/215395\\\/#article\",\"isPartOf\":{\"@id\":\"https:\\\/\\\/www.webdo.tn\\\/fr\\\/actualite\\\/national\\\/affaires-borhen-bssaies-et-mourad-zeghidi-les-appels-examines-le-30-juillet\\\/215395\\\/\"},\"author\":{\"name\":\"AZ\",\"@id\":\"https:\\\/\\\/www.webdo.tn\\\/fr\\\/#\\\/schema\\\/person\\\/b8a41c04d93287d375510db360906b34\"},\"headline\":\"Affaires Borhen Bssaies et Mourad Zeghidi : Les appels examin\u00e9s le 30 juillet\",\"datePublished\":\"2024-07-21T10:14:00+00:00\",\"dateModified\":\"2025-05-21T09:05:55+00:00\",\"mainEntityOfPage\":{\"@id\":\"https:\\\/\\\/www.webdo.tn\\\/fr\\\/actualite\\\/national\\\/affaires-borhen-bssaies-et-mourad-zeghidi-les-appels-examines-le-30-juillet\\\/215395\\\/\"},\"wordCount\":138,\"commentCount\":0,\"publisher\":{\"@id\":\"https:\\\/\\\/www.webdo.tn\\\/fr\\\/#organization\"},\"image\":{\"@id\":\"https:\\\/\\\/www.webdo.tn\\\/fr\\\/actualite\\\/national\\\/affaires-borhen-bssaies-et-mourad-zeghidi-les-appels-examines-le-30-juillet\\\/215395\\\/#primaryimage\"},\"thumbnailUrl\":\"https:\\\/\\\/www.webdo.tn\\\/fr\\\/wp-content\\\/uploads\\\/2024\\\/07\\\/c903bf0ea9a6fa6b590293f9e9ccb6e1.webp\",\"keywords\":[\"borhen bssaies\",\"Mourad Zeghidi\",\"proc\u00e8s\",\"Tunisie\"],\"articleSection\":[\"National\"],\"inLanguage\":\"fr-FR\"},{\"@type\":\"WebPage\",\"@id\":\"https:\\\/\\\/www.webdo.tn\\\/fr\\\/actualite\\\/national\\\/affaires-borhen-bssaies-et-mourad-zeghidi-les-appels-examines-le-30-juillet\\\/215395\\\/\",\"url\":\"https:\\\/\\\/www.webdo.tn\\\/fr\\\/actualite\\\/national\\\/affaires-borhen-bssaies-et-mourad-zeghidi-les-appels-examines-le-30-juillet\\\/215395\\\/\",\"name\":\"Affaires Borhen Bssaies et Mourad Zeghidi : Les appels examin\u00e9s le 30 juillet\",\"isPartOf\":{\"@id\":\"https:\\\/\\\/www.webdo.tn\\\/fr\\\/#website\"},\"primaryImageOfPage\":{\"@id\":\"https:\\\/\\\/www.webdo.tn\\\/fr\\\/actualite\\\/national\\\/affaires-borhen-bssaies-et-mourad-zeghidi-les-appels-examines-le-30-juillet\\\/215395\\\/#primaryimage\"},\"image\":{\"@id\":\"https:\\\/\\\/www.webdo.tn\\\/fr\\\/actualite\\\/national\\\/affaires-borhen-bssaies-et-mourad-zeghidi-les-appels-examines-le-30-juillet\\\/215395\\\/#primaryimage\"},\"thumbnailUrl\":\"https:\\\/\\\/www.webdo.tn\\\/fr\\\/wp-content\\\/uploads\\\/2024\\\/07\\\/c903bf0ea9a6fa6b590293f9e9ccb6e1.webp\",\"datePublished\":\"2024-07-21T10:14:00+00:00\",\"dateModified\":\"2025-05-21T09:05:55+00:00\",\"description\":\"Audience d'appel pr\u00e9vue le 30 juillet 2024 \u00e0 Tunis pour les journalistes Borhen Bsa\u00efes et Mourad Zeghidi, condamn\u00e9s chacun \u00e0 six mois de prison pour atteinte \u00e0...\",\"breadcrumb\":{\"@id\":\"https:\\\/\\\/www.webdo.tn\\\/fr\\\/actualite\\\/national\\\/affaires-borhen-bssaies-et-mourad-zeghidi-les-appels-examines-le-30-juillet\\\/215395\\\/#breadcrumb\"},\"inLanguage\":\"fr-FR\",\"potentialAction\":[{\"@type\":\"ReadAction\",\"target\":[\"https:\\\/\\\/www.webdo.tn\\\/fr\\\/actualite\\\/national\\\/affaires-borhen-bssaies-et-mourad-zeghidi-les-appels-examines-le-30-juillet\\\/215395\\\/\"]}]},{\"@type\":\"ImageObject\",\"inLanguage\":\"fr-FR\",\"@id\":\"https:\\\/\\\/www.webdo.tn\\\/fr\\\/actualite\\\/national\\\/affaires-borhen-bssaies-et-mourad-zeghidi-les-appels-examines-le-30-juillet\\\/215395\\\/#primaryimage\",\"url\":\"https:\\\/\\\/www.webdo.tn\\\/fr\\\/wp-content\\\/uploads\\\/2024\\\/07\\\/c903bf0ea9a6fa6b590293f9e9ccb6e1.webp\",\"contentUrl\":\"https:\\\/\\\/www.webdo.tn\\\/fr\\\/wp-content\\\/uploads\\\/2024\\\/07\\\/c903bf0ea9a6fa6b590293f9e9ccb6e1.webp\",\"width\":750,\"height\":400,\"caption\":\"Affaires Borhen Bssaies et Mourad Zeghidi : Les appels examin\u00e9s le 30 juillet\"},{\"@type\":\"BreadcrumbList\",\"@id\":\"https:\\\/\\\/www.webdo.tn\\\/fr\\\/actualite\\\/national\\\/affaires-borhen-bssaies-et-mourad-zeghidi-les-appels-examines-le-30-juillet\\\/215395\\\/#breadcrumb\",\"itemListElement\":[{\"@type\":\"ListItem\",\"position\":1,\"name\":\"Accueil\",\"item\":\"https:\\\/\\\/www.webdo.tn\\\/fr\\\/\"},{\"@type\":\"ListItem\",\"position\":2,\"name\":\"Affaires Borhen Bssaies et Mourad Zeghidi : Les appels examin\u00e9s le 30 juillet\"}]},{\"@type\":\"WebSite\",\"@id\":\"https:\\\/\\\/www.webdo.tn\\\/fr\\\/#website\",\"url\":\"https:\\\/\\\/www.webdo.tn\\\/fr\\\/\",\"name\":\"webdo\",\"description\":\"Tunisie - News en Tunisie et \u00e0 l&#039;international sur Webdo.tn\",\"publisher\":{\"@id\":\"https:\\\/\\\/www.webdo.tn\\\/fr\\\/#organization\"},\"potentialAction\":[{\"@type\":\"SearchAction\",\"target\":{\"@type\":\"EntryPoint\",\"urlTemplate\":\"https:\\\/\\\/www.webdo.tn\\\/fr\\\/?s={search_term_string}\"},\"query-input\":{\"@type\":\"PropertyValueSpecification\",\"valueRequired\":true,\"valueName\":\"search_term_string\"}}],\"inLanguage\":\"fr-FR\"},{\"@type\":\"Organization\",\"@id\":\"https:\\\/\\\/www.webdo.tn\\\/fr\\\/#organization\",\"name\":\"Webdo\",\"alternateName\":\"Webdo.tn\",\"url\":\"https:\\\/\\\/www.webdo.tn\\\/fr\\\/\",\"logo\":{\"@type\":\"ImageObject\",\"inLanguage\":\"fr-FR\",\"@id\":\"https:\\\/\\\/www.webdo.tn\\\/fr\\\/#\\\/schema\\\/logo\\\/image\\\/\",\"url\":\"https:\\\/\\\/www.webdo.tn\\\/fr\\\/wp-content\\\/uploads\\\/2025\\\/06\\\/Webdo-Tunisie_168377.jpg\",\"contentUrl\":\"https:\\\/\\\/www.webdo.tn\\\/fr\\\/wp-content\\\/uploads\\\/2025\\\/06\\\/Webdo-Tunisie_168377.jpg\",\"width\":301,\"height\":301,\"caption\":\"Webdo\"},\"image\":{\"@id\":\"https:\\\/\\\/www.webdo.tn\\\/fr\\\/#\\\/schema\\\/logo\\\/image\\\/\"},\"sameAs\":[\"https:\\\/\\\/www.facebook.com\\\/webdotn\",\"https:\\\/\\\/x.com\\\/webdo_tn\"],\"description\":\"Webdo est un m\u00e9dia num\u00e9rique tunisien fond\u00e9 en 2010, sp\u00e9cialis\u00e9 dans l\u2019actualit\u00e9 nationale et internationale, l\u2019\u00e9conomie, la soci\u00e9t\u00e9 et les analyses politiques. Le site s\u2019adresse \u00e0 un large public francophone et couvre l\u2019information tunisienne en temps r\u00e9el.\",\"email\":\"redac@webdo.tn\",\"legalName\":\"YNJ SARL\",\"foundingDate\":\"2010-09-06\",\"numberOfEmployees\":{\"@type\":\"QuantitativeValue\",\"minValue\":\"11\",\"maxValue\":\"50\"}},{\"@type\":\"Person\",\"@id\":\"https:\\\/\\\/www.webdo.tn\\\/fr\\\/#\\\/schema\\\/person\\\/b8a41c04d93287d375510db360906b34\",\"name\":\"AZ\",\"image\":{\"@type\":\"ImageObject\",\"inLanguage\":\"fr-FR\",\"@id\":\"https:\\\/\\\/secure.gravatar.com\\\/avatar\\\/492b80bada79439de4201dce15cd41eece6c277cfdf1b53382073c79105c1f89?s=96&d=mm&r=g\",\"url\":\"https:\\\/\\\/secure.gravatar.com\\\/avatar\\\/492b80bada79439de4201dce15cd41eece6c277cfdf1b53382073c79105c1f89?s=96&d=mm&r=g\",\"contentUrl\":\"https:\\\/\\\/secure.gravatar.com\\\/avatar\\\/492b80bada79439de4201dce15cd41eece6c277cfdf1b53382073c79105c1f89?s=96&d=mm&r=g\",\"caption\":\"AZ\"},\"url\":\"https:\\\/\\\/www.webdo.tn\\\/fr\\\/actualite\\\/author\\\/az\\\/\"}]}<\/script>\n<!-- \/ Yoast SEO Premium plugin. -->","yoast_head_json":{"title":"Affaires Borhen Bssaies et Mourad Zeghidi : Les appels examin\u00e9s le 30 juillet","description":"Audience d'appel pr\u00e9vue le 30 juillet 2024 \u00e0 Tunis pour les journalistes Borhen Bsa\u00efes et Mourad Zeghidi, condamn\u00e9s chacun \u00e0 six mois de prison pour atteinte \u00e0...","canonical":"https:\/\/www.webdo.tn\/fr\/actualite\/national\/affaires-borhen-bssaies-et-mourad-zeghidi-les-appels-examines-le-30-juillet\/215395\/","og_locale":"fr_FR","og_type":"article","og_title":"Affaires Borhen Bssaies et Mourad Zeghidi : Les appels examin\u00e9s le 30 juillet","og_description":"Audience d'appel pr\u00e9vue le 30 juillet 2024 \u00e0 Tunis pour les journalistes Borhen Bsa\u00efes et Mourad Zeghidi, condamn\u00e9s chacun \u00e0 six mois de prison pour atteinte \u00e0...","og_url":"https:\/\/www.webdo.tn\/fr\/actualite\/national\/affaires-borhen-bssaies-et-mourad-zeghidi-les-appels-examines-le-30-juillet\/215395\/","og_site_name":"webdo","article_publisher":"https:\/\/www.facebook.com\/webdotn","article_published_time":"2024-07-21T10:14:00+00:00","article_modified_time":"2025-05-21T09:05:55+00:00","og_image":[{"width":750,"height":400,"url":"https:\/\/www.webdo.tn\/fr\/wp-content\/uploads\/2024\/07\/c903bf0ea9a6fa6b590293f9e9ccb6e1.webp","type":"image\/webp"}],"author":"AZ","twitter_card":"summary_large_image","twitter_creator":"@webdo_tn","twitter_site":"@webdo_tn","twitter_misc":{"\u00c9crit par":"AZ","Dur\u00e9e de lecture estim\u00e9e":"1 minute"},"schema":{"@context":"https:\/\/schema.org","@graph":[{"@type":"NewsArticle","@id":"https:\/\/www.webdo.tn\/fr\/actualite\/national\/affaires-borhen-bssaies-et-mourad-zeghidi-les-appels-examines-le-30-juillet\/215395\/#article","isPartOf":{"@id":"https:\/\/www.webdo.tn\/fr\/actualite\/national\/affaires-borhen-bssaies-et-mourad-zeghidi-les-appels-examines-le-30-juillet\/215395\/"},"author":{"name":"AZ","@id":"https:\/\/www.webdo.tn\/fr\/#\/schema\/person\/b8a41c04d93287d375510db360906b34"},"headline":"Affaires Borhen Bssaies et Mourad Zeghidi : Les appels examin\u00e9s le 30 juillet","datePublished":"2024-07-21T10:14:00+00:00","dateModified":"2025-05-21T09:05:55+00:00","mainEntityOfPage":{"@id":"https:\/\/www.webdo.tn\/fr\/actualite\/national\/affaires-borhen-bssaies-et-mourad-zeghidi-les-appels-examines-le-30-juillet\/215395\/"},"wordCount":138,"commentCount":0,"publisher":{"@id":"https:\/\/www.webdo.tn\/fr\/#organization"},"image":{"@id":"https:\/\/www.webdo.tn\/fr\/actualite\/national\/affaires-borhen-bssaies-et-mourad-zeghidi-les-appels-examines-le-30-juillet\/215395\/#primaryimage"},"thumbnailUrl":"https:\/\/www.webdo.tn\/fr\/wp-content\/uploads\/2024\/07\/c903bf0ea9a6fa6b590293f9e9ccb6e1.webp","keywords":["borhen bssaies","Mourad Zeghidi","proc\u00e8s","Tunisie"],"articleSection":["National"],"inLanguage":"fr-FR"},{"@type":"WebPage","@id":"https:\/\/www.webdo.tn\/fr\/actualite\/national\/affaires-borhen-bssaies-et-mourad-zeghidi-les-appels-examines-le-30-juillet\/215395\/","url":"https:\/\/www.webdo.tn\/fr\/actualite\/national\/affaires-borhen-bssaies-et-mourad-zeghidi-les-appels-examines-le-30-juillet\/215395\/","name":"Affaires Borhen Bssaies et Mourad Zeghidi : Les appels examin\u00e9s le 30 juillet","isPartOf":{"@id":"https:\/\/www.webdo.tn\/fr\/#website"},"primaryImageOfPage":{"@id":"https:\/\/www.webdo.tn\/fr\/actualite\/national\/affaires-borhen-bssaies-et-mourad-zeghidi-les-appels-examines-le-30-juillet\/215395\/#primaryimage"},"image":{"@id":"https:\/\/www.webdo.tn\/fr\/actualite\/national\/affaires-borhen-bssaies-et-mourad-zeghidi-les-appels-examines-le-30-juillet\/215395\/#primaryimage"},"thumbnailUrl":"https:\/\/www.webdo.tn\/fr\/wp-content\/uploads\/2024\/07\/c903bf0ea9a6fa6b590293f9e9ccb6e1.webp","datePublished":"2024-07-21T10:14:00+00:00","dateModified":"2025-05-21T09:05:55+00:00","description":"Audience d'appel pr\u00e9vue le 30 juillet 2024 \u00e0 Tunis pour les journalistes Borhen Bsa\u00efes et Mourad Zeghidi, condamn\u00e9s chacun \u00e0 six mois de prison pour atteinte \u00e0...","breadcrumb":{"@id":"https:\/\/www.webdo.tn\/fr\/actualite\/national\/affaires-borhen-bssaies-et-mourad-zeghidi-les-appels-examines-le-30-juillet\/215395\/#breadcrumb"},"inLanguage":"fr-FR","potentialAction":[{"@type":"ReadAction","target":["https:\/\/www.webdo.tn\/fr\/actualite\/national\/affaires-borhen-bssaies-et-mourad-zeghidi-les-appels-examines-le-30-juillet\/215395\/"]}]},{"@type":"ImageObject","inLanguage":"fr-FR","@id":"https:\/\/www.webdo.tn\/fr\/actualite\/national\/affaires-borhen-bssaies-et-mourad-zeghidi-les-appels-examines-le-30-juillet\/215395\/#primaryimage","url":"https:\/\/www.webdo.tn\/fr\/wp-content\/uploads\/2024\/07\/c903bf0ea9a6fa6b590293f9e9ccb6e1.webp","contentUrl":"https:\/\/www.webdo.tn\/fr\/wp-content\/uploads\/2024\/07\/c903bf0ea9a6fa6b590293f9e9ccb6e1.webp","width":750,"height":400,"caption":"Affaires Borhen Bssaies et Mourad Zeghidi : Les appels examin\u00e9s le 30 juillet"},{"@type":"BreadcrumbList","@id":"https:\/\/www.webdo.tn\/fr\/actualite\/national\/affaires-borhen-bssaies-et-mourad-zeghidi-les-appels-examines-le-30-juillet\/215395\/#breadcrumb","itemListElement":[{"@type":"ListItem","position":1,"name":"Accueil","item":"https:\/\/www.webdo.tn\/fr\/"},{"@type":"ListItem","position":2,"name":"Affaires Borhen Bssaies et Mourad Zeghidi : Les appels examin\u00e9s le 30 juillet"}]},{"@type":"WebSite","@id":"https:\/\/www.webdo.tn\/fr\/#website","url":"https:\/\/www.webdo.tn\/fr\/","name":"webdo","description":"Tunisie - News en Tunisie et \u00e0 l&#039;international sur Webdo.tn","publisher":{"@id":"https:\/\/www.webdo.tn\/fr\/#organization"},"potentialAction":[{"@type":"SearchAction","target":{"@type":"EntryPoint","urlTemplate":"https:\/\/www.webdo.tn\/fr\/?s={search_term_string}"},"query-input":{"@type":"PropertyValueSpecification","valueRequired":true,"valueName":"search_term_string"}}],"inLanguage":"fr-FR"},{"@type":"Organization","@id":"https:\/\/www.webdo.tn\/fr\/#organization","name":"Webdo","alternateName":"Webdo.tn","url":"https:\/\/www.webdo.tn\/fr\/","logo":{"@type":"ImageObject","inLanguage":"fr-FR","@id":"https:\/\/www.webdo.tn\/fr\/#\/schema\/logo\/image\/","url":"https:\/\/www.webdo.tn\/fr\/wp-content\/uploads\/2025\/06\/Webdo-Tunisie_168377.jpg","contentUrl":"https:\/\/www.webdo.tn\/fr\/wp-content\/uploads\/2025\/06\/Webdo-Tunisie_168377.jpg","width":301,"height":301,"caption":"Webdo"},"image":{"@id":"https:\/\/www.webdo.tn\/fr\/#\/schema\/logo\/image\/"},"sameAs":["https:\/\/www.facebook.com\/webdotn","https:\/\/x.com\/webdo_tn"],"description":"Webdo est un m\u00e9dia num\u00e9rique tunisien fond\u00e9 en 2010, sp\u00e9cialis\u00e9 dans l\u2019actualit\u00e9 nationale et internationale, l\u2019\u00e9conomie, la soci\u00e9t\u00e9 et les analyses politiques. Le site s\u2019adresse \u00e0 un large public francophone et couvre l\u2019information tunisienne en temps r\u00e9el.","email":"redac@webdo.tn","legalName":"YNJ SARL","foundingDate":"2010-09-06","numberOfEmployees":{"@type":"QuantitativeValue","minValue":"11","maxValue":"50"}},{"@type":"Person","@id":"https:\/\/www.webdo.tn\/fr\/#\/schema\/person\/b8a41c04d93287d375510db360906b34","name":"AZ","image":{"@type":"ImageObject","inLanguage":"fr-FR","@id":"https:\/\/secure.gravatar.com\/avatar\/492b80bada79439de4201dce15cd41eece6c277cfdf1b53382073c79105c1f89?s=96&d=mm&r=g","url":"https:\/\/secure.gravatar.com\/avatar\/492b80bada79439de4201dce15cd41eece6c277cfdf1b53382073c79105c1f89?s=96&d=mm&r=g","contentUrl":"https:\/\/secure.gravatar.com\/avatar\/492b80bada79439de4201dce15cd41eece6c277cfdf1b53382073c79105c1f89?s=96&d=mm&r=g","caption":"AZ"},"url":"https:\/\/www.webdo.tn\/fr\/actualite\/author\/az\/"}]}},"_links":{"self":[{"href":"https:\/\/www.webdo.tn\/fr\/wp-json\/wp\/v2\/posts\/215395","targetHints":{"allow":["GET"]}}],"collection":[{"href":"https:\/\/www.webdo.tn\/fr\/wp-json\/wp\/v2\/posts"}],"about":[{"href":"https:\/\/www.webdo.tn\/fr\/wp-json\/wp\/v2\/types\/post"}],"author":[{"embeddable":true,"href":"https:\/\/www.webdo.tn\/fr\/wp-json\/wp\/v2\/users\/3166"}],"replies":[{"embeddable":true,"href":"https:\/\/www.webdo.tn\/fr\/wp-json\/wp\/v2\/comments?post=215395"}],"version-history":[{"count":0,"href":"https:\/\/www.webdo.tn\/fr\/wp-json\/wp\/v2\/posts\/215395\/revisions"}],"wp:featuredmedia":[{"embeddable":true,"href":"https:\/\/www.webdo.tn\/fr\/wp-json\/wp\/v2\/media\/290869"}],"wp:attachment":[{"href":"https:\/\/www.webdo.tn\/fr\/wp-json\/wp\/v2\/media?parent=215395"}],"wp:term":[{"taxonomy":"category","embeddable":true,"href":"https:\/\/www.webdo.tn\/fr\/wp-json\/wp\/v2\/categories?post=215395"},{"taxonomy":"post_tag","embeddable":true,"href":"https:\/\/www.webdo.tn\/fr\/wp-json\/wp\/v2\/tags?post=215395"}],"curies":[{"name":"wp","href":"https:\/\/api.w.org\/{rel}","templated":true}]}}