{"id":215386,"date":"2024-07-20T09:50:00","date_gmt":"2024-07-20T09:50:00","guid":{"rendered":"https:\/\/www.webdo.tn\/fr\/blog\/onu-la-cij-estime-que-l-occupation-des-territoires-palestiniens-par-israel-est-illegale\/215386\/"},"modified":"2025-05-20T22:54:29","modified_gmt":"2025-05-20T22:54:29","slug":"onu-la-cij-estime-que-l-occupation-des-territoires-palestiniens-par-israel-est-illegale","status":"publish","type":"post","link":"https:\/\/www.webdo.tn\/fr\/actualite\/international\/onu-la-cij-estime-que-l-occupation-des-territoires-palestiniens-par-israel-est-illegale\/215386\/","title":{"rendered":"ONU : La CIJ estime que l\u2019occupation des territoires palestiniens par Isra\u00ebl est \u00ab ill\u00e9gale \u00bb"},"content":{"rendered":"<p>La CIJ, la plus haute juridiction des Nations unies, a estim\u00e9 hier vendredi 19 juillet que l\u2019occupation par l\u2019Etat h\u00e9breu des territoires palestiniens depuis 1967 \u00e9tait \u00ab ill\u00e9gale \u00bb.\u00a0<\/p>\n<p>\t\t\t\t\t\t\t\t\t\u00ab La Cour a estim\u00e9 que la pr\u00e9sence continue d\u2019Isra\u00ebl dans les territoires palestiniens \u00e9tait ill\u00e9gale \u00bb, a annonc\u00e9 le juge pr\u00e9sidant la CIJ, Nawaf Salam.\u00a0<\/p>\n<p>\u00ab L\u2019\u00c9tat d\u2019Isra\u00ebl a l\u2019obligation de mettre fin le plus rapidement possible \u00e0 sa pr\u00e9sence ill\u00e9gale dans les territoires palestiniens occup\u00e9s \u00bb, a-t-il averti.\u00a0<\/p>\n<p>Si l\u2019avis de la Cour internationale de justice (CIJ) n\u2019est pas contraignant, il pourrait accro\u00eetre la pression croissante sur Isra\u00ebl, rapporte dans ce sens Le Monde.\u00a0<\/p>\n<p>\u00ab C\u2019est la plus haute juridiction [de l\u2019ONU] et elle a pr\u00e9sent\u00e9 une analyse tr\u00e8s d\u00e9taill\u00e9e de ce qui se passe \u00e0 travers l\u2019occupation et la colonisation prolong\u00e9e par Isra\u00ebl du territoire palestinien, en violation du droit international \u00bb, s\u2019est f\u00e9licit\u00e9e Varsen Aghabekian, ministre d\u00e9l\u00e9gu\u00e9e aux affaires \u00e9trang\u00e8res de l\u2019Autorit\u00e9 palestinienne.<\/p>\n<p>Pour sa part, le premier ministre isra\u00e9lien, Benyamin N\u00e9tanyahou, a r\u00e9agi en affirmant qu\u2019 \u00abAucune fausse d\u00e9cision de La Haye ne d\u00e9formera cette v\u00e9rit\u00e9 historique, et, de m\u00eame, la l\u00e9galit\u00e9 de la colonisation isra\u00e9lienne sur tous les territoires de notre patrie ne peut \u00eatre contest\u00e9e \u00bb.<\/p>\n","protected":false},"excerpt":{"rendered":"<p>La CIJ, la plus haute juridiction des Nations unies, a estim\u00e9 hier vendredi 19 juillet que l\u2019occupation par l\u2019Etat h\u00e9breu des territoires palestiniens depuis 19&#8230;<\/p>\n","protected":false},"author":3175,"featured_media":290864,"comment_status":"open","ping_status":"closed","sticky":false,"template":"","format":"standard","meta":{"footnotes":""},"categories":[2598],"tags":[6949,2636,3296,2688],"class_list":["post-215386","post","type-post","status-publish","format-standard","has-post-thumbnail","hentry","category-international","tag-cij","tag-israel","tag-onu","tag-palestine"],"yoast_head":"<!-- This site is optimized with the Yoast SEO Premium plugin v27.5 (Yoast SEO v27.5) - https:\/\/yoast.com\/product\/yoast-seo-premium-wordpress\/ -->\n<title>ONU : La CIJ estime que l\u2019occupation des territoires palestiniens par Isra\u00ebl est \u00ab ill\u00e9gale \u00bb<\/title>\n<meta name=\"description\" content=\"La CIJ, la plus haute juridiction des Nations unies, a estim\u00e9 hier vendredi 19 juillet que l\u2019occupation par l\u2019Etat h\u00e9breu des territoires palestiniens depuis 19...\" \/>\n<link rel=\"canonical\" href=\"https:\/\/www.webdo.tn\/fr\/actualite\/international\/onu-la-cij-estime-que-l-occupation-des-territoires-palestiniens-par-israel-est-illegale\/215386\/\" \/>\n<meta property=\"og:locale\" content=\"fr_FR\" \/>\n<meta property=\"og:type\" content=\"article\" \/>\n<meta property=\"og:title\" content=\"ONU : La CIJ estime que l\u2019occupation des territoires palestiniens par Isra\u00ebl est \u00ab ill\u00e9gale \u00bb\" \/>\n<meta property=\"og:description\" content=\"La CIJ, la plus haute juridiction des Nations unies, a estim\u00e9 hier vendredi 19 juillet que l\u2019occupation par l\u2019Etat h\u00e9breu des territoires palestiniens depuis 19...\" \/>\n<meta property=\"og:url\" content=\"https:\/\/www.webdo.tn\/fr\/actualite\/international\/onu-la-cij-estime-que-l-occupation-des-territoires-palestiniens-par-israel-est-illegale\/215386\/\" \/>\n<meta property=\"og:site_name\" content=\"webdo\" \/>\n<meta property=\"article:publisher\" content=\"https:\/\/www.facebook.com\/webdotn\" \/>\n<meta property=\"article:published_time\" content=\"2024-07-20T09:50:00+00:00\" \/>\n<meta property=\"article:modified_time\" content=\"2025-05-20T22:54:29+00:00\" \/>\n<meta property=\"og:image\" content=\"https:\/\/www.webdo.tn\/fr\/wp-content\/uploads\/2024\/07\/1196c8d813f4318047e493ca6dad77ea.webp\" \/>\n\t<meta property=\"og:image:width\" content=\"750\" \/>\n\t<meta property=\"og:image:height\" content=\"400\" \/>\n\t<meta property=\"og:image:type\" content=\"image\/webp\" \/>\n<meta name=\"author\" content=\"CL\" \/>\n<meta name=\"twitter:card\" content=\"summary_large_image\" \/>\n<meta name=\"twitter:creator\" content=\"@webdo_tn\" \/>\n<meta name=\"twitter:site\" content=\"@webdo_tn\" \/>\n<meta name=\"twitter:label1\" content=\"\u00c9crit par\" \/>\n\t<meta name=\"twitter:data1\" content=\"CL\" \/>\n\t<meta name=\"twitter:label2\" content=\"Dur\u00e9e de lecture estim\u00e9e\" \/>\n\t<meta name=\"twitter:data2\" content=\"1 minute\" \/>\n<script type=\"application\/ld+json\" class=\"yoast-schema-graph\">{\"@context\":\"https:\\\/\\\/schema.org\",\"@graph\":[{\"@type\":\"NewsArticle\",\"@id\":\"https:\\\/\\\/www.webdo.tn\\\/fr\\\/actualite\\\/international\\\/onu-la-cij-estime-que-l-occupation-des-territoires-palestiniens-par-israel-est-illegale\\\/215386\\\/#article\",\"isPartOf\":{\"@id\":\"https:\\\/\\\/www.webdo.tn\\\/fr\\\/actualite\\\/international\\\/onu-la-cij-estime-que-l-occupation-des-territoires-palestiniens-par-israel-est-illegale\\\/215386\\\/\"},\"author\":{\"name\":\"CL\",\"@id\":\"https:\\\/\\\/www.webdo.tn\\\/fr\\\/#\\\/schema\\\/person\\\/f35b42a42c5e2511bbd282959d6385cc\"},\"headline\":\"ONU : La CIJ estime que l\u2019occupation des territoires palestiniens par Isra\u00ebl est \u00ab ill\u00e9gale \u00bb\",\"datePublished\":\"2024-07-20T09:50:00+00:00\",\"dateModified\":\"2025-05-20T22:54:29+00:00\",\"mainEntityOfPage\":{\"@id\":\"https:\\\/\\\/www.webdo.tn\\\/fr\\\/actualite\\\/international\\\/onu-la-cij-estime-que-l-occupation-des-territoires-palestiniens-par-israel-est-illegale\\\/215386\\\/\"},\"wordCount\":252,\"commentCount\":0,\"publisher\":{\"@id\":\"https:\\\/\\\/www.webdo.tn\\\/fr\\\/#organization\"},\"image\":{\"@id\":\"https:\\\/\\\/www.webdo.tn\\\/fr\\\/actualite\\\/international\\\/onu-la-cij-estime-que-l-occupation-des-territoires-palestiniens-par-israel-est-illegale\\\/215386\\\/#primaryimage\"},\"thumbnailUrl\":\"https:\\\/\\\/www.webdo.tn\\\/fr\\\/wp-content\\\/uploads\\\/2024\\\/07\\\/1196c8d813f4318047e493ca6dad77ea.webp\",\"keywords\":[\"CIJ\",\"isra\u00ebl\",\"ONU\",\"Palestine\"],\"articleSection\":[\"International\"],\"inLanguage\":\"fr-FR\"},{\"@type\":\"WebPage\",\"@id\":\"https:\\\/\\\/www.webdo.tn\\\/fr\\\/actualite\\\/international\\\/onu-la-cij-estime-que-l-occupation-des-territoires-palestiniens-par-israel-est-illegale\\\/215386\\\/\",\"url\":\"https:\\\/\\\/www.webdo.tn\\\/fr\\\/actualite\\\/international\\\/onu-la-cij-estime-que-l-occupation-des-territoires-palestiniens-par-israel-est-illegale\\\/215386\\\/\",\"name\":\"ONU : La CIJ estime que l\u2019occupation des territoires palestiniens par Isra\u00ebl est \u00ab ill\u00e9gale \u00bb\",\"isPartOf\":{\"@id\":\"https:\\\/\\\/www.webdo.tn\\\/fr\\\/#website\"},\"primaryImageOfPage\":{\"@id\":\"https:\\\/\\\/www.webdo.tn\\\/fr\\\/actualite\\\/international\\\/onu-la-cij-estime-que-l-occupation-des-territoires-palestiniens-par-israel-est-illegale\\\/215386\\\/#primaryimage\"},\"image\":{\"@id\":\"https:\\\/\\\/www.webdo.tn\\\/fr\\\/actualite\\\/international\\\/onu-la-cij-estime-que-l-occupation-des-territoires-palestiniens-par-israel-est-illegale\\\/215386\\\/#primaryimage\"},\"thumbnailUrl\":\"https:\\\/\\\/www.webdo.tn\\\/fr\\\/wp-content\\\/uploads\\\/2024\\\/07\\\/1196c8d813f4318047e493ca6dad77ea.webp\",\"datePublished\":\"2024-07-20T09:50:00+00:00\",\"dateModified\":\"2025-05-20T22:54:29+00:00\",\"description\":\"La CIJ, la plus haute juridiction des Nations unies, a estim\u00e9 hier vendredi 19 juillet que l\u2019occupation par l\u2019Etat h\u00e9breu des territoires palestiniens depuis 19...\",\"breadcrumb\":{\"@id\":\"https:\\\/\\\/www.webdo.tn\\\/fr\\\/actualite\\\/international\\\/onu-la-cij-estime-que-l-occupation-des-territoires-palestiniens-par-israel-est-illegale\\\/215386\\\/#breadcrumb\"},\"inLanguage\":\"fr-FR\",\"potentialAction\":[{\"@type\":\"ReadAction\",\"target\":[\"https:\\\/\\\/www.webdo.tn\\\/fr\\\/actualite\\\/international\\\/onu-la-cij-estime-que-l-occupation-des-territoires-palestiniens-par-israel-est-illegale\\\/215386\\\/\"]}]},{\"@type\":\"ImageObject\",\"inLanguage\":\"fr-FR\",\"@id\":\"https:\\\/\\\/www.webdo.tn\\\/fr\\\/actualite\\\/international\\\/onu-la-cij-estime-que-l-occupation-des-territoires-palestiniens-par-israel-est-illegale\\\/215386\\\/#primaryimage\",\"url\":\"https:\\\/\\\/www.webdo.tn\\\/fr\\\/wp-content\\\/uploads\\\/2024\\\/07\\\/1196c8d813f4318047e493ca6dad77ea.webp\",\"contentUrl\":\"https:\\\/\\\/www.webdo.tn\\\/fr\\\/wp-content\\\/uploads\\\/2024\\\/07\\\/1196c8d813f4318047e493ca6dad77ea.webp\",\"width\":750,\"height\":400,\"caption\":\"ONU : La CIJ estime que l\u2019occupation des territoires palestiniens par Isra\u00ebl est \u00ab ill\u00e9gale \u00bb\"},{\"@type\":\"BreadcrumbList\",\"@id\":\"https:\\\/\\\/www.webdo.tn\\\/fr\\\/actualite\\\/international\\\/onu-la-cij-estime-que-l-occupation-des-territoires-palestiniens-par-israel-est-illegale\\\/215386\\\/#breadcrumb\",\"itemListElement\":[{\"@type\":\"ListItem\",\"position\":1,\"name\":\"Accueil\",\"item\":\"https:\\\/\\\/www.webdo.tn\\\/fr\\\/\"},{\"@type\":\"ListItem\",\"position\":2,\"name\":\"ONU : La CIJ estime que l\u2019occupation des territoires palestiniens par Isra\u00ebl est \u00ab ill\u00e9gale \u00bb\"}]},{\"@type\":\"WebSite\",\"@id\":\"https:\\\/\\\/www.webdo.tn\\\/fr\\\/#website\",\"url\":\"https:\\\/\\\/www.webdo.tn\\\/fr\\\/\",\"name\":\"webdo\",\"description\":\"Tunisie - News en Tunisie et \u00e0 l&#039;international sur Webdo.tn\",\"publisher\":{\"@id\":\"https:\\\/\\\/www.webdo.tn\\\/fr\\\/#organization\"},\"potentialAction\":[{\"@type\":\"SearchAction\",\"target\":{\"@type\":\"EntryPoint\",\"urlTemplate\":\"https:\\\/\\\/www.webdo.tn\\\/fr\\\/?s={search_term_string}\"},\"query-input\":{\"@type\":\"PropertyValueSpecification\",\"valueRequired\":true,\"valueName\":\"search_term_string\"}}],\"inLanguage\":\"fr-FR\"},{\"@type\":\"Organization\",\"@id\":\"https:\\\/\\\/www.webdo.tn\\\/fr\\\/#organization\",\"name\":\"Webdo\",\"alternateName\":\"Webdo.tn\",\"url\":\"https:\\\/\\\/www.webdo.tn\\\/fr\\\/\",\"logo\":{\"@type\":\"ImageObject\",\"inLanguage\":\"fr-FR\",\"@id\":\"https:\\\/\\\/www.webdo.tn\\\/fr\\\/#\\\/schema\\\/logo\\\/image\\\/\",\"url\":\"https:\\\/\\\/www.webdo.tn\\\/fr\\\/wp-content\\\/uploads\\\/2025\\\/06\\\/Webdo-Tunisie_168377.jpg\",\"contentUrl\":\"https:\\\/\\\/www.webdo.tn\\\/fr\\\/wp-content\\\/uploads\\\/2025\\\/06\\\/Webdo-Tunisie_168377.jpg\",\"width\":301,\"height\":301,\"caption\":\"Webdo\"},\"image\":{\"@id\":\"https:\\\/\\\/www.webdo.tn\\\/fr\\\/#\\\/schema\\\/logo\\\/image\\\/\"},\"sameAs\":[\"https:\\\/\\\/www.facebook.com\\\/webdotn\",\"https:\\\/\\\/x.com\\\/webdo_tn\"],\"description\":\"Webdo est un m\u00e9dia num\u00e9rique tunisien fond\u00e9 en 2010, sp\u00e9cialis\u00e9 dans l\u2019actualit\u00e9 nationale et internationale, l\u2019\u00e9conomie, la soci\u00e9t\u00e9 et les analyses politiques. Le site s\u2019adresse \u00e0 un large public francophone et couvre l\u2019information tunisienne en temps r\u00e9el.\",\"email\":\"redac@webdo.tn\",\"legalName\":\"YNJ SARL\",\"foundingDate\":\"2010-09-06\",\"numberOfEmployees\":{\"@type\":\"QuantitativeValue\",\"minValue\":\"11\",\"maxValue\":\"50\"}},{\"@type\":\"Person\",\"@id\":\"https:\\\/\\\/www.webdo.tn\\\/fr\\\/#\\\/schema\\\/person\\\/f35b42a42c5e2511bbd282959d6385cc\",\"name\":\"CL\",\"image\":{\"@type\":\"ImageObject\",\"inLanguage\":\"fr-FR\",\"@id\":\"https:\\\/\\\/secure.gravatar.com\\\/avatar\\\/1447a49909b67aa657c488aec6512e1dd6143a480c1ecfee9b5b5cd74eb3b59e?s=96&d=mm&r=g\",\"url\":\"https:\\\/\\\/secure.gravatar.com\\\/avatar\\\/1447a49909b67aa657c488aec6512e1dd6143a480c1ecfee9b5b5cd74eb3b59e?s=96&d=mm&r=g\",\"contentUrl\":\"https:\\\/\\\/secure.gravatar.com\\\/avatar\\\/1447a49909b67aa657c488aec6512e1dd6143a480c1ecfee9b5b5cd74eb3b59e?s=96&d=mm&r=g\",\"caption\":\"CL\"},\"url\":\"https:\\\/\\\/www.webdo.tn\\\/fr\\\/actualite\\\/author\\\/cl\\\/\"}]}<\/script>\n<!-- \/ Yoast SEO Premium plugin. -->","yoast_head_json":{"title":"ONU : La CIJ estime que l\u2019occupation des territoires palestiniens par Isra\u00ebl est \u00ab ill\u00e9gale \u00bb","description":"La CIJ, la plus haute juridiction des Nations unies, a estim\u00e9 hier vendredi 19 juillet que l\u2019occupation par l\u2019Etat h\u00e9breu des territoires palestiniens depuis 19...","canonical":"https:\/\/www.webdo.tn\/fr\/actualite\/international\/onu-la-cij-estime-que-l-occupation-des-territoires-palestiniens-par-israel-est-illegale\/215386\/","og_locale":"fr_FR","og_type":"article","og_title":"ONU : La CIJ estime que l\u2019occupation des territoires palestiniens par Isra\u00ebl est \u00ab ill\u00e9gale \u00bb","og_description":"La CIJ, la plus haute juridiction des Nations unies, a estim\u00e9 hier vendredi 19 juillet que l\u2019occupation par l\u2019Etat h\u00e9breu des territoires palestiniens depuis 19...","og_url":"https:\/\/www.webdo.tn\/fr\/actualite\/international\/onu-la-cij-estime-que-l-occupation-des-territoires-palestiniens-par-israel-est-illegale\/215386\/","og_site_name":"webdo","article_publisher":"https:\/\/www.facebook.com\/webdotn","article_published_time":"2024-07-20T09:50:00+00:00","article_modified_time":"2025-05-20T22:54:29+00:00","og_image":[{"width":750,"height":400,"url":"https:\/\/www.webdo.tn\/fr\/wp-content\/uploads\/2024\/07\/1196c8d813f4318047e493ca6dad77ea.webp","type":"image\/webp"}],"author":"CL","twitter_card":"summary_large_image","twitter_creator":"@webdo_tn","twitter_site":"@webdo_tn","twitter_misc":{"\u00c9crit par":"CL","Dur\u00e9e de lecture estim\u00e9e":"1 minute"},"schema":{"@context":"https:\/\/schema.org","@graph":[{"@type":"NewsArticle","@id":"https:\/\/www.webdo.tn\/fr\/actualite\/international\/onu-la-cij-estime-que-l-occupation-des-territoires-palestiniens-par-israel-est-illegale\/215386\/#article","isPartOf":{"@id":"https:\/\/www.webdo.tn\/fr\/actualite\/international\/onu-la-cij-estime-que-l-occupation-des-territoires-palestiniens-par-israel-est-illegale\/215386\/"},"author":{"name":"CL","@id":"https:\/\/www.webdo.tn\/fr\/#\/schema\/person\/f35b42a42c5e2511bbd282959d6385cc"},"headline":"ONU : La CIJ estime que l\u2019occupation des territoires palestiniens par Isra\u00ebl est \u00ab ill\u00e9gale \u00bb","datePublished":"2024-07-20T09:50:00+00:00","dateModified":"2025-05-20T22:54:29+00:00","mainEntityOfPage":{"@id":"https:\/\/www.webdo.tn\/fr\/actualite\/international\/onu-la-cij-estime-que-l-occupation-des-territoires-palestiniens-par-israel-est-illegale\/215386\/"},"wordCount":252,"commentCount":0,"publisher":{"@id":"https:\/\/www.webdo.tn\/fr\/#organization"},"image":{"@id":"https:\/\/www.webdo.tn\/fr\/actualite\/international\/onu-la-cij-estime-que-l-occupation-des-territoires-palestiniens-par-israel-est-illegale\/215386\/#primaryimage"},"thumbnailUrl":"https:\/\/www.webdo.tn\/fr\/wp-content\/uploads\/2024\/07\/1196c8d813f4318047e493ca6dad77ea.webp","keywords":["CIJ","isra\u00ebl","ONU","Palestine"],"articleSection":["International"],"inLanguage":"fr-FR"},{"@type":"WebPage","@id":"https:\/\/www.webdo.tn\/fr\/actualite\/international\/onu-la-cij-estime-que-l-occupation-des-territoires-palestiniens-par-israel-est-illegale\/215386\/","url":"https:\/\/www.webdo.tn\/fr\/actualite\/international\/onu-la-cij-estime-que-l-occupation-des-territoires-palestiniens-par-israel-est-illegale\/215386\/","name":"ONU : La CIJ estime que l\u2019occupation des territoires palestiniens par Isra\u00ebl est \u00ab ill\u00e9gale \u00bb","isPartOf":{"@id":"https:\/\/www.webdo.tn\/fr\/#website"},"primaryImageOfPage":{"@id":"https:\/\/www.webdo.tn\/fr\/actualite\/international\/onu-la-cij-estime-que-l-occupation-des-territoires-palestiniens-par-israel-est-illegale\/215386\/#primaryimage"},"image":{"@id":"https:\/\/www.webdo.tn\/fr\/actualite\/international\/onu-la-cij-estime-que-l-occupation-des-territoires-palestiniens-par-israel-est-illegale\/215386\/#primaryimage"},"thumbnailUrl":"https:\/\/www.webdo.tn\/fr\/wp-content\/uploads\/2024\/07\/1196c8d813f4318047e493ca6dad77ea.webp","datePublished":"2024-07-20T09:50:00+00:00","dateModified":"2025-05-20T22:54:29+00:00","description":"La CIJ, la plus haute juridiction des Nations unies, a estim\u00e9 hier vendredi 19 juillet que l\u2019occupation par l\u2019Etat h\u00e9breu des territoires palestiniens depuis 19...","breadcrumb":{"@id":"https:\/\/www.webdo.tn\/fr\/actualite\/international\/onu-la-cij-estime-que-l-occupation-des-territoires-palestiniens-par-israel-est-illegale\/215386\/#breadcrumb"},"inLanguage":"fr-FR","potentialAction":[{"@type":"ReadAction","target":["https:\/\/www.webdo.tn\/fr\/actualite\/international\/onu-la-cij-estime-que-l-occupation-des-territoires-palestiniens-par-israel-est-illegale\/215386\/"]}]},{"@type":"ImageObject","inLanguage":"fr-FR","@id":"https:\/\/www.webdo.tn\/fr\/actualite\/international\/onu-la-cij-estime-que-l-occupation-des-territoires-palestiniens-par-israel-est-illegale\/215386\/#primaryimage","url":"https:\/\/www.webdo.tn\/fr\/wp-content\/uploads\/2024\/07\/1196c8d813f4318047e493ca6dad77ea.webp","contentUrl":"https:\/\/www.webdo.tn\/fr\/wp-content\/uploads\/2024\/07\/1196c8d813f4318047e493ca6dad77ea.webp","width":750,"height":400,"caption":"ONU : La CIJ estime que l\u2019occupation des territoires palestiniens par Isra\u00ebl est \u00ab ill\u00e9gale \u00bb"},{"@type":"BreadcrumbList","@id":"https:\/\/www.webdo.tn\/fr\/actualite\/international\/onu-la-cij-estime-que-l-occupation-des-territoires-palestiniens-par-israel-est-illegale\/215386\/#breadcrumb","itemListElement":[{"@type":"ListItem","position":1,"name":"Accueil","item":"https:\/\/www.webdo.tn\/fr\/"},{"@type":"ListItem","position":2,"name":"ONU : La CIJ estime que l\u2019occupation des territoires palestiniens par Isra\u00ebl est \u00ab ill\u00e9gale \u00bb"}]},{"@type":"WebSite","@id":"https:\/\/www.webdo.tn\/fr\/#website","url":"https:\/\/www.webdo.tn\/fr\/","name":"webdo","description":"Tunisie - News en Tunisie et \u00e0 l&#039;international sur Webdo.tn","publisher":{"@id":"https:\/\/www.webdo.tn\/fr\/#organization"},"potentialAction":[{"@type":"SearchAction","target":{"@type":"EntryPoint","urlTemplate":"https:\/\/www.webdo.tn\/fr\/?s={search_term_string}"},"query-input":{"@type":"PropertyValueSpecification","valueRequired":true,"valueName":"search_term_string"}}],"inLanguage":"fr-FR"},{"@type":"Organization","@id":"https:\/\/www.webdo.tn\/fr\/#organization","name":"Webdo","alternateName":"Webdo.tn","url":"https:\/\/www.webdo.tn\/fr\/","logo":{"@type":"ImageObject","inLanguage":"fr-FR","@id":"https:\/\/www.webdo.tn\/fr\/#\/schema\/logo\/image\/","url":"https:\/\/www.webdo.tn\/fr\/wp-content\/uploads\/2025\/06\/Webdo-Tunisie_168377.jpg","contentUrl":"https:\/\/www.webdo.tn\/fr\/wp-content\/uploads\/2025\/06\/Webdo-Tunisie_168377.jpg","width":301,"height":301,"caption":"Webdo"},"image":{"@id":"https:\/\/www.webdo.tn\/fr\/#\/schema\/logo\/image\/"},"sameAs":["https:\/\/www.facebook.com\/webdotn","https:\/\/x.com\/webdo_tn"],"description":"Webdo est un m\u00e9dia num\u00e9rique tunisien fond\u00e9 en 2010, sp\u00e9cialis\u00e9 dans l\u2019actualit\u00e9 nationale et internationale, l\u2019\u00e9conomie, la soci\u00e9t\u00e9 et les analyses politiques. Le site s\u2019adresse \u00e0 un large public francophone et couvre l\u2019information tunisienne en temps r\u00e9el.","email":"redac@webdo.tn","legalName":"YNJ SARL","foundingDate":"2010-09-06","numberOfEmployees":{"@type":"QuantitativeValue","minValue":"11","maxValue":"50"}},{"@type":"Person","@id":"https:\/\/www.webdo.tn\/fr\/#\/schema\/person\/f35b42a42c5e2511bbd282959d6385cc","name":"CL","image":{"@type":"ImageObject","inLanguage":"fr-FR","@id":"https:\/\/secure.gravatar.com\/avatar\/1447a49909b67aa657c488aec6512e1dd6143a480c1ecfee9b5b5cd74eb3b59e?s=96&d=mm&r=g","url":"https:\/\/secure.gravatar.com\/avatar\/1447a49909b67aa657c488aec6512e1dd6143a480c1ecfee9b5b5cd74eb3b59e?s=96&d=mm&r=g","contentUrl":"https:\/\/secure.gravatar.com\/avatar\/1447a49909b67aa657c488aec6512e1dd6143a480c1ecfee9b5b5cd74eb3b59e?s=96&d=mm&r=g","caption":"CL"},"url":"https:\/\/www.webdo.tn\/fr\/actualite\/author\/cl\/"}]}},"_links":{"self":[{"href":"https:\/\/www.webdo.tn\/fr\/wp-json\/wp\/v2\/posts\/215386","targetHints":{"allow":["GET"]}}],"collection":[{"href":"https:\/\/www.webdo.tn\/fr\/wp-json\/wp\/v2\/posts"}],"about":[{"href":"https:\/\/www.webdo.tn\/fr\/wp-json\/wp\/v2\/types\/post"}],"author":[{"embeddable":true,"href":"https:\/\/www.webdo.tn\/fr\/wp-json\/wp\/v2\/users\/3175"}],"replies":[{"embeddable":true,"href":"https:\/\/www.webdo.tn\/fr\/wp-json\/wp\/v2\/comments?post=215386"}],"version-history":[{"count":0,"href":"https:\/\/www.webdo.tn\/fr\/wp-json\/wp\/v2\/posts\/215386\/revisions"}],"wp:featuredmedia":[{"embeddable":true,"href":"https:\/\/www.webdo.tn\/fr\/wp-json\/wp\/v2\/media\/290864"}],"wp:attachment":[{"href":"https:\/\/www.webdo.tn\/fr\/wp-json\/wp\/v2\/media?parent=215386"}],"wp:term":[{"taxonomy":"category","embeddable":true,"href":"https:\/\/www.webdo.tn\/fr\/wp-json\/wp\/v2\/categories?post=215386"},{"taxonomy":"post_tag","embeddable":true,"href":"https:\/\/www.webdo.tn\/fr\/wp-json\/wp\/v2\/tags?post=215386"}],"curies":[{"name":"wp","href":"https:\/\/api.w.org\/{rel}","templated":true}]}}