{"id":215384,"date":"2024-07-20T08:46:00","date_gmt":"2024-07-20T08:46:00","guid":{"rendered":"https:\/\/www.webdo.tn\/fr\/blog\/tunisie-du-nouveau-dans-l-affaire-de-l-appareil-secret-d-ennahdha\/215384\/"},"modified":"2025-05-20T22:54:30","modified_gmt":"2025-05-20T22:54:30","slug":"tunisie-du-nouveau-dans-l-affaire-de-l-appareil-secret-d-ennahdha","status":"publish","type":"post","link":"https:\/\/www.webdo.tn\/fr\/actualite\/national\/tunisie-du-nouveau-dans-l-affaire-de-l-appareil-secret-d-ennahdha\/215384\/","title":{"rendered":"Tunisie : Du nouveau dans l\u2019affaire de l\u2019appareil secret d\u2019Ennahdha"},"content":{"rendered":"<p>Le porte-parole de la Cour d&rsquo;appel de Tunis, Habib Tarhani, a fait savoir, vendredi 19 juillet 2024, que la Chambre d&rsquo;accusation sp\u00e9cialis\u00e9e dans les affaires de terrorisme de la Cour d&rsquo;appel de Tunis a fix\u00e9 une audience pour le 1er ao\u00fbt prochain dans ce qui est connu sous le nom de \u00ab dossier de l&rsquo;appareil secret du mouvement Ennahdha \u00bb.<\/p>\n<p>Tarhani a ajout\u00e9 dans une d\u00e9claration \u00e0 l&rsquo;Agence Tunis Afrique Presse que ce dossier a \u00e9t\u00e9 transmis au parquet de la Cour d&rsquo;appel de Tunis le 16 juillet courant apr\u00e8s que le juge d&rsquo;instruction du p\u00f4le judiciaire de lutte contre le terrorisme ait cl\u00f4tur\u00e9 l&rsquo;enqu\u00eate \u00e0 ce sujet lundi dernier, indiquant que le minist\u00e8re public du tribunal de premi\u00e8re instance de Tunis avait \u00ab fait appel de la d\u00e9cision de cl\u00f4ture de l&rsquo;enqu\u00eate pour tous les accus\u00e9s \u00bb.<\/p>\n<p>Il a pr\u00e9cis\u00e9 que le dossier de l&rsquo;affaire comprenait 35 accus\u00e9s, dont 5 d\u00e9tenus dans le cadre de cette affaire, 7 d\u00e9tenus dans d&rsquo;autres affaires, 12 accus\u00e9s en libert\u00e9 provisoire et 11 accus\u00e9s en fuite.<\/p>\n<p>Tarhani a \u00e9galement indiqu\u00e9 que parmi les accus\u00e9s figurent Rached Kh\u00e9riji Ghannouchi (d\u00e9tenu), Ali Larayedh, Fethi Beldi, Kamel Bedoui et Atef El Omrani (les quatre d\u00e9tenus dans d&rsquo;autres affaires), ainsi que Mustapha Khadr et Kamel Laifi (tous deux en fuite).<\/p>\n","protected":false},"excerpt":{"rendered":"<p>Tarhani a ajout\u00e9 dans une d\u00e9claration \u00e0 l&rsquo;Agence Tunis Afrique Presse que ce dossier a \u00e9t\u00e9 transmis au parquet de la Cour d&rsquo;appel de Tunis le 16 juillet courant&#8230;<\/p>\n","protected":false},"author":3175,"featured_media":290865,"comment_status":"open","ping_status":"closed","sticky":false,"template":"","format":"standard","meta":{"footnotes":""},"categories":[44],"tags":[10328,3057,2619,2608],"class_list":["post-215384","post","type-post","status-publish","format-standard","has-post-thumbnail","hentry","category-national","tag-appreil-secret","tag-ennahdha","tag-justice","tag-tunisie"],"yoast_head":"<!-- This site is optimized with the Yoast SEO Premium plugin v27.5 (Yoast SEO v27.5) - https:\/\/yoast.com\/product\/yoast-seo-premium-wordpress\/ -->\n<title>Tunisie : Du nouveau dans l\u2019affaire de l\u2019appareil secret d\u2019Ennahdha<\/title>\n<meta name=\"description\" content=\"Tarhani a ajout\u00e9 dans une d\u00e9claration \u00e0 l&#039;Agence Tunis Afrique Presse que ce dossier a \u00e9t\u00e9 transmis au parquet de la Cour d&#039;appel de Tunis le 16 juillet courant...\" \/>\n<link rel=\"canonical\" href=\"https:\/\/www.webdo.tn\/fr\/actualite\/national\/tunisie-du-nouveau-dans-l-affaire-de-l-appareil-secret-d-ennahdha\/215384\/\" \/>\n<meta property=\"og:locale\" content=\"fr_FR\" \/>\n<meta property=\"og:type\" content=\"article\" \/>\n<meta property=\"og:title\" content=\"Tunisie : Du nouveau dans l\u2019affaire de l\u2019appareil secret d\u2019Ennahdha\" \/>\n<meta property=\"og:description\" content=\"Tarhani a ajout\u00e9 dans une d\u00e9claration \u00e0 l&#039;Agence Tunis Afrique Presse que ce dossier a \u00e9t\u00e9 transmis au parquet de la Cour d&#039;appel de Tunis le 16 juillet courant...\" \/>\n<meta property=\"og:url\" content=\"https:\/\/www.webdo.tn\/fr\/actualite\/national\/tunisie-du-nouveau-dans-l-affaire-de-l-appareil-secret-d-ennahdha\/215384\/\" \/>\n<meta property=\"og:site_name\" content=\"webdo\" \/>\n<meta property=\"article:publisher\" content=\"https:\/\/www.facebook.com\/webdotn\" \/>\n<meta property=\"article:published_time\" content=\"2024-07-20T08:46:00+00:00\" \/>\n<meta property=\"article:modified_time\" content=\"2025-05-20T22:54:30+00:00\" \/>\n<meta property=\"og:image\" content=\"https:\/\/www.webdo.tn\/fr\/wp-content\/uploads\/2024\/07\/5220370f12a059d6a9bdfc3d1ca56697.webp\" \/>\n\t<meta property=\"og:image:width\" content=\"750\" \/>\n\t<meta property=\"og:image:height\" content=\"400\" \/>\n\t<meta property=\"og:image:type\" content=\"image\/webp\" \/>\n<meta name=\"author\" content=\"CL\" \/>\n<meta name=\"twitter:card\" content=\"summary_large_image\" \/>\n<meta name=\"twitter:creator\" content=\"@webdo_tn\" \/>\n<meta name=\"twitter:site\" content=\"@webdo_tn\" \/>\n<meta name=\"twitter:label1\" content=\"\u00c9crit par\" \/>\n\t<meta name=\"twitter:data1\" content=\"CL\" \/>\n\t<meta name=\"twitter:label2\" content=\"Dur\u00e9e de lecture estim\u00e9e\" \/>\n\t<meta name=\"twitter:data2\" content=\"1 minute\" \/>\n<script type=\"application\/ld+json\" class=\"yoast-schema-graph\">{\"@context\":\"https:\\\/\\\/schema.org\",\"@graph\":[{\"@type\":\"NewsArticle\",\"@id\":\"https:\\\/\\\/www.webdo.tn\\\/fr\\\/actualite\\\/national\\\/tunisie-du-nouveau-dans-l-affaire-de-l-appareil-secret-d-ennahdha\\\/215384\\\/#article\",\"isPartOf\":{\"@id\":\"https:\\\/\\\/www.webdo.tn\\\/fr\\\/actualite\\\/national\\\/tunisie-du-nouveau-dans-l-affaire-de-l-appareil-secret-d-ennahdha\\\/215384\\\/\"},\"author\":{\"name\":\"CL\",\"@id\":\"https:\\\/\\\/www.webdo.tn\\\/fr\\\/#\\\/schema\\\/person\\\/f35b42a42c5e2511bbd282959d6385cc\"},\"headline\":\"Tunisie : Du nouveau dans l\u2019affaire de l\u2019appareil secret d\u2019Ennahdha\",\"datePublished\":\"2024-07-20T08:46:00+00:00\",\"dateModified\":\"2025-05-20T22:54:30+00:00\",\"mainEntityOfPage\":{\"@id\":\"https:\\\/\\\/www.webdo.tn\\\/fr\\\/actualite\\\/national\\\/tunisie-du-nouveau-dans-l-affaire-de-l-appareil-secret-d-ennahdha\\\/215384\\\/\"},\"wordCount\":247,\"commentCount\":0,\"publisher\":{\"@id\":\"https:\\\/\\\/www.webdo.tn\\\/fr\\\/#organization\"},\"image\":{\"@id\":\"https:\\\/\\\/www.webdo.tn\\\/fr\\\/actualite\\\/national\\\/tunisie-du-nouveau-dans-l-affaire-de-l-appareil-secret-d-ennahdha\\\/215384\\\/#primaryimage\"},\"thumbnailUrl\":\"https:\\\/\\\/www.webdo.tn\\\/fr\\\/wp-content\\\/uploads\\\/2024\\\/07\\\/5220370f12a059d6a9bdfc3d1ca56697.webp\",\"keywords\":[\"'Appreil secret']\",\"Ennahdha\",\"justice\",\"Tunisie\"],\"articleSection\":[\"National\"],\"inLanguage\":\"fr-FR\"},{\"@type\":\"WebPage\",\"@id\":\"https:\\\/\\\/www.webdo.tn\\\/fr\\\/actualite\\\/national\\\/tunisie-du-nouveau-dans-l-affaire-de-l-appareil-secret-d-ennahdha\\\/215384\\\/\",\"url\":\"https:\\\/\\\/www.webdo.tn\\\/fr\\\/actualite\\\/national\\\/tunisie-du-nouveau-dans-l-affaire-de-l-appareil-secret-d-ennahdha\\\/215384\\\/\",\"name\":\"Tunisie : Du nouveau dans l\u2019affaire de l\u2019appareil secret d\u2019Ennahdha\",\"isPartOf\":{\"@id\":\"https:\\\/\\\/www.webdo.tn\\\/fr\\\/#website\"},\"primaryImageOfPage\":{\"@id\":\"https:\\\/\\\/www.webdo.tn\\\/fr\\\/actualite\\\/national\\\/tunisie-du-nouveau-dans-l-affaire-de-l-appareil-secret-d-ennahdha\\\/215384\\\/#primaryimage\"},\"image\":{\"@id\":\"https:\\\/\\\/www.webdo.tn\\\/fr\\\/actualite\\\/national\\\/tunisie-du-nouveau-dans-l-affaire-de-l-appareil-secret-d-ennahdha\\\/215384\\\/#primaryimage\"},\"thumbnailUrl\":\"https:\\\/\\\/www.webdo.tn\\\/fr\\\/wp-content\\\/uploads\\\/2024\\\/07\\\/5220370f12a059d6a9bdfc3d1ca56697.webp\",\"datePublished\":\"2024-07-20T08:46:00+00:00\",\"dateModified\":\"2025-05-20T22:54:30+00:00\",\"description\":\"Tarhani a ajout\u00e9 dans une d\u00e9claration \u00e0 l'Agence Tunis Afrique Presse que ce dossier a \u00e9t\u00e9 transmis au parquet de la Cour d'appel de Tunis le 16 juillet courant...\",\"breadcrumb\":{\"@id\":\"https:\\\/\\\/www.webdo.tn\\\/fr\\\/actualite\\\/national\\\/tunisie-du-nouveau-dans-l-affaire-de-l-appareil-secret-d-ennahdha\\\/215384\\\/#breadcrumb\"},\"inLanguage\":\"fr-FR\",\"potentialAction\":[{\"@type\":\"ReadAction\",\"target\":[\"https:\\\/\\\/www.webdo.tn\\\/fr\\\/actualite\\\/national\\\/tunisie-du-nouveau-dans-l-affaire-de-l-appareil-secret-d-ennahdha\\\/215384\\\/\"]}]},{\"@type\":\"ImageObject\",\"inLanguage\":\"fr-FR\",\"@id\":\"https:\\\/\\\/www.webdo.tn\\\/fr\\\/actualite\\\/national\\\/tunisie-du-nouveau-dans-l-affaire-de-l-appareil-secret-d-ennahdha\\\/215384\\\/#primaryimage\",\"url\":\"https:\\\/\\\/www.webdo.tn\\\/fr\\\/wp-content\\\/uploads\\\/2024\\\/07\\\/5220370f12a059d6a9bdfc3d1ca56697.webp\",\"contentUrl\":\"https:\\\/\\\/www.webdo.tn\\\/fr\\\/wp-content\\\/uploads\\\/2024\\\/07\\\/5220370f12a059d6a9bdfc3d1ca56697.webp\",\"width\":750,\"height\":400,\"caption\":\"Tunisie : Du nouveau dans l\u2019affaire de l\u2019appareil secret d\u2019Ennahdha\"},{\"@type\":\"BreadcrumbList\",\"@id\":\"https:\\\/\\\/www.webdo.tn\\\/fr\\\/actualite\\\/national\\\/tunisie-du-nouveau-dans-l-affaire-de-l-appareil-secret-d-ennahdha\\\/215384\\\/#breadcrumb\",\"itemListElement\":[{\"@type\":\"ListItem\",\"position\":1,\"name\":\"Accueil\",\"item\":\"https:\\\/\\\/www.webdo.tn\\\/fr\\\/\"},{\"@type\":\"ListItem\",\"position\":2,\"name\":\"Tunisie : Du nouveau dans l\u2019affaire de l\u2019appareil secret d\u2019Ennahdha\"}]},{\"@type\":\"WebSite\",\"@id\":\"https:\\\/\\\/www.webdo.tn\\\/fr\\\/#website\",\"url\":\"https:\\\/\\\/www.webdo.tn\\\/fr\\\/\",\"name\":\"webdo\",\"description\":\"Tunisie - News en Tunisie et \u00e0 l&#039;international sur Webdo.tn\",\"publisher\":{\"@id\":\"https:\\\/\\\/www.webdo.tn\\\/fr\\\/#organization\"},\"potentialAction\":[{\"@type\":\"SearchAction\",\"target\":{\"@type\":\"EntryPoint\",\"urlTemplate\":\"https:\\\/\\\/www.webdo.tn\\\/fr\\\/?s={search_term_string}\"},\"query-input\":{\"@type\":\"PropertyValueSpecification\",\"valueRequired\":true,\"valueName\":\"search_term_string\"}}],\"inLanguage\":\"fr-FR\"},{\"@type\":\"Organization\",\"@id\":\"https:\\\/\\\/www.webdo.tn\\\/fr\\\/#organization\",\"name\":\"Webdo\",\"alternateName\":\"Webdo.tn\",\"url\":\"https:\\\/\\\/www.webdo.tn\\\/fr\\\/\",\"logo\":{\"@type\":\"ImageObject\",\"inLanguage\":\"fr-FR\",\"@id\":\"https:\\\/\\\/www.webdo.tn\\\/fr\\\/#\\\/schema\\\/logo\\\/image\\\/\",\"url\":\"https:\\\/\\\/www.webdo.tn\\\/fr\\\/wp-content\\\/uploads\\\/2025\\\/06\\\/Webdo-Tunisie_168377.jpg\",\"contentUrl\":\"https:\\\/\\\/www.webdo.tn\\\/fr\\\/wp-content\\\/uploads\\\/2025\\\/06\\\/Webdo-Tunisie_168377.jpg\",\"width\":301,\"height\":301,\"caption\":\"Webdo\"},\"image\":{\"@id\":\"https:\\\/\\\/www.webdo.tn\\\/fr\\\/#\\\/schema\\\/logo\\\/image\\\/\"},\"sameAs\":[\"https:\\\/\\\/www.facebook.com\\\/webdotn\",\"https:\\\/\\\/x.com\\\/webdo_tn\"],\"description\":\"Webdo est un m\u00e9dia num\u00e9rique tunisien fond\u00e9 en 2010, sp\u00e9cialis\u00e9 dans l\u2019actualit\u00e9 nationale et internationale, l\u2019\u00e9conomie, la soci\u00e9t\u00e9 et les analyses politiques. Le site s\u2019adresse \u00e0 un large public francophone et couvre l\u2019information tunisienne en temps r\u00e9el.\",\"email\":\"redac@webdo.tn\",\"legalName\":\"YNJ SARL\",\"foundingDate\":\"2010-09-06\",\"numberOfEmployees\":{\"@type\":\"QuantitativeValue\",\"minValue\":\"11\",\"maxValue\":\"50\"}},{\"@type\":\"Person\",\"@id\":\"https:\\\/\\\/www.webdo.tn\\\/fr\\\/#\\\/schema\\\/person\\\/f35b42a42c5e2511bbd282959d6385cc\",\"name\":\"CL\",\"image\":{\"@type\":\"ImageObject\",\"inLanguage\":\"fr-FR\",\"@id\":\"https:\\\/\\\/secure.gravatar.com\\\/avatar\\\/1447a49909b67aa657c488aec6512e1dd6143a480c1ecfee9b5b5cd74eb3b59e?s=96&d=mm&r=g\",\"url\":\"https:\\\/\\\/secure.gravatar.com\\\/avatar\\\/1447a49909b67aa657c488aec6512e1dd6143a480c1ecfee9b5b5cd74eb3b59e?s=96&d=mm&r=g\",\"contentUrl\":\"https:\\\/\\\/secure.gravatar.com\\\/avatar\\\/1447a49909b67aa657c488aec6512e1dd6143a480c1ecfee9b5b5cd74eb3b59e?s=96&d=mm&r=g\",\"caption\":\"CL\"},\"url\":\"https:\\\/\\\/www.webdo.tn\\\/fr\\\/actualite\\\/author\\\/cl\\\/\"}]}<\/script>\n<!-- \/ Yoast SEO Premium plugin. -->","yoast_head_json":{"title":"Tunisie : Du nouveau dans l\u2019affaire de l\u2019appareil secret d\u2019Ennahdha","description":"Tarhani a ajout\u00e9 dans une d\u00e9claration \u00e0 l'Agence Tunis Afrique Presse que ce dossier a \u00e9t\u00e9 transmis au parquet de la Cour d'appel de Tunis le 16 juillet courant...","canonical":"https:\/\/www.webdo.tn\/fr\/actualite\/national\/tunisie-du-nouveau-dans-l-affaire-de-l-appareil-secret-d-ennahdha\/215384\/","og_locale":"fr_FR","og_type":"article","og_title":"Tunisie : Du nouveau dans l\u2019affaire de l\u2019appareil secret d\u2019Ennahdha","og_description":"Tarhani a ajout\u00e9 dans une d\u00e9claration \u00e0 l'Agence Tunis Afrique Presse que ce dossier a \u00e9t\u00e9 transmis au parquet de la Cour d'appel de Tunis le 16 juillet courant...","og_url":"https:\/\/www.webdo.tn\/fr\/actualite\/national\/tunisie-du-nouveau-dans-l-affaire-de-l-appareil-secret-d-ennahdha\/215384\/","og_site_name":"webdo","article_publisher":"https:\/\/www.facebook.com\/webdotn","article_published_time":"2024-07-20T08:46:00+00:00","article_modified_time":"2025-05-20T22:54:30+00:00","og_image":[{"width":750,"height":400,"url":"https:\/\/www.webdo.tn\/fr\/wp-content\/uploads\/2024\/07\/5220370f12a059d6a9bdfc3d1ca56697.webp","type":"image\/webp"}],"author":"CL","twitter_card":"summary_large_image","twitter_creator":"@webdo_tn","twitter_site":"@webdo_tn","twitter_misc":{"\u00c9crit par":"CL","Dur\u00e9e de lecture estim\u00e9e":"1 minute"},"schema":{"@context":"https:\/\/schema.org","@graph":[{"@type":"NewsArticle","@id":"https:\/\/www.webdo.tn\/fr\/actualite\/national\/tunisie-du-nouveau-dans-l-affaire-de-l-appareil-secret-d-ennahdha\/215384\/#article","isPartOf":{"@id":"https:\/\/www.webdo.tn\/fr\/actualite\/national\/tunisie-du-nouveau-dans-l-affaire-de-l-appareil-secret-d-ennahdha\/215384\/"},"author":{"name":"CL","@id":"https:\/\/www.webdo.tn\/fr\/#\/schema\/person\/f35b42a42c5e2511bbd282959d6385cc"},"headline":"Tunisie : Du nouveau dans l\u2019affaire de l\u2019appareil secret d\u2019Ennahdha","datePublished":"2024-07-20T08:46:00+00:00","dateModified":"2025-05-20T22:54:30+00:00","mainEntityOfPage":{"@id":"https:\/\/www.webdo.tn\/fr\/actualite\/national\/tunisie-du-nouveau-dans-l-affaire-de-l-appareil-secret-d-ennahdha\/215384\/"},"wordCount":247,"commentCount":0,"publisher":{"@id":"https:\/\/www.webdo.tn\/fr\/#organization"},"image":{"@id":"https:\/\/www.webdo.tn\/fr\/actualite\/national\/tunisie-du-nouveau-dans-l-affaire-de-l-appareil-secret-d-ennahdha\/215384\/#primaryimage"},"thumbnailUrl":"https:\/\/www.webdo.tn\/fr\/wp-content\/uploads\/2024\/07\/5220370f12a059d6a9bdfc3d1ca56697.webp","keywords":["'Appreil secret']","Ennahdha","justice","Tunisie"],"articleSection":["National"],"inLanguage":"fr-FR"},{"@type":"WebPage","@id":"https:\/\/www.webdo.tn\/fr\/actualite\/national\/tunisie-du-nouveau-dans-l-affaire-de-l-appareil-secret-d-ennahdha\/215384\/","url":"https:\/\/www.webdo.tn\/fr\/actualite\/national\/tunisie-du-nouveau-dans-l-affaire-de-l-appareil-secret-d-ennahdha\/215384\/","name":"Tunisie : Du nouveau dans l\u2019affaire de l\u2019appareil secret d\u2019Ennahdha","isPartOf":{"@id":"https:\/\/www.webdo.tn\/fr\/#website"},"primaryImageOfPage":{"@id":"https:\/\/www.webdo.tn\/fr\/actualite\/national\/tunisie-du-nouveau-dans-l-affaire-de-l-appareil-secret-d-ennahdha\/215384\/#primaryimage"},"image":{"@id":"https:\/\/www.webdo.tn\/fr\/actualite\/national\/tunisie-du-nouveau-dans-l-affaire-de-l-appareil-secret-d-ennahdha\/215384\/#primaryimage"},"thumbnailUrl":"https:\/\/www.webdo.tn\/fr\/wp-content\/uploads\/2024\/07\/5220370f12a059d6a9bdfc3d1ca56697.webp","datePublished":"2024-07-20T08:46:00+00:00","dateModified":"2025-05-20T22:54:30+00:00","description":"Tarhani a ajout\u00e9 dans une d\u00e9claration \u00e0 l'Agence Tunis Afrique Presse que ce dossier a \u00e9t\u00e9 transmis au parquet de la Cour d'appel de Tunis le 16 juillet courant...","breadcrumb":{"@id":"https:\/\/www.webdo.tn\/fr\/actualite\/national\/tunisie-du-nouveau-dans-l-affaire-de-l-appareil-secret-d-ennahdha\/215384\/#breadcrumb"},"inLanguage":"fr-FR","potentialAction":[{"@type":"ReadAction","target":["https:\/\/www.webdo.tn\/fr\/actualite\/national\/tunisie-du-nouveau-dans-l-affaire-de-l-appareil-secret-d-ennahdha\/215384\/"]}]},{"@type":"ImageObject","inLanguage":"fr-FR","@id":"https:\/\/www.webdo.tn\/fr\/actualite\/national\/tunisie-du-nouveau-dans-l-affaire-de-l-appareil-secret-d-ennahdha\/215384\/#primaryimage","url":"https:\/\/www.webdo.tn\/fr\/wp-content\/uploads\/2024\/07\/5220370f12a059d6a9bdfc3d1ca56697.webp","contentUrl":"https:\/\/www.webdo.tn\/fr\/wp-content\/uploads\/2024\/07\/5220370f12a059d6a9bdfc3d1ca56697.webp","width":750,"height":400,"caption":"Tunisie : Du nouveau dans l\u2019affaire de l\u2019appareil secret d\u2019Ennahdha"},{"@type":"BreadcrumbList","@id":"https:\/\/www.webdo.tn\/fr\/actualite\/national\/tunisie-du-nouveau-dans-l-affaire-de-l-appareil-secret-d-ennahdha\/215384\/#breadcrumb","itemListElement":[{"@type":"ListItem","position":1,"name":"Accueil","item":"https:\/\/www.webdo.tn\/fr\/"},{"@type":"ListItem","position":2,"name":"Tunisie : Du nouveau dans l\u2019affaire de l\u2019appareil secret d\u2019Ennahdha"}]},{"@type":"WebSite","@id":"https:\/\/www.webdo.tn\/fr\/#website","url":"https:\/\/www.webdo.tn\/fr\/","name":"webdo","description":"Tunisie - News en Tunisie et \u00e0 l&#039;international sur Webdo.tn","publisher":{"@id":"https:\/\/www.webdo.tn\/fr\/#organization"},"potentialAction":[{"@type":"SearchAction","target":{"@type":"EntryPoint","urlTemplate":"https:\/\/www.webdo.tn\/fr\/?s={search_term_string}"},"query-input":{"@type":"PropertyValueSpecification","valueRequired":true,"valueName":"search_term_string"}}],"inLanguage":"fr-FR"},{"@type":"Organization","@id":"https:\/\/www.webdo.tn\/fr\/#organization","name":"Webdo","alternateName":"Webdo.tn","url":"https:\/\/www.webdo.tn\/fr\/","logo":{"@type":"ImageObject","inLanguage":"fr-FR","@id":"https:\/\/www.webdo.tn\/fr\/#\/schema\/logo\/image\/","url":"https:\/\/www.webdo.tn\/fr\/wp-content\/uploads\/2025\/06\/Webdo-Tunisie_168377.jpg","contentUrl":"https:\/\/www.webdo.tn\/fr\/wp-content\/uploads\/2025\/06\/Webdo-Tunisie_168377.jpg","width":301,"height":301,"caption":"Webdo"},"image":{"@id":"https:\/\/www.webdo.tn\/fr\/#\/schema\/logo\/image\/"},"sameAs":["https:\/\/www.facebook.com\/webdotn","https:\/\/x.com\/webdo_tn"],"description":"Webdo est un m\u00e9dia num\u00e9rique tunisien fond\u00e9 en 2010, sp\u00e9cialis\u00e9 dans l\u2019actualit\u00e9 nationale et internationale, l\u2019\u00e9conomie, la soci\u00e9t\u00e9 et les analyses politiques. Le site s\u2019adresse \u00e0 un large public francophone et couvre l\u2019information tunisienne en temps r\u00e9el.","email":"redac@webdo.tn","legalName":"YNJ SARL","foundingDate":"2010-09-06","numberOfEmployees":{"@type":"QuantitativeValue","minValue":"11","maxValue":"50"}},{"@type":"Person","@id":"https:\/\/www.webdo.tn\/fr\/#\/schema\/person\/f35b42a42c5e2511bbd282959d6385cc","name":"CL","image":{"@type":"ImageObject","inLanguage":"fr-FR","@id":"https:\/\/secure.gravatar.com\/avatar\/1447a49909b67aa657c488aec6512e1dd6143a480c1ecfee9b5b5cd74eb3b59e?s=96&d=mm&r=g","url":"https:\/\/secure.gravatar.com\/avatar\/1447a49909b67aa657c488aec6512e1dd6143a480c1ecfee9b5b5cd74eb3b59e?s=96&d=mm&r=g","contentUrl":"https:\/\/secure.gravatar.com\/avatar\/1447a49909b67aa657c488aec6512e1dd6143a480c1ecfee9b5b5cd74eb3b59e?s=96&d=mm&r=g","caption":"CL"},"url":"https:\/\/www.webdo.tn\/fr\/actualite\/author\/cl\/"}]}},"_links":{"self":[{"href":"https:\/\/www.webdo.tn\/fr\/wp-json\/wp\/v2\/posts\/215384","targetHints":{"allow":["GET"]}}],"collection":[{"href":"https:\/\/www.webdo.tn\/fr\/wp-json\/wp\/v2\/posts"}],"about":[{"href":"https:\/\/www.webdo.tn\/fr\/wp-json\/wp\/v2\/types\/post"}],"author":[{"embeddable":true,"href":"https:\/\/www.webdo.tn\/fr\/wp-json\/wp\/v2\/users\/3175"}],"replies":[{"embeddable":true,"href":"https:\/\/www.webdo.tn\/fr\/wp-json\/wp\/v2\/comments?post=215384"}],"version-history":[{"count":0,"href":"https:\/\/www.webdo.tn\/fr\/wp-json\/wp\/v2\/posts\/215384\/revisions"}],"wp:featuredmedia":[{"embeddable":true,"href":"https:\/\/www.webdo.tn\/fr\/wp-json\/wp\/v2\/media\/290865"}],"wp:attachment":[{"href":"https:\/\/www.webdo.tn\/fr\/wp-json\/wp\/v2\/media?parent=215384"}],"wp:term":[{"taxonomy":"category","embeddable":true,"href":"https:\/\/www.webdo.tn\/fr\/wp-json\/wp\/v2\/categories?post=215384"},{"taxonomy":"post_tag","embeddable":true,"href":"https:\/\/www.webdo.tn\/fr\/wp-json\/wp\/v2\/tags?post=215384"}],"curies":[{"name":"wp","href":"https:\/\/api.w.org\/{rel}","templated":true}]}}