{"id":215365,"date":"2024-07-19T10:10:00","date_gmt":"2024-07-19T10:10:00","guid":{"rendered":"https:\/\/www.webdo.tn\/fr\/blog\/tunisie-saied-evoque-un-lien-entre-restrictions-de-voyage-et-coupures-d-eau\/215365\/"},"modified":"2025-05-21T09:10:15","modified_gmt":"2025-05-21T09:10:15","slug":"tunisie-saied-evoque-un-lien-entre-restrictions-de-voyage-et-coupures-d-eau","status":"publish","type":"post","link":"https:\/\/www.webdo.tn\/fr\/actualite\/national\/tunisie-saied-evoque-un-lien-entre-restrictions-de-voyage-et-coupures-d-eau\/215365\/","title":{"rendered":"Tunisie : Saied \u00e9voque un lien entre restrictions de voyage et coupures d&rsquo;eau"},"content":{"rendered":"<p>Lors d&rsquo;une r\u00e9union au palais de Carthage, hier jeudi 18,\u00a0le pr\u00e9sident tunisien Kais Saied a abord\u00e9 la question des restrictions de voyage impos\u00e9es \u00e0 certains citoyens, \u00e9tablissant un lien avec les r\u00e9centes coupures d&rsquo;eau et d&rsquo;\u00e9lectricit\u00e9 dans le pays.<\/p>\n<p>\t\t\t\t\t\t\t\t\tEn pr\u00e9sence du ministre de l&rsquo;Int\u00e9rieur et du secr\u00e9taire d&rsquo;\u00c9tat \u00e0 la S\u00e9curit\u00e9 nationale, le pr\u00e9sident a discut\u00e9 de ce qu&rsquo;il consid\u00e8re comme des pratiques pouvant aller \u00e0 l&rsquo;encontre des droits constitutionnels des Tunisiens.<\/p>\n<p>Saied a d\u00e9clar\u00e9 : \u00ab\u00a0Ceux qui sont derri\u00e8re les coupures d&rsquo;eau et d&rsquo;\u00e9lectricit\u00e9 sont aussi responsables des entraves au voyage de certaines personnes \u00e0 l&rsquo;\u00e9tranger.\u00a0\u00bb<\/p>\n<p>Le chef de l&rsquo;\u00c9tat a r\u00e9fut\u00e9 les all\u00e9gations lui attribuant la responsabilit\u00e9 de ces restrictions. Il a rappel\u00e9 que la libert\u00e9 de circulation est garantie par la Constitution, pr\u00e9cisant que les seules exceptions l\u00e9gitimes sont les proc\u00e9dures frontali\u00e8res standard ou les interdictions de voyage \u00e9mises par le minist\u00e8re public.<\/p>\n<p>Saied a mentionn\u00e9 des cas o\u00f9 des citoyens auraient \u00e9t\u00e9 emp\u00each\u00e9s de voyager sans motif apparent, certains \u00e9tant retenus jusqu&rsquo;apr\u00e8s le d\u00e9collage de leurs vols pr\u00e9vus. Il a ajout\u00e9 : \u00ab\u00a0Le syst\u00e8me automatis\u00e9 aux postes fronti\u00e8res fonctionne et s&rsquo;arr\u00eate comme fonctionnent et s&rsquo;arr\u00eatent les r\u00e9seaux de distribution d&rsquo;eau et d&rsquo;\u00e9lectricit\u00e9.\u00a0\u00bb<\/p>\n<p>Ces d\u00e9clarations interviennent dans un contexte de perturbations des services essentiels en Tunisie. Les propos du pr\u00e9sident Saied soul\u00e8vent des questions sur la relation entre les probl\u00e8mes d&rsquo;infrastructure et les enjeux li\u00e9s aux droits civils et \u00e0 la s\u00e9curit\u00e9 nationale.<\/p>\n","protected":false},"excerpt":{"rendered":"<p>Le pr\u00e9sident Kais Saied \u00e9voque une possible connexion entre les restrictions de voyage impos\u00e9es \u00e0 certains citoyens et les r\u00e9centes coupures d&rsquo;eau et d&rsquo;\u00e9lectric&#8230;<\/p>\n","protected":false},"author":3169,"featured_media":246958,"comment_status":"open","ping_status":"closed","sticky":false,"template":"","format":"standard","meta":{"footnotes":""},"categories":[44],"tags":[2614,6118,6117],"class_list":["post-215365","post","type-post","status-publish","format-standard","has-post-thumbnail","hentry","category-national","tag-kais-saied","tag-liberte-de-circulation","tag-tunisie-politique"],"yoast_head":"<!-- This site is optimized with the Yoast SEO Premium plugin v27.5 (Yoast SEO v27.5) - https:\/\/yoast.com\/product\/yoast-seo-premium-wordpress\/ -->\n<title>Tunisie : Saied \u00e9voque un lien entre restrictions de voyage et coupures d&#039;eau<\/title>\n<meta name=\"description\" content=\"Le pr\u00e9sident Kais Saied \u00e9voque une possible connexion entre les restrictions de voyage impos\u00e9es \u00e0 certains citoyens et les r\u00e9centes coupures d&#039;eau et d&#039;\u00e9lectric...\" \/>\n<link rel=\"canonical\" href=\"https:\/\/www.webdo.tn\/fr\/actualite\/national\/tunisie-saied-evoque-un-lien-entre-restrictions-de-voyage-et-coupures-d-eau\/215365\/\" \/>\n<meta property=\"og:locale\" content=\"fr_FR\" \/>\n<meta property=\"og:type\" content=\"article\" \/>\n<meta property=\"og:title\" content=\"Tunisie : Saied \u00e9voque un lien entre restrictions de voyage et coupures d&#039;eau\" \/>\n<meta property=\"og:description\" content=\"Le pr\u00e9sident Kais Saied \u00e9voque une possible connexion entre les restrictions de voyage impos\u00e9es \u00e0 certains citoyens et les r\u00e9centes coupures d&#039;eau et d&#039;\u00e9lectric...\" \/>\n<meta property=\"og:url\" content=\"https:\/\/www.webdo.tn\/fr\/actualite\/national\/tunisie-saied-evoque-un-lien-entre-restrictions-de-voyage-et-coupures-d-eau\/215365\/\" \/>\n<meta property=\"og:site_name\" content=\"webdo\" \/>\n<meta property=\"article:publisher\" content=\"https:\/\/www.facebook.com\/webdotn\" \/>\n<meta property=\"article:published_time\" content=\"2024-07-19T10:10:00+00:00\" \/>\n<meta property=\"article:modified_time\" content=\"2025-05-21T09:10:15+00:00\" \/>\n<meta property=\"og:image\" content=\"https:\/\/www.webdo.tn\/fr\/wp-content\/uploads\/2024\/07\/4562e59e2511ac4f49571330f0d6f859.webp\" \/>\n\t<meta property=\"og:image:width\" content=\"750\" \/>\n\t<meta property=\"og:image:height\" content=\"400\" \/>\n\t<meta property=\"og:image:type\" content=\"image\/webp\" \/>\n<meta name=\"author\" content=\"Webdo\" \/>\n<meta name=\"twitter:card\" content=\"summary_large_image\" \/>\n<meta name=\"twitter:creator\" content=\"@webdo_tn\" \/>\n<meta name=\"twitter:site\" content=\"@webdo_tn\" \/>\n<meta name=\"twitter:label1\" content=\"\u00c9crit par\" \/>\n\t<meta name=\"twitter:data1\" content=\"Webdo\" \/>\n\t<meta name=\"twitter:label2\" content=\"Dur\u00e9e de lecture estim\u00e9e\" \/>\n\t<meta name=\"twitter:data2\" content=\"1 minute\" \/>\n<script type=\"application\/ld+json\" class=\"yoast-schema-graph\">{\"@context\":\"https:\\\/\\\/schema.org\",\"@graph\":[{\"@type\":\"NewsArticle\",\"@id\":\"https:\\\/\\\/www.webdo.tn\\\/fr\\\/actualite\\\/national\\\/tunisie-saied-evoque-un-lien-entre-restrictions-de-voyage-et-coupures-d-eau\\\/215365\\\/#article\",\"isPartOf\":{\"@id\":\"https:\\\/\\\/www.webdo.tn\\\/fr\\\/actualite\\\/national\\\/tunisie-saied-evoque-un-lien-entre-restrictions-de-voyage-et-coupures-d-eau\\\/215365\\\/\"},\"author\":{\"name\":\"Webdo\",\"@id\":\"https:\\\/\\\/www.webdo.tn\\\/fr\\\/#\\\/schema\\\/person\\\/1f4e491e0907b413d61089e8eb573acc\"},\"headline\":\"Tunisie : Saied \u00e9voque un lien entre restrictions de voyage et coupures d&rsquo;eau\",\"datePublished\":\"2024-07-19T10:10:00+00:00\",\"dateModified\":\"2025-05-21T09:10:15+00:00\",\"mainEntityOfPage\":{\"@id\":\"https:\\\/\\\/www.webdo.tn\\\/fr\\\/actualite\\\/national\\\/tunisie-saied-evoque-un-lien-entre-restrictions-de-voyage-et-coupures-d-eau\\\/215365\\\/\"},\"wordCount\":295,\"commentCount\":0,\"publisher\":{\"@id\":\"https:\\\/\\\/www.webdo.tn\\\/fr\\\/#organization\"},\"image\":{\"@id\":\"https:\\\/\\\/www.webdo.tn\\\/fr\\\/actualite\\\/national\\\/tunisie-saied-evoque-un-lien-entre-restrictions-de-voyage-et-coupures-d-eau\\\/215365\\\/#primaryimage\"},\"thumbnailUrl\":\"https:\\\/\\\/www.webdo.tn\\\/fr\\\/wp-content\\\/uploads\\\/2024\\\/07\\\/4562e59e2511ac4f49571330f0d6f859.webp\",\"keywords\":[\"Kais Saied\",\"Libert\u00e9 De Circulation\",\"Tunisie Politique\"],\"articleSection\":[\"National\"],\"inLanguage\":\"fr-FR\"},{\"@type\":\"WebPage\",\"@id\":\"https:\\\/\\\/www.webdo.tn\\\/fr\\\/actualite\\\/national\\\/tunisie-saied-evoque-un-lien-entre-restrictions-de-voyage-et-coupures-d-eau\\\/215365\\\/\",\"url\":\"https:\\\/\\\/www.webdo.tn\\\/fr\\\/actualite\\\/national\\\/tunisie-saied-evoque-un-lien-entre-restrictions-de-voyage-et-coupures-d-eau\\\/215365\\\/\",\"name\":\"Tunisie : Saied \u00e9voque un lien entre restrictions de voyage et coupures d'eau\",\"isPartOf\":{\"@id\":\"https:\\\/\\\/www.webdo.tn\\\/fr\\\/#website\"},\"primaryImageOfPage\":{\"@id\":\"https:\\\/\\\/www.webdo.tn\\\/fr\\\/actualite\\\/national\\\/tunisie-saied-evoque-un-lien-entre-restrictions-de-voyage-et-coupures-d-eau\\\/215365\\\/#primaryimage\"},\"image\":{\"@id\":\"https:\\\/\\\/www.webdo.tn\\\/fr\\\/actualite\\\/national\\\/tunisie-saied-evoque-un-lien-entre-restrictions-de-voyage-et-coupures-d-eau\\\/215365\\\/#primaryimage\"},\"thumbnailUrl\":\"https:\\\/\\\/www.webdo.tn\\\/fr\\\/wp-content\\\/uploads\\\/2024\\\/07\\\/4562e59e2511ac4f49571330f0d6f859.webp\",\"datePublished\":\"2024-07-19T10:10:00+00:00\",\"dateModified\":\"2025-05-21T09:10:15+00:00\",\"description\":\"Le pr\u00e9sident Kais Saied \u00e9voque une possible connexion entre les restrictions de voyage impos\u00e9es \u00e0 certains citoyens et les r\u00e9centes coupures d'eau et d'\u00e9lectric...\",\"breadcrumb\":{\"@id\":\"https:\\\/\\\/www.webdo.tn\\\/fr\\\/actualite\\\/national\\\/tunisie-saied-evoque-un-lien-entre-restrictions-de-voyage-et-coupures-d-eau\\\/215365\\\/#breadcrumb\"},\"inLanguage\":\"fr-FR\",\"potentialAction\":[{\"@type\":\"ReadAction\",\"target\":[\"https:\\\/\\\/www.webdo.tn\\\/fr\\\/actualite\\\/national\\\/tunisie-saied-evoque-un-lien-entre-restrictions-de-voyage-et-coupures-d-eau\\\/215365\\\/\"]}]},{\"@type\":\"ImageObject\",\"inLanguage\":\"fr-FR\",\"@id\":\"https:\\\/\\\/www.webdo.tn\\\/fr\\\/actualite\\\/national\\\/tunisie-saied-evoque-un-lien-entre-restrictions-de-voyage-et-coupures-d-eau\\\/215365\\\/#primaryimage\",\"url\":\"https:\\\/\\\/www.webdo.tn\\\/fr\\\/wp-content\\\/uploads\\\/2024\\\/07\\\/4562e59e2511ac4f49571330f0d6f859.webp\",\"contentUrl\":\"https:\\\/\\\/www.webdo.tn\\\/fr\\\/wp-content\\\/uploads\\\/2024\\\/07\\\/4562e59e2511ac4f49571330f0d6f859.webp\",\"width\":750,\"height\":400,\"caption\":\"Tunisie : Saied \u00e9voque un lien entre restrictions de voyage et coupures d'eau\"},{\"@type\":\"BreadcrumbList\",\"@id\":\"https:\\\/\\\/www.webdo.tn\\\/fr\\\/actualite\\\/national\\\/tunisie-saied-evoque-un-lien-entre-restrictions-de-voyage-et-coupures-d-eau\\\/215365\\\/#breadcrumb\",\"itemListElement\":[{\"@type\":\"ListItem\",\"position\":1,\"name\":\"Accueil\",\"item\":\"https:\\\/\\\/www.webdo.tn\\\/fr\\\/\"},{\"@type\":\"ListItem\",\"position\":2,\"name\":\"Tunisie : Saied \u00e9voque un lien entre restrictions de voyage et coupures d&#8217;eau\"}]},{\"@type\":\"WebSite\",\"@id\":\"https:\\\/\\\/www.webdo.tn\\\/fr\\\/#website\",\"url\":\"https:\\\/\\\/www.webdo.tn\\\/fr\\\/\",\"name\":\"webdo\",\"description\":\"Tunisie - News en Tunisie et \u00e0 l&#039;international sur Webdo.tn\",\"publisher\":{\"@id\":\"https:\\\/\\\/www.webdo.tn\\\/fr\\\/#organization\"},\"potentialAction\":[{\"@type\":\"SearchAction\",\"target\":{\"@type\":\"EntryPoint\",\"urlTemplate\":\"https:\\\/\\\/www.webdo.tn\\\/fr\\\/?s={search_term_string}\"},\"query-input\":{\"@type\":\"PropertyValueSpecification\",\"valueRequired\":true,\"valueName\":\"search_term_string\"}}],\"inLanguage\":\"fr-FR\"},{\"@type\":\"Organization\",\"@id\":\"https:\\\/\\\/www.webdo.tn\\\/fr\\\/#organization\",\"name\":\"Webdo\",\"alternateName\":\"Webdo.tn\",\"url\":\"https:\\\/\\\/www.webdo.tn\\\/fr\\\/\",\"logo\":{\"@type\":\"ImageObject\",\"inLanguage\":\"fr-FR\",\"@id\":\"https:\\\/\\\/www.webdo.tn\\\/fr\\\/#\\\/schema\\\/logo\\\/image\\\/\",\"url\":\"https:\\\/\\\/www.webdo.tn\\\/fr\\\/wp-content\\\/uploads\\\/2025\\\/06\\\/Webdo-Tunisie_168377.jpg\",\"contentUrl\":\"https:\\\/\\\/www.webdo.tn\\\/fr\\\/wp-content\\\/uploads\\\/2025\\\/06\\\/Webdo-Tunisie_168377.jpg\",\"width\":301,\"height\":301,\"caption\":\"Webdo\"},\"image\":{\"@id\":\"https:\\\/\\\/www.webdo.tn\\\/fr\\\/#\\\/schema\\\/logo\\\/image\\\/\"},\"sameAs\":[\"https:\\\/\\\/www.facebook.com\\\/webdotn\",\"https:\\\/\\\/x.com\\\/webdo_tn\"],\"description\":\"Webdo est un m\u00e9dia num\u00e9rique tunisien fond\u00e9 en 2010, sp\u00e9cialis\u00e9 dans l\u2019actualit\u00e9 nationale et internationale, l\u2019\u00e9conomie, la soci\u00e9t\u00e9 et les analyses politiques. Le site s\u2019adresse \u00e0 un large public francophone et couvre l\u2019information tunisienne en temps r\u00e9el.\",\"email\":\"redac@webdo.tn\",\"legalName\":\"YNJ SARL\",\"foundingDate\":\"2010-09-06\",\"numberOfEmployees\":{\"@type\":\"QuantitativeValue\",\"minValue\":\"11\",\"maxValue\":\"50\"}},{\"@type\":\"Person\",\"@id\":\"https:\\\/\\\/www.webdo.tn\\\/fr\\\/#\\\/schema\\\/person\\\/1f4e491e0907b413d61089e8eb573acc\",\"name\":\"Webdo\",\"image\":{\"@type\":\"ImageObject\",\"inLanguage\":\"fr-FR\",\"@id\":\"https:\\\/\\\/secure.gravatar.com\\\/avatar\\\/de97aeec1bb80978a9dbb127e47dfc88aaacb2f3c29aac907d8d3222e3495d49?s=96&d=mm&r=g\",\"url\":\"https:\\\/\\\/secure.gravatar.com\\\/avatar\\\/de97aeec1bb80978a9dbb127e47dfc88aaacb2f3c29aac907d8d3222e3495d49?s=96&d=mm&r=g\",\"contentUrl\":\"https:\\\/\\\/secure.gravatar.com\\\/avatar\\\/de97aeec1bb80978a9dbb127e47dfc88aaacb2f3c29aac907d8d3222e3495d49?s=96&d=mm&r=g\",\"caption\":\"Webdo\"},\"url\":\"https:\\\/\\\/www.webdo.tn\\\/fr\\\/actualite\\\/author\\\/webdo\\\/\"}]}<\/script>\n<!-- \/ Yoast SEO Premium plugin. -->","yoast_head_json":{"title":"Tunisie : Saied \u00e9voque un lien entre restrictions de voyage et coupures d'eau","description":"Le pr\u00e9sident Kais Saied \u00e9voque une possible connexion entre les restrictions de voyage impos\u00e9es \u00e0 certains citoyens et les r\u00e9centes coupures d'eau et d'\u00e9lectric...","canonical":"https:\/\/www.webdo.tn\/fr\/actualite\/national\/tunisie-saied-evoque-un-lien-entre-restrictions-de-voyage-et-coupures-d-eau\/215365\/","og_locale":"fr_FR","og_type":"article","og_title":"Tunisie : Saied \u00e9voque un lien entre restrictions de voyage et coupures d'eau","og_description":"Le pr\u00e9sident Kais Saied \u00e9voque une possible connexion entre les restrictions de voyage impos\u00e9es \u00e0 certains citoyens et les r\u00e9centes coupures d'eau et d'\u00e9lectric...","og_url":"https:\/\/www.webdo.tn\/fr\/actualite\/national\/tunisie-saied-evoque-un-lien-entre-restrictions-de-voyage-et-coupures-d-eau\/215365\/","og_site_name":"webdo","article_publisher":"https:\/\/www.facebook.com\/webdotn","article_published_time":"2024-07-19T10:10:00+00:00","article_modified_time":"2025-05-21T09:10:15+00:00","og_image":[{"width":750,"height":400,"url":"https:\/\/www.webdo.tn\/fr\/wp-content\/uploads\/2024\/07\/4562e59e2511ac4f49571330f0d6f859.webp","type":"image\/webp"}],"author":"Webdo","twitter_card":"summary_large_image","twitter_creator":"@webdo_tn","twitter_site":"@webdo_tn","twitter_misc":{"\u00c9crit par":"Webdo","Dur\u00e9e de lecture estim\u00e9e":"1 minute"},"schema":{"@context":"https:\/\/schema.org","@graph":[{"@type":"NewsArticle","@id":"https:\/\/www.webdo.tn\/fr\/actualite\/national\/tunisie-saied-evoque-un-lien-entre-restrictions-de-voyage-et-coupures-d-eau\/215365\/#article","isPartOf":{"@id":"https:\/\/www.webdo.tn\/fr\/actualite\/national\/tunisie-saied-evoque-un-lien-entre-restrictions-de-voyage-et-coupures-d-eau\/215365\/"},"author":{"name":"Webdo","@id":"https:\/\/www.webdo.tn\/fr\/#\/schema\/person\/1f4e491e0907b413d61089e8eb573acc"},"headline":"Tunisie : Saied \u00e9voque un lien entre restrictions de voyage et coupures d&rsquo;eau","datePublished":"2024-07-19T10:10:00+00:00","dateModified":"2025-05-21T09:10:15+00:00","mainEntityOfPage":{"@id":"https:\/\/www.webdo.tn\/fr\/actualite\/national\/tunisie-saied-evoque-un-lien-entre-restrictions-de-voyage-et-coupures-d-eau\/215365\/"},"wordCount":295,"commentCount":0,"publisher":{"@id":"https:\/\/www.webdo.tn\/fr\/#organization"},"image":{"@id":"https:\/\/www.webdo.tn\/fr\/actualite\/national\/tunisie-saied-evoque-un-lien-entre-restrictions-de-voyage-et-coupures-d-eau\/215365\/#primaryimage"},"thumbnailUrl":"https:\/\/www.webdo.tn\/fr\/wp-content\/uploads\/2024\/07\/4562e59e2511ac4f49571330f0d6f859.webp","keywords":["Kais Saied","Libert\u00e9 De Circulation","Tunisie Politique"],"articleSection":["National"],"inLanguage":"fr-FR"},{"@type":"WebPage","@id":"https:\/\/www.webdo.tn\/fr\/actualite\/national\/tunisie-saied-evoque-un-lien-entre-restrictions-de-voyage-et-coupures-d-eau\/215365\/","url":"https:\/\/www.webdo.tn\/fr\/actualite\/national\/tunisie-saied-evoque-un-lien-entre-restrictions-de-voyage-et-coupures-d-eau\/215365\/","name":"Tunisie : Saied \u00e9voque un lien entre restrictions de voyage et coupures d'eau","isPartOf":{"@id":"https:\/\/www.webdo.tn\/fr\/#website"},"primaryImageOfPage":{"@id":"https:\/\/www.webdo.tn\/fr\/actualite\/national\/tunisie-saied-evoque-un-lien-entre-restrictions-de-voyage-et-coupures-d-eau\/215365\/#primaryimage"},"image":{"@id":"https:\/\/www.webdo.tn\/fr\/actualite\/national\/tunisie-saied-evoque-un-lien-entre-restrictions-de-voyage-et-coupures-d-eau\/215365\/#primaryimage"},"thumbnailUrl":"https:\/\/www.webdo.tn\/fr\/wp-content\/uploads\/2024\/07\/4562e59e2511ac4f49571330f0d6f859.webp","datePublished":"2024-07-19T10:10:00+00:00","dateModified":"2025-05-21T09:10:15+00:00","description":"Le pr\u00e9sident Kais Saied \u00e9voque une possible connexion entre les restrictions de voyage impos\u00e9es \u00e0 certains citoyens et les r\u00e9centes coupures d'eau et d'\u00e9lectric...","breadcrumb":{"@id":"https:\/\/www.webdo.tn\/fr\/actualite\/national\/tunisie-saied-evoque-un-lien-entre-restrictions-de-voyage-et-coupures-d-eau\/215365\/#breadcrumb"},"inLanguage":"fr-FR","potentialAction":[{"@type":"ReadAction","target":["https:\/\/www.webdo.tn\/fr\/actualite\/national\/tunisie-saied-evoque-un-lien-entre-restrictions-de-voyage-et-coupures-d-eau\/215365\/"]}]},{"@type":"ImageObject","inLanguage":"fr-FR","@id":"https:\/\/www.webdo.tn\/fr\/actualite\/national\/tunisie-saied-evoque-un-lien-entre-restrictions-de-voyage-et-coupures-d-eau\/215365\/#primaryimage","url":"https:\/\/www.webdo.tn\/fr\/wp-content\/uploads\/2024\/07\/4562e59e2511ac4f49571330f0d6f859.webp","contentUrl":"https:\/\/www.webdo.tn\/fr\/wp-content\/uploads\/2024\/07\/4562e59e2511ac4f49571330f0d6f859.webp","width":750,"height":400,"caption":"Tunisie : Saied \u00e9voque un lien entre restrictions de voyage et coupures d'eau"},{"@type":"BreadcrumbList","@id":"https:\/\/www.webdo.tn\/fr\/actualite\/national\/tunisie-saied-evoque-un-lien-entre-restrictions-de-voyage-et-coupures-d-eau\/215365\/#breadcrumb","itemListElement":[{"@type":"ListItem","position":1,"name":"Accueil","item":"https:\/\/www.webdo.tn\/fr\/"},{"@type":"ListItem","position":2,"name":"Tunisie : Saied \u00e9voque un lien entre restrictions de voyage et coupures d&#8217;eau"}]},{"@type":"WebSite","@id":"https:\/\/www.webdo.tn\/fr\/#website","url":"https:\/\/www.webdo.tn\/fr\/","name":"webdo","description":"Tunisie - News en Tunisie et \u00e0 l&#039;international sur Webdo.tn","publisher":{"@id":"https:\/\/www.webdo.tn\/fr\/#organization"},"potentialAction":[{"@type":"SearchAction","target":{"@type":"EntryPoint","urlTemplate":"https:\/\/www.webdo.tn\/fr\/?s={search_term_string}"},"query-input":{"@type":"PropertyValueSpecification","valueRequired":true,"valueName":"search_term_string"}}],"inLanguage":"fr-FR"},{"@type":"Organization","@id":"https:\/\/www.webdo.tn\/fr\/#organization","name":"Webdo","alternateName":"Webdo.tn","url":"https:\/\/www.webdo.tn\/fr\/","logo":{"@type":"ImageObject","inLanguage":"fr-FR","@id":"https:\/\/www.webdo.tn\/fr\/#\/schema\/logo\/image\/","url":"https:\/\/www.webdo.tn\/fr\/wp-content\/uploads\/2025\/06\/Webdo-Tunisie_168377.jpg","contentUrl":"https:\/\/www.webdo.tn\/fr\/wp-content\/uploads\/2025\/06\/Webdo-Tunisie_168377.jpg","width":301,"height":301,"caption":"Webdo"},"image":{"@id":"https:\/\/www.webdo.tn\/fr\/#\/schema\/logo\/image\/"},"sameAs":["https:\/\/www.facebook.com\/webdotn","https:\/\/x.com\/webdo_tn"],"description":"Webdo est un m\u00e9dia num\u00e9rique tunisien fond\u00e9 en 2010, sp\u00e9cialis\u00e9 dans l\u2019actualit\u00e9 nationale et internationale, l\u2019\u00e9conomie, la soci\u00e9t\u00e9 et les analyses politiques. Le site s\u2019adresse \u00e0 un large public francophone et couvre l\u2019information tunisienne en temps r\u00e9el.","email":"redac@webdo.tn","legalName":"YNJ SARL","foundingDate":"2010-09-06","numberOfEmployees":{"@type":"QuantitativeValue","minValue":"11","maxValue":"50"}},{"@type":"Person","@id":"https:\/\/www.webdo.tn\/fr\/#\/schema\/person\/1f4e491e0907b413d61089e8eb573acc","name":"Webdo","image":{"@type":"ImageObject","inLanguage":"fr-FR","@id":"https:\/\/secure.gravatar.com\/avatar\/de97aeec1bb80978a9dbb127e47dfc88aaacb2f3c29aac907d8d3222e3495d49?s=96&d=mm&r=g","url":"https:\/\/secure.gravatar.com\/avatar\/de97aeec1bb80978a9dbb127e47dfc88aaacb2f3c29aac907d8d3222e3495d49?s=96&d=mm&r=g","contentUrl":"https:\/\/secure.gravatar.com\/avatar\/de97aeec1bb80978a9dbb127e47dfc88aaacb2f3c29aac907d8d3222e3495d49?s=96&d=mm&r=g","caption":"Webdo"},"url":"https:\/\/www.webdo.tn\/fr\/actualite\/author\/webdo\/"}]}},"_links":{"self":[{"href":"https:\/\/www.webdo.tn\/fr\/wp-json\/wp\/v2\/posts\/215365","targetHints":{"allow":["GET"]}}],"collection":[{"href":"https:\/\/www.webdo.tn\/fr\/wp-json\/wp\/v2\/posts"}],"about":[{"href":"https:\/\/www.webdo.tn\/fr\/wp-json\/wp\/v2\/types\/post"}],"author":[{"embeddable":true,"href":"https:\/\/www.webdo.tn\/fr\/wp-json\/wp\/v2\/users\/3169"}],"replies":[{"embeddable":true,"href":"https:\/\/www.webdo.tn\/fr\/wp-json\/wp\/v2\/comments?post=215365"}],"version-history":[{"count":0,"href":"https:\/\/www.webdo.tn\/fr\/wp-json\/wp\/v2\/posts\/215365\/revisions"}],"wp:featuredmedia":[{"embeddable":true,"href":"https:\/\/www.webdo.tn\/fr\/wp-json\/wp\/v2\/media\/246958"}],"wp:attachment":[{"href":"https:\/\/www.webdo.tn\/fr\/wp-json\/wp\/v2\/media?parent=215365"}],"wp:term":[{"taxonomy":"category","embeddable":true,"href":"https:\/\/www.webdo.tn\/fr\/wp-json\/wp\/v2\/categories?post=215365"},{"taxonomy":"post_tag","embeddable":true,"href":"https:\/\/www.webdo.tn\/fr\/wp-json\/wp\/v2\/tags?post=215365"}],"curies":[{"name":"wp","href":"https:\/\/api.w.org\/{rel}","templated":true}]}}