{"id":215351,"date":"2024-07-18T14:00:00","date_gmt":"2024-07-18T14:00:00","guid":{"rendered":"https:\/\/www.webdo.tn\/fr\/blog\/coupure-d-eau-a-rades-a-partir-d-aujourd-hui\/215351\/"},"modified":"2025-05-20T22:54:26","modified_gmt":"2025-05-20T22:54:26","slug":"coupure-d-eau-a-rades-a-partir-d-aujourd-hui","status":"publish","type":"post","link":"https:\/\/www.webdo.tn\/fr\/actualite\/regions\/coupure-d-eau-a-rades-a-partir-d-aujourd-hui\/215351\/","title":{"rendered":"Coupure d&rsquo;eau \u00e0 Rad\u00e8s \u00e0 partir d\u2019aujourd\u2019hui"},"content":{"rendered":"<p>Une coupure d\u2019eau \u00e0 Rad\u00e8s a \u00e9t\u00e9 annonc\u00e9e par la SONEDE. Cette coupure est pr\u00e9vue de ce jeudi 18 juillet \u00e0 partir de 20h00 jusqu\u2019\u00e0 vendredi 19 juillet \u00e0 05h00.<\/p>\n<p>\t\t\t\t\t\t\t\t\tLa Soci\u00e9t\u00e9 nationale d&rsquo;exploitation et de distribution des eaux (SONEDE), a annonc\u00e9 dans un communiqu\u00e9 publi\u00e9 sur sa page Facebook, jeudi 18 juillet 2024, qu&rsquo;une coupure d\u2019eau et des perturbations dans la distribution d&rsquo;eau potable sont pr\u00e9vues dans la d\u00e9l\u00e9gation de Rad\u00e8s, aujourd\u2019hui \u00e0 partir de 20 heures.<\/p>\n<p>La SONEDE indique que l\u2019eau potable sera progressivement r\u00e9tablie \u00e0 partir de cinq heures du matin, vendredi 19 juillet et que cette interruption est due \u00e0 une panne au niveau du r\u00e9servoir de Rad\u00e8s.<\/p>\n","protected":false},"excerpt":{"rendered":"<p>La Soci\u00e9t\u00e9 nationale d&rsquo;exploitation et de distribution des eaux (SONEDE), a annonc\u00e9 dans un communiqu\u00e9 publi\u00e9 sur sa page Facebook, jeudi 18 juillet 2024, qu&rsquo;un&#8230;<\/p>\n","protected":false},"author":3175,"featured_media":290855,"comment_status":"open","ping_status":"closed","sticky":false,"template":"","format":"standard","meta":{"footnotes":""},"categories":[2595],"tags":[4243,2631,2754,2752],"class_list":["post-215351","post","type-post","status-publish","format-standard","has-post-thumbnail","hentry","category-regions","tag-coupure","tag-eau","tag-rades","tag-sonede"],"yoast_head":"<!-- This site is optimized with the Yoast SEO Premium plugin v27.5 (Yoast SEO v27.5) - https:\/\/yoast.com\/product\/yoast-seo-premium-wordpress\/ -->\n<title>Coupure d&#039;eau \u00e0 Rad\u00e8s \u00e0 partir d\u2019aujourd\u2019hui<\/title>\n<meta name=\"description\" content=\"La Soci\u00e9t\u00e9 nationale d&#039;exploitation et de distribution des eaux (SONEDE), a annonc\u00e9 dans un communiqu\u00e9 publi\u00e9 sur sa page Facebook, jeudi 18 juillet 2024, qu&#039;un...\" \/>\n<link rel=\"canonical\" href=\"https:\/\/www.webdo.tn\/fr\/actualite\/regions\/coupure-d-eau-a-rades-a-partir-d-aujourd-hui\/215351\/\" \/>\n<meta property=\"og:locale\" content=\"fr_FR\" \/>\n<meta property=\"og:type\" content=\"article\" \/>\n<meta property=\"og:title\" content=\"Coupure d&#039;eau \u00e0 Rad\u00e8s \u00e0 partir d\u2019aujourd\u2019hui\" \/>\n<meta property=\"og:description\" content=\"La Soci\u00e9t\u00e9 nationale d&#039;exploitation et de distribution des eaux (SONEDE), a annonc\u00e9 dans un communiqu\u00e9 publi\u00e9 sur sa page Facebook, jeudi 18 juillet 2024, qu&#039;un...\" \/>\n<meta property=\"og:url\" content=\"https:\/\/www.webdo.tn\/fr\/actualite\/regions\/coupure-d-eau-a-rades-a-partir-d-aujourd-hui\/215351\/\" \/>\n<meta property=\"og:site_name\" content=\"webdo\" \/>\n<meta property=\"article:publisher\" content=\"https:\/\/www.facebook.com\/webdotn\" \/>\n<meta property=\"article:published_time\" content=\"2024-07-18T14:00:00+00:00\" \/>\n<meta property=\"article:modified_time\" content=\"2025-05-20T22:54:26+00:00\" \/>\n<meta property=\"og:image\" content=\"https:\/\/www.webdo.tn\/fr\/wp-content\/uploads\/2024\/07\/ef476367057dbcb4a07335be776bc990.webp\" \/>\n\t<meta property=\"og:image:width\" content=\"750\" \/>\n\t<meta property=\"og:image:height\" content=\"400\" \/>\n\t<meta property=\"og:image:type\" content=\"image\/webp\" \/>\n<meta name=\"author\" content=\"CL\" \/>\n<meta name=\"twitter:card\" content=\"summary_large_image\" \/>\n<meta name=\"twitter:creator\" content=\"@webdo_tn\" \/>\n<meta name=\"twitter:site\" content=\"@webdo_tn\" \/>\n<meta name=\"twitter:label1\" content=\"\u00c9crit par\" \/>\n\t<meta name=\"twitter:data1\" content=\"CL\" \/>\n\t<meta name=\"twitter:label2\" content=\"Dur\u00e9e de lecture estim\u00e9e\" \/>\n\t<meta name=\"twitter:data2\" content=\"1 minute\" \/>\n<script type=\"application\/ld+json\" class=\"yoast-schema-graph\">{\"@context\":\"https:\\\/\\\/schema.org\",\"@graph\":[{\"@type\":\"NewsArticle\",\"@id\":\"https:\\\/\\\/www.webdo.tn\\\/fr\\\/actualite\\\/regions\\\/coupure-d-eau-a-rades-a-partir-d-aujourd-hui\\\/215351\\\/#article\",\"isPartOf\":{\"@id\":\"https:\\\/\\\/www.webdo.tn\\\/fr\\\/actualite\\\/regions\\\/coupure-d-eau-a-rades-a-partir-d-aujourd-hui\\\/215351\\\/\"},\"author\":{\"name\":\"CL\",\"@id\":\"https:\\\/\\\/www.webdo.tn\\\/fr\\\/#\\\/schema\\\/person\\\/f35b42a42c5e2511bbd282959d6385cc\"},\"headline\":\"Coupure d&rsquo;eau \u00e0 Rad\u00e8s \u00e0 partir d\u2019aujourd\u2019hui\",\"datePublished\":\"2024-07-18T14:00:00+00:00\",\"dateModified\":\"2025-05-20T22:54:26+00:00\",\"mainEntityOfPage\":{\"@id\":\"https:\\\/\\\/www.webdo.tn\\\/fr\\\/actualite\\\/regions\\\/coupure-d-eau-a-rades-a-partir-d-aujourd-hui\\\/215351\\\/\"},\"wordCount\":127,\"commentCount\":0,\"publisher\":{\"@id\":\"https:\\\/\\\/www.webdo.tn\\\/fr\\\/#organization\"},\"image\":{\"@id\":\"https:\\\/\\\/www.webdo.tn\\\/fr\\\/actualite\\\/regions\\\/coupure-d-eau-a-rades-a-partir-d-aujourd-hui\\\/215351\\\/#primaryimage\"},\"thumbnailUrl\":\"https:\\\/\\\/www.webdo.tn\\\/fr\\\/wp-content\\\/uploads\\\/2024\\\/07\\\/ef476367057dbcb4a07335be776bc990.webp\",\"keywords\":[\"coupure\",\"eau\",\"Rad\u00e8s\",\"Sonede\"],\"articleSection\":[\"regions\"],\"inLanguage\":\"fr-FR\"},{\"@type\":\"WebPage\",\"@id\":\"https:\\\/\\\/www.webdo.tn\\\/fr\\\/actualite\\\/regions\\\/coupure-d-eau-a-rades-a-partir-d-aujourd-hui\\\/215351\\\/\",\"url\":\"https:\\\/\\\/www.webdo.tn\\\/fr\\\/actualite\\\/regions\\\/coupure-d-eau-a-rades-a-partir-d-aujourd-hui\\\/215351\\\/\",\"name\":\"Coupure d'eau \u00e0 Rad\u00e8s \u00e0 partir d\u2019aujourd\u2019hui\",\"isPartOf\":{\"@id\":\"https:\\\/\\\/www.webdo.tn\\\/fr\\\/#website\"},\"primaryImageOfPage\":{\"@id\":\"https:\\\/\\\/www.webdo.tn\\\/fr\\\/actualite\\\/regions\\\/coupure-d-eau-a-rades-a-partir-d-aujourd-hui\\\/215351\\\/#primaryimage\"},\"image\":{\"@id\":\"https:\\\/\\\/www.webdo.tn\\\/fr\\\/actualite\\\/regions\\\/coupure-d-eau-a-rades-a-partir-d-aujourd-hui\\\/215351\\\/#primaryimage\"},\"thumbnailUrl\":\"https:\\\/\\\/www.webdo.tn\\\/fr\\\/wp-content\\\/uploads\\\/2024\\\/07\\\/ef476367057dbcb4a07335be776bc990.webp\",\"datePublished\":\"2024-07-18T14:00:00+00:00\",\"dateModified\":\"2025-05-20T22:54:26+00:00\",\"description\":\"La Soci\u00e9t\u00e9 nationale d'exploitation et de distribution des eaux (SONEDE), a annonc\u00e9 dans un communiqu\u00e9 publi\u00e9 sur sa page Facebook, jeudi 18 juillet 2024, qu'un...\",\"breadcrumb\":{\"@id\":\"https:\\\/\\\/www.webdo.tn\\\/fr\\\/actualite\\\/regions\\\/coupure-d-eau-a-rades-a-partir-d-aujourd-hui\\\/215351\\\/#breadcrumb\"},\"inLanguage\":\"fr-FR\",\"potentialAction\":[{\"@type\":\"ReadAction\",\"target\":[\"https:\\\/\\\/www.webdo.tn\\\/fr\\\/actualite\\\/regions\\\/coupure-d-eau-a-rades-a-partir-d-aujourd-hui\\\/215351\\\/\"]}]},{\"@type\":\"ImageObject\",\"inLanguage\":\"fr-FR\",\"@id\":\"https:\\\/\\\/www.webdo.tn\\\/fr\\\/actualite\\\/regions\\\/coupure-d-eau-a-rades-a-partir-d-aujourd-hui\\\/215351\\\/#primaryimage\",\"url\":\"https:\\\/\\\/www.webdo.tn\\\/fr\\\/wp-content\\\/uploads\\\/2024\\\/07\\\/ef476367057dbcb4a07335be776bc990.webp\",\"contentUrl\":\"https:\\\/\\\/www.webdo.tn\\\/fr\\\/wp-content\\\/uploads\\\/2024\\\/07\\\/ef476367057dbcb4a07335be776bc990.webp\",\"width\":750,\"height\":400,\"caption\":\"Coupure d'eau \u00e0 Rad\u00e8s \u00e0 partir d\u2019aujourd\u2019hui\"},{\"@type\":\"BreadcrumbList\",\"@id\":\"https:\\\/\\\/www.webdo.tn\\\/fr\\\/actualite\\\/regions\\\/coupure-d-eau-a-rades-a-partir-d-aujourd-hui\\\/215351\\\/#breadcrumb\",\"itemListElement\":[{\"@type\":\"ListItem\",\"position\":1,\"name\":\"Accueil\",\"item\":\"https:\\\/\\\/www.webdo.tn\\\/fr\\\/\"},{\"@type\":\"ListItem\",\"position\":2,\"name\":\"Coupure d&rsquo;eau \u00e0 Rad\u00e8s \u00e0 partir d\u2019aujourd\u2019hui\"}]},{\"@type\":\"WebSite\",\"@id\":\"https:\\\/\\\/www.webdo.tn\\\/fr\\\/#website\",\"url\":\"https:\\\/\\\/www.webdo.tn\\\/fr\\\/\",\"name\":\"webdo\",\"description\":\"Tunisie - News en Tunisie et \u00e0 l&#039;international sur Webdo.tn\",\"publisher\":{\"@id\":\"https:\\\/\\\/www.webdo.tn\\\/fr\\\/#organization\"},\"potentialAction\":[{\"@type\":\"SearchAction\",\"target\":{\"@type\":\"EntryPoint\",\"urlTemplate\":\"https:\\\/\\\/www.webdo.tn\\\/fr\\\/?s={search_term_string}\"},\"query-input\":{\"@type\":\"PropertyValueSpecification\",\"valueRequired\":true,\"valueName\":\"search_term_string\"}}],\"inLanguage\":\"fr-FR\"},{\"@type\":\"Organization\",\"@id\":\"https:\\\/\\\/www.webdo.tn\\\/fr\\\/#organization\",\"name\":\"Webdo\",\"alternateName\":\"Webdo.tn\",\"url\":\"https:\\\/\\\/www.webdo.tn\\\/fr\\\/\",\"logo\":{\"@type\":\"ImageObject\",\"inLanguage\":\"fr-FR\",\"@id\":\"https:\\\/\\\/www.webdo.tn\\\/fr\\\/#\\\/schema\\\/logo\\\/image\\\/\",\"url\":\"https:\\\/\\\/www.webdo.tn\\\/fr\\\/wp-content\\\/uploads\\\/2025\\\/06\\\/Webdo-Tunisie_168377.jpg\",\"contentUrl\":\"https:\\\/\\\/www.webdo.tn\\\/fr\\\/wp-content\\\/uploads\\\/2025\\\/06\\\/Webdo-Tunisie_168377.jpg\",\"width\":301,\"height\":301,\"caption\":\"Webdo\"},\"image\":{\"@id\":\"https:\\\/\\\/www.webdo.tn\\\/fr\\\/#\\\/schema\\\/logo\\\/image\\\/\"},\"sameAs\":[\"https:\\\/\\\/www.facebook.com\\\/webdotn\",\"https:\\\/\\\/x.com\\\/webdo_tn\"],\"description\":\"Webdo est un m\u00e9dia num\u00e9rique tunisien fond\u00e9 en 2010, sp\u00e9cialis\u00e9 dans l\u2019actualit\u00e9 nationale et internationale, l\u2019\u00e9conomie, la soci\u00e9t\u00e9 et les analyses politiques. Le site s\u2019adresse \u00e0 un large public francophone et couvre l\u2019information tunisienne en temps r\u00e9el.\",\"email\":\"redac@webdo.tn\",\"legalName\":\"YNJ SARL\",\"foundingDate\":\"2010-09-06\",\"numberOfEmployees\":{\"@type\":\"QuantitativeValue\",\"minValue\":\"11\",\"maxValue\":\"50\"}},{\"@type\":\"Person\",\"@id\":\"https:\\\/\\\/www.webdo.tn\\\/fr\\\/#\\\/schema\\\/person\\\/f35b42a42c5e2511bbd282959d6385cc\",\"name\":\"CL\",\"image\":{\"@type\":\"ImageObject\",\"inLanguage\":\"fr-FR\",\"@id\":\"https:\\\/\\\/secure.gravatar.com\\\/avatar\\\/1447a49909b67aa657c488aec6512e1dd6143a480c1ecfee9b5b5cd74eb3b59e?s=96&d=mm&r=g\",\"url\":\"https:\\\/\\\/secure.gravatar.com\\\/avatar\\\/1447a49909b67aa657c488aec6512e1dd6143a480c1ecfee9b5b5cd74eb3b59e?s=96&d=mm&r=g\",\"contentUrl\":\"https:\\\/\\\/secure.gravatar.com\\\/avatar\\\/1447a49909b67aa657c488aec6512e1dd6143a480c1ecfee9b5b5cd74eb3b59e?s=96&d=mm&r=g\",\"caption\":\"CL\"},\"url\":\"https:\\\/\\\/www.webdo.tn\\\/fr\\\/actualite\\\/author\\\/cl\\\/\"}]}<\/script>\n<!-- \/ Yoast SEO Premium plugin. -->","yoast_head_json":{"title":"Coupure d'eau \u00e0 Rad\u00e8s \u00e0 partir d\u2019aujourd\u2019hui","description":"La Soci\u00e9t\u00e9 nationale d'exploitation et de distribution des eaux (SONEDE), a annonc\u00e9 dans un communiqu\u00e9 publi\u00e9 sur sa page Facebook, jeudi 18 juillet 2024, qu'un...","canonical":"https:\/\/www.webdo.tn\/fr\/actualite\/regions\/coupure-d-eau-a-rades-a-partir-d-aujourd-hui\/215351\/","og_locale":"fr_FR","og_type":"article","og_title":"Coupure d'eau \u00e0 Rad\u00e8s \u00e0 partir d\u2019aujourd\u2019hui","og_description":"La Soci\u00e9t\u00e9 nationale d'exploitation et de distribution des eaux (SONEDE), a annonc\u00e9 dans un communiqu\u00e9 publi\u00e9 sur sa page Facebook, jeudi 18 juillet 2024, qu'un...","og_url":"https:\/\/www.webdo.tn\/fr\/actualite\/regions\/coupure-d-eau-a-rades-a-partir-d-aujourd-hui\/215351\/","og_site_name":"webdo","article_publisher":"https:\/\/www.facebook.com\/webdotn","article_published_time":"2024-07-18T14:00:00+00:00","article_modified_time":"2025-05-20T22:54:26+00:00","og_image":[{"width":750,"height":400,"url":"https:\/\/www.webdo.tn\/fr\/wp-content\/uploads\/2024\/07\/ef476367057dbcb4a07335be776bc990.webp","type":"image\/webp"}],"author":"CL","twitter_card":"summary_large_image","twitter_creator":"@webdo_tn","twitter_site":"@webdo_tn","twitter_misc":{"\u00c9crit par":"CL","Dur\u00e9e de lecture estim\u00e9e":"1 minute"},"schema":{"@context":"https:\/\/schema.org","@graph":[{"@type":"NewsArticle","@id":"https:\/\/www.webdo.tn\/fr\/actualite\/regions\/coupure-d-eau-a-rades-a-partir-d-aujourd-hui\/215351\/#article","isPartOf":{"@id":"https:\/\/www.webdo.tn\/fr\/actualite\/regions\/coupure-d-eau-a-rades-a-partir-d-aujourd-hui\/215351\/"},"author":{"name":"CL","@id":"https:\/\/www.webdo.tn\/fr\/#\/schema\/person\/f35b42a42c5e2511bbd282959d6385cc"},"headline":"Coupure d&rsquo;eau \u00e0 Rad\u00e8s \u00e0 partir d\u2019aujourd\u2019hui","datePublished":"2024-07-18T14:00:00+00:00","dateModified":"2025-05-20T22:54:26+00:00","mainEntityOfPage":{"@id":"https:\/\/www.webdo.tn\/fr\/actualite\/regions\/coupure-d-eau-a-rades-a-partir-d-aujourd-hui\/215351\/"},"wordCount":127,"commentCount":0,"publisher":{"@id":"https:\/\/www.webdo.tn\/fr\/#organization"},"image":{"@id":"https:\/\/www.webdo.tn\/fr\/actualite\/regions\/coupure-d-eau-a-rades-a-partir-d-aujourd-hui\/215351\/#primaryimage"},"thumbnailUrl":"https:\/\/www.webdo.tn\/fr\/wp-content\/uploads\/2024\/07\/ef476367057dbcb4a07335be776bc990.webp","keywords":["coupure","eau","Rad\u00e8s","Sonede"],"articleSection":["regions"],"inLanguage":"fr-FR"},{"@type":"WebPage","@id":"https:\/\/www.webdo.tn\/fr\/actualite\/regions\/coupure-d-eau-a-rades-a-partir-d-aujourd-hui\/215351\/","url":"https:\/\/www.webdo.tn\/fr\/actualite\/regions\/coupure-d-eau-a-rades-a-partir-d-aujourd-hui\/215351\/","name":"Coupure d'eau \u00e0 Rad\u00e8s \u00e0 partir d\u2019aujourd\u2019hui","isPartOf":{"@id":"https:\/\/www.webdo.tn\/fr\/#website"},"primaryImageOfPage":{"@id":"https:\/\/www.webdo.tn\/fr\/actualite\/regions\/coupure-d-eau-a-rades-a-partir-d-aujourd-hui\/215351\/#primaryimage"},"image":{"@id":"https:\/\/www.webdo.tn\/fr\/actualite\/regions\/coupure-d-eau-a-rades-a-partir-d-aujourd-hui\/215351\/#primaryimage"},"thumbnailUrl":"https:\/\/www.webdo.tn\/fr\/wp-content\/uploads\/2024\/07\/ef476367057dbcb4a07335be776bc990.webp","datePublished":"2024-07-18T14:00:00+00:00","dateModified":"2025-05-20T22:54:26+00:00","description":"La Soci\u00e9t\u00e9 nationale d'exploitation et de distribution des eaux (SONEDE), a annonc\u00e9 dans un communiqu\u00e9 publi\u00e9 sur sa page Facebook, jeudi 18 juillet 2024, qu'un...","breadcrumb":{"@id":"https:\/\/www.webdo.tn\/fr\/actualite\/regions\/coupure-d-eau-a-rades-a-partir-d-aujourd-hui\/215351\/#breadcrumb"},"inLanguage":"fr-FR","potentialAction":[{"@type":"ReadAction","target":["https:\/\/www.webdo.tn\/fr\/actualite\/regions\/coupure-d-eau-a-rades-a-partir-d-aujourd-hui\/215351\/"]}]},{"@type":"ImageObject","inLanguage":"fr-FR","@id":"https:\/\/www.webdo.tn\/fr\/actualite\/regions\/coupure-d-eau-a-rades-a-partir-d-aujourd-hui\/215351\/#primaryimage","url":"https:\/\/www.webdo.tn\/fr\/wp-content\/uploads\/2024\/07\/ef476367057dbcb4a07335be776bc990.webp","contentUrl":"https:\/\/www.webdo.tn\/fr\/wp-content\/uploads\/2024\/07\/ef476367057dbcb4a07335be776bc990.webp","width":750,"height":400,"caption":"Coupure d'eau \u00e0 Rad\u00e8s \u00e0 partir d\u2019aujourd\u2019hui"},{"@type":"BreadcrumbList","@id":"https:\/\/www.webdo.tn\/fr\/actualite\/regions\/coupure-d-eau-a-rades-a-partir-d-aujourd-hui\/215351\/#breadcrumb","itemListElement":[{"@type":"ListItem","position":1,"name":"Accueil","item":"https:\/\/www.webdo.tn\/fr\/"},{"@type":"ListItem","position":2,"name":"Coupure d&rsquo;eau \u00e0 Rad\u00e8s \u00e0 partir d\u2019aujourd\u2019hui"}]},{"@type":"WebSite","@id":"https:\/\/www.webdo.tn\/fr\/#website","url":"https:\/\/www.webdo.tn\/fr\/","name":"webdo","description":"Tunisie - News en Tunisie et \u00e0 l&#039;international sur Webdo.tn","publisher":{"@id":"https:\/\/www.webdo.tn\/fr\/#organization"},"potentialAction":[{"@type":"SearchAction","target":{"@type":"EntryPoint","urlTemplate":"https:\/\/www.webdo.tn\/fr\/?s={search_term_string}"},"query-input":{"@type":"PropertyValueSpecification","valueRequired":true,"valueName":"search_term_string"}}],"inLanguage":"fr-FR"},{"@type":"Organization","@id":"https:\/\/www.webdo.tn\/fr\/#organization","name":"Webdo","alternateName":"Webdo.tn","url":"https:\/\/www.webdo.tn\/fr\/","logo":{"@type":"ImageObject","inLanguage":"fr-FR","@id":"https:\/\/www.webdo.tn\/fr\/#\/schema\/logo\/image\/","url":"https:\/\/www.webdo.tn\/fr\/wp-content\/uploads\/2025\/06\/Webdo-Tunisie_168377.jpg","contentUrl":"https:\/\/www.webdo.tn\/fr\/wp-content\/uploads\/2025\/06\/Webdo-Tunisie_168377.jpg","width":301,"height":301,"caption":"Webdo"},"image":{"@id":"https:\/\/www.webdo.tn\/fr\/#\/schema\/logo\/image\/"},"sameAs":["https:\/\/www.facebook.com\/webdotn","https:\/\/x.com\/webdo_tn"],"description":"Webdo est un m\u00e9dia num\u00e9rique tunisien fond\u00e9 en 2010, sp\u00e9cialis\u00e9 dans l\u2019actualit\u00e9 nationale et internationale, l\u2019\u00e9conomie, la soci\u00e9t\u00e9 et les analyses politiques. Le site s\u2019adresse \u00e0 un large public francophone et couvre l\u2019information tunisienne en temps r\u00e9el.","email":"redac@webdo.tn","legalName":"YNJ SARL","foundingDate":"2010-09-06","numberOfEmployees":{"@type":"QuantitativeValue","minValue":"11","maxValue":"50"}},{"@type":"Person","@id":"https:\/\/www.webdo.tn\/fr\/#\/schema\/person\/f35b42a42c5e2511bbd282959d6385cc","name":"CL","image":{"@type":"ImageObject","inLanguage":"fr-FR","@id":"https:\/\/secure.gravatar.com\/avatar\/1447a49909b67aa657c488aec6512e1dd6143a480c1ecfee9b5b5cd74eb3b59e?s=96&d=mm&r=g","url":"https:\/\/secure.gravatar.com\/avatar\/1447a49909b67aa657c488aec6512e1dd6143a480c1ecfee9b5b5cd74eb3b59e?s=96&d=mm&r=g","contentUrl":"https:\/\/secure.gravatar.com\/avatar\/1447a49909b67aa657c488aec6512e1dd6143a480c1ecfee9b5b5cd74eb3b59e?s=96&d=mm&r=g","caption":"CL"},"url":"https:\/\/www.webdo.tn\/fr\/actualite\/author\/cl\/"}]}},"_links":{"self":[{"href":"https:\/\/www.webdo.tn\/fr\/wp-json\/wp\/v2\/posts\/215351","targetHints":{"allow":["GET"]}}],"collection":[{"href":"https:\/\/www.webdo.tn\/fr\/wp-json\/wp\/v2\/posts"}],"about":[{"href":"https:\/\/www.webdo.tn\/fr\/wp-json\/wp\/v2\/types\/post"}],"author":[{"embeddable":true,"href":"https:\/\/www.webdo.tn\/fr\/wp-json\/wp\/v2\/users\/3175"}],"replies":[{"embeddable":true,"href":"https:\/\/www.webdo.tn\/fr\/wp-json\/wp\/v2\/comments?post=215351"}],"version-history":[{"count":0,"href":"https:\/\/www.webdo.tn\/fr\/wp-json\/wp\/v2\/posts\/215351\/revisions"}],"wp:featuredmedia":[{"embeddable":true,"href":"https:\/\/www.webdo.tn\/fr\/wp-json\/wp\/v2\/media\/290855"}],"wp:attachment":[{"href":"https:\/\/www.webdo.tn\/fr\/wp-json\/wp\/v2\/media?parent=215351"}],"wp:term":[{"taxonomy":"category","embeddable":true,"href":"https:\/\/www.webdo.tn\/fr\/wp-json\/wp\/v2\/categories?post=215351"},{"taxonomy":"post_tag","embeddable":true,"href":"https:\/\/www.webdo.tn\/fr\/wp-json\/wp\/v2\/tags?post=215351"}],"curies":[{"name":"wp","href":"https:\/\/api.w.org\/{rel}","templated":true}]}}