{"id":215349,"date":"2024-07-18T12:39:00","date_gmt":"2024-07-18T12:39:00","guid":{"rendered":"https:\/\/www.webdo.tn\/fr\/blog\/plus-de-74-mille-migrants-irreguliers-arretes-en-tunisie-en-2024\/215349\/"},"modified":"2025-05-20T22:54:27","modified_gmt":"2025-05-20T22:54:27","slug":"plus-de-74-mille-migrants-irreguliers-arretes-en-tunisie-en-2024","status":"publish","type":"post","link":"https:\/\/www.webdo.tn\/fr\/actualite\/national\/plus-de-74-mille-migrants-irreguliers-arretes-en-tunisie-en-2024\/215349\/","title":{"rendered":"Plus de 74 mille migrants irr\u00e9guliers arr\u00eat\u00e9s en Tunisie en 2024"},"content":{"rendered":"<p>Participant aux travaux du Forum transm\u00e9diterran\u00e9en de la migration, qui se d\u00e9roule \u00e0 Tripoli, en Libye, le ministre de l&rsquo;Int\u00e9rieur, Khaled Nouri, \u00e0 l\u2019instar du Chef du gouvernement Ahmed Hachani, a soulign\u00e9 que la lutte contre la migration irr\u00e9guli\u00e8re ne peut \u00eatre men\u00e9e par chaque pays seul et n\u00e9cessite la concertation des efforts des pays concern\u00e9s dans le cadre d&rsquo;un plan d&rsquo;action unifi\u00e9 et s\u00e9rieux.<\/p>\n<p>\t\t\t\t\t\t\t\t\tKhaled Nouri a soulign\u00e9 le souci constant de la Tunisie de renforcer la coop\u00e9ration, la solidarit\u00e9 et l&rsquo;int\u00e9gration pour pr\u00e9server la s\u00e9curit\u00e9 et la stabilit\u00e9 des pays du bassin m\u00e9diterran\u00e9en, ajoutant que la lutte contre ce ph\u00e9nom\u00e8ne ne peut \u00eatre men\u00e9e par chaque pays seul et n\u00e9cessite la concertation des efforts des pays concern\u00e9s dans le cadre d&rsquo;un plan d&rsquo;action unifi\u00e9 et s\u00e9rieux.<\/p>\n<p>Il a rappel\u00e9 que la Tunisie figure parmi les pays les plus touch\u00e9s par le ph\u00e9nom\u00e8ne de la migration irr\u00e9guli\u00e8re, au m\u00eame titre que l&rsquo;Egypte, l&rsquo;Alg\u00e9rie et la Libye, en raison de plusieurs facteurs et donn\u00e9es impos\u00e9s par la conjoncture r\u00e9gionale et internationale actuelle, outre sa situation g\u00e9ographique et sa proximit\u00e9 des c\u00f4tes italiennes et son climat doux qui facilite le processus de navigation des passagers clandestins vers l&rsquo;espace europ\u00e9en.<\/p>\n<p>Dans ce contexte, le ministre de l\u2019Int\u00e9rieur a soulign\u00e9 qu&rsquo;au cours de la p\u00e9riode allant du 1er janvier 2024 au 14 juillet de l\u2019ann\u00e9e en cours, 74.464 personnes ont \u00e9t\u00e9 arr\u00eat\u00e9es en tentant de franchir les fronti\u00e8res maritimes en direction de l&rsquo;Europe, contre environ 45.000 pendant toute l&rsquo;ann\u00e9e 2022.<\/p>\n<p>Il a \u00e9galement rappel\u00e9 que le co\u00fbt allou\u00e9 \u00e0 la Direction g\u00e9n\u00e9rale de la Garde nationale a atteint annuellement 103 millions d&rsquo;euros.<\/p>\n<p>Lors de ces travaux, Ahmed Hachani a d\u2019ailleurs lanc\u00e9 un appel pressant pour une aide accrue. \u00ab\u00a0Plus d&rsquo;assistance doit \u00eatre fournie aux pays comme la Tunisie. L&rsquo;aide fournie est insuffisante pour faire face au probl\u00e8me\u00a0\u00bb, a-t-il affirm\u00e9 selon les propos rapport\u00e9s par Aljazeera. Le chef du gouvernement tunisien a soulign\u00e9 l&rsquo;ampleur de la crise, ajoutant : \u00ab\u00a0Il y a des villes qui ont absorb\u00e9 des migrants au-del\u00e0 de leurs capacit\u00e9s\u00a0\u00bb.<\/p>\n","protected":false},"excerpt":{"rendered":"<p>Khaled Nouri a soulign\u00e9 le souci constant de la Tunisie de renforcer la coop\u00e9ration, la solidarit\u00e9 et l&rsquo;int\u00e9gration pour pr\u00e9server la s\u00e9curit\u00e9 et la stabilit\u00e9 d&#8230;<\/p>\n","protected":false},"author":3175,"featured_media":290857,"comment_status":"open","ping_status":"closed","sticky":false,"template":"","format":"standard","meta":{"footnotes":""},"categories":[44],"tags":[10325,3572,2894,3675,2608],"class_list":["post-215349","post","type-post","status-publish","format-standard","has-post-thumbnail","hentry","category-national","tag-forum-transmediterraneen-de-la-migration","tag-khaled-nouri","tag-migrants","tag-migration-irreguliere","tag-tunisie"],"yoast_head":"<!-- This site is optimized with the Yoast SEO Premium plugin v27.4 (Yoast SEO v27.5) - https:\/\/yoast.com\/product\/yoast-seo-premium-wordpress\/ -->\n<title>Plus de 74 mille migrants irr\u00e9guliers arr\u00eat\u00e9s en Tunisie en 2024<\/title>\n<meta name=\"description\" content=\"Khaled Nouri a soulign\u00e9 le souci constant de la Tunisie de renforcer la coop\u00e9ration, la solidarit\u00e9 et l&#039;int\u00e9gration pour pr\u00e9server la s\u00e9curit\u00e9 et la stabilit\u00e9 d...\" \/>\n<link rel=\"canonical\" href=\"https:\/\/www.webdo.tn\/fr\/actualite\/national\/plus-de-74-mille-migrants-irreguliers-arretes-en-tunisie-en-2024\/215349\/\" \/>\n<meta property=\"og:locale\" content=\"fr_FR\" \/>\n<meta property=\"og:type\" content=\"article\" \/>\n<meta property=\"og:title\" content=\"Plus de 74 mille migrants irr\u00e9guliers arr\u00eat\u00e9s en Tunisie en 2024\" \/>\n<meta property=\"og:description\" content=\"Khaled Nouri a soulign\u00e9 le souci constant de la Tunisie de renforcer la coop\u00e9ration, la solidarit\u00e9 et l&#039;int\u00e9gration pour pr\u00e9server la s\u00e9curit\u00e9 et la stabilit\u00e9 d...\" \/>\n<meta property=\"og:url\" content=\"https:\/\/www.webdo.tn\/fr\/actualite\/national\/plus-de-74-mille-migrants-irreguliers-arretes-en-tunisie-en-2024\/215349\/\" \/>\n<meta property=\"og:site_name\" content=\"webdo\" \/>\n<meta property=\"article:publisher\" content=\"https:\/\/www.facebook.com\/webdotn\" \/>\n<meta property=\"article:published_time\" content=\"2024-07-18T12:39:00+00:00\" \/>\n<meta property=\"article:modified_time\" content=\"2025-05-20T22:54:27+00:00\" \/>\n<meta property=\"og:image\" content=\"https:\/\/www.webdo.tn\/fr\/wp-content\/uploads\/2024\/07\/e71b643b9f48a2e0e13bb5df096842aa.webp\" \/>\n\t<meta property=\"og:image:width\" content=\"750\" \/>\n\t<meta property=\"og:image:height\" content=\"400\" \/>\n\t<meta property=\"og:image:type\" content=\"image\/webp\" \/>\n<meta name=\"author\" content=\"CL\" \/>\n<meta name=\"twitter:card\" content=\"summary_large_image\" \/>\n<meta name=\"twitter:creator\" content=\"@webdo_tn\" \/>\n<meta name=\"twitter:site\" content=\"@webdo_tn\" \/>\n<meta name=\"twitter:label1\" content=\"\u00c9crit par\" \/>\n\t<meta name=\"twitter:data1\" content=\"CL\" \/>\n\t<meta name=\"twitter:label2\" content=\"Dur\u00e9e de lecture estim\u00e9e\" \/>\n\t<meta name=\"twitter:data2\" content=\"2 minutes\" \/>\n<script type=\"application\/ld+json\" class=\"yoast-schema-graph\">{\"@context\":\"https:\\\/\\\/schema.org\",\"@graph\":[{\"@type\":\"NewsArticle\",\"@id\":\"https:\\\/\\\/www.webdo.tn\\\/fr\\\/actualite\\\/national\\\/plus-de-74-mille-migrants-irreguliers-arretes-en-tunisie-en-2024\\\/215349\\\/#article\",\"isPartOf\":{\"@id\":\"https:\\\/\\\/www.webdo.tn\\\/fr\\\/actualite\\\/national\\\/plus-de-74-mille-migrants-irreguliers-arretes-en-tunisie-en-2024\\\/215349\\\/\"},\"author\":{\"name\":\"CL\",\"@id\":\"https:\\\/\\\/www.webdo.tn\\\/fr\\\/#\\\/schema\\\/person\\\/f35b42a42c5e2511bbd282959d6385cc\"},\"headline\":\"Plus de 74 mille migrants irr\u00e9guliers arr\u00eat\u00e9s en Tunisie en 2024\",\"datePublished\":\"2024-07-18T12:39:00+00:00\",\"dateModified\":\"2025-05-20T22:54:27+00:00\",\"mainEntityOfPage\":{\"@id\":\"https:\\\/\\\/www.webdo.tn\\\/fr\\\/actualite\\\/national\\\/plus-de-74-mille-migrants-irreguliers-arretes-en-tunisie-en-2024\\\/215349\\\/\"},\"wordCount\":409,\"commentCount\":0,\"publisher\":{\"@id\":\"https:\\\/\\\/www.webdo.tn\\\/fr\\\/#organization\"},\"image\":{\"@id\":\"https:\\\/\\\/www.webdo.tn\\\/fr\\\/actualite\\\/national\\\/plus-de-74-mille-migrants-irreguliers-arretes-en-tunisie-en-2024\\\/215349\\\/#primaryimage\"},\"thumbnailUrl\":\"https:\\\/\\\/www.webdo.tn\\\/fr\\\/wp-content\\\/uploads\\\/2024\\\/07\\\/e71b643b9f48a2e0e13bb5df096842aa.webp\",\"keywords\":[\"'Forum transm\u00e9diterran\u00e9en de la migration']\",\"Khaled Nouri\",\"migrants\",\"migration irr\u00e9guli\u00e8re\",\"Tunisie\"],\"articleSection\":[\"National\"],\"inLanguage\":\"fr-FR\"},{\"@type\":\"WebPage\",\"@id\":\"https:\\\/\\\/www.webdo.tn\\\/fr\\\/actualite\\\/national\\\/plus-de-74-mille-migrants-irreguliers-arretes-en-tunisie-en-2024\\\/215349\\\/\",\"url\":\"https:\\\/\\\/www.webdo.tn\\\/fr\\\/actualite\\\/national\\\/plus-de-74-mille-migrants-irreguliers-arretes-en-tunisie-en-2024\\\/215349\\\/\",\"name\":\"Plus de 74 mille migrants irr\u00e9guliers arr\u00eat\u00e9s en Tunisie en 2024\",\"isPartOf\":{\"@id\":\"https:\\\/\\\/www.webdo.tn\\\/fr\\\/#website\"},\"primaryImageOfPage\":{\"@id\":\"https:\\\/\\\/www.webdo.tn\\\/fr\\\/actualite\\\/national\\\/plus-de-74-mille-migrants-irreguliers-arretes-en-tunisie-en-2024\\\/215349\\\/#primaryimage\"},\"image\":{\"@id\":\"https:\\\/\\\/www.webdo.tn\\\/fr\\\/actualite\\\/national\\\/plus-de-74-mille-migrants-irreguliers-arretes-en-tunisie-en-2024\\\/215349\\\/#primaryimage\"},\"thumbnailUrl\":\"https:\\\/\\\/www.webdo.tn\\\/fr\\\/wp-content\\\/uploads\\\/2024\\\/07\\\/e71b643b9f48a2e0e13bb5df096842aa.webp\",\"datePublished\":\"2024-07-18T12:39:00+00:00\",\"dateModified\":\"2025-05-20T22:54:27+00:00\",\"description\":\"Khaled Nouri a soulign\u00e9 le souci constant de la Tunisie de renforcer la coop\u00e9ration, la solidarit\u00e9 et l'int\u00e9gration pour pr\u00e9server la s\u00e9curit\u00e9 et la stabilit\u00e9 d...\",\"breadcrumb\":{\"@id\":\"https:\\\/\\\/www.webdo.tn\\\/fr\\\/actualite\\\/national\\\/plus-de-74-mille-migrants-irreguliers-arretes-en-tunisie-en-2024\\\/215349\\\/#breadcrumb\"},\"inLanguage\":\"fr-FR\",\"potentialAction\":[{\"@type\":\"ReadAction\",\"target\":[\"https:\\\/\\\/www.webdo.tn\\\/fr\\\/actualite\\\/national\\\/plus-de-74-mille-migrants-irreguliers-arretes-en-tunisie-en-2024\\\/215349\\\/\"]}]},{\"@type\":\"ImageObject\",\"inLanguage\":\"fr-FR\",\"@id\":\"https:\\\/\\\/www.webdo.tn\\\/fr\\\/actualite\\\/national\\\/plus-de-74-mille-migrants-irreguliers-arretes-en-tunisie-en-2024\\\/215349\\\/#primaryimage\",\"url\":\"https:\\\/\\\/www.webdo.tn\\\/fr\\\/wp-content\\\/uploads\\\/2024\\\/07\\\/e71b643b9f48a2e0e13bb5df096842aa.webp\",\"contentUrl\":\"https:\\\/\\\/www.webdo.tn\\\/fr\\\/wp-content\\\/uploads\\\/2024\\\/07\\\/e71b643b9f48a2e0e13bb5df096842aa.webp\",\"width\":750,\"height\":400,\"caption\":\"Plus de 74 mille migrants irr\u00e9guliers arr\u00eat\u00e9s en Tunisie en 2024\"},{\"@type\":\"BreadcrumbList\",\"@id\":\"https:\\\/\\\/www.webdo.tn\\\/fr\\\/actualite\\\/national\\\/plus-de-74-mille-migrants-irreguliers-arretes-en-tunisie-en-2024\\\/215349\\\/#breadcrumb\",\"itemListElement\":[{\"@type\":\"ListItem\",\"position\":1,\"name\":\"Accueil\",\"item\":\"https:\\\/\\\/www.webdo.tn\\\/fr\\\/\"},{\"@type\":\"ListItem\",\"position\":2,\"name\":\"Plus de 74 mille migrants irr\u00e9guliers arr\u00eat\u00e9s en Tunisie en 2024\"}]},{\"@type\":\"WebSite\",\"@id\":\"https:\\\/\\\/www.webdo.tn\\\/fr\\\/#website\",\"url\":\"https:\\\/\\\/www.webdo.tn\\\/fr\\\/\",\"name\":\"webdo\",\"description\":\"Tunisie - News en Tunisie et \u00e0 l&#039;international sur Webdo.tn\",\"publisher\":{\"@id\":\"https:\\\/\\\/www.webdo.tn\\\/fr\\\/#organization\"},\"potentialAction\":[{\"@type\":\"SearchAction\",\"target\":{\"@type\":\"EntryPoint\",\"urlTemplate\":\"https:\\\/\\\/www.webdo.tn\\\/fr\\\/?s={search_term_string}\"},\"query-input\":{\"@type\":\"PropertyValueSpecification\",\"valueRequired\":true,\"valueName\":\"search_term_string\"}}],\"inLanguage\":\"fr-FR\"},{\"@type\":\"Organization\",\"@id\":\"https:\\\/\\\/www.webdo.tn\\\/fr\\\/#organization\",\"name\":\"Webdo\",\"alternateName\":\"Webdo.tn\",\"url\":\"https:\\\/\\\/www.webdo.tn\\\/fr\\\/\",\"logo\":{\"@type\":\"ImageObject\",\"inLanguage\":\"fr-FR\",\"@id\":\"https:\\\/\\\/www.webdo.tn\\\/fr\\\/#\\\/schema\\\/logo\\\/image\\\/\",\"url\":\"https:\\\/\\\/www.webdo.tn\\\/fr\\\/wp-content\\\/uploads\\\/2025\\\/06\\\/Webdo-Tunisie_168377.jpg\",\"contentUrl\":\"https:\\\/\\\/www.webdo.tn\\\/fr\\\/wp-content\\\/uploads\\\/2025\\\/06\\\/Webdo-Tunisie_168377.jpg\",\"width\":301,\"height\":301,\"caption\":\"Webdo\"},\"image\":{\"@id\":\"https:\\\/\\\/www.webdo.tn\\\/fr\\\/#\\\/schema\\\/logo\\\/image\\\/\"},\"sameAs\":[\"https:\\\/\\\/www.facebook.com\\\/webdotn\",\"https:\\\/\\\/x.com\\\/webdo_tn\"],\"description\":\"Webdo est un m\u00e9dia num\u00e9rique tunisien fond\u00e9 en 2010, sp\u00e9cialis\u00e9 dans l\u2019actualit\u00e9 nationale et internationale, l\u2019\u00e9conomie, la soci\u00e9t\u00e9 et les analyses politiques. Le site s\u2019adresse \u00e0 un large public francophone et couvre l\u2019information tunisienne en temps r\u00e9el.\",\"email\":\"redac@webdo.tn\",\"legalName\":\"YNJ SARL\",\"foundingDate\":\"2010-09-06\",\"numberOfEmployees\":{\"@type\":\"QuantitativeValue\",\"minValue\":\"11\",\"maxValue\":\"50\"}},{\"@type\":\"Person\",\"@id\":\"https:\\\/\\\/www.webdo.tn\\\/fr\\\/#\\\/schema\\\/person\\\/f35b42a42c5e2511bbd282959d6385cc\",\"name\":\"CL\",\"image\":{\"@type\":\"ImageObject\",\"inLanguage\":\"fr-FR\",\"@id\":\"https:\\\/\\\/secure.gravatar.com\\\/avatar\\\/1447a49909b67aa657c488aec6512e1dd6143a480c1ecfee9b5b5cd74eb3b59e?s=96&d=mm&r=g\",\"url\":\"https:\\\/\\\/secure.gravatar.com\\\/avatar\\\/1447a49909b67aa657c488aec6512e1dd6143a480c1ecfee9b5b5cd74eb3b59e?s=96&d=mm&r=g\",\"contentUrl\":\"https:\\\/\\\/secure.gravatar.com\\\/avatar\\\/1447a49909b67aa657c488aec6512e1dd6143a480c1ecfee9b5b5cd74eb3b59e?s=96&d=mm&r=g\",\"caption\":\"CL\"},\"url\":\"https:\\\/\\\/www.webdo.tn\\\/fr\\\/actualite\\\/author\\\/cl\\\/\"}]}<\/script>\n<!-- \/ Yoast SEO Premium plugin. -->","yoast_head_json":{"title":"Plus de 74 mille migrants irr\u00e9guliers arr\u00eat\u00e9s en Tunisie en 2024","description":"Khaled Nouri a soulign\u00e9 le souci constant de la Tunisie de renforcer la coop\u00e9ration, la solidarit\u00e9 et l'int\u00e9gration pour pr\u00e9server la s\u00e9curit\u00e9 et la stabilit\u00e9 d...","canonical":"https:\/\/www.webdo.tn\/fr\/actualite\/national\/plus-de-74-mille-migrants-irreguliers-arretes-en-tunisie-en-2024\/215349\/","og_locale":"fr_FR","og_type":"article","og_title":"Plus de 74 mille migrants irr\u00e9guliers arr\u00eat\u00e9s en Tunisie en 2024","og_description":"Khaled Nouri a soulign\u00e9 le souci constant de la Tunisie de renforcer la coop\u00e9ration, la solidarit\u00e9 et l'int\u00e9gration pour pr\u00e9server la s\u00e9curit\u00e9 et la stabilit\u00e9 d...","og_url":"https:\/\/www.webdo.tn\/fr\/actualite\/national\/plus-de-74-mille-migrants-irreguliers-arretes-en-tunisie-en-2024\/215349\/","og_site_name":"webdo","article_publisher":"https:\/\/www.facebook.com\/webdotn","article_published_time":"2024-07-18T12:39:00+00:00","article_modified_time":"2025-05-20T22:54:27+00:00","og_image":[{"width":750,"height":400,"url":"https:\/\/www.webdo.tn\/fr\/wp-content\/uploads\/2024\/07\/e71b643b9f48a2e0e13bb5df096842aa.webp","type":"image\/webp"}],"author":"CL","twitter_card":"summary_large_image","twitter_creator":"@webdo_tn","twitter_site":"@webdo_tn","twitter_misc":{"\u00c9crit par":"CL","Dur\u00e9e de lecture estim\u00e9e":"2 minutes"},"schema":{"@context":"https:\/\/schema.org","@graph":[{"@type":"NewsArticle","@id":"https:\/\/www.webdo.tn\/fr\/actualite\/national\/plus-de-74-mille-migrants-irreguliers-arretes-en-tunisie-en-2024\/215349\/#article","isPartOf":{"@id":"https:\/\/www.webdo.tn\/fr\/actualite\/national\/plus-de-74-mille-migrants-irreguliers-arretes-en-tunisie-en-2024\/215349\/"},"author":{"name":"CL","@id":"https:\/\/www.webdo.tn\/fr\/#\/schema\/person\/f35b42a42c5e2511bbd282959d6385cc"},"headline":"Plus de 74 mille migrants irr\u00e9guliers arr\u00eat\u00e9s en Tunisie en 2024","datePublished":"2024-07-18T12:39:00+00:00","dateModified":"2025-05-20T22:54:27+00:00","mainEntityOfPage":{"@id":"https:\/\/www.webdo.tn\/fr\/actualite\/national\/plus-de-74-mille-migrants-irreguliers-arretes-en-tunisie-en-2024\/215349\/"},"wordCount":409,"commentCount":0,"publisher":{"@id":"https:\/\/www.webdo.tn\/fr\/#organization"},"image":{"@id":"https:\/\/www.webdo.tn\/fr\/actualite\/national\/plus-de-74-mille-migrants-irreguliers-arretes-en-tunisie-en-2024\/215349\/#primaryimage"},"thumbnailUrl":"https:\/\/www.webdo.tn\/fr\/wp-content\/uploads\/2024\/07\/e71b643b9f48a2e0e13bb5df096842aa.webp","keywords":["'Forum transm\u00e9diterran\u00e9en de la migration']","Khaled Nouri","migrants","migration irr\u00e9guli\u00e8re","Tunisie"],"articleSection":["National"],"inLanguage":"fr-FR"},{"@type":"WebPage","@id":"https:\/\/www.webdo.tn\/fr\/actualite\/national\/plus-de-74-mille-migrants-irreguliers-arretes-en-tunisie-en-2024\/215349\/","url":"https:\/\/www.webdo.tn\/fr\/actualite\/national\/plus-de-74-mille-migrants-irreguliers-arretes-en-tunisie-en-2024\/215349\/","name":"Plus de 74 mille migrants irr\u00e9guliers arr\u00eat\u00e9s en Tunisie en 2024","isPartOf":{"@id":"https:\/\/www.webdo.tn\/fr\/#website"},"primaryImageOfPage":{"@id":"https:\/\/www.webdo.tn\/fr\/actualite\/national\/plus-de-74-mille-migrants-irreguliers-arretes-en-tunisie-en-2024\/215349\/#primaryimage"},"image":{"@id":"https:\/\/www.webdo.tn\/fr\/actualite\/national\/plus-de-74-mille-migrants-irreguliers-arretes-en-tunisie-en-2024\/215349\/#primaryimage"},"thumbnailUrl":"https:\/\/www.webdo.tn\/fr\/wp-content\/uploads\/2024\/07\/e71b643b9f48a2e0e13bb5df096842aa.webp","datePublished":"2024-07-18T12:39:00+00:00","dateModified":"2025-05-20T22:54:27+00:00","description":"Khaled Nouri a soulign\u00e9 le souci constant de la Tunisie de renforcer la coop\u00e9ration, la solidarit\u00e9 et l'int\u00e9gration pour pr\u00e9server la s\u00e9curit\u00e9 et la stabilit\u00e9 d...","breadcrumb":{"@id":"https:\/\/www.webdo.tn\/fr\/actualite\/national\/plus-de-74-mille-migrants-irreguliers-arretes-en-tunisie-en-2024\/215349\/#breadcrumb"},"inLanguage":"fr-FR","potentialAction":[{"@type":"ReadAction","target":["https:\/\/www.webdo.tn\/fr\/actualite\/national\/plus-de-74-mille-migrants-irreguliers-arretes-en-tunisie-en-2024\/215349\/"]}]},{"@type":"ImageObject","inLanguage":"fr-FR","@id":"https:\/\/www.webdo.tn\/fr\/actualite\/national\/plus-de-74-mille-migrants-irreguliers-arretes-en-tunisie-en-2024\/215349\/#primaryimage","url":"https:\/\/www.webdo.tn\/fr\/wp-content\/uploads\/2024\/07\/e71b643b9f48a2e0e13bb5df096842aa.webp","contentUrl":"https:\/\/www.webdo.tn\/fr\/wp-content\/uploads\/2024\/07\/e71b643b9f48a2e0e13bb5df096842aa.webp","width":750,"height":400,"caption":"Plus de 74 mille migrants irr\u00e9guliers arr\u00eat\u00e9s en Tunisie en 2024"},{"@type":"BreadcrumbList","@id":"https:\/\/www.webdo.tn\/fr\/actualite\/national\/plus-de-74-mille-migrants-irreguliers-arretes-en-tunisie-en-2024\/215349\/#breadcrumb","itemListElement":[{"@type":"ListItem","position":1,"name":"Accueil","item":"https:\/\/www.webdo.tn\/fr\/"},{"@type":"ListItem","position":2,"name":"Plus de 74 mille migrants irr\u00e9guliers arr\u00eat\u00e9s en Tunisie en 2024"}]},{"@type":"WebSite","@id":"https:\/\/www.webdo.tn\/fr\/#website","url":"https:\/\/www.webdo.tn\/fr\/","name":"webdo","description":"Tunisie - News en Tunisie et \u00e0 l&#039;international sur Webdo.tn","publisher":{"@id":"https:\/\/www.webdo.tn\/fr\/#organization"},"potentialAction":[{"@type":"SearchAction","target":{"@type":"EntryPoint","urlTemplate":"https:\/\/www.webdo.tn\/fr\/?s={search_term_string}"},"query-input":{"@type":"PropertyValueSpecification","valueRequired":true,"valueName":"search_term_string"}}],"inLanguage":"fr-FR"},{"@type":"Organization","@id":"https:\/\/www.webdo.tn\/fr\/#organization","name":"Webdo","alternateName":"Webdo.tn","url":"https:\/\/www.webdo.tn\/fr\/","logo":{"@type":"ImageObject","inLanguage":"fr-FR","@id":"https:\/\/www.webdo.tn\/fr\/#\/schema\/logo\/image\/","url":"https:\/\/www.webdo.tn\/fr\/wp-content\/uploads\/2025\/06\/Webdo-Tunisie_168377.jpg","contentUrl":"https:\/\/www.webdo.tn\/fr\/wp-content\/uploads\/2025\/06\/Webdo-Tunisie_168377.jpg","width":301,"height":301,"caption":"Webdo"},"image":{"@id":"https:\/\/www.webdo.tn\/fr\/#\/schema\/logo\/image\/"},"sameAs":["https:\/\/www.facebook.com\/webdotn","https:\/\/x.com\/webdo_tn"],"description":"Webdo est un m\u00e9dia num\u00e9rique tunisien fond\u00e9 en 2010, sp\u00e9cialis\u00e9 dans l\u2019actualit\u00e9 nationale et internationale, l\u2019\u00e9conomie, la soci\u00e9t\u00e9 et les analyses politiques. Le site s\u2019adresse \u00e0 un large public francophone et couvre l\u2019information tunisienne en temps r\u00e9el.","email":"redac@webdo.tn","legalName":"YNJ SARL","foundingDate":"2010-09-06","numberOfEmployees":{"@type":"QuantitativeValue","minValue":"11","maxValue":"50"}},{"@type":"Person","@id":"https:\/\/www.webdo.tn\/fr\/#\/schema\/person\/f35b42a42c5e2511bbd282959d6385cc","name":"CL","image":{"@type":"ImageObject","inLanguage":"fr-FR","@id":"https:\/\/secure.gravatar.com\/avatar\/1447a49909b67aa657c488aec6512e1dd6143a480c1ecfee9b5b5cd74eb3b59e?s=96&d=mm&r=g","url":"https:\/\/secure.gravatar.com\/avatar\/1447a49909b67aa657c488aec6512e1dd6143a480c1ecfee9b5b5cd74eb3b59e?s=96&d=mm&r=g","contentUrl":"https:\/\/secure.gravatar.com\/avatar\/1447a49909b67aa657c488aec6512e1dd6143a480c1ecfee9b5b5cd74eb3b59e?s=96&d=mm&r=g","caption":"CL"},"url":"https:\/\/www.webdo.tn\/fr\/actualite\/author\/cl\/"}]}},"_links":{"self":[{"href":"https:\/\/www.webdo.tn\/fr\/wp-json\/wp\/v2\/posts\/215349","targetHints":{"allow":["GET"]}}],"collection":[{"href":"https:\/\/www.webdo.tn\/fr\/wp-json\/wp\/v2\/posts"}],"about":[{"href":"https:\/\/www.webdo.tn\/fr\/wp-json\/wp\/v2\/types\/post"}],"author":[{"embeddable":true,"href":"https:\/\/www.webdo.tn\/fr\/wp-json\/wp\/v2\/users\/3175"}],"replies":[{"embeddable":true,"href":"https:\/\/www.webdo.tn\/fr\/wp-json\/wp\/v2\/comments?post=215349"}],"version-history":[{"count":0,"href":"https:\/\/www.webdo.tn\/fr\/wp-json\/wp\/v2\/posts\/215349\/revisions"}],"wp:featuredmedia":[{"embeddable":true,"href":"https:\/\/www.webdo.tn\/fr\/wp-json\/wp\/v2\/media\/290857"}],"wp:attachment":[{"href":"https:\/\/www.webdo.tn\/fr\/wp-json\/wp\/v2\/media?parent=215349"}],"wp:term":[{"taxonomy":"category","embeddable":true,"href":"https:\/\/www.webdo.tn\/fr\/wp-json\/wp\/v2\/categories?post=215349"},{"taxonomy":"post_tag","embeddable":true,"href":"https:\/\/www.webdo.tn\/fr\/wp-json\/wp\/v2\/tags?post=215349"}],"curies":[{"name":"wp","href":"https:\/\/api.w.org\/{rel}","templated":true}]}}