{"id":215348,"date":"2024-07-18T12:14:00","date_gmt":"2024-07-18T12:14:00","guid":{"rendered":"https:\/\/www.webdo.tn\/fr\/blog\/accord-commercial-signe-pour-la-reprise-du-train-entre-la-tunisie-et-l-algerie\/215348\/"},"modified":"2025-05-20T22:54:27","modified_gmt":"2025-05-20T22:54:27","slug":"accord-commercial-signe-pour-la-reprise-du-train-entre-la-tunisie-et-l-algerie","status":"publish","type":"post","link":"https:\/\/www.webdo.tn\/fr\/actualite\/national\/accord-commercial-signe-pour-la-reprise-du-train-entre-la-tunisie-et-l-algerie\/215348\/","title":{"rendered":"Accord commercial sign\u00e9 pour la reprise du train entre la Tunisie et l\u2019Alg\u00e9rie"},"content":{"rendered":"<p>Apr\u00e8s une interruption de plus de 20 ans de la liaison ferroviaire entre la Tunisie et l\u2019Alg\u00e9rie, la SNCFT et la SNTF ont lanc\u00e9 deux navettes d\u2019essai, le 6 juin et le 15 juillet. Un accord commercial a \u00e9t\u00e9 sign\u00e9 pour la reprise de la liaison.<\/p>\n<p>\t\t\t\t\t\t\t\t\tLa soci\u00e9t\u00e9 nationale de transport ferroviaire (SNTF) et la soci\u00e9t\u00e9 nationale des chemins de fer tunisiens (SNCFT) ont sign\u00e9, mardi 16 juillet 2024, une convention commerciale portant sur le transport des passagers et des bagages sur la ligne Alger-Annaba-Tunis. L&rsquo;accord couvre toutes les clauses d&rsquo;exploitation des trains du point de vue commercial et technique.<\/p>\n<p>La c\u00e9r\u00e9monie de signature a \u00e9t\u00e9 supervis\u00e9e par le Directeur G\u00e9n\u00e9ral de la SNTF, Azzedine Bouhouni, du c\u00f4t\u00e9 alg\u00e9rien, et par le Pr\u00e9sident Directeur G\u00e9n\u00e9ral de la SNCFT, Tawfik Boufayed, du c\u00f4t\u00e9 tunisien, en pr\u00e9sence de cadres des deux soci\u00e9t\u00e9s.<\/p>\n<p>Cette convention intervient \u00e0 l\u2019occasion du lancement, le 15 juillet dernier du deuxi\u00e8me train d\u2019essai sur la ligne Alger-Annaba-Tunis en passant par Souk Ahras, qui comprend les clauses concernant l\u2019exploitation des trains sur les plans commerciaux et techniques.<\/p>\n<p>Ce deuxi\u00e8me voyage d\u2019essai d\u2019un train transportant des passagers a eu lieu entre Souk Ahras en Alg\u00e9rie et Ghardimaou en Tunisie. C\u2019est en marge de ce test qu\u2019une r\u00e9union technique a eu lieu entre les cadres des deux compagnies ferroviaires et qui a ensuite conduit \u00e0 la signature d\u2019une convention commerciale.<\/p>\n<p>Ce deuxi\u00e8me voyage d\u2019essai avait pour objectif de d\u00e9terminer l\u2019\u00e9tat des infrastructures, qui s\u2019\u00e9tend sur une distance de plus de 357 km d\u2019Annaba \u00e0 Tunis, afin d\u2019assurer les conditions techniques et les normes de s\u00e9curit\u00e9 n\u00e9cessaires \u00e0 l\u2019exploitation des trains et au confort des passagers.<\/p>\n","protected":false},"excerpt":{"rendered":"<p>La soci\u00e9t\u00e9 nationale de transport ferroviaire (SNTF) et la soci\u00e9t\u00e9 nationale des chemins de fer tunisiens (SNCFT) ont sign\u00e9, mardi 16 juillet 2024, une conventi&#8230;<\/p>\n","protected":false},"author":3175,"featured_media":290856,"comment_status":"open","ping_status":"closed","sticky":false,"template":"","format":"standard","meta":{"footnotes":""},"categories":[44],"tags":[10324,10236,2907,5939,4161,2640,2608],"class_list":["post-215348","post","type-post","status-publish","format-standard","has-post-thumbnail","hentry","category-national","tag-alger","tag-liaison-ferroviaire","tag-algerie","tag-annaba","tag-train","tag-tunis","tag-tunisie"],"yoast_head":"<!-- This site is optimized with the Yoast SEO Premium plugin v27.4 (Yoast SEO v27.5) - https:\/\/yoast.com\/product\/yoast-seo-premium-wordpress\/ -->\n<title>Accord commercial sign\u00e9 pour la reprise du train entre la Tunisie et l\u2019Alg\u00e9rie<\/title>\n<meta name=\"description\" content=\"La soci\u00e9t\u00e9 nationale de transport ferroviaire (SNTF) et la soci\u00e9t\u00e9 nationale des chemins de fer tunisiens (SNCFT) ont sign\u00e9, mardi 16 juillet 2024, une conventi...\" \/>\n<link rel=\"canonical\" href=\"https:\/\/www.webdo.tn\/fr\/actualite\/national\/accord-commercial-signe-pour-la-reprise-du-train-entre-la-tunisie-et-l-algerie\/215348\/\" \/>\n<meta property=\"og:locale\" content=\"fr_FR\" \/>\n<meta property=\"og:type\" content=\"article\" \/>\n<meta property=\"og:title\" content=\"Accord commercial sign\u00e9 pour la reprise du train entre la Tunisie et l\u2019Alg\u00e9rie\" \/>\n<meta property=\"og:description\" content=\"La soci\u00e9t\u00e9 nationale de transport ferroviaire (SNTF) et la soci\u00e9t\u00e9 nationale des chemins de fer tunisiens (SNCFT) ont sign\u00e9, mardi 16 juillet 2024, une conventi...\" \/>\n<meta property=\"og:url\" content=\"https:\/\/www.webdo.tn\/fr\/actualite\/national\/accord-commercial-signe-pour-la-reprise-du-train-entre-la-tunisie-et-l-algerie\/215348\/\" \/>\n<meta property=\"og:site_name\" content=\"webdo\" \/>\n<meta property=\"article:publisher\" content=\"https:\/\/www.facebook.com\/webdotn\" \/>\n<meta property=\"article:published_time\" content=\"2024-07-18T12:14:00+00:00\" \/>\n<meta property=\"article:modified_time\" content=\"2025-05-20T22:54:27+00:00\" \/>\n<meta property=\"og:image\" content=\"https:\/\/www.webdo.tn\/fr\/wp-content\/uploads\/2024\/07\/3955a7d6e7e329903f7792247ec01a18.webp\" \/>\n\t<meta property=\"og:image:width\" content=\"750\" \/>\n\t<meta property=\"og:image:height\" content=\"400\" \/>\n\t<meta property=\"og:image:type\" content=\"image\/webp\" \/>\n<meta name=\"author\" content=\"CL\" \/>\n<meta name=\"twitter:card\" content=\"summary_large_image\" \/>\n<meta name=\"twitter:creator\" content=\"@webdo_tn\" \/>\n<meta name=\"twitter:site\" content=\"@webdo_tn\" \/>\n<meta name=\"twitter:label1\" content=\"\u00c9crit par\" \/>\n\t<meta name=\"twitter:data1\" content=\"CL\" \/>\n\t<meta name=\"twitter:label2\" content=\"Dur\u00e9e de lecture estim\u00e9e\" \/>\n\t<meta name=\"twitter:data2\" content=\"2 minutes\" \/>\n<script type=\"application\/ld+json\" class=\"yoast-schema-graph\">{\"@context\":\"https:\\\/\\\/schema.org\",\"@graph\":[{\"@type\":\"NewsArticle\",\"@id\":\"https:\\\/\\\/www.webdo.tn\\\/fr\\\/actualite\\\/national\\\/accord-commercial-signe-pour-la-reprise-du-train-entre-la-tunisie-et-l-algerie\\\/215348\\\/#article\",\"isPartOf\":{\"@id\":\"https:\\\/\\\/www.webdo.tn\\\/fr\\\/actualite\\\/national\\\/accord-commercial-signe-pour-la-reprise-du-train-entre-la-tunisie-et-l-algerie\\\/215348\\\/\"},\"author\":{\"name\":\"CL\",\"@id\":\"https:\\\/\\\/www.webdo.tn\\\/fr\\\/#\\\/schema\\\/person\\\/f35b42a42c5e2511bbd282959d6385cc\"},\"headline\":\"Accord commercial sign\u00e9 pour la reprise du train entre la Tunisie et l\u2019Alg\u00e9rie\",\"datePublished\":\"2024-07-18T12:14:00+00:00\",\"dateModified\":\"2025-05-20T22:54:27+00:00\",\"mainEntityOfPage\":{\"@id\":\"https:\\\/\\\/www.webdo.tn\\\/fr\\\/actualite\\\/national\\\/accord-commercial-signe-pour-la-reprise-du-train-entre-la-tunisie-et-l-algerie\\\/215348\\\/\"},\"wordCount\":322,\"commentCount\":0,\"publisher\":{\"@id\":\"https:\\\/\\\/www.webdo.tn\\\/fr\\\/#organization\"},\"image\":{\"@id\":\"https:\\\/\\\/www.webdo.tn\\\/fr\\\/actualite\\\/national\\\/accord-commercial-signe-pour-la-reprise-du-train-entre-la-tunisie-et-l-algerie\\\/215348\\\/#primaryimage\"},\"thumbnailUrl\":\"https:\\\/\\\/www.webdo.tn\\\/fr\\\/wp-content\\\/uploads\\\/2024\\\/07\\\/3955a7d6e7e329903f7792247ec01a18.webp\",\"keywords\":[\"'alger'\",\"'liaison ferroviaire'\",\"Alg\u00e9rie\",\"annaba\",\"Train\",\"Tunis\",\"Tunisie\"],\"articleSection\":[\"National\"],\"inLanguage\":\"fr-FR\"},{\"@type\":\"WebPage\",\"@id\":\"https:\\\/\\\/www.webdo.tn\\\/fr\\\/actualite\\\/national\\\/accord-commercial-signe-pour-la-reprise-du-train-entre-la-tunisie-et-l-algerie\\\/215348\\\/\",\"url\":\"https:\\\/\\\/www.webdo.tn\\\/fr\\\/actualite\\\/national\\\/accord-commercial-signe-pour-la-reprise-du-train-entre-la-tunisie-et-l-algerie\\\/215348\\\/\",\"name\":\"Accord commercial sign\u00e9 pour la reprise du train entre la Tunisie et l\u2019Alg\u00e9rie\",\"isPartOf\":{\"@id\":\"https:\\\/\\\/www.webdo.tn\\\/fr\\\/#website\"},\"primaryImageOfPage\":{\"@id\":\"https:\\\/\\\/www.webdo.tn\\\/fr\\\/actualite\\\/national\\\/accord-commercial-signe-pour-la-reprise-du-train-entre-la-tunisie-et-l-algerie\\\/215348\\\/#primaryimage\"},\"image\":{\"@id\":\"https:\\\/\\\/www.webdo.tn\\\/fr\\\/actualite\\\/national\\\/accord-commercial-signe-pour-la-reprise-du-train-entre-la-tunisie-et-l-algerie\\\/215348\\\/#primaryimage\"},\"thumbnailUrl\":\"https:\\\/\\\/www.webdo.tn\\\/fr\\\/wp-content\\\/uploads\\\/2024\\\/07\\\/3955a7d6e7e329903f7792247ec01a18.webp\",\"datePublished\":\"2024-07-18T12:14:00+00:00\",\"dateModified\":\"2025-05-20T22:54:27+00:00\",\"description\":\"La soci\u00e9t\u00e9 nationale de transport ferroviaire (SNTF) et la soci\u00e9t\u00e9 nationale des chemins de fer tunisiens (SNCFT) ont sign\u00e9, mardi 16 juillet 2024, une conventi...\",\"breadcrumb\":{\"@id\":\"https:\\\/\\\/www.webdo.tn\\\/fr\\\/actualite\\\/national\\\/accord-commercial-signe-pour-la-reprise-du-train-entre-la-tunisie-et-l-algerie\\\/215348\\\/#breadcrumb\"},\"inLanguage\":\"fr-FR\",\"potentialAction\":[{\"@type\":\"ReadAction\",\"target\":[\"https:\\\/\\\/www.webdo.tn\\\/fr\\\/actualite\\\/national\\\/accord-commercial-signe-pour-la-reprise-du-train-entre-la-tunisie-et-l-algerie\\\/215348\\\/\"]}]},{\"@type\":\"ImageObject\",\"inLanguage\":\"fr-FR\",\"@id\":\"https:\\\/\\\/www.webdo.tn\\\/fr\\\/actualite\\\/national\\\/accord-commercial-signe-pour-la-reprise-du-train-entre-la-tunisie-et-l-algerie\\\/215348\\\/#primaryimage\",\"url\":\"https:\\\/\\\/www.webdo.tn\\\/fr\\\/wp-content\\\/uploads\\\/2024\\\/07\\\/3955a7d6e7e329903f7792247ec01a18.webp\",\"contentUrl\":\"https:\\\/\\\/www.webdo.tn\\\/fr\\\/wp-content\\\/uploads\\\/2024\\\/07\\\/3955a7d6e7e329903f7792247ec01a18.webp\",\"width\":750,\"height\":400,\"caption\":\"Accord commercial sign\u00e9 pour la reprise du train entre la Tunisie et l\u2019Alg\u00e9rie\"},{\"@type\":\"BreadcrumbList\",\"@id\":\"https:\\\/\\\/www.webdo.tn\\\/fr\\\/actualite\\\/national\\\/accord-commercial-signe-pour-la-reprise-du-train-entre-la-tunisie-et-l-algerie\\\/215348\\\/#breadcrumb\",\"itemListElement\":[{\"@type\":\"ListItem\",\"position\":1,\"name\":\"Accueil\",\"item\":\"https:\\\/\\\/www.webdo.tn\\\/fr\\\/\"},{\"@type\":\"ListItem\",\"position\":2,\"name\":\"Accord commercial sign\u00e9 pour la reprise du train entre la Tunisie et l\u2019Alg\u00e9rie\"}]},{\"@type\":\"WebSite\",\"@id\":\"https:\\\/\\\/www.webdo.tn\\\/fr\\\/#website\",\"url\":\"https:\\\/\\\/www.webdo.tn\\\/fr\\\/\",\"name\":\"webdo\",\"description\":\"Tunisie - News en Tunisie et \u00e0 l&#039;international sur Webdo.tn\",\"publisher\":{\"@id\":\"https:\\\/\\\/www.webdo.tn\\\/fr\\\/#organization\"},\"potentialAction\":[{\"@type\":\"SearchAction\",\"target\":{\"@type\":\"EntryPoint\",\"urlTemplate\":\"https:\\\/\\\/www.webdo.tn\\\/fr\\\/?s={search_term_string}\"},\"query-input\":{\"@type\":\"PropertyValueSpecification\",\"valueRequired\":true,\"valueName\":\"search_term_string\"}}],\"inLanguage\":\"fr-FR\"},{\"@type\":\"Organization\",\"@id\":\"https:\\\/\\\/www.webdo.tn\\\/fr\\\/#organization\",\"name\":\"Webdo\",\"alternateName\":\"Webdo.tn\",\"url\":\"https:\\\/\\\/www.webdo.tn\\\/fr\\\/\",\"logo\":{\"@type\":\"ImageObject\",\"inLanguage\":\"fr-FR\",\"@id\":\"https:\\\/\\\/www.webdo.tn\\\/fr\\\/#\\\/schema\\\/logo\\\/image\\\/\",\"url\":\"https:\\\/\\\/www.webdo.tn\\\/fr\\\/wp-content\\\/uploads\\\/2025\\\/06\\\/Webdo-Tunisie_168377.jpg\",\"contentUrl\":\"https:\\\/\\\/www.webdo.tn\\\/fr\\\/wp-content\\\/uploads\\\/2025\\\/06\\\/Webdo-Tunisie_168377.jpg\",\"width\":301,\"height\":301,\"caption\":\"Webdo\"},\"image\":{\"@id\":\"https:\\\/\\\/www.webdo.tn\\\/fr\\\/#\\\/schema\\\/logo\\\/image\\\/\"},\"sameAs\":[\"https:\\\/\\\/www.facebook.com\\\/webdotn\",\"https:\\\/\\\/x.com\\\/webdo_tn\"],\"description\":\"Webdo est un m\u00e9dia num\u00e9rique tunisien fond\u00e9 en 2010, sp\u00e9cialis\u00e9 dans l\u2019actualit\u00e9 nationale et internationale, l\u2019\u00e9conomie, la soci\u00e9t\u00e9 et les analyses politiques. Le site s\u2019adresse \u00e0 un large public francophone et couvre l\u2019information tunisienne en temps r\u00e9el.\",\"email\":\"redac@webdo.tn\",\"legalName\":\"YNJ SARL\",\"foundingDate\":\"2010-09-06\",\"numberOfEmployees\":{\"@type\":\"QuantitativeValue\",\"minValue\":\"11\",\"maxValue\":\"50\"}},{\"@type\":\"Person\",\"@id\":\"https:\\\/\\\/www.webdo.tn\\\/fr\\\/#\\\/schema\\\/person\\\/f35b42a42c5e2511bbd282959d6385cc\",\"name\":\"CL\",\"image\":{\"@type\":\"ImageObject\",\"inLanguage\":\"fr-FR\",\"@id\":\"https:\\\/\\\/secure.gravatar.com\\\/avatar\\\/1447a49909b67aa657c488aec6512e1dd6143a480c1ecfee9b5b5cd74eb3b59e?s=96&d=mm&r=g\",\"url\":\"https:\\\/\\\/secure.gravatar.com\\\/avatar\\\/1447a49909b67aa657c488aec6512e1dd6143a480c1ecfee9b5b5cd74eb3b59e?s=96&d=mm&r=g\",\"contentUrl\":\"https:\\\/\\\/secure.gravatar.com\\\/avatar\\\/1447a49909b67aa657c488aec6512e1dd6143a480c1ecfee9b5b5cd74eb3b59e?s=96&d=mm&r=g\",\"caption\":\"CL\"},\"url\":\"https:\\\/\\\/www.webdo.tn\\\/fr\\\/actualite\\\/author\\\/cl\\\/\"}]}<\/script>\n<!-- \/ Yoast SEO Premium plugin. -->","yoast_head_json":{"title":"Accord commercial sign\u00e9 pour la reprise du train entre la Tunisie et l\u2019Alg\u00e9rie","description":"La soci\u00e9t\u00e9 nationale de transport ferroviaire (SNTF) et la soci\u00e9t\u00e9 nationale des chemins de fer tunisiens (SNCFT) ont sign\u00e9, mardi 16 juillet 2024, une conventi...","canonical":"https:\/\/www.webdo.tn\/fr\/actualite\/national\/accord-commercial-signe-pour-la-reprise-du-train-entre-la-tunisie-et-l-algerie\/215348\/","og_locale":"fr_FR","og_type":"article","og_title":"Accord commercial sign\u00e9 pour la reprise du train entre la Tunisie et l\u2019Alg\u00e9rie","og_description":"La soci\u00e9t\u00e9 nationale de transport ferroviaire (SNTF) et la soci\u00e9t\u00e9 nationale des chemins de fer tunisiens (SNCFT) ont sign\u00e9, mardi 16 juillet 2024, une conventi...","og_url":"https:\/\/www.webdo.tn\/fr\/actualite\/national\/accord-commercial-signe-pour-la-reprise-du-train-entre-la-tunisie-et-l-algerie\/215348\/","og_site_name":"webdo","article_publisher":"https:\/\/www.facebook.com\/webdotn","article_published_time":"2024-07-18T12:14:00+00:00","article_modified_time":"2025-05-20T22:54:27+00:00","og_image":[{"width":750,"height":400,"url":"https:\/\/www.webdo.tn\/fr\/wp-content\/uploads\/2024\/07\/3955a7d6e7e329903f7792247ec01a18.webp","type":"image\/webp"}],"author":"CL","twitter_card":"summary_large_image","twitter_creator":"@webdo_tn","twitter_site":"@webdo_tn","twitter_misc":{"\u00c9crit par":"CL","Dur\u00e9e de lecture estim\u00e9e":"2 minutes"},"schema":{"@context":"https:\/\/schema.org","@graph":[{"@type":"NewsArticle","@id":"https:\/\/www.webdo.tn\/fr\/actualite\/national\/accord-commercial-signe-pour-la-reprise-du-train-entre-la-tunisie-et-l-algerie\/215348\/#article","isPartOf":{"@id":"https:\/\/www.webdo.tn\/fr\/actualite\/national\/accord-commercial-signe-pour-la-reprise-du-train-entre-la-tunisie-et-l-algerie\/215348\/"},"author":{"name":"CL","@id":"https:\/\/www.webdo.tn\/fr\/#\/schema\/person\/f35b42a42c5e2511bbd282959d6385cc"},"headline":"Accord commercial sign\u00e9 pour la reprise du train entre la Tunisie et l\u2019Alg\u00e9rie","datePublished":"2024-07-18T12:14:00+00:00","dateModified":"2025-05-20T22:54:27+00:00","mainEntityOfPage":{"@id":"https:\/\/www.webdo.tn\/fr\/actualite\/national\/accord-commercial-signe-pour-la-reprise-du-train-entre-la-tunisie-et-l-algerie\/215348\/"},"wordCount":322,"commentCount":0,"publisher":{"@id":"https:\/\/www.webdo.tn\/fr\/#organization"},"image":{"@id":"https:\/\/www.webdo.tn\/fr\/actualite\/national\/accord-commercial-signe-pour-la-reprise-du-train-entre-la-tunisie-et-l-algerie\/215348\/#primaryimage"},"thumbnailUrl":"https:\/\/www.webdo.tn\/fr\/wp-content\/uploads\/2024\/07\/3955a7d6e7e329903f7792247ec01a18.webp","keywords":["'alger'","'liaison ferroviaire'","Alg\u00e9rie","annaba","Train","Tunis","Tunisie"],"articleSection":["National"],"inLanguage":"fr-FR"},{"@type":"WebPage","@id":"https:\/\/www.webdo.tn\/fr\/actualite\/national\/accord-commercial-signe-pour-la-reprise-du-train-entre-la-tunisie-et-l-algerie\/215348\/","url":"https:\/\/www.webdo.tn\/fr\/actualite\/national\/accord-commercial-signe-pour-la-reprise-du-train-entre-la-tunisie-et-l-algerie\/215348\/","name":"Accord commercial sign\u00e9 pour la reprise du train entre la Tunisie et l\u2019Alg\u00e9rie","isPartOf":{"@id":"https:\/\/www.webdo.tn\/fr\/#website"},"primaryImageOfPage":{"@id":"https:\/\/www.webdo.tn\/fr\/actualite\/national\/accord-commercial-signe-pour-la-reprise-du-train-entre-la-tunisie-et-l-algerie\/215348\/#primaryimage"},"image":{"@id":"https:\/\/www.webdo.tn\/fr\/actualite\/national\/accord-commercial-signe-pour-la-reprise-du-train-entre-la-tunisie-et-l-algerie\/215348\/#primaryimage"},"thumbnailUrl":"https:\/\/www.webdo.tn\/fr\/wp-content\/uploads\/2024\/07\/3955a7d6e7e329903f7792247ec01a18.webp","datePublished":"2024-07-18T12:14:00+00:00","dateModified":"2025-05-20T22:54:27+00:00","description":"La soci\u00e9t\u00e9 nationale de transport ferroviaire (SNTF) et la soci\u00e9t\u00e9 nationale des chemins de fer tunisiens (SNCFT) ont sign\u00e9, mardi 16 juillet 2024, une conventi...","breadcrumb":{"@id":"https:\/\/www.webdo.tn\/fr\/actualite\/national\/accord-commercial-signe-pour-la-reprise-du-train-entre-la-tunisie-et-l-algerie\/215348\/#breadcrumb"},"inLanguage":"fr-FR","potentialAction":[{"@type":"ReadAction","target":["https:\/\/www.webdo.tn\/fr\/actualite\/national\/accord-commercial-signe-pour-la-reprise-du-train-entre-la-tunisie-et-l-algerie\/215348\/"]}]},{"@type":"ImageObject","inLanguage":"fr-FR","@id":"https:\/\/www.webdo.tn\/fr\/actualite\/national\/accord-commercial-signe-pour-la-reprise-du-train-entre-la-tunisie-et-l-algerie\/215348\/#primaryimage","url":"https:\/\/www.webdo.tn\/fr\/wp-content\/uploads\/2024\/07\/3955a7d6e7e329903f7792247ec01a18.webp","contentUrl":"https:\/\/www.webdo.tn\/fr\/wp-content\/uploads\/2024\/07\/3955a7d6e7e329903f7792247ec01a18.webp","width":750,"height":400,"caption":"Accord commercial sign\u00e9 pour la reprise du train entre la Tunisie et l\u2019Alg\u00e9rie"},{"@type":"BreadcrumbList","@id":"https:\/\/www.webdo.tn\/fr\/actualite\/national\/accord-commercial-signe-pour-la-reprise-du-train-entre-la-tunisie-et-l-algerie\/215348\/#breadcrumb","itemListElement":[{"@type":"ListItem","position":1,"name":"Accueil","item":"https:\/\/www.webdo.tn\/fr\/"},{"@type":"ListItem","position":2,"name":"Accord commercial sign\u00e9 pour la reprise du train entre la Tunisie et l\u2019Alg\u00e9rie"}]},{"@type":"WebSite","@id":"https:\/\/www.webdo.tn\/fr\/#website","url":"https:\/\/www.webdo.tn\/fr\/","name":"webdo","description":"Tunisie - News en Tunisie et \u00e0 l&#039;international sur Webdo.tn","publisher":{"@id":"https:\/\/www.webdo.tn\/fr\/#organization"},"potentialAction":[{"@type":"SearchAction","target":{"@type":"EntryPoint","urlTemplate":"https:\/\/www.webdo.tn\/fr\/?s={search_term_string}"},"query-input":{"@type":"PropertyValueSpecification","valueRequired":true,"valueName":"search_term_string"}}],"inLanguage":"fr-FR"},{"@type":"Organization","@id":"https:\/\/www.webdo.tn\/fr\/#organization","name":"Webdo","alternateName":"Webdo.tn","url":"https:\/\/www.webdo.tn\/fr\/","logo":{"@type":"ImageObject","inLanguage":"fr-FR","@id":"https:\/\/www.webdo.tn\/fr\/#\/schema\/logo\/image\/","url":"https:\/\/www.webdo.tn\/fr\/wp-content\/uploads\/2025\/06\/Webdo-Tunisie_168377.jpg","contentUrl":"https:\/\/www.webdo.tn\/fr\/wp-content\/uploads\/2025\/06\/Webdo-Tunisie_168377.jpg","width":301,"height":301,"caption":"Webdo"},"image":{"@id":"https:\/\/www.webdo.tn\/fr\/#\/schema\/logo\/image\/"},"sameAs":["https:\/\/www.facebook.com\/webdotn","https:\/\/x.com\/webdo_tn"],"description":"Webdo est un m\u00e9dia num\u00e9rique tunisien fond\u00e9 en 2010, sp\u00e9cialis\u00e9 dans l\u2019actualit\u00e9 nationale et internationale, l\u2019\u00e9conomie, la soci\u00e9t\u00e9 et les analyses politiques. Le site s\u2019adresse \u00e0 un large public francophone et couvre l\u2019information tunisienne en temps r\u00e9el.","email":"redac@webdo.tn","legalName":"YNJ SARL","foundingDate":"2010-09-06","numberOfEmployees":{"@type":"QuantitativeValue","minValue":"11","maxValue":"50"}},{"@type":"Person","@id":"https:\/\/www.webdo.tn\/fr\/#\/schema\/person\/f35b42a42c5e2511bbd282959d6385cc","name":"CL","image":{"@type":"ImageObject","inLanguage":"fr-FR","@id":"https:\/\/secure.gravatar.com\/avatar\/1447a49909b67aa657c488aec6512e1dd6143a480c1ecfee9b5b5cd74eb3b59e?s=96&d=mm&r=g","url":"https:\/\/secure.gravatar.com\/avatar\/1447a49909b67aa657c488aec6512e1dd6143a480c1ecfee9b5b5cd74eb3b59e?s=96&d=mm&r=g","contentUrl":"https:\/\/secure.gravatar.com\/avatar\/1447a49909b67aa657c488aec6512e1dd6143a480c1ecfee9b5b5cd74eb3b59e?s=96&d=mm&r=g","caption":"CL"},"url":"https:\/\/www.webdo.tn\/fr\/actualite\/author\/cl\/"}]}},"_links":{"self":[{"href":"https:\/\/www.webdo.tn\/fr\/wp-json\/wp\/v2\/posts\/215348","targetHints":{"allow":["GET"]}}],"collection":[{"href":"https:\/\/www.webdo.tn\/fr\/wp-json\/wp\/v2\/posts"}],"about":[{"href":"https:\/\/www.webdo.tn\/fr\/wp-json\/wp\/v2\/types\/post"}],"author":[{"embeddable":true,"href":"https:\/\/www.webdo.tn\/fr\/wp-json\/wp\/v2\/users\/3175"}],"replies":[{"embeddable":true,"href":"https:\/\/www.webdo.tn\/fr\/wp-json\/wp\/v2\/comments?post=215348"}],"version-history":[{"count":0,"href":"https:\/\/www.webdo.tn\/fr\/wp-json\/wp\/v2\/posts\/215348\/revisions"}],"wp:featuredmedia":[{"embeddable":true,"href":"https:\/\/www.webdo.tn\/fr\/wp-json\/wp\/v2\/media\/290856"}],"wp:attachment":[{"href":"https:\/\/www.webdo.tn\/fr\/wp-json\/wp\/v2\/media?parent=215348"}],"wp:term":[{"taxonomy":"category","embeddable":true,"href":"https:\/\/www.webdo.tn\/fr\/wp-json\/wp\/v2\/categories?post=215348"},{"taxonomy":"post_tag","embeddable":true,"href":"https:\/\/www.webdo.tn\/fr\/wp-json\/wp\/v2\/tags?post=215348"}],"curies":[{"name":"wp","href":"https:\/\/api.w.org\/{rel}","templated":true}]}}