{"id":215335,"date":"2024-07-17T22:17:00","date_gmt":"2024-07-17T22:17:00","guid":{"rendered":"https:\/\/www.webdo.tn\/fr\/blog\/saied-plaide-pour-la-levee-des-obstacles-entravant-les-pme\/215335\/"},"modified":"2025-05-21T09:04:41","modified_gmt":"2025-05-21T09:04:41","slug":"saied-plaide-pour-la-levee-des-obstacles-entravant-les-pme","status":"publish","type":"post","link":"https:\/\/www.webdo.tn\/fr\/actualite\/national\/saied-plaide-pour-la-levee-des-obstacles-entravant-les-pme\/215335\/","title":{"rendered":"Sa\u00efed plaide pour la lev\u00e9e des obstacles entravant les PME"},"content":{"rendered":"<p>Le Pr\u00e9sident de la R\u00e9publique, Ka\u00efs Sa\u00efed, a soulign\u00e9 l&rsquo;importance d&rsquo;une \u00e9conomie nationale bas\u00e9e sur les choix du peuple tunisien et la cr\u00e9ation de richesse r\u00e9elle, lors d&rsquo;une rencontre au Palais de Carthage, mercredi 17 juillet 2024 avec Feryel Ouerghi Sebai, Ministre de l&rsquo;\u00c9conomie, et Samir Abdelhafidh, Secr\u00e9taire d&rsquo;\u00c9tat aux petites et moyennes entreprises.<\/p>\n<p>\t\t\t\t\t\t\t\t\tSa\u00efed a critiqu\u00e9 les mod\u00e8les \u00e9conomiques de rente et appel\u00e9 \u00e0 un plan de d\u00e9veloppement \u00e9conomique et social ax\u00e9 sur la justice sociale et les services essentiels : emploi, salaires d\u00e9cents, transport, sant\u00e9, \u00e9ducation et couverture sociale. Il a mis en avant les cons\u00e9quences des choix \u00e9conomiques rat\u00e9s depuis la fin des ann\u00e9es 80 et la d\u00e9t\u00e9rioration due au d\u00e9tournement des revendications de travail, de libert\u00e9 et de dignit\u00e9.<\/p>\n<p>Le Pr\u00e9sident a insist\u00e9 sur le r\u00f4le des petites et moyennes entreprises et la n\u00e9cessit\u00e9 de lever les obstacles administratifs freinant la cr\u00e9ation de projets, y compris les soci\u00e9t\u00e9s civiles. Il a conclu en appelant les responsables \u00e0 s&rsquo;engager dans la lutte contre l&rsquo;influence des lobbies agissant dans l&rsquo;ombre pour attiser les tensions.<\/p>\n","protected":false},"excerpt":{"rendered":"<p>Ka\u00efs Sa\u00efed s&rsquo;engage activement \u00e0 surmonter les obstacles entravant les PME tunisiennes.<\/p>\n","protected":false},"author":3166,"featured_media":246968,"comment_status":"open","ping_status":"closed","sticky":false,"template":"","format":"standard","meta":{"footnotes":""},"categories":[44],"tags":[3011,2608],"class_list":["post-215335","post","type-post","status-publish","format-standard","has-post-thumbnail","hentry","category-national","tag-pme","tag-tunisie"],"yoast_head":"<!-- This site is optimized with the Yoast SEO Premium plugin v27.4 (Yoast SEO v27.4) - https:\/\/yoast.com\/product\/yoast-seo-premium-wordpress\/ -->\n<title>Sa\u00efed plaide pour la lev\u00e9e des obstacles entravant les PME<\/title>\n<meta name=\"description\" content=\"Ka\u00efs Sa\u00efed s&#039;engage activement \u00e0 surmonter les obstacles entravant les PME tunisiennes.\" \/>\n<link rel=\"canonical\" href=\"https:\/\/www.webdo.tn\/fr\/actualite\/national\/saied-plaide-pour-la-levee-des-obstacles-entravant-les-pme\/215335\/\" \/>\n<meta property=\"og:locale\" content=\"fr_FR\" \/>\n<meta property=\"og:type\" content=\"article\" \/>\n<meta property=\"og:title\" content=\"Sa\u00efed plaide pour la lev\u00e9e des obstacles entravant les PME\" \/>\n<meta property=\"og:description\" content=\"Ka\u00efs Sa\u00efed s&#039;engage activement \u00e0 surmonter les obstacles entravant les PME tunisiennes.\" \/>\n<meta property=\"og:url\" content=\"https:\/\/www.webdo.tn\/fr\/actualite\/national\/saied-plaide-pour-la-levee-des-obstacles-entravant-les-pme\/215335\/\" \/>\n<meta property=\"og:site_name\" content=\"webdo\" \/>\n<meta property=\"article:publisher\" content=\"https:\/\/www.facebook.com\/webdotn\" \/>\n<meta property=\"article:published_time\" content=\"2024-07-17T22:17:00+00:00\" \/>\n<meta property=\"article:modified_time\" content=\"2025-05-21T09:04:41+00:00\" \/>\n<meta property=\"og:image\" content=\"https:\/\/www.webdo.tn\/fr\/wp-content\/uploads\/2024\/07\/518786a1d526b3fdae049305104c74ae.webp\" \/>\n\t<meta property=\"og:image:width\" content=\"750\" \/>\n\t<meta property=\"og:image:height\" content=\"400\" \/>\n\t<meta property=\"og:image:type\" content=\"image\/webp\" \/>\n<meta name=\"author\" content=\"AZ\" \/>\n<meta name=\"twitter:card\" content=\"summary_large_image\" \/>\n<meta name=\"twitter:creator\" content=\"@webdo_tn\" \/>\n<meta name=\"twitter:site\" content=\"@webdo_tn\" \/>\n<meta name=\"twitter:label1\" content=\"\u00c9crit par\" \/>\n\t<meta name=\"twitter:data1\" content=\"AZ\" \/>\n\t<meta name=\"twitter:label2\" content=\"Dur\u00e9e de lecture estim\u00e9e\" \/>\n\t<meta name=\"twitter:data2\" content=\"1 minute\" \/>\n<script type=\"application\/ld+json\" class=\"yoast-schema-graph\">{\"@context\":\"https:\\\/\\\/schema.org\",\"@graph\":[{\"@type\":\"NewsArticle\",\"@id\":\"https:\\\/\\\/www.webdo.tn\\\/fr\\\/actualite\\\/national\\\/saied-plaide-pour-la-levee-des-obstacles-entravant-les-pme\\\/215335\\\/#article\",\"isPartOf\":{\"@id\":\"https:\\\/\\\/www.webdo.tn\\\/fr\\\/actualite\\\/national\\\/saied-plaide-pour-la-levee-des-obstacles-entravant-les-pme\\\/215335\\\/\"},\"author\":{\"name\":\"AZ\",\"@id\":\"https:\\\/\\\/www.webdo.tn\\\/fr\\\/#\\\/schema\\\/person\\\/b8a41c04d93287d375510db360906b34\"},\"headline\":\"Sa\u00efed plaide pour la lev\u00e9e des obstacles entravant les PME\",\"datePublished\":\"2024-07-17T22:17:00+00:00\",\"dateModified\":\"2025-05-21T09:04:41+00:00\",\"mainEntityOfPage\":{\"@id\":\"https:\\\/\\\/www.webdo.tn\\\/fr\\\/actualite\\\/national\\\/saied-plaide-pour-la-levee-des-obstacles-entravant-les-pme\\\/215335\\\/\"},\"wordCount\":214,\"commentCount\":0,\"publisher\":{\"@id\":\"https:\\\/\\\/www.webdo.tn\\\/fr\\\/#organization\"},\"image\":{\"@id\":\"https:\\\/\\\/www.webdo.tn\\\/fr\\\/actualite\\\/national\\\/saied-plaide-pour-la-levee-des-obstacles-entravant-les-pme\\\/215335\\\/#primaryimage\"},\"thumbnailUrl\":\"https:\\\/\\\/www.webdo.tn\\\/fr\\\/wp-content\\\/uploads\\\/2024\\\/07\\\/518786a1d526b3fdae049305104c74ae.webp\",\"keywords\":[\"PME\",\"Tunisie\"],\"articleSection\":[\"National\"],\"inLanguage\":\"fr-FR\"},{\"@type\":\"WebPage\",\"@id\":\"https:\\\/\\\/www.webdo.tn\\\/fr\\\/actualite\\\/national\\\/saied-plaide-pour-la-levee-des-obstacles-entravant-les-pme\\\/215335\\\/\",\"url\":\"https:\\\/\\\/www.webdo.tn\\\/fr\\\/actualite\\\/national\\\/saied-plaide-pour-la-levee-des-obstacles-entravant-les-pme\\\/215335\\\/\",\"name\":\"Sa\u00efed plaide pour la lev\u00e9e des obstacles entravant les PME\",\"isPartOf\":{\"@id\":\"https:\\\/\\\/www.webdo.tn\\\/fr\\\/#website\"},\"primaryImageOfPage\":{\"@id\":\"https:\\\/\\\/www.webdo.tn\\\/fr\\\/actualite\\\/national\\\/saied-plaide-pour-la-levee-des-obstacles-entravant-les-pme\\\/215335\\\/#primaryimage\"},\"image\":{\"@id\":\"https:\\\/\\\/www.webdo.tn\\\/fr\\\/actualite\\\/national\\\/saied-plaide-pour-la-levee-des-obstacles-entravant-les-pme\\\/215335\\\/#primaryimage\"},\"thumbnailUrl\":\"https:\\\/\\\/www.webdo.tn\\\/fr\\\/wp-content\\\/uploads\\\/2024\\\/07\\\/518786a1d526b3fdae049305104c74ae.webp\",\"datePublished\":\"2024-07-17T22:17:00+00:00\",\"dateModified\":\"2025-05-21T09:04:41+00:00\",\"description\":\"Ka\u00efs Sa\u00efed s'engage activement \u00e0 surmonter les obstacles entravant les PME tunisiennes.\",\"breadcrumb\":{\"@id\":\"https:\\\/\\\/www.webdo.tn\\\/fr\\\/actualite\\\/national\\\/saied-plaide-pour-la-levee-des-obstacles-entravant-les-pme\\\/215335\\\/#breadcrumb\"},\"inLanguage\":\"fr-FR\",\"potentialAction\":[{\"@type\":\"ReadAction\",\"target\":[\"https:\\\/\\\/www.webdo.tn\\\/fr\\\/actualite\\\/national\\\/saied-plaide-pour-la-levee-des-obstacles-entravant-les-pme\\\/215335\\\/\"]}]},{\"@type\":\"ImageObject\",\"inLanguage\":\"fr-FR\",\"@id\":\"https:\\\/\\\/www.webdo.tn\\\/fr\\\/actualite\\\/national\\\/saied-plaide-pour-la-levee-des-obstacles-entravant-les-pme\\\/215335\\\/#primaryimage\",\"url\":\"https:\\\/\\\/www.webdo.tn\\\/fr\\\/wp-content\\\/uploads\\\/2024\\\/07\\\/518786a1d526b3fdae049305104c74ae.webp\",\"contentUrl\":\"https:\\\/\\\/www.webdo.tn\\\/fr\\\/wp-content\\\/uploads\\\/2024\\\/07\\\/518786a1d526b3fdae049305104c74ae.webp\",\"width\":750,\"height\":400,\"caption\":\"Sa\u00efed plaide pour la lev\u00e9e des obstacles entravant les PME\"},{\"@type\":\"BreadcrumbList\",\"@id\":\"https:\\\/\\\/www.webdo.tn\\\/fr\\\/actualite\\\/national\\\/saied-plaide-pour-la-levee-des-obstacles-entravant-les-pme\\\/215335\\\/#breadcrumb\",\"itemListElement\":[{\"@type\":\"ListItem\",\"position\":1,\"name\":\"Accueil\",\"item\":\"https:\\\/\\\/www.webdo.tn\\\/fr\\\/\"},{\"@type\":\"ListItem\",\"position\":2,\"name\":\"Sa\u00efed plaide pour la lev\u00e9e des obstacles entravant les PME\"}]},{\"@type\":\"WebSite\",\"@id\":\"https:\\\/\\\/www.webdo.tn\\\/fr\\\/#website\",\"url\":\"https:\\\/\\\/www.webdo.tn\\\/fr\\\/\",\"name\":\"webdo\",\"description\":\"Tunisie - News en Tunisie et \u00e0 l&#039;international sur Webdo.tn\",\"publisher\":{\"@id\":\"https:\\\/\\\/www.webdo.tn\\\/fr\\\/#organization\"},\"potentialAction\":[{\"@type\":\"SearchAction\",\"target\":{\"@type\":\"EntryPoint\",\"urlTemplate\":\"https:\\\/\\\/www.webdo.tn\\\/fr\\\/?s={search_term_string}\"},\"query-input\":{\"@type\":\"PropertyValueSpecification\",\"valueRequired\":true,\"valueName\":\"search_term_string\"}}],\"inLanguage\":\"fr-FR\"},{\"@type\":\"Organization\",\"@id\":\"https:\\\/\\\/www.webdo.tn\\\/fr\\\/#organization\",\"name\":\"Webdo\",\"alternateName\":\"Webdo.tn\",\"url\":\"https:\\\/\\\/www.webdo.tn\\\/fr\\\/\",\"logo\":{\"@type\":\"ImageObject\",\"inLanguage\":\"fr-FR\",\"@id\":\"https:\\\/\\\/www.webdo.tn\\\/fr\\\/#\\\/schema\\\/logo\\\/image\\\/\",\"url\":\"https:\\\/\\\/www.webdo.tn\\\/fr\\\/wp-content\\\/uploads\\\/2025\\\/06\\\/Webdo-Tunisie_168377.jpg\",\"contentUrl\":\"https:\\\/\\\/www.webdo.tn\\\/fr\\\/wp-content\\\/uploads\\\/2025\\\/06\\\/Webdo-Tunisie_168377.jpg\",\"width\":301,\"height\":301,\"caption\":\"Webdo\"},\"image\":{\"@id\":\"https:\\\/\\\/www.webdo.tn\\\/fr\\\/#\\\/schema\\\/logo\\\/image\\\/\"},\"sameAs\":[\"https:\\\/\\\/www.facebook.com\\\/webdotn\",\"https:\\\/\\\/x.com\\\/webdo_tn\"],\"description\":\"Webdo est un m\u00e9dia num\u00e9rique tunisien fond\u00e9 en 2010, sp\u00e9cialis\u00e9 dans l\u2019actualit\u00e9 nationale et internationale, l\u2019\u00e9conomie, la soci\u00e9t\u00e9 et les analyses politiques. Le site s\u2019adresse \u00e0 un large public francophone et couvre l\u2019information tunisienne en temps r\u00e9el.\",\"email\":\"redac@webdo.tn\",\"legalName\":\"YNJ SARL\",\"foundingDate\":\"2010-09-06\",\"numberOfEmployees\":{\"@type\":\"QuantitativeValue\",\"minValue\":\"11\",\"maxValue\":\"50\"}},{\"@type\":\"Person\",\"@id\":\"https:\\\/\\\/www.webdo.tn\\\/fr\\\/#\\\/schema\\\/person\\\/b8a41c04d93287d375510db360906b34\",\"name\":\"AZ\",\"image\":{\"@type\":\"ImageObject\",\"inLanguage\":\"fr-FR\",\"@id\":\"https:\\\/\\\/secure.gravatar.com\\\/avatar\\\/492b80bada79439de4201dce15cd41eece6c277cfdf1b53382073c79105c1f89?s=96&d=mm&r=g\",\"url\":\"https:\\\/\\\/secure.gravatar.com\\\/avatar\\\/492b80bada79439de4201dce15cd41eece6c277cfdf1b53382073c79105c1f89?s=96&d=mm&r=g\",\"contentUrl\":\"https:\\\/\\\/secure.gravatar.com\\\/avatar\\\/492b80bada79439de4201dce15cd41eece6c277cfdf1b53382073c79105c1f89?s=96&d=mm&r=g\",\"caption\":\"AZ\"},\"url\":\"https:\\\/\\\/www.webdo.tn\\\/fr\\\/actualite\\\/author\\\/az\\\/\"}]}<\/script>\n<!-- \/ Yoast SEO Premium plugin. -->","yoast_head_json":{"title":"Sa\u00efed plaide pour la lev\u00e9e des obstacles entravant les PME","description":"Ka\u00efs Sa\u00efed s'engage activement \u00e0 surmonter les obstacles entravant les PME tunisiennes.","canonical":"https:\/\/www.webdo.tn\/fr\/actualite\/national\/saied-plaide-pour-la-levee-des-obstacles-entravant-les-pme\/215335\/","og_locale":"fr_FR","og_type":"article","og_title":"Sa\u00efed plaide pour la lev\u00e9e des obstacles entravant les PME","og_description":"Ka\u00efs Sa\u00efed s'engage activement \u00e0 surmonter les obstacles entravant les PME tunisiennes.","og_url":"https:\/\/www.webdo.tn\/fr\/actualite\/national\/saied-plaide-pour-la-levee-des-obstacles-entravant-les-pme\/215335\/","og_site_name":"webdo","article_publisher":"https:\/\/www.facebook.com\/webdotn","article_published_time":"2024-07-17T22:17:00+00:00","article_modified_time":"2025-05-21T09:04:41+00:00","og_image":[{"width":750,"height":400,"url":"https:\/\/www.webdo.tn\/fr\/wp-content\/uploads\/2024\/07\/518786a1d526b3fdae049305104c74ae.webp","type":"image\/webp"}],"author":"AZ","twitter_card":"summary_large_image","twitter_creator":"@webdo_tn","twitter_site":"@webdo_tn","twitter_misc":{"\u00c9crit par":"AZ","Dur\u00e9e de lecture estim\u00e9e":"1 minute"},"schema":{"@context":"https:\/\/schema.org","@graph":[{"@type":"NewsArticle","@id":"https:\/\/www.webdo.tn\/fr\/actualite\/national\/saied-plaide-pour-la-levee-des-obstacles-entravant-les-pme\/215335\/#article","isPartOf":{"@id":"https:\/\/www.webdo.tn\/fr\/actualite\/national\/saied-plaide-pour-la-levee-des-obstacles-entravant-les-pme\/215335\/"},"author":{"name":"AZ","@id":"https:\/\/www.webdo.tn\/fr\/#\/schema\/person\/b8a41c04d93287d375510db360906b34"},"headline":"Sa\u00efed plaide pour la lev\u00e9e des obstacles entravant les PME","datePublished":"2024-07-17T22:17:00+00:00","dateModified":"2025-05-21T09:04:41+00:00","mainEntityOfPage":{"@id":"https:\/\/www.webdo.tn\/fr\/actualite\/national\/saied-plaide-pour-la-levee-des-obstacles-entravant-les-pme\/215335\/"},"wordCount":214,"commentCount":0,"publisher":{"@id":"https:\/\/www.webdo.tn\/fr\/#organization"},"image":{"@id":"https:\/\/www.webdo.tn\/fr\/actualite\/national\/saied-plaide-pour-la-levee-des-obstacles-entravant-les-pme\/215335\/#primaryimage"},"thumbnailUrl":"https:\/\/www.webdo.tn\/fr\/wp-content\/uploads\/2024\/07\/518786a1d526b3fdae049305104c74ae.webp","keywords":["PME","Tunisie"],"articleSection":["National"],"inLanguage":"fr-FR"},{"@type":"WebPage","@id":"https:\/\/www.webdo.tn\/fr\/actualite\/national\/saied-plaide-pour-la-levee-des-obstacles-entravant-les-pme\/215335\/","url":"https:\/\/www.webdo.tn\/fr\/actualite\/national\/saied-plaide-pour-la-levee-des-obstacles-entravant-les-pme\/215335\/","name":"Sa\u00efed plaide pour la lev\u00e9e des obstacles entravant les PME","isPartOf":{"@id":"https:\/\/www.webdo.tn\/fr\/#website"},"primaryImageOfPage":{"@id":"https:\/\/www.webdo.tn\/fr\/actualite\/national\/saied-plaide-pour-la-levee-des-obstacles-entravant-les-pme\/215335\/#primaryimage"},"image":{"@id":"https:\/\/www.webdo.tn\/fr\/actualite\/national\/saied-plaide-pour-la-levee-des-obstacles-entravant-les-pme\/215335\/#primaryimage"},"thumbnailUrl":"https:\/\/www.webdo.tn\/fr\/wp-content\/uploads\/2024\/07\/518786a1d526b3fdae049305104c74ae.webp","datePublished":"2024-07-17T22:17:00+00:00","dateModified":"2025-05-21T09:04:41+00:00","description":"Ka\u00efs Sa\u00efed s'engage activement \u00e0 surmonter les obstacles entravant les PME tunisiennes.","breadcrumb":{"@id":"https:\/\/www.webdo.tn\/fr\/actualite\/national\/saied-plaide-pour-la-levee-des-obstacles-entravant-les-pme\/215335\/#breadcrumb"},"inLanguage":"fr-FR","potentialAction":[{"@type":"ReadAction","target":["https:\/\/www.webdo.tn\/fr\/actualite\/national\/saied-plaide-pour-la-levee-des-obstacles-entravant-les-pme\/215335\/"]}]},{"@type":"ImageObject","inLanguage":"fr-FR","@id":"https:\/\/www.webdo.tn\/fr\/actualite\/national\/saied-plaide-pour-la-levee-des-obstacles-entravant-les-pme\/215335\/#primaryimage","url":"https:\/\/www.webdo.tn\/fr\/wp-content\/uploads\/2024\/07\/518786a1d526b3fdae049305104c74ae.webp","contentUrl":"https:\/\/www.webdo.tn\/fr\/wp-content\/uploads\/2024\/07\/518786a1d526b3fdae049305104c74ae.webp","width":750,"height":400,"caption":"Sa\u00efed plaide pour la lev\u00e9e des obstacles entravant les PME"},{"@type":"BreadcrumbList","@id":"https:\/\/www.webdo.tn\/fr\/actualite\/national\/saied-plaide-pour-la-levee-des-obstacles-entravant-les-pme\/215335\/#breadcrumb","itemListElement":[{"@type":"ListItem","position":1,"name":"Accueil","item":"https:\/\/www.webdo.tn\/fr\/"},{"@type":"ListItem","position":2,"name":"Sa\u00efed plaide pour la lev\u00e9e des obstacles entravant les PME"}]},{"@type":"WebSite","@id":"https:\/\/www.webdo.tn\/fr\/#website","url":"https:\/\/www.webdo.tn\/fr\/","name":"webdo","description":"Tunisie - News en Tunisie et \u00e0 l&#039;international sur Webdo.tn","publisher":{"@id":"https:\/\/www.webdo.tn\/fr\/#organization"},"potentialAction":[{"@type":"SearchAction","target":{"@type":"EntryPoint","urlTemplate":"https:\/\/www.webdo.tn\/fr\/?s={search_term_string}"},"query-input":{"@type":"PropertyValueSpecification","valueRequired":true,"valueName":"search_term_string"}}],"inLanguage":"fr-FR"},{"@type":"Organization","@id":"https:\/\/www.webdo.tn\/fr\/#organization","name":"Webdo","alternateName":"Webdo.tn","url":"https:\/\/www.webdo.tn\/fr\/","logo":{"@type":"ImageObject","inLanguage":"fr-FR","@id":"https:\/\/www.webdo.tn\/fr\/#\/schema\/logo\/image\/","url":"https:\/\/www.webdo.tn\/fr\/wp-content\/uploads\/2025\/06\/Webdo-Tunisie_168377.jpg","contentUrl":"https:\/\/www.webdo.tn\/fr\/wp-content\/uploads\/2025\/06\/Webdo-Tunisie_168377.jpg","width":301,"height":301,"caption":"Webdo"},"image":{"@id":"https:\/\/www.webdo.tn\/fr\/#\/schema\/logo\/image\/"},"sameAs":["https:\/\/www.facebook.com\/webdotn","https:\/\/x.com\/webdo_tn"],"description":"Webdo est un m\u00e9dia num\u00e9rique tunisien fond\u00e9 en 2010, sp\u00e9cialis\u00e9 dans l\u2019actualit\u00e9 nationale et internationale, l\u2019\u00e9conomie, la soci\u00e9t\u00e9 et les analyses politiques. Le site s\u2019adresse \u00e0 un large public francophone et couvre l\u2019information tunisienne en temps r\u00e9el.","email":"redac@webdo.tn","legalName":"YNJ SARL","foundingDate":"2010-09-06","numberOfEmployees":{"@type":"QuantitativeValue","minValue":"11","maxValue":"50"}},{"@type":"Person","@id":"https:\/\/www.webdo.tn\/fr\/#\/schema\/person\/b8a41c04d93287d375510db360906b34","name":"AZ","image":{"@type":"ImageObject","inLanguage":"fr-FR","@id":"https:\/\/secure.gravatar.com\/avatar\/492b80bada79439de4201dce15cd41eece6c277cfdf1b53382073c79105c1f89?s=96&d=mm&r=g","url":"https:\/\/secure.gravatar.com\/avatar\/492b80bada79439de4201dce15cd41eece6c277cfdf1b53382073c79105c1f89?s=96&d=mm&r=g","contentUrl":"https:\/\/secure.gravatar.com\/avatar\/492b80bada79439de4201dce15cd41eece6c277cfdf1b53382073c79105c1f89?s=96&d=mm&r=g","caption":"AZ"},"url":"https:\/\/www.webdo.tn\/fr\/actualite\/author\/az\/"}]}},"_links":{"self":[{"href":"https:\/\/www.webdo.tn\/fr\/wp-json\/wp\/v2\/posts\/215335","targetHints":{"allow":["GET"]}}],"collection":[{"href":"https:\/\/www.webdo.tn\/fr\/wp-json\/wp\/v2\/posts"}],"about":[{"href":"https:\/\/www.webdo.tn\/fr\/wp-json\/wp\/v2\/types\/post"}],"author":[{"embeddable":true,"href":"https:\/\/www.webdo.tn\/fr\/wp-json\/wp\/v2\/users\/3166"}],"replies":[{"embeddable":true,"href":"https:\/\/www.webdo.tn\/fr\/wp-json\/wp\/v2\/comments?post=215335"}],"version-history":[{"count":0,"href":"https:\/\/www.webdo.tn\/fr\/wp-json\/wp\/v2\/posts\/215335\/revisions"}],"wp:featuredmedia":[{"embeddable":true,"href":"https:\/\/www.webdo.tn\/fr\/wp-json\/wp\/v2\/media\/246968"}],"wp:attachment":[{"href":"https:\/\/www.webdo.tn\/fr\/wp-json\/wp\/v2\/media?parent=215335"}],"wp:term":[{"taxonomy":"category","embeddable":true,"href":"https:\/\/www.webdo.tn\/fr\/wp-json\/wp\/v2\/categories?post=215335"},{"taxonomy":"post_tag","embeddable":true,"href":"https:\/\/www.webdo.tn\/fr\/wp-json\/wp\/v2\/tags?post=215335"}],"curies":[{"name":"wp","href":"https:\/\/api.w.org\/{rel}","templated":true}]}}