{"id":215326,"date":"2024-07-17T13:57:00","date_gmt":"2024-07-17T13:57:00","guid":{"rendered":"https:\/\/www.webdo.tn\/fr\/blog\/tunisie-vers-un-partenariat-strategique-pour-le-port-d-enfidha\/215326\/"},"modified":"2025-05-20T22:35:35","modified_gmt":"2025-05-20T22:35:35","slug":"tunisie-vers-un-partenariat-strategique-pour-le-port-d-enfidha","status":"publish","type":"post","link":"https:\/\/www.webdo.tn\/fr\/actualite\/national\/tunisie-vers-un-partenariat-strategique-pour-le-port-d-enfidha\/215326\/","title":{"rendered":"Tunisie : Vers un partenariat strat\u00e9gique pour le port en eaux profondes d&rsquo;Enfidha"},"content":{"rendered":"<p>La ministre de l&rsquo;\u00c9quipement et de l&rsquo;Habitat, \u00e9galement ministre des Transports, Sarah Zenzeri, a confirm\u00e9 que la Tunisie cherche un partenaire strat\u00e9gique pour la r\u00e9alisation du port en eaux profondes \u00e0 Enfidha, dans le cadre d&rsquo;un accord respectant la souverainet\u00e9 de l&rsquo;\u00c9tat.<\/p>\n<p>\t\t\t\t\t\t\t\t\tLa ministre de l&rsquo;\u00c9quipement et de l&rsquo;Habitat, \u00e9galement ministre des Transports, Sarah Zenzeri, a confirm\u00e9 que la Tunisie cherche un partenaire strat\u00e9gique pour la r\u00e9alisation du port en eaux profondes \u00e0 Enfidha, dans le cadre d&rsquo;un accord respectant la souverainet\u00e9 de l&rsquo;\u00c9tat.<\/p>\n<p>En r\u00e9ponse \u00e0 une question du d\u00e9put\u00e9 Mohamed Ahmed lors d&rsquo;une s\u00e9ance d&rsquo;audition parlementaire mercredi 17 juiller, Zenzeri a pr\u00e9cis\u00e9 que la mise en \u0153uvre du projet en eaux profondes \u00e0 Enfidha repose sur la recherche d&rsquo;un partenaire strat\u00e9gique s\u00e9rieux, sans demande de garanties souveraines ou r\u00e9elles.<\/p>\n<p>Zenzeri a indiqu\u00e9 que le projet du port et de la zone logistique qui y est associ\u00e9e sera le premier port intelligent en Tunisie, conforme aux normes internationales, et qu&rsquo;il renforcera les autres ports tunisiens en connectant le pays aux grands axes de transport maritime mondiaux.<\/p>\n<p>La ministre a \u00e9galement pass\u00e9 en revue les \u00e9tapes de d\u00e9veloppement du projet au cours des derni\u00e8res ann\u00e9es, notamment la cr\u00e9ation de la soci\u00e9t\u00e9 Port d&rsquo;Enfidha en 2018 et l&rsquo;obtention par cette soci\u00e9t\u00e9 de la garantie de l&rsquo;\u00c9tat pour entrer en partenariat avec le secteur priv\u00e9.<\/p>\n<p>Le projet qui comporte une zone logistique sur 1000 hectares au profit des gouvernorats situ\u00e9s \u00e0 150 km du projet, cr\u00e9era pr\u00e8s de 52 mille emplois.<\/p>\n","protected":false},"excerpt":{"rendered":"<p>La ministre de l&rsquo;\u00c9quipement et de l&rsquo;Habitat, \u00e9galement ministre des Transports, Sarah Zenzeri, a confirm\u00e9 que la Tunisie cherche un partenaire strat\u00e9gique pour&#8230;<\/p>\n","protected":false},"author":3175,"featured_media":246965,"comment_status":"open","ping_status":"closed","sticky":false,"template":"","format":"standard","meta":{"footnotes":""},"categories":[44],"tags":[6124,4948,2929],"class_list":["post-215326","post","type-post","status-publish","format-standard","has-post-thumbnail","hentry","category-national","tag-eaux-profondes","tag-enfidha","tag-port"],"yoast_head":"<!-- This site is optimized with the Yoast SEO Premium plugin v27.5 (Yoast SEO v27.5) - https:\/\/yoast.com\/product\/yoast-seo-premium-wordpress\/ -->\n<title>Tunisie : Vers un partenariat strat\u00e9gique pour le port en eaux profondes d&#039;Enfidha<\/title>\n<meta name=\"description\" content=\"La ministre de l&#039;\u00c9quipement et de l&#039;Habitat, \u00e9galement ministre des Transports, Sarah Zenzeri, a confirm\u00e9 que la Tunisie cherche un partenaire strat\u00e9gique pour...\" \/>\n<link rel=\"canonical\" href=\"https:\/\/www.webdo.tn\/fr\/actualite\/national\/tunisie-vers-un-partenariat-strategique-pour-le-port-d-enfidha\/215326\/\" \/>\n<meta property=\"og:locale\" content=\"fr_FR\" \/>\n<meta property=\"og:type\" content=\"article\" \/>\n<meta property=\"og:title\" content=\"Tunisie : Vers un partenariat strat\u00e9gique pour le port en eaux profondes d&#039;Enfidha\" \/>\n<meta property=\"og:description\" content=\"La ministre de l&#039;\u00c9quipement et de l&#039;Habitat, \u00e9galement ministre des Transports, Sarah Zenzeri, a confirm\u00e9 que la Tunisie cherche un partenaire strat\u00e9gique pour...\" \/>\n<meta property=\"og:url\" content=\"https:\/\/www.webdo.tn\/fr\/actualite\/national\/tunisie-vers-un-partenariat-strategique-pour-le-port-d-enfidha\/215326\/\" \/>\n<meta property=\"og:site_name\" content=\"webdo\" \/>\n<meta property=\"article:publisher\" content=\"https:\/\/www.facebook.com\/webdotn\" \/>\n<meta property=\"article:published_time\" content=\"2024-07-17T13:57:00+00:00\" \/>\n<meta property=\"article:modified_time\" content=\"2025-05-20T22:35:35+00:00\" \/>\n<meta property=\"og:image\" content=\"https:\/\/www.webdo.tn\/fr\/wp-content\/uploads\/2024\/07\/4f3f651ab0279299b4ae9588b33e0ed8.webp\" \/>\n\t<meta property=\"og:image:width\" content=\"750\" \/>\n\t<meta property=\"og:image:height\" content=\"400\" \/>\n\t<meta property=\"og:image:type\" content=\"image\/webp\" \/>\n<meta name=\"author\" content=\"CL\" \/>\n<meta name=\"twitter:card\" content=\"summary_large_image\" \/>\n<meta name=\"twitter:creator\" content=\"@webdo_tn\" \/>\n<meta name=\"twitter:site\" content=\"@webdo_tn\" \/>\n<meta name=\"twitter:label1\" content=\"\u00c9crit par\" \/>\n\t<meta name=\"twitter:data1\" content=\"CL\" \/>\n\t<meta name=\"twitter:label2\" content=\"Dur\u00e9e de lecture estim\u00e9e\" \/>\n\t<meta name=\"twitter:data2\" content=\"1 minute\" \/>\n<script type=\"application\/ld+json\" class=\"yoast-schema-graph\">{\"@context\":\"https:\\\/\\\/schema.org\",\"@graph\":[{\"@type\":\"NewsArticle\",\"@id\":\"https:\\\/\\\/www.webdo.tn\\\/fr\\\/actualite\\\/national\\\/tunisie-vers-un-partenariat-strategique-pour-le-port-d-enfidha\\\/215326\\\/#article\",\"isPartOf\":{\"@id\":\"https:\\\/\\\/www.webdo.tn\\\/fr\\\/actualite\\\/national\\\/tunisie-vers-un-partenariat-strategique-pour-le-port-d-enfidha\\\/215326\\\/\"},\"author\":{\"name\":\"CL\",\"@id\":\"https:\\\/\\\/www.webdo.tn\\\/fr\\\/#\\\/schema\\\/person\\\/f35b42a42c5e2511bbd282959d6385cc\"},\"headline\":\"Tunisie : Vers un partenariat strat\u00e9gique pour le port en eaux profondes d&rsquo;Enfidha\",\"datePublished\":\"2024-07-17T13:57:00+00:00\",\"dateModified\":\"2025-05-20T22:35:35+00:00\",\"mainEntityOfPage\":{\"@id\":\"https:\\\/\\\/www.webdo.tn\\\/fr\\\/actualite\\\/national\\\/tunisie-vers-un-partenariat-strategique-pour-le-port-d-enfidha\\\/215326\\\/\"},\"wordCount\":289,\"commentCount\":0,\"publisher\":{\"@id\":\"https:\\\/\\\/www.webdo.tn\\\/fr\\\/#organization\"},\"image\":{\"@id\":\"https:\\\/\\\/www.webdo.tn\\\/fr\\\/actualite\\\/national\\\/tunisie-vers-un-partenariat-strategique-pour-le-port-d-enfidha\\\/215326\\\/#primaryimage\"},\"thumbnailUrl\":\"https:\\\/\\\/www.webdo.tn\\\/fr\\\/wp-content\\\/uploads\\\/2024\\\/07\\\/4f3f651ab0279299b4ae9588b33e0ed8.webp\",\"keywords\":[\"eaux profondes\",\"Enfidha\",\"Port\"],\"articleSection\":[\"National\"],\"inLanguage\":\"fr-FR\"},{\"@type\":\"WebPage\",\"@id\":\"https:\\\/\\\/www.webdo.tn\\\/fr\\\/actualite\\\/national\\\/tunisie-vers-un-partenariat-strategique-pour-le-port-d-enfidha\\\/215326\\\/\",\"url\":\"https:\\\/\\\/www.webdo.tn\\\/fr\\\/actualite\\\/national\\\/tunisie-vers-un-partenariat-strategique-pour-le-port-d-enfidha\\\/215326\\\/\",\"name\":\"Tunisie : Vers un partenariat strat\u00e9gique pour le port en eaux profondes d'Enfidha\",\"isPartOf\":{\"@id\":\"https:\\\/\\\/www.webdo.tn\\\/fr\\\/#website\"},\"primaryImageOfPage\":{\"@id\":\"https:\\\/\\\/www.webdo.tn\\\/fr\\\/actualite\\\/national\\\/tunisie-vers-un-partenariat-strategique-pour-le-port-d-enfidha\\\/215326\\\/#primaryimage\"},\"image\":{\"@id\":\"https:\\\/\\\/www.webdo.tn\\\/fr\\\/actualite\\\/national\\\/tunisie-vers-un-partenariat-strategique-pour-le-port-d-enfidha\\\/215326\\\/#primaryimage\"},\"thumbnailUrl\":\"https:\\\/\\\/www.webdo.tn\\\/fr\\\/wp-content\\\/uploads\\\/2024\\\/07\\\/4f3f651ab0279299b4ae9588b33e0ed8.webp\",\"datePublished\":\"2024-07-17T13:57:00+00:00\",\"dateModified\":\"2025-05-20T22:35:35+00:00\",\"description\":\"La ministre de l'\u00c9quipement et de l'Habitat, \u00e9galement ministre des Transports, Sarah Zenzeri, a confirm\u00e9 que la Tunisie cherche un partenaire strat\u00e9gique pour...\",\"breadcrumb\":{\"@id\":\"https:\\\/\\\/www.webdo.tn\\\/fr\\\/actualite\\\/national\\\/tunisie-vers-un-partenariat-strategique-pour-le-port-d-enfidha\\\/215326\\\/#breadcrumb\"},\"inLanguage\":\"fr-FR\",\"potentialAction\":[{\"@type\":\"ReadAction\",\"target\":[\"https:\\\/\\\/www.webdo.tn\\\/fr\\\/actualite\\\/national\\\/tunisie-vers-un-partenariat-strategique-pour-le-port-d-enfidha\\\/215326\\\/\"]}]},{\"@type\":\"ImageObject\",\"inLanguage\":\"fr-FR\",\"@id\":\"https:\\\/\\\/www.webdo.tn\\\/fr\\\/actualite\\\/national\\\/tunisie-vers-un-partenariat-strategique-pour-le-port-d-enfidha\\\/215326\\\/#primaryimage\",\"url\":\"https:\\\/\\\/www.webdo.tn\\\/fr\\\/wp-content\\\/uploads\\\/2024\\\/07\\\/4f3f651ab0279299b4ae9588b33e0ed8.webp\",\"contentUrl\":\"https:\\\/\\\/www.webdo.tn\\\/fr\\\/wp-content\\\/uploads\\\/2024\\\/07\\\/4f3f651ab0279299b4ae9588b33e0ed8.webp\",\"width\":750,\"height\":400,\"caption\":\"Tunisie : Vers un partenariat strat\u00e9gique pour le port en eaux profondes d'Enfidha\"},{\"@type\":\"BreadcrumbList\",\"@id\":\"https:\\\/\\\/www.webdo.tn\\\/fr\\\/actualite\\\/national\\\/tunisie-vers-un-partenariat-strategique-pour-le-port-d-enfidha\\\/215326\\\/#breadcrumb\",\"itemListElement\":[{\"@type\":\"ListItem\",\"position\":1,\"name\":\"Accueil\",\"item\":\"https:\\\/\\\/www.webdo.tn\\\/fr\\\/\"},{\"@type\":\"ListItem\",\"position\":2,\"name\":\"Tunisie : Vers un partenariat strat\u00e9gique pour le port en eaux profondes d&#8217;Enfidha\"}]},{\"@type\":\"WebSite\",\"@id\":\"https:\\\/\\\/www.webdo.tn\\\/fr\\\/#website\",\"url\":\"https:\\\/\\\/www.webdo.tn\\\/fr\\\/\",\"name\":\"webdo\",\"description\":\"Tunisie - News en Tunisie et \u00e0 l&#039;international sur Webdo.tn\",\"publisher\":{\"@id\":\"https:\\\/\\\/www.webdo.tn\\\/fr\\\/#organization\"},\"potentialAction\":[{\"@type\":\"SearchAction\",\"target\":{\"@type\":\"EntryPoint\",\"urlTemplate\":\"https:\\\/\\\/www.webdo.tn\\\/fr\\\/?s={search_term_string}\"},\"query-input\":{\"@type\":\"PropertyValueSpecification\",\"valueRequired\":true,\"valueName\":\"search_term_string\"}}],\"inLanguage\":\"fr-FR\"},{\"@type\":\"Organization\",\"@id\":\"https:\\\/\\\/www.webdo.tn\\\/fr\\\/#organization\",\"name\":\"Webdo\",\"alternateName\":\"Webdo.tn\",\"url\":\"https:\\\/\\\/www.webdo.tn\\\/fr\\\/\",\"logo\":{\"@type\":\"ImageObject\",\"inLanguage\":\"fr-FR\",\"@id\":\"https:\\\/\\\/www.webdo.tn\\\/fr\\\/#\\\/schema\\\/logo\\\/image\\\/\",\"url\":\"https:\\\/\\\/www.webdo.tn\\\/fr\\\/wp-content\\\/uploads\\\/2025\\\/06\\\/Webdo-Tunisie_168377.jpg\",\"contentUrl\":\"https:\\\/\\\/www.webdo.tn\\\/fr\\\/wp-content\\\/uploads\\\/2025\\\/06\\\/Webdo-Tunisie_168377.jpg\",\"width\":301,\"height\":301,\"caption\":\"Webdo\"},\"image\":{\"@id\":\"https:\\\/\\\/www.webdo.tn\\\/fr\\\/#\\\/schema\\\/logo\\\/image\\\/\"},\"sameAs\":[\"https:\\\/\\\/www.facebook.com\\\/webdotn\",\"https:\\\/\\\/x.com\\\/webdo_tn\"],\"description\":\"Webdo est un m\u00e9dia num\u00e9rique tunisien fond\u00e9 en 2010, sp\u00e9cialis\u00e9 dans l\u2019actualit\u00e9 nationale et internationale, l\u2019\u00e9conomie, la soci\u00e9t\u00e9 et les analyses politiques. Le site s\u2019adresse \u00e0 un large public francophone et couvre l\u2019information tunisienne en temps r\u00e9el.\",\"email\":\"redac@webdo.tn\",\"legalName\":\"YNJ SARL\",\"foundingDate\":\"2010-09-06\",\"numberOfEmployees\":{\"@type\":\"QuantitativeValue\",\"minValue\":\"11\",\"maxValue\":\"50\"}},{\"@type\":\"Person\",\"@id\":\"https:\\\/\\\/www.webdo.tn\\\/fr\\\/#\\\/schema\\\/person\\\/f35b42a42c5e2511bbd282959d6385cc\",\"name\":\"CL\",\"image\":{\"@type\":\"ImageObject\",\"inLanguage\":\"fr-FR\",\"@id\":\"https:\\\/\\\/secure.gravatar.com\\\/avatar\\\/1447a49909b67aa657c488aec6512e1dd6143a480c1ecfee9b5b5cd74eb3b59e?s=96&d=mm&r=g\",\"url\":\"https:\\\/\\\/secure.gravatar.com\\\/avatar\\\/1447a49909b67aa657c488aec6512e1dd6143a480c1ecfee9b5b5cd74eb3b59e?s=96&d=mm&r=g\",\"contentUrl\":\"https:\\\/\\\/secure.gravatar.com\\\/avatar\\\/1447a49909b67aa657c488aec6512e1dd6143a480c1ecfee9b5b5cd74eb3b59e?s=96&d=mm&r=g\",\"caption\":\"CL\"},\"url\":\"https:\\\/\\\/www.webdo.tn\\\/fr\\\/actualite\\\/author\\\/cl\\\/\"}]}<\/script>\n<!-- \/ Yoast SEO Premium plugin. -->","yoast_head_json":{"title":"Tunisie : Vers un partenariat strat\u00e9gique pour le port en eaux profondes d'Enfidha","description":"La ministre de l'\u00c9quipement et de l'Habitat, \u00e9galement ministre des Transports, Sarah Zenzeri, a confirm\u00e9 que la Tunisie cherche un partenaire strat\u00e9gique pour...","canonical":"https:\/\/www.webdo.tn\/fr\/actualite\/national\/tunisie-vers-un-partenariat-strategique-pour-le-port-d-enfidha\/215326\/","og_locale":"fr_FR","og_type":"article","og_title":"Tunisie : Vers un partenariat strat\u00e9gique pour le port en eaux profondes d'Enfidha","og_description":"La ministre de l'\u00c9quipement et de l'Habitat, \u00e9galement ministre des Transports, Sarah Zenzeri, a confirm\u00e9 que la Tunisie cherche un partenaire strat\u00e9gique pour...","og_url":"https:\/\/www.webdo.tn\/fr\/actualite\/national\/tunisie-vers-un-partenariat-strategique-pour-le-port-d-enfidha\/215326\/","og_site_name":"webdo","article_publisher":"https:\/\/www.facebook.com\/webdotn","article_published_time":"2024-07-17T13:57:00+00:00","article_modified_time":"2025-05-20T22:35:35+00:00","og_image":[{"width":750,"height":400,"url":"https:\/\/www.webdo.tn\/fr\/wp-content\/uploads\/2024\/07\/4f3f651ab0279299b4ae9588b33e0ed8.webp","type":"image\/webp"}],"author":"CL","twitter_card":"summary_large_image","twitter_creator":"@webdo_tn","twitter_site":"@webdo_tn","twitter_misc":{"\u00c9crit par":"CL","Dur\u00e9e de lecture estim\u00e9e":"1 minute"},"schema":{"@context":"https:\/\/schema.org","@graph":[{"@type":"NewsArticle","@id":"https:\/\/www.webdo.tn\/fr\/actualite\/national\/tunisie-vers-un-partenariat-strategique-pour-le-port-d-enfidha\/215326\/#article","isPartOf":{"@id":"https:\/\/www.webdo.tn\/fr\/actualite\/national\/tunisie-vers-un-partenariat-strategique-pour-le-port-d-enfidha\/215326\/"},"author":{"name":"CL","@id":"https:\/\/www.webdo.tn\/fr\/#\/schema\/person\/f35b42a42c5e2511bbd282959d6385cc"},"headline":"Tunisie : Vers un partenariat strat\u00e9gique pour le port en eaux profondes d&rsquo;Enfidha","datePublished":"2024-07-17T13:57:00+00:00","dateModified":"2025-05-20T22:35:35+00:00","mainEntityOfPage":{"@id":"https:\/\/www.webdo.tn\/fr\/actualite\/national\/tunisie-vers-un-partenariat-strategique-pour-le-port-d-enfidha\/215326\/"},"wordCount":289,"commentCount":0,"publisher":{"@id":"https:\/\/www.webdo.tn\/fr\/#organization"},"image":{"@id":"https:\/\/www.webdo.tn\/fr\/actualite\/national\/tunisie-vers-un-partenariat-strategique-pour-le-port-d-enfidha\/215326\/#primaryimage"},"thumbnailUrl":"https:\/\/www.webdo.tn\/fr\/wp-content\/uploads\/2024\/07\/4f3f651ab0279299b4ae9588b33e0ed8.webp","keywords":["eaux profondes","Enfidha","Port"],"articleSection":["National"],"inLanguage":"fr-FR"},{"@type":"WebPage","@id":"https:\/\/www.webdo.tn\/fr\/actualite\/national\/tunisie-vers-un-partenariat-strategique-pour-le-port-d-enfidha\/215326\/","url":"https:\/\/www.webdo.tn\/fr\/actualite\/national\/tunisie-vers-un-partenariat-strategique-pour-le-port-d-enfidha\/215326\/","name":"Tunisie : Vers un partenariat strat\u00e9gique pour le port en eaux profondes d'Enfidha","isPartOf":{"@id":"https:\/\/www.webdo.tn\/fr\/#website"},"primaryImageOfPage":{"@id":"https:\/\/www.webdo.tn\/fr\/actualite\/national\/tunisie-vers-un-partenariat-strategique-pour-le-port-d-enfidha\/215326\/#primaryimage"},"image":{"@id":"https:\/\/www.webdo.tn\/fr\/actualite\/national\/tunisie-vers-un-partenariat-strategique-pour-le-port-d-enfidha\/215326\/#primaryimage"},"thumbnailUrl":"https:\/\/www.webdo.tn\/fr\/wp-content\/uploads\/2024\/07\/4f3f651ab0279299b4ae9588b33e0ed8.webp","datePublished":"2024-07-17T13:57:00+00:00","dateModified":"2025-05-20T22:35:35+00:00","description":"La ministre de l'\u00c9quipement et de l'Habitat, \u00e9galement ministre des Transports, Sarah Zenzeri, a confirm\u00e9 que la Tunisie cherche un partenaire strat\u00e9gique pour...","breadcrumb":{"@id":"https:\/\/www.webdo.tn\/fr\/actualite\/national\/tunisie-vers-un-partenariat-strategique-pour-le-port-d-enfidha\/215326\/#breadcrumb"},"inLanguage":"fr-FR","potentialAction":[{"@type":"ReadAction","target":["https:\/\/www.webdo.tn\/fr\/actualite\/national\/tunisie-vers-un-partenariat-strategique-pour-le-port-d-enfidha\/215326\/"]}]},{"@type":"ImageObject","inLanguage":"fr-FR","@id":"https:\/\/www.webdo.tn\/fr\/actualite\/national\/tunisie-vers-un-partenariat-strategique-pour-le-port-d-enfidha\/215326\/#primaryimage","url":"https:\/\/www.webdo.tn\/fr\/wp-content\/uploads\/2024\/07\/4f3f651ab0279299b4ae9588b33e0ed8.webp","contentUrl":"https:\/\/www.webdo.tn\/fr\/wp-content\/uploads\/2024\/07\/4f3f651ab0279299b4ae9588b33e0ed8.webp","width":750,"height":400,"caption":"Tunisie : Vers un partenariat strat\u00e9gique pour le port en eaux profondes d'Enfidha"},{"@type":"BreadcrumbList","@id":"https:\/\/www.webdo.tn\/fr\/actualite\/national\/tunisie-vers-un-partenariat-strategique-pour-le-port-d-enfidha\/215326\/#breadcrumb","itemListElement":[{"@type":"ListItem","position":1,"name":"Accueil","item":"https:\/\/www.webdo.tn\/fr\/"},{"@type":"ListItem","position":2,"name":"Tunisie : Vers un partenariat strat\u00e9gique pour le port en eaux profondes d&#8217;Enfidha"}]},{"@type":"WebSite","@id":"https:\/\/www.webdo.tn\/fr\/#website","url":"https:\/\/www.webdo.tn\/fr\/","name":"webdo","description":"Tunisie - News en Tunisie et \u00e0 l&#039;international sur Webdo.tn","publisher":{"@id":"https:\/\/www.webdo.tn\/fr\/#organization"},"potentialAction":[{"@type":"SearchAction","target":{"@type":"EntryPoint","urlTemplate":"https:\/\/www.webdo.tn\/fr\/?s={search_term_string}"},"query-input":{"@type":"PropertyValueSpecification","valueRequired":true,"valueName":"search_term_string"}}],"inLanguage":"fr-FR"},{"@type":"Organization","@id":"https:\/\/www.webdo.tn\/fr\/#organization","name":"Webdo","alternateName":"Webdo.tn","url":"https:\/\/www.webdo.tn\/fr\/","logo":{"@type":"ImageObject","inLanguage":"fr-FR","@id":"https:\/\/www.webdo.tn\/fr\/#\/schema\/logo\/image\/","url":"https:\/\/www.webdo.tn\/fr\/wp-content\/uploads\/2025\/06\/Webdo-Tunisie_168377.jpg","contentUrl":"https:\/\/www.webdo.tn\/fr\/wp-content\/uploads\/2025\/06\/Webdo-Tunisie_168377.jpg","width":301,"height":301,"caption":"Webdo"},"image":{"@id":"https:\/\/www.webdo.tn\/fr\/#\/schema\/logo\/image\/"},"sameAs":["https:\/\/www.facebook.com\/webdotn","https:\/\/x.com\/webdo_tn"],"description":"Webdo est un m\u00e9dia num\u00e9rique tunisien fond\u00e9 en 2010, sp\u00e9cialis\u00e9 dans l\u2019actualit\u00e9 nationale et internationale, l\u2019\u00e9conomie, la soci\u00e9t\u00e9 et les analyses politiques. Le site s\u2019adresse \u00e0 un large public francophone et couvre l\u2019information tunisienne en temps r\u00e9el.","email":"redac@webdo.tn","legalName":"YNJ SARL","foundingDate":"2010-09-06","numberOfEmployees":{"@type":"QuantitativeValue","minValue":"11","maxValue":"50"}},{"@type":"Person","@id":"https:\/\/www.webdo.tn\/fr\/#\/schema\/person\/f35b42a42c5e2511bbd282959d6385cc","name":"CL","image":{"@type":"ImageObject","inLanguage":"fr-FR","@id":"https:\/\/secure.gravatar.com\/avatar\/1447a49909b67aa657c488aec6512e1dd6143a480c1ecfee9b5b5cd74eb3b59e?s=96&d=mm&r=g","url":"https:\/\/secure.gravatar.com\/avatar\/1447a49909b67aa657c488aec6512e1dd6143a480c1ecfee9b5b5cd74eb3b59e?s=96&d=mm&r=g","contentUrl":"https:\/\/secure.gravatar.com\/avatar\/1447a49909b67aa657c488aec6512e1dd6143a480c1ecfee9b5b5cd74eb3b59e?s=96&d=mm&r=g","caption":"CL"},"url":"https:\/\/www.webdo.tn\/fr\/actualite\/author\/cl\/"}]}},"_links":{"self":[{"href":"https:\/\/www.webdo.tn\/fr\/wp-json\/wp\/v2\/posts\/215326","targetHints":{"allow":["GET"]}}],"collection":[{"href":"https:\/\/www.webdo.tn\/fr\/wp-json\/wp\/v2\/posts"}],"about":[{"href":"https:\/\/www.webdo.tn\/fr\/wp-json\/wp\/v2\/types\/post"}],"author":[{"embeddable":true,"href":"https:\/\/www.webdo.tn\/fr\/wp-json\/wp\/v2\/users\/3175"}],"replies":[{"embeddable":true,"href":"https:\/\/www.webdo.tn\/fr\/wp-json\/wp\/v2\/comments?post=215326"}],"version-history":[{"count":0,"href":"https:\/\/www.webdo.tn\/fr\/wp-json\/wp\/v2\/posts\/215326\/revisions"}],"wp:featuredmedia":[{"embeddable":true,"href":"https:\/\/www.webdo.tn\/fr\/wp-json\/wp\/v2\/media\/246965"}],"wp:attachment":[{"href":"https:\/\/www.webdo.tn\/fr\/wp-json\/wp\/v2\/media?parent=215326"}],"wp:term":[{"taxonomy":"category","embeddable":true,"href":"https:\/\/www.webdo.tn\/fr\/wp-json\/wp\/v2\/categories?post=215326"},{"taxonomy":"post_tag","embeddable":true,"href":"https:\/\/www.webdo.tn\/fr\/wp-json\/wp\/v2\/tags?post=215326"}],"curies":[{"name":"wp","href":"https:\/\/api.w.org\/{rel}","templated":true}]}}