{"id":215325,"date":"2024-07-17T13:31:00","date_gmt":"2024-07-17T13:31:00","guid":{"rendered":"https:\/\/www.webdo.tn\/fr\/blog\/les-doctorants-au-chomage-lancent-un-appel-a-kais-saied\/215325\/"},"modified":"2025-05-20T22:35:37","modified_gmt":"2025-05-20T22:35:37","slug":"les-doctorants-au-chomage-lancent-un-appel-a-kais-saied","status":"publish","type":"post","link":"https:\/\/www.webdo.tn\/fr\/actualite\/national\/les-doctorants-au-chomage-lancent-un-appel-a-kais-saied\/215325\/","title":{"rendered":"Les doctorants au ch\u00f4mage lancent un appel \u00e0 Kais Saied"},"content":{"rendered":"<p>Le mouvement des doctorants au ch\u00f4mage a organis\u00e9 aujourd&rsquo;hui, mercredi 17 juillet 2024, une manifestation devant le si\u00e8ge du minist\u00e8re de l&rsquo;Enseignement sup\u00e9rieur pour r\u00e9clamer des emplois.<\/p>\n<p>\t\t\t\t\t\t\t\t\tLes doctorants ont manifest\u00e9 en brandissant plusieurs slogans et ont appel\u00e9 le pr\u00e9sident de la R\u00e9publique, Kais Saied, \u00e0 intervenir pour mettre fin \u00e0 leur situation d\u00e9sastreuse, affirmant que leur nombre est tr\u00e8s faible et que le pr\u00e9sident pourrait r\u00e9soudre leur probl\u00e8me d&rsquo;un simple coup de crayon.<\/p>\n<p>\u00ab\u00a0Il est regrettable qu&rsquo;en Tunisie, des doctorants, qui ont \u00e9tudi\u00e9 pendant 26 ans, demandent depuis cinq ans \u00e0 \u00eatre employ\u00e9s, car ils ne peuvent pas assurer le minimum pour une vie d\u00e9cente\u00a0\u00bb a d\u00e9clar\u00e9 l\u2019un d\u2019eux et dont les propos ont \u00e9t\u00e9 rapport\u00e9s par Mosaique fm.<\/p>\n","protected":false},"excerpt":{"rendered":"<p>Les doctorants ont manifest\u00e9 en brandissant plusieurs slogans et ont appel\u00e9 le pr\u00e9sident de la R\u00e9publique, Kais Saied, \u00e0 intervenir pour mettre fin \u00e0 leur situa&#8230;<\/p>\n","protected":false},"author":3175,"featured_media":246976,"comment_status":"open","ping_status":"closed","sticky":false,"template":"","format":"standard","meta":{"footnotes":""},"categories":[44],"tags":[5067,6129,2608],"class_list":["post-215325","post","type-post","status-publish","format-standard","has-post-thumbnail","hentry","category-national","tag-chomage","tag-doctorants","tag-tunisie"],"yoast_head":"<!-- This site is optimized with the Yoast SEO Premium plugin v27.5 (Yoast SEO v27.5) - https:\/\/yoast.com\/product\/yoast-seo-premium-wordpress\/ -->\n<title>Les doctorants au ch\u00f4mage lancent un appel \u00e0 Kais Saied<\/title>\n<meta name=\"description\" content=\"Les doctorants ont manifest\u00e9 en brandissant plusieurs slogans et ont appel\u00e9 le pr\u00e9sident de la R\u00e9publique, Kais Saied, \u00e0 intervenir pour mettre fin \u00e0 leur situa...\" \/>\n<link rel=\"canonical\" href=\"https:\/\/www.webdo.tn\/fr\/actualite\/national\/les-doctorants-au-chomage-lancent-un-appel-a-kais-saied\/215325\/\" \/>\n<meta property=\"og:locale\" content=\"fr_FR\" \/>\n<meta property=\"og:type\" content=\"article\" \/>\n<meta property=\"og:title\" content=\"Les doctorants au ch\u00f4mage lancent un appel \u00e0 Kais Saied\" \/>\n<meta property=\"og:description\" content=\"Les doctorants ont manifest\u00e9 en brandissant plusieurs slogans et ont appel\u00e9 le pr\u00e9sident de la R\u00e9publique, Kais Saied, \u00e0 intervenir pour mettre fin \u00e0 leur situa...\" \/>\n<meta property=\"og:url\" content=\"https:\/\/www.webdo.tn\/fr\/actualite\/national\/les-doctorants-au-chomage-lancent-un-appel-a-kais-saied\/215325\/\" \/>\n<meta property=\"og:site_name\" content=\"webdo\" \/>\n<meta property=\"article:publisher\" content=\"https:\/\/www.facebook.com\/webdotn\" \/>\n<meta property=\"article:published_time\" content=\"2024-07-17T13:31:00+00:00\" \/>\n<meta property=\"article:modified_time\" content=\"2025-05-20T22:35:37+00:00\" \/>\n<meta property=\"og:image\" content=\"https:\/\/www.webdo.tn\/fr\/wp-content\/uploads\/2024\/07\/964997bd7ee44f83e43aa829b693e783.webp\" \/>\n\t<meta property=\"og:image:width\" content=\"750\" \/>\n\t<meta property=\"og:image:height\" content=\"400\" \/>\n\t<meta property=\"og:image:type\" content=\"image\/webp\" \/>\n<meta name=\"author\" content=\"CL\" \/>\n<meta name=\"twitter:card\" content=\"summary_large_image\" \/>\n<meta name=\"twitter:creator\" content=\"@webdo_tn\" \/>\n<meta name=\"twitter:site\" content=\"@webdo_tn\" \/>\n<meta name=\"twitter:label1\" content=\"\u00c9crit par\" \/>\n\t<meta name=\"twitter:data1\" content=\"CL\" \/>\n\t<meta name=\"twitter:label2\" content=\"Dur\u00e9e de lecture estim\u00e9e\" \/>\n\t<meta name=\"twitter:data2\" content=\"1 minute\" \/>\n<script type=\"application\/ld+json\" class=\"yoast-schema-graph\">{\"@context\":\"https:\\\/\\\/schema.org\",\"@graph\":[{\"@type\":\"NewsArticle\",\"@id\":\"https:\\\/\\\/www.webdo.tn\\\/fr\\\/actualite\\\/national\\\/les-doctorants-au-chomage-lancent-un-appel-a-kais-saied\\\/215325\\\/#article\",\"isPartOf\":{\"@id\":\"https:\\\/\\\/www.webdo.tn\\\/fr\\\/actualite\\\/national\\\/les-doctorants-au-chomage-lancent-un-appel-a-kais-saied\\\/215325\\\/\"},\"author\":{\"name\":\"CL\",\"@id\":\"https:\\\/\\\/www.webdo.tn\\\/fr\\\/#\\\/schema\\\/person\\\/f35b42a42c5e2511bbd282959d6385cc\"},\"headline\":\"Les doctorants au ch\u00f4mage lancent un appel \u00e0 Kais Saied\",\"datePublished\":\"2024-07-17T13:31:00+00:00\",\"dateModified\":\"2025-05-20T22:35:37+00:00\",\"mainEntityOfPage\":{\"@id\":\"https:\\\/\\\/www.webdo.tn\\\/fr\\\/actualite\\\/national\\\/les-doctorants-au-chomage-lancent-un-appel-a-kais-saied\\\/215325\\\/\"},\"wordCount\":146,\"commentCount\":0,\"publisher\":{\"@id\":\"https:\\\/\\\/www.webdo.tn\\\/fr\\\/#organization\"},\"image\":{\"@id\":\"https:\\\/\\\/www.webdo.tn\\\/fr\\\/actualite\\\/national\\\/les-doctorants-au-chomage-lancent-un-appel-a-kais-saied\\\/215325\\\/#primaryimage\"},\"thumbnailUrl\":\"https:\\\/\\\/www.webdo.tn\\\/fr\\\/wp-content\\\/uploads\\\/2024\\\/07\\\/964997bd7ee44f83e43aa829b693e783.webp\",\"keywords\":[\"Ch\u00f4mage\",\"doctorants\",\"Tunisie\"],\"articleSection\":[\"National\"],\"inLanguage\":\"fr-FR\"},{\"@type\":\"WebPage\",\"@id\":\"https:\\\/\\\/www.webdo.tn\\\/fr\\\/actualite\\\/national\\\/les-doctorants-au-chomage-lancent-un-appel-a-kais-saied\\\/215325\\\/\",\"url\":\"https:\\\/\\\/www.webdo.tn\\\/fr\\\/actualite\\\/national\\\/les-doctorants-au-chomage-lancent-un-appel-a-kais-saied\\\/215325\\\/\",\"name\":\"Les doctorants au ch\u00f4mage lancent un appel \u00e0 Kais Saied\",\"isPartOf\":{\"@id\":\"https:\\\/\\\/www.webdo.tn\\\/fr\\\/#website\"},\"primaryImageOfPage\":{\"@id\":\"https:\\\/\\\/www.webdo.tn\\\/fr\\\/actualite\\\/national\\\/les-doctorants-au-chomage-lancent-un-appel-a-kais-saied\\\/215325\\\/#primaryimage\"},\"image\":{\"@id\":\"https:\\\/\\\/www.webdo.tn\\\/fr\\\/actualite\\\/national\\\/les-doctorants-au-chomage-lancent-un-appel-a-kais-saied\\\/215325\\\/#primaryimage\"},\"thumbnailUrl\":\"https:\\\/\\\/www.webdo.tn\\\/fr\\\/wp-content\\\/uploads\\\/2024\\\/07\\\/964997bd7ee44f83e43aa829b693e783.webp\",\"datePublished\":\"2024-07-17T13:31:00+00:00\",\"dateModified\":\"2025-05-20T22:35:37+00:00\",\"description\":\"Les doctorants ont manifest\u00e9 en brandissant plusieurs slogans et ont appel\u00e9 le pr\u00e9sident de la R\u00e9publique, Kais Saied, \u00e0 intervenir pour mettre fin \u00e0 leur situa...\",\"breadcrumb\":{\"@id\":\"https:\\\/\\\/www.webdo.tn\\\/fr\\\/actualite\\\/national\\\/les-doctorants-au-chomage-lancent-un-appel-a-kais-saied\\\/215325\\\/#breadcrumb\"},\"inLanguage\":\"fr-FR\",\"potentialAction\":[{\"@type\":\"ReadAction\",\"target\":[\"https:\\\/\\\/www.webdo.tn\\\/fr\\\/actualite\\\/national\\\/les-doctorants-au-chomage-lancent-un-appel-a-kais-saied\\\/215325\\\/\"]}]},{\"@type\":\"ImageObject\",\"inLanguage\":\"fr-FR\",\"@id\":\"https:\\\/\\\/www.webdo.tn\\\/fr\\\/actualite\\\/national\\\/les-doctorants-au-chomage-lancent-un-appel-a-kais-saied\\\/215325\\\/#primaryimage\",\"url\":\"https:\\\/\\\/www.webdo.tn\\\/fr\\\/wp-content\\\/uploads\\\/2024\\\/07\\\/964997bd7ee44f83e43aa829b693e783.webp\",\"contentUrl\":\"https:\\\/\\\/www.webdo.tn\\\/fr\\\/wp-content\\\/uploads\\\/2024\\\/07\\\/964997bd7ee44f83e43aa829b693e783.webp\",\"width\":750,\"height\":400,\"caption\":\"Les doctorants au ch\u00f4mage lancent un appel \u00e0 Kais Saied\"},{\"@type\":\"BreadcrumbList\",\"@id\":\"https:\\\/\\\/www.webdo.tn\\\/fr\\\/actualite\\\/national\\\/les-doctorants-au-chomage-lancent-un-appel-a-kais-saied\\\/215325\\\/#breadcrumb\",\"itemListElement\":[{\"@type\":\"ListItem\",\"position\":1,\"name\":\"Accueil\",\"item\":\"https:\\\/\\\/www.webdo.tn\\\/fr\\\/\"},{\"@type\":\"ListItem\",\"position\":2,\"name\":\"Les doctorants au ch\u00f4mage lancent un appel \u00e0 Kais Saied\"}]},{\"@type\":\"WebSite\",\"@id\":\"https:\\\/\\\/www.webdo.tn\\\/fr\\\/#website\",\"url\":\"https:\\\/\\\/www.webdo.tn\\\/fr\\\/\",\"name\":\"webdo\",\"description\":\"Tunisie - News en Tunisie et \u00e0 l&#039;international sur Webdo.tn\",\"publisher\":{\"@id\":\"https:\\\/\\\/www.webdo.tn\\\/fr\\\/#organization\"},\"potentialAction\":[{\"@type\":\"SearchAction\",\"target\":{\"@type\":\"EntryPoint\",\"urlTemplate\":\"https:\\\/\\\/www.webdo.tn\\\/fr\\\/?s={search_term_string}\"},\"query-input\":{\"@type\":\"PropertyValueSpecification\",\"valueRequired\":true,\"valueName\":\"search_term_string\"}}],\"inLanguage\":\"fr-FR\"},{\"@type\":\"Organization\",\"@id\":\"https:\\\/\\\/www.webdo.tn\\\/fr\\\/#organization\",\"name\":\"Webdo\",\"alternateName\":\"Webdo.tn\",\"url\":\"https:\\\/\\\/www.webdo.tn\\\/fr\\\/\",\"logo\":{\"@type\":\"ImageObject\",\"inLanguage\":\"fr-FR\",\"@id\":\"https:\\\/\\\/www.webdo.tn\\\/fr\\\/#\\\/schema\\\/logo\\\/image\\\/\",\"url\":\"https:\\\/\\\/www.webdo.tn\\\/fr\\\/wp-content\\\/uploads\\\/2025\\\/06\\\/Webdo-Tunisie_168377.jpg\",\"contentUrl\":\"https:\\\/\\\/www.webdo.tn\\\/fr\\\/wp-content\\\/uploads\\\/2025\\\/06\\\/Webdo-Tunisie_168377.jpg\",\"width\":301,\"height\":301,\"caption\":\"Webdo\"},\"image\":{\"@id\":\"https:\\\/\\\/www.webdo.tn\\\/fr\\\/#\\\/schema\\\/logo\\\/image\\\/\"},\"sameAs\":[\"https:\\\/\\\/www.facebook.com\\\/webdotn\",\"https:\\\/\\\/x.com\\\/webdo_tn\"],\"description\":\"Webdo est un m\u00e9dia num\u00e9rique tunisien fond\u00e9 en 2010, sp\u00e9cialis\u00e9 dans l\u2019actualit\u00e9 nationale et internationale, l\u2019\u00e9conomie, la soci\u00e9t\u00e9 et les analyses politiques. Le site s\u2019adresse \u00e0 un large public francophone et couvre l\u2019information tunisienne en temps r\u00e9el.\",\"email\":\"redac@webdo.tn\",\"legalName\":\"YNJ SARL\",\"foundingDate\":\"2010-09-06\",\"numberOfEmployees\":{\"@type\":\"QuantitativeValue\",\"minValue\":\"11\",\"maxValue\":\"50\"}},{\"@type\":\"Person\",\"@id\":\"https:\\\/\\\/www.webdo.tn\\\/fr\\\/#\\\/schema\\\/person\\\/f35b42a42c5e2511bbd282959d6385cc\",\"name\":\"CL\",\"image\":{\"@type\":\"ImageObject\",\"inLanguage\":\"fr-FR\",\"@id\":\"https:\\\/\\\/secure.gravatar.com\\\/avatar\\\/1447a49909b67aa657c488aec6512e1dd6143a480c1ecfee9b5b5cd74eb3b59e?s=96&d=mm&r=g\",\"url\":\"https:\\\/\\\/secure.gravatar.com\\\/avatar\\\/1447a49909b67aa657c488aec6512e1dd6143a480c1ecfee9b5b5cd74eb3b59e?s=96&d=mm&r=g\",\"contentUrl\":\"https:\\\/\\\/secure.gravatar.com\\\/avatar\\\/1447a49909b67aa657c488aec6512e1dd6143a480c1ecfee9b5b5cd74eb3b59e?s=96&d=mm&r=g\",\"caption\":\"CL\"},\"url\":\"https:\\\/\\\/www.webdo.tn\\\/fr\\\/actualite\\\/author\\\/cl\\\/\"}]}<\/script>\n<!-- \/ Yoast SEO Premium plugin. -->","yoast_head_json":{"title":"Les doctorants au ch\u00f4mage lancent un appel \u00e0 Kais Saied","description":"Les doctorants ont manifest\u00e9 en brandissant plusieurs slogans et ont appel\u00e9 le pr\u00e9sident de la R\u00e9publique, Kais Saied, \u00e0 intervenir pour mettre fin \u00e0 leur situa...","canonical":"https:\/\/www.webdo.tn\/fr\/actualite\/national\/les-doctorants-au-chomage-lancent-un-appel-a-kais-saied\/215325\/","og_locale":"fr_FR","og_type":"article","og_title":"Les doctorants au ch\u00f4mage lancent un appel \u00e0 Kais Saied","og_description":"Les doctorants ont manifest\u00e9 en brandissant plusieurs slogans et ont appel\u00e9 le pr\u00e9sident de la R\u00e9publique, Kais Saied, \u00e0 intervenir pour mettre fin \u00e0 leur situa...","og_url":"https:\/\/www.webdo.tn\/fr\/actualite\/national\/les-doctorants-au-chomage-lancent-un-appel-a-kais-saied\/215325\/","og_site_name":"webdo","article_publisher":"https:\/\/www.facebook.com\/webdotn","article_published_time":"2024-07-17T13:31:00+00:00","article_modified_time":"2025-05-20T22:35:37+00:00","og_image":[{"width":750,"height":400,"url":"https:\/\/www.webdo.tn\/fr\/wp-content\/uploads\/2024\/07\/964997bd7ee44f83e43aa829b693e783.webp","type":"image\/webp"}],"author":"CL","twitter_card":"summary_large_image","twitter_creator":"@webdo_tn","twitter_site":"@webdo_tn","twitter_misc":{"\u00c9crit par":"CL","Dur\u00e9e de lecture estim\u00e9e":"1 minute"},"schema":{"@context":"https:\/\/schema.org","@graph":[{"@type":"NewsArticle","@id":"https:\/\/www.webdo.tn\/fr\/actualite\/national\/les-doctorants-au-chomage-lancent-un-appel-a-kais-saied\/215325\/#article","isPartOf":{"@id":"https:\/\/www.webdo.tn\/fr\/actualite\/national\/les-doctorants-au-chomage-lancent-un-appel-a-kais-saied\/215325\/"},"author":{"name":"CL","@id":"https:\/\/www.webdo.tn\/fr\/#\/schema\/person\/f35b42a42c5e2511bbd282959d6385cc"},"headline":"Les doctorants au ch\u00f4mage lancent un appel \u00e0 Kais Saied","datePublished":"2024-07-17T13:31:00+00:00","dateModified":"2025-05-20T22:35:37+00:00","mainEntityOfPage":{"@id":"https:\/\/www.webdo.tn\/fr\/actualite\/national\/les-doctorants-au-chomage-lancent-un-appel-a-kais-saied\/215325\/"},"wordCount":146,"commentCount":0,"publisher":{"@id":"https:\/\/www.webdo.tn\/fr\/#organization"},"image":{"@id":"https:\/\/www.webdo.tn\/fr\/actualite\/national\/les-doctorants-au-chomage-lancent-un-appel-a-kais-saied\/215325\/#primaryimage"},"thumbnailUrl":"https:\/\/www.webdo.tn\/fr\/wp-content\/uploads\/2024\/07\/964997bd7ee44f83e43aa829b693e783.webp","keywords":["Ch\u00f4mage","doctorants","Tunisie"],"articleSection":["National"],"inLanguage":"fr-FR"},{"@type":"WebPage","@id":"https:\/\/www.webdo.tn\/fr\/actualite\/national\/les-doctorants-au-chomage-lancent-un-appel-a-kais-saied\/215325\/","url":"https:\/\/www.webdo.tn\/fr\/actualite\/national\/les-doctorants-au-chomage-lancent-un-appel-a-kais-saied\/215325\/","name":"Les doctorants au ch\u00f4mage lancent un appel \u00e0 Kais Saied","isPartOf":{"@id":"https:\/\/www.webdo.tn\/fr\/#website"},"primaryImageOfPage":{"@id":"https:\/\/www.webdo.tn\/fr\/actualite\/national\/les-doctorants-au-chomage-lancent-un-appel-a-kais-saied\/215325\/#primaryimage"},"image":{"@id":"https:\/\/www.webdo.tn\/fr\/actualite\/national\/les-doctorants-au-chomage-lancent-un-appel-a-kais-saied\/215325\/#primaryimage"},"thumbnailUrl":"https:\/\/www.webdo.tn\/fr\/wp-content\/uploads\/2024\/07\/964997bd7ee44f83e43aa829b693e783.webp","datePublished":"2024-07-17T13:31:00+00:00","dateModified":"2025-05-20T22:35:37+00:00","description":"Les doctorants ont manifest\u00e9 en brandissant plusieurs slogans et ont appel\u00e9 le pr\u00e9sident de la R\u00e9publique, Kais Saied, \u00e0 intervenir pour mettre fin \u00e0 leur situa...","breadcrumb":{"@id":"https:\/\/www.webdo.tn\/fr\/actualite\/national\/les-doctorants-au-chomage-lancent-un-appel-a-kais-saied\/215325\/#breadcrumb"},"inLanguage":"fr-FR","potentialAction":[{"@type":"ReadAction","target":["https:\/\/www.webdo.tn\/fr\/actualite\/national\/les-doctorants-au-chomage-lancent-un-appel-a-kais-saied\/215325\/"]}]},{"@type":"ImageObject","inLanguage":"fr-FR","@id":"https:\/\/www.webdo.tn\/fr\/actualite\/national\/les-doctorants-au-chomage-lancent-un-appel-a-kais-saied\/215325\/#primaryimage","url":"https:\/\/www.webdo.tn\/fr\/wp-content\/uploads\/2024\/07\/964997bd7ee44f83e43aa829b693e783.webp","contentUrl":"https:\/\/www.webdo.tn\/fr\/wp-content\/uploads\/2024\/07\/964997bd7ee44f83e43aa829b693e783.webp","width":750,"height":400,"caption":"Les doctorants au ch\u00f4mage lancent un appel \u00e0 Kais Saied"},{"@type":"BreadcrumbList","@id":"https:\/\/www.webdo.tn\/fr\/actualite\/national\/les-doctorants-au-chomage-lancent-un-appel-a-kais-saied\/215325\/#breadcrumb","itemListElement":[{"@type":"ListItem","position":1,"name":"Accueil","item":"https:\/\/www.webdo.tn\/fr\/"},{"@type":"ListItem","position":2,"name":"Les doctorants au ch\u00f4mage lancent un appel \u00e0 Kais Saied"}]},{"@type":"WebSite","@id":"https:\/\/www.webdo.tn\/fr\/#website","url":"https:\/\/www.webdo.tn\/fr\/","name":"webdo","description":"Tunisie - News en Tunisie et \u00e0 l&#039;international sur Webdo.tn","publisher":{"@id":"https:\/\/www.webdo.tn\/fr\/#organization"},"potentialAction":[{"@type":"SearchAction","target":{"@type":"EntryPoint","urlTemplate":"https:\/\/www.webdo.tn\/fr\/?s={search_term_string}"},"query-input":{"@type":"PropertyValueSpecification","valueRequired":true,"valueName":"search_term_string"}}],"inLanguage":"fr-FR"},{"@type":"Organization","@id":"https:\/\/www.webdo.tn\/fr\/#organization","name":"Webdo","alternateName":"Webdo.tn","url":"https:\/\/www.webdo.tn\/fr\/","logo":{"@type":"ImageObject","inLanguage":"fr-FR","@id":"https:\/\/www.webdo.tn\/fr\/#\/schema\/logo\/image\/","url":"https:\/\/www.webdo.tn\/fr\/wp-content\/uploads\/2025\/06\/Webdo-Tunisie_168377.jpg","contentUrl":"https:\/\/www.webdo.tn\/fr\/wp-content\/uploads\/2025\/06\/Webdo-Tunisie_168377.jpg","width":301,"height":301,"caption":"Webdo"},"image":{"@id":"https:\/\/www.webdo.tn\/fr\/#\/schema\/logo\/image\/"},"sameAs":["https:\/\/www.facebook.com\/webdotn","https:\/\/x.com\/webdo_tn"],"description":"Webdo est un m\u00e9dia num\u00e9rique tunisien fond\u00e9 en 2010, sp\u00e9cialis\u00e9 dans l\u2019actualit\u00e9 nationale et internationale, l\u2019\u00e9conomie, la soci\u00e9t\u00e9 et les analyses politiques. Le site s\u2019adresse \u00e0 un large public francophone et couvre l\u2019information tunisienne en temps r\u00e9el.","email":"redac@webdo.tn","legalName":"YNJ SARL","foundingDate":"2010-09-06","numberOfEmployees":{"@type":"QuantitativeValue","minValue":"11","maxValue":"50"}},{"@type":"Person","@id":"https:\/\/www.webdo.tn\/fr\/#\/schema\/person\/f35b42a42c5e2511bbd282959d6385cc","name":"CL","image":{"@type":"ImageObject","inLanguage":"fr-FR","@id":"https:\/\/secure.gravatar.com\/avatar\/1447a49909b67aa657c488aec6512e1dd6143a480c1ecfee9b5b5cd74eb3b59e?s=96&d=mm&r=g","url":"https:\/\/secure.gravatar.com\/avatar\/1447a49909b67aa657c488aec6512e1dd6143a480c1ecfee9b5b5cd74eb3b59e?s=96&d=mm&r=g","contentUrl":"https:\/\/secure.gravatar.com\/avatar\/1447a49909b67aa657c488aec6512e1dd6143a480c1ecfee9b5b5cd74eb3b59e?s=96&d=mm&r=g","caption":"CL"},"url":"https:\/\/www.webdo.tn\/fr\/actualite\/author\/cl\/"}]}},"_links":{"self":[{"href":"https:\/\/www.webdo.tn\/fr\/wp-json\/wp\/v2\/posts\/215325","targetHints":{"allow":["GET"]}}],"collection":[{"href":"https:\/\/www.webdo.tn\/fr\/wp-json\/wp\/v2\/posts"}],"about":[{"href":"https:\/\/www.webdo.tn\/fr\/wp-json\/wp\/v2\/types\/post"}],"author":[{"embeddable":true,"href":"https:\/\/www.webdo.tn\/fr\/wp-json\/wp\/v2\/users\/3175"}],"replies":[{"embeddable":true,"href":"https:\/\/www.webdo.tn\/fr\/wp-json\/wp\/v2\/comments?post=215325"}],"version-history":[{"count":0,"href":"https:\/\/www.webdo.tn\/fr\/wp-json\/wp\/v2\/posts\/215325\/revisions"}],"wp:featuredmedia":[{"embeddable":true,"href":"https:\/\/www.webdo.tn\/fr\/wp-json\/wp\/v2\/media\/246976"}],"wp:attachment":[{"href":"https:\/\/www.webdo.tn\/fr\/wp-json\/wp\/v2\/media?parent=215325"}],"wp:term":[{"taxonomy":"category","embeddable":true,"href":"https:\/\/www.webdo.tn\/fr\/wp-json\/wp\/v2\/categories?post=215325"},{"taxonomy":"post_tag","embeddable":true,"href":"https:\/\/www.webdo.tn\/fr\/wp-json\/wp\/v2\/tags?post=215325"}],"curies":[{"name":"wp","href":"https:\/\/api.w.org\/{rel}","templated":true}]}}