{"id":215297,"date":"2024-07-16T10:43:00","date_gmt":"2024-07-16T10:43:00","guid":{"rendered":"https:\/\/www.webdo.tn\/fr\/blog\/tunisie-ghazi-chaouachi-annonce-sa-candidature-a-la-presidentielle\/215297\/"},"modified":"2025-05-20T22:35:40","modified_gmt":"2025-05-20T22:35:40","slug":"tunisie-ghazi-chaouachi-annonce-sa-candidature-a-la-presidentielle","status":"publish","type":"post","link":"https:\/\/www.webdo.tn\/fr\/actualite\/national\/tunisie-ghazi-chaouachi-annonce-sa-candidature-a-la-presidentielle\/215297\/","title":{"rendered":"Tunisie : Ghazi Chaouachi annonce sa candidature \u00e0 la pr\u00e9sidentielle"},"content":{"rendered":"<p>Ghazi Chaouachi, ancien secr\u00e9taire g\u00e9n\u00e9ral d\u2019Attayar et ancien ministre, a annonc\u00e9 sa candidature \u00e0 l\u2019\u00e9lection pr\u00e9sidentielle du 6 octobre prochain.<\/p>\n<p>\t\t\t\t\t\t\t\t\tGhazi Chaouachi, ancien secr\u00e9taire g\u00e9n\u00e9ral d\u2019Attayar et ancien ministre des Domaines de l&rsquo;\u00c9tat et des Affaires fonci\u00e8res, puis de l&rsquo;\u00c9quipement, de l&rsquo;Habitat et de l&rsquo;Am\u00e9nagement territorial, a annonc\u00e9 sa candidature \u00e0 l\u2019\u00e9lection pr\u00e9sidentielle du 6 octobre prochain.<\/p>\n<p>Accus\u00e9 de complot contre la s\u00fbret\u00e9 de l\u2019\u00c9tat et actuellement en d\u00e9tention, Ghazi Chaouachi, a publi\u00e9, lundi 15 juillet 2024, une lettre pour annoncer officiellement sa candidature \u00e0 la prochaine \u00e9lection pr\u00e9sidentielle.<\/p>\n<p>Ghazi Chaouachi, avocat et ancien dirigeant du Courant d\u00e9mocrate, est en \u00e9tat d\u2019arrestation depuis le 23 f\u00e9vrier 2023. Dans l\u2019affaire du complot contre la s\u00fbret\u00e9 de l\u2019\u00c9tat il a \u00e9t\u00e9 inculp\u00e9 de participation \u00e0 une entente terroriste, de non-d\u00e9nonciation d&rsquo;un crime terroriste, de complot contre la s\u00fbret\u00e9 int\u00e9rieure et ext\u00e9rieure de l&rsquo;Etat et d&rsquo;offense au pr\u00e9sident de la R\u00e9publique.<\/p>\n","protected":false},"excerpt":{"rendered":"<p>Ghazi Chaouachi, ancien secr\u00e9taire g\u00e9n\u00e9ral d\u2019Attayar et ancien ministre des Domaines de l&rsquo;\u00c9tat et des Affaires fonci\u00e8res, puis de l&rsquo;\u00c9quipement, de l&rsquo;Habitat et&#8230;<\/p>\n","protected":false},"author":3175,"featured_media":246984,"comment_status":"open","ping_status":"closed","sticky":false,"template":"","format":"standard","meta":{"footnotes":""},"categories":[44],"tags":[4346,6133,5503,2608],"class_list":["post-215297","post","type-post","status-publish","format-standard","has-post-thumbnail","hentry","category-national","tag-election","tag-ghazi-chaouachi","tag-presidentielle","tag-tunisie"],"yoast_head":"<!-- This site is optimized with the Yoast SEO Premium plugin v27.4 (Yoast SEO v27.5) - https:\/\/yoast.com\/product\/yoast-seo-premium-wordpress\/ -->\n<title>Tunisie : Ghazi Chaouachi annonce sa candidature \u00e0 la pr\u00e9sidentielle<\/title>\n<meta name=\"description\" content=\"Ghazi Chaouachi, ancien secr\u00e9taire g\u00e9n\u00e9ral d\u2019Attayar et ancien ministre des Domaines de l&#039;\u00c9tat et des Affaires fonci\u00e8res, puis de l&#039;\u00c9quipement, de l&#039;Habitat et...\" \/>\n<link rel=\"canonical\" href=\"https:\/\/www.webdo.tn\/fr\/actualite\/national\/tunisie-ghazi-chaouachi-annonce-sa-candidature-a-la-presidentielle\/215297\/\" \/>\n<meta property=\"og:locale\" content=\"fr_FR\" \/>\n<meta property=\"og:type\" content=\"article\" \/>\n<meta property=\"og:title\" content=\"Tunisie : Ghazi Chaouachi annonce sa candidature \u00e0 la pr\u00e9sidentielle\" \/>\n<meta property=\"og:description\" content=\"Ghazi Chaouachi, ancien secr\u00e9taire g\u00e9n\u00e9ral d\u2019Attayar et ancien ministre des Domaines de l&#039;\u00c9tat et des Affaires fonci\u00e8res, puis de l&#039;\u00c9quipement, de l&#039;Habitat et...\" \/>\n<meta property=\"og:url\" content=\"https:\/\/www.webdo.tn\/fr\/actualite\/national\/tunisie-ghazi-chaouachi-annonce-sa-candidature-a-la-presidentielle\/215297\/\" \/>\n<meta property=\"og:site_name\" content=\"webdo\" \/>\n<meta property=\"article:publisher\" content=\"https:\/\/www.facebook.com\/webdotn\" \/>\n<meta property=\"article:published_time\" content=\"2024-07-16T10:43:00+00:00\" \/>\n<meta property=\"article:modified_time\" content=\"2025-05-20T22:35:40+00:00\" \/>\n<meta property=\"og:image\" content=\"https:\/\/www.webdo.tn\/fr\/wp-content\/uploads\/2024\/07\/e1d66ff527b0ccd20f5973bec4b8f35a.webp\" \/>\n\t<meta property=\"og:image:width\" content=\"750\" \/>\n\t<meta property=\"og:image:height\" content=\"400\" \/>\n\t<meta property=\"og:image:type\" content=\"image\/webp\" \/>\n<meta name=\"author\" content=\"CL\" \/>\n<meta name=\"twitter:card\" content=\"summary_large_image\" \/>\n<meta name=\"twitter:creator\" content=\"@webdo_tn\" \/>\n<meta name=\"twitter:site\" content=\"@webdo_tn\" \/>\n<meta name=\"twitter:label1\" content=\"\u00c9crit par\" \/>\n\t<meta name=\"twitter:data1\" content=\"CL\" \/>\n\t<meta name=\"twitter:label2\" content=\"Dur\u00e9e de lecture estim\u00e9e\" \/>\n\t<meta name=\"twitter:data2\" content=\"1 minute\" \/>\n<script type=\"application\/ld+json\" class=\"yoast-schema-graph\">{\"@context\":\"https:\\\/\\\/schema.org\",\"@graph\":[{\"@type\":\"NewsArticle\",\"@id\":\"https:\\\/\\\/www.webdo.tn\\\/fr\\\/actualite\\\/national\\\/tunisie-ghazi-chaouachi-annonce-sa-candidature-a-la-presidentielle\\\/215297\\\/#article\",\"isPartOf\":{\"@id\":\"https:\\\/\\\/www.webdo.tn\\\/fr\\\/actualite\\\/national\\\/tunisie-ghazi-chaouachi-annonce-sa-candidature-a-la-presidentielle\\\/215297\\\/\"},\"author\":{\"name\":\"CL\",\"@id\":\"https:\\\/\\\/www.webdo.tn\\\/fr\\\/#\\\/schema\\\/person\\\/f35b42a42c5e2511bbd282959d6385cc\"},\"headline\":\"Tunisie : Ghazi Chaouachi annonce sa candidature \u00e0 la pr\u00e9sidentielle\",\"datePublished\":\"2024-07-16T10:43:00+00:00\",\"dateModified\":\"2025-05-20T22:35:40+00:00\",\"mainEntityOfPage\":{\"@id\":\"https:\\\/\\\/www.webdo.tn\\\/fr\\\/actualite\\\/national\\\/tunisie-ghazi-chaouachi-annonce-sa-candidature-a-la-presidentielle\\\/215297\\\/\"},\"wordCount\":184,\"commentCount\":0,\"publisher\":{\"@id\":\"https:\\\/\\\/www.webdo.tn\\\/fr\\\/#organization\"},\"image\":{\"@id\":\"https:\\\/\\\/www.webdo.tn\\\/fr\\\/actualite\\\/national\\\/tunisie-ghazi-chaouachi-annonce-sa-candidature-a-la-presidentielle\\\/215297\\\/#primaryimage\"},\"thumbnailUrl\":\"https:\\\/\\\/www.webdo.tn\\\/fr\\\/wp-content\\\/uploads\\\/2024\\\/07\\\/e1d66ff527b0ccd20f5973bec4b8f35a.webp\",\"keywords\":[\"Election\",\"Ghazi Chaouachi\",\"pr\u00e9sidentielle\",\"Tunisie\"],\"articleSection\":[\"National\"],\"inLanguage\":\"fr-FR\"},{\"@type\":\"WebPage\",\"@id\":\"https:\\\/\\\/www.webdo.tn\\\/fr\\\/actualite\\\/national\\\/tunisie-ghazi-chaouachi-annonce-sa-candidature-a-la-presidentielle\\\/215297\\\/\",\"url\":\"https:\\\/\\\/www.webdo.tn\\\/fr\\\/actualite\\\/national\\\/tunisie-ghazi-chaouachi-annonce-sa-candidature-a-la-presidentielle\\\/215297\\\/\",\"name\":\"Tunisie : Ghazi Chaouachi annonce sa candidature \u00e0 la pr\u00e9sidentielle\",\"isPartOf\":{\"@id\":\"https:\\\/\\\/www.webdo.tn\\\/fr\\\/#website\"},\"primaryImageOfPage\":{\"@id\":\"https:\\\/\\\/www.webdo.tn\\\/fr\\\/actualite\\\/national\\\/tunisie-ghazi-chaouachi-annonce-sa-candidature-a-la-presidentielle\\\/215297\\\/#primaryimage\"},\"image\":{\"@id\":\"https:\\\/\\\/www.webdo.tn\\\/fr\\\/actualite\\\/national\\\/tunisie-ghazi-chaouachi-annonce-sa-candidature-a-la-presidentielle\\\/215297\\\/#primaryimage\"},\"thumbnailUrl\":\"https:\\\/\\\/www.webdo.tn\\\/fr\\\/wp-content\\\/uploads\\\/2024\\\/07\\\/e1d66ff527b0ccd20f5973bec4b8f35a.webp\",\"datePublished\":\"2024-07-16T10:43:00+00:00\",\"dateModified\":\"2025-05-20T22:35:40+00:00\",\"description\":\"Ghazi Chaouachi, ancien secr\u00e9taire g\u00e9n\u00e9ral d\u2019Attayar et ancien ministre des Domaines de l'\u00c9tat et des Affaires fonci\u00e8res, puis de l'\u00c9quipement, de l'Habitat et...\",\"breadcrumb\":{\"@id\":\"https:\\\/\\\/www.webdo.tn\\\/fr\\\/actualite\\\/national\\\/tunisie-ghazi-chaouachi-annonce-sa-candidature-a-la-presidentielle\\\/215297\\\/#breadcrumb\"},\"inLanguage\":\"fr-FR\",\"potentialAction\":[{\"@type\":\"ReadAction\",\"target\":[\"https:\\\/\\\/www.webdo.tn\\\/fr\\\/actualite\\\/national\\\/tunisie-ghazi-chaouachi-annonce-sa-candidature-a-la-presidentielle\\\/215297\\\/\"]}]},{\"@type\":\"ImageObject\",\"inLanguage\":\"fr-FR\",\"@id\":\"https:\\\/\\\/www.webdo.tn\\\/fr\\\/actualite\\\/national\\\/tunisie-ghazi-chaouachi-annonce-sa-candidature-a-la-presidentielle\\\/215297\\\/#primaryimage\",\"url\":\"https:\\\/\\\/www.webdo.tn\\\/fr\\\/wp-content\\\/uploads\\\/2024\\\/07\\\/e1d66ff527b0ccd20f5973bec4b8f35a.webp\",\"contentUrl\":\"https:\\\/\\\/www.webdo.tn\\\/fr\\\/wp-content\\\/uploads\\\/2024\\\/07\\\/e1d66ff527b0ccd20f5973bec4b8f35a.webp\",\"width\":750,\"height\":400,\"caption\":\"Tunisie : Ghazi Chaouachi annonce sa candidature \u00e0 la pr\u00e9sidentielle\"},{\"@type\":\"BreadcrumbList\",\"@id\":\"https:\\\/\\\/www.webdo.tn\\\/fr\\\/actualite\\\/national\\\/tunisie-ghazi-chaouachi-annonce-sa-candidature-a-la-presidentielle\\\/215297\\\/#breadcrumb\",\"itemListElement\":[{\"@type\":\"ListItem\",\"position\":1,\"name\":\"Accueil\",\"item\":\"https:\\\/\\\/www.webdo.tn\\\/fr\\\/\"},{\"@type\":\"ListItem\",\"position\":2,\"name\":\"Tunisie : Ghazi Chaouachi annonce sa candidature \u00e0 la pr\u00e9sidentielle\"}]},{\"@type\":\"WebSite\",\"@id\":\"https:\\\/\\\/www.webdo.tn\\\/fr\\\/#website\",\"url\":\"https:\\\/\\\/www.webdo.tn\\\/fr\\\/\",\"name\":\"webdo\",\"description\":\"Tunisie - News en Tunisie et \u00e0 l&#039;international sur Webdo.tn\",\"publisher\":{\"@id\":\"https:\\\/\\\/www.webdo.tn\\\/fr\\\/#organization\"},\"potentialAction\":[{\"@type\":\"SearchAction\",\"target\":{\"@type\":\"EntryPoint\",\"urlTemplate\":\"https:\\\/\\\/www.webdo.tn\\\/fr\\\/?s={search_term_string}\"},\"query-input\":{\"@type\":\"PropertyValueSpecification\",\"valueRequired\":true,\"valueName\":\"search_term_string\"}}],\"inLanguage\":\"fr-FR\"},{\"@type\":\"Organization\",\"@id\":\"https:\\\/\\\/www.webdo.tn\\\/fr\\\/#organization\",\"name\":\"Webdo\",\"alternateName\":\"Webdo.tn\",\"url\":\"https:\\\/\\\/www.webdo.tn\\\/fr\\\/\",\"logo\":{\"@type\":\"ImageObject\",\"inLanguage\":\"fr-FR\",\"@id\":\"https:\\\/\\\/www.webdo.tn\\\/fr\\\/#\\\/schema\\\/logo\\\/image\\\/\",\"url\":\"https:\\\/\\\/www.webdo.tn\\\/fr\\\/wp-content\\\/uploads\\\/2025\\\/06\\\/Webdo-Tunisie_168377.jpg\",\"contentUrl\":\"https:\\\/\\\/www.webdo.tn\\\/fr\\\/wp-content\\\/uploads\\\/2025\\\/06\\\/Webdo-Tunisie_168377.jpg\",\"width\":301,\"height\":301,\"caption\":\"Webdo\"},\"image\":{\"@id\":\"https:\\\/\\\/www.webdo.tn\\\/fr\\\/#\\\/schema\\\/logo\\\/image\\\/\"},\"sameAs\":[\"https:\\\/\\\/www.facebook.com\\\/webdotn\",\"https:\\\/\\\/x.com\\\/webdo_tn\"],\"description\":\"Webdo est un m\u00e9dia num\u00e9rique tunisien fond\u00e9 en 2010, sp\u00e9cialis\u00e9 dans l\u2019actualit\u00e9 nationale et internationale, l\u2019\u00e9conomie, la soci\u00e9t\u00e9 et les analyses politiques. Le site s\u2019adresse \u00e0 un large public francophone et couvre l\u2019information tunisienne en temps r\u00e9el.\",\"email\":\"redac@webdo.tn\",\"legalName\":\"YNJ SARL\",\"foundingDate\":\"2010-09-06\",\"numberOfEmployees\":{\"@type\":\"QuantitativeValue\",\"minValue\":\"11\",\"maxValue\":\"50\"}},{\"@type\":\"Person\",\"@id\":\"https:\\\/\\\/www.webdo.tn\\\/fr\\\/#\\\/schema\\\/person\\\/f35b42a42c5e2511bbd282959d6385cc\",\"name\":\"CL\",\"image\":{\"@type\":\"ImageObject\",\"inLanguage\":\"fr-FR\",\"@id\":\"https:\\\/\\\/secure.gravatar.com\\\/avatar\\\/1447a49909b67aa657c488aec6512e1dd6143a480c1ecfee9b5b5cd74eb3b59e?s=96&d=mm&r=g\",\"url\":\"https:\\\/\\\/secure.gravatar.com\\\/avatar\\\/1447a49909b67aa657c488aec6512e1dd6143a480c1ecfee9b5b5cd74eb3b59e?s=96&d=mm&r=g\",\"contentUrl\":\"https:\\\/\\\/secure.gravatar.com\\\/avatar\\\/1447a49909b67aa657c488aec6512e1dd6143a480c1ecfee9b5b5cd74eb3b59e?s=96&d=mm&r=g\",\"caption\":\"CL\"},\"url\":\"https:\\\/\\\/www.webdo.tn\\\/fr\\\/actualite\\\/author\\\/cl\\\/\"}]}<\/script>\n<!-- \/ Yoast SEO Premium plugin. -->","yoast_head_json":{"title":"Tunisie : Ghazi Chaouachi annonce sa candidature \u00e0 la pr\u00e9sidentielle","description":"Ghazi Chaouachi, ancien secr\u00e9taire g\u00e9n\u00e9ral d\u2019Attayar et ancien ministre des Domaines de l'\u00c9tat et des Affaires fonci\u00e8res, puis de l'\u00c9quipement, de l'Habitat et...","canonical":"https:\/\/www.webdo.tn\/fr\/actualite\/national\/tunisie-ghazi-chaouachi-annonce-sa-candidature-a-la-presidentielle\/215297\/","og_locale":"fr_FR","og_type":"article","og_title":"Tunisie : Ghazi Chaouachi annonce sa candidature \u00e0 la pr\u00e9sidentielle","og_description":"Ghazi Chaouachi, ancien secr\u00e9taire g\u00e9n\u00e9ral d\u2019Attayar et ancien ministre des Domaines de l'\u00c9tat et des Affaires fonci\u00e8res, puis de l'\u00c9quipement, de l'Habitat et...","og_url":"https:\/\/www.webdo.tn\/fr\/actualite\/national\/tunisie-ghazi-chaouachi-annonce-sa-candidature-a-la-presidentielle\/215297\/","og_site_name":"webdo","article_publisher":"https:\/\/www.facebook.com\/webdotn","article_published_time":"2024-07-16T10:43:00+00:00","article_modified_time":"2025-05-20T22:35:40+00:00","og_image":[{"width":750,"height":400,"url":"https:\/\/www.webdo.tn\/fr\/wp-content\/uploads\/2024\/07\/e1d66ff527b0ccd20f5973bec4b8f35a.webp","type":"image\/webp"}],"author":"CL","twitter_card":"summary_large_image","twitter_creator":"@webdo_tn","twitter_site":"@webdo_tn","twitter_misc":{"\u00c9crit par":"CL","Dur\u00e9e de lecture estim\u00e9e":"1 minute"},"schema":{"@context":"https:\/\/schema.org","@graph":[{"@type":"NewsArticle","@id":"https:\/\/www.webdo.tn\/fr\/actualite\/national\/tunisie-ghazi-chaouachi-annonce-sa-candidature-a-la-presidentielle\/215297\/#article","isPartOf":{"@id":"https:\/\/www.webdo.tn\/fr\/actualite\/national\/tunisie-ghazi-chaouachi-annonce-sa-candidature-a-la-presidentielle\/215297\/"},"author":{"name":"CL","@id":"https:\/\/www.webdo.tn\/fr\/#\/schema\/person\/f35b42a42c5e2511bbd282959d6385cc"},"headline":"Tunisie : Ghazi Chaouachi annonce sa candidature \u00e0 la pr\u00e9sidentielle","datePublished":"2024-07-16T10:43:00+00:00","dateModified":"2025-05-20T22:35:40+00:00","mainEntityOfPage":{"@id":"https:\/\/www.webdo.tn\/fr\/actualite\/national\/tunisie-ghazi-chaouachi-annonce-sa-candidature-a-la-presidentielle\/215297\/"},"wordCount":184,"commentCount":0,"publisher":{"@id":"https:\/\/www.webdo.tn\/fr\/#organization"},"image":{"@id":"https:\/\/www.webdo.tn\/fr\/actualite\/national\/tunisie-ghazi-chaouachi-annonce-sa-candidature-a-la-presidentielle\/215297\/#primaryimage"},"thumbnailUrl":"https:\/\/www.webdo.tn\/fr\/wp-content\/uploads\/2024\/07\/e1d66ff527b0ccd20f5973bec4b8f35a.webp","keywords":["Election","Ghazi Chaouachi","pr\u00e9sidentielle","Tunisie"],"articleSection":["National"],"inLanguage":"fr-FR"},{"@type":"WebPage","@id":"https:\/\/www.webdo.tn\/fr\/actualite\/national\/tunisie-ghazi-chaouachi-annonce-sa-candidature-a-la-presidentielle\/215297\/","url":"https:\/\/www.webdo.tn\/fr\/actualite\/national\/tunisie-ghazi-chaouachi-annonce-sa-candidature-a-la-presidentielle\/215297\/","name":"Tunisie : Ghazi Chaouachi annonce sa candidature \u00e0 la pr\u00e9sidentielle","isPartOf":{"@id":"https:\/\/www.webdo.tn\/fr\/#website"},"primaryImageOfPage":{"@id":"https:\/\/www.webdo.tn\/fr\/actualite\/national\/tunisie-ghazi-chaouachi-annonce-sa-candidature-a-la-presidentielle\/215297\/#primaryimage"},"image":{"@id":"https:\/\/www.webdo.tn\/fr\/actualite\/national\/tunisie-ghazi-chaouachi-annonce-sa-candidature-a-la-presidentielle\/215297\/#primaryimage"},"thumbnailUrl":"https:\/\/www.webdo.tn\/fr\/wp-content\/uploads\/2024\/07\/e1d66ff527b0ccd20f5973bec4b8f35a.webp","datePublished":"2024-07-16T10:43:00+00:00","dateModified":"2025-05-20T22:35:40+00:00","description":"Ghazi Chaouachi, ancien secr\u00e9taire g\u00e9n\u00e9ral d\u2019Attayar et ancien ministre des Domaines de l'\u00c9tat et des Affaires fonci\u00e8res, puis de l'\u00c9quipement, de l'Habitat et...","breadcrumb":{"@id":"https:\/\/www.webdo.tn\/fr\/actualite\/national\/tunisie-ghazi-chaouachi-annonce-sa-candidature-a-la-presidentielle\/215297\/#breadcrumb"},"inLanguage":"fr-FR","potentialAction":[{"@type":"ReadAction","target":["https:\/\/www.webdo.tn\/fr\/actualite\/national\/tunisie-ghazi-chaouachi-annonce-sa-candidature-a-la-presidentielle\/215297\/"]}]},{"@type":"ImageObject","inLanguage":"fr-FR","@id":"https:\/\/www.webdo.tn\/fr\/actualite\/national\/tunisie-ghazi-chaouachi-annonce-sa-candidature-a-la-presidentielle\/215297\/#primaryimage","url":"https:\/\/www.webdo.tn\/fr\/wp-content\/uploads\/2024\/07\/e1d66ff527b0ccd20f5973bec4b8f35a.webp","contentUrl":"https:\/\/www.webdo.tn\/fr\/wp-content\/uploads\/2024\/07\/e1d66ff527b0ccd20f5973bec4b8f35a.webp","width":750,"height":400,"caption":"Tunisie : Ghazi Chaouachi annonce sa candidature \u00e0 la pr\u00e9sidentielle"},{"@type":"BreadcrumbList","@id":"https:\/\/www.webdo.tn\/fr\/actualite\/national\/tunisie-ghazi-chaouachi-annonce-sa-candidature-a-la-presidentielle\/215297\/#breadcrumb","itemListElement":[{"@type":"ListItem","position":1,"name":"Accueil","item":"https:\/\/www.webdo.tn\/fr\/"},{"@type":"ListItem","position":2,"name":"Tunisie : Ghazi Chaouachi annonce sa candidature \u00e0 la pr\u00e9sidentielle"}]},{"@type":"WebSite","@id":"https:\/\/www.webdo.tn\/fr\/#website","url":"https:\/\/www.webdo.tn\/fr\/","name":"webdo","description":"Tunisie - News en Tunisie et \u00e0 l&#039;international sur Webdo.tn","publisher":{"@id":"https:\/\/www.webdo.tn\/fr\/#organization"},"potentialAction":[{"@type":"SearchAction","target":{"@type":"EntryPoint","urlTemplate":"https:\/\/www.webdo.tn\/fr\/?s={search_term_string}"},"query-input":{"@type":"PropertyValueSpecification","valueRequired":true,"valueName":"search_term_string"}}],"inLanguage":"fr-FR"},{"@type":"Organization","@id":"https:\/\/www.webdo.tn\/fr\/#organization","name":"Webdo","alternateName":"Webdo.tn","url":"https:\/\/www.webdo.tn\/fr\/","logo":{"@type":"ImageObject","inLanguage":"fr-FR","@id":"https:\/\/www.webdo.tn\/fr\/#\/schema\/logo\/image\/","url":"https:\/\/www.webdo.tn\/fr\/wp-content\/uploads\/2025\/06\/Webdo-Tunisie_168377.jpg","contentUrl":"https:\/\/www.webdo.tn\/fr\/wp-content\/uploads\/2025\/06\/Webdo-Tunisie_168377.jpg","width":301,"height":301,"caption":"Webdo"},"image":{"@id":"https:\/\/www.webdo.tn\/fr\/#\/schema\/logo\/image\/"},"sameAs":["https:\/\/www.facebook.com\/webdotn","https:\/\/x.com\/webdo_tn"],"description":"Webdo est un m\u00e9dia num\u00e9rique tunisien fond\u00e9 en 2010, sp\u00e9cialis\u00e9 dans l\u2019actualit\u00e9 nationale et internationale, l\u2019\u00e9conomie, la soci\u00e9t\u00e9 et les analyses politiques. Le site s\u2019adresse \u00e0 un large public francophone et couvre l\u2019information tunisienne en temps r\u00e9el.","email":"redac@webdo.tn","legalName":"YNJ SARL","foundingDate":"2010-09-06","numberOfEmployees":{"@type":"QuantitativeValue","minValue":"11","maxValue":"50"}},{"@type":"Person","@id":"https:\/\/www.webdo.tn\/fr\/#\/schema\/person\/f35b42a42c5e2511bbd282959d6385cc","name":"CL","image":{"@type":"ImageObject","inLanguage":"fr-FR","@id":"https:\/\/secure.gravatar.com\/avatar\/1447a49909b67aa657c488aec6512e1dd6143a480c1ecfee9b5b5cd74eb3b59e?s=96&d=mm&r=g","url":"https:\/\/secure.gravatar.com\/avatar\/1447a49909b67aa657c488aec6512e1dd6143a480c1ecfee9b5b5cd74eb3b59e?s=96&d=mm&r=g","contentUrl":"https:\/\/secure.gravatar.com\/avatar\/1447a49909b67aa657c488aec6512e1dd6143a480c1ecfee9b5b5cd74eb3b59e?s=96&d=mm&r=g","caption":"CL"},"url":"https:\/\/www.webdo.tn\/fr\/actualite\/author\/cl\/"}]}},"_links":{"self":[{"href":"https:\/\/www.webdo.tn\/fr\/wp-json\/wp\/v2\/posts\/215297","targetHints":{"allow":["GET"]}}],"collection":[{"href":"https:\/\/www.webdo.tn\/fr\/wp-json\/wp\/v2\/posts"}],"about":[{"href":"https:\/\/www.webdo.tn\/fr\/wp-json\/wp\/v2\/types\/post"}],"author":[{"embeddable":true,"href":"https:\/\/www.webdo.tn\/fr\/wp-json\/wp\/v2\/users\/3175"}],"replies":[{"embeddable":true,"href":"https:\/\/www.webdo.tn\/fr\/wp-json\/wp\/v2\/comments?post=215297"}],"version-history":[{"count":0,"href":"https:\/\/www.webdo.tn\/fr\/wp-json\/wp\/v2\/posts\/215297\/revisions"}],"wp:featuredmedia":[{"embeddable":true,"href":"https:\/\/www.webdo.tn\/fr\/wp-json\/wp\/v2\/media\/246984"}],"wp:attachment":[{"href":"https:\/\/www.webdo.tn\/fr\/wp-json\/wp\/v2\/media?parent=215297"}],"wp:term":[{"taxonomy":"category","embeddable":true,"href":"https:\/\/www.webdo.tn\/fr\/wp-json\/wp\/v2\/categories?post=215297"},{"taxonomy":"post_tag","embeddable":true,"href":"https:\/\/www.webdo.tn\/fr\/wp-json\/wp\/v2\/tags?post=215297"}],"curies":[{"name":"wp","href":"https:\/\/api.w.org\/{rel}","templated":true}]}}