{"id":215291,"date":"2024-07-15T22:57:00","date_gmt":"2024-07-15T22:57:00","guid":{"rendered":"https:\/\/www.webdo.tn\/fr\/blog\/kais-saied-recoit-nabil-ammar\/215291\/"},"modified":"2025-05-21T09:04:43","modified_gmt":"2025-05-21T09:04:43","slug":"kais-saied-recoit-nabil-ammar","status":"publish","type":"post","link":"https:\/\/www.webdo.tn\/fr\/actualite\/national\/kais-saied-recoit-nabil-ammar\/215291\/","title":{"rendered":"Tunisie : Ka\u00efs Sa\u00efed re\u00e7oit Nabil Ammar"},"content":{"rendered":"<p>Le Pr\u00e9sident de la R\u00e9publique, Ka\u00efs Sa\u00efed, a re\u00e7u ce lundi au Palais de Carthage, Nabil Ammar, Ministre des Affaires \u00c9trang\u00e8res, de l\u2019Immigration et des Tunisiens \u00e0 l&rsquo;\u00c9tranger.<\/p>\n<p>\t\t\t\t\t\t\t\t\tLors de cette rencontre, Nabil Ammar a remis au Chef de l&rsquo;\u00c9tat une lettre du Pr\u00e9sident br\u00e9silien, Luiz In\u00e1cio Lula da Silva, mettant en avant plusieurs initiatives importantes, dont une alliance mondiale contre la faim et la pauvret\u00e9.<\/p>\n<p>Le Pr\u00e9sident Sa\u00efed a exprim\u00e9 son appr\u00e9ciation pour ces initiatives, soulignant notamment l&rsquo;importance de l&rsquo;alliance mondiale contre la faim et la pauvret\u00e9, une d\u00e9marche essentielle dans la lutte contre les d\u00e9fis mondiaux contemporains.<\/p>\n<p>Par ailleurs, l&rsquo;ouverture imminente d&rsquo;un bureau commercial et consulaire tunisien \u00e0 S\u00e3o Paulo a \u00e9t\u00e9 au c\u0153ur des discussions. Le Pr\u00e9sident Sa\u00efed a affirm\u00e9 que cette nouvelle repr\u00e9sentation renforcera les relations bilat\u00e9rales entre la Tunisie et le Br\u00e9sil, ouvrant la voie \u00e0 des collaborations fructueuses dans les domaines \u00e9conomique, commercial et culturel.<\/p>\n<p>En outre, le Chef de l&rsquo;\u00c9tat a r\u00e9it\u00e9r\u00e9 l&rsquo;importance du r\u00f4le des chefs de missions diplomatiques et consulaires dans le soutien aux Tunisiens r\u00e9sidant \u00e0 l&rsquo;\u00e9tranger. Il a insist\u00e9 sur la n\u00e9cessit\u00e9 pour ces repr\u00e9sentants de maintenir une stricte neutralit\u00e9, particuli\u00e8rement en vue des \u00e9lections pr\u00e9sidentielles pr\u00e9vues le 6 octobre prochain. Cette neutralit\u00e9 est cruciale pour garantir une participation \u00e9lectorale libre et \u00e9quitable des citoyens tunisiens expatri\u00e9s.<\/p>\n","protected":false},"excerpt":{"rendered":"<p>Le Pr\u00e9sident tunisien Ka\u00efs Sa\u00efed et le Pr\u00e9sident br\u00e9silien Lula da Silva renforcent les relations tuniso-br\u00e9siliennes avec l&rsquo;ouverture d&rsquo;un bureau consulaire \u00e0&#8230;<\/p>\n","protected":false},"author":3166,"featured_media":246980,"comment_status":"open","ping_status":"closed","sticky":false,"template":"","format":"standard","meta":{"footnotes":""},"categories":[44],"tags":[2614,6130,5912,2608],"class_list":["post-215291","post","type-post","status-publish","format-standard","has-post-thumbnail","hentry","category-national","tag-kais-saied","tag-luiz-inacio-lula-da-silva","tag-nabil-ammar","tag-tunisie"],"yoast_head":"<!-- This site is optimized with the Yoast SEO Premium plugin v27.5 (Yoast SEO v27.5) - https:\/\/yoast.com\/product\/yoast-seo-premium-wordpress\/ -->\n<title>Tunisie : Ka\u00efs Sa\u00efed re\u00e7oit Nabil Ammar<\/title>\n<meta name=\"description\" content=\"Le Pr\u00e9sident tunisien Ka\u00efs Sa\u00efed et le Pr\u00e9sident br\u00e9silien Lula da Silva renforcent les relations tuniso-br\u00e9siliennes avec l&#039;ouverture d&#039;un bureau consulaire \u00e0...\" \/>\n<link rel=\"canonical\" href=\"https:\/\/www.webdo.tn\/fr\/actualite\/national\/kais-saied-recoit-nabil-ammar\/215291\/\" \/>\n<meta property=\"og:locale\" content=\"fr_FR\" \/>\n<meta property=\"og:type\" content=\"article\" \/>\n<meta property=\"og:title\" content=\"Tunisie : Ka\u00efs Sa\u00efed re\u00e7oit Nabil Ammar\" \/>\n<meta property=\"og:description\" content=\"Le Pr\u00e9sident tunisien Ka\u00efs Sa\u00efed et le Pr\u00e9sident br\u00e9silien Lula da Silva renforcent les relations tuniso-br\u00e9siliennes avec l&#039;ouverture d&#039;un bureau consulaire \u00e0...\" \/>\n<meta property=\"og:url\" content=\"https:\/\/www.webdo.tn\/fr\/actualite\/national\/kais-saied-recoit-nabil-ammar\/215291\/\" \/>\n<meta property=\"og:site_name\" content=\"webdo\" \/>\n<meta property=\"article:publisher\" content=\"https:\/\/www.facebook.com\/webdotn\" \/>\n<meta property=\"article:published_time\" content=\"2024-07-15T22:57:00+00:00\" \/>\n<meta property=\"article:modified_time\" content=\"2025-05-21T09:04:43+00:00\" \/>\n<meta property=\"og:image\" content=\"https:\/\/www.webdo.tn\/fr\/wp-content\/uploads\/2024\/07\/8dce703b40eb504110241906fee96b8f.webp\" \/>\n\t<meta property=\"og:image:width\" content=\"750\" \/>\n\t<meta property=\"og:image:height\" content=\"400\" \/>\n\t<meta property=\"og:image:type\" content=\"image\/webp\" \/>\n<meta name=\"author\" content=\"AZ\" \/>\n<meta name=\"twitter:card\" content=\"summary_large_image\" \/>\n<meta name=\"twitter:creator\" content=\"@webdo_tn\" \/>\n<meta name=\"twitter:site\" content=\"@webdo_tn\" \/>\n<meta name=\"twitter:label1\" content=\"\u00c9crit par\" \/>\n\t<meta name=\"twitter:data1\" content=\"AZ\" \/>\n\t<meta name=\"twitter:label2\" content=\"Dur\u00e9e de lecture estim\u00e9e\" \/>\n\t<meta name=\"twitter:data2\" content=\"1 minute\" \/>\n<script type=\"application\/ld+json\" class=\"yoast-schema-graph\">{\"@context\":\"https:\\\/\\\/schema.org\",\"@graph\":[{\"@type\":\"NewsArticle\",\"@id\":\"https:\\\/\\\/www.webdo.tn\\\/fr\\\/actualite\\\/national\\\/kais-saied-recoit-nabil-ammar\\\/215291\\\/#article\",\"isPartOf\":{\"@id\":\"https:\\\/\\\/www.webdo.tn\\\/fr\\\/actualite\\\/national\\\/kais-saied-recoit-nabil-ammar\\\/215291\\\/\"},\"author\":{\"name\":\"AZ\",\"@id\":\"https:\\\/\\\/www.webdo.tn\\\/fr\\\/#\\\/schema\\\/person\\\/b8a41c04d93287d375510db360906b34\"},\"headline\":\"Tunisie : Ka\u00efs Sa\u00efed re\u00e7oit Nabil Ammar\",\"datePublished\":\"2024-07-15T22:57:00+00:00\",\"dateModified\":\"2025-05-21T09:04:43+00:00\",\"mainEntityOfPage\":{\"@id\":\"https:\\\/\\\/www.webdo.tn\\\/fr\\\/actualite\\\/national\\\/kais-saied-recoit-nabil-ammar\\\/215291\\\/\"},\"wordCount\":263,\"commentCount\":0,\"publisher\":{\"@id\":\"https:\\\/\\\/www.webdo.tn\\\/fr\\\/#organization\"},\"image\":{\"@id\":\"https:\\\/\\\/www.webdo.tn\\\/fr\\\/actualite\\\/national\\\/kais-saied-recoit-nabil-ammar\\\/215291\\\/#primaryimage\"},\"thumbnailUrl\":\"https:\\\/\\\/www.webdo.tn\\\/fr\\\/wp-content\\\/uploads\\\/2024\\\/07\\\/8dce703b40eb504110241906fee96b8f.webp\",\"keywords\":[\"Kais Saied\",\"Luiz In\u00e1cio Lula da Silva\",\"Nabil Ammar\",\"Tunisie\"],\"articleSection\":[\"National\"],\"inLanguage\":\"fr-FR\"},{\"@type\":\"WebPage\",\"@id\":\"https:\\\/\\\/www.webdo.tn\\\/fr\\\/actualite\\\/national\\\/kais-saied-recoit-nabil-ammar\\\/215291\\\/\",\"url\":\"https:\\\/\\\/www.webdo.tn\\\/fr\\\/actualite\\\/national\\\/kais-saied-recoit-nabil-ammar\\\/215291\\\/\",\"name\":\"Tunisie : Ka\u00efs Sa\u00efed re\u00e7oit Nabil Ammar\",\"isPartOf\":{\"@id\":\"https:\\\/\\\/www.webdo.tn\\\/fr\\\/#website\"},\"primaryImageOfPage\":{\"@id\":\"https:\\\/\\\/www.webdo.tn\\\/fr\\\/actualite\\\/national\\\/kais-saied-recoit-nabil-ammar\\\/215291\\\/#primaryimage\"},\"image\":{\"@id\":\"https:\\\/\\\/www.webdo.tn\\\/fr\\\/actualite\\\/national\\\/kais-saied-recoit-nabil-ammar\\\/215291\\\/#primaryimage\"},\"thumbnailUrl\":\"https:\\\/\\\/www.webdo.tn\\\/fr\\\/wp-content\\\/uploads\\\/2024\\\/07\\\/8dce703b40eb504110241906fee96b8f.webp\",\"datePublished\":\"2024-07-15T22:57:00+00:00\",\"dateModified\":\"2025-05-21T09:04:43+00:00\",\"description\":\"Le Pr\u00e9sident tunisien Ka\u00efs Sa\u00efed et le Pr\u00e9sident br\u00e9silien Lula da Silva renforcent les relations tuniso-br\u00e9siliennes avec l'ouverture d'un bureau consulaire \u00e0...\",\"breadcrumb\":{\"@id\":\"https:\\\/\\\/www.webdo.tn\\\/fr\\\/actualite\\\/national\\\/kais-saied-recoit-nabil-ammar\\\/215291\\\/#breadcrumb\"},\"inLanguage\":\"fr-FR\",\"potentialAction\":[{\"@type\":\"ReadAction\",\"target\":[\"https:\\\/\\\/www.webdo.tn\\\/fr\\\/actualite\\\/national\\\/kais-saied-recoit-nabil-ammar\\\/215291\\\/\"]}]},{\"@type\":\"ImageObject\",\"inLanguage\":\"fr-FR\",\"@id\":\"https:\\\/\\\/www.webdo.tn\\\/fr\\\/actualite\\\/national\\\/kais-saied-recoit-nabil-ammar\\\/215291\\\/#primaryimage\",\"url\":\"https:\\\/\\\/www.webdo.tn\\\/fr\\\/wp-content\\\/uploads\\\/2024\\\/07\\\/8dce703b40eb504110241906fee96b8f.webp\",\"contentUrl\":\"https:\\\/\\\/www.webdo.tn\\\/fr\\\/wp-content\\\/uploads\\\/2024\\\/07\\\/8dce703b40eb504110241906fee96b8f.webp\",\"width\":750,\"height\":400,\"caption\":\"Tunisie : Ka\u00efs Sa\u00efed re\u00e7oit Nabil Ammar\"},{\"@type\":\"BreadcrumbList\",\"@id\":\"https:\\\/\\\/www.webdo.tn\\\/fr\\\/actualite\\\/national\\\/kais-saied-recoit-nabil-ammar\\\/215291\\\/#breadcrumb\",\"itemListElement\":[{\"@type\":\"ListItem\",\"position\":1,\"name\":\"Accueil\",\"item\":\"https:\\\/\\\/www.webdo.tn\\\/fr\\\/\"},{\"@type\":\"ListItem\",\"position\":2,\"name\":\"Tunisie : Ka\u00efs Sa\u00efed re\u00e7oit Nabil Ammar\"}]},{\"@type\":\"WebSite\",\"@id\":\"https:\\\/\\\/www.webdo.tn\\\/fr\\\/#website\",\"url\":\"https:\\\/\\\/www.webdo.tn\\\/fr\\\/\",\"name\":\"webdo\",\"description\":\"Tunisie - News en Tunisie et \u00e0 l&#039;international sur Webdo.tn\",\"publisher\":{\"@id\":\"https:\\\/\\\/www.webdo.tn\\\/fr\\\/#organization\"},\"potentialAction\":[{\"@type\":\"SearchAction\",\"target\":{\"@type\":\"EntryPoint\",\"urlTemplate\":\"https:\\\/\\\/www.webdo.tn\\\/fr\\\/?s={search_term_string}\"},\"query-input\":{\"@type\":\"PropertyValueSpecification\",\"valueRequired\":true,\"valueName\":\"search_term_string\"}}],\"inLanguage\":\"fr-FR\"},{\"@type\":\"Organization\",\"@id\":\"https:\\\/\\\/www.webdo.tn\\\/fr\\\/#organization\",\"name\":\"Webdo\",\"alternateName\":\"Webdo.tn\",\"url\":\"https:\\\/\\\/www.webdo.tn\\\/fr\\\/\",\"logo\":{\"@type\":\"ImageObject\",\"inLanguage\":\"fr-FR\",\"@id\":\"https:\\\/\\\/www.webdo.tn\\\/fr\\\/#\\\/schema\\\/logo\\\/image\\\/\",\"url\":\"https:\\\/\\\/www.webdo.tn\\\/fr\\\/wp-content\\\/uploads\\\/2025\\\/06\\\/Webdo-Tunisie_168377.jpg\",\"contentUrl\":\"https:\\\/\\\/www.webdo.tn\\\/fr\\\/wp-content\\\/uploads\\\/2025\\\/06\\\/Webdo-Tunisie_168377.jpg\",\"width\":301,\"height\":301,\"caption\":\"Webdo\"},\"image\":{\"@id\":\"https:\\\/\\\/www.webdo.tn\\\/fr\\\/#\\\/schema\\\/logo\\\/image\\\/\"},\"sameAs\":[\"https:\\\/\\\/www.facebook.com\\\/webdotn\",\"https:\\\/\\\/x.com\\\/webdo_tn\"],\"description\":\"Webdo est un m\u00e9dia num\u00e9rique tunisien fond\u00e9 en 2010, sp\u00e9cialis\u00e9 dans l\u2019actualit\u00e9 nationale et internationale, l\u2019\u00e9conomie, la soci\u00e9t\u00e9 et les analyses politiques. Le site s\u2019adresse \u00e0 un large public francophone et couvre l\u2019information tunisienne en temps r\u00e9el.\",\"email\":\"redac@webdo.tn\",\"legalName\":\"YNJ SARL\",\"foundingDate\":\"2010-09-06\",\"numberOfEmployees\":{\"@type\":\"QuantitativeValue\",\"minValue\":\"11\",\"maxValue\":\"50\"}},{\"@type\":\"Person\",\"@id\":\"https:\\\/\\\/www.webdo.tn\\\/fr\\\/#\\\/schema\\\/person\\\/b8a41c04d93287d375510db360906b34\",\"name\":\"AZ\",\"image\":{\"@type\":\"ImageObject\",\"inLanguage\":\"fr-FR\",\"@id\":\"https:\\\/\\\/secure.gravatar.com\\\/avatar\\\/492b80bada79439de4201dce15cd41eece6c277cfdf1b53382073c79105c1f89?s=96&d=mm&r=g\",\"url\":\"https:\\\/\\\/secure.gravatar.com\\\/avatar\\\/492b80bada79439de4201dce15cd41eece6c277cfdf1b53382073c79105c1f89?s=96&d=mm&r=g\",\"contentUrl\":\"https:\\\/\\\/secure.gravatar.com\\\/avatar\\\/492b80bada79439de4201dce15cd41eece6c277cfdf1b53382073c79105c1f89?s=96&d=mm&r=g\",\"caption\":\"AZ\"},\"url\":\"https:\\\/\\\/www.webdo.tn\\\/fr\\\/actualite\\\/author\\\/az\\\/\"}]}<\/script>\n<!-- \/ Yoast SEO Premium plugin. -->","yoast_head_json":{"title":"Tunisie : Ka\u00efs Sa\u00efed re\u00e7oit Nabil Ammar","description":"Le Pr\u00e9sident tunisien Ka\u00efs Sa\u00efed et le Pr\u00e9sident br\u00e9silien Lula da Silva renforcent les relations tuniso-br\u00e9siliennes avec l'ouverture d'un bureau consulaire \u00e0...","canonical":"https:\/\/www.webdo.tn\/fr\/actualite\/national\/kais-saied-recoit-nabil-ammar\/215291\/","og_locale":"fr_FR","og_type":"article","og_title":"Tunisie : Ka\u00efs Sa\u00efed re\u00e7oit Nabil Ammar","og_description":"Le Pr\u00e9sident tunisien Ka\u00efs Sa\u00efed et le Pr\u00e9sident br\u00e9silien Lula da Silva renforcent les relations tuniso-br\u00e9siliennes avec l'ouverture d'un bureau consulaire \u00e0...","og_url":"https:\/\/www.webdo.tn\/fr\/actualite\/national\/kais-saied-recoit-nabil-ammar\/215291\/","og_site_name":"webdo","article_publisher":"https:\/\/www.facebook.com\/webdotn","article_published_time":"2024-07-15T22:57:00+00:00","article_modified_time":"2025-05-21T09:04:43+00:00","og_image":[{"width":750,"height":400,"url":"https:\/\/www.webdo.tn\/fr\/wp-content\/uploads\/2024\/07\/8dce703b40eb504110241906fee96b8f.webp","type":"image\/webp"}],"author":"AZ","twitter_card":"summary_large_image","twitter_creator":"@webdo_tn","twitter_site":"@webdo_tn","twitter_misc":{"\u00c9crit par":"AZ","Dur\u00e9e de lecture estim\u00e9e":"1 minute"},"schema":{"@context":"https:\/\/schema.org","@graph":[{"@type":"NewsArticle","@id":"https:\/\/www.webdo.tn\/fr\/actualite\/national\/kais-saied-recoit-nabil-ammar\/215291\/#article","isPartOf":{"@id":"https:\/\/www.webdo.tn\/fr\/actualite\/national\/kais-saied-recoit-nabil-ammar\/215291\/"},"author":{"name":"AZ","@id":"https:\/\/www.webdo.tn\/fr\/#\/schema\/person\/b8a41c04d93287d375510db360906b34"},"headline":"Tunisie : Ka\u00efs Sa\u00efed re\u00e7oit Nabil Ammar","datePublished":"2024-07-15T22:57:00+00:00","dateModified":"2025-05-21T09:04:43+00:00","mainEntityOfPage":{"@id":"https:\/\/www.webdo.tn\/fr\/actualite\/national\/kais-saied-recoit-nabil-ammar\/215291\/"},"wordCount":263,"commentCount":0,"publisher":{"@id":"https:\/\/www.webdo.tn\/fr\/#organization"},"image":{"@id":"https:\/\/www.webdo.tn\/fr\/actualite\/national\/kais-saied-recoit-nabil-ammar\/215291\/#primaryimage"},"thumbnailUrl":"https:\/\/www.webdo.tn\/fr\/wp-content\/uploads\/2024\/07\/8dce703b40eb504110241906fee96b8f.webp","keywords":["Kais Saied","Luiz In\u00e1cio Lula da Silva","Nabil Ammar","Tunisie"],"articleSection":["National"],"inLanguage":"fr-FR"},{"@type":"WebPage","@id":"https:\/\/www.webdo.tn\/fr\/actualite\/national\/kais-saied-recoit-nabil-ammar\/215291\/","url":"https:\/\/www.webdo.tn\/fr\/actualite\/national\/kais-saied-recoit-nabil-ammar\/215291\/","name":"Tunisie : Ka\u00efs Sa\u00efed re\u00e7oit Nabil Ammar","isPartOf":{"@id":"https:\/\/www.webdo.tn\/fr\/#website"},"primaryImageOfPage":{"@id":"https:\/\/www.webdo.tn\/fr\/actualite\/national\/kais-saied-recoit-nabil-ammar\/215291\/#primaryimage"},"image":{"@id":"https:\/\/www.webdo.tn\/fr\/actualite\/national\/kais-saied-recoit-nabil-ammar\/215291\/#primaryimage"},"thumbnailUrl":"https:\/\/www.webdo.tn\/fr\/wp-content\/uploads\/2024\/07\/8dce703b40eb504110241906fee96b8f.webp","datePublished":"2024-07-15T22:57:00+00:00","dateModified":"2025-05-21T09:04:43+00:00","description":"Le Pr\u00e9sident tunisien Ka\u00efs Sa\u00efed et le Pr\u00e9sident br\u00e9silien Lula da Silva renforcent les relations tuniso-br\u00e9siliennes avec l'ouverture d'un bureau consulaire \u00e0...","breadcrumb":{"@id":"https:\/\/www.webdo.tn\/fr\/actualite\/national\/kais-saied-recoit-nabil-ammar\/215291\/#breadcrumb"},"inLanguage":"fr-FR","potentialAction":[{"@type":"ReadAction","target":["https:\/\/www.webdo.tn\/fr\/actualite\/national\/kais-saied-recoit-nabil-ammar\/215291\/"]}]},{"@type":"ImageObject","inLanguage":"fr-FR","@id":"https:\/\/www.webdo.tn\/fr\/actualite\/national\/kais-saied-recoit-nabil-ammar\/215291\/#primaryimage","url":"https:\/\/www.webdo.tn\/fr\/wp-content\/uploads\/2024\/07\/8dce703b40eb504110241906fee96b8f.webp","contentUrl":"https:\/\/www.webdo.tn\/fr\/wp-content\/uploads\/2024\/07\/8dce703b40eb504110241906fee96b8f.webp","width":750,"height":400,"caption":"Tunisie : Ka\u00efs Sa\u00efed re\u00e7oit Nabil Ammar"},{"@type":"BreadcrumbList","@id":"https:\/\/www.webdo.tn\/fr\/actualite\/national\/kais-saied-recoit-nabil-ammar\/215291\/#breadcrumb","itemListElement":[{"@type":"ListItem","position":1,"name":"Accueil","item":"https:\/\/www.webdo.tn\/fr\/"},{"@type":"ListItem","position":2,"name":"Tunisie : Ka\u00efs Sa\u00efed re\u00e7oit Nabil Ammar"}]},{"@type":"WebSite","@id":"https:\/\/www.webdo.tn\/fr\/#website","url":"https:\/\/www.webdo.tn\/fr\/","name":"webdo","description":"Tunisie - News en Tunisie et \u00e0 l&#039;international sur Webdo.tn","publisher":{"@id":"https:\/\/www.webdo.tn\/fr\/#organization"},"potentialAction":[{"@type":"SearchAction","target":{"@type":"EntryPoint","urlTemplate":"https:\/\/www.webdo.tn\/fr\/?s={search_term_string}"},"query-input":{"@type":"PropertyValueSpecification","valueRequired":true,"valueName":"search_term_string"}}],"inLanguage":"fr-FR"},{"@type":"Organization","@id":"https:\/\/www.webdo.tn\/fr\/#organization","name":"Webdo","alternateName":"Webdo.tn","url":"https:\/\/www.webdo.tn\/fr\/","logo":{"@type":"ImageObject","inLanguage":"fr-FR","@id":"https:\/\/www.webdo.tn\/fr\/#\/schema\/logo\/image\/","url":"https:\/\/www.webdo.tn\/fr\/wp-content\/uploads\/2025\/06\/Webdo-Tunisie_168377.jpg","contentUrl":"https:\/\/www.webdo.tn\/fr\/wp-content\/uploads\/2025\/06\/Webdo-Tunisie_168377.jpg","width":301,"height":301,"caption":"Webdo"},"image":{"@id":"https:\/\/www.webdo.tn\/fr\/#\/schema\/logo\/image\/"},"sameAs":["https:\/\/www.facebook.com\/webdotn","https:\/\/x.com\/webdo_tn"],"description":"Webdo est un m\u00e9dia num\u00e9rique tunisien fond\u00e9 en 2010, sp\u00e9cialis\u00e9 dans l\u2019actualit\u00e9 nationale et internationale, l\u2019\u00e9conomie, la soci\u00e9t\u00e9 et les analyses politiques. Le site s\u2019adresse \u00e0 un large public francophone et couvre l\u2019information tunisienne en temps r\u00e9el.","email":"redac@webdo.tn","legalName":"YNJ SARL","foundingDate":"2010-09-06","numberOfEmployees":{"@type":"QuantitativeValue","minValue":"11","maxValue":"50"}},{"@type":"Person","@id":"https:\/\/www.webdo.tn\/fr\/#\/schema\/person\/b8a41c04d93287d375510db360906b34","name":"AZ","image":{"@type":"ImageObject","inLanguage":"fr-FR","@id":"https:\/\/secure.gravatar.com\/avatar\/492b80bada79439de4201dce15cd41eece6c277cfdf1b53382073c79105c1f89?s=96&d=mm&r=g","url":"https:\/\/secure.gravatar.com\/avatar\/492b80bada79439de4201dce15cd41eece6c277cfdf1b53382073c79105c1f89?s=96&d=mm&r=g","contentUrl":"https:\/\/secure.gravatar.com\/avatar\/492b80bada79439de4201dce15cd41eece6c277cfdf1b53382073c79105c1f89?s=96&d=mm&r=g","caption":"AZ"},"url":"https:\/\/www.webdo.tn\/fr\/actualite\/author\/az\/"}]}},"_links":{"self":[{"href":"https:\/\/www.webdo.tn\/fr\/wp-json\/wp\/v2\/posts\/215291","targetHints":{"allow":["GET"]}}],"collection":[{"href":"https:\/\/www.webdo.tn\/fr\/wp-json\/wp\/v2\/posts"}],"about":[{"href":"https:\/\/www.webdo.tn\/fr\/wp-json\/wp\/v2\/types\/post"}],"author":[{"embeddable":true,"href":"https:\/\/www.webdo.tn\/fr\/wp-json\/wp\/v2\/users\/3166"}],"replies":[{"embeddable":true,"href":"https:\/\/www.webdo.tn\/fr\/wp-json\/wp\/v2\/comments?post=215291"}],"version-history":[{"count":0,"href":"https:\/\/www.webdo.tn\/fr\/wp-json\/wp\/v2\/posts\/215291\/revisions"}],"wp:featuredmedia":[{"embeddable":true,"href":"https:\/\/www.webdo.tn\/fr\/wp-json\/wp\/v2\/media\/246980"}],"wp:attachment":[{"href":"https:\/\/www.webdo.tn\/fr\/wp-json\/wp\/v2\/media?parent=215291"}],"wp:term":[{"taxonomy":"category","embeddable":true,"href":"https:\/\/www.webdo.tn\/fr\/wp-json\/wp\/v2\/categories?post=215291"},{"taxonomy":"post_tag","embeddable":true,"href":"https:\/\/www.webdo.tn\/fr\/wp-json\/wp\/v2\/tags?post=215291"}],"curies":[{"name":"wp","href":"https:\/\/api.w.org\/{rel}","templated":true}]}}