{"id":215282,"date":"2024-07-15T13:04:00","date_gmt":"2024-07-15T13:04:00","guid":{"rendered":"https:\/\/www.webdo.tn\/fr\/blog\/nomination-de-riadh-hajjej-au-poste-de-directeur-general-de-l-atb\/215282\/"},"modified":"2025-05-20T22:34:13","modified_gmt":"2025-05-20T22:34:13","slug":"nomination-de-riadh-hajjej-au-poste-de-directeur-general-de-l-atb","status":"publish","type":"post","link":"https:\/\/www.webdo.tn\/fr\/actualite\/national\/nomination-de-riadh-hajjej-au-poste-de-directeur-general-de-l-atb\/215282\/","title":{"rendered":"Nomination de Riadh Hajjej au Poste de Directeur G\u00e9n\u00e9ral de l&rsquo;ATB"},"content":{"rendered":"<p>A la suite de la tenue du conseil d\u2019administration de l\u2019ATB qui s\u2019est d\u00e9roul\u00e9 jeudi 11 juillet, M. Riadh Hajjej a \u00e9t\u00e9 d\u00e9sign\u00e9 Directeur G\u00e9n\u00e9ral de l\u2019ATB, poste dont il assurait l\u2019int\u00e9rim depuis le 1er juillet 2022.<\/p>\n<p>\t\t\t\t\t\t\t\t\tImpr\u00e9gn\u00e9 des valeurs de la banque, Riadh Hajjej a exerc\u00e9 pleinement pendant deux ans ses fonctions avec pers\u00e9v\u00e9rance et professionnalisme.<\/p>\n<p>Cette nomination vient couronner une carri\u00e8re de 34 ann\u00e9es au sein de l\u2019ATB et vient \u00e0 son heure pour acc\u00e9l\u00e9rer la mise en \u0153uvres des diff\u00e9rents chantiers de Transformation et insuffler une nouvelle dynamique de croissance.<\/p>\n","protected":false},"excerpt":{"rendered":"<p>A la suite de la tenue du conseil d\u2019administration de l\u2019ATB qui s\u2019est d\u00e9roul\u00e9 jeudi 11 juillet, M. Riadh Hajjej a \u00e9t\u00e9 d\u00e9sign\u00e9 Directeur G\u00e9n\u00e9ral de l\u2019ATB, poste&#8230;<\/p>\n","protected":false},"author":3169,"featured_media":290840,"comment_status":"open","ping_status":"closed","sticky":false,"template":"","format":"standard","meta":{"footnotes":""},"categories":[44],"tags":[10316,8338,6334],"class_list":["post-215282","post","type-post","status-publish","format-standard","has-post-thumbnail","hentry","category-national","tag-riadh-hajjej","tag-atb","tag-banque"],"yoast_head":"<!-- This site is optimized with the Yoast SEO Premium plugin v27.5 (Yoast SEO v27.5) - https:\/\/yoast.com\/product\/yoast-seo-premium-wordpress\/ -->\n<title>Nomination de Riadh Hajjej au Poste de Directeur G\u00e9n\u00e9ral de l&#039;ATB<\/title>\n<meta name=\"description\" content=\"A la suite de la tenue du conseil d\u2019administration de l\u2019ATB qui s\u2019est d\u00e9roul\u00e9 jeudi 11 juillet, M. Riadh Hajjej a \u00e9t\u00e9 d\u00e9sign\u00e9 Directeur G\u00e9n\u00e9ral de l\u2019ATB, poste...\" \/>\n<link rel=\"canonical\" href=\"https:\/\/www.webdo.tn\/fr\/actualite\/national\/nomination-de-riadh-hajjej-au-poste-de-directeur-general-de-l-atb\/215282\/\" \/>\n<meta property=\"og:locale\" content=\"fr_FR\" \/>\n<meta property=\"og:type\" content=\"article\" \/>\n<meta property=\"og:title\" content=\"Nomination de Riadh Hajjej au Poste de Directeur G\u00e9n\u00e9ral de l&#039;ATB\" \/>\n<meta property=\"og:description\" content=\"A la suite de la tenue du conseil d\u2019administration de l\u2019ATB qui s\u2019est d\u00e9roul\u00e9 jeudi 11 juillet, M. Riadh Hajjej a \u00e9t\u00e9 d\u00e9sign\u00e9 Directeur G\u00e9n\u00e9ral de l\u2019ATB, poste...\" \/>\n<meta property=\"og:url\" content=\"https:\/\/www.webdo.tn\/fr\/actualite\/national\/nomination-de-riadh-hajjej-au-poste-de-directeur-general-de-l-atb\/215282\/\" \/>\n<meta property=\"og:site_name\" content=\"webdo\" \/>\n<meta property=\"article:publisher\" content=\"https:\/\/www.facebook.com\/webdotn\" \/>\n<meta property=\"article:published_time\" content=\"2024-07-15T13:04:00+00:00\" \/>\n<meta property=\"article:modified_time\" content=\"2025-05-20T22:34:13+00:00\" \/>\n<meta property=\"og:image\" content=\"https:\/\/www.webdo.tn\/fr\/wp-content\/uploads\/2024\/07\/a299a4429d365c6aa348508b2c5f114e.webp\" \/>\n\t<meta property=\"og:image:width\" content=\"721\" \/>\n\t<meta property=\"og:image:height\" content=\"385\" \/>\n\t<meta property=\"og:image:type\" content=\"image\/webp\" \/>\n<meta name=\"author\" content=\"Webdo\" \/>\n<meta name=\"twitter:card\" content=\"summary_large_image\" \/>\n<meta name=\"twitter:creator\" content=\"@webdo_tn\" \/>\n<meta name=\"twitter:site\" content=\"@webdo_tn\" \/>\n<meta name=\"twitter:label1\" content=\"\u00c9crit par\" \/>\n\t<meta name=\"twitter:data1\" content=\"Webdo\" \/>\n\t<meta name=\"twitter:label2\" content=\"Dur\u00e9e de lecture estim\u00e9e\" \/>\n\t<meta name=\"twitter:data2\" content=\"1 minute\" \/>\n<script type=\"application\/ld+json\" class=\"yoast-schema-graph\">{\"@context\":\"https:\\\/\\\/schema.org\",\"@graph\":[{\"@type\":\"NewsArticle\",\"@id\":\"https:\\\/\\\/www.webdo.tn\\\/fr\\\/actualite\\\/national\\\/nomination-de-riadh-hajjej-au-poste-de-directeur-general-de-l-atb\\\/215282\\\/#article\",\"isPartOf\":{\"@id\":\"https:\\\/\\\/www.webdo.tn\\\/fr\\\/actualite\\\/national\\\/nomination-de-riadh-hajjej-au-poste-de-directeur-general-de-l-atb\\\/215282\\\/\"},\"author\":{\"name\":\"Webdo\",\"@id\":\"https:\\\/\\\/www.webdo.tn\\\/fr\\\/#\\\/schema\\\/person\\\/1f4e491e0907b413d61089e8eb573acc\"},\"headline\":\"Nomination de Riadh Hajjej au Poste de Directeur G\u00e9n\u00e9ral de l&rsquo;ATB\",\"datePublished\":\"2024-07-15T13:04:00+00:00\",\"dateModified\":\"2025-05-20T22:34:13+00:00\",\"mainEntityOfPage\":{\"@id\":\"https:\\\/\\\/www.webdo.tn\\\/fr\\\/actualite\\\/national\\\/nomination-de-riadh-hajjej-au-poste-de-directeur-general-de-l-atb\\\/215282\\\/\"},\"wordCount\":122,\"commentCount\":0,\"publisher\":{\"@id\":\"https:\\\/\\\/www.webdo.tn\\\/fr\\\/#organization\"},\"image\":{\"@id\":\"https:\\\/\\\/www.webdo.tn\\\/fr\\\/actualite\\\/national\\\/nomination-de-riadh-hajjej-au-poste-de-directeur-general-de-l-atb\\\/215282\\\/#primaryimage\"},\"thumbnailUrl\":\"https:\\\/\\\/www.webdo.tn\\\/fr\\\/wp-content\\\/uploads\\\/2024\\\/07\\\/a299a4429d365c6aa348508b2c5f114e.webp\",\"keywords\":[\"'Riadh Hajjej']\",\"ATB\",\"Banque\"],\"articleSection\":[\"National\"],\"inLanguage\":\"fr-FR\"},{\"@type\":\"WebPage\",\"@id\":\"https:\\\/\\\/www.webdo.tn\\\/fr\\\/actualite\\\/national\\\/nomination-de-riadh-hajjej-au-poste-de-directeur-general-de-l-atb\\\/215282\\\/\",\"url\":\"https:\\\/\\\/www.webdo.tn\\\/fr\\\/actualite\\\/national\\\/nomination-de-riadh-hajjej-au-poste-de-directeur-general-de-l-atb\\\/215282\\\/\",\"name\":\"Nomination de Riadh Hajjej au Poste de Directeur G\u00e9n\u00e9ral de l'ATB\",\"isPartOf\":{\"@id\":\"https:\\\/\\\/www.webdo.tn\\\/fr\\\/#website\"},\"primaryImageOfPage\":{\"@id\":\"https:\\\/\\\/www.webdo.tn\\\/fr\\\/actualite\\\/national\\\/nomination-de-riadh-hajjej-au-poste-de-directeur-general-de-l-atb\\\/215282\\\/#primaryimage\"},\"image\":{\"@id\":\"https:\\\/\\\/www.webdo.tn\\\/fr\\\/actualite\\\/national\\\/nomination-de-riadh-hajjej-au-poste-de-directeur-general-de-l-atb\\\/215282\\\/#primaryimage\"},\"thumbnailUrl\":\"https:\\\/\\\/www.webdo.tn\\\/fr\\\/wp-content\\\/uploads\\\/2024\\\/07\\\/a299a4429d365c6aa348508b2c5f114e.webp\",\"datePublished\":\"2024-07-15T13:04:00+00:00\",\"dateModified\":\"2025-05-20T22:34:13+00:00\",\"description\":\"A la suite de la tenue du conseil d\u2019administration de l\u2019ATB qui s\u2019est d\u00e9roul\u00e9 jeudi 11 juillet, M. Riadh Hajjej a \u00e9t\u00e9 d\u00e9sign\u00e9 Directeur G\u00e9n\u00e9ral de l\u2019ATB, poste...\",\"breadcrumb\":{\"@id\":\"https:\\\/\\\/www.webdo.tn\\\/fr\\\/actualite\\\/national\\\/nomination-de-riadh-hajjej-au-poste-de-directeur-general-de-l-atb\\\/215282\\\/#breadcrumb\"},\"inLanguage\":\"fr-FR\",\"potentialAction\":[{\"@type\":\"ReadAction\",\"target\":[\"https:\\\/\\\/www.webdo.tn\\\/fr\\\/actualite\\\/national\\\/nomination-de-riadh-hajjej-au-poste-de-directeur-general-de-l-atb\\\/215282\\\/\"]}]},{\"@type\":\"ImageObject\",\"inLanguage\":\"fr-FR\",\"@id\":\"https:\\\/\\\/www.webdo.tn\\\/fr\\\/actualite\\\/national\\\/nomination-de-riadh-hajjej-au-poste-de-directeur-general-de-l-atb\\\/215282\\\/#primaryimage\",\"url\":\"https:\\\/\\\/www.webdo.tn\\\/fr\\\/wp-content\\\/uploads\\\/2024\\\/07\\\/a299a4429d365c6aa348508b2c5f114e.webp\",\"contentUrl\":\"https:\\\/\\\/www.webdo.tn\\\/fr\\\/wp-content\\\/uploads\\\/2024\\\/07\\\/a299a4429d365c6aa348508b2c5f114e.webp\",\"width\":721,\"height\":385,\"caption\":\"Nomination de Riadh Hajjej au Poste de Directeur G\u00e9n\u00e9ral de l'ATB\"},{\"@type\":\"BreadcrumbList\",\"@id\":\"https:\\\/\\\/www.webdo.tn\\\/fr\\\/actualite\\\/national\\\/nomination-de-riadh-hajjej-au-poste-de-directeur-general-de-l-atb\\\/215282\\\/#breadcrumb\",\"itemListElement\":[{\"@type\":\"ListItem\",\"position\":1,\"name\":\"Accueil\",\"item\":\"https:\\\/\\\/www.webdo.tn\\\/fr\\\/\"},{\"@type\":\"ListItem\",\"position\":2,\"name\":\"Nomination de Riadh Hajjej au Poste de Directeur G\u00e9n\u00e9ral de l&rsquo;ATB\"}]},{\"@type\":\"WebSite\",\"@id\":\"https:\\\/\\\/www.webdo.tn\\\/fr\\\/#website\",\"url\":\"https:\\\/\\\/www.webdo.tn\\\/fr\\\/\",\"name\":\"webdo\",\"description\":\"Tunisie - News en Tunisie et \u00e0 l&#039;international sur Webdo.tn\",\"publisher\":{\"@id\":\"https:\\\/\\\/www.webdo.tn\\\/fr\\\/#organization\"},\"potentialAction\":[{\"@type\":\"SearchAction\",\"target\":{\"@type\":\"EntryPoint\",\"urlTemplate\":\"https:\\\/\\\/www.webdo.tn\\\/fr\\\/?s={search_term_string}\"},\"query-input\":{\"@type\":\"PropertyValueSpecification\",\"valueRequired\":true,\"valueName\":\"search_term_string\"}}],\"inLanguage\":\"fr-FR\"},{\"@type\":\"Organization\",\"@id\":\"https:\\\/\\\/www.webdo.tn\\\/fr\\\/#organization\",\"name\":\"Webdo\",\"alternateName\":\"Webdo.tn\",\"url\":\"https:\\\/\\\/www.webdo.tn\\\/fr\\\/\",\"logo\":{\"@type\":\"ImageObject\",\"inLanguage\":\"fr-FR\",\"@id\":\"https:\\\/\\\/www.webdo.tn\\\/fr\\\/#\\\/schema\\\/logo\\\/image\\\/\",\"url\":\"https:\\\/\\\/www.webdo.tn\\\/fr\\\/wp-content\\\/uploads\\\/2025\\\/06\\\/Webdo-Tunisie_168377.jpg\",\"contentUrl\":\"https:\\\/\\\/www.webdo.tn\\\/fr\\\/wp-content\\\/uploads\\\/2025\\\/06\\\/Webdo-Tunisie_168377.jpg\",\"width\":301,\"height\":301,\"caption\":\"Webdo\"},\"image\":{\"@id\":\"https:\\\/\\\/www.webdo.tn\\\/fr\\\/#\\\/schema\\\/logo\\\/image\\\/\"},\"sameAs\":[\"https:\\\/\\\/www.facebook.com\\\/webdotn\",\"https:\\\/\\\/x.com\\\/webdo_tn\"],\"description\":\"Webdo est un m\u00e9dia num\u00e9rique tunisien fond\u00e9 en 2010, sp\u00e9cialis\u00e9 dans l\u2019actualit\u00e9 nationale et internationale, l\u2019\u00e9conomie, la soci\u00e9t\u00e9 et les analyses politiques. Le site s\u2019adresse \u00e0 un large public francophone et couvre l\u2019information tunisienne en temps r\u00e9el.\",\"email\":\"redac@webdo.tn\",\"legalName\":\"YNJ SARL\",\"foundingDate\":\"2010-09-06\",\"numberOfEmployees\":{\"@type\":\"QuantitativeValue\",\"minValue\":\"11\",\"maxValue\":\"50\"}},{\"@type\":\"Person\",\"@id\":\"https:\\\/\\\/www.webdo.tn\\\/fr\\\/#\\\/schema\\\/person\\\/1f4e491e0907b413d61089e8eb573acc\",\"name\":\"Webdo\",\"image\":{\"@type\":\"ImageObject\",\"inLanguage\":\"fr-FR\",\"@id\":\"https:\\\/\\\/secure.gravatar.com\\\/avatar\\\/de97aeec1bb80978a9dbb127e47dfc88aaacb2f3c29aac907d8d3222e3495d49?s=96&d=mm&r=g\",\"url\":\"https:\\\/\\\/secure.gravatar.com\\\/avatar\\\/de97aeec1bb80978a9dbb127e47dfc88aaacb2f3c29aac907d8d3222e3495d49?s=96&d=mm&r=g\",\"contentUrl\":\"https:\\\/\\\/secure.gravatar.com\\\/avatar\\\/de97aeec1bb80978a9dbb127e47dfc88aaacb2f3c29aac907d8d3222e3495d49?s=96&d=mm&r=g\",\"caption\":\"Webdo\"},\"url\":\"https:\\\/\\\/www.webdo.tn\\\/fr\\\/actualite\\\/author\\\/webdo\\\/\"}]}<\/script>\n<!-- \/ Yoast SEO Premium plugin. -->","yoast_head_json":{"title":"Nomination de Riadh Hajjej au Poste de Directeur G\u00e9n\u00e9ral de l'ATB","description":"A la suite de la tenue du conseil d\u2019administration de l\u2019ATB qui s\u2019est d\u00e9roul\u00e9 jeudi 11 juillet, M. Riadh Hajjej a \u00e9t\u00e9 d\u00e9sign\u00e9 Directeur G\u00e9n\u00e9ral de l\u2019ATB, poste...","canonical":"https:\/\/www.webdo.tn\/fr\/actualite\/national\/nomination-de-riadh-hajjej-au-poste-de-directeur-general-de-l-atb\/215282\/","og_locale":"fr_FR","og_type":"article","og_title":"Nomination de Riadh Hajjej au Poste de Directeur G\u00e9n\u00e9ral de l'ATB","og_description":"A la suite de la tenue du conseil d\u2019administration de l\u2019ATB qui s\u2019est d\u00e9roul\u00e9 jeudi 11 juillet, M. Riadh Hajjej a \u00e9t\u00e9 d\u00e9sign\u00e9 Directeur G\u00e9n\u00e9ral de l\u2019ATB, poste...","og_url":"https:\/\/www.webdo.tn\/fr\/actualite\/national\/nomination-de-riadh-hajjej-au-poste-de-directeur-general-de-l-atb\/215282\/","og_site_name":"webdo","article_publisher":"https:\/\/www.facebook.com\/webdotn","article_published_time":"2024-07-15T13:04:00+00:00","article_modified_time":"2025-05-20T22:34:13+00:00","og_image":[{"width":721,"height":385,"url":"https:\/\/www.webdo.tn\/fr\/wp-content\/uploads\/2024\/07\/a299a4429d365c6aa348508b2c5f114e.webp","type":"image\/webp"}],"author":"Webdo","twitter_card":"summary_large_image","twitter_creator":"@webdo_tn","twitter_site":"@webdo_tn","twitter_misc":{"\u00c9crit par":"Webdo","Dur\u00e9e de lecture estim\u00e9e":"1 minute"},"schema":{"@context":"https:\/\/schema.org","@graph":[{"@type":"NewsArticle","@id":"https:\/\/www.webdo.tn\/fr\/actualite\/national\/nomination-de-riadh-hajjej-au-poste-de-directeur-general-de-l-atb\/215282\/#article","isPartOf":{"@id":"https:\/\/www.webdo.tn\/fr\/actualite\/national\/nomination-de-riadh-hajjej-au-poste-de-directeur-general-de-l-atb\/215282\/"},"author":{"name":"Webdo","@id":"https:\/\/www.webdo.tn\/fr\/#\/schema\/person\/1f4e491e0907b413d61089e8eb573acc"},"headline":"Nomination de Riadh Hajjej au Poste de Directeur G\u00e9n\u00e9ral de l&rsquo;ATB","datePublished":"2024-07-15T13:04:00+00:00","dateModified":"2025-05-20T22:34:13+00:00","mainEntityOfPage":{"@id":"https:\/\/www.webdo.tn\/fr\/actualite\/national\/nomination-de-riadh-hajjej-au-poste-de-directeur-general-de-l-atb\/215282\/"},"wordCount":122,"commentCount":0,"publisher":{"@id":"https:\/\/www.webdo.tn\/fr\/#organization"},"image":{"@id":"https:\/\/www.webdo.tn\/fr\/actualite\/national\/nomination-de-riadh-hajjej-au-poste-de-directeur-general-de-l-atb\/215282\/#primaryimage"},"thumbnailUrl":"https:\/\/www.webdo.tn\/fr\/wp-content\/uploads\/2024\/07\/a299a4429d365c6aa348508b2c5f114e.webp","keywords":["'Riadh Hajjej']","ATB","Banque"],"articleSection":["National"],"inLanguage":"fr-FR"},{"@type":"WebPage","@id":"https:\/\/www.webdo.tn\/fr\/actualite\/national\/nomination-de-riadh-hajjej-au-poste-de-directeur-general-de-l-atb\/215282\/","url":"https:\/\/www.webdo.tn\/fr\/actualite\/national\/nomination-de-riadh-hajjej-au-poste-de-directeur-general-de-l-atb\/215282\/","name":"Nomination de Riadh Hajjej au Poste de Directeur G\u00e9n\u00e9ral de l'ATB","isPartOf":{"@id":"https:\/\/www.webdo.tn\/fr\/#website"},"primaryImageOfPage":{"@id":"https:\/\/www.webdo.tn\/fr\/actualite\/national\/nomination-de-riadh-hajjej-au-poste-de-directeur-general-de-l-atb\/215282\/#primaryimage"},"image":{"@id":"https:\/\/www.webdo.tn\/fr\/actualite\/national\/nomination-de-riadh-hajjej-au-poste-de-directeur-general-de-l-atb\/215282\/#primaryimage"},"thumbnailUrl":"https:\/\/www.webdo.tn\/fr\/wp-content\/uploads\/2024\/07\/a299a4429d365c6aa348508b2c5f114e.webp","datePublished":"2024-07-15T13:04:00+00:00","dateModified":"2025-05-20T22:34:13+00:00","description":"A la suite de la tenue du conseil d\u2019administration de l\u2019ATB qui s\u2019est d\u00e9roul\u00e9 jeudi 11 juillet, M. Riadh Hajjej a \u00e9t\u00e9 d\u00e9sign\u00e9 Directeur G\u00e9n\u00e9ral de l\u2019ATB, poste...","breadcrumb":{"@id":"https:\/\/www.webdo.tn\/fr\/actualite\/national\/nomination-de-riadh-hajjej-au-poste-de-directeur-general-de-l-atb\/215282\/#breadcrumb"},"inLanguage":"fr-FR","potentialAction":[{"@type":"ReadAction","target":["https:\/\/www.webdo.tn\/fr\/actualite\/national\/nomination-de-riadh-hajjej-au-poste-de-directeur-general-de-l-atb\/215282\/"]}]},{"@type":"ImageObject","inLanguage":"fr-FR","@id":"https:\/\/www.webdo.tn\/fr\/actualite\/national\/nomination-de-riadh-hajjej-au-poste-de-directeur-general-de-l-atb\/215282\/#primaryimage","url":"https:\/\/www.webdo.tn\/fr\/wp-content\/uploads\/2024\/07\/a299a4429d365c6aa348508b2c5f114e.webp","contentUrl":"https:\/\/www.webdo.tn\/fr\/wp-content\/uploads\/2024\/07\/a299a4429d365c6aa348508b2c5f114e.webp","width":721,"height":385,"caption":"Nomination de Riadh Hajjej au Poste de Directeur G\u00e9n\u00e9ral de l'ATB"},{"@type":"BreadcrumbList","@id":"https:\/\/www.webdo.tn\/fr\/actualite\/national\/nomination-de-riadh-hajjej-au-poste-de-directeur-general-de-l-atb\/215282\/#breadcrumb","itemListElement":[{"@type":"ListItem","position":1,"name":"Accueil","item":"https:\/\/www.webdo.tn\/fr\/"},{"@type":"ListItem","position":2,"name":"Nomination de Riadh Hajjej au Poste de Directeur G\u00e9n\u00e9ral de l&rsquo;ATB"}]},{"@type":"WebSite","@id":"https:\/\/www.webdo.tn\/fr\/#website","url":"https:\/\/www.webdo.tn\/fr\/","name":"webdo","description":"Tunisie - News en Tunisie et \u00e0 l&#039;international sur Webdo.tn","publisher":{"@id":"https:\/\/www.webdo.tn\/fr\/#organization"},"potentialAction":[{"@type":"SearchAction","target":{"@type":"EntryPoint","urlTemplate":"https:\/\/www.webdo.tn\/fr\/?s={search_term_string}"},"query-input":{"@type":"PropertyValueSpecification","valueRequired":true,"valueName":"search_term_string"}}],"inLanguage":"fr-FR"},{"@type":"Organization","@id":"https:\/\/www.webdo.tn\/fr\/#organization","name":"Webdo","alternateName":"Webdo.tn","url":"https:\/\/www.webdo.tn\/fr\/","logo":{"@type":"ImageObject","inLanguage":"fr-FR","@id":"https:\/\/www.webdo.tn\/fr\/#\/schema\/logo\/image\/","url":"https:\/\/www.webdo.tn\/fr\/wp-content\/uploads\/2025\/06\/Webdo-Tunisie_168377.jpg","contentUrl":"https:\/\/www.webdo.tn\/fr\/wp-content\/uploads\/2025\/06\/Webdo-Tunisie_168377.jpg","width":301,"height":301,"caption":"Webdo"},"image":{"@id":"https:\/\/www.webdo.tn\/fr\/#\/schema\/logo\/image\/"},"sameAs":["https:\/\/www.facebook.com\/webdotn","https:\/\/x.com\/webdo_tn"],"description":"Webdo est un m\u00e9dia num\u00e9rique tunisien fond\u00e9 en 2010, sp\u00e9cialis\u00e9 dans l\u2019actualit\u00e9 nationale et internationale, l\u2019\u00e9conomie, la soci\u00e9t\u00e9 et les analyses politiques. Le site s\u2019adresse \u00e0 un large public francophone et couvre l\u2019information tunisienne en temps r\u00e9el.","email":"redac@webdo.tn","legalName":"YNJ SARL","foundingDate":"2010-09-06","numberOfEmployees":{"@type":"QuantitativeValue","minValue":"11","maxValue":"50"}},{"@type":"Person","@id":"https:\/\/www.webdo.tn\/fr\/#\/schema\/person\/1f4e491e0907b413d61089e8eb573acc","name":"Webdo","image":{"@type":"ImageObject","inLanguage":"fr-FR","@id":"https:\/\/secure.gravatar.com\/avatar\/de97aeec1bb80978a9dbb127e47dfc88aaacb2f3c29aac907d8d3222e3495d49?s=96&d=mm&r=g","url":"https:\/\/secure.gravatar.com\/avatar\/de97aeec1bb80978a9dbb127e47dfc88aaacb2f3c29aac907d8d3222e3495d49?s=96&d=mm&r=g","contentUrl":"https:\/\/secure.gravatar.com\/avatar\/de97aeec1bb80978a9dbb127e47dfc88aaacb2f3c29aac907d8d3222e3495d49?s=96&d=mm&r=g","caption":"Webdo"},"url":"https:\/\/www.webdo.tn\/fr\/actualite\/author\/webdo\/"}]}},"_links":{"self":[{"href":"https:\/\/www.webdo.tn\/fr\/wp-json\/wp\/v2\/posts\/215282","targetHints":{"allow":["GET"]}}],"collection":[{"href":"https:\/\/www.webdo.tn\/fr\/wp-json\/wp\/v2\/posts"}],"about":[{"href":"https:\/\/www.webdo.tn\/fr\/wp-json\/wp\/v2\/types\/post"}],"author":[{"embeddable":true,"href":"https:\/\/www.webdo.tn\/fr\/wp-json\/wp\/v2\/users\/3169"}],"replies":[{"embeddable":true,"href":"https:\/\/www.webdo.tn\/fr\/wp-json\/wp\/v2\/comments?post=215282"}],"version-history":[{"count":0,"href":"https:\/\/www.webdo.tn\/fr\/wp-json\/wp\/v2\/posts\/215282\/revisions"}],"wp:featuredmedia":[{"embeddable":true,"href":"https:\/\/www.webdo.tn\/fr\/wp-json\/wp\/v2\/media\/290840"}],"wp:attachment":[{"href":"https:\/\/www.webdo.tn\/fr\/wp-json\/wp\/v2\/media?parent=215282"}],"wp:term":[{"taxonomy":"category","embeddable":true,"href":"https:\/\/www.webdo.tn\/fr\/wp-json\/wp\/v2\/categories?post=215282"},{"taxonomy":"post_tag","embeddable":true,"href":"https:\/\/www.webdo.tn\/fr\/wp-json\/wp\/v2\/tags?post=215282"}],"curies":[{"name":"wp","href":"https:\/\/api.w.org\/{rel}","templated":true}]}}