{"id":215263,"date":"2024-07-14T11:46:00","date_gmt":"2024-07-14T11:46:00","guid":{"rendered":"https:\/\/www.webdo.tn\/fr\/blog\/donald-trump-victime-d-une-tentative-d-assassinat\/215263\/"},"modified":"2025-05-20T22:35:41","modified_gmt":"2025-05-20T22:35:41","slug":"donald-trump-victime-d-une-tentative-d-assassinat","status":"publish","type":"post","link":"https:\/\/www.webdo.tn\/fr\/actualite\/international\/donald-trump-victime-d-une-tentative-d-assassinat\/215263\/","title":{"rendered":"Donald Trump victime d\u2019une tentative d\u2019assassinat"},"content":{"rendered":"<p>L&rsquo;ancien pr\u00e9sident am\u00e9ricain Donald Trump, candidat r\u00e9publicain \u00e0 l&rsquo;\u00e9lection pr\u00e9sidentielle, a \u00e9t\u00e9 victime d&rsquo;une tentative d&rsquo;assassinat, hier samedi 13 juillet 2024 lors d\u2019un meeting qui s&rsquo;est tenu \u00e0 Butler en Pennsylvanie.<\/p>\n<p>\t\t\t\t\t\t\t\t\tL&rsquo;ancien pr\u00e9sident am\u00e9ricain Donald Trump, candidat r\u00e9publicain \u00e0 l&rsquo;\u00e9lection pr\u00e9sidentielle, a \u00e9t\u00e9 victime d&rsquo;une tentative d&rsquo;assassinat, hier samedi 13 juillet 2024 lors d\u2019un meeting qui s&rsquo;est tenu \u00e0 Butler en Pennsylvanie. L\u2019ancien pr\u00e9sident am\u00e9ricain a \u00e9t\u00e9 bless\u00e9 \u00e0 l\u2019oreille par des tirs.<\/p>\n<p>Donald Trump, qui venait de commencer son discours, a aussit\u00f4t \u00e9t\u00e9 mis au sol par les agents du Secret service. Au bout de quelques instants, il s&rsquo;est relev\u00e9, entour\u00e9 par les agents qui l&rsquo;ont escort\u00e9 de l&rsquo;estrade jusqu&rsquo;\u00e0 sa voiture. Il a lev\u00e9 le poing en l&rsquo;air, en signe de d\u00e9fi, sous les acclamations de ses partisans.<\/p>\n<p>Le FBI a confirm\u00e9 la tentative d&rsquo;assassinat. Selon les m\u00e9dias am\u00e9ricains qui citent les autorit\u00e9s locales, le tireur pr\u00e9sum\u00e9 &#8211; un homme de vingt ans &#8211; ainsi qu&rsquo;un spectateur du meeting ont \u00e9t\u00e9 tu\u00e9s.<\/p>\n<p>Le FBI a identifi\u00e9 un jeune homme de 20 ans, du nom de Thomas Matthew Crooks, comme le \u00ab\u00a0sujet impliqu\u00e9\u00a0\u00bb dans la tentative d&rsquo;assassinat de Donald Trump. Thomas Matthew Crooks, originaire de Bethel Park, en Pennsylvanie, est enregistr\u00e9 comme \u00e9lecteur r\u00e9publicain, selon les registres de l&rsquo;Etat.<\/p>\n","protected":false},"excerpt":{"rendered":"<p>L&rsquo;ancien pr\u00e9sident am\u00e9ricain Donald Trump, candidat r\u00e9publicain \u00e0 l&rsquo;\u00e9lection pr\u00e9sidentielle, a \u00e9t\u00e9 victime d&rsquo;une tentative d&rsquo;assassinat, hier samedi 13 juillet&#8230;<\/p>\n","protected":false},"author":3175,"featured_media":246990,"comment_status":"open","ping_status":"closed","sticky":false,"template":"","format":"standard","meta":{"footnotes":""},"categories":[2598],"tags":[2916,3035,6143],"class_list":["post-215263","post","type-post","status-publish","format-standard","has-post-thumbnail","hentry","category-international","tag-donald-trump","tag-etats-unis","tag-tentative-dassassinat"],"yoast_head":"<!-- This site is optimized with the Yoast SEO Premium plugin v27.5 (Yoast SEO v27.5) - https:\/\/yoast.com\/product\/yoast-seo-premium-wordpress\/ -->\n<title>Donald Trump victime d\u2019une tentative d\u2019assassinat<\/title>\n<meta name=\"description\" content=\"L&#039;ancien pr\u00e9sident am\u00e9ricain Donald Trump, candidat r\u00e9publicain \u00e0 l&#039;\u00e9lection pr\u00e9sidentielle, a \u00e9t\u00e9 victime d&#039;une tentative d&#039;assassinat, hier samedi 13 juillet...\" \/>\n<link rel=\"canonical\" href=\"https:\/\/www.webdo.tn\/fr\/actualite\/international\/donald-trump-victime-d-une-tentative-d-assassinat\/215263\/\" \/>\n<meta property=\"og:locale\" content=\"fr_FR\" \/>\n<meta property=\"og:type\" content=\"article\" \/>\n<meta property=\"og:title\" content=\"Donald Trump victime d\u2019une tentative d\u2019assassinat\" \/>\n<meta property=\"og:description\" content=\"L&#039;ancien pr\u00e9sident am\u00e9ricain Donald Trump, candidat r\u00e9publicain \u00e0 l&#039;\u00e9lection pr\u00e9sidentielle, a \u00e9t\u00e9 victime d&#039;une tentative d&#039;assassinat, hier samedi 13 juillet...\" \/>\n<meta property=\"og:url\" content=\"https:\/\/www.webdo.tn\/fr\/actualite\/international\/donald-trump-victime-d-une-tentative-d-assassinat\/215263\/\" \/>\n<meta property=\"og:site_name\" content=\"webdo\" \/>\n<meta property=\"article:publisher\" content=\"https:\/\/www.facebook.com\/webdotn\" \/>\n<meta property=\"article:published_time\" content=\"2024-07-14T11:46:00+00:00\" \/>\n<meta property=\"article:modified_time\" content=\"2025-05-20T22:35:41+00:00\" \/>\n<meta property=\"og:image\" content=\"https:\/\/www.webdo.tn\/fr\/wp-content\/uploads\/2024\/07\/8580d22e5635226a0093fbfe8141aa1f.webp\" \/>\n\t<meta property=\"og:image:width\" content=\"700\" \/>\n\t<meta property=\"og:image:height\" content=\"373\" \/>\n\t<meta property=\"og:image:type\" content=\"image\/webp\" \/>\n<meta name=\"author\" content=\"CL\" \/>\n<meta name=\"twitter:card\" content=\"summary_large_image\" \/>\n<meta name=\"twitter:creator\" content=\"@webdo_tn\" \/>\n<meta name=\"twitter:site\" content=\"@webdo_tn\" \/>\n<meta name=\"twitter:label1\" content=\"\u00c9crit par\" \/>\n\t<meta name=\"twitter:data1\" content=\"CL\" \/>\n\t<meta name=\"twitter:label2\" content=\"Dur\u00e9e de lecture estim\u00e9e\" \/>\n\t<meta name=\"twitter:data2\" content=\"1 minute\" \/>\n<script type=\"application\/ld+json\" class=\"yoast-schema-graph\">{\"@context\":\"https:\\\/\\\/schema.org\",\"@graph\":[{\"@type\":\"NewsArticle\",\"@id\":\"https:\\\/\\\/www.webdo.tn\\\/fr\\\/actualite\\\/international\\\/donald-trump-victime-d-une-tentative-d-assassinat\\\/215263\\\/#article\",\"isPartOf\":{\"@id\":\"https:\\\/\\\/www.webdo.tn\\\/fr\\\/actualite\\\/international\\\/donald-trump-victime-d-une-tentative-d-assassinat\\\/215263\\\/\"},\"author\":{\"name\":\"CL\",\"@id\":\"https:\\\/\\\/www.webdo.tn\\\/fr\\\/#\\\/schema\\\/person\\\/f35b42a42c5e2511bbd282959d6385cc\"},\"headline\":\"Donald Trump victime d\u2019une tentative d\u2019assassinat\",\"datePublished\":\"2024-07-14T11:46:00+00:00\",\"dateModified\":\"2025-05-20T22:35:41+00:00\",\"mainEntityOfPage\":{\"@id\":\"https:\\\/\\\/www.webdo.tn\\\/fr\\\/actualite\\\/international\\\/donald-trump-victime-d-une-tentative-d-assassinat\\\/215263\\\/\"},\"wordCount\":248,\"commentCount\":0,\"publisher\":{\"@id\":\"https:\\\/\\\/www.webdo.tn\\\/fr\\\/#organization\"},\"image\":{\"@id\":\"https:\\\/\\\/www.webdo.tn\\\/fr\\\/actualite\\\/international\\\/donald-trump-victime-d-une-tentative-d-assassinat\\\/215263\\\/#primaryimage\"},\"thumbnailUrl\":\"https:\\\/\\\/www.webdo.tn\\\/fr\\\/wp-content\\\/uploads\\\/2024\\\/07\\\/8580d22e5635226a0093fbfe8141aa1f.webp\",\"keywords\":[\"Donald Trump\",\"Etats-Unis\",\"tentative d'assassinat\"],\"articleSection\":[\"International\"],\"inLanguage\":\"fr-FR\"},{\"@type\":\"WebPage\",\"@id\":\"https:\\\/\\\/www.webdo.tn\\\/fr\\\/actualite\\\/international\\\/donald-trump-victime-d-une-tentative-d-assassinat\\\/215263\\\/\",\"url\":\"https:\\\/\\\/www.webdo.tn\\\/fr\\\/actualite\\\/international\\\/donald-trump-victime-d-une-tentative-d-assassinat\\\/215263\\\/\",\"name\":\"Donald Trump victime d\u2019une tentative d\u2019assassinat\",\"isPartOf\":{\"@id\":\"https:\\\/\\\/www.webdo.tn\\\/fr\\\/#website\"},\"primaryImageOfPage\":{\"@id\":\"https:\\\/\\\/www.webdo.tn\\\/fr\\\/actualite\\\/international\\\/donald-trump-victime-d-une-tentative-d-assassinat\\\/215263\\\/#primaryimage\"},\"image\":{\"@id\":\"https:\\\/\\\/www.webdo.tn\\\/fr\\\/actualite\\\/international\\\/donald-trump-victime-d-une-tentative-d-assassinat\\\/215263\\\/#primaryimage\"},\"thumbnailUrl\":\"https:\\\/\\\/www.webdo.tn\\\/fr\\\/wp-content\\\/uploads\\\/2024\\\/07\\\/8580d22e5635226a0093fbfe8141aa1f.webp\",\"datePublished\":\"2024-07-14T11:46:00+00:00\",\"dateModified\":\"2025-05-20T22:35:41+00:00\",\"description\":\"L'ancien pr\u00e9sident am\u00e9ricain Donald Trump, candidat r\u00e9publicain \u00e0 l'\u00e9lection pr\u00e9sidentielle, a \u00e9t\u00e9 victime d'une tentative d'assassinat, hier samedi 13 juillet...\",\"breadcrumb\":{\"@id\":\"https:\\\/\\\/www.webdo.tn\\\/fr\\\/actualite\\\/international\\\/donald-trump-victime-d-une-tentative-d-assassinat\\\/215263\\\/#breadcrumb\"},\"inLanguage\":\"fr-FR\",\"potentialAction\":[{\"@type\":\"ReadAction\",\"target\":[\"https:\\\/\\\/www.webdo.tn\\\/fr\\\/actualite\\\/international\\\/donald-trump-victime-d-une-tentative-d-assassinat\\\/215263\\\/\"]}]},{\"@type\":\"ImageObject\",\"inLanguage\":\"fr-FR\",\"@id\":\"https:\\\/\\\/www.webdo.tn\\\/fr\\\/actualite\\\/international\\\/donald-trump-victime-d-une-tentative-d-assassinat\\\/215263\\\/#primaryimage\",\"url\":\"https:\\\/\\\/www.webdo.tn\\\/fr\\\/wp-content\\\/uploads\\\/2024\\\/07\\\/8580d22e5635226a0093fbfe8141aa1f.webp\",\"contentUrl\":\"https:\\\/\\\/www.webdo.tn\\\/fr\\\/wp-content\\\/uploads\\\/2024\\\/07\\\/8580d22e5635226a0093fbfe8141aa1f.webp\",\"width\":700,\"height\":373,\"caption\":\"Donald Trump victime d\u2019une tentative d\u2019assassinat\"},{\"@type\":\"BreadcrumbList\",\"@id\":\"https:\\\/\\\/www.webdo.tn\\\/fr\\\/actualite\\\/international\\\/donald-trump-victime-d-une-tentative-d-assassinat\\\/215263\\\/#breadcrumb\",\"itemListElement\":[{\"@type\":\"ListItem\",\"position\":1,\"name\":\"Accueil\",\"item\":\"https:\\\/\\\/www.webdo.tn\\\/fr\\\/\"},{\"@type\":\"ListItem\",\"position\":2,\"name\":\"Donald Trump victime d\u2019une tentative d\u2019assassinat\"}]},{\"@type\":\"WebSite\",\"@id\":\"https:\\\/\\\/www.webdo.tn\\\/fr\\\/#website\",\"url\":\"https:\\\/\\\/www.webdo.tn\\\/fr\\\/\",\"name\":\"webdo\",\"description\":\"Tunisie - News en Tunisie et \u00e0 l&#039;international sur Webdo.tn\",\"publisher\":{\"@id\":\"https:\\\/\\\/www.webdo.tn\\\/fr\\\/#organization\"},\"potentialAction\":[{\"@type\":\"SearchAction\",\"target\":{\"@type\":\"EntryPoint\",\"urlTemplate\":\"https:\\\/\\\/www.webdo.tn\\\/fr\\\/?s={search_term_string}\"},\"query-input\":{\"@type\":\"PropertyValueSpecification\",\"valueRequired\":true,\"valueName\":\"search_term_string\"}}],\"inLanguage\":\"fr-FR\"},{\"@type\":\"Organization\",\"@id\":\"https:\\\/\\\/www.webdo.tn\\\/fr\\\/#organization\",\"name\":\"Webdo\",\"alternateName\":\"Webdo.tn\",\"url\":\"https:\\\/\\\/www.webdo.tn\\\/fr\\\/\",\"logo\":{\"@type\":\"ImageObject\",\"inLanguage\":\"fr-FR\",\"@id\":\"https:\\\/\\\/www.webdo.tn\\\/fr\\\/#\\\/schema\\\/logo\\\/image\\\/\",\"url\":\"https:\\\/\\\/www.webdo.tn\\\/fr\\\/wp-content\\\/uploads\\\/2025\\\/06\\\/Webdo-Tunisie_168377.jpg\",\"contentUrl\":\"https:\\\/\\\/www.webdo.tn\\\/fr\\\/wp-content\\\/uploads\\\/2025\\\/06\\\/Webdo-Tunisie_168377.jpg\",\"width\":301,\"height\":301,\"caption\":\"Webdo\"},\"image\":{\"@id\":\"https:\\\/\\\/www.webdo.tn\\\/fr\\\/#\\\/schema\\\/logo\\\/image\\\/\"},\"sameAs\":[\"https:\\\/\\\/www.facebook.com\\\/webdotn\",\"https:\\\/\\\/x.com\\\/webdo_tn\"],\"description\":\"Webdo est un m\u00e9dia num\u00e9rique tunisien fond\u00e9 en 2010, sp\u00e9cialis\u00e9 dans l\u2019actualit\u00e9 nationale et internationale, l\u2019\u00e9conomie, la soci\u00e9t\u00e9 et les analyses politiques. Le site s\u2019adresse \u00e0 un large public francophone et couvre l\u2019information tunisienne en temps r\u00e9el.\",\"email\":\"redac@webdo.tn\",\"legalName\":\"YNJ SARL\",\"foundingDate\":\"2010-09-06\",\"numberOfEmployees\":{\"@type\":\"QuantitativeValue\",\"minValue\":\"11\",\"maxValue\":\"50\"}},{\"@type\":\"Person\",\"@id\":\"https:\\\/\\\/www.webdo.tn\\\/fr\\\/#\\\/schema\\\/person\\\/f35b42a42c5e2511bbd282959d6385cc\",\"name\":\"CL\",\"image\":{\"@type\":\"ImageObject\",\"inLanguage\":\"fr-FR\",\"@id\":\"https:\\\/\\\/secure.gravatar.com\\\/avatar\\\/1447a49909b67aa657c488aec6512e1dd6143a480c1ecfee9b5b5cd74eb3b59e?s=96&d=mm&r=g\",\"url\":\"https:\\\/\\\/secure.gravatar.com\\\/avatar\\\/1447a49909b67aa657c488aec6512e1dd6143a480c1ecfee9b5b5cd74eb3b59e?s=96&d=mm&r=g\",\"contentUrl\":\"https:\\\/\\\/secure.gravatar.com\\\/avatar\\\/1447a49909b67aa657c488aec6512e1dd6143a480c1ecfee9b5b5cd74eb3b59e?s=96&d=mm&r=g\",\"caption\":\"CL\"},\"url\":\"https:\\\/\\\/www.webdo.tn\\\/fr\\\/actualite\\\/author\\\/cl\\\/\"}]}<\/script>\n<!-- \/ Yoast SEO Premium plugin. -->","yoast_head_json":{"title":"Donald Trump victime d\u2019une tentative d\u2019assassinat","description":"L'ancien pr\u00e9sident am\u00e9ricain Donald Trump, candidat r\u00e9publicain \u00e0 l'\u00e9lection pr\u00e9sidentielle, a \u00e9t\u00e9 victime d'une tentative d'assassinat, hier samedi 13 juillet...","canonical":"https:\/\/www.webdo.tn\/fr\/actualite\/international\/donald-trump-victime-d-une-tentative-d-assassinat\/215263\/","og_locale":"fr_FR","og_type":"article","og_title":"Donald Trump victime d\u2019une tentative d\u2019assassinat","og_description":"L'ancien pr\u00e9sident am\u00e9ricain Donald Trump, candidat r\u00e9publicain \u00e0 l'\u00e9lection pr\u00e9sidentielle, a \u00e9t\u00e9 victime d'une tentative d'assassinat, hier samedi 13 juillet...","og_url":"https:\/\/www.webdo.tn\/fr\/actualite\/international\/donald-trump-victime-d-une-tentative-d-assassinat\/215263\/","og_site_name":"webdo","article_publisher":"https:\/\/www.facebook.com\/webdotn","article_published_time":"2024-07-14T11:46:00+00:00","article_modified_time":"2025-05-20T22:35:41+00:00","og_image":[{"width":700,"height":373,"url":"https:\/\/www.webdo.tn\/fr\/wp-content\/uploads\/2024\/07\/8580d22e5635226a0093fbfe8141aa1f.webp","type":"image\/webp"}],"author":"CL","twitter_card":"summary_large_image","twitter_creator":"@webdo_tn","twitter_site":"@webdo_tn","twitter_misc":{"\u00c9crit par":"CL","Dur\u00e9e de lecture estim\u00e9e":"1 minute"},"schema":{"@context":"https:\/\/schema.org","@graph":[{"@type":"NewsArticle","@id":"https:\/\/www.webdo.tn\/fr\/actualite\/international\/donald-trump-victime-d-une-tentative-d-assassinat\/215263\/#article","isPartOf":{"@id":"https:\/\/www.webdo.tn\/fr\/actualite\/international\/donald-trump-victime-d-une-tentative-d-assassinat\/215263\/"},"author":{"name":"CL","@id":"https:\/\/www.webdo.tn\/fr\/#\/schema\/person\/f35b42a42c5e2511bbd282959d6385cc"},"headline":"Donald Trump victime d\u2019une tentative d\u2019assassinat","datePublished":"2024-07-14T11:46:00+00:00","dateModified":"2025-05-20T22:35:41+00:00","mainEntityOfPage":{"@id":"https:\/\/www.webdo.tn\/fr\/actualite\/international\/donald-trump-victime-d-une-tentative-d-assassinat\/215263\/"},"wordCount":248,"commentCount":0,"publisher":{"@id":"https:\/\/www.webdo.tn\/fr\/#organization"},"image":{"@id":"https:\/\/www.webdo.tn\/fr\/actualite\/international\/donald-trump-victime-d-une-tentative-d-assassinat\/215263\/#primaryimage"},"thumbnailUrl":"https:\/\/www.webdo.tn\/fr\/wp-content\/uploads\/2024\/07\/8580d22e5635226a0093fbfe8141aa1f.webp","keywords":["Donald Trump","Etats-Unis","tentative d'assassinat"],"articleSection":["International"],"inLanguage":"fr-FR"},{"@type":"WebPage","@id":"https:\/\/www.webdo.tn\/fr\/actualite\/international\/donald-trump-victime-d-une-tentative-d-assassinat\/215263\/","url":"https:\/\/www.webdo.tn\/fr\/actualite\/international\/donald-trump-victime-d-une-tentative-d-assassinat\/215263\/","name":"Donald Trump victime d\u2019une tentative d\u2019assassinat","isPartOf":{"@id":"https:\/\/www.webdo.tn\/fr\/#website"},"primaryImageOfPage":{"@id":"https:\/\/www.webdo.tn\/fr\/actualite\/international\/donald-trump-victime-d-une-tentative-d-assassinat\/215263\/#primaryimage"},"image":{"@id":"https:\/\/www.webdo.tn\/fr\/actualite\/international\/donald-trump-victime-d-une-tentative-d-assassinat\/215263\/#primaryimage"},"thumbnailUrl":"https:\/\/www.webdo.tn\/fr\/wp-content\/uploads\/2024\/07\/8580d22e5635226a0093fbfe8141aa1f.webp","datePublished":"2024-07-14T11:46:00+00:00","dateModified":"2025-05-20T22:35:41+00:00","description":"L'ancien pr\u00e9sident am\u00e9ricain Donald Trump, candidat r\u00e9publicain \u00e0 l'\u00e9lection pr\u00e9sidentielle, a \u00e9t\u00e9 victime d'une tentative d'assassinat, hier samedi 13 juillet...","breadcrumb":{"@id":"https:\/\/www.webdo.tn\/fr\/actualite\/international\/donald-trump-victime-d-une-tentative-d-assassinat\/215263\/#breadcrumb"},"inLanguage":"fr-FR","potentialAction":[{"@type":"ReadAction","target":["https:\/\/www.webdo.tn\/fr\/actualite\/international\/donald-trump-victime-d-une-tentative-d-assassinat\/215263\/"]}]},{"@type":"ImageObject","inLanguage":"fr-FR","@id":"https:\/\/www.webdo.tn\/fr\/actualite\/international\/donald-trump-victime-d-une-tentative-d-assassinat\/215263\/#primaryimage","url":"https:\/\/www.webdo.tn\/fr\/wp-content\/uploads\/2024\/07\/8580d22e5635226a0093fbfe8141aa1f.webp","contentUrl":"https:\/\/www.webdo.tn\/fr\/wp-content\/uploads\/2024\/07\/8580d22e5635226a0093fbfe8141aa1f.webp","width":700,"height":373,"caption":"Donald Trump victime d\u2019une tentative d\u2019assassinat"},{"@type":"BreadcrumbList","@id":"https:\/\/www.webdo.tn\/fr\/actualite\/international\/donald-trump-victime-d-une-tentative-d-assassinat\/215263\/#breadcrumb","itemListElement":[{"@type":"ListItem","position":1,"name":"Accueil","item":"https:\/\/www.webdo.tn\/fr\/"},{"@type":"ListItem","position":2,"name":"Donald Trump victime d\u2019une tentative d\u2019assassinat"}]},{"@type":"WebSite","@id":"https:\/\/www.webdo.tn\/fr\/#website","url":"https:\/\/www.webdo.tn\/fr\/","name":"webdo","description":"Tunisie - News en Tunisie et \u00e0 l&#039;international sur Webdo.tn","publisher":{"@id":"https:\/\/www.webdo.tn\/fr\/#organization"},"potentialAction":[{"@type":"SearchAction","target":{"@type":"EntryPoint","urlTemplate":"https:\/\/www.webdo.tn\/fr\/?s={search_term_string}"},"query-input":{"@type":"PropertyValueSpecification","valueRequired":true,"valueName":"search_term_string"}}],"inLanguage":"fr-FR"},{"@type":"Organization","@id":"https:\/\/www.webdo.tn\/fr\/#organization","name":"Webdo","alternateName":"Webdo.tn","url":"https:\/\/www.webdo.tn\/fr\/","logo":{"@type":"ImageObject","inLanguage":"fr-FR","@id":"https:\/\/www.webdo.tn\/fr\/#\/schema\/logo\/image\/","url":"https:\/\/www.webdo.tn\/fr\/wp-content\/uploads\/2025\/06\/Webdo-Tunisie_168377.jpg","contentUrl":"https:\/\/www.webdo.tn\/fr\/wp-content\/uploads\/2025\/06\/Webdo-Tunisie_168377.jpg","width":301,"height":301,"caption":"Webdo"},"image":{"@id":"https:\/\/www.webdo.tn\/fr\/#\/schema\/logo\/image\/"},"sameAs":["https:\/\/www.facebook.com\/webdotn","https:\/\/x.com\/webdo_tn"],"description":"Webdo est un m\u00e9dia num\u00e9rique tunisien fond\u00e9 en 2010, sp\u00e9cialis\u00e9 dans l\u2019actualit\u00e9 nationale et internationale, l\u2019\u00e9conomie, la soci\u00e9t\u00e9 et les analyses politiques. Le site s\u2019adresse \u00e0 un large public francophone et couvre l\u2019information tunisienne en temps r\u00e9el.","email":"redac@webdo.tn","legalName":"YNJ SARL","foundingDate":"2010-09-06","numberOfEmployees":{"@type":"QuantitativeValue","minValue":"11","maxValue":"50"}},{"@type":"Person","@id":"https:\/\/www.webdo.tn\/fr\/#\/schema\/person\/f35b42a42c5e2511bbd282959d6385cc","name":"CL","image":{"@type":"ImageObject","inLanguage":"fr-FR","@id":"https:\/\/secure.gravatar.com\/avatar\/1447a49909b67aa657c488aec6512e1dd6143a480c1ecfee9b5b5cd74eb3b59e?s=96&d=mm&r=g","url":"https:\/\/secure.gravatar.com\/avatar\/1447a49909b67aa657c488aec6512e1dd6143a480c1ecfee9b5b5cd74eb3b59e?s=96&d=mm&r=g","contentUrl":"https:\/\/secure.gravatar.com\/avatar\/1447a49909b67aa657c488aec6512e1dd6143a480c1ecfee9b5b5cd74eb3b59e?s=96&d=mm&r=g","caption":"CL"},"url":"https:\/\/www.webdo.tn\/fr\/actualite\/author\/cl\/"}]}},"_links":{"self":[{"href":"https:\/\/www.webdo.tn\/fr\/wp-json\/wp\/v2\/posts\/215263","targetHints":{"allow":["GET"]}}],"collection":[{"href":"https:\/\/www.webdo.tn\/fr\/wp-json\/wp\/v2\/posts"}],"about":[{"href":"https:\/\/www.webdo.tn\/fr\/wp-json\/wp\/v2\/types\/post"}],"author":[{"embeddable":true,"href":"https:\/\/www.webdo.tn\/fr\/wp-json\/wp\/v2\/users\/3175"}],"replies":[{"embeddable":true,"href":"https:\/\/www.webdo.tn\/fr\/wp-json\/wp\/v2\/comments?post=215263"}],"version-history":[{"count":0,"href":"https:\/\/www.webdo.tn\/fr\/wp-json\/wp\/v2\/posts\/215263\/revisions"}],"wp:featuredmedia":[{"embeddable":true,"href":"https:\/\/www.webdo.tn\/fr\/wp-json\/wp\/v2\/media\/246990"}],"wp:attachment":[{"href":"https:\/\/www.webdo.tn\/fr\/wp-json\/wp\/v2\/media?parent=215263"}],"wp:term":[{"taxonomy":"category","embeddable":true,"href":"https:\/\/www.webdo.tn\/fr\/wp-json\/wp\/v2\/categories?post=215263"},{"taxonomy":"post_tag","embeddable":true,"href":"https:\/\/www.webdo.tn\/fr\/wp-json\/wp\/v2\/tags?post=215263"}],"curies":[{"name":"wp","href":"https:\/\/api.w.org\/{rel}","templated":true}]}}