{"id":215251,"date":"2024-07-13T10:45:00","date_gmt":"2024-07-13T10:45:00","guid":{"rendered":"https:\/\/www.webdo.tn\/fr\/blog\/tunisie-kais-saied-appelle-a-mener-une-campagne-de-nettoyage-d-urgence-a-l-echelle-nationale\/215251\/"},"modified":"2025-05-20T22:54:22","modified_gmt":"2025-05-20T22:54:22","slug":"tunisie-kais-saied-appelle-a-mener-une-campagne-de-nettoyage-d-urgence-a-l-echelle-nationale","status":"publish","type":"post","link":"https:\/\/www.webdo.tn\/fr\/actualite\/national\/tunisie-kais-saied-appelle-a-mener-une-campagne-de-nettoyage-d-urgence-a-l-echelle-nationale\/215251\/","title":{"rendered":"Tunisie : Kais Saied appelle \u00e0 mener une campagne de nettoyage d&rsquo;urgence \u00e0 l\u2019\u00e9chelle nationale"},"content":{"rendered":"<p>Le pr\u00e9sident de la R\u00e9publique, Kais Saied, s&rsquo;est rendu vendredi 12 juillet dans la banlieue sud  et plus pr\u00e9cis\u00e9ment \u00e0 Hammam Lif, o\u00f9 il a constat\u00e9 la situation environnementale d\u00e9sastreuse.<\/p>\n<p>\t\t\t\t\t\t\t\t\tLe pr\u00e9sident de la R\u00e9publique, Kais Saied, s&rsquo;est rendu vendredi 12 juillet dans la banlieue sud\u00a0 et plus pr\u00e9cis\u00e9ment \u00e0 Hammam Lif, o\u00f9 il a constat\u00e9 la situation environnementale d\u00e9sastreuse due \u00e0 la n\u00e9gligence, au rejet des eaux us\u00e9es dans la mer, ainsi qu&rsquo;\u00e0 l&rsquo;am\u00e9nagement urbain o\u00f9 les r\u00e8gles les plus \u00e9l\u00e9mentaires n&rsquo;ont pas \u00e9t\u00e9 respect\u00e9es, transformant des sites historiques en b\u00e2timents pr\u00e9caires.<\/p>\n<p>Le chef de l&rsquo;\u00c9tat a appel\u00e9 \u00e0 mener une campagne de nettoyage d&rsquo;urgence en attendant des solutions radicales pour rem\u00e9dier \u00e0 de telles situations, non seulement \u00e0 Hammam Lif mais \u00e9galement \u00e0 l&rsquo;\u00e9chelle nationale, tout en chargeant de responsabilit\u00e9 ceux qui ont caus\u00e9 ces actes qualifi\u00e9s de criminels, indique un communiqu\u00e9 de la Pr\u00e9sidence de la R\u00e9publique.<\/p>\n","protected":false},"excerpt":{"rendered":"<p>Le pr\u00e9sident de la R\u00e9publique, Kais Saied, s&rsquo;est rendu vendredi 12 juillet dans la banlieue sud  et plus pr\u00e9cis\u00e9ment \u00e0 Hammam Lif, o\u00f9 il a constat\u00e9 la situation&#8230;<\/p>\n","protected":false},"author":3175,"featured_media":290838,"comment_status":"open","ping_status":"closed","sticky":false,"template":"","format":"standard","meta":{"footnotes":""},"categories":[44],"tags":[6572,6060,2608],"class_list":["post-215251","post","type-post","status-publish","format-standard","has-post-thumbnail","hentry","category-national","tag-hammam-lif","tag-nettoyage","tag-tunisie"],"yoast_head":"<!-- This site is optimized with the Yoast SEO Premium plugin v27.4 (Yoast SEO v27.5) - https:\/\/yoast.com\/product\/yoast-seo-premium-wordpress\/ -->\n<title>Tunisie : Kais Saied appelle \u00e0 mener une campagne de nettoyage d&#039;urgence \u00e0 l\u2019\u00e9chelle nationale<\/title>\n<meta name=\"description\" content=\"Le pr\u00e9sident de la R\u00e9publique, Kais Saied, s&#039;est rendu vendredi 12 juillet dans la banlieue sud et plus pr\u00e9cis\u00e9ment \u00e0 Hammam Lif, o\u00f9 il a constat\u00e9 la situation...\" \/>\n<link rel=\"canonical\" href=\"https:\/\/www.webdo.tn\/fr\/actualite\/national\/tunisie-kais-saied-appelle-a-mener-une-campagne-de-nettoyage-d-urgence-a-l-echelle-nationale\/215251\/\" \/>\n<meta property=\"og:locale\" content=\"fr_FR\" \/>\n<meta property=\"og:type\" content=\"article\" \/>\n<meta property=\"og:title\" content=\"Tunisie : Kais Saied appelle \u00e0 mener une campagne de nettoyage d&#039;urgence \u00e0 l\u2019\u00e9chelle nationale\" \/>\n<meta property=\"og:description\" content=\"Le pr\u00e9sident de la R\u00e9publique, Kais Saied, s&#039;est rendu vendredi 12 juillet dans la banlieue sud et plus pr\u00e9cis\u00e9ment \u00e0 Hammam Lif, o\u00f9 il a constat\u00e9 la situation...\" \/>\n<meta property=\"og:url\" content=\"https:\/\/www.webdo.tn\/fr\/actualite\/national\/tunisie-kais-saied-appelle-a-mener-une-campagne-de-nettoyage-d-urgence-a-l-echelle-nationale\/215251\/\" \/>\n<meta property=\"og:site_name\" content=\"webdo\" \/>\n<meta property=\"article:publisher\" content=\"https:\/\/www.facebook.com\/webdotn\" \/>\n<meta property=\"article:published_time\" content=\"2024-07-13T10:45:00+00:00\" \/>\n<meta property=\"article:modified_time\" content=\"2025-05-20T22:54:22+00:00\" \/>\n<meta property=\"og:image\" content=\"https:\/\/www.webdo.tn\/fr\/wp-content\/uploads\/2024\/07\/b1871db270e6f8603526ed0a2ee07813.webp\" \/>\n\t<meta property=\"og:image:width\" content=\"750\" \/>\n\t<meta property=\"og:image:height\" content=\"400\" \/>\n\t<meta property=\"og:image:type\" content=\"image\/webp\" \/>\n<meta name=\"author\" content=\"CL\" \/>\n<meta name=\"twitter:card\" content=\"summary_large_image\" \/>\n<meta name=\"twitter:creator\" content=\"@webdo_tn\" \/>\n<meta name=\"twitter:site\" content=\"@webdo_tn\" \/>\n<meta name=\"twitter:label1\" content=\"\u00c9crit par\" \/>\n\t<meta name=\"twitter:data1\" content=\"CL\" \/>\n\t<meta name=\"twitter:label2\" content=\"Dur\u00e9e de lecture estim\u00e9e\" \/>\n\t<meta name=\"twitter:data2\" content=\"1 minute\" \/>\n<script type=\"application\/ld+json\" class=\"yoast-schema-graph\">{\"@context\":\"https:\\\/\\\/schema.org\",\"@graph\":[{\"@type\":\"NewsArticle\",\"@id\":\"https:\\\/\\\/www.webdo.tn\\\/fr\\\/actualite\\\/national\\\/tunisie-kais-saied-appelle-a-mener-une-campagne-de-nettoyage-d-urgence-a-l-echelle-nationale\\\/215251\\\/#article\",\"isPartOf\":{\"@id\":\"https:\\\/\\\/www.webdo.tn\\\/fr\\\/actualite\\\/national\\\/tunisie-kais-saied-appelle-a-mener-une-campagne-de-nettoyage-d-urgence-a-l-echelle-nationale\\\/215251\\\/\"},\"author\":{\"name\":\"CL\",\"@id\":\"https:\\\/\\\/www.webdo.tn\\\/fr\\\/#\\\/schema\\\/person\\\/f35b42a42c5e2511bbd282959d6385cc\"},\"headline\":\"Tunisie : Kais Saied appelle \u00e0 mener une campagne de nettoyage d&rsquo;urgence \u00e0 l\u2019\u00e9chelle nationale\",\"datePublished\":\"2024-07-13T10:45:00+00:00\",\"dateModified\":\"2025-05-20T22:54:22+00:00\",\"mainEntityOfPage\":{\"@id\":\"https:\\\/\\\/www.webdo.tn\\\/fr\\\/actualite\\\/national\\\/tunisie-kais-saied-appelle-a-mener-une-campagne-de-nettoyage-d-urgence-a-l-echelle-nationale\\\/215251\\\/\"},\"wordCount\":184,\"commentCount\":0,\"publisher\":{\"@id\":\"https:\\\/\\\/www.webdo.tn\\\/fr\\\/#organization\"},\"image\":{\"@id\":\"https:\\\/\\\/www.webdo.tn\\\/fr\\\/actualite\\\/national\\\/tunisie-kais-saied-appelle-a-mener-une-campagne-de-nettoyage-d-urgence-a-l-echelle-nationale\\\/215251\\\/#primaryimage\"},\"thumbnailUrl\":\"https:\\\/\\\/www.webdo.tn\\\/fr\\\/wp-content\\\/uploads\\\/2024\\\/07\\\/b1871db270e6f8603526ed0a2ee07813.webp\",\"keywords\":[\"hammam-lif\",\"nettoyage\",\"Tunisie\"],\"articleSection\":[\"National\"],\"inLanguage\":\"fr-FR\"},{\"@type\":\"WebPage\",\"@id\":\"https:\\\/\\\/www.webdo.tn\\\/fr\\\/actualite\\\/national\\\/tunisie-kais-saied-appelle-a-mener-une-campagne-de-nettoyage-d-urgence-a-l-echelle-nationale\\\/215251\\\/\",\"url\":\"https:\\\/\\\/www.webdo.tn\\\/fr\\\/actualite\\\/national\\\/tunisie-kais-saied-appelle-a-mener-une-campagne-de-nettoyage-d-urgence-a-l-echelle-nationale\\\/215251\\\/\",\"name\":\"Tunisie : Kais Saied appelle \u00e0 mener une campagne de nettoyage d'urgence \u00e0 l\u2019\u00e9chelle nationale\",\"isPartOf\":{\"@id\":\"https:\\\/\\\/www.webdo.tn\\\/fr\\\/#website\"},\"primaryImageOfPage\":{\"@id\":\"https:\\\/\\\/www.webdo.tn\\\/fr\\\/actualite\\\/national\\\/tunisie-kais-saied-appelle-a-mener-une-campagne-de-nettoyage-d-urgence-a-l-echelle-nationale\\\/215251\\\/#primaryimage\"},\"image\":{\"@id\":\"https:\\\/\\\/www.webdo.tn\\\/fr\\\/actualite\\\/national\\\/tunisie-kais-saied-appelle-a-mener-une-campagne-de-nettoyage-d-urgence-a-l-echelle-nationale\\\/215251\\\/#primaryimage\"},\"thumbnailUrl\":\"https:\\\/\\\/www.webdo.tn\\\/fr\\\/wp-content\\\/uploads\\\/2024\\\/07\\\/b1871db270e6f8603526ed0a2ee07813.webp\",\"datePublished\":\"2024-07-13T10:45:00+00:00\",\"dateModified\":\"2025-05-20T22:54:22+00:00\",\"description\":\"Le pr\u00e9sident de la R\u00e9publique, Kais Saied, s'est rendu vendredi 12 juillet dans la banlieue sud et plus pr\u00e9cis\u00e9ment \u00e0 Hammam Lif, o\u00f9 il a constat\u00e9 la situation...\",\"breadcrumb\":{\"@id\":\"https:\\\/\\\/www.webdo.tn\\\/fr\\\/actualite\\\/national\\\/tunisie-kais-saied-appelle-a-mener-une-campagne-de-nettoyage-d-urgence-a-l-echelle-nationale\\\/215251\\\/#breadcrumb\"},\"inLanguage\":\"fr-FR\",\"potentialAction\":[{\"@type\":\"ReadAction\",\"target\":[\"https:\\\/\\\/www.webdo.tn\\\/fr\\\/actualite\\\/national\\\/tunisie-kais-saied-appelle-a-mener-une-campagne-de-nettoyage-d-urgence-a-l-echelle-nationale\\\/215251\\\/\"]}]},{\"@type\":\"ImageObject\",\"inLanguage\":\"fr-FR\",\"@id\":\"https:\\\/\\\/www.webdo.tn\\\/fr\\\/actualite\\\/national\\\/tunisie-kais-saied-appelle-a-mener-une-campagne-de-nettoyage-d-urgence-a-l-echelle-nationale\\\/215251\\\/#primaryimage\",\"url\":\"https:\\\/\\\/www.webdo.tn\\\/fr\\\/wp-content\\\/uploads\\\/2024\\\/07\\\/b1871db270e6f8603526ed0a2ee07813.webp\",\"contentUrl\":\"https:\\\/\\\/www.webdo.tn\\\/fr\\\/wp-content\\\/uploads\\\/2024\\\/07\\\/b1871db270e6f8603526ed0a2ee07813.webp\",\"width\":750,\"height\":400,\"caption\":\"Tunisie : Kais Saied appelle \u00e0 mener une campagne de nettoyage d'urgence \u00e0 l\u2019\u00e9chelle nationale\"},{\"@type\":\"BreadcrumbList\",\"@id\":\"https:\\\/\\\/www.webdo.tn\\\/fr\\\/actualite\\\/national\\\/tunisie-kais-saied-appelle-a-mener-une-campagne-de-nettoyage-d-urgence-a-l-echelle-nationale\\\/215251\\\/#breadcrumb\",\"itemListElement\":[{\"@type\":\"ListItem\",\"position\":1,\"name\":\"Accueil\",\"item\":\"https:\\\/\\\/www.webdo.tn\\\/fr\\\/\"},{\"@type\":\"ListItem\",\"position\":2,\"name\":\"Tunisie : Kais Saied appelle \u00e0 mener une campagne de nettoyage d&rsquo;urgence \u00e0 l\u2019\u00e9chelle nationale\"}]},{\"@type\":\"WebSite\",\"@id\":\"https:\\\/\\\/www.webdo.tn\\\/fr\\\/#website\",\"url\":\"https:\\\/\\\/www.webdo.tn\\\/fr\\\/\",\"name\":\"webdo\",\"description\":\"Tunisie - News en Tunisie et \u00e0 l&#039;international sur Webdo.tn\",\"publisher\":{\"@id\":\"https:\\\/\\\/www.webdo.tn\\\/fr\\\/#organization\"},\"potentialAction\":[{\"@type\":\"SearchAction\",\"target\":{\"@type\":\"EntryPoint\",\"urlTemplate\":\"https:\\\/\\\/www.webdo.tn\\\/fr\\\/?s={search_term_string}\"},\"query-input\":{\"@type\":\"PropertyValueSpecification\",\"valueRequired\":true,\"valueName\":\"search_term_string\"}}],\"inLanguage\":\"fr-FR\"},{\"@type\":\"Organization\",\"@id\":\"https:\\\/\\\/www.webdo.tn\\\/fr\\\/#organization\",\"name\":\"Webdo\",\"alternateName\":\"Webdo.tn\",\"url\":\"https:\\\/\\\/www.webdo.tn\\\/fr\\\/\",\"logo\":{\"@type\":\"ImageObject\",\"inLanguage\":\"fr-FR\",\"@id\":\"https:\\\/\\\/www.webdo.tn\\\/fr\\\/#\\\/schema\\\/logo\\\/image\\\/\",\"url\":\"https:\\\/\\\/www.webdo.tn\\\/fr\\\/wp-content\\\/uploads\\\/2025\\\/06\\\/Webdo-Tunisie_168377.jpg\",\"contentUrl\":\"https:\\\/\\\/www.webdo.tn\\\/fr\\\/wp-content\\\/uploads\\\/2025\\\/06\\\/Webdo-Tunisie_168377.jpg\",\"width\":301,\"height\":301,\"caption\":\"Webdo\"},\"image\":{\"@id\":\"https:\\\/\\\/www.webdo.tn\\\/fr\\\/#\\\/schema\\\/logo\\\/image\\\/\"},\"sameAs\":[\"https:\\\/\\\/www.facebook.com\\\/webdotn\",\"https:\\\/\\\/x.com\\\/webdo_tn\"],\"description\":\"Webdo est un m\u00e9dia num\u00e9rique tunisien fond\u00e9 en 2010, sp\u00e9cialis\u00e9 dans l\u2019actualit\u00e9 nationale et internationale, l\u2019\u00e9conomie, la soci\u00e9t\u00e9 et les analyses politiques. Le site s\u2019adresse \u00e0 un large public francophone et couvre l\u2019information tunisienne en temps r\u00e9el.\",\"email\":\"redac@webdo.tn\",\"legalName\":\"YNJ SARL\",\"foundingDate\":\"2010-09-06\",\"numberOfEmployees\":{\"@type\":\"QuantitativeValue\",\"minValue\":\"11\",\"maxValue\":\"50\"}},{\"@type\":\"Person\",\"@id\":\"https:\\\/\\\/www.webdo.tn\\\/fr\\\/#\\\/schema\\\/person\\\/f35b42a42c5e2511bbd282959d6385cc\",\"name\":\"CL\",\"image\":{\"@type\":\"ImageObject\",\"inLanguage\":\"fr-FR\",\"@id\":\"https:\\\/\\\/secure.gravatar.com\\\/avatar\\\/1447a49909b67aa657c488aec6512e1dd6143a480c1ecfee9b5b5cd74eb3b59e?s=96&d=mm&r=g\",\"url\":\"https:\\\/\\\/secure.gravatar.com\\\/avatar\\\/1447a49909b67aa657c488aec6512e1dd6143a480c1ecfee9b5b5cd74eb3b59e?s=96&d=mm&r=g\",\"contentUrl\":\"https:\\\/\\\/secure.gravatar.com\\\/avatar\\\/1447a49909b67aa657c488aec6512e1dd6143a480c1ecfee9b5b5cd74eb3b59e?s=96&d=mm&r=g\",\"caption\":\"CL\"},\"url\":\"https:\\\/\\\/www.webdo.tn\\\/fr\\\/actualite\\\/author\\\/cl\\\/\"}]}<\/script>\n<!-- \/ Yoast SEO Premium plugin. -->","yoast_head_json":{"title":"Tunisie : Kais Saied appelle \u00e0 mener une campagne de nettoyage d'urgence \u00e0 l\u2019\u00e9chelle nationale","description":"Le pr\u00e9sident de la R\u00e9publique, Kais Saied, s'est rendu vendredi 12 juillet dans la banlieue sud et plus pr\u00e9cis\u00e9ment \u00e0 Hammam Lif, o\u00f9 il a constat\u00e9 la situation...","canonical":"https:\/\/www.webdo.tn\/fr\/actualite\/national\/tunisie-kais-saied-appelle-a-mener-une-campagne-de-nettoyage-d-urgence-a-l-echelle-nationale\/215251\/","og_locale":"fr_FR","og_type":"article","og_title":"Tunisie : Kais Saied appelle \u00e0 mener une campagne de nettoyage d'urgence \u00e0 l\u2019\u00e9chelle nationale","og_description":"Le pr\u00e9sident de la R\u00e9publique, Kais Saied, s'est rendu vendredi 12 juillet dans la banlieue sud et plus pr\u00e9cis\u00e9ment \u00e0 Hammam Lif, o\u00f9 il a constat\u00e9 la situation...","og_url":"https:\/\/www.webdo.tn\/fr\/actualite\/national\/tunisie-kais-saied-appelle-a-mener-une-campagne-de-nettoyage-d-urgence-a-l-echelle-nationale\/215251\/","og_site_name":"webdo","article_publisher":"https:\/\/www.facebook.com\/webdotn","article_published_time":"2024-07-13T10:45:00+00:00","article_modified_time":"2025-05-20T22:54:22+00:00","og_image":[{"width":750,"height":400,"url":"https:\/\/www.webdo.tn\/fr\/wp-content\/uploads\/2024\/07\/b1871db270e6f8603526ed0a2ee07813.webp","type":"image\/webp"}],"author":"CL","twitter_card":"summary_large_image","twitter_creator":"@webdo_tn","twitter_site":"@webdo_tn","twitter_misc":{"\u00c9crit par":"CL","Dur\u00e9e de lecture estim\u00e9e":"1 minute"},"schema":{"@context":"https:\/\/schema.org","@graph":[{"@type":"NewsArticle","@id":"https:\/\/www.webdo.tn\/fr\/actualite\/national\/tunisie-kais-saied-appelle-a-mener-une-campagne-de-nettoyage-d-urgence-a-l-echelle-nationale\/215251\/#article","isPartOf":{"@id":"https:\/\/www.webdo.tn\/fr\/actualite\/national\/tunisie-kais-saied-appelle-a-mener-une-campagne-de-nettoyage-d-urgence-a-l-echelle-nationale\/215251\/"},"author":{"name":"CL","@id":"https:\/\/www.webdo.tn\/fr\/#\/schema\/person\/f35b42a42c5e2511bbd282959d6385cc"},"headline":"Tunisie : Kais Saied appelle \u00e0 mener une campagne de nettoyage d&rsquo;urgence \u00e0 l\u2019\u00e9chelle nationale","datePublished":"2024-07-13T10:45:00+00:00","dateModified":"2025-05-20T22:54:22+00:00","mainEntityOfPage":{"@id":"https:\/\/www.webdo.tn\/fr\/actualite\/national\/tunisie-kais-saied-appelle-a-mener-une-campagne-de-nettoyage-d-urgence-a-l-echelle-nationale\/215251\/"},"wordCount":184,"commentCount":0,"publisher":{"@id":"https:\/\/www.webdo.tn\/fr\/#organization"},"image":{"@id":"https:\/\/www.webdo.tn\/fr\/actualite\/national\/tunisie-kais-saied-appelle-a-mener-une-campagne-de-nettoyage-d-urgence-a-l-echelle-nationale\/215251\/#primaryimage"},"thumbnailUrl":"https:\/\/www.webdo.tn\/fr\/wp-content\/uploads\/2024\/07\/b1871db270e6f8603526ed0a2ee07813.webp","keywords":["hammam-lif","nettoyage","Tunisie"],"articleSection":["National"],"inLanguage":"fr-FR"},{"@type":"WebPage","@id":"https:\/\/www.webdo.tn\/fr\/actualite\/national\/tunisie-kais-saied-appelle-a-mener-une-campagne-de-nettoyage-d-urgence-a-l-echelle-nationale\/215251\/","url":"https:\/\/www.webdo.tn\/fr\/actualite\/national\/tunisie-kais-saied-appelle-a-mener-une-campagne-de-nettoyage-d-urgence-a-l-echelle-nationale\/215251\/","name":"Tunisie : Kais Saied appelle \u00e0 mener une campagne de nettoyage d'urgence \u00e0 l\u2019\u00e9chelle nationale","isPartOf":{"@id":"https:\/\/www.webdo.tn\/fr\/#website"},"primaryImageOfPage":{"@id":"https:\/\/www.webdo.tn\/fr\/actualite\/national\/tunisie-kais-saied-appelle-a-mener-une-campagne-de-nettoyage-d-urgence-a-l-echelle-nationale\/215251\/#primaryimage"},"image":{"@id":"https:\/\/www.webdo.tn\/fr\/actualite\/national\/tunisie-kais-saied-appelle-a-mener-une-campagne-de-nettoyage-d-urgence-a-l-echelle-nationale\/215251\/#primaryimage"},"thumbnailUrl":"https:\/\/www.webdo.tn\/fr\/wp-content\/uploads\/2024\/07\/b1871db270e6f8603526ed0a2ee07813.webp","datePublished":"2024-07-13T10:45:00+00:00","dateModified":"2025-05-20T22:54:22+00:00","description":"Le pr\u00e9sident de la R\u00e9publique, Kais Saied, s'est rendu vendredi 12 juillet dans la banlieue sud et plus pr\u00e9cis\u00e9ment \u00e0 Hammam Lif, o\u00f9 il a constat\u00e9 la situation...","breadcrumb":{"@id":"https:\/\/www.webdo.tn\/fr\/actualite\/national\/tunisie-kais-saied-appelle-a-mener-une-campagne-de-nettoyage-d-urgence-a-l-echelle-nationale\/215251\/#breadcrumb"},"inLanguage":"fr-FR","potentialAction":[{"@type":"ReadAction","target":["https:\/\/www.webdo.tn\/fr\/actualite\/national\/tunisie-kais-saied-appelle-a-mener-une-campagne-de-nettoyage-d-urgence-a-l-echelle-nationale\/215251\/"]}]},{"@type":"ImageObject","inLanguage":"fr-FR","@id":"https:\/\/www.webdo.tn\/fr\/actualite\/national\/tunisie-kais-saied-appelle-a-mener-une-campagne-de-nettoyage-d-urgence-a-l-echelle-nationale\/215251\/#primaryimage","url":"https:\/\/www.webdo.tn\/fr\/wp-content\/uploads\/2024\/07\/b1871db270e6f8603526ed0a2ee07813.webp","contentUrl":"https:\/\/www.webdo.tn\/fr\/wp-content\/uploads\/2024\/07\/b1871db270e6f8603526ed0a2ee07813.webp","width":750,"height":400,"caption":"Tunisie : Kais Saied appelle \u00e0 mener une campagne de nettoyage d'urgence \u00e0 l\u2019\u00e9chelle nationale"},{"@type":"BreadcrumbList","@id":"https:\/\/www.webdo.tn\/fr\/actualite\/national\/tunisie-kais-saied-appelle-a-mener-une-campagne-de-nettoyage-d-urgence-a-l-echelle-nationale\/215251\/#breadcrumb","itemListElement":[{"@type":"ListItem","position":1,"name":"Accueil","item":"https:\/\/www.webdo.tn\/fr\/"},{"@type":"ListItem","position":2,"name":"Tunisie : Kais Saied appelle \u00e0 mener une campagne de nettoyage d&rsquo;urgence \u00e0 l\u2019\u00e9chelle nationale"}]},{"@type":"WebSite","@id":"https:\/\/www.webdo.tn\/fr\/#website","url":"https:\/\/www.webdo.tn\/fr\/","name":"webdo","description":"Tunisie - News en Tunisie et \u00e0 l&#039;international sur Webdo.tn","publisher":{"@id":"https:\/\/www.webdo.tn\/fr\/#organization"},"potentialAction":[{"@type":"SearchAction","target":{"@type":"EntryPoint","urlTemplate":"https:\/\/www.webdo.tn\/fr\/?s={search_term_string}"},"query-input":{"@type":"PropertyValueSpecification","valueRequired":true,"valueName":"search_term_string"}}],"inLanguage":"fr-FR"},{"@type":"Organization","@id":"https:\/\/www.webdo.tn\/fr\/#organization","name":"Webdo","alternateName":"Webdo.tn","url":"https:\/\/www.webdo.tn\/fr\/","logo":{"@type":"ImageObject","inLanguage":"fr-FR","@id":"https:\/\/www.webdo.tn\/fr\/#\/schema\/logo\/image\/","url":"https:\/\/www.webdo.tn\/fr\/wp-content\/uploads\/2025\/06\/Webdo-Tunisie_168377.jpg","contentUrl":"https:\/\/www.webdo.tn\/fr\/wp-content\/uploads\/2025\/06\/Webdo-Tunisie_168377.jpg","width":301,"height":301,"caption":"Webdo"},"image":{"@id":"https:\/\/www.webdo.tn\/fr\/#\/schema\/logo\/image\/"},"sameAs":["https:\/\/www.facebook.com\/webdotn","https:\/\/x.com\/webdo_tn"],"description":"Webdo est un m\u00e9dia num\u00e9rique tunisien fond\u00e9 en 2010, sp\u00e9cialis\u00e9 dans l\u2019actualit\u00e9 nationale et internationale, l\u2019\u00e9conomie, la soci\u00e9t\u00e9 et les analyses politiques. Le site s\u2019adresse \u00e0 un large public francophone et couvre l\u2019information tunisienne en temps r\u00e9el.","email":"redac@webdo.tn","legalName":"YNJ SARL","foundingDate":"2010-09-06","numberOfEmployees":{"@type":"QuantitativeValue","minValue":"11","maxValue":"50"}},{"@type":"Person","@id":"https:\/\/www.webdo.tn\/fr\/#\/schema\/person\/f35b42a42c5e2511bbd282959d6385cc","name":"CL","image":{"@type":"ImageObject","inLanguage":"fr-FR","@id":"https:\/\/secure.gravatar.com\/avatar\/1447a49909b67aa657c488aec6512e1dd6143a480c1ecfee9b5b5cd74eb3b59e?s=96&d=mm&r=g","url":"https:\/\/secure.gravatar.com\/avatar\/1447a49909b67aa657c488aec6512e1dd6143a480c1ecfee9b5b5cd74eb3b59e?s=96&d=mm&r=g","contentUrl":"https:\/\/secure.gravatar.com\/avatar\/1447a49909b67aa657c488aec6512e1dd6143a480c1ecfee9b5b5cd74eb3b59e?s=96&d=mm&r=g","caption":"CL"},"url":"https:\/\/www.webdo.tn\/fr\/actualite\/author\/cl\/"}]}},"_links":{"self":[{"href":"https:\/\/www.webdo.tn\/fr\/wp-json\/wp\/v2\/posts\/215251","targetHints":{"allow":["GET"]}}],"collection":[{"href":"https:\/\/www.webdo.tn\/fr\/wp-json\/wp\/v2\/posts"}],"about":[{"href":"https:\/\/www.webdo.tn\/fr\/wp-json\/wp\/v2\/types\/post"}],"author":[{"embeddable":true,"href":"https:\/\/www.webdo.tn\/fr\/wp-json\/wp\/v2\/users\/3175"}],"replies":[{"embeddable":true,"href":"https:\/\/www.webdo.tn\/fr\/wp-json\/wp\/v2\/comments?post=215251"}],"version-history":[{"count":0,"href":"https:\/\/www.webdo.tn\/fr\/wp-json\/wp\/v2\/posts\/215251\/revisions"}],"wp:featuredmedia":[{"embeddable":true,"href":"https:\/\/www.webdo.tn\/fr\/wp-json\/wp\/v2\/media\/290838"}],"wp:attachment":[{"href":"https:\/\/www.webdo.tn\/fr\/wp-json\/wp\/v2\/media?parent=215251"}],"wp:term":[{"taxonomy":"category","embeddable":true,"href":"https:\/\/www.webdo.tn\/fr\/wp-json\/wp\/v2\/categories?post=215251"},{"taxonomy":"post_tag","embeddable":true,"href":"https:\/\/www.webdo.tn\/fr\/wp-json\/wp\/v2\/tags?post=215251"}],"curies":[{"name":"wp","href":"https:\/\/api.w.org\/{rel}","templated":true}]}}