{"id":215250,"date":"2024-07-13T10:32:00","date_gmt":"2024-07-13T10:32:00","guid":{"rendered":"https:\/\/www.webdo.tn\/fr\/blog\/quand-le-cidre-meddeb-damait-le-pion-aux-marques-internationales\/215250\/"},"modified":"2024-07-13T10:32:00","modified_gmt":"2024-07-13T10:32:00","slug":"quand-le-cidre-meddeb-damait-le-pion-aux-marques-internationales","status":"publish","type":"post","link":"https:\/\/www.webdo.tn\/fr\/actualite\/chroniques\/quand-le-cidre-meddeb-damait-le-pion-aux-marques-internationales\/215250\/","title":{"rendered":"Quand le cidre Meddeb damait le pion aux marques internationales !"},"content":{"rendered":"<p>Souvenez-vous du cidre Meddeb, de Crush Orange et citron, Gini, Kin Tonic, Miranda et Pepsi.<\/p>\n<p>\t\t\t\t\t\t\t\t\tAujourd&rsquo;hui que les grandes marques internationales se sont presque empar\u00e9es de la totalit\u00e9 du march\u00e9 des boissons gazeuses, seul le mot \u00ab\u00a0Boga\u00a0\u00bb fait encore r\u00eaver les nostalgiques.<\/p>\n<p>Au fait, saviez-vous que \u00ab\u00a0Boga\u00a0\u00bb est une contraction de \u00ab\u00a0Boisson gazeuse\u00a0\u00bb? \u00ab\u00a0Bo\u00a0\u00bb pour boisson et \u00ab\u00a0Ga\u00a0\u00bb pour gazeuse. Aussi simple que \u00e7a !<\/p>\n<p>Il existait dans le temps plusieurs manufactures de boissons gazeuses qui, pour la plupart, se trouvaient dans la m\u00e9dina de Tunis.<\/p>\n<p>Parfois artisanales, elles produisaient des marques qui leur \u00e9taient propres comme la fameuse \u00ab\u00a0Kharoub\u00a0\u00bb que nous avons presque oubli\u00e9e.<\/p>\n<p>C&rsquo;est la fabrique Souissi qui a \u00e9t\u00e9 la premi\u00e8re \u00e0 commercialiser la boisson gazeuse \u00ab\u00a0Kharoub\u00a0\u00bb. D&rsquo;ailleurs, cette usine de boissons gazeuses est la plus ancienne de Tunis, du moins du c\u00f4t\u00e9 \u00ab\u00a0arabe\u00a0\u00bb de la ville.<\/p>\n<p>La fabrique Souissi se trouvait \u00e0 la rue El Marr, non loin de Bab Djedid. L&rsquo;usine plut\u00f4t rudimentaire se trouvait en face du fondouk Hamada et de l&rsquo;\u00e9picerie Gammoudi, juste \u00e0 c\u00f4t\u00e9 du march\u00e9. Habitant le quartier, j&rsquo;ai eu le privil\u00e8ge d&rsquo;y entrer \u00e0 plusieurs reprises.<\/p>\n<p>Dans les environs, \u00e0 la rue Mohsen, non loin de Hammam Daoulatli, il y avait une autre fabrique, celle des Khediri qui, jusqu&rsquo;aux ann\u00e9es 60, vendait sa limonade en bouteilles \u00e0 capsules. Il existait aussi une usine Manai.<\/p>\n<p>La fabrique Ben Romdhane se trouvait \u00e0 Montfleury et a \u00e9galement commercialis\u00e9 une marque \u00ab\u00a0Kharoub\u00a0\u00bb. Toutefois, Ben Romdhane avait connu un grand succ\u00e9s avec la marque \u00ab\u00a0Javanas\u00a0\u00bb et \u00e9tait \u00e9galement r\u00e9put\u00e9 pour la qualit\u00e9 de son cidre.<\/p>\n<p>Certains lecteurs se souviennent peut-\u00eatre des marques \u00ab\u00a0El Medfaa\u00a0\u00bb (Le Canon) ou encore de la marque \u00ab\u00a0Le Flambeau&#8230; Certains se souviennent aussi des boissons Ben Jaafar et Bonatira dont les usines se trouvaient entre Bab Souika et Bab el Khadhra&#8230;<\/p>\n<p>Les boissons Meddeb sont le seul survivant de cette \u00e9poque h\u00e9roique. Fond\u00e9e en 1940, l&rsquo;entreprise s&rsquo;est vite rendue c\u00e9l\u00e8bre gr\u00e2ce \u00e0 son toujours appr\u00e9ci\u00e9 \u00ab\u00a0Cidre Meddeb\u00a0\u00bb. Vendue dans des bouteilles plut\u00f4t rondes et grosses, cette boisson damait le pion aux soft drinks internationaux qui, de nos jours, dominent le march\u00e9.<\/p>\n<p>C&rsquo;\u00e9tait alors le temps de Salah et Ahmed Meddeb qui avaient aussi lanc\u00e9 la \u00ab\u00a0Jumat\u00a0\u00bb, une boisson \u00e0 base de noix de coco.<\/p>\n<p>Il existait d&rsquo;autres manufactures de boissons artisanales dont l&rsquo;histoire reste encore \u00e0 \u00e9crire. A Sousse, Sfax ou Bizerte subsiste la trace de quelques entreprises dont seule Sinalco dans le Sud et Eva dans le nord continuent leur production.<br \/>\nSinon, la chronique est pleine de ces marques, locales et \u00e9trang\u00e8res, qui ont p\u00e9till\u00e9 dans nos verres et pour nos f\u00eates.<\/p>\n","protected":false},"excerpt":{"rendered":"<p>Aujourd&rsquo;hui que les grandes marques internationales se sont presque empar\u00e9es de la totalit\u00e9 du march\u00e9 des boissons gazeuses, seul le mot  Boga  fait encore r\u00eave&#8230;<\/p>\n","protected":false},"author":3229,"featured_media":290836,"comment_status":"open","ping_status":"closed","sticky":false,"template":"","format":"standard","meta":{"footnotes":""},"categories":[2596],"tags":[10315,8077,2608],"class_list":["post-215250","post","type-post","status-publish","format-standard","has-post-thumbnail","hentry","category-chroniques","tag-boisson-gazeuse","tag-boisson","tag-tunisie"],"yoast_head":"<!-- This site is optimized with the Yoast SEO Premium plugin v27.5 (Yoast SEO v27.5) - https:\/\/yoast.com\/product\/yoast-seo-premium-wordpress\/ -->\n<title>Quand le cidre Meddeb damait le pion aux marques internationales !<\/title>\n<meta name=\"description\" content=\"Aujourd&#039;hui que les grandes marques internationales se sont presque empar\u00e9es de la totalit\u00e9 du march\u00e9 des boissons gazeuses, seul le mot Boga fait encore r\u00eave...\" \/>\n<link rel=\"canonical\" href=\"https:\/\/www.webdo.tn\/fr\/actualite\/chroniques\/quand-le-cidre-meddeb-damait-le-pion-aux-marques-internationales\/215250\/\" \/>\n<meta property=\"og:locale\" content=\"fr_FR\" \/>\n<meta property=\"og:type\" content=\"article\" \/>\n<meta property=\"og:title\" content=\"Quand le cidre Meddeb damait le pion aux marques internationales !\" \/>\n<meta property=\"og:description\" content=\"Aujourd&#039;hui que les grandes marques internationales se sont presque empar\u00e9es de la totalit\u00e9 du march\u00e9 des boissons gazeuses, seul le mot Boga fait encore r\u00eave...\" \/>\n<meta property=\"og:url\" content=\"https:\/\/www.webdo.tn\/fr\/actualite\/chroniques\/quand-le-cidre-meddeb-damait-le-pion-aux-marques-internationales\/215250\/\" \/>\n<meta property=\"og:site_name\" content=\"webdo\" \/>\n<meta property=\"article:publisher\" content=\"https:\/\/www.facebook.com\/webdotn\" \/>\n<meta property=\"article:author\" content=\"https:\/\/www.facebook.com\/hatem.bourial.2025\" \/>\n<meta property=\"article:published_time\" content=\"2024-07-13T10:32:00+00:00\" \/>\n<meta property=\"og:image\" content=\"https:\/\/www.webdo.tn\/fr\/wp-content\/uploads\/2024\/07\/6d0a094d19b303c2b20b542d0e7d5d36.webp\" \/>\n\t<meta property=\"og:image:width\" content=\"750\" \/>\n\t<meta property=\"og:image:height\" content=\"400\" \/>\n\t<meta property=\"og:image:type\" content=\"image\/webp\" \/>\n<meta name=\"author\" content=\"Hatem Bourial\" \/>\n<meta name=\"twitter:card\" content=\"summary_large_image\" \/>\n<meta name=\"twitter:creator\" content=\"@webdo_tn\" \/>\n<meta name=\"twitter:site\" content=\"@webdo_tn\" \/>\n<meta name=\"twitter:label1\" content=\"\u00c9crit par\" \/>\n\t<meta name=\"twitter:data1\" content=\"Hatem Bourial\" \/>\n\t<meta name=\"twitter:label2\" content=\"Dur\u00e9e de lecture estim\u00e9e\" \/>\n\t<meta name=\"twitter:data2\" content=\"2 minutes\" \/>\n<script type=\"application\/ld+json\" class=\"yoast-schema-graph\">{\"@context\":\"https:\\\/\\\/schema.org\",\"@graph\":[{\"@type\":\"NewsArticle\",\"@id\":\"https:\\\/\\\/www.webdo.tn\\\/fr\\\/actualite\\\/chroniques\\\/quand-le-cidre-meddeb-damait-le-pion-aux-marques-internationales\\\/215250\\\/#article\",\"isPartOf\":{\"@id\":\"https:\\\/\\\/www.webdo.tn\\\/fr\\\/actualite\\\/chroniques\\\/quand-le-cidre-meddeb-damait-le-pion-aux-marques-internationales\\\/215250\\\/\"},\"author\":{\"name\":\"Hatem Bourial\",\"@id\":\"https:\\\/\\\/www.webdo.tn\\\/fr\\\/#\\\/schema\\\/person\\\/6bc0beba2cd23aec27cb5df85ca2554f\"},\"headline\":\"Quand le cidre Meddeb damait le pion aux marques internationales !\",\"datePublished\":\"2024-07-13T10:32:00+00:00\",\"mainEntityOfPage\":{\"@id\":\"https:\\\/\\\/www.webdo.tn\\\/fr\\\/actualite\\\/chroniques\\\/quand-le-cidre-meddeb-damait-le-pion-aux-marques-internationales\\\/215250\\\/\"},\"wordCount\":466,\"commentCount\":0,\"publisher\":{\"@id\":\"https:\\\/\\\/www.webdo.tn\\\/fr\\\/#organization\"},\"image\":{\"@id\":\"https:\\\/\\\/www.webdo.tn\\\/fr\\\/actualite\\\/chroniques\\\/quand-le-cidre-meddeb-damait-le-pion-aux-marques-internationales\\\/215250\\\/#primaryimage\"},\"thumbnailUrl\":\"https:\\\/\\\/www.webdo.tn\\\/fr\\\/wp-content\\\/uploads\\\/2024\\\/07\\\/6d0a094d19b303c2b20b542d0e7d5d36.webp\",\"keywords\":[\"'boisson gazeuse']\",\"boisson\",\"Tunisie\"],\"articleSection\":[\"Chroniques\"],\"inLanguage\":\"fr-FR\"},{\"@type\":\"WebPage\",\"@id\":\"https:\\\/\\\/www.webdo.tn\\\/fr\\\/actualite\\\/chroniques\\\/quand-le-cidre-meddeb-damait-le-pion-aux-marques-internationales\\\/215250\\\/\",\"url\":\"https:\\\/\\\/www.webdo.tn\\\/fr\\\/actualite\\\/chroniques\\\/quand-le-cidre-meddeb-damait-le-pion-aux-marques-internationales\\\/215250\\\/\",\"name\":\"Quand le cidre Meddeb damait le pion aux marques internationales !\",\"isPartOf\":{\"@id\":\"https:\\\/\\\/www.webdo.tn\\\/fr\\\/#website\"},\"primaryImageOfPage\":{\"@id\":\"https:\\\/\\\/www.webdo.tn\\\/fr\\\/actualite\\\/chroniques\\\/quand-le-cidre-meddeb-damait-le-pion-aux-marques-internationales\\\/215250\\\/#primaryimage\"},\"image\":{\"@id\":\"https:\\\/\\\/www.webdo.tn\\\/fr\\\/actualite\\\/chroniques\\\/quand-le-cidre-meddeb-damait-le-pion-aux-marques-internationales\\\/215250\\\/#primaryimage\"},\"thumbnailUrl\":\"https:\\\/\\\/www.webdo.tn\\\/fr\\\/wp-content\\\/uploads\\\/2024\\\/07\\\/6d0a094d19b303c2b20b542d0e7d5d36.webp\",\"datePublished\":\"2024-07-13T10:32:00+00:00\",\"description\":\"Aujourd'hui que les grandes marques internationales se sont presque empar\u00e9es de la totalit\u00e9 du march\u00e9 des boissons gazeuses, seul le mot Boga fait encore r\u00eave...\",\"breadcrumb\":{\"@id\":\"https:\\\/\\\/www.webdo.tn\\\/fr\\\/actualite\\\/chroniques\\\/quand-le-cidre-meddeb-damait-le-pion-aux-marques-internationales\\\/215250\\\/#breadcrumb\"},\"inLanguage\":\"fr-FR\",\"potentialAction\":[{\"@type\":\"ReadAction\",\"target\":[\"https:\\\/\\\/www.webdo.tn\\\/fr\\\/actualite\\\/chroniques\\\/quand-le-cidre-meddeb-damait-le-pion-aux-marques-internationales\\\/215250\\\/\"]}]},{\"@type\":\"ImageObject\",\"inLanguage\":\"fr-FR\",\"@id\":\"https:\\\/\\\/www.webdo.tn\\\/fr\\\/actualite\\\/chroniques\\\/quand-le-cidre-meddeb-damait-le-pion-aux-marques-internationales\\\/215250\\\/#primaryimage\",\"url\":\"https:\\\/\\\/www.webdo.tn\\\/fr\\\/wp-content\\\/uploads\\\/2024\\\/07\\\/6d0a094d19b303c2b20b542d0e7d5d36.webp\",\"contentUrl\":\"https:\\\/\\\/www.webdo.tn\\\/fr\\\/wp-content\\\/uploads\\\/2024\\\/07\\\/6d0a094d19b303c2b20b542d0e7d5d36.webp\",\"width\":750,\"height\":400,\"caption\":\"Quand le cidre Meddeb damait le pion aux marques internationales !\"},{\"@type\":\"BreadcrumbList\",\"@id\":\"https:\\\/\\\/www.webdo.tn\\\/fr\\\/actualite\\\/chroniques\\\/quand-le-cidre-meddeb-damait-le-pion-aux-marques-internationales\\\/215250\\\/#breadcrumb\",\"itemListElement\":[{\"@type\":\"ListItem\",\"position\":1,\"name\":\"Accueil\",\"item\":\"https:\\\/\\\/www.webdo.tn\\\/fr\\\/\"},{\"@type\":\"ListItem\",\"position\":2,\"name\":\"Quand le cidre Meddeb damait le pion aux marques internationales !\"}]},{\"@type\":\"WebSite\",\"@id\":\"https:\\\/\\\/www.webdo.tn\\\/fr\\\/#website\",\"url\":\"https:\\\/\\\/www.webdo.tn\\\/fr\\\/\",\"name\":\"webdo\",\"description\":\"Tunisie - News en Tunisie et \u00e0 l&#039;international sur Webdo.tn\",\"publisher\":{\"@id\":\"https:\\\/\\\/www.webdo.tn\\\/fr\\\/#organization\"},\"potentialAction\":[{\"@type\":\"SearchAction\",\"target\":{\"@type\":\"EntryPoint\",\"urlTemplate\":\"https:\\\/\\\/www.webdo.tn\\\/fr\\\/?s={search_term_string}\"},\"query-input\":{\"@type\":\"PropertyValueSpecification\",\"valueRequired\":true,\"valueName\":\"search_term_string\"}}],\"inLanguage\":\"fr-FR\"},{\"@type\":\"Organization\",\"@id\":\"https:\\\/\\\/www.webdo.tn\\\/fr\\\/#organization\",\"name\":\"Webdo\",\"alternateName\":\"Webdo.tn\",\"url\":\"https:\\\/\\\/www.webdo.tn\\\/fr\\\/\",\"logo\":{\"@type\":\"ImageObject\",\"inLanguage\":\"fr-FR\",\"@id\":\"https:\\\/\\\/www.webdo.tn\\\/fr\\\/#\\\/schema\\\/logo\\\/image\\\/\",\"url\":\"https:\\\/\\\/www.webdo.tn\\\/fr\\\/wp-content\\\/uploads\\\/2025\\\/06\\\/Webdo-Tunisie_168377.jpg\",\"contentUrl\":\"https:\\\/\\\/www.webdo.tn\\\/fr\\\/wp-content\\\/uploads\\\/2025\\\/06\\\/Webdo-Tunisie_168377.jpg\",\"width\":301,\"height\":301,\"caption\":\"Webdo\"},\"image\":{\"@id\":\"https:\\\/\\\/www.webdo.tn\\\/fr\\\/#\\\/schema\\\/logo\\\/image\\\/\"},\"sameAs\":[\"https:\\\/\\\/www.facebook.com\\\/webdotn\",\"https:\\\/\\\/x.com\\\/webdo_tn\"],\"description\":\"Webdo est un m\u00e9dia num\u00e9rique tunisien fond\u00e9 en 2010, sp\u00e9cialis\u00e9 dans l\u2019actualit\u00e9 nationale et internationale, l\u2019\u00e9conomie, la soci\u00e9t\u00e9 et les analyses politiques. Le site s\u2019adresse \u00e0 un large public francophone et couvre l\u2019information tunisienne en temps r\u00e9el.\",\"email\":\"redac@webdo.tn\",\"legalName\":\"YNJ SARL\",\"foundingDate\":\"2010-09-06\",\"numberOfEmployees\":{\"@type\":\"QuantitativeValue\",\"minValue\":\"11\",\"maxValue\":\"50\"}},{\"@type\":\"Person\",\"@id\":\"https:\\\/\\\/www.webdo.tn\\\/fr\\\/#\\\/schema\\\/person\\\/6bc0beba2cd23aec27cb5df85ca2554f\",\"name\":\"Hatem Bourial\",\"image\":{\"@type\":\"ImageObject\",\"inLanguage\":\"fr-FR\",\"@id\":\"https:\\\/\\\/www.webdo.tn\\\/fr\\\/wp-content\\\/uploads\\\/2026\\\/04\\\/hatem-bourial_avatar-96x96.jpg\",\"url\":\"https:\\\/\\\/www.webdo.tn\\\/fr\\\/wp-content\\\/uploads\\\/2026\\\/04\\\/hatem-bourial_avatar-96x96.jpg\",\"contentUrl\":\"https:\\\/\\\/www.webdo.tn\\\/fr\\\/wp-content\\\/uploads\\\/2026\\\/04\\\/hatem-bourial_avatar-96x96.jpg\",\"caption\":\"Hatem Bourial\"},\"description\":\"Hatem Bourial est journaliste, \u00e9crivain et chroniqueur tunisien. Actif depuis plusieurs d\u00e9cennies, il s\u2019est impos\u00e9 comme un observateur attentif de la soci\u00e9t\u00e9 tunisienne, m\u00ealant dans ses \u00e9crits m\u00e9moire, culture et analyse du quotidien. Auteur de nombreux ouvrages, il d\u00e9veloppe une \u0153uvre \u00e0 la crois\u00e9e du r\u00e9cit, de la po\u00e9sie et de l\u2019observation sociologique. Parall\u00e8lement \u00e0 ses contributions dans la presse, il intervient r\u00e9guli\u00e8rement \u00e0 la radio et dans des espaces culturels, o\u00f9 il explore les enjeux li\u00e9s au patrimoine, \u00e0 l\u2019identit\u00e9 et aux transformations du monde contemporain. \u00c0 travers ses chroniques, Hatem Bourial propose une lecture sensible et approfondie de l\u2019actualit\u00e9, nourrie par une exp\u00e9rience journalistique et litt\u00e9raire reconnue. \ud83d\udd17 Facebook : https:\\\/\\\/www.facebook.com\\\/hatem.bourial.2025\",\"sameAs\":[\"https:\\\/\\\/www.facebook.com\\\/hatem.bourial.2025\",\"https:\\\/\\\/fr.wikipedia.org\\\/wiki\\\/Fichier:Hatem_Bourial.jpg\"],\"knowsAbout\":[\"Culture & patrimoine tunisien\",\"Chronique soci\u00e9tale\",\"Litt\u00e9rature & m\u00e9moire\",\"Cin\u00e9ma & critique culturelle\",\"Identit\u00e9 & mutations sociales\"],\"knowsLanguage\":[\"Arabe\",\"Fran\u00e7ais\",\"Anglais\",\"Italien\",\"Polonais\"],\"jobTitle\":\"Journaliste, \u00e9crivain et chroniqueur culturel\",\"worksFor\":\"Webdo\",\"url\":\"https:\\\/\\\/www.webdo.tn\\\/fr\\\/actualite\\\/author\\\/hatem-bourial-2\\\/\"}]}<\/script>\n<!-- \/ Yoast SEO Premium plugin. -->","yoast_head_json":{"title":"Quand le cidre Meddeb damait le pion aux marques internationales !","description":"Aujourd'hui que les grandes marques internationales se sont presque empar\u00e9es de la totalit\u00e9 du march\u00e9 des boissons gazeuses, seul le mot Boga fait encore r\u00eave...","canonical":"https:\/\/www.webdo.tn\/fr\/actualite\/chroniques\/quand-le-cidre-meddeb-damait-le-pion-aux-marques-internationales\/215250\/","og_locale":"fr_FR","og_type":"article","og_title":"Quand le cidre Meddeb damait le pion aux marques internationales !","og_description":"Aujourd'hui que les grandes marques internationales se sont presque empar\u00e9es de la totalit\u00e9 du march\u00e9 des boissons gazeuses, seul le mot Boga fait encore r\u00eave...","og_url":"https:\/\/www.webdo.tn\/fr\/actualite\/chroniques\/quand-le-cidre-meddeb-damait-le-pion-aux-marques-internationales\/215250\/","og_site_name":"webdo","article_publisher":"https:\/\/www.facebook.com\/webdotn","article_author":"https:\/\/www.facebook.com\/hatem.bourial.2025","article_published_time":"2024-07-13T10:32:00+00:00","og_image":[{"width":750,"height":400,"url":"https:\/\/www.webdo.tn\/fr\/wp-content\/uploads\/2024\/07\/6d0a094d19b303c2b20b542d0e7d5d36.webp","type":"image\/webp"}],"author":"Hatem Bourial","twitter_card":"summary_large_image","twitter_creator":"@webdo_tn","twitter_site":"@webdo_tn","twitter_misc":{"\u00c9crit par":"Hatem Bourial","Dur\u00e9e de lecture estim\u00e9e":"2 minutes"},"schema":{"@context":"https:\/\/schema.org","@graph":[{"@type":"NewsArticle","@id":"https:\/\/www.webdo.tn\/fr\/actualite\/chroniques\/quand-le-cidre-meddeb-damait-le-pion-aux-marques-internationales\/215250\/#article","isPartOf":{"@id":"https:\/\/www.webdo.tn\/fr\/actualite\/chroniques\/quand-le-cidre-meddeb-damait-le-pion-aux-marques-internationales\/215250\/"},"author":{"name":"Hatem Bourial","@id":"https:\/\/www.webdo.tn\/fr\/#\/schema\/person\/6bc0beba2cd23aec27cb5df85ca2554f"},"headline":"Quand le cidre Meddeb damait le pion aux marques internationales !","datePublished":"2024-07-13T10:32:00+00:00","mainEntityOfPage":{"@id":"https:\/\/www.webdo.tn\/fr\/actualite\/chroniques\/quand-le-cidre-meddeb-damait-le-pion-aux-marques-internationales\/215250\/"},"wordCount":466,"commentCount":0,"publisher":{"@id":"https:\/\/www.webdo.tn\/fr\/#organization"},"image":{"@id":"https:\/\/www.webdo.tn\/fr\/actualite\/chroniques\/quand-le-cidre-meddeb-damait-le-pion-aux-marques-internationales\/215250\/#primaryimage"},"thumbnailUrl":"https:\/\/www.webdo.tn\/fr\/wp-content\/uploads\/2024\/07\/6d0a094d19b303c2b20b542d0e7d5d36.webp","keywords":["'boisson gazeuse']","boisson","Tunisie"],"articleSection":["Chroniques"],"inLanguage":"fr-FR"},{"@type":"WebPage","@id":"https:\/\/www.webdo.tn\/fr\/actualite\/chroniques\/quand-le-cidre-meddeb-damait-le-pion-aux-marques-internationales\/215250\/","url":"https:\/\/www.webdo.tn\/fr\/actualite\/chroniques\/quand-le-cidre-meddeb-damait-le-pion-aux-marques-internationales\/215250\/","name":"Quand le cidre Meddeb damait le pion aux marques internationales !","isPartOf":{"@id":"https:\/\/www.webdo.tn\/fr\/#website"},"primaryImageOfPage":{"@id":"https:\/\/www.webdo.tn\/fr\/actualite\/chroniques\/quand-le-cidre-meddeb-damait-le-pion-aux-marques-internationales\/215250\/#primaryimage"},"image":{"@id":"https:\/\/www.webdo.tn\/fr\/actualite\/chroniques\/quand-le-cidre-meddeb-damait-le-pion-aux-marques-internationales\/215250\/#primaryimage"},"thumbnailUrl":"https:\/\/www.webdo.tn\/fr\/wp-content\/uploads\/2024\/07\/6d0a094d19b303c2b20b542d0e7d5d36.webp","datePublished":"2024-07-13T10:32:00+00:00","description":"Aujourd'hui que les grandes marques internationales se sont presque empar\u00e9es de la totalit\u00e9 du march\u00e9 des boissons gazeuses, seul le mot Boga fait encore r\u00eave...","breadcrumb":{"@id":"https:\/\/www.webdo.tn\/fr\/actualite\/chroniques\/quand-le-cidre-meddeb-damait-le-pion-aux-marques-internationales\/215250\/#breadcrumb"},"inLanguage":"fr-FR","potentialAction":[{"@type":"ReadAction","target":["https:\/\/www.webdo.tn\/fr\/actualite\/chroniques\/quand-le-cidre-meddeb-damait-le-pion-aux-marques-internationales\/215250\/"]}]},{"@type":"ImageObject","inLanguage":"fr-FR","@id":"https:\/\/www.webdo.tn\/fr\/actualite\/chroniques\/quand-le-cidre-meddeb-damait-le-pion-aux-marques-internationales\/215250\/#primaryimage","url":"https:\/\/www.webdo.tn\/fr\/wp-content\/uploads\/2024\/07\/6d0a094d19b303c2b20b542d0e7d5d36.webp","contentUrl":"https:\/\/www.webdo.tn\/fr\/wp-content\/uploads\/2024\/07\/6d0a094d19b303c2b20b542d0e7d5d36.webp","width":750,"height":400,"caption":"Quand le cidre Meddeb damait le pion aux marques internationales !"},{"@type":"BreadcrumbList","@id":"https:\/\/www.webdo.tn\/fr\/actualite\/chroniques\/quand-le-cidre-meddeb-damait-le-pion-aux-marques-internationales\/215250\/#breadcrumb","itemListElement":[{"@type":"ListItem","position":1,"name":"Accueil","item":"https:\/\/www.webdo.tn\/fr\/"},{"@type":"ListItem","position":2,"name":"Quand le cidre Meddeb damait le pion aux marques internationales !"}]},{"@type":"WebSite","@id":"https:\/\/www.webdo.tn\/fr\/#website","url":"https:\/\/www.webdo.tn\/fr\/","name":"webdo","description":"Tunisie - News en Tunisie et \u00e0 l&#039;international sur Webdo.tn","publisher":{"@id":"https:\/\/www.webdo.tn\/fr\/#organization"},"potentialAction":[{"@type":"SearchAction","target":{"@type":"EntryPoint","urlTemplate":"https:\/\/www.webdo.tn\/fr\/?s={search_term_string}"},"query-input":{"@type":"PropertyValueSpecification","valueRequired":true,"valueName":"search_term_string"}}],"inLanguage":"fr-FR"},{"@type":"Organization","@id":"https:\/\/www.webdo.tn\/fr\/#organization","name":"Webdo","alternateName":"Webdo.tn","url":"https:\/\/www.webdo.tn\/fr\/","logo":{"@type":"ImageObject","inLanguage":"fr-FR","@id":"https:\/\/www.webdo.tn\/fr\/#\/schema\/logo\/image\/","url":"https:\/\/www.webdo.tn\/fr\/wp-content\/uploads\/2025\/06\/Webdo-Tunisie_168377.jpg","contentUrl":"https:\/\/www.webdo.tn\/fr\/wp-content\/uploads\/2025\/06\/Webdo-Tunisie_168377.jpg","width":301,"height":301,"caption":"Webdo"},"image":{"@id":"https:\/\/www.webdo.tn\/fr\/#\/schema\/logo\/image\/"},"sameAs":["https:\/\/www.facebook.com\/webdotn","https:\/\/x.com\/webdo_tn"],"description":"Webdo est un m\u00e9dia num\u00e9rique tunisien fond\u00e9 en 2010, sp\u00e9cialis\u00e9 dans l\u2019actualit\u00e9 nationale et internationale, l\u2019\u00e9conomie, la soci\u00e9t\u00e9 et les analyses politiques. Le site s\u2019adresse \u00e0 un large public francophone et couvre l\u2019information tunisienne en temps r\u00e9el.","email":"redac@webdo.tn","legalName":"YNJ SARL","foundingDate":"2010-09-06","numberOfEmployees":{"@type":"QuantitativeValue","minValue":"11","maxValue":"50"}},{"@type":"Person","@id":"https:\/\/www.webdo.tn\/fr\/#\/schema\/person\/6bc0beba2cd23aec27cb5df85ca2554f","name":"Hatem Bourial","image":{"@type":"ImageObject","inLanguage":"fr-FR","@id":"https:\/\/www.webdo.tn\/fr\/wp-content\/uploads\/2026\/04\/hatem-bourial_avatar-96x96.jpg","url":"https:\/\/www.webdo.tn\/fr\/wp-content\/uploads\/2026\/04\/hatem-bourial_avatar-96x96.jpg","contentUrl":"https:\/\/www.webdo.tn\/fr\/wp-content\/uploads\/2026\/04\/hatem-bourial_avatar-96x96.jpg","caption":"Hatem Bourial"},"description":"Hatem Bourial est journaliste, \u00e9crivain et chroniqueur tunisien. Actif depuis plusieurs d\u00e9cennies, il s\u2019est impos\u00e9 comme un observateur attentif de la soci\u00e9t\u00e9 tunisienne, m\u00ealant dans ses \u00e9crits m\u00e9moire, culture et analyse du quotidien. Auteur de nombreux ouvrages, il d\u00e9veloppe une \u0153uvre \u00e0 la crois\u00e9e du r\u00e9cit, de la po\u00e9sie et de l\u2019observation sociologique. Parall\u00e8lement \u00e0 ses contributions dans la presse, il intervient r\u00e9guli\u00e8rement \u00e0 la radio et dans des espaces culturels, o\u00f9 il explore les enjeux li\u00e9s au patrimoine, \u00e0 l\u2019identit\u00e9 et aux transformations du monde contemporain. \u00c0 travers ses chroniques, Hatem Bourial propose une lecture sensible et approfondie de l\u2019actualit\u00e9, nourrie par une exp\u00e9rience journalistique et litt\u00e9raire reconnue. \ud83d\udd17 Facebook : https:\/\/www.facebook.com\/hatem.bourial.2025","sameAs":["https:\/\/www.facebook.com\/hatem.bourial.2025","https:\/\/fr.wikipedia.org\/wiki\/Fichier:Hatem_Bourial.jpg"],"knowsAbout":["Culture & patrimoine tunisien","Chronique soci\u00e9tale","Litt\u00e9rature & m\u00e9moire","Cin\u00e9ma & critique culturelle","Identit\u00e9 & mutations sociales"],"knowsLanguage":["Arabe","Fran\u00e7ais","Anglais","Italien","Polonais"],"jobTitle":"Journaliste, \u00e9crivain et chroniqueur culturel","worksFor":"Webdo","url":"https:\/\/www.webdo.tn\/fr\/actualite\/author\/hatem-bourial-2\/"}]}},"_links":{"self":[{"href":"https:\/\/www.webdo.tn\/fr\/wp-json\/wp\/v2\/posts\/215250","targetHints":{"allow":["GET"]}}],"collection":[{"href":"https:\/\/www.webdo.tn\/fr\/wp-json\/wp\/v2\/posts"}],"about":[{"href":"https:\/\/www.webdo.tn\/fr\/wp-json\/wp\/v2\/types\/post"}],"author":[{"embeddable":true,"href":"https:\/\/www.webdo.tn\/fr\/wp-json\/wp\/v2\/users\/3229"}],"replies":[{"embeddable":true,"href":"https:\/\/www.webdo.tn\/fr\/wp-json\/wp\/v2\/comments?post=215250"}],"version-history":[{"count":0,"href":"https:\/\/www.webdo.tn\/fr\/wp-json\/wp\/v2\/posts\/215250\/revisions"}],"wp:featuredmedia":[{"embeddable":true,"href":"https:\/\/www.webdo.tn\/fr\/wp-json\/wp\/v2\/media\/290836"}],"wp:attachment":[{"href":"https:\/\/www.webdo.tn\/fr\/wp-json\/wp\/v2\/media?parent=215250"}],"wp:term":[{"taxonomy":"category","embeddable":true,"href":"https:\/\/www.webdo.tn\/fr\/wp-json\/wp\/v2\/categories?post=215250"},{"taxonomy":"post_tag","embeddable":true,"href":"https:\/\/www.webdo.tn\/fr\/wp-json\/wp\/v2\/tags?post=215250"}],"curies":[{"name":"wp","href":"https:\/\/api.w.org\/{rel}","templated":true}]}}