{"id":215246,"date":"2024-07-12T21:32:00","date_gmt":"2024-07-12T21:32:00","guid":{"rendered":"https:\/\/www.webdo.tn\/fr\/blog\/gabes-un-ancien-maire-arrete\/215246\/"},"modified":"2025-05-20T22:54:21","modified_gmt":"2025-05-20T22:54:21","slug":"gabes-un-ancien-maire-arrete","status":"publish","type":"post","link":"https:\/\/www.webdo.tn\/fr\/actualite\/regions\/gabes-un-ancien-maire-arrete\/215246\/","title":{"rendered":"Gab\u00e8s : Un ancien maire arr\u00eat\u00e9"},"content":{"rendered":"<p>Un ancien maire de Gab\u00e8s a \u00e9t\u00e9 arr\u00eat\u00e9 aujourd\u2019hui, a confirm\u00e9 Faouzi Dergham, procureur de la R\u00e9publique pr\u00e8s le tribunal de premi\u00e8re instance de Gab\u00e8s.<\/p>\n<p>\t\t\t\t\t\t\t\t\tUn ancien maire de Gab\u00e8s a \u00e9t\u00e9 arr\u00eat\u00e9 dans la soir\u00e9e de ce vendredi 12 juillet 2024, a confirm\u00e9 Faouzi Dergham, procureur de la R\u00e9publique pr\u00e8s le tribunal de premi\u00e8re instance de Gab\u00e8s, dans une d\u00e9claration accord\u00e9e \u00e0 Mosaique fm.<\/p>\n<p>L&rsquo;ancien maire en question, a \u00e9t\u00e9 plac\u00e9 en d\u00e9tention en ex\u00e9cution d&rsquo;une citation \u00e0 compara\u00eetre d\u00e9livr\u00e9e par le juge d&rsquo;instruction dans le cadre d\u2019une affaire de corruption financi\u00e8re et de d\u00e9tournement de fonds lors de sa reprise du projet de directeur de l\u2019exposition internationale de la r\u00e9gion.<\/p>\n","protected":false},"excerpt":{"rendered":"<p>Un ancien maire de Gab\u00e8s a \u00e9t\u00e9 arr\u00eat\u00e9 dans la soir\u00e9e de ce vendredi 12 juillet 2024, a confirm\u00e9 Faouzi Dergham, procureur de la R\u00e9publique pr\u00e8s le tribunal de p&#8230;<\/p>\n","protected":false},"author":3175,"featured_media":290834,"comment_status":"open","ping_status":"closed","sticky":false,"template":"","format":"standard","meta":{"footnotes":""},"categories":[2595],"tags":[2966,3196,3126,4888,2608],"class_list":["post-215246","post","type-post","status-publish","format-standard","has-post-thumbnail","hentry","category-regions","tag-arrestation","tag-corruption","tag-gabes","tag-maire","tag-tunisie"],"yoast_head":"<!-- This site is optimized with the Yoast SEO Premium plugin v27.5 (Yoast SEO v27.5) - https:\/\/yoast.com\/product\/yoast-seo-premium-wordpress\/ -->\n<title>Gab\u00e8s : Un ancien maire arr\u00eat\u00e9<\/title>\n<meta name=\"description\" content=\"Un ancien maire de Gab\u00e8s a \u00e9t\u00e9 arr\u00eat\u00e9 dans la soir\u00e9e de ce vendredi 12 juillet 2024, a confirm\u00e9 Faouzi Dergham, procureur de la R\u00e9publique pr\u00e8s le tribunal de p...\" \/>\n<link rel=\"canonical\" href=\"https:\/\/www.webdo.tn\/fr\/actualite\/regions\/gabes-un-ancien-maire-arrete\/215246\/\" \/>\n<meta property=\"og:locale\" content=\"fr_FR\" \/>\n<meta property=\"og:type\" content=\"article\" \/>\n<meta property=\"og:title\" content=\"Gab\u00e8s : Un ancien maire arr\u00eat\u00e9\" \/>\n<meta property=\"og:description\" content=\"Un ancien maire de Gab\u00e8s a \u00e9t\u00e9 arr\u00eat\u00e9 dans la soir\u00e9e de ce vendredi 12 juillet 2024, a confirm\u00e9 Faouzi Dergham, procureur de la R\u00e9publique pr\u00e8s le tribunal de p...\" \/>\n<meta property=\"og:url\" content=\"https:\/\/www.webdo.tn\/fr\/actualite\/regions\/gabes-un-ancien-maire-arrete\/215246\/\" \/>\n<meta property=\"og:site_name\" content=\"webdo\" \/>\n<meta property=\"article:publisher\" content=\"https:\/\/www.facebook.com\/webdotn\" \/>\n<meta property=\"article:published_time\" content=\"2024-07-12T21:32:00+00:00\" \/>\n<meta property=\"article:modified_time\" content=\"2025-05-20T22:54:21+00:00\" \/>\n<meta property=\"og:image\" content=\"https:\/\/www.webdo.tn\/fr\/wp-content\/uploads\/2024\/07\/5e40b57a03ad3ee7cfd685ed1459ff69.webp\" \/>\n\t<meta property=\"og:image:width\" content=\"680\" \/>\n\t<meta property=\"og:image:height\" content=\"363\" \/>\n\t<meta property=\"og:image:type\" content=\"image\/webp\" \/>\n<meta name=\"author\" content=\"CL\" \/>\n<meta name=\"twitter:card\" content=\"summary_large_image\" \/>\n<meta name=\"twitter:creator\" content=\"@webdo_tn\" \/>\n<meta name=\"twitter:site\" content=\"@webdo_tn\" \/>\n<meta name=\"twitter:label1\" content=\"\u00c9crit par\" \/>\n\t<meta name=\"twitter:data1\" content=\"CL\" \/>\n\t<meta name=\"twitter:label2\" content=\"Dur\u00e9e de lecture estim\u00e9e\" \/>\n\t<meta name=\"twitter:data2\" content=\"1 minute\" \/>\n<script type=\"application\/ld+json\" class=\"yoast-schema-graph\">{\"@context\":\"https:\\\/\\\/schema.org\",\"@graph\":[{\"@type\":\"NewsArticle\",\"@id\":\"https:\\\/\\\/www.webdo.tn\\\/fr\\\/actualite\\\/regions\\\/gabes-un-ancien-maire-arrete\\\/215246\\\/#article\",\"isPartOf\":{\"@id\":\"https:\\\/\\\/www.webdo.tn\\\/fr\\\/actualite\\\/regions\\\/gabes-un-ancien-maire-arrete\\\/215246\\\/\"},\"author\":{\"name\":\"CL\",\"@id\":\"https:\\\/\\\/www.webdo.tn\\\/fr\\\/#\\\/schema\\\/person\\\/f35b42a42c5e2511bbd282959d6385cc\"},\"headline\":\"Gab\u00e8s : Un ancien maire arr\u00eat\u00e9\",\"datePublished\":\"2024-07-12T21:32:00+00:00\",\"dateModified\":\"2025-05-20T22:54:21+00:00\",\"mainEntityOfPage\":{\"@id\":\"https:\\\/\\\/www.webdo.tn\\\/fr\\\/actualite\\\/regions\\\/gabes-un-ancien-maire-arrete\\\/215246\\\/\"},\"wordCount\":144,\"commentCount\":0,\"publisher\":{\"@id\":\"https:\\\/\\\/www.webdo.tn\\\/fr\\\/#organization\"},\"image\":{\"@id\":\"https:\\\/\\\/www.webdo.tn\\\/fr\\\/actualite\\\/regions\\\/gabes-un-ancien-maire-arrete\\\/215246\\\/#primaryimage\"},\"thumbnailUrl\":\"https:\\\/\\\/www.webdo.tn\\\/fr\\\/wp-content\\\/uploads\\\/2024\\\/07\\\/5e40b57a03ad3ee7cfd685ed1459ff69.webp\",\"keywords\":[\"arrestation\",\"corruption\",\"gab\u00e8s\",\"Maire\",\"Tunisie\"],\"articleSection\":[\"regions\"],\"inLanguage\":\"fr-FR\"},{\"@type\":\"WebPage\",\"@id\":\"https:\\\/\\\/www.webdo.tn\\\/fr\\\/actualite\\\/regions\\\/gabes-un-ancien-maire-arrete\\\/215246\\\/\",\"url\":\"https:\\\/\\\/www.webdo.tn\\\/fr\\\/actualite\\\/regions\\\/gabes-un-ancien-maire-arrete\\\/215246\\\/\",\"name\":\"Gab\u00e8s : Un ancien maire arr\u00eat\u00e9\",\"isPartOf\":{\"@id\":\"https:\\\/\\\/www.webdo.tn\\\/fr\\\/#website\"},\"primaryImageOfPage\":{\"@id\":\"https:\\\/\\\/www.webdo.tn\\\/fr\\\/actualite\\\/regions\\\/gabes-un-ancien-maire-arrete\\\/215246\\\/#primaryimage\"},\"image\":{\"@id\":\"https:\\\/\\\/www.webdo.tn\\\/fr\\\/actualite\\\/regions\\\/gabes-un-ancien-maire-arrete\\\/215246\\\/#primaryimage\"},\"thumbnailUrl\":\"https:\\\/\\\/www.webdo.tn\\\/fr\\\/wp-content\\\/uploads\\\/2024\\\/07\\\/5e40b57a03ad3ee7cfd685ed1459ff69.webp\",\"datePublished\":\"2024-07-12T21:32:00+00:00\",\"dateModified\":\"2025-05-20T22:54:21+00:00\",\"description\":\"Un ancien maire de Gab\u00e8s a \u00e9t\u00e9 arr\u00eat\u00e9 dans la soir\u00e9e de ce vendredi 12 juillet 2024, a confirm\u00e9 Faouzi Dergham, procureur de la R\u00e9publique pr\u00e8s le tribunal de p...\",\"breadcrumb\":{\"@id\":\"https:\\\/\\\/www.webdo.tn\\\/fr\\\/actualite\\\/regions\\\/gabes-un-ancien-maire-arrete\\\/215246\\\/#breadcrumb\"},\"inLanguage\":\"fr-FR\",\"potentialAction\":[{\"@type\":\"ReadAction\",\"target\":[\"https:\\\/\\\/www.webdo.tn\\\/fr\\\/actualite\\\/regions\\\/gabes-un-ancien-maire-arrete\\\/215246\\\/\"]}]},{\"@type\":\"ImageObject\",\"inLanguage\":\"fr-FR\",\"@id\":\"https:\\\/\\\/www.webdo.tn\\\/fr\\\/actualite\\\/regions\\\/gabes-un-ancien-maire-arrete\\\/215246\\\/#primaryimage\",\"url\":\"https:\\\/\\\/www.webdo.tn\\\/fr\\\/wp-content\\\/uploads\\\/2024\\\/07\\\/5e40b57a03ad3ee7cfd685ed1459ff69.webp\",\"contentUrl\":\"https:\\\/\\\/www.webdo.tn\\\/fr\\\/wp-content\\\/uploads\\\/2024\\\/07\\\/5e40b57a03ad3ee7cfd685ed1459ff69.webp\",\"width\":680,\"height\":363,\"caption\":\"Gab\u00e8s : Un ancien maire arr\u00eat\u00e9\"},{\"@type\":\"BreadcrumbList\",\"@id\":\"https:\\\/\\\/www.webdo.tn\\\/fr\\\/actualite\\\/regions\\\/gabes-un-ancien-maire-arrete\\\/215246\\\/#breadcrumb\",\"itemListElement\":[{\"@type\":\"ListItem\",\"position\":1,\"name\":\"Accueil\",\"item\":\"https:\\\/\\\/www.webdo.tn\\\/fr\\\/\"},{\"@type\":\"ListItem\",\"position\":2,\"name\":\"Gab\u00e8s : Un ancien maire arr\u00eat\u00e9\"}]},{\"@type\":\"WebSite\",\"@id\":\"https:\\\/\\\/www.webdo.tn\\\/fr\\\/#website\",\"url\":\"https:\\\/\\\/www.webdo.tn\\\/fr\\\/\",\"name\":\"webdo\",\"description\":\"Tunisie - News en Tunisie et \u00e0 l&#039;international sur Webdo.tn\",\"publisher\":{\"@id\":\"https:\\\/\\\/www.webdo.tn\\\/fr\\\/#organization\"},\"potentialAction\":[{\"@type\":\"SearchAction\",\"target\":{\"@type\":\"EntryPoint\",\"urlTemplate\":\"https:\\\/\\\/www.webdo.tn\\\/fr\\\/?s={search_term_string}\"},\"query-input\":{\"@type\":\"PropertyValueSpecification\",\"valueRequired\":true,\"valueName\":\"search_term_string\"}}],\"inLanguage\":\"fr-FR\"},{\"@type\":\"Organization\",\"@id\":\"https:\\\/\\\/www.webdo.tn\\\/fr\\\/#organization\",\"name\":\"Webdo\",\"alternateName\":\"Webdo.tn\",\"url\":\"https:\\\/\\\/www.webdo.tn\\\/fr\\\/\",\"logo\":{\"@type\":\"ImageObject\",\"inLanguage\":\"fr-FR\",\"@id\":\"https:\\\/\\\/www.webdo.tn\\\/fr\\\/#\\\/schema\\\/logo\\\/image\\\/\",\"url\":\"https:\\\/\\\/www.webdo.tn\\\/fr\\\/wp-content\\\/uploads\\\/2025\\\/06\\\/Webdo-Tunisie_168377.jpg\",\"contentUrl\":\"https:\\\/\\\/www.webdo.tn\\\/fr\\\/wp-content\\\/uploads\\\/2025\\\/06\\\/Webdo-Tunisie_168377.jpg\",\"width\":301,\"height\":301,\"caption\":\"Webdo\"},\"image\":{\"@id\":\"https:\\\/\\\/www.webdo.tn\\\/fr\\\/#\\\/schema\\\/logo\\\/image\\\/\"},\"sameAs\":[\"https:\\\/\\\/www.facebook.com\\\/webdotn\",\"https:\\\/\\\/x.com\\\/webdo_tn\"],\"description\":\"Webdo est un m\u00e9dia num\u00e9rique tunisien fond\u00e9 en 2010, sp\u00e9cialis\u00e9 dans l\u2019actualit\u00e9 nationale et internationale, l\u2019\u00e9conomie, la soci\u00e9t\u00e9 et les analyses politiques. Le site s\u2019adresse \u00e0 un large public francophone et couvre l\u2019information tunisienne en temps r\u00e9el.\",\"email\":\"redac@webdo.tn\",\"legalName\":\"YNJ SARL\",\"foundingDate\":\"2010-09-06\",\"numberOfEmployees\":{\"@type\":\"QuantitativeValue\",\"minValue\":\"11\",\"maxValue\":\"50\"}},{\"@type\":\"Person\",\"@id\":\"https:\\\/\\\/www.webdo.tn\\\/fr\\\/#\\\/schema\\\/person\\\/f35b42a42c5e2511bbd282959d6385cc\",\"name\":\"CL\",\"image\":{\"@type\":\"ImageObject\",\"inLanguage\":\"fr-FR\",\"@id\":\"https:\\\/\\\/secure.gravatar.com\\\/avatar\\\/1447a49909b67aa657c488aec6512e1dd6143a480c1ecfee9b5b5cd74eb3b59e?s=96&d=mm&r=g\",\"url\":\"https:\\\/\\\/secure.gravatar.com\\\/avatar\\\/1447a49909b67aa657c488aec6512e1dd6143a480c1ecfee9b5b5cd74eb3b59e?s=96&d=mm&r=g\",\"contentUrl\":\"https:\\\/\\\/secure.gravatar.com\\\/avatar\\\/1447a49909b67aa657c488aec6512e1dd6143a480c1ecfee9b5b5cd74eb3b59e?s=96&d=mm&r=g\",\"caption\":\"CL\"},\"url\":\"https:\\\/\\\/www.webdo.tn\\\/fr\\\/actualite\\\/author\\\/cl\\\/\"}]}<\/script>\n<!-- \/ Yoast SEO Premium plugin. -->","yoast_head_json":{"title":"Gab\u00e8s : Un ancien maire arr\u00eat\u00e9","description":"Un ancien maire de Gab\u00e8s a \u00e9t\u00e9 arr\u00eat\u00e9 dans la soir\u00e9e de ce vendredi 12 juillet 2024, a confirm\u00e9 Faouzi Dergham, procureur de la R\u00e9publique pr\u00e8s le tribunal de p...","canonical":"https:\/\/www.webdo.tn\/fr\/actualite\/regions\/gabes-un-ancien-maire-arrete\/215246\/","og_locale":"fr_FR","og_type":"article","og_title":"Gab\u00e8s : Un ancien maire arr\u00eat\u00e9","og_description":"Un ancien maire de Gab\u00e8s a \u00e9t\u00e9 arr\u00eat\u00e9 dans la soir\u00e9e de ce vendredi 12 juillet 2024, a confirm\u00e9 Faouzi Dergham, procureur de la R\u00e9publique pr\u00e8s le tribunal de p...","og_url":"https:\/\/www.webdo.tn\/fr\/actualite\/regions\/gabes-un-ancien-maire-arrete\/215246\/","og_site_name":"webdo","article_publisher":"https:\/\/www.facebook.com\/webdotn","article_published_time":"2024-07-12T21:32:00+00:00","article_modified_time":"2025-05-20T22:54:21+00:00","og_image":[{"width":680,"height":363,"url":"https:\/\/www.webdo.tn\/fr\/wp-content\/uploads\/2024\/07\/5e40b57a03ad3ee7cfd685ed1459ff69.webp","type":"image\/webp"}],"author":"CL","twitter_card":"summary_large_image","twitter_creator":"@webdo_tn","twitter_site":"@webdo_tn","twitter_misc":{"\u00c9crit par":"CL","Dur\u00e9e de lecture estim\u00e9e":"1 minute"},"schema":{"@context":"https:\/\/schema.org","@graph":[{"@type":"NewsArticle","@id":"https:\/\/www.webdo.tn\/fr\/actualite\/regions\/gabes-un-ancien-maire-arrete\/215246\/#article","isPartOf":{"@id":"https:\/\/www.webdo.tn\/fr\/actualite\/regions\/gabes-un-ancien-maire-arrete\/215246\/"},"author":{"name":"CL","@id":"https:\/\/www.webdo.tn\/fr\/#\/schema\/person\/f35b42a42c5e2511bbd282959d6385cc"},"headline":"Gab\u00e8s : Un ancien maire arr\u00eat\u00e9","datePublished":"2024-07-12T21:32:00+00:00","dateModified":"2025-05-20T22:54:21+00:00","mainEntityOfPage":{"@id":"https:\/\/www.webdo.tn\/fr\/actualite\/regions\/gabes-un-ancien-maire-arrete\/215246\/"},"wordCount":144,"commentCount":0,"publisher":{"@id":"https:\/\/www.webdo.tn\/fr\/#organization"},"image":{"@id":"https:\/\/www.webdo.tn\/fr\/actualite\/regions\/gabes-un-ancien-maire-arrete\/215246\/#primaryimage"},"thumbnailUrl":"https:\/\/www.webdo.tn\/fr\/wp-content\/uploads\/2024\/07\/5e40b57a03ad3ee7cfd685ed1459ff69.webp","keywords":["arrestation","corruption","gab\u00e8s","Maire","Tunisie"],"articleSection":["regions"],"inLanguage":"fr-FR"},{"@type":"WebPage","@id":"https:\/\/www.webdo.tn\/fr\/actualite\/regions\/gabes-un-ancien-maire-arrete\/215246\/","url":"https:\/\/www.webdo.tn\/fr\/actualite\/regions\/gabes-un-ancien-maire-arrete\/215246\/","name":"Gab\u00e8s : Un ancien maire arr\u00eat\u00e9","isPartOf":{"@id":"https:\/\/www.webdo.tn\/fr\/#website"},"primaryImageOfPage":{"@id":"https:\/\/www.webdo.tn\/fr\/actualite\/regions\/gabes-un-ancien-maire-arrete\/215246\/#primaryimage"},"image":{"@id":"https:\/\/www.webdo.tn\/fr\/actualite\/regions\/gabes-un-ancien-maire-arrete\/215246\/#primaryimage"},"thumbnailUrl":"https:\/\/www.webdo.tn\/fr\/wp-content\/uploads\/2024\/07\/5e40b57a03ad3ee7cfd685ed1459ff69.webp","datePublished":"2024-07-12T21:32:00+00:00","dateModified":"2025-05-20T22:54:21+00:00","description":"Un ancien maire de Gab\u00e8s a \u00e9t\u00e9 arr\u00eat\u00e9 dans la soir\u00e9e de ce vendredi 12 juillet 2024, a confirm\u00e9 Faouzi Dergham, procureur de la R\u00e9publique pr\u00e8s le tribunal de p...","breadcrumb":{"@id":"https:\/\/www.webdo.tn\/fr\/actualite\/regions\/gabes-un-ancien-maire-arrete\/215246\/#breadcrumb"},"inLanguage":"fr-FR","potentialAction":[{"@type":"ReadAction","target":["https:\/\/www.webdo.tn\/fr\/actualite\/regions\/gabes-un-ancien-maire-arrete\/215246\/"]}]},{"@type":"ImageObject","inLanguage":"fr-FR","@id":"https:\/\/www.webdo.tn\/fr\/actualite\/regions\/gabes-un-ancien-maire-arrete\/215246\/#primaryimage","url":"https:\/\/www.webdo.tn\/fr\/wp-content\/uploads\/2024\/07\/5e40b57a03ad3ee7cfd685ed1459ff69.webp","contentUrl":"https:\/\/www.webdo.tn\/fr\/wp-content\/uploads\/2024\/07\/5e40b57a03ad3ee7cfd685ed1459ff69.webp","width":680,"height":363,"caption":"Gab\u00e8s : Un ancien maire arr\u00eat\u00e9"},{"@type":"BreadcrumbList","@id":"https:\/\/www.webdo.tn\/fr\/actualite\/regions\/gabes-un-ancien-maire-arrete\/215246\/#breadcrumb","itemListElement":[{"@type":"ListItem","position":1,"name":"Accueil","item":"https:\/\/www.webdo.tn\/fr\/"},{"@type":"ListItem","position":2,"name":"Gab\u00e8s : Un ancien maire arr\u00eat\u00e9"}]},{"@type":"WebSite","@id":"https:\/\/www.webdo.tn\/fr\/#website","url":"https:\/\/www.webdo.tn\/fr\/","name":"webdo","description":"Tunisie - News en Tunisie et \u00e0 l&#039;international sur Webdo.tn","publisher":{"@id":"https:\/\/www.webdo.tn\/fr\/#organization"},"potentialAction":[{"@type":"SearchAction","target":{"@type":"EntryPoint","urlTemplate":"https:\/\/www.webdo.tn\/fr\/?s={search_term_string}"},"query-input":{"@type":"PropertyValueSpecification","valueRequired":true,"valueName":"search_term_string"}}],"inLanguage":"fr-FR"},{"@type":"Organization","@id":"https:\/\/www.webdo.tn\/fr\/#organization","name":"Webdo","alternateName":"Webdo.tn","url":"https:\/\/www.webdo.tn\/fr\/","logo":{"@type":"ImageObject","inLanguage":"fr-FR","@id":"https:\/\/www.webdo.tn\/fr\/#\/schema\/logo\/image\/","url":"https:\/\/www.webdo.tn\/fr\/wp-content\/uploads\/2025\/06\/Webdo-Tunisie_168377.jpg","contentUrl":"https:\/\/www.webdo.tn\/fr\/wp-content\/uploads\/2025\/06\/Webdo-Tunisie_168377.jpg","width":301,"height":301,"caption":"Webdo"},"image":{"@id":"https:\/\/www.webdo.tn\/fr\/#\/schema\/logo\/image\/"},"sameAs":["https:\/\/www.facebook.com\/webdotn","https:\/\/x.com\/webdo_tn"],"description":"Webdo est un m\u00e9dia num\u00e9rique tunisien fond\u00e9 en 2010, sp\u00e9cialis\u00e9 dans l\u2019actualit\u00e9 nationale et internationale, l\u2019\u00e9conomie, la soci\u00e9t\u00e9 et les analyses politiques. Le site s\u2019adresse \u00e0 un large public francophone et couvre l\u2019information tunisienne en temps r\u00e9el.","email":"redac@webdo.tn","legalName":"YNJ SARL","foundingDate":"2010-09-06","numberOfEmployees":{"@type":"QuantitativeValue","minValue":"11","maxValue":"50"}},{"@type":"Person","@id":"https:\/\/www.webdo.tn\/fr\/#\/schema\/person\/f35b42a42c5e2511bbd282959d6385cc","name":"CL","image":{"@type":"ImageObject","inLanguage":"fr-FR","@id":"https:\/\/secure.gravatar.com\/avatar\/1447a49909b67aa657c488aec6512e1dd6143a480c1ecfee9b5b5cd74eb3b59e?s=96&d=mm&r=g","url":"https:\/\/secure.gravatar.com\/avatar\/1447a49909b67aa657c488aec6512e1dd6143a480c1ecfee9b5b5cd74eb3b59e?s=96&d=mm&r=g","contentUrl":"https:\/\/secure.gravatar.com\/avatar\/1447a49909b67aa657c488aec6512e1dd6143a480c1ecfee9b5b5cd74eb3b59e?s=96&d=mm&r=g","caption":"CL"},"url":"https:\/\/www.webdo.tn\/fr\/actualite\/author\/cl\/"}]}},"_links":{"self":[{"href":"https:\/\/www.webdo.tn\/fr\/wp-json\/wp\/v2\/posts\/215246","targetHints":{"allow":["GET"]}}],"collection":[{"href":"https:\/\/www.webdo.tn\/fr\/wp-json\/wp\/v2\/posts"}],"about":[{"href":"https:\/\/www.webdo.tn\/fr\/wp-json\/wp\/v2\/types\/post"}],"author":[{"embeddable":true,"href":"https:\/\/www.webdo.tn\/fr\/wp-json\/wp\/v2\/users\/3175"}],"replies":[{"embeddable":true,"href":"https:\/\/www.webdo.tn\/fr\/wp-json\/wp\/v2\/comments?post=215246"}],"version-history":[{"count":0,"href":"https:\/\/www.webdo.tn\/fr\/wp-json\/wp\/v2\/posts\/215246\/revisions"}],"wp:featuredmedia":[{"embeddable":true,"href":"https:\/\/www.webdo.tn\/fr\/wp-json\/wp\/v2\/media\/290834"}],"wp:attachment":[{"href":"https:\/\/www.webdo.tn\/fr\/wp-json\/wp\/v2\/media?parent=215246"}],"wp:term":[{"taxonomy":"category","embeddable":true,"href":"https:\/\/www.webdo.tn\/fr\/wp-json\/wp\/v2\/categories?post=215246"},{"taxonomy":"post_tag","embeddable":true,"href":"https:\/\/www.webdo.tn\/fr\/wp-json\/wp\/v2\/tags?post=215246"}],"curies":[{"name":"wp","href":"https:\/\/api.w.org\/{rel}","templated":true}]}}