{"id":215245,"date":"2024-07-12T20:49:00","date_gmt":"2024-07-12T20:49:00","guid":{"rendered":"https:\/\/www.webdo.tn\/fr\/blog\/migration-kais-saied-se-rend-a-jebeniana-et-a-el-amra\/215245\/"},"modified":"2025-05-20T22:54:20","modified_gmt":"2025-05-20T22:54:20","slug":"migration-kais-saied-se-rend-a-jebeniana-et-a-el-amra","status":"publish","type":"post","link":"https:\/\/www.webdo.tn\/fr\/actualite\/national\/migration-kais-saied-se-rend-a-jebeniana-et-a-el-amra\/215245\/","title":{"rendered":"Migration : Kais Saied se rend \u00e0 Jebeniana et \u00e0 El Amra"},"content":{"rendered":"<p>Le pr\u00e9sident de la R\u00e9publique s\u2019est rendu aujourd\u2019hui dans les d\u00e9l\u00e9gations de Jebeniana et d\u2019El Amra, qui abritent une importante communaut\u00e9 de Subsahariens.<\/p>\n<p>\t\t\t\t\t\t\t\t\tLe pr\u00e9sident de la R\u00e9publique s\u2019est rendu, ce vendredi 12 juillet 2024, dans les deux d\u00e9l\u00e9gations de Jebeniana et d\u2019El Amra du gouvernorat de Sfax, qui abritent une importante communaut\u00e9 de Subsahariens.<\/p>\n<p>Une vive tension s\u00e9vit dans ces deux d\u00e9l\u00e9gations o\u00f9 des habitants, des syndicalistes et des activistes de la soci\u00e9t\u00e9 civile ont exprim\u00e9 leur col\u00e8re dimanche dernier et menac\u00e9 d\u2019organiser une gr\u00e8ve g\u00e9n\u00e9rale r\u00e9gionale.<\/p>\n<p>Une importante communaut\u00e9 de migrants subsahariens s\u2019est install\u00e9e dans ces deux d\u00e9l\u00e9gations o\u00f9 des actes de violence \u00e9clatent souvent en raison des tensions existantes.<br \/>\n\u00a0<br \/>\nTout en \u00e9voquant les diff\u00e9rends entre les habitants et les immigr\u00e9s, le Chef de l\u2019Etat a rappel\u00e9 que la Tunisie traite les migrants irr\u00e9guliers de mani\u00e8re humaniste.<\/p>\n<p>Rappelons qu&rsquo;en mai dernier\u00a0 des affrontements avaient entre des migrants subsahariens, faisant plusieurs bless\u00e9s \u00e0 Al-Hamaizia de la d\u00e9l\u00e9gation d\u2019Al-Amra. Ces actes de violence avaient fait plusieurs bless\u00e9s parmi les migrants subsahariens dont certains ont d\u00fb \u00eatre transf\u00e9r\u00e9s au CHU Habib Bourguiba de Sfax.<\/p>\n","protected":false},"excerpt":{"rendered":"<p>Le pr\u00e9sident de la R\u00e9publique s\u2019est rendu, ce vendredi 12 juillet 2024, dans les deux d\u00e9l\u00e9gations de Jebeniana et d\u2019El Amra du gouvernorat de Sfax, qui abritent&#8230;<\/p>\n","protected":false},"author":3175,"featured_media":290833,"comment_status":"open","ping_status":"closed","sticky":false,"template":"","format":"standard","meta":{"footnotes":""},"categories":[44],"tags":[10313,10314,2614,2894,2675],"class_list":["post-215245","post","type-post","status-publish","format-standard","has-post-thumbnail","hentry","category-national","tag-el-amra","tag-jebeniana","tag-kais-saied","tag-migrants","tag-sfax"],"yoast_head":"<!-- This site is optimized with the Yoast SEO Premium plugin v27.4 (Yoast SEO v27.5) - https:\/\/yoast.com\/product\/yoast-seo-premium-wordpress\/ -->\n<title>Migration : Kais Saied se rend \u00e0 Jebeniana et \u00e0 El Amra<\/title>\n<meta name=\"description\" content=\"Le pr\u00e9sident de la R\u00e9publique s\u2019est rendu, ce vendredi 12 juillet 2024, dans les deux d\u00e9l\u00e9gations de Jebeniana et d\u2019El Amra du gouvernorat de Sfax, qui abritent...\" \/>\n<link rel=\"canonical\" href=\"https:\/\/www.webdo.tn\/fr\/actualite\/national\/migration-kais-saied-se-rend-a-jebeniana-et-a-el-amra\/215245\/\" \/>\n<meta property=\"og:locale\" content=\"fr_FR\" \/>\n<meta property=\"og:type\" content=\"article\" \/>\n<meta property=\"og:title\" content=\"Migration : Kais Saied se rend \u00e0 Jebeniana et \u00e0 El Amra\" \/>\n<meta property=\"og:description\" content=\"Le pr\u00e9sident de la R\u00e9publique s\u2019est rendu, ce vendredi 12 juillet 2024, dans les deux d\u00e9l\u00e9gations de Jebeniana et d\u2019El Amra du gouvernorat de Sfax, qui abritent...\" \/>\n<meta property=\"og:url\" content=\"https:\/\/www.webdo.tn\/fr\/actualite\/national\/migration-kais-saied-se-rend-a-jebeniana-et-a-el-amra\/215245\/\" \/>\n<meta property=\"og:site_name\" content=\"webdo\" \/>\n<meta property=\"article:publisher\" content=\"https:\/\/www.facebook.com\/webdotn\" \/>\n<meta property=\"article:published_time\" content=\"2024-07-12T20:49:00+00:00\" \/>\n<meta property=\"article:modified_time\" content=\"2025-05-20T22:54:20+00:00\" \/>\n<meta property=\"og:image\" content=\"https:\/\/www.webdo.tn\/fr\/wp-content\/uploads\/2024\/07\/e3f9cc2f57eaa4346efd8411de20772f.webp\" \/>\n\t<meta property=\"og:image:width\" content=\"750\" \/>\n\t<meta property=\"og:image:height\" content=\"400\" \/>\n\t<meta property=\"og:image:type\" content=\"image\/webp\" \/>\n<meta name=\"author\" content=\"CL\" \/>\n<meta name=\"twitter:card\" content=\"summary_large_image\" \/>\n<meta name=\"twitter:creator\" content=\"@webdo_tn\" \/>\n<meta name=\"twitter:site\" content=\"@webdo_tn\" \/>\n<meta name=\"twitter:label1\" content=\"\u00c9crit par\" \/>\n\t<meta name=\"twitter:data1\" content=\"CL\" \/>\n\t<meta name=\"twitter:label2\" content=\"Dur\u00e9e de lecture estim\u00e9e\" \/>\n\t<meta name=\"twitter:data2\" content=\"1 minute\" \/>\n<script type=\"application\/ld+json\" class=\"yoast-schema-graph\">{\"@context\":\"https:\\\/\\\/schema.org\",\"@graph\":[{\"@type\":\"NewsArticle\",\"@id\":\"https:\\\/\\\/www.webdo.tn\\\/fr\\\/actualite\\\/national\\\/migration-kais-saied-se-rend-a-jebeniana-et-a-el-amra\\\/215245\\\/#article\",\"isPartOf\":{\"@id\":\"https:\\\/\\\/www.webdo.tn\\\/fr\\\/actualite\\\/national\\\/migration-kais-saied-se-rend-a-jebeniana-et-a-el-amra\\\/215245\\\/\"},\"author\":{\"name\":\"CL\",\"@id\":\"https:\\\/\\\/www.webdo.tn\\\/fr\\\/#\\\/schema\\\/person\\\/f35b42a42c5e2511bbd282959d6385cc\"},\"headline\":\"Migration : Kais Saied se rend \u00e0 Jebeniana et \u00e0 El Amra\",\"datePublished\":\"2024-07-12T20:49:00+00:00\",\"dateModified\":\"2025-05-20T22:54:20+00:00\",\"mainEntityOfPage\":{\"@id\":\"https:\\\/\\\/www.webdo.tn\\\/fr\\\/actualite\\\/national\\\/migration-kais-saied-se-rend-a-jebeniana-et-a-el-amra\\\/215245\\\/\"},\"wordCount\":229,\"commentCount\":0,\"publisher\":{\"@id\":\"https:\\\/\\\/www.webdo.tn\\\/fr\\\/#organization\"},\"image\":{\"@id\":\"https:\\\/\\\/www.webdo.tn\\\/fr\\\/actualite\\\/national\\\/migration-kais-saied-se-rend-a-jebeniana-et-a-el-amra\\\/215245\\\/#primaryimage\"},\"thumbnailUrl\":\"https:\\\/\\\/www.webdo.tn\\\/fr\\\/wp-content\\\/uploads\\\/2024\\\/07\\\/e3f9cc2f57eaa4346efd8411de20772f.webp\",\"keywords\":[\"'el amra'\",\"'jebeniana']\",\"Kais Saied\",\"migrants\",\"Sfax\"],\"articleSection\":[\"National\"],\"inLanguage\":\"fr-FR\"},{\"@type\":\"WebPage\",\"@id\":\"https:\\\/\\\/www.webdo.tn\\\/fr\\\/actualite\\\/national\\\/migration-kais-saied-se-rend-a-jebeniana-et-a-el-amra\\\/215245\\\/\",\"url\":\"https:\\\/\\\/www.webdo.tn\\\/fr\\\/actualite\\\/national\\\/migration-kais-saied-se-rend-a-jebeniana-et-a-el-amra\\\/215245\\\/\",\"name\":\"Migration : Kais Saied se rend \u00e0 Jebeniana et \u00e0 El Amra\",\"isPartOf\":{\"@id\":\"https:\\\/\\\/www.webdo.tn\\\/fr\\\/#website\"},\"primaryImageOfPage\":{\"@id\":\"https:\\\/\\\/www.webdo.tn\\\/fr\\\/actualite\\\/national\\\/migration-kais-saied-se-rend-a-jebeniana-et-a-el-amra\\\/215245\\\/#primaryimage\"},\"image\":{\"@id\":\"https:\\\/\\\/www.webdo.tn\\\/fr\\\/actualite\\\/national\\\/migration-kais-saied-se-rend-a-jebeniana-et-a-el-amra\\\/215245\\\/#primaryimage\"},\"thumbnailUrl\":\"https:\\\/\\\/www.webdo.tn\\\/fr\\\/wp-content\\\/uploads\\\/2024\\\/07\\\/e3f9cc2f57eaa4346efd8411de20772f.webp\",\"datePublished\":\"2024-07-12T20:49:00+00:00\",\"dateModified\":\"2025-05-20T22:54:20+00:00\",\"description\":\"Le pr\u00e9sident de la R\u00e9publique s\u2019est rendu, ce vendredi 12 juillet 2024, dans les deux d\u00e9l\u00e9gations de Jebeniana et d\u2019El Amra du gouvernorat de Sfax, qui abritent...\",\"breadcrumb\":{\"@id\":\"https:\\\/\\\/www.webdo.tn\\\/fr\\\/actualite\\\/national\\\/migration-kais-saied-se-rend-a-jebeniana-et-a-el-amra\\\/215245\\\/#breadcrumb\"},\"inLanguage\":\"fr-FR\",\"potentialAction\":[{\"@type\":\"ReadAction\",\"target\":[\"https:\\\/\\\/www.webdo.tn\\\/fr\\\/actualite\\\/national\\\/migration-kais-saied-se-rend-a-jebeniana-et-a-el-amra\\\/215245\\\/\"]}]},{\"@type\":\"ImageObject\",\"inLanguage\":\"fr-FR\",\"@id\":\"https:\\\/\\\/www.webdo.tn\\\/fr\\\/actualite\\\/national\\\/migration-kais-saied-se-rend-a-jebeniana-et-a-el-amra\\\/215245\\\/#primaryimage\",\"url\":\"https:\\\/\\\/www.webdo.tn\\\/fr\\\/wp-content\\\/uploads\\\/2024\\\/07\\\/e3f9cc2f57eaa4346efd8411de20772f.webp\",\"contentUrl\":\"https:\\\/\\\/www.webdo.tn\\\/fr\\\/wp-content\\\/uploads\\\/2024\\\/07\\\/e3f9cc2f57eaa4346efd8411de20772f.webp\",\"width\":750,\"height\":400,\"caption\":\"Migration : Kais Saied se rend \u00e0 Jebeniana et \u00e0 El Amra\"},{\"@type\":\"BreadcrumbList\",\"@id\":\"https:\\\/\\\/www.webdo.tn\\\/fr\\\/actualite\\\/national\\\/migration-kais-saied-se-rend-a-jebeniana-et-a-el-amra\\\/215245\\\/#breadcrumb\",\"itemListElement\":[{\"@type\":\"ListItem\",\"position\":1,\"name\":\"Accueil\",\"item\":\"https:\\\/\\\/www.webdo.tn\\\/fr\\\/\"},{\"@type\":\"ListItem\",\"position\":2,\"name\":\"Migration : Kais Saied se rend \u00e0 Jebeniana et \u00e0 El Amra\"}]},{\"@type\":\"WebSite\",\"@id\":\"https:\\\/\\\/www.webdo.tn\\\/fr\\\/#website\",\"url\":\"https:\\\/\\\/www.webdo.tn\\\/fr\\\/\",\"name\":\"webdo\",\"description\":\"Tunisie - News en Tunisie et \u00e0 l&#039;international sur Webdo.tn\",\"publisher\":{\"@id\":\"https:\\\/\\\/www.webdo.tn\\\/fr\\\/#organization\"},\"potentialAction\":[{\"@type\":\"SearchAction\",\"target\":{\"@type\":\"EntryPoint\",\"urlTemplate\":\"https:\\\/\\\/www.webdo.tn\\\/fr\\\/?s={search_term_string}\"},\"query-input\":{\"@type\":\"PropertyValueSpecification\",\"valueRequired\":true,\"valueName\":\"search_term_string\"}}],\"inLanguage\":\"fr-FR\"},{\"@type\":\"Organization\",\"@id\":\"https:\\\/\\\/www.webdo.tn\\\/fr\\\/#organization\",\"name\":\"Webdo\",\"alternateName\":\"Webdo.tn\",\"url\":\"https:\\\/\\\/www.webdo.tn\\\/fr\\\/\",\"logo\":{\"@type\":\"ImageObject\",\"inLanguage\":\"fr-FR\",\"@id\":\"https:\\\/\\\/www.webdo.tn\\\/fr\\\/#\\\/schema\\\/logo\\\/image\\\/\",\"url\":\"https:\\\/\\\/www.webdo.tn\\\/fr\\\/wp-content\\\/uploads\\\/2025\\\/06\\\/Webdo-Tunisie_168377.jpg\",\"contentUrl\":\"https:\\\/\\\/www.webdo.tn\\\/fr\\\/wp-content\\\/uploads\\\/2025\\\/06\\\/Webdo-Tunisie_168377.jpg\",\"width\":301,\"height\":301,\"caption\":\"Webdo\"},\"image\":{\"@id\":\"https:\\\/\\\/www.webdo.tn\\\/fr\\\/#\\\/schema\\\/logo\\\/image\\\/\"},\"sameAs\":[\"https:\\\/\\\/www.facebook.com\\\/webdotn\",\"https:\\\/\\\/x.com\\\/webdo_tn\"],\"description\":\"Webdo est un m\u00e9dia num\u00e9rique tunisien fond\u00e9 en 2010, sp\u00e9cialis\u00e9 dans l\u2019actualit\u00e9 nationale et internationale, l\u2019\u00e9conomie, la soci\u00e9t\u00e9 et les analyses politiques. Le site s\u2019adresse \u00e0 un large public francophone et couvre l\u2019information tunisienne en temps r\u00e9el.\",\"email\":\"redac@webdo.tn\",\"legalName\":\"YNJ SARL\",\"foundingDate\":\"2010-09-06\",\"numberOfEmployees\":{\"@type\":\"QuantitativeValue\",\"minValue\":\"11\",\"maxValue\":\"50\"}},{\"@type\":\"Person\",\"@id\":\"https:\\\/\\\/www.webdo.tn\\\/fr\\\/#\\\/schema\\\/person\\\/f35b42a42c5e2511bbd282959d6385cc\",\"name\":\"CL\",\"image\":{\"@type\":\"ImageObject\",\"inLanguage\":\"fr-FR\",\"@id\":\"https:\\\/\\\/secure.gravatar.com\\\/avatar\\\/1447a49909b67aa657c488aec6512e1dd6143a480c1ecfee9b5b5cd74eb3b59e?s=96&d=mm&r=g\",\"url\":\"https:\\\/\\\/secure.gravatar.com\\\/avatar\\\/1447a49909b67aa657c488aec6512e1dd6143a480c1ecfee9b5b5cd74eb3b59e?s=96&d=mm&r=g\",\"contentUrl\":\"https:\\\/\\\/secure.gravatar.com\\\/avatar\\\/1447a49909b67aa657c488aec6512e1dd6143a480c1ecfee9b5b5cd74eb3b59e?s=96&d=mm&r=g\",\"caption\":\"CL\"},\"url\":\"https:\\\/\\\/www.webdo.tn\\\/fr\\\/actualite\\\/author\\\/cl\\\/\"}]}<\/script>\n<!-- \/ Yoast SEO Premium plugin. -->","yoast_head_json":{"title":"Migration : Kais Saied se rend \u00e0 Jebeniana et \u00e0 El Amra","description":"Le pr\u00e9sident de la R\u00e9publique s\u2019est rendu, ce vendredi 12 juillet 2024, dans les deux d\u00e9l\u00e9gations de Jebeniana et d\u2019El Amra du gouvernorat de Sfax, qui abritent...","canonical":"https:\/\/www.webdo.tn\/fr\/actualite\/national\/migration-kais-saied-se-rend-a-jebeniana-et-a-el-amra\/215245\/","og_locale":"fr_FR","og_type":"article","og_title":"Migration : Kais Saied se rend \u00e0 Jebeniana et \u00e0 El Amra","og_description":"Le pr\u00e9sident de la R\u00e9publique s\u2019est rendu, ce vendredi 12 juillet 2024, dans les deux d\u00e9l\u00e9gations de Jebeniana et d\u2019El Amra du gouvernorat de Sfax, qui abritent...","og_url":"https:\/\/www.webdo.tn\/fr\/actualite\/national\/migration-kais-saied-se-rend-a-jebeniana-et-a-el-amra\/215245\/","og_site_name":"webdo","article_publisher":"https:\/\/www.facebook.com\/webdotn","article_published_time":"2024-07-12T20:49:00+00:00","article_modified_time":"2025-05-20T22:54:20+00:00","og_image":[{"width":750,"height":400,"url":"https:\/\/www.webdo.tn\/fr\/wp-content\/uploads\/2024\/07\/e3f9cc2f57eaa4346efd8411de20772f.webp","type":"image\/webp"}],"author":"CL","twitter_card":"summary_large_image","twitter_creator":"@webdo_tn","twitter_site":"@webdo_tn","twitter_misc":{"\u00c9crit par":"CL","Dur\u00e9e de lecture estim\u00e9e":"1 minute"},"schema":{"@context":"https:\/\/schema.org","@graph":[{"@type":"NewsArticle","@id":"https:\/\/www.webdo.tn\/fr\/actualite\/national\/migration-kais-saied-se-rend-a-jebeniana-et-a-el-amra\/215245\/#article","isPartOf":{"@id":"https:\/\/www.webdo.tn\/fr\/actualite\/national\/migration-kais-saied-se-rend-a-jebeniana-et-a-el-amra\/215245\/"},"author":{"name":"CL","@id":"https:\/\/www.webdo.tn\/fr\/#\/schema\/person\/f35b42a42c5e2511bbd282959d6385cc"},"headline":"Migration : Kais Saied se rend \u00e0 Jebeniana et \u00e0 El Amra","datePublished":"2024-07-12T20:49:00+00:00","dateModified":"2025-05-20T22:54:20+00:00","mainEntityOfPage":{"@id":"https:\/\/www.webdo.tn\/fr\/actualite\/national\/migration-kais-saied-se-rend-a-jebeniana-et-a-el-amra\/215245\/"},"wordCount":229,"commentCount":0,"publisher":{"@id":"https:\/\/www.webdo.tn\/fr\/#organization"},"image":{"@id":"https:\/\/www.webdo.tn\/fr\/actualite\/national\/migration-kais-saied-se-rend-a-jebeniana-et-a-el-amra\/215245\/#primaryimage"},"thumbnailUrl":"https:\/\/www.webdo.tn\/fr\/wp-content\/uploads\/2024\/07\/e3f9cc2f57eaa4346efd8411de20772f.webp","keywords":["'el amra'","'jebeniana']","Kais Saied","migrants","Sfax"],"articleSection":["National"],"inLanguage":"fr-FR"},{"@type":"WebPage","@id":"https:\/\/www.webdo.tn\/fr\/actualite\/national\/migration-kais-saied-se-rend-a-jebeniana-et-a-el-amra\/215245\/","url":"https:\/\/www.webdo.tn\/fr\/actualite\/national\/migration-kais-saied-se-rend-a-jebeniana-et-a-el-amra\/215245\/","name":"Migration : Kais Saied se rend \u00e0 Jebeniana et \u00e0 El Amra","isPartOf":{"@id":"https:\/\/www.webdo.tn\/fr\/#website"},"primaryImageOfPage":{"@id":"https:\/\/www.webdo.tn\/fr\/actualite\/national\/migration-kais-saied-se-rend-a-jebeniana-et-a-el-amra\/215245\/#primaryimage"},"image":{"@id":"https:\/\/www.webdo.tn\/fr\/actualite\/national\/migration-kais-saied-se-rend-a-jebeniana-et-a-el-amra\/215245\/#primaryimage"},"thumbnailUrl":"https:\/\/www.webdo.tn\/fr\/wp-content\/uploads\/2024\/07\/e3f9cc2f57eaa4346efd8411de20772f.webp","datePublished":"2024-07-12T20:49:00+00:00","dateModified":"2025-05-20T22:54:20+00:00","description":"Le pr\u00e9sident de la R\u00e9publique s\u2019est rendu, ce vendredi 12 juillet 2024, dans les deux d\u00e9l\u00e9gations de Jebeniana et d\u2019El Amra du gouvernorat de Sfax, qui abritent...","breadcrumb":{"@id":"https:\/\/www.webdo.tn\/fr\/actualite\/national\/migration-kais-saied-se-rend-a-jebeniana-et-a-el-amra\/215245\/#breadcrumb"},"inLanguage":"fr-FR","potentialAction":[{"@type":"ReadAction","target":["https:\/\/www.webdo.tn\/fr\/actualite\/national\/migration-kais-saied-se-rend-a-jebeniana-et-a-el-amra\/215245\/"]}]},{"@type":"ImageObject","inLanguage":"fr-FR","@id":"https:\/\/www.webdo.tn\/fr\/actualite\/national\/migration-kais-saied-se-rend-a-jebeniana-et-a-el-amra\/215245\/#primaryimage","url":"https:\/\/www.webdo.tn\/fr\/wp-content\/uploads\/2024\/07\/e3f9cc2f57eaa4346efd8411de20772f.webp","contentUrl":"https:\/\/www.webdo.tn\/fr\/wp-content\/uploads\/2024\/07\/e3f9cc2f57eaa4346efd8411de20772f.webp","width":750,"height":400,"caption":"Migration : Kais Saied se rend \u00e0 Jebeniana et \u00e0 El Amra"},{"@type":"BreadcrumbList","@id":"https:\/\/www.webdo.tn\/fr\/actualite\/national\/migration-kais-saied-se-rend-a-jebeniana-et-a-el-amra\/215245\/#breadcrumb","itemListElement":[{"@type":"ListItem","position":1,"name":"Accueil","item":"https:\/\/www.webdo.tn\/fr\/"},{"@type":"ListItem","position":2,"name":"Migration : Kais Saied se rend \u00e0 Jebeniana et \u00e0 El Amra"}]},{"@type":"WebSite","@id":"https:\/\/www.webdo.tn\/fr\/#website","url":"https:\/\/www.webdo.tn\/fr\/","name":"webdo","description":"Tunisie - News en Tunisie et \u00e0 l&#039;international sur Webdo.tn","publisher":{"@id":"https:\/\/www.webdo.tn\/fr\/#organization"},"potentialAction":[{"@type":"SearchAction","target":{"@type":"EntryPoint","urlTemplate":"https:\/\/www.webdo.tn\/fr\/?s={search_term_string}"},"query-input":{"@type":"PropertyValueSpecification","valueRequired":true,"valueName":"search_term_string"}}],"inLanguage":"fr-FR"},{"@type":"Organization","@id":"https:\/\/www.webdo.tn\/fr\/#organization","name":"Webdo","alternateName":"Webdo.tn","url":"https:\/\/www.webdo.tn\/fr\/","logo":{"@type":"ImageObject","inLanguage":"fr-FR","@id":"https:\/\/www.webdo.tn\/fr\/#\/schema\/logo\/image\/","url":"https:\/\/www.webdo.tn\/fr\/wp-content\/uploads\/2025\/06\/Webdo-Tunisie_168377.jpg","contentUrl":"https:\/\/www.webdo.tn\/fr\/wp-content\/uploads\/2025\/06\/Webdo-Tunisie_168377.jpg","width":301,"height":301,"caption":"Webdo"},"image":{"@id":"https:\/\/www.webdo.tn\/fr\/#\/schema\/logo\/image\/"},"sameAs":["https:\/\/www.facebook.com\/webdotn","https:\/\/x.com\/webdo_tn"],"description":"Webdo est un m\u00e9dia num\u00e9rique tunisien fond\u00e9 en 2010, sp\u00e9cialis\u00e9 dans l\u2019actualit\u00e9 nationale et internationale, l\u2019\u00e9conomie, la soci\u00e9t\u00e9 et les analyses politiques. Le site s\u2019adresse \u00e0 un large public francophone et couvre l\u2019information tunisienne en temps r\u00e9el.","email":"redac@webdo.tn","legalName":"YNJ SARL","foundingDate":"2010-09-06","numberOfEmployees":{"@type":"QuantitativeValue","minValue":"11","maxValue":"50"}},{"@type":"Person","@id":"https:\/\/www.webdo.tn\/fr\/#\/schema\/person\/f35b42a42c5e2511bbd282959d6385cc","name":"CL","image":{"@type":"ImageObject","inLanguage":"fr-FR","@id":"https:\/\/secure.gravatar.com\/avatar\/1447a49909b67aa657c488aec6512e1dd6143a480c1ecfee9b5b5cd74eb3b59e?s=96&d=mm&r=g","url":"https:\/\/secure.gravatar.com\/avatar\/1447a49909b67aa657c488aec6512e1dd6143a480c1ecfee9b5b5cd74eb3b59e?s=96&d=mm&r=g","contentUrl":"https:\/\/secure.gravatar.com\/avatar\/1447a49909b67aa657c488aec6512e1dd6143a480c1ecfee9b5b5cd74eb3b59e?s=96&d=mm&r=g","caption":"CL"},"url":"https:\/\/www.webdo.tn\/fr\/actualite\/author\/cl\/"}]}},"_links":{"self":[{"href":"https:\/\/www.webdo.tn\/fr\/wp-json\/wp\/v2\/posts\/215245","targetHints":{"allow":["GET"]}}],"collection":[{"href":"https:\/\/www.webdo.tn\/fr\/wp-json\/wp\/v2\/posts"}],"about":[{"href":"https:\/\/www.webdo.tn\/fr\/wp-json\/wp\/v2\/types\/post"}],"author":[{"embeddable":true,"href":"https:\/\/www.webdo.tn\/fr\/wp-json\/wp\/v2\/users\/3175"}],"replies":[{"embeddable":true,"href":"https:\/\/www.webdo.tn\/fr\/wp-json\/wp\/v2\/comments?post=215245"}],"version-history":[{"count":0,"href":"https:\/\/www.webdo.tn\/fr\/wp-json\/wp\/v2\/posts\/215245\/revisions"}],"wp:featuredmedia":[{"embeddable":true,"href":"https:\/\/www.webdo.tn\/fr\/wp-json\/wp\/v2\/media\/290833"}],"wp:attachment":[{"href":"https:\/\/www.webdo.tn\/fr\/wp-json\/wp\/v2\/media?parent=215245"}],"wp:term":[{"taxonomy":"category","embeddable":true,"href":"https:\/\/www.webdo.tn\/fr\/wp-json\/wp\/v2\/categories?post=215245"},{"taxonomy":"post_tag","embeddable":true,"href":"https:\/\/www.webdo.tn\/fr\/wp-json\/wp\/v2\/tags?post=215245"}],"curies":[{"name":"wp","href":"https:\/\/api.w.org\/{rel}","templated":true}]}}